{"id":10742,"date":"2015-11-26T17:20:13","date_gmt":"2015-11-26T17:20:13","guid":{"rendered":"http:\/\/www.psol50.org.br\/?p=10742"},"modified":"2015-11-26T17:20:13","modified_gmt":"2015-11-26T17:20:13","slug":"manifestantes-sao-presos-na-camara-e-lideranca-do-psol-cercada-pela-policia-legislativa","status":"publish","type":"post","link":"https:\/\/psol50.org.br\/manifestantes-sao-presos-na-camara-e-lideranca-do-psol-cercada-pela-policia-legislativa\/","title":{"rendered":"Manifestantes s\u00e3o presos na C\u00e2mara e Lideran\u00e7a do PSOL cercada pela Pol\u00edcia Legislativa"},"content":{"rendered":"<p>No in\u00edcio da tarde desta quarta-feira (25), manifestantes fizeram um protesto na C\u00e2mara dos Deputados contra a mineradora Vale e a trag\u00e9dia ocorrida em Mariana-MG. Durante o ato, os jovens repudiaram o novo c\u00f3digo de minera\u00e7\u00e3o e denunciaram que os verdadeiros terroristas \u2013 fazendo refer\u00eancia ao PL antiterrorismo (Projeto de Lei 2016\/2015) \u2013 s\u00e3o as empresas mineradoras como Vale, Samarco, que priorizam o lucro em detrimento da vida.<br \/>\nCom extrema viol\u00eancia, o Departamento de Pol\u00edcia Legislativa (DEPOL) prendeu os manifestantes e, em seguida, cercou a sala da Lideran\u00e7a do PSOL, para onde alguns jornalistas, de movimentos sociais que cobriam o ato, se refugiaram com medo.<br \/>\nOs deputados Ivan Valente e Chico Alencar repudiaram a a\u00e7\u00e3o do DEPOL e acompanharam os jovens presos, a fim de garantir a integridade f\u00edsica dos mesmos.<br \/>\nSemanas ap\u00f3s o maior crime ambiental da hist\u00f3ria do pa\u00eds, a Vale e a Samarco ainda n\u00e3o foram penalizadas, mas os jovens que fizeram uma interven\u00e7\u00e3o pac\u00edfica na C\u00e2mara ser\u00e3o enquadrados na lei de crime ambiental por picha\u00e7\u00e3o do patrim\u00f4nio p\u00fablico. Quanta ironia!<br \/>\nOs parlamentares do PSOL, apoiados por deputadas do PCdoB (cuja lideran\u00e7a fica ao lado) exigiram a sa\u00edda dos cerca de 20 policiais que cercaram a lideran\u00e7a do partido \u2013 com o objetivo de prender mais jovens \u2013 e denunciaram o absurdo que \u00e9 a presen\u00e7a policial ostensiva numa lideran\u00e7a partid\u00e1ria.<br \/>\n&#8220;Isso \u00e9 inadmiss\u00edvel. Tanto a trucul\u00eancia da Pol\u00edcia Legislativa contra os manifestantes, quanto o cerco feito em nossa lideran\u00e7a. A pol\u00edcia de Cunha n\u00e3o nos intimidar\u00e1&#8221;, afirmou Ivan.<br \/>\n\u00c0 BBC Brasil, Chico Alencar classificou como &#8220;paradoxo&#8221; a pris\u00e3o por crime ambiental de manifestantes que criticavam o derramamento de lama.<br \/>\n&#8220;A gente vive na C\u00e2mara dos Deputados do Brasil um tempo de invers\u00e3o absoluta de valores&#8221;, diz. &#8220;Que paradoxo total \u00e9 esse? Quem vem se manifestar na casa do povo acaba sendo detido sob acusa\u00e7\u00e3o de crime ambiental. Mas os respons\u00e1veis pelo mar de lama da Samarco e da Vale, que vitimou diretamente 22 pessoas, incluindo os 11 desaparecidos, e os todos os danos ao rio Doce, chegando ao oceano Atl\u00e2ntico, continuam soltos\u201d.<br \/>\n<em>Com informa\u00e7\u00f5es do mandato deputado Ivan Valente e da BBC Brasil<\/em><\/p>\n","protected":false},"excerpt":{"rendered":"<p>No in\u00edcio da tarde desta quarta-feira (25), manifestantes fizeram um protesto na C\u00e2mara dos Deputados contra a mineradora Vale e a trag\u00e9dia ocorrida em Mariana-MG. Durante o ato, os jovens repudiaram o novo c\u00f3digo de minera\u00e7\u00e3o e denunciaram que os verdadeiros terroristas \u2013 fazendo refer\u00eancia ao PL antiterrorismo (Projeto de Lei 2016\/2015) \u2013 s\u00e3o as [&hellip;]<\/p>\n","protected":false},"author":2,"featured_media":10743,"comment_status":"open","ping_status":"open","sticky":false,"template":"","format":"standard","meta":{"_acf_changed":false,"footnotes":""},"categories":[10,1882,1104,6],"tags":[709,1680,552,788,1872,3121,2782,122],"class_list":{"0":"post-10742","1":"post","2":"type-post","3":"status-publish","4":"format-standard","5":"has-post-thumbnail","7":"category-acao-parlamentares","8":"category-brasil","9":"category-movimento","10":"category-noticias","11":"tag-camara-dos-deputados","12":"tag-chico-alencar","13":"tag-ivan-valente","14":"tag-manifestantes","15":"tag-mariana","16":"tag-policia-legislativa","17":"tag-samarco","18":"tag-vale"},"acf":[],"yoast_head":"<!-- This site is optimized with the Yoast SEO plugin v26.5 - https:\/\/yoast.com\/wordpress\/plugins\/seo\/ -->\n<title>Manifestantes s\u00e3o presos na C\u00e2mara e Lideran\u00e7a do PSOL cercada pela Pol\u00edcia Legislativa - PSOL 50<\/title>\n<meta name=\"robots\" content=\"index, follow, max-snippet:-1, max-image-preview:large, max-video-preview:-1\" \/>\n<link rel=\"canonical\" href=\"https:\/\/psol50.org.br\/manifestantes-sao-presos-na-camara-e-lideranca-do-psol-cercada-pela-policia-legislativa\/\" \/>\n<meta property=\"og:locale\" content=\"pt_BR\" \/>\n<meta property=\"og:type\" content=\"article\" \/>\n<meta property=\"og:title\" content=\"Manifestantes s\u00e3o presos na C\u00e2mara e Lideran\u00e7a do PSOL cercada pela Pol\u00edcia Legislativa - PSOL 50\" \/>\n<meta property=\"og:description\" content=\"No in\u00edcio da tarde desta quarta-feira (25), manifestantes fizeram um protesto na C\u00e2mara dos Deputados contra a mineradora Vale e a trag\u00e9dia ocorrida em Mariana-MG. Durante o ato, os jovens repudiaram o novo c\u00f3digo de minera\u00e7\u00e3o e denunciaram que os verdadeiros terroristas \u2013 fazendo refer\u00eancia ao PL antiterrorismo (Projeto de Lei 2016\/2015) \u2013 s\u00e3o as [&hellip;]\" \/>\n<meta property=\"og:url\" content=\"https:\/\/psol50.org.br\/manifestantes-sao-presos-na-camara-e-lideranca-do-psol-cercada-pela-policia-legislativa\/\" \/>\n<meta property=\"og:site_name\" content=\"PSOL 50\" \/>\n<meta property=\"article:publisher\" content=\"https:\/\/www.facebook.com\/psol50\" \/>\n<meta property=\"article:published_time\" content=\"2015-11-26T17:20:13+00:00\" \/>\n<meta property=\"og:image\" content=\"https:\/\/psol50.org.br\/inc\/uploads\/2015\/11\/Protesto-contra-a-Vale-na-Ca\u0302mara-1.jpg\" \/>\n\t<meta property=\"og:image:width\" content=\"1300\" \/>\n\t<meta property=\"og:image:height\" content=\"865\" \/>\n\t<meta property=\"og:image:type\" content=\"image\/jpeg\" \/>\n<meta name=\"author\" content=\"Comunica\u00e7\u00e3o PSOL\" \/>\n<meta name=\"twitter:card\" content=\"summary_large_image\" \/>\n<meta name=\"twitter:creator\" content=\"@psol50\" \/>\n<meta name=\"twitter:site\" content=\"@psol50\" \/>\n<meta name=\"twitter:label1\" content=\"Escrito por\" \/>\n\t<meta name=\"twitter:data1\" content=\"Comunica\u00e7\u00e3o PSOL\" \/>\n\t<meta name=\"twitter:label2\" content=\"Est. tempo de leitura\" \/>\n\t<meta name=\"twitter:data2\" content=\"2 minutos\" \/>\n<script type=\"application\/ld+json\" class=\"yoast-schema-graph\">{\"@context\":\"https:\/\/schema.org\",\"@graph\":[{\"@type\":\"Article\",\"@id\":\"https:\/\/psol50.org.br\/manifestantes-sao-presos-na-camara-e-lideranca-do-psol-cercada-pela-policia-legislativa\/#article\",\"isPartOf\":{\"@id\":\"https:\/\/psol50.org.br\/manifestantes-sao-presos-na-camara-e-lideranca-do-psol-cercada-pela-policia-legislativa\/\"},\"author\":{\"name\":\"Comunica\u00e7\u00e3o PSOL\",\"@id\":\"https:\/\/psol50.org.br\/#\/schema\/person\/475dfa57d0b815993c714c2e96491fcd\"},\"headline\":\"Manifestantes s\u00e3o presos na C\u00e2mara e Lideran\u00e7a do PSOL cercada pela Pol\u00edcia Legislativa\",\"datePublished\":\"2015-11-26T17:20:13+00:00\",\"mainEntityOfPage\":{\"@id\":\"https:\/\/psol50.org.br\/manifestantes-sao-presos-na-camara-e-lideranca-do-psol-cercada-pela-policia-legislativa\/\"},\"wordCount\":403,\"commentCount\":0,\"publisher\":{\"@id\":\"https:\/\/psol50.org.br\/#organization\"},\"image\":{\"@id\":\"https:\/\/psol50.org.br\/manifestantes-sao-presos-na-camara-e-lideranca-do-psol-cercada-pela-policia-legislativa\/#primaryimage\"},\"thumbnailUrl\":\"https:\/\/psol50.org.br\/inc\/uploads\/2015\/11\/Protesto-contra-a-Vale-na-Ca\u0302mara-1.jpg\",\"keywords\":[\"C\u00e2mara dos Deputados\",\"Chico Alencar\",\"Ivan Valente\",\"manifestantes\",\"Mariana\",\"pol\u00edcia legislativa\",\"Samarco\",\"Vale\"],\"articleSection\":[\"A\u00e7\u00e3o Parlamentar\",\"Brasil\",\"Movimento\",\"Not\u00edcias\"],\"inLanguage\":\"pt-BR\",\"potentialAction\":[{\"@type\":\"CommentAction\",\"name\":\"Comment\",\"target\":[\"https:\/\/psol50.org.br\/manifestantes-sao-presos-na-camara-e-lideranca-do-psol-cercada-pela-policia-legislativa\/#respond\"]}]},{\"@type\":\"WebPage\",\"@id\":\"https:\/\/psol50.org.br\/manifestantes-sao-presos-na-camara-e-lideranca-do-psol-cercada-pela-policia-legislativa\/\",\"url\":\"https:\/\/psol50.org.br\/manifestantes-sao-presos-na-camara-e-lideranca-do-psol-cercada-pela-policia-legislativa\/\",\"name\":\"Manifestantes s\u00e3o presos na C\u00e2mara e Lideran\u00e7a do PSOL cercada pela Pol\u00edcia Legislativa - PSOL 50\",\"isPartOf\":{\"@id\":\"https:\/\/psol50.org.br\/#website\"},\"primaryImageOfPage\":{\"@id\":\"https:\/\/psol50.org.br\/manifestantes-sao-presos-na-camara-e-lideranca-do-psol-cercada-pela-policia-legislativa\/#primaryimage\"},\"image\":{\"@id\":\"https:\/\/psol50.org.br\/manifestantes-sao-presos-na-camara-e-lideranca-do-psol-cercada-pela-policia-legislativa\/#primaryimage\"},\"thumbnailUrl\":\"https:\/\/psol50.org.br\/inc\/uploads\/2015\/11\/Protesto-contra-a-Vale-na-Ca\u0302mara-1.jpg\",\"datePublished\":\"2015-11-26T17:20:13+00:00\",\"breadcrumb\":{\"@id\":\"https:\/\/psol50.org.br\/manifestantes-sao-presos-na-camara-e-lideranca-do-psol-cercada-pela-policia-legislativa\/#breadcrumb\"},\"inLanguage\":\"pt-BR\",\"potentialAction\":[{\"@type\":\"ReadAction\",\"target\":[\"https:\/\/psol50.org.br\/manifestantes-sao-presos-na-camara-e-lideranca-do-psol-cercada-pela-policia-legislativa\/\"]}]},{\"@type\":\"ImageObject\",\"inLanguage\":\"pt-BR\",\"@id\":\"https:\/\/psol50.org.br\/manifestantes-sao-presos-na-camara-e-lideranca-do-psol-cercada-pela-policia-legislativa\/#primaryimage\",\"url\":\"https:\/\/psol50.org.br\/inc\/uploads\/2015\/11\/Protesto-contra-a-Vale-na-Ca\u0302mara-1.jpg\",\"contentUrl\":\"https:\/\/psol50.org.br\/inc\/uploads\/2015\/11\/Protesto-contra-a-Vale-na-Ca\u0302mara-1.jpg\",\"width\":1300,\"height\":865},{\"@type\":\"BreadcrumbList\",\"@id\":\"https:\/\/psol50.org.br\/manifestantes-sao-presos-na-camara-e-lideranca-do-psol-cercada-pela-policia-legislativa\/#breadcrumb\",\"itemListElement\":[{\"@type\":\"ListItem\",\"position\":1,\"name\":\"In\u00edcio\",\"item\":\"https:\/\/psol50.org.br\/\"},{\"@type\":\"ListItem\",\"position\":2,\"name\":\"Manifestantes s\u00e3o presos na C\u00e2mara e Lideran\u00e7a do PSOL cercada pela Pol\u00edcia Legislativa\"}]},{\"@type\":\"WebSite\",\"@id\":\"https:\/\/psol50.org.br\/#website\",\"url\":\"https:\/\/psol50.org.br\/\",\"name\":\"PSOL 50\",\"description\":\"Site oficial do Partido Socialismo e Liberdade\",\"publisher\":{\"@id\":\"https:\/\/psol50.org.br\/#organization\"},\"alternateName\":\"PSOL50\",\"potentialAction\":[{\"@type\":\"SearchAction\",\"target\":{\"@type\":\"EntryPoint\",\"urlTemplate\":\"https:\/\/psol50.org.br\/?s={search_term_string}\"},\"query-input\":{\"@type\":\"PropertyValueSpecification\",\"valueRequired\":true,\"valueName\":\"search_term_string\"}}],\"inLanguage\":\"pt-BR\"},{\"@type\":\"Organization\",\"@id\":\"https:\/\/psol50.org.br\/#organization\",\"name\":\"PSOL 50\",\"alternateName\":\"PSOL 50\",\"url\":\"https:\/\/psol50.org.br\/\",\"logo\":{\"@type\":\"ImageObject\",\"inLanguage\":\"pt-BR\",\"@id\":\"https:\/\/psol50.org.br\/#\/schema\/logo\/image\/\",\"url\":\"https:\/\/psol50.org.br\/inc\/uploads\/2018\/07\/capa.png\",\"contentUrl\":\"https:\/\/psol50.org.br\/inc\/uploads\/2018\/07\/capa.png\",\"width\":1350,\"height\":900,\"caption\":\"PSOL 50\"},\"image\":{\"@id\":\"https:\/\/psol50.org.br\/#\/schema\/logo\/image\/\"},\"sameAs\":[\"https:\/\/www.facebook.com\/psol50\",\"https:\/\/x.com\/psol50\",\"https:\/\/www.instagram.com\/psol50\/\",\"https:\/\/www.youtube.com\/channel\/UC7SnJS5o1os7a6CaiNabzcg\"]},{\"@type\":\"Person\",\"@id\":\"https:\/\/psol50.org.br\/#\/schema\/person\/475dfa57d0b815993c714c2e96491fcd\",\"name\":\"Comunica\u00e7\u00e3o PSOL\",\"image\":{\"@type\":\"ImageObject\",\"inLanguage\":\"pt-BR\",\"@id\":\"https:\/\/psol50.org.br\/#\/schema\/person\/image\/\",\"url\":\"https:\/\/secure.gravatar.com\/avatar\/b34fc4f4e468a4e51785917065a3db57b841f5c95dba6ad8c73aaf8f66f8f9bf?s=96&d=mm&r=g\",\"contentUrl\":\"https:\/\/secure.gravatar.com\/avatar\/b34fc4f4e468a4e51785917065a3db57b841f5c95dba6ad8c73aaf8f66f8f9bf?s=96&d=mm&r=g\",\"caption\":\"Comunica\u00e7\u00e3o PSOL\"}}]}<\/script>\n<!-- \/ Yoast SEO plugin. -->","yoast_head_json":{"title":"Manifestantes s\u00e3o presos na C\u00e2mara e Lideran\u00e7a do PSOL cercada pela Pol\u00edcia Legislativa - PSOL 50","robots":{"index":"index","follow":"follow","max-snippet":"max-snippet:-1","max-image-preview":"max-image-preview:large","max-video-preview":"max-video-preview:-1"},"canonical":"https:\/\/psol50.org.br\/manifestantes-sao-presos-na-camara-e-lideranca-do-psol-cercada-pela-policia-legislativa\/","og_locale":"pt_BR","og_type":"article","og_title":"Manifestantes s\u00e3o presos na C\u00e2mara e Lideran\u00e7a do PSOL cercada pela Pol\u00edcia Legislativa - PSOL 50","og_description":"No in\u00edcio da tarde desta quarta-feira (25), manifestantes fizeram um protesto na C\u00e2mara dos Deputados contra a mineradora Vale e a trag\u00e9dia ocorrida em Mariana-MG. Durante o ato, os jovens repudiaram o novo c\u00f3digo de minera\u00e7\u00e3o e denunciaram que os verdadeiros terroristas \u2013 fazendo refer\u00eancia ao PL antiterrorismo (Projeto de Lei 2016\/2015) \u2013 s\u00e3o as [&hellip;]","og_url":"https:\/\/psol50.org.br\/manifestantes-sao-presos-na-camara-e-lideranca-do-psol-cercada-pela-policia-legislativa\/","og_site_name":"PSOL 50","article_publisher":"https:\/\/www.facebook.com\/psol50","article_published_time":"2015-11-26T17:20:13+00:00","og_image":[{"width":1300,"height":865,"url":"https:\/\/psol50.org.br\/inc\/uploads\/2015\/11\/Protesto-contra-a-Vale-na-Ca\u0302mara-1.jpg","type":"image\/jpeg"}],"author":"Comunica\u00e7\u00e3o PSOL","twitter_card":"summary_large_image","twitter_creator":"@psol50","twitter_site":"@psol50","twitter_misc":{"Escrito por":"Comunica\u00e7\u00e3o PSOL","Est. tempo de leitura":"2 minutos"},"schema":{"@context":"https:\/\/schema.org","@graph":[{"@type":"Article","@id":"https:\/\/psol50.org.br\/manifestantes-sao-presos-na-camara-e-lideranca-do-psol-cercada-pela-policia-legislativa\/#article","isPartOf":{"@id":"https:\/\/psol50.org.br\/manifestantes-sao-presos-na-camara-e-lideranca-do-psol-cercada-pela-policia-legislativa\/"},"author":{"name":"Comunica\u00e7\u00e3o PSOL","@id":"https:\/\/psol50.org.br\/#\/schema\/person\/475dfa57d0b815993c714c2e96491fcd"},"headline":"Manifestantes s\u00e3o presos na C\u00e2mara e Lideran\u00e7a do PSOL cercada pela Pol\u00edcia Legislativa","datePublished":"2015-11-26T17:20:13+00:00","mainEntityOfPage":{"@id":"https:\/\/psol50.org.br\/manifestantes-sao-presos-na-camara-e-lideranca-do-psol-cercada-pela-policia-legislativa\/"},"wordCount":403,"commentCount":0,"publisher":{"@id":"https:\/\/psol50.org.br\/#organization"},"image":{"@id":"https:\/\/psol50.org.br\/manifestantes-sao-presos-na-camara-e-lideranca-do-psol-cercada-pela-policia-legislativa\/#primaryimage"},"thumbnailUrl":"https:\/\/psol50.org.br\/inc\/uploads\/2015\/11\/Protesto-contra-a-Vale-na-Ca\u0302mara-1.jpg","keywords":["C\u00e2mara dos Deputados","Chico Alencar","Ivan Valente","manifestantes","Mariana","pol\u00edcia legislativa","Samarco","Vale"],"articleSection":["A\u00e7\u00e3o Parlamentar","Brasil","Movimento","Not\u00edcias"],"inLanguage":"pt-BR","potentialAction":[{"@type":"CommentAction","name":"Comment","target":["https:\/\/psol50.org.br\/manifestantes-sao-presos-na-camara-e-lideranca-do-psol-cercada-pela-policia-legislativa\/#respond"]}]},{"@type":"WebPage","@id":"https:\/\/psol50.org.br\/manifestantes-sao-presos-na-camara-e-lideranca-do-psol-cercada-pela-policia-legislativa\/","url":"https:\/\/psol50.org.br\/manifestantes-sao-presos-na-camara-e-lideranca-do-psol-cercada-pela-policia-legislativa\/","name":"Manifestantes s\u00e3o presos na C\u00e2mara e Lideran\u00e7a do PSOL cercada pela Pol\u00edcia Legislativa - PSOL 50","isPartOf":{"@id":"https:\/\/psol50.org.br\/#website"},"primaryImageOfPage":{"@id":"https:\/\/psol50.org.br\/manifestantes-sao-presos-na-camara-e-lideranca-do-psol-cercada-pela-policia-legislativa\/#primaryimage"},"image":{"@id":"https:\/\/psol50.org.br\/manifestantes-sao-presos-na-camara-e-lideranca-do-psol-cercada-pela-policia-legislativa\/#primaryimage"},"thumbnailUrl":"https:\/\/psol50.org.br\/inc\/uploads\/2015\/11\/Protesto-contra-a-Vale-na-Ca\u0302mara-1.jpg","datePublished":"2015-11-26T17:20:13+00:00","breadcrumb":{"@id":"https:\/\/psol50.org.br\/manifestantes-sao-presos-na-camara-e-lideranca-do-psol-cercada-pela-policia-legislativa\/#breadcrumb"},"inLanguage":"pt-BR","potentialAction":[{"@type":"ReadAction","target":["https:\/\/psol50.org.br\/manifestantes-sao-presos-na-camara-e-lideranca-do-psol-cercada-pela-policia-legislativa\/"]}]},{"@type":"ImageObject","inLanguage":"pt-BR","@id":"https:\/\/psol50.org.br\/manifestantes-sao-presos-na-camara-e-lideranca-do-psol-cercada-pela-policia-legislativa\/#primaryimage","url":"https:\/\/psol50.org.br\/inc\/uploads\/2015\/11\/Protesto-contra-a-Vale-na-Ca\u0302mara-1.jpg","contentUrl":"https:\/\/psol50.org.br\/inc\/uploads\/2015\/11\/Protesto-contra-a-Vale-na-Ca\u0302mara-1.jpg","width":1300,"height":865},{"@type":"BreadcrumbList","@id":"https:\/\/psol50.org.br\/manifestantes-sao-presos-na-camara-e-lideranca-do-psol-cercada-pela-policia-legislativa\/#breadcrumb","itemListElement":[{"@type":"ListItem","position":1,"name":"In\u00edcio","item":"https:\/\/psol50.org.br\/"},{"@type":"ListItem","position":2,"name":"Manifestantes s\u00e3o presos na C\u00e2mara e Lideran\u00e7a do PSOL cercada pela Pol\u00edcia Legislativa"}]},{"@type":"WebSite","@id":"https:\/\/psol50.org.br\/#website","url":"https:\/\/psol50.org.br\/","name":"PSOL 50","description":"Site oficial do Partido Socialismo e Liberdade","publisher":{"@id":"https:\/\/psol50.org.br\/#organization"},"alternateName":"PSOL50","potentialAction":[{"@type":"SearchAction","target":{"@type":"EntryPoint","urlTemplate":"https:\/\/psol50.org.br\/?s={search_term_string}"},"query-input":{"@type":"PropertyValueSpecification","valueRequired":true,"valueName":"search_term_string"}}],"inLanguage":"pt-BR"},{"@type":"Organization","@id":"https:\/\/psol50.org.br\/#organization","name":"PSOL 50","alternateName":"PSOL 50","url":"https:\/\/psol50.org.br\/","logo":{"@type":"ImageObject","inLanguage":"pt-BR","@id":"https:\/\/psol50.org.br\/#\/schema\/logo\/image\/","url":"https:\/\/psol50.org.br\/inc\/uploads\/2018\/07\/capa.png","contentUrl":"https:\/\/psol50.org.br\/inc\/uploads\/2018\/07\/capa.png","width":1350,"height":900,"caption":"PSOL 50"},"image":{"@id":"https:\/\/psol50.org.br\/#\/schema\/logo\/image\/"},"sameAs":["https:\/\/www.facebook.com\/psol50","https:\/\/x.com\/psol50","https:\/\/www.instagram.com\/psol50\/","https:\/\/www.youtube.com\/channel\/UC7SnJS5o1os7a6CaiNabzcg"]},{"@type":"Person","@id":"https:\/\/psol50.org.br\/#\/schema\/person\/475dfa57d0b815993c714c2e96491fcd","name":"Comunica\u00e7\u00e3o PSOL","image":{"@type":"ImageObject","inLanguage":"pt-BR","@id":"https:\/\/psol50.org.br\/#\/schema\/person\/image\/","url":"https:\/\/secure.gravatar.com\/avatar\/b34fc4f4e468a4e51785917065a3db57b841f5c95dba6ad8c73aaf8f66f8f9bf?s=96&d=mm&r=g","contentUrl":"https:\/\/secure.gravatar.com\/avatar\/b34fc4f4e468a4e51785917065a3db57b841f5c95dba6ad8c73aaf8f66f8f9bf?s=96&d=mm&r=g","caption":"Comunica\u00e7\u00e3o PSOL"}}]}},"_links":{"self":[{"href":"https:\/\/psol50.org.br\/rest\/wp\/v2\/posts\/10742","targetHints":{"allow":["GET"]}}],"collection":[{"href":"https:\/\/psol50.org.br\/rest\/wp\/v2\/posts"}],"about":[{"href":"https:\/\/psol50.org.br\/rest\/wp\/v2\/types\/post"}],"author":[{"embeddable":true,"href":"https:\/\/psol50.org.br\/rest\/wp\/v2\/users\/2"}],"replies":[{"embeddable":true,"href":"https:\/\/psol50.org.br\/rest\/wp\/v2\/comments?post=10742"}],"version-history":[{"count":0,"href":"https:\/\/psol50.org.br\/rest\/wp\/v2\/posts\/10742\/revisions"}],"wp:featuredmedia":[{"embeddable":true,"href":"https:\/\/psol50.org.br\/rest\/wp\/v2\/media\/10743"}],"wp:attachment":[{"href":"https:\/\/psol50.org.br\/rest\/wp\/v2\/media?parent=10742"}],"wp:term":[{"taxonomy":"category","embeddable":true,"href":"https:\/\/psol50.org.br\/rest\/wp\/v2\/categories?post=10742"},{"taxonomy":"post_tag","embeddable":true,"href":"https:\/\/psol50.org.br\/rest\/wp\/v2\/tags?post=10742"}],"curies":[{"name":"wp","href":"https:\/\/api.w.org\/{rel}","templated":true}]}}