{"id":10745,"date":"2015-11-26T17:46:19","date_gmt":"2015-11-26T17:46:19","guid":{"rendered":"http:\/\/www.psol50.org.br\/?p=10745"},"modified":"2015-11-26T17:46:19","modified_gmt":"2015-11-26T17:46:19","slug":"jean-wyllys-a-violencia-contra-a-mulher-nao-e-imaginaria","status":"publish","type":"post","link":"https:\/\/psol50.org.br\/jean-wyllys-a-violencia-contra-a-mulher-nao-e-imaginaria\/","title":{"rendered":"JEAN WYLLYS: A viol\u00eancia contra a mulher n\u00e3o \u00e9 imagin\u00e1ria"},"content":{"rendered":"<p>A cultura do estupro n\u00e3o \u00e9 imagin\u00e1ria. \u00c9 grav\u00edssima e se reflete no assustador n\u00famero de uma mulher estuprada a cada onze minutos no pa\u00eds (Fonte: 9\u00ba Anu\u00e1rio da Seguran\u00e7a P\u00fablica\/2015). Infelizmente, o estupro \u00e9 apenas uma parte da viol\u00eancia \u00e0 qual as mulheres brasileiras s\u00e3o submetidas cotidianamente.<br \/>\nSe voc\u00ea ainda n\u00e3o entendeu a gravidade deste dado, pense no seguinte: para cada assassinato ocorrido no Brasil, estima-se que ocorram pelo menos 10 estupros. S\u00e3o cerca de meio milh\u00e3o de estupros por ano no pa\u00eds, e apenas 10% destes s\u00e3o denunciados \u00e0 pol\u00edcia &#8211; n\u00famero que, sozinho, j\u00e1 supera o pr\u00f3prio n\u00famero de pessoas assassinadas! As mulheres s\u00e3o 90% das v\u00edtimas de estupro, que, na maior parte das vezes, ocorre dentro do lar e cujo autor \u00e9 algu\u00e9m do seu c\u00edrculo familiar ou social. Mulheres l\u00e9sbicas sofrem os mal chamados &#8220;estupros corretivos&#8221;.<br \/>\nMatar uma mulher por sua condi\u00e7\u00e3o de mulher se chama feminic\u00eddio. Acontece um a cada 90 minutos (Fonte: Viol\u00eancia contra a mulher: feminic\u00eddios no Brasil &#8211; Ipea\/2013). E \u00e9 crime.<br \/>\nDo total de assassinatos e de viol\u00eancias f\u00edsicas contra mulheres, h\u00e1 ainda aqueles em que o algoz \u00e9 o pr\u00f3prio marido ou companheiro, por \u00f3dio, desprezo ou pelo sentimento de perda da propriedade sobre a mulher. O Brasil tamb\u00e9m figura como o infeliz campe\u00e3o no n\u00famero de assassinatos de mulheres trans e travestis. Outros crimes, como a pornografia de vingan\u00e7a, tem efeito devastador sobre a vida de in\u00fameras mulheres que perdem emprego, fam\u00edlia e \u00e0s vezes a pr\u00f3pria vida. S\u00e3o crimes que ocorrem porque elas s\u00e3o mulheres e est\u00e3o vulner\u00e1veis \u00e0 cultura machista em que a viol\u00eancia dos maridos ou companheiros contra suas esposas \u00e9 at\u00e9 mesmo tolerada ou justificada em rodas de conversa e delegacias.<br \/>\nApenas uma pequena parte das v\u00edtimas de viol\u00eancia &#8211; assaltos, agress\u00f5es ou outros crimes que envolvam qualquer forma de coa\u00e7\u00e3o ou intimida\u00e7\u00e3o &#8211; far\u00e3o parte do \u00edndice de homic\u00eddios, e este \u00edndice n\u00e3o diferencia pessoas mortas em brigas, a\u00e7\u00f5es policiais, durante o cometimento de crimes daquelas que morreram por feminic\u00eddio, por exemplo.<br \/>\nPortanto, precisamos sim ter mecanismos para proteger as mulheres da viol\u00eancia! Sou um aliado das mulheres, um pr\u00f3-feminista, e mesmo n\u00e3o passando por todas as situa\u00e7\u00f5es de viol\u00eancia que as mulheres vivem, tenho certeza que essa \u00e9 uma mudan\u00e7a que s\u00f3 poder\u00e1 acontecer a partir do empoderamento de todas e da autonomia sobre seus pr\u00f3prios corpos. E, obviamente, da conscientiza\u00e7\u00e3o dos homens em rela\u00e7\u00e3o aos privil\u00e9gios que nos beneficiam em detrimento dos direitos delas.<br \/>\n<em>An\u00e1lise feita pelo deputado Jean Wyllys pela passagem do Dia Internacional da N\u00e3o Viol\u00eancia Contra a Mulher, em 25 de novembro.<\/em><br \/>\n&nbsp;<\/p>\n","protected":false},"excerpt":{"rendered":"<p>A cultura do estupro n\u00e3o \u00e9 imagin\u00e1ria. \u00c9 grav\u00edssima e se reflete no assustador n\u00famero de uma mulher estuprada a cada onze minutos no pa\u00eds (Fonte: 9\u00ba Anu\u00e1rio da Seguran\u00e7a P\u00fablica\/2015). Infelizmente, o estupro \u00e9 apenas uma parte da viol\u00eancia \u00e0 qual as mulheres brasileiras s\u00e3o submetidas cotidianamente. Se voc\u00ea ainda n\u00e3o entendeu a gravidade [&hellip;]<\/p>\n","protected":false},"author":2,"featured_media":10746,"comment_status":"open","ping_status":"open","sticky":false,"template":"","format":"standard","meta":{"_acf_changed":false,"footnotes":""},"categories":[3,1882],"tags":[4679,4683,46,47,663,231,233],"class_list":{"0":"post-10745","1":"post","2":"type-post","3":"status-publish","4":"format-standard","5":"has-post-thumbnail","7":"category-artigos-e-entrevistas","8":"category-brasil","9":"tag-25-de-novembro","10":"tag-dia-internacional-da-nao-violencia-contra-a-mulher","11":"tag-estupro","12":"tag-feminicidio","13":"tag-jean-wyllys","14":"tag-mulher","15":"tag-violencia"},"acf":[],"yoast_head":"<!-- This site is optimized with the Yoast SEO plugin v26.5 - https:\/\/yoast.com\/wordpress\/plugins\/seo\/ -->\n<title>JEAN WYLLYS: A viol\u00eancia contra a mulher n\u00e3o \u00e9 imagin\u00e1ria - PSOL 50<\/title>\n<meta name=\"robots\" content=\"index, follow, max-snippet:-1, max-image-preview:large, max-video-preview:-1\" \/>\n<link rel=\"canonical\" href=\"https:\/\/psol50.org.br\/jean-wyllys-a-violencia-contra-a-mulher-nao-e-imaginaria\/\" \/>\n<meta property=\"og:locale\" content=\"pt_BR\" \/>\n<meta property=\"og:type\" content=\"article\" \/>\n<meta property=\"og:title\" content=\"JEAN WYLLYS: A viol\u00eancia contra a mulher n\u00e3o \u00e9 imagin\u00e1ria - PSOL 50\" \/>\n<meta property=\"og:description\" content=\"A cultura do estupro n\u00e3o \u00e9 imagin\u00e1ria. \u00c9 grav\u00edssima e se reflete no assustador n\u00famero de uma mulher estuprada a cada onze minutos no pa\u00eds (Fonte: 9\u00ba Anu\u00e1rio da Seguran\u00e7a P\u00fablica\/2015). Infelizmente, o estupro \u00e9 apenas uma parte da viol\u00eancia \u00e0 qual as mulheres brasileiras s\u00e3o submetidas cotidianamente. Se voc\u00ea ainda n\u00e3o entendeu a gravidade [&hellip;]\" \/>\n<meta property=\"og:url\" content=\"https:\/\/psol50.org.br\/jean-wyllys-a-violencia-contra-a-mulher-nao-e-imaginaria\/\" \/>\n<meta property=\"og:site_name\" content=\"PSOL 50\" \/>\n<meta property=\"article:publisher\" content=\"https:\/\/www.facebook.com\/psol50\" \/>\n<meta property=\"article:published_time\" content=\"2015-11-26T17:46:19+00:00\" \/>\n<meta property=\"og:image\" content=\"https:\/\/psol50.org.br\/inc\/uploads\/2015\/11\/Violencia-contra-a-mulher-e1448893250985.jpg\" \/>\n\t<meta property=\"og:image:width\" content=\"1000\" \/>\n\t<meta property=\"og:image:height\" content=\"500\" \/>\n\t<meta property=\"og:image:type\" content=\"image\/jpeg\" \/>\n<meta name=\"author\" content=\"Comunica\u00e7\u00e3o PSOL\" \/>\n<meta name=\"twitter:card\" content=\"summary_large_image\" \/>\n<meta name=\"twitter:creator\" content=\"@psol50\" \/>\n<meta name=\"twitter:site\" content=\"@psol50\" \/>\n<meta name=\"twitter:label1\" content=\"Escrito por\" \/>\n\t<meta name=\"twitter:data1\" content=\"Comunica\u00e7\u00e3o PSOL\" \/>\n\t<meta name=\"twitter:label2\" content=\"Est. tempo de leitura\" \/>\n\t<meta name=\"twitter:data2\" content=\"2 minutos\" \/>\n<script type=\"application\/ld+json\" class=\"yoast-schema-graph\">{\"@context\":\"https:\/\/schema.org\",\"@graph\":[{\"@type\":\"Article\",\"@id\":\"https:\/\/psol50.org.br\/jean-wyllys-a-violencia-contra-a-mulher-nao-e-imaginaria\/#article\",\"isPartOf\":{\"@id\":\"https:\/\/psol50.org.br\/jean-wyllys-a-violencia-contra-a-mulher-nao-e-imaginaria\/\"},\"author\":{\"name\":\"Comunica\u00e7\u00e3o PSOL\",\"@id\":\"https:\/\/psol50.org.br\/#\/schema\/person\/475dfa57d0b815993c714c2e96491fcd\"},\"headline\":\"JEAN WYLLYS: A viol\u00eancia contra a mulher n\u00e3o \u00e9 imagin\u00e1ria\",\"datePublished\":\"2015-11-26T17:46:19+00:00\",\"mainEntityOfPage\":{\"@id\":\"https:\/\/psol50.org.br\/jean-wyllys-a-violencia-contra-a-mulher-nao-e-imaginaria\/\"},\"wordCount\":496,\"commentCount\":0,\"publisher\":{\"@id\":\"https:\/\/psol50.org.br\/#organization\"},\"image\":{\"@id\":\"https:\/\/psol50.org.br\/jean-wyllys-a-violencia-contra-a-mulher-nao-e-imaginaria\/#primaryimage\"},\"thumbnailUrl\":\"https:\/\/psol50.org.br\/inc\/uploads\/2015\/11\/Violencia-contra-a-mulher-e1448893250985.jpg\",\"keywords\":[\"25 de novembro\",\"Dia Internacional da N\u00e3o Viol\u00eancia Contra a Mulher\",\"estupro\",\"feminic\u00eddio\",\"Jean Wyllys\",\"mulher\",\"viol\u00eancia\"],\"articleSection\":[\"Artigos\",\"Brasil\"],\"inLanguage\":\"pt-BR\",\"potentialAction\":[{\"@type\":\"CommentAction\",\"name\":\"Comment\",\"target\":[\"https:\/\/psol50.org.br\/jean-wyllys-a-violencia-contra-a-mulher-nao-e-imaginaria\/#respond\"]}]},{\"@type\":\"WebPage\",\"@id\":\"https:\/\/psol50.org.br\/jean-wyllys-a-violencia-contra-a-mulher-nao-e-imaginaria\/\",\"url\":\"https:\/\/psol50.org.br\/jean-wyllys-a-violencia-contra-a-mulher-nao-e-imaginaria\/\",\"name\":\"JEAN WYLLYS: A viol\u00eancia contra a mulher n\u00e3o \u00e9 imagin\u00e1ria - PSOL 50\",\"isPartOf\":{\"@id\":\"https:\/\/psol50.org.br\/#website\"},\"primaryImageOfPage\":{\"@id\":\"https:\/\/psol50.org.br\/jean-wyllys-a-violencia-contra-a-mulher-nao-e-imaginaria\/#primaryimage\"},\"image\":{\"@id\":\"https:\/\/psol50.org.br\/jean-wyllys-a-violencia-contra-a-mulher-nao-e-imaginaria\/#primaryimage\"},\"thumbnailUrl\":\"https:\/\/psol50.org.br\/inc\/uploads\/2015\/11\/Violencia-contra-a-mulher-e1448893250985.jpg\",\"datePublished\":\"2015-11-26T17:46:19+00:00\",\"breadcrumb\":{\"@id\":\"https:\/\/psol50.org.br\/jean-wyllys-a-violencia-contra-a-mulher-nao-e-imaginaria\/#breadcrumb\"},\"inLanguage\":\"pt-BR\",\"potentialAction\":[{\"@type\":\"ReadAction\",\"target\":[\"https:\/\/psol50.org.br\/jean-wyllys-a-violencia-contra-a-mulher-nao-e-imaginaria\/\"]}]},{\"@type\":\"ImageObject\",\"inLanguage\":\"pt-BR\",\"@id\":\"https:\/\/psol50.org.br\/jean-wyllys-a-violencia-contra-a-mulher-nao-e-imaginaria\/#primaryimage\",\"url\":\"https:\/\/psol50.org.br\/inc\/uploads\/2015\/11\/Violencia-contra-a-mulher-e1448893250985.jpg\",\"contentUrl\":\"https:\/\/psol50.org.br\/inc\/uploads\/2015\/11\/Violencia-contra-a-mulher-e1448893250985.jpg\",\"width\":1000,\"height\":500},{\"@type\":\"BreadcrumbList\",\"@id\":\"https:\/\/psol50.org.br\/jean-wyllys-a-violencia-contra-a-mulher-nao-e-imaginaria\/#breadcrumb\",\"itemListElement\":[{\"@type\":\"ListItem\",\"position\":1,\"name\":\"In\u00edcio\",\"item\":\"https:\/\/psol50.org.br\/\"},{\"@type\":\"ListItem\",\"position\":2,\"name\":\"JEAN WYLLYS: A viol\u00eancia contra a mulher n\u00e3o \u00e9 imagin\u00e1ria\"}]},{\"@type\":\"WebSite\",\"@id\":\"https:\/\/psol50.org.br\/#website\",\"url\":\"https:\/\/psol50.org.br\/\",\"name\":\"PSOL 50\",\"description\":\"Site oficial do Partido Socialismo e Liberdade\",\"publisher\":{\"@id\":\"https:\/\/psol50.org.br\/#organization\"},\"alternateName\":\"PSOL50\",\"potentialAction\":[{\"@type\":\"SearchAction\",\"target\":{\"@type\":\"EntryPoint\",\"urlTemplate\":\"https:\/\/psol50.org.br\/?s={search_term_string}\"},\"query-input\":{\"@type\":\"PropertyValueSpecification\",\"valueRequired\":true,\"valueName\":\"search_term_string\"}}],\"inLanguage\":\"pt-BR\"},{\"@type\":\"Organization\",\"@id\":\"https:\/\/psol50.org.br\/#organization\",\"name\":\"PSOL 50\",\"alternateName\":\"PSOL 50\",\"url\":\"https:\/\/psol50.org.br\/\",\"logo\":{\"@type\":\"ImageObject\",\"inLanguage\":\"pt-BR\",\"@id\":\"https:\/\/psol50.org.br\/#\/schema\/logo\/image\/\",\"url\":\"https:\/\/psol50.org.br\/inc\/uploads\/2018\/07\/capa.png\",\"contentUrl\":\"https:\/\/psol50.org.br\/inc\/uploads\/2018\/07\/capa.png\",\"width\":1350,\"height\":900,\"caption\":\"PSOL 50\"},\"image\":{\"@id\":\"https:\/\/psol50.org.br\/#\/schema\/logo\/image\/\"},\"sameAs\":[\"https:\/\/www.facebook.com\/psol50\",\"https:\/\/x.com\/psol50\",\"https:\/\/www.instagram.com\/psol50\/\",\"https:\/\/www.youtube.com\/channel\/UC7SnJS5o1os7a6CaiNabzcg\"]},{\"@type\":\"Person\",\"@id\":\"https:\/\/psol50.org.br\/#\/schema\/person\/475dfa57d0b815993c714c2e96491fcd\",\"name\":\"Comunica\u00e7\u00e3o PSOL\",\"image\":{\"@type\":\"ImageObject\",\"inLanguage\":\"pt-BR\",\"@id\":\"https:\/\/psol50.org.br\/#\/schema\/person\/image\/\",\"url\":\"https:\/\/secure.gravatar.com\/avatar\/b34fc4f4e468a4e51785917065a3db57b841f5c95dba6ad8c73aaf8f66f8f9bf?s=96&d=mm&r=g\",\"contentUrl\":\"https:\/\/secure.gravatar.com\/avatar\/b34fc4f4e468a4e51785917065a3db57b841f5c95dba6ad8c73aaf8f66f8f9bf?s=96&d=mm&r=g\",\"caption\":\"Comunica\u00e7\u00e3o PSOL\"}}]}<\/script>\n<!-- \/ Yoast SEO plugin. -->","yoast_head_json":{"title":"JEAN WYLLYS: A viol\u00eancia contra a mulher n\u00e3o \u00e9 imagin\u00e1ria - PSOL 50","robots":{"index":"index","follow":"follow","max-snippet":"max-snippet:-1","max-image-preview":"max-image-preview:large","max-video-preview":"max-video-preview:-1"},"canonical":"https:\/\/psol50.org.br\/jean-wyllys-a-violencia-contra-a-mulher-nao-e-imaginaria\/","og_locale":"pt_BR","og_type":"article","og_title":"JEAN WYLLYS: A viol\u00eancia contra a mulher n\u00e3o \u00e9 imagin\u00e1ria - PSOL 50","og_description":"A cultura do estupro n\u00e3o \u00e9 imagin\u00e1ria. \u00c9 grav\u00edssima e se reflete no assustador n\u00famero de uma mulher estuprada a cada onze minutos no pa\u00eds (Fonte: 9\u00ba Anu\u00e1rio da Seguran\u00e7a P\u00fablica\/2015). Infelizmente, o estupro \u00e9 apenas uma parte da viol\u00eancia \u00e0 qual as mulheres brasileiras s\u00e3o submetidas cotidianamente. Se voc\u00ea ainda n\u00e3o entendeu a gravidade [&hellip;]","og_url":"https:\/\/psol50.org.br\/jean-wyllys-a-violencia-contra-a-mulher-nao-e-imaginaria\/","og_site_name":"PSOL 50","article_publisher":"https:\/\/www.facebook.com\/psol50","article_published_time":"2015-11-26T17:46:19+00:00","og_image":[{"width":1000,"height":500,"url":"https:\/\/psol50.org.br\/inc\/uploads\/2015\/11\/Violencia-contra-a-mulher-e1448893250985.jpg","type":"image\/jpeg"}],"author":"Comunica\u00e7\u00e3o PSOL","twitter_card":"summary_large_image","twitter_creator":"@psol50","twitter_site":"@psol50","twitter_misc":{"Escrito por":"Comunica\u00e7\u00e3o PSOL","Est. tempo de leitura":"2 minutos"},"schema":{"@context":"https:\/\/schema.org","@graph":[{"@type":"Article","@id":"https:\/\/psol50.org.br\/jean-wyllys-a-violencia-contra-a-mulher-nao-e-imaginaria\/#article","isPartOf":{"@id":"https:\/\/psol50.org.br\/jean-wyllys-a-violencia-contra-a-mulher-nao-e-imaginaria\/"},"author":{"name":"Comunica\u00e7\u00e3o PSOL","@id":"https:\/\/psol50.org.br\/#\/schema\/person\/475dfa57d0b815993c714c2e96491fcd"},"headline":"JEAN WYLLYS: A viol\u00eancia contra a mulher n\u00e3o \u00e9 imagin\u00e1ria","datePublished":"2015-11-26T17:46:19+00:00","mainEntityOfPage":{"@id":"https:\/\/psol50.org.br\/jean-wyllys-a-violencia-contra-a-mulher-nao-e-imaginaria\/"},"wordCount":496,"commentCount":0,"publisher":{"@id":"https:\/\/psol50.org.br\/#organization"},"image":{"@id":"https:\/\/psol50.org.br\/jean-wyllys-a-violencia-contra-a-mulher-nao-e-imaginaria\/#primaryimage"},"thumbnailUrl":"https:\/\/psol50.org.br\/inc\/uploads\/2015\/11\/Violencia-contra-a-mulher-e1448893250985.jpg","keywords":["25 de novembro","Dia Internacional da N\u00e3o Viol\u00eancia Contra a Mulher","estupro","feminic\u00eddio","Jean Wyllys","mulher","viol\u00eancia"],"articleSection":["Artigos","Brasil"],"inLanguage":"pt-BR","potentialAction":[{"@type":"CommentAction","name":"Comment","target":["https:\/\/psol50.org.br\/jean-wyllys-a-violencia-contra-a-mulher-nao-e-imaginaria\/#respond"]}]},{"@type":"WebPage","@id":"https:\/\/psol50.org.br\/jean-wyllys-a-violencia-contra-a-mulher-nao-e-imaginaria\/","url":"https:\/\/psol50.org.br\/jean-wyllys-a-violencia-contra-a-mulher-nao-e-imaginaria\/","name":"JEAN WYLLYS: A viol\u00eancia contra a mulher n\u00e3o \u00e9 imagin\u00e1ria - PSOL 50","isPartOf":{"@id":"https:\/\/psol50.org.br\/#website"},"primaryImageOfPage":{"@id":"https:\/\/psol50.org.br\/jean-wyllys-a-violencia-contra-a-mulher-nao-e-imaginaria\/#primaryimage"},"image":{"@id":"https:\/\/psol50.org.br\/jean-wyllys-a-violencia-contra-a-mulher-nao-e-imaginaria\/#primaryimage"},"thumbnailUrl":"https:\/\/psol50.org.br\/inc\/uploads\/2015\/11\/Violencia-contra-a-mulher-e1448893250985.jpg","datePublished":"2015-11-26T17:46:19+00:00","breadcrumb":{"@id":"https:\/\/psol50.org.br\/jean-wyllys-a-violencia-contra-a-mulher-nao-e-imaginaria\/#breadcrumb"},"inLanguage":"pt-BR","potentialAction":[{"@type":"ReadAction","target":["https:\/\/psol50.org.br\/jean-wyllys-a-violencia-contra-a-mulher-nao-e-imaginaria\/"]}]},{"@type":"ImageObject","inLanguage":"pt-BR","@id":"https:\/\/psol50.org.br\/jean-wyllys-a-violencia-contra-a-mulher-nao-e-imaginaria\/#primaryimage","url":"https:\/\/psol50.org.br\/inc\/uploads\/2015\/11\/Violencia-contra-a-mulher-e1448893250985.jpg","contentUrl":"https:\/\/psol50.org.br\/inc\/uploads\/2015\/11\/Violencia-contra-a-mulher-e1448893250985.jpg","width":1000,"height":500},{"@type":"BreadcrumbList","@id":"https:\/\/psol50.org.br\/jean-wyllys-a-violencia-contra-a-mulher-nao-e-imaginaria\/#breadcrumb","itemListElement":[{"@type":"ListItem","position":1,"name":"In\u00edcio","item":"https:\/\/psol50.org.br\/"},{"@type":"ListItem","position":2,"name":"JEAN WYLLYS: A viol\u00eancia contra a mulher n\u00e3o \u00e9 imagin\u00e1ria"}]},{"@type":"WebSite","@id":"https:\/\/psol50.org.br\/#website","url":"https:\/\/psol50.org.br\/","name":"PSOL 50","description":"Site oficial do Partido Socialismo e Liberdade","publisher":{"@id":"https:\/\/psol50.org.br\/#organization"},"alternateName":"PSOL50","potentialAction":[{"@type":"SearchAction","target":{"@type":"EntryPoint","urlTemplate":"https:\/\/psol50.org.br\/?s={search_term_string}"},"query-input":{"@type":"PropertyValueSpecification","valueRequired":true,"valueName":"search_term_string"}}],"inLanguage":"pt-BR"},{"@type":"Organization","@id":"https:\/\/psol50.org.br\/#organization","name":"PSOL 50","alternateName":"PSOL 50","url":"https:\/\/psol50.org.br\/","logo":{"@type":"ImageObject","inLanguage":"pt-BR","@id":"https:\/\/psol50.org.br\/#\/schema\/logo\/image\/","url":"https:\/\/psol50.org.br\/inc\/uploads\/2018\/07\/capa.png","contentUrl":"https:\/\/psol50.org.br\/inc\/uploads\/2018\/07\/capa.png","width":1350,"height":900,"caption":"PSOL 50"},"image":{"@id":"https:\/\/psol50.org.br\/#\/schema\/logo\/image\/"},"sameAs":["https:\/\/www.facebook.com\/psol50","https:\/\/x.com\/psol50","https:\/\/www.instagram.com\/psol50\/","https:\/\/www.youtube.com\/channel\/UC7SnJS5o1os7a6CaiNabzcg"]},{"@type":"Person","@id":"https:\/\/psol50.org.br\/#\/schema\/person\/475dfa57d0b815993c714c2e96491fcd","name":"Comunica\u00e7\u00e3o PSOL","image":{"@type":"ImageObject","inLanguage":"pt-BR","@id":"https:\/\/psol50.org.br\/#\/schema\/person\/image\/","url":"https:\/\/secure.gravatar.com\/avatar\/b34fc4f4e468a4e51785917065a3db57b841f5c95dba6ad8c73aaf8f66f8f9bf?s=96&d=mm&r=g","contentUrl":"https:\/\/secure.gravatar.com\/avatar\/b34fc4f4e468a4e51785917065a3db57b841f5c95dba6ad8c73aaf8f66f8f9bf?s=96&d=mm&r=g","caption":"Comunica\u00e7\u00e3o PSOL"}}]}},"_links":{"self":[{"href":"https:\/\/psol50.org.br\/rest\/wp\/v2\/posts\/10745","targetHints":{"allow":["GET"]}}],"collection":[{"href":"https:\/\/psol50.org.br\/rest\/wp\/v2\/posts"}],"about":[{"href":"https:\/\/psol50.org.br\/rest\/wp\/v2\/types\/post"}],"author":[{"embeddable":true,"href":"https:\/\/psol50.org.br\/rest\/wp\/v2\/users\/2"}],"replies":[{"embeddable":true,"href":"https:\/\/psol50.org.br\/rest\/wp\/v2\/comments?post=10745"}],"version-history":[{"count":0,"href":"https:\/\/psol50.org.br\/rest\/wp\/v2\/posts\/10745\/revisions"}],"wp:featuredmedia":[{"embeddable":true,"href":"https:\/\/psol50.org.br\/rest\/wp\/v2\/media\/10746"}],"wp:attachment":[{"href":"https:\/\/psol50.org.br\/rest\/wp\/v2\/media?parent=10745"}],"wp:term":[{"taxonomy":"category","embeddable":true,"href":"https:\/\/psol50.org.br\/rest\/wp\/v2\/categories?post=10745"},{"taxonomy":"post_tag","embeddable":true,"href":"https:\/\/psol50.org.br\/rest\/wp\/v2\/tags?post=10745"}],"curies":[{"name":"wp","href":"https:\/\/api.w.org\/{rel}","templated":true}]}}