{"id":10753,"date":"2015-11-27T17:40:31","date_gmt":"2015-11-27T17:40:31","guid":{"rendered":"http:\/\/www.psol50.org.br\/?p=10753"},"modified":"2015-11-27T17:40:31","modified_gmt":"2015-11-27T17:40:31","slug":"em-audiencia-publica-no-mpf-liderancas-indigenas-e-povos-tradicionais-criticam-pec-215","status":"publish","type":"post","link":"https:\/\/psol50.org.br\/em-audiencia-publica-no-mpf-liderancas-indigenas-e-povos-tradicionais-criticam-pec-215\/","title":{"rendered":"Em audi\u00eancia p\u00fablica no MPF, lideran\u00e7as ind\u00edgenas e povos tradicionais criticam PEC 215"},"content":{"rendered":"<p><em>Os deputados do PSOL Edmilson Rodrigues e Chico Alencar, que estiveram na audi\u00eancia, reafirmaram o apoio do partido \u00e0 luta contra a proposta<br \/>\n<\/em>Lideran\u00e7as ind\u00edgenas, representantes do poder Legislativo, de entidades que atuam em defesa dos direitos dos povos tradicionais e membros do Minist\u00e9rio P\u00fablico Federal (MPF) criticaram, em audi\u00eancia p\u00fablica no MPF nesta quinta-feira (26,) a aprova\u00e7\u00e3o, no final de outubro, da Proposta de Emenda \u00e0 Constitui\u00e7\u00e3o (PEC) 215, na comiss\u00e3o especial destinada a analisar o tema na C\u00e2mara dos Deputados.<br \/>\nPela proposta, o Congresso Nacional passa a dar a palavra final sobre a demarca\u00e7\u00e3o de terras ind\u00edgenas, de remanescentes de comunidades quilombolas e de reservas. A audi\u00eancia p\u00fablica convocada pelo Minist\u00e9rio P\u00fablico foi a primeira para discutir o tema depois que a PEC foi aprovada na comiss\u00e3o. N\u00e3o havia representantes favor\u00e1veis \u00e0 proposta.<br \/>\nA subprocuradora-geral da Rep\u00fablica Deborah Duprat ressaltou que o MPF j\u00e1 emitiu nota t\u00e9cnica contr\u00e1ria \u00e0 PEC 215, alegando que ela \u00e9 inconstitucional. \u201cA proposta tem v\u00edcio da separa\u00e7\u00e3o de poderes, dos limites da democracia &#8211; porque uma maioria n\u00e3o poder suprimir direitos de uma minoria\u201d, afirmou.<br \/>\n\u201cO MPF acredita que ela n\u00e3o ser\u00e1 aprovada, acredita no bom senso dos parlamentares, e que ela n\u00e3o passa nem na C\u00e2mara e nem no Senado\u201d, acrescentou Duprat, coordenadora da C\u00e2mara de Povos Ind\u00edgenas e Comunidades tradicionais do MPF.<br \/>\nSiruem Xerente, do povo Xerente de Tocantins, disse que emenda anula os direitos dos povos ind\u00edgenas. \u201cN\u00f3s n\u00e3o temos representantes no Congresso. E o problema n\u00e3o \u00e9 apenas o avan\u00e7o do agroneg\u00f3cio, mas tamb\u00e9m a explora\u00e7\u00e3o dos recursos h\u00eddricos, minerais e as madeiras que est\u00e3o nos territ\u00f3rios dos povos ind\u00edgenas\u201d, afirmou.<br \/>\nOs participantes da audi\u00eancia tamb\u00e9m criticaram a cria\u00e7\u00e3o, na C\u00e2mara, da Comiss\u00e3o Parlamentar de Inqu\u00e9rito (CPI) que vai investigar as a\u00e7\u00f5es da Funda\u00e7\u00e3o Nacional do \u00cdndio (Funai) e do Instituto de Coloniza\u00e7\u00e3o e Reforma Agraria (Incra). Segundo licen\u00e7as ind\u00edgenas, \u00e9 uma \u201cestrat\u00e9gia\u201d para aprovar a PEC 215.<br \/>\n\u201cA CPI \u00e9 para dizer que a Funai \u00e9 falida, corrupta e n\u00e3o d\u00e1 mais conta do procedimento de demarca\u00e7\u00e3o de terras. \u00c9 uma forma que eles encontraram de justificar a PEC. N\u00f3s n\u00e3o somos a favor da CPI. Se tem alguma irregularidade, o governo brasileiro tem que investigar. Mas n\u00e3o \u00e9 a\u00a0 comiss\u00e3o que vai resolver o problema\u201d, afirmou o cacique Marcus Xucuru, da etinia Xucuru, de Pernambuco.<br \/>\nA CPI da Funai e do Incra foi criada no in\u00edcio deste m\u00eas para investigar supostas irregularidades no processo de demarca\u00e7\u00e3o de terras ind\u00edgenas, em especial os estudos antropol\u00f3gicos, necess\u00e1rios para a demarca\u00e7\u00e3o.<br \/>\n\u201cA instala\u00e7\u00e3o da CPI contra a Funai e o Incra, nesse momento, \u00e9 para dizer que o que se produziu sobre terras ind\u00edgenas e terras de quilombos \u00e9 fraudulento, pass\u00edvel de criminaliza\u00e7\u00e3o, a os antrop\u00f3logos que produziram esses documentos podem ser criminalizados\u201d, disse o presidente da Associa\u00e7\u00e3o Brasileira de Antropologia, Ant\u00f4nio Carlos de Souza.<br \/>\nOs deputados <a href=\"https:\/\/www.facebook.com\/chicoalencar\/\" data-hovercard=\"\/ajax\/hovercard\/page.php?id=184693888299537\">Chico Alencar<\/a> (PSOL-RJ) e <a href=\"https:\/\/www.facebook.com\/edmilsonpsol\/\" data-hovercard=\"\/ajax\/hovercard\/page.php?id=267683643272117\">Edmilson Rodrigues<\/a> (PSOL-PA) participaram da audi\u00eancia p\u00fablica. Diante de um p\u00fablico formado por diversas etnias ind\u00edgenas, os parlamentares do PSOL afirmaram o retrocesso que representa essa proposta de emenda constitucional que transfere para o Congresso Nacional a responsabilidade pela demarca\u00e7\u00e3o das terras ind\u00edgenas. Para Chico e Edmilson, a PEC 215 \u00e9 inconstitucional e quer acabar com a demarca\u00e7\u00e3o no Brasil.<br \/>\n&#8220;Estamos a servi\u00e7o do lucro ou da vida? Os \u00edndios e quilombolas n\u00e3o est\u00e3o mendigando nenhum favor. Eles tem direito \u00e0 terra! Direito \u00e0 vida! A PEC 215 \u00e9 uma amea\u00e7a a estes direitos&#8221;, avalia Edmilson.<br \/>\nA aprova\u00e7\u00e3o definitiva da PEC 215 ainda depende de dois turnos de vota\u00e7\u00e3o nos plen\u00e1rios da C\u00e2mara e do Senado, com qu\u00f3rum qualificado, ou seja, com os votos de, pelo menos, 308 deputados e 49 senadores.<br \/>\n<em>Com informa\u00e7\u00f5es da <a href=\"http:\/\/agenciabrasil.ebc.com.br\/\">Ag\u00eancia Brasil<\/a><\/em><\/p>\n","protected":false},"excerpt":{"rendered":"<p>Os deputados do PSOL Edmilson Rodrigues e Chico Alencar, que estiveram na audi\u00eancia, reafirmaram o apoio do partido \u00e0 luta contra a proposta Lideran\u00e7as ind\u00edgenas, representantes do poder Legislativo, de entidades que atuam em defesa dos direitos dos povos tradicionais e membros do Minist\u00e9rio P\u00fablico Federal (MPF) criticaram, em audi\u00eancia p\u00fablica no MPF nesta quinta-feira [&hellip;]<\/p>\n","protected":false},"author":2,"featured_media":10754,"comment_status":"open","ping_status":"open","sticky":false,"template":"","format":"standard","meta":{"_acf_changed":false,"footnotes":""},"categories":[10,1882,6],"tags":[1073,1680,4042,3683,973,12,76,4749],"class_list":{"0":"post-10753","1":"post","2":"type-post","3":"status-publish","4":"format-standard","5":"has-post-thumbnail","7":"category-acao-parlamentares","8":"category-brasil","9":"category-noticias","10":"tag-agronegocio","11":"tag-chico-alencar","12":"tag-comunidades-tradicionais","13":"tag-demarcacao-de-terras","14":"tag-edmilson-rodrigues","15":"tag-indigenas","16":"tag-mpf","17":"tag-pec-215"},"acf":[],"yoast_head":"<!-- This site is optimized with the Yoast SEO plugin v26.5 - https:\/\/yoast.com\/wordpress\/plugins\/seo\/ -->\n<title>Em audi\u00eancia p\u00fablica no MPF, lideran\u00e7as ind\u00edgenas e povos tradicionais criticam PEC 215 - PSOL 50<\/title>\n<meta name=\"robots\" content=\"index, follow, max-snippet:-1, max-image-preview:large, max-video-preview:-1\" \/>\n<link rel=\"canonical\" href=\"https:\/\/psol50.org.br\/em-audiencia-publica-no-mpf-liderancas-indigenas-e-povos-tradicionais-criticam-pec-215\/\" \/>\n<meta property=\"og:locale\" content=\"pt_BR\" \/>\n<meta property=\"og:type\" content=\"article\" \/>\n<meta property=\"og:title\" content=\"Em audi\u00eancia p\u00fablica no MPF, lideran\u00e7as ind\u00edgenas e povos tradicionais criticam PEC 215 - PSOL 50\" \/>\n<meta property=\"og:description\" content=\"Os deputados do PSOL Edmilson Rodrigues e Chico Alencar, que estiveram na audi\u00eancia, reafirmaram o apoio do partido \u00e0 luta contra a proposta Lideran\u00e7as ind\u00edgenas, representantes do poder Legislativo, de entidades que atuam em defesa dos direitos dos povos tradicionais e membros do Minist\u00e9rio P\u00fablico Federal (MPF) criticaram, em audi\u00eancia p\u00fablica no MPF nesta quinta-feira [&hellip;]\" \/>\n<meta property=\"og:url\" content=\"https:\/\/psol50.org.br\/em-audiencia-publica-no-mpf-liderancas-indigenas-e-povos-tradicionais-criticam-pec-215\/\" \/>\n<meta property=\"og:site_name\" content=\"PSOL 50\" \/>\n<meta property=\"article:publisher\" content=\"https:\/\/www.facebook.com\/psol50\" \/>\n<meta property=\"article:published_time\" content=\"2015-11-27T17:40:31+00:00\" \/>\n<meta property=\"og:image\" content=\"https:\/\/psol50.org.br\/inc\/uploads\/2015\/11\/Cartaz-contra-a-PEC-215-e1448893160641.jpg\" \/>\n\t<meta property=\"og:image:width\" content=\"1000\" \/>\n\t<meta property=\"og:image:height\" content=\"667\" \/>\n\t<meta property=\"og:image:type\" content=\"image\/jpeg\" \/>\n<meta name=\"author\" content=\"Comunica\u00e7\u00e3o PSOL\" \/>\n<meta name=\"twitter:card\" content=\"summary_large_image\" \/>\n<meta name=\"twitter:creator\" content=\"@psol50\" \/>\n<meta name=\"twitter:site\" content=\"@psol50\" \/>\n<meta name=\"twitter:label1\" content=\"Escrito por\" \/>\n\t<meta name=\"twitter:data1\" content=\"Comunica\u00e7\u00e3o PSOL\" \/>\n\t<meta name=\"twitter:label2\" content=\"Est. tempo de leitura\" \/>\n\t<meta name=\"twitter:data2\" content=\"3 minutos\" \/>\n<script type=\"application\/ld+json\" class=\"yoast-schema-graph\">{\"@context\":\"https:\/\/schema.org\",\"@graph\":[{\"@type\":\"Article\",\"@id\":\"https:\/\/psol50.org.br\/em-audiencia-publica-no-mpf-liderancas-indigenas-e-povos-tradicionais-criticam-pec-215\/#article\",\"isPartOf\":{\"@id\":\"https:\/\/psol50.org.br\/em-audiencia-publica-no-mpf-liderancas-indigenas-e-povos-tradicionais-criticam-pec-215\/\"},\"author\":{\"name\":\"Comunica\u00e7\u00e3o PSOL\",\"@id\":\"https:\/\/psol50.org.br\/#\/schema\/person\/475dfa57d0b815993c714c2e96491fcd\"},\"headline\":\"Em audi\u00eancia p\u00fablica no MPF, lideran\u00e7as ind\u00edgenas e povos tradicionais criticam PEC 215\",\"datePublished\":\"2015-11-27T17:40:31+00:00\",\"mainEntityOfPage\":{\"@id\":\"https:\/\/psol50.org.br\/em-audiencia-publica-no-mpf-liderancas-indigenas-e-povos-tradicionais-criticam-pec-215\/\"},\"wordCount\":701,\"commentCount\":0,\"publisher\":{\"@id\":\"https:\/\/psol50.org.br\/#organization\"},\"image\":{\"@id\":\"https:\/\/psol50.org.br\/em-audiencia-publica-no-mpf-liderancas-indigenas-e-povos-tradicionais-criticam-pec-215\/#primaryimage\"},\"thumbnailUrl\":\"https:\/\/psol50.org.br\/inc\/uploads\/2015\/11\/Cartaz-contra-a-PEC-215-e1448893160641.jpg\",\"keywords\":[\"agroneg\u00f3cio\",\"Chico Alencar\",\"comunidades tradicionais\",\"demarca\u00e7\u00e3o de terras\",\"Edmilson Rodrigues\",\"Ind\u00edgenas\",\"MPF\",\"PEC 215\"],\"articleSection\":[\"A\u00e7\u00e3o Parlamentar\",\"Brasil\",\"Not\u00edcias\"],\"inLanguage\":\"pt-BR\",\"potentialAction\":[{\"@type\":\"CommentAction\",\"name\":\"Comment\",\"target\":[\"https:\/\/psol50.org.br\/em-audiencia-publica-no-mpf-liderancas-indigenas-e-povos-tradicionais-criticam-pec-215\/#respond\"]}]},{\"@type\":\"WebPage\",\"@id\":\"https:\/\/psol50.org.br\/em-audiencia-publica-no-mpf-liderancas-indigenas-e-povos-tradicionais-criticam-pec-215\/\",\"url\":\"https:\/\/psol50.org.br\/em-audiencia-publica-no-mpf-liderancas-indigenas-e-povos-tradicionais-criticam-pec-215\/\",\"name\":\"Em audi\u00eancia p\u00fablica no MPF, lideran\u00e7as ind\u00edgenas e povos tradicionais criticam PEC 215 - PSOL 50\",\"isPartOf\":{\"@id\":\"https:\/\/psol50.org.br\/#website\"},\"primaryImageOfPage\":{\"@id\":\"https:\/\/psol50.org.br\/em-audiencia-publica-no-mpf-liderancas-indigenas-e-povos-tradicionais-criticam-pec-215\/#primaryimage\"},\"image\":{\"@id\":\"https:\/\/psol50.org.br\/em-audiencia-publica-no-mpf-liderancas-indigenas-e-povos-tradicionais-criticam-pec-215\/#primaryimage\"},\"thumbnailUrl\":\"https:\/\/psol50.org.br\/inc\/uploads\/2015\/11\/Cartaz-contra-a-PEC-215-e1448893160641.jpg\",\"datePublished\":\"2015-11-27T17:40:31+00:00\",\"breadcrumb\":{\"@id\":\"https:\/\/psol50.org.br\/em-audiencia-publica-no-mpf-liderancas-indigenas-e-povos-tradicionais-criticam-pec-215\/#breadcrumb\"},\"inLanguage\":\"pt-BR\",\"potentialAction\":[{\"@type\":\"ReadAction\",\"target\":[\"https:\/\/psol50.org.br\/em-audiencia-publica-no-mpf-liderancas-indigenas-e-povos-tradicionais-criticam-pec-215\/\"]}]},{\"@type\":\"ImageObject\",\"inLanguage\":\"pt-BR\",\"@id\":\"https:\/\/psol50.org.br\/em-audiencia-publica-no-mpf-liderancas-indigenas-e-povos-tradicionais-criticam-pec-215\/#primaryimage\",\"url\":\"https:\/\/psol50.org.br\/inc\/uploads\/2015\/11\/Cartaz-contra-a-PEC-215-e1448893160641.jpg\",\"contentUrl\":\"https:\/\/psol50.org.br\/inc\/uploads\/2015\/11\/Cartaz-contra-a-PEC-215-e1448893160641.jpg\",\"width\":1000,\"height\":667},{\"@type\":\"BreadcrumbList\",\"@id\":\"https:\/\/psol50.org.br\/em-audiencia-publica-no-mpf-liderancas-indigenas-e-povos-tradicionais-criticam-pec-215\/#breadcrumb\",\"itemListElement\":[{\"@type\":\"ListItem\",\"position\":1,\"name\":\"In\u00edcio\",\"item\":\"https:\/\/psol50.org.br\/\"},{\"@type\":\"ListItem\",\"position\":2,\"name\":\"Em audi\u00eancia p\u00fablica no MPF, lideran\u00e7as ind\u00edgenas e povos tradicionais criticam PEC 215\"}]},{\"@type\":\"WebSite\",\"@id\":\"https:\/\/psol50.org.br\/#website\",\"url\":\"https:\/\/psol50.org.br\/\",\"name\":\"PSOL 50\",\"description\":\"Site oficial do Partido Socialismo e Liberdade\",\"publisher\":{\"@id\":\"https:\/\/psol50.org.br\/#organization\"},\"alternateName\":\"PSOL50\",\"potentialAction\":[{\"@type\":\"SearchAction\",\"target\":{\"@type\":\"EntryPoint\",\"urlTemplate\":\"https:\/\/psol50.org.br\/?s={search_term_string}\"},\"query-input\":{\"@type\":\"PropertyValueSpecification\",\"valueRequired\":true,\"valueName\":\"search_term_string\"}}],\"inLanguage\":\"pt-BR\"},{\"@type\":\"Organization\",\"@id\":\"https:\/\/psol50.org.br\/#organization\",\"name\":\"PSOL 50\",\"alternateName\":\"PSOL 50\",\"url\":\"https:\/\/psol50.org.br\/\",\"logo\":{\"@type\":\"ImageObject\",\"inLanguage\":\"pt-BR\",\"@id\":\"https:\/\/psol50.org.br\/#\/schema\/logo\/image\/\",\"url\":\"https:\/\/psol50.org.br\/inc\/uploads\/2018\/07\/capa.png\",\"contentUrl\":\"https:\/\/psol50.org.br\/inc\/uploads\/2018\/07\/capa.png\",\"width\":1350,\"height\":900,\"caption\":\"PSOL 50\"},\"image\":{\"@id\":\"https:\/\/psol50.org.br\/#\/schema\/logo\/image\/\"},\"sameAs\":[\"https:\/\/www.facebook.com\/psol50\",\"https:\/\/x.com\/psol50\",\"https:\/\/www.instagram.com\/psol50\/\",\"https:\/\/www.youtube.com\/channel\/UC7SnJS5o1os7a6CaiNabzcg\"]},{\"@type\":\"Person\",\"@id\":\"https:\/\/psol50.org.br\/#\/schema\/person\/475dfa57d0b815993c714c2e96491fcd\",\"name\":\"Comunica\u00e7\u00e3o PSOL\",\"image\":{\"@type\":\"ImageObject\",\"inLanguage\":\"pt-BR\",\"@id\":\"https:\/\/psol50.org.br\/#\/schema\/person\/image\/\",\"url\":\"https:\/\/secure.gravatar.com\/avatar\/b34fc4f4e468a4e51785917065a3db57b841f5c95dba6ad8c73aaf8f66f8f9bf?s=96&d=mm&r=g\",\"contentUrl\":\"https:\/\/secure.gravatar.com\/avatar\/b34fc4f4e468a4e51785917065a3db57b841f5c95dba6ad8c73aaf8f66f8f9bf?s=96&d=mm&r=g\",\"caption\":\"Comunica\u00e7\u00e3o PSOL\"}}]}<\/script>\n<!-- \/ Yoast SEO plugin. -->","yoast_head_json":{"title":"Em audi\u00eancia p\u00fablica no MPF, lideran\u00e7as ind\u00edgenas e povos tradicionais criticam PEC 215 - PSOL 50","robots":{"index":"index","follow":"follow","max-snippet":"max-snippet:-1","max-image-preview":"max-image-preview:large","max-video-preview":"max-video-preview:-1"},"canonical":"https:\/\/psol50.org.br\/em-audiencia-publica-no-mpf-liderancas-indigenas-e-povos-tradicionais-criticam-pec-215\/","og_locale":"pt_BR","og_type":"article","og_title":"Em audi\u00eancia p\u00fablica no MPF, lideran\u00e7as ind\u00edgenas e povos tradicionais criticam PEC 215 - PSOL 50","og_description":"Os deputados do PSOL Edmilson Rodrigues e Chico Alencar, que estiveram na audi\u00eancia, reafirmaram o apoio do partido \u00e0 luta contra a proposta Lideran\u00e7as ind\u00edgenas, representantes do poder Legislativo, de entidades que atuam em defesa dos direitos dos povos tradicionais e membros do Minist\u00e9rio P\u00fablico Federal (MPF) criticaram, em audi\u00eancia p\u00fablica no MPF nesta quinta-feira [&hellip;]","og_url":"https:\/\/psol50.org.br\/em-audiencia-publica-no-mpf-liderancas-indigenas-e-povos-tradicionais-criticam-pec-215\/","og_site_name":"PSOL 50","article_publisher":"https:\/\/www.facebook.com\/psol50","article_published_time":"2015-11-27T17:40:31+00:00","og_image":[{"width":1000,"height":667,"url":"https:\/\/psol50.org.br\/inc\/uploads\/2015\/11\/Cartaz-contra-a-PEC-215-e1448893160641.jpg","type":"image\/jpeg"}],"author":"Comunica\u00e7\u00e3o PSOL","twitter_card":"summary_large_image","twitter_creator":"@psol50","twitter_site":"@psol50","twitter_misc":{"Escrito por":"Comunica\u00e7\u00e3o PSOL","Est. tempo de leitura":"3 minutos"},"schema":{"@context":"https:\/\/schema.org","@graph":[{"@type":"Article","@id":"https:\/\/psol50.org.br\/em-audiencia-publica-no-mpf-liderancas-indigenas-e-povos-tradicionais-criticam-pec-215\/#article","isPartOf":{"@id":"https:\/\/psol50.org.br\/em-audiencia-publica-no-mpf-liderancas-indigenas-e-povos-tradicionais-criticam-pec-215\/"},"author":{"name":"Comunica\u00e7\u00e3o PSOL","@id":"https:\/\/psol50.org.br\/#\/schema\/person\/475dfa57d0b815993c714c2e96491fcd"},"headline":"Em audi\u00eancia p\u00fablica no MPF, lideran\u00e7as ind\u00edgenas e povos tradicionais criticam PEC 215","datePublished":"2015-11-27T17:40:31+00:00","mainEntityOfPage":{"@id":"https:\/\/psol50.org.br\/em-audiencia-publica-no-mpf-liderancas-indigenas-e-povos-tradicionais-criticam-pec-215\/"},"wordCount":701,"commentCount":0,"publisher":{"@id":"https:\/\/psol50.org.br\/#organization"},"image":{"@id":"https:\/\/psol50.org.br\/em-audiencia-publica-no-mpf-liderancas-indigenas-e-povos-tradicionais-criticam-pec-215\/#primaryimage"},"thumbnailUrl":"https:\/\/psol50.org.br\/inc\/uploads\/2015\/11\/Cartaz-contra-a-PEC-215-e1448893160641.jpg","keywords":["agroneg\u00f3cio","Chico Alencar","comunidades tradicionais","demarca\u00e7\u00e3o de terras","Edmilson Rodrigues","Ind\u00edgenas","MPF","PEC 215"],"articleSection":["A\u00e7\u00e3o Parlamentar","Brasil","Not\u00edcias"],"inLanguage":"pt-BR","potentialAction":[{"@type":"CommentAction","name":"Comment","target":["https:\/\/psol50.org.br\/em-audiencia-publica-no-mpf-liderancas-indigenas-e-povos-tradicionais-criticam-pec-215\/#respond"]}]},{"@type":"WebPage","@id":"https:\/\/psol50.org.br\/em-audiencia-publica-no-mpf-liderancas-indigenas-e-povos-tradicionais-criticam-pec-215\/","url":"https:\/\/psol50.org.br\/em-audiencia-publica-no-mpf-liderancas-indigenas-e-povos-tradicionais-criticam-pec-215\/","name":"Em audi\u00eancia p\u00fablica no MPF, lideran\u00e7as ind\u00edgenas e povos tradicionais criticam PEC 215 - PSOL 50","isPartOf":{"@id":"https:\/\/psol50.org.br\/#website"},"primaryImageOfPage":{"@id":"https:\/\/psol50.org.br\/em-audiencia-publica-no-mpf-liderancas-indigenas-e-povos-tradicionais-criticam-pec-215\/#primaryimage"},"image":{"@id":"https:\/\/psol50.org.br\/em-audiencia-publica-no-mpf-liderancas-indigenas-e-povos-tradicionais-criticam-pec-215\/#primaryimage"},"thumbnailUrl":"https:\/\/psol50.org.br\/inc\/uploads\/2015\/11\/Cartaz-contra-a-PEC-215-e1448893160641.jpg","datePublished":"2015-11-27T17:40:31+00:00","breadcrumb":{"@id":"https:\/\/psol50.org.br\/em-audiencia-publica-no-mpf-liderancas-indigenas-e-povos-tradicionais-criticam-pec-215\/#breadcrumb"},"inLanguage":"pt-BR","potentialAction":[{"@type":"ReadAction","target":["https:\/\/psol50.org.br\/em-audiencia-publica-no-mpf-liderancas-indigenas-e-povos-tradicionais-criticam-pec-215\/"]}]},{"@type":"ImageObject","inLanguage":"pt-BR","@id":"https:\/\/psol50.org.br\/em-audiencia-publica-no-mpf-liderancas-indigenas-e-povos-tradicionais-criticam-pec-215\/#primaryimage","url":"https:\/\/psol50.org.br\/inc\/uploads\/2015\/11\/Cartaz-contra-a-PEC-215-e1448893160641.jpg","contentUrl":"https:\/\/psol50.org.br\/inc\/uploads\/2015\/11\/Cartaz-contra-a-PEC-215-e1448893160641.jpg","width":1000,"height":667},{"@type":"BreadcrumbList","@id":"https:\/\/psol50.org.br\/em-audiencia-publica-no-mpf-liderancas-indigenas-e-povos-tradicionais-criticam-pec-215\/#breadcrumb","itemListElement":[{"@type":"ListItem","position":1,"name":"In\u00edcio","item":"https:\/\/psol50.org.br\/"},{"@type":"ListItem","position":2,"name":"Em audi\u00eancia p\u00fablica no MPF, lideran\u00e7as ind\u00edgenas e povos tradicionais criticam PEC 215"}]},{"@type":"WebSite","@id":"https:\/\/psol50.org.br\/#website","url":"https:\/\/psol50.org.br\/","name":"PSOL 50","description":"Site oficial do Partido Socialismo e Liberdade","publisher":{"@id":"https:\/\/psol50.org.br\/#organization"},"alternateName":"PSOL50","potentialAction":[{"@type":"SearchAction","target":{"@type":"EntryPoint","urlTemplate":"https:\/\/psol50.org.br\/?s={search_term_string}"},"query-input":{"@type":"PropertyValueSpecification","valueRequired":true,"valueName":"search_term_string"}}],"inLanguage":"pt-BR"},{"@type":"Organization","@id":"https:\/\/psol50.org.br\/#organization","name":"PSOL 50","alternateName":"PSOL 50","url":"https:\/\/psol50.org.br\/","logo":{"@type":"ImageObject","inLanguage":"pt-BR","@id":"https:\/\/psol50.org.br\/#\/schema\/logo\/image\/","url":"https:\/\/psol50.org.br\/inc\/uploads\/2018\/07\/capa.png","contentUrl":"https:\/\/psol50.org.br\/inc\/uploads\/2018\/07\/capa.png","width":1350,"height":900,"caption":"PSOL 50"},"image":{"@id":"https:\/\/psol50.org.br\/#\/schema\/logo\/image\/"},"sameAs":["https:\/\/www.facebook.com\/psol50","https:\/\/x.com\/psol50","https:\/\/www.instagram.com\/psol50\/","https:\/\/www.youtube.com\/channel\/UC7SnJS5o1os7a6CaiNabzcg"]},{"@type":"Person","@id":"https:\/\/psol50.org.br\/#\/schema\/person\/475dfa57d0b815993c714c2e96491fcd","name":"Comunica\u00e7\u00e3o PSOL","image":{"@type":"ImageObject","inLanguage":"pt-BR","@id":"https:\/\/psol50.org.br\/#\/schema\/person\/image\/","url":"https:\/\/secure.gravatar.com\/avatar\/b34fc4f4e468a4e51785917065a3db57b841f5c95dba6ad8c73aaf8f66f8f9bf?s=96&d=mm&r=g","contentUrl":"https:\/\/secure.gravatar.com\/avatar\/b34fc4f4e468a4e51785917065a3db57b841f5c95dba6ad8c73aaf8f66f8f9bf?s=96&d=mm&r=g","caption":"Comunica\u00e7\u00e3o PSOL"}}]}},"_links":{"self":[{"href":"https:\/\/psol50.org.br\/rest\/wp\/v2\/posts\/10753","targetHints":{"allow":["GET"]}}],"collection":[{"href":"https:\/\/psol50.org.br\/rest\/wp\/v2\/posts"}],"about":[{"href":"https:\/\/psol50.org.br\/rest\/wp\/v2\/types\/post"}],"author":[{"embeddable":true,"href":"https:\/\/psol50.org.br\/rest\/wp\/v2\/users\/2"}],"replies":[{"embeddable":true,"href":"https:\/\/psol50.org.br\/rest\/wp\/v2\/comments?post=10753"}],"version-history":[{"count":0,"href":"https:\/\/psol50.org.br\/rest\/wp\/v2\/posts\/10753\/revisions"}],"wp:featuredmedia":[{"embeddable":true,"href":"https:\/\/psol50.org.br\/rest\/wp\/v2\/media\/10754"}],"wp:attachment":[{"href":"https:\/\/psol50.org.br\/rest\/wp\/v2\/media?parent=10753"}],"wp:term":[{"taxonomy":"category","embeddable":true,"href":"https:\/\/psol50.org.br\/rest\/wp\/v2\/categories?post=10753"},{"taxonomy":"post_tag","embeddable":true,"href":"https:\/\/psol50.org.br\/rest\/wp\/v2\/tags?post=10753"}],"curies":[{"name":"wp","href":"https:\/\/api.w.org\/{rel}","templated":true}]}}