{"id":10758,"date":"2015-11-27T19:35:22","date_gmt":"2015-11-27T19:35:22","guid":{"rendered":"http:\/\/www.psol50.org.br\/?p=10758"},"modified":"2015-11-27T19:35:22","modified_gmt":"2015-11-27T19:35:22","slug":"psol-apresenta-decreto-legislativo-para-sustar-licenca-de-operacao-de-belo-monte","status":"publish","type":"post","link":"https:\/\/psol50.org.br\/psol-apresenta-decreto-legislativo-para-sustar-licenca-de-operacao-de-belo-monte\/","title":{"rendered":"PSOL apresenta decreto legislativo para sustar licen\u00e7a de opera\u00e7\u00e3o de Belo Monte"},"content":{"rendered":"<p>Os deputados Ivan Valente (SP) e Edmilson Rodrigues (PA) apresentaram na tarde desta quinta-feira (26\/11) decreto legislativo que susta a licen\u00e7a concedida pelo Ibama para opera\u00e7\u00e3o da Usina de Belo Monte. Na ter\u00e7a-feira (24\/11) o \u00f3rg\u00e3o autorizou o enchimento do reservat\u00f3rio da usina, apesar do Cons\u00f3rcio Norte Energia n\u00e3o ter cumprido 36 das 40 condicionantes impostas no licenciamento da obra.<br \/>\nEntre as condicionantes n\u00e3o cumpridas encontra-se, por exemplo, a inoper\u00e2ncia do sistema de saneamento b\u00e1sico de Altamira, o apodrecimento ou queima de madeira suprimida e aus\u00eancia de repara\u00e7\u00e3o integral \u00e0s fam\u00edlias deslocadas \u00e0 for\u00e7a. Para os parlamentares, trata-se de uma flagrante ilegalidade e inconstitucionalidade do governo federal. Em nome do &#8220;desenvolvimento nacional&#8221;, atropela-se o sistema normativo e coloca em risco comunidades tracionais e os bens naturais brasileiros.<br \/>\n\u201cEsse ato administrativo expedido pelo Ibama \u00e9 baseado em relat\u00f3rios fraudulentos. Uma decis\u00e3o pol\u00edtico-administrativa totalmente fora de qualquer padr\u00e3o legal ou moral. O pr\u00f3prio Ibama reconhece que as condicionantes n\u00e3o foram cumpridas. Ent\u00e3o como pode o \u00f3rg\u00e3o decidir pela libera\u00e7\u00e3o? Isso n\u00e3o s\u00f3 \u00e9 errado, \u00e9 um crime&#8221;, avalia Edmilson Rodrigues.<br \/>\nDe acordo com o Instituto Socioambiental (ISA), a reincid\u00eancia dessas condicionantes na Licen\u00e7a de Opera\u00e7\u00e3o (LO) s\u00f3 confirma a dificuldade do \u00f3rg\u00e3o de fiscaliza\u00e7\u00e3o de garantir o cumprimento do que ele mesmo define como condi\u00e7\u00e3o pr\u00e9via para o empreendimento operar. Mais grave ainda os casos de descumprimento de condicionantes que deviam ser executadas pelo pr\u00f3prio poder p\u00fablico e que nenhum dos \u00f3rg\u00e3os de controle exigiram, como, por exemplo, as condicionantes relativas \u00e0 regulariza\u00e7\u00e3o fundi\u00e1ria das terras ind\u00edgenas que ser\u00e3o afetadas por Belo Monte.<br \/>\n&#8220;Essa decis\u00e3o \u00e9 uma viol\u00eancia contra os povos tradicionais e ind\u00edgenas, contra a Amaz\u00f4nia e a soberania nacional. Uma ilegalidade que n\u00e3o podemos aceitar. Por isso, apresentamos o PDC com o objetivo de anul\u00e1-la&#8221;, afirma Ivan Valente.<br \/>\nConfira <a href=\"http:\/\/www2.camara.leg.br\/proposicoesWeb\/prop_mostrarintegra;jsessionid=1BCF651EA5E53573625AA60F635E98D5.proposicoesWeb1?codteor=1418152&amp;filename=PDC+287\/2015\">aqui<\/a> o conte\u00fado do Projeto de Decreto Legislativo.<br \/>\nFonte: <em>Mandato deputado Ivan Valente<\/em><br \/>\n&nbsp;<\/p>\n","protected":false},"excerpt":{"rendered":"<p>Os deputados Ivan Valente (SP) e Edmilson Rodrigues (PA) apresentaram na tarde desta quinta-feira (26\/11) decreto legislativo que susta a licen\u00e7a concedida pelo Ibama para opera\u00e7\u00e3o da Usina de Belo Monte. Na ter\u00e7a-feira (24\/11) o \u00f3rg\u00e3o autorizou o enchimento do reservat\u00f3rio da usina, apesar do Cons\u00f3rcio Norte Energia n\u00e3o ter cumprido 36 das 40 condicionantes [&hellip;]<\/p>\n","protected":false},"author":2,"featured_media":10759,"comment_status":"open","ping_status":"open","sticky":false,"template":"","format":"standard","meta":{"_acf_changed":false,"footnotes":""},"categories":[10,1882,6,14],"tags":[4069,4922,328,973,4866,778,552,4918,4923,4071],"class_list":{"0":"post-10758","1":"post","2":"type-post","3":"status-publish","4":"format-standard","5":"has-post-thumbnail","7":"category-acao-parlamentares","8":"category-brasil","9":"category-noticias","10":"category-partido","11":"tag-belo-monte","12":"tag-consorcio-norte-energia","13":"tag-decreto-legislativo","14":"tag-edmilson-rodrigues","15":"tag-hidreletrica","16":"tag-ibama","17":"tag-ivan-valente","18":"tag-licenca-ambiental","19":"tag-pdc","20":"tag-usina"},"acf":[],"yoast_head":"<!-- This site is optimized with the Yoast SEO plugin v26.5 - https:\/\/yoast.com\/wordpress\/plugins\/seo\/ -->\n<title>PSOL apresenta decreto legislativo para sustar licen\u00e7a de opera\u00e7\u00e3o de Belo Monte - PSOL 50<\/title>\n<meta name=\"robots\" content=\"index, follow, max-snippet:-1, max-image-preview:large, max-video-preview:-1\" \/>\n<link rel=\"canonical\" href=\"https:\/\/psol50.org.br\/psol-apresenta-decreto-legislativo-para-sustar-licenca-de-operacao-de-belo-monte\/\" \/>\n<meta property=\"og:locale\" content=\"pt_BR\" \/>\n<meta property=\"og:type\" content=\"article\" \/>\n<meta property=\"og:title\" content=\"PSOL apresenta decreto legislativo para sustar licen\u00e7a de opera\u00e7\u00e3o de Belo Monte - PSOL 50\" \/>\n<meta property=\"og:description\" content=\"Os deputados Ivan Valente (SP) e Edmilson Rodrigues (PA) apresentaram na tarde desta quinta-feira (26\/11) decreto legislativo que susta a licen\u00e7a concedida pelo Ibama para opera\u00e7\u00e3o da Usina de Belo Monte. Na ter\u00e7a-feira (24\/11) o \u00f3rg\u00e3o autorizou o enchimento do reservat\u00f3rio da usina, apesar do Cons\u00f3rcio Norte Energia n\u00e3o ter cumprido 36 das 40 condicionantes [&hellip;]\" \/>\n<meta property=\"og:url\" content=\"https:\/\/psol50.org.br\/psol-apresenta-decreto-legislativo-para-sustar-licenca-de-operacao-de-belo-monte\/\" \/>\n<meta property=\"og:site_name\" content=\"PSOL 50\" \/>\n<meta property=\"article:publisher\" content=\"https:\/\/www.facebook.com\/psol50\" \/>\n<meta property=\"article:published_time\" content=\"2015-11-27T19:35:22+00:00\" \/>\n<meta property=\"og:image\" content=\"https:\/\/psol50.org.br\/inc\/uploads\/2015\/11\/Obras-de-Belo-Monte1-e1448893236619.jpg\" \/>\n\t<meta property=\"og:image:width\" content=\"1000\" \/>\n\t<meta property=\"og:image:height\" content=\"664\" \/>\n\t<meta property=\"og:image:type\" content=\"image\/jpeg\" \/>\n<meta name=\"author\" content=\"Comunica\u00e7\u00e3o PSOL\" \/>\n<meta name=\"twitter:card\" content=\"summary_large_image\" \/>\n<meta name=\"twitter:creator\" content=\"@psol50\" \/>\n<meta name=\"twitter:site\" content=\"@psol50\" \/>\n<meta name=\"twitter:label1\" content=\"Escrito por\" \/>\n\t<meta name=\"twitter:data1\" content=\"Comunica\u00e7\u00e3o PSOL\" \/>\n\t<meta name=\"twitter:label2\" content=\"Est. tempo de leitura\" \/>\n\t<meta name=\"twitter:data2\" content=\"2 minutos\" \/>\n<script type=\"application\/ld+json\" class=\"yoast-schema-graph\">{\"@context\":\"https:\/\/schema.org\",\"@graph\":[{\"@type\":\"Article\",\"@id\":\"https:\/\/psol50.org.br\/psol-apresenta-decreto-legislativo-para-sustar-licenca-de-operacao-de-belo-monte\/#article\",\"isPartOf\":{\"@id\":\"https:\/\/psol50.org.br\/psol-apresenta-decreto-legislativo-para-sustar-licenca-de-operacao-de-belo-monte\/\"},\"author\":{\"name\":\"Comunica\u00e7\u00e3o PSOL\",\"@id\":\"https:\/\/psol50.org.br\/#\/schema\/person\/475dfa57d0b815993c714c2e96491fcd\"},\"headline\":\"PSOL apresenta decreto legislativo para sustar licen\u00e7a de opera\u00e7\u00e3o de Belo Monte\",\"datePublished\":\"2015-11-27T19:35:22+00:00\",\"mainEntityOfPage\":{\"@id\":\"https:\/\/psol50.org.br\/psol-apresenta-decreto-legislativo-para-sustar-licenca-de-operacao-de-belo-monte\/\"},\"wordCount\":362,\"commentCount\":0,\"publisher\":{\"@id\":\"https:\/\/psol50.org.br\/#organization\"},\"image\":{\"@id\":\"https:\/\/psol50.org.br\/psol-apresenta-decreto-legislativo-para-sustar-licenca-de-operacao-de-belo-monte\/#primaryimage\"},\"thumbnailUrl\":\"https:\/\/psol50.org.br\/inc\/uploads\/2015\/11\/Obras-de-Belo-Monte1-e1448893236619.jpg\",\"keywords\":[\"Belo Monte\",\"Cons\u00f3rcio Norte Energia\",\"decreto legislativo\",\"Edmilson Rodrigues\",\"hidrel\u00e9trica\",\"Ibama\",\"Ivan Valente\",\"licen\u00e7a ambiental\",\"PDC\",\"usina\"],\"articleSection\":[\"A\u00e7\u00e3o Parlamentar\",\"Brasil\",\"Not\u00edcias\",\"Partido\"],\"inLanguage\":\"pt-BR\",\"potentialAction\":[{\"@type\":\"CommentAction\",\"name\":\"Comment\",\"target\":[\"https:\/\/psol50.org.br\/psol-apresenta-decreto-legislativo-para-sustar-licenca-de-operacao-de-belo-monte\/#respond\"]}]},{\"@type\":\"WebPage\",\"@id\":\"https:\/\/psol50.org.br\/psol-apresenta-decreto-legislativo-para-sustar-licenca-de-operacao-de-belo-monte\/\",\"url\":\"https:\/\/psol50.org.br\/psol-apresenta-decreto-legislativo-para-sustar-licenca-de-operacao-de-belo-monte\/\",\"name\":\"PSOL apresenta decreto legislativo para sustar licen\u00e7a de opera\u00e7\u00e3o de Belo Monte - PSOL 50\",\"isPartOf\":{\"@id\":\"https:\/\/psol50.org.br\/#website\"},\"primaryImageOfPage\":{\"@id\":\"https:\/\/psol50.org.br\/psol-apresenta-decreto-legislativo-para-sustar-licenca-de-operacao-de-belo-monte\/#primaryimage\"},\"image\":{\"@id\":\"https:\/\/psol50.org.br\/psol-apresenta-decreto-legislativo-para-sustar-licenca-de-operacao-de-belo-monte\/#primaryimage\"},\"thumbnailUrl\":\"https:\/\/psol50.org.br\/inc\/uploads\/2015\/11\/Obras-de-Belo-Monte1-e1448893236619.jpg\",\"datePublished\":\"2015-11-27T19:35:22+00:00\",\"breadcrumb\":{\"@id\":\"https:\/\/psol50.org.br\/psol-apresenta-decreto-legislativo-para-sustar-licenca-de-operacao-de-belo-monte\/#breadcrumb\"},\"inLanguage\":\"pt-BR\",\"potentialAction\":[{\"@type\":\"ReadAction\",\"target\":[\"https:\/\/psol50.org.br\/psol-apresenta-decreto-legislativo-para-sustar-licenca-de-operacao-de-belo-monte\/\"]}]},{\"@type\":\"ImageObject\",\"inLanguage\":\"pt-BR\",\"@id\":\"https:\/\/psol50.org.br\/psol-apresenta-decreto-legislativo-para-sustar-licenca-de-operacao-de-belo-monte\/#primaryimage\",\"url\":\"https:\/\/psol50.org.br\/inc\/uploads\/2015\/11\/Obras-de-Belo-Monte1-e1448893236619.jpg\",\"contentUrl\":\"https:\/\/psol50.org.br\/inc\/uploads\/2015\/11\/Obras-de-Belo-Monte1-e1448893236619.jpg\",\"width\":1000,\"height\":664,\"caption\":\"Obras da Usina Hidrel\u00e9trica de Belo Monte - Fotos Ricardo Joffily\/Ascom DPU. Liberada publica\u00e7\u00e3o da foto para fins jornal\u00edsticos, desde que creditada a autoria.\"},{\"@type\":\"BreadcrumbList\",\"@id\":\"https:\/\/psol50.org.br\/psol-apresenta-decreto-legislativo-para-sustar-licenca-de-operacao-de-belo-monte\/#breadcrumb\",\"itemListElement\":[{\"@type\":\"ListItem\",\"position\":1,\"name\":\"In\u00edcio\",\"item\":\"https:\/\/psol50.org.br\/\"},{\"@type\":\"ListItem\",\"position\":2,\"name\":\"PSOL apresenta decreto legislativo para sustar licen\u00e7a de opera\u00e7\u00e3o de Belo Monte\"}]},{\"@type\":\"WebSite\",\"@id\":\"https:\/\/psol50.org.br\/#website\",\"url\":\"https:\/\/psol50.org.br\/\",\"name\":\"PSOL 50\",\"description\":\"Site oficial do Partido Socialismo e Liberdade\",\"publisher\":{\"@id\":\"https:\/\/psol50.org.br\/#organization\"},\"alternateName\":\"PSOL50\",\"potentialAction\":[{\"@type\":\"SearchAction\",\"target\":{\"@type\":\"EntryPoint\",\"urlTemplate\":\"https:\/\/psol50.org.br\/?s={search_term_string}\"},\"query-input\":{\"@type\":\"PropertyValueSpecification\",\"valueRequired\":true,\"valueName\":\"search_term_string\"}}],\"inLanguage\":\"pt-BR\"},{\"@type\":\"Organization\",\"@id\":\"https:\/\/psol50.org.br\/#organization\",\"name\":\"PSOL 50\",\"alternateName\":\"PSOL 50\",\"url\":\"https:\/\/psol50.org.br\/\",\"logo\":{\"@type\":\"ImageObject\",\"inLanguage\":\"pt-BR\",\"@id\":\"https:\/\/psol50.org.br\/#\/schema\/logo\/image\/\",\"url\":\"https:\/\/psol50.org.br\/inc\/uploads\/2018\/07\/capa.png\",\"contentUrl\":\"https:\/\/psol50.org.br\/inc\/uploads\/2018\/07\/capa.png\",\"width\":1350,\"height\":900,\"caption\":\"PSOL 50\"},\"image\":{\"@id\":\"https:\/\/psol50.org.br\/#\/schema\/logo\/image\/\"},\"sameAs\":[\"https:\/\/www.facebook.com\/psol50\",\"https:\/\/x.com\/psol50\",\"https:\/\/www.instagram.com\/psol50\/\",\"https:\/\/www.youtube.com\/channel\/UC7SnJS5o1os7a6CaiNabzcg\"]},{\"@type\":\"Person\",\"@id\":\"https:\/\/psol50.org.br\/#\/schema\/person\/475dfa57d0b815993c714c2e96491fcd\",\"name\":\"Comunica\u00e7\u00e3o PSOL\",\"image\":{\"@type\":\"ImageObject\",\"inLanguage\":\"pt-BR\",\"@id\":\"https:\/\/psol50.org.br\/#\/schema\/person\/image\/\",\"url\":\"https:\/\/secure.gravatar.com\/avatar\/b34fc4f4e468a4e51785917065a3db57b841f5c95dba6ad8c73aaf8f66f8f9bf?s=96&d=mm&r=g\",\"contentUrl\":\"https:\/\/secure.gravatar.com\/avatar\/b34fc4f4e468a4e51785917065a3db57b841f5c95dba6ad8c73aaf8f66f8f9bf?s=96&d=mm&r=g\",\"caption\":\"Comunica\u00e7\u00e3o PSOL\"}}]}<\/script>\n<!-- \/ Yoast SEO plugin. -->","yoast_head_json":{"title":"PSOL apresenta decreto legislativo para sustar licen\u00e7a de opera\u00e7\u00e3o de Belo Monte - PSOL 50","robots":{"index":"index","follow":"follow","max-snippet":"max-snippet:-1","max-image-preview":"max-image-preview:large","max-video-preview":"max-video-preview:-1"},"canonical":"https:\/\/psol50.org.br\/psol-apresenta-decreto-legislativo-para-sustar-licenca-de-operacao-de-belo-monte\/","og_locale":"pt_BR","og_type":"article","og_title":"PSOL apresenta decreto legislativo para sustar licen\u00e7a de opera\u00e7\u00e3o de Belo Monte - PSOL 50","og_description":"Os deputados Ivan Valente (SP) e Edmilson Rodrigues (PA) apresentaram na tarde desta quinta-feira (26\/11) decreto legislativo que susta a licen\u00e7a concedida pelo Ibama para opera\u00e7\u00e3o da Usina de Belo Monte. Na ter\u00e7a-feira (24\/11) o \u00f3rg\u00e3o autorizou o enchimento do reservat\u00f3rio da usina, apesar do Cons\u00f3rcio Norte Energia n\u00e3o ter cumprido 36 das 40 condicionantes [&hellip;]","og_url":"https:\/\/psol50.org.br\/psol-apresenta-decreto-legislativo-para-sustar-licenca-de-operacao-de-belo-monte\/","og_site_name":"PSOL 50","article_publisher":"https:\/\/www.facebook.com\/psol50","article_published_time":"2015-11-27T19:35:22+00:00","og_image":[{"width":1000,"height":664,"url":"https:\/\/psol50.org.br\/inc\/uploads\/2015\/11\/Obras-de-Belo-Monte1-e1448893236619.jpg","type":"image\/jpeg"}],"author":"Comunica\u00e7\u00e3o PSOL","twitter_card":"summary_large_image","twitter_creator":"@psol50","twitter_site":"@psol50","twitter_misc":{"Escrito por":"Comunica\u00e7\u00e3o PSOL","Est. tempo de leitura":"2 minutos"},"schema":{"@context":"https:\/\/schema.org","@graph":[{"@type":"Article","@id":"https:\/\/psol50.org.br\/psol-apresenta-decreto-legislativo-para-sustar-licenca-de-operacao-de-belo-monte\/#article","isPartOf":{"@id":"https:\/\/psol50.org.br\/psol-apresenta-decreto-legislativo-para-sustar-licenca-de-operacao-de-belo-monte\/"},"author":{"name":"Comunica\u00e7\u00e3o PSOL","@id":"https:\/\/psol50.org.br\/#\/schema\/person\/475dfa57d0b815993c714c2e96491fcd"},"headline":"PSOL apresenta decreto legislativo para sustar licen\u00e7a de opera\u00e7\u00e3o de Belo Monte","datePublished":"2015-11-27T19:35:22+00:00","mainEntityOfPage":{"@id":"https:\/\/psol50.org.br\/psol-apresenta-decreto-legislativo-para-sustar-licenca-de-operacao-de-belo-monte\/"},"wordCount":362,"commentCount":0,"publisher":{"@id":"https:\/\/psol50.org.br\/#organization"},"image":{"@id":"https:\/\/psol50.org.br\/psol-apresenta-decreto-legislativo-para-sustar-licenca-de-operacao-de-belo-monte\/#primaryimage"},"thumbnailUrl":"https:\/\/psol50.org.br\/inc\/uploads\/2015\/11\/Obras-de-Belo-Monte1-e1448893236619.jpg","keywords":["Belo Monte","Cons\u00f3rcio Norte Energia","decreto legislativo","Edmilson Rodrigues","hidrel\u00e9trica","Ibama","Ivan Valente","licen\u00e7a ambiental","PDC","usina"],"articleSection":["A\u00e7\u00e3o Parlamentar","Brasil","Not\u00edcias","Partido"],"inLanguage":"pt-BR","potentialAction":[{"@type":"CommentAction","name":"Comment","target":["https:\/\/psol50.org.br\/psol-apresenta-decreto-legislativo-para-sustar-licenca-de-operacao-de-belo-monte\/#respond"]}]},{"@type":"WebPage","@id":"https:\/\/psol50.org.br\/psol-apresenta-decreto-legislativo-para-sustar-licenca-de-operacao-de-belo-monte\/","url":"https:\/\/psol50.org.br\/psol-apresenta-decreto-legislativo-para-sustar-licenca-de-operacao-de-belo-monte\/","name":"PSOL apresenta decreto legislativo para sustar licen\u00e7a de opera\u00e7\u00e3o de Belo Monte - PSOL 50","isPartOf":{"@id":"https:\/\/psol50.org.br\/#website"},"primaryImageOfPage":{"@id":"https:\/\/psol50.org.br\/psol-apresenta-decreto-legislativo-para-sustar-licenca-de-operacao-de-belo-monte\/#primaryimage"},"image":{"@id":"https:\/\/psol50.org.br\/psol-apresenta-decreto-legislativo-para-sustar-licenca-de-operacao-de-belo-monte\/#primaryimage"},"thumbnailUrl":"https:\/\/psol50.org.br\/inc\/uploads\/2015\/11\/Obras-de-Belo-Monte1-e1448893236619.jpg","datePublished":"2015-11-27T19:35:22+00:00","breadcrumb":{"@id":"https:\/\/psol50.org.br\/psol-apresenta-decreto-legislativo-para-sustar-licenca-de-operacao-de-belo-monte\/#breadcrumb"},"inLanguage":"pt-BR","potentialAction":[{"@type":"ReadAction","target":["https:\/\/psol50.org.br\/psol-apresenta-decreto-legislativo-para-sustar-licenca-de-operacao-de-belo-monte\/"]}]},{"@type":"ImageObject","inLanguage":"pt-BR","@id":"https:\/\/psol50.org.br\/psol-apresenta-decreto-legislativo-para-sustar-licenca-de-operacao-de-belo-monte\/#primaryimage","url":"https:\/\/psol50.org.br\/inc\/uploads\/2015\/11\/Obras-de-Belo-Monte1-e1448893236619.jpg","contentUrl":"https:\/\/psol50.org.br\/inc\/uploads\/2015\/11\/Obras-de-Belo-Monte1-e1448893236619.jpg","width":1000,"height":664,"caption":"Obras da Usina Hidrel\u00e9trica de Belo Monte - Fotos Ricardo Joffily\/Ascom DPU. Liberada publica\u00e7\u00e3o da foto para fins jornal\u00edsticos, desde que creditada a autoria."},{"@type":"BreadcrumbList","@id":"https:\/\/psol50.org.br\/psol-apresenta-decreto-legislativo-para-sustar-licenca-de-operacao-de-belo-monte\/#breadcrumb","itemListElement":[{"@type":"ListItem","position":1,"name":"In\u00edcio","item":"https:\/\/psol50.org.br\/"},{"@type":"ListItem","position":2,"name":"PSOL apresenta decreto legislativo para sustar licen\u00e7a de opera\u00e7\u00e3o de Belo Monte"}]},{"@type":"WebSite","@id":"https:\/\/psol50.org.br\/#website","url":"https:\/\/psol50.org.br\/","name":"PSOL 50","description":"Site oficial do Partido Socialismo e Liberdade","publisher":{"@id":"https:\/\/psol50.org.br\/#organization"},"alternateName":"PSOL50","potentialAction":[{"@type":"SearchAction","target":{"@type":"EntryPoint","urlTemplate":"https:\/\/psol50.org.br\/?s={search_term_string}"},"query-input":{"@type":"PropertyValueSpecification","valueRequired":true,"valueName":"search_term_string"}}],"inLanguage":"pt-BR"},{"@type":"Organization","@id":"https:\/\/psol50.org.br\/#organization","name":"PSOL 50","alternateName":"PSOL 50","url":"https:\/\/psol50.org.br\/","logo":{"@type":"ImageObject","inLanguage":"pt-BR","@id":"https:\/\/psol50.org.br\/#\/schema\/logo\/image\/","url":"https:\/\/psol50.org.br\/inc\/uploads\/2018\/07\/capa.png","contentUrl":"https:\/\/psol50.org.br\/inc\/uploads\/2018\/07\/capa.png","width":1350,"height":900,"caption":"PSOL 50"},"image":{"@id":"https:\/\/psol50.org.br\/#\/schema\/logo\/image\/"},"sameAs":["https:\/\/www.facebook.com\/psol50","https:\/\/x.com\/psol50","https:\/\/www.instagram.com\/psol50\/","https:\/\/www.youtube.com\/channel\/UC7SnJS5o1os7a6CaiNabzcg"]},{"@type":"Person","@id":"https:\/\/psol50.org.br\/#\/schema\/person\/475dfa57d0b815993c714c2e96491fcd","name":"Comunica\u00e7\u00e3o PSOL","image":{"@type":"ImageObject","inLanguage":"pt-BR","@id":"https:\/\/psol50.org.br\/#\/schema\/person\/image\/","url":"https:\/\/secure.gravatar.com\/avatar\/b34fc4f4e468a4e51785917065a3db57b841f5c95dba6ad8c73aaf8f66f8f9bf?s=96&d=mm&r=g","contentUrl":"https:\/\/secure.gravatar.com\/avatar\/b34fc4f4e468a4e51785917065a3db57b841f5c95dba6ad8c73aaf8f66f8f9bf?s=96&d=mm&r=g","caption":"Comunica\u00e7\u00e3o PSOL"}}]}},"_links":{"self":[{"href":"https:\/\/psol50.org.br\/rest\/wp\/v2\/posts\/10758","targetHints":{"allow":["GET"]}}],"collection":[{"href":"https:\/\/psol50.org.br\/rest\/wp\/v2\/posts"}],"about":[{"href":"https:\/\/psol50.org.br\/rest\/wp\/v2\/types\/post"}],"author":[{"embeddable":true,"href":"https:\/\/psol50.org.br\/rest\/wp\/v2\/users\/2"}],"replies":[{"embeddable":true,"href":"https:\/\/psol50.org.br\/rest\/wp\/v2\/comments?post=10758"}],"version-history":[{"count":0,"href":"https:\/\/psol50.org.br\/rest\/wp\/v2\/posts\/10758\/revisions"}],"wp:featuredmedia":[{"embeddable":true,"href":"https:\/\/psol50.org.br\/rest\/wp\/v2\/media\/10759"}],"wp:attachment":[{"href":"https:\/\/psol50.org.br\/rest\/wp\/v2\/media?parent=10758"}],"wp:term":[{"taxonomy":"category","embeddable":true,"href":"https:\/\/psol50.org.br\/rest\/wp\/v2\/categories?post=10758"},{"taxonomy":"post_tag","embeddable":true,"href":"https:\/\/psol50.org.br\/rest\/wp\/v2\/tags?post=10758"}],"curies":[{"name":"wp","href":"https:\/\/api.w.org\/{rel}","templated":true}]}}