{"id":10765,"date":"2015-12-01T16:39:27","date_gmt":"2015-12-01T16:39:27","guid":{"rendered":"http:\/\/www.psol50.org.br\/?p=10765"},"modified":"2015-12-01T16:39:27","modified_gmt":"2015-12-01T16:39:27","slug":"amigos-ocultos-e-inimigos-publicos","status":"publish","type":"post","link":"https:\/\/psol50.org.br\/amigos-ocultos-e-inimigos-publicos\/","title":{"rendered":"CAROLINA PETERS: Amigos ocultos e inimigos p\u00fablicos"},"content":{"rendered":"<p><em>\u00c9 preciso constranger cada dirigente que, na mesa do bar ou da reuni\u00e3o, diminui uma mulher, que interrompe a fala de uma mulher<\/em><br \/>\nN\u00e3o \u00e9 de hoje que as feministas da esquerda associam momentos de crise ao recrudescimento do conservadorismo e \u00e0 investida contra os direitos das mulheres, em especial contra os direitos sexuais e reprodutivos. No cen\u00e1rio pol\u00edtico brasileiro, a resist\u00eancia das mulheres \u00e9 uma das principais frentes de enfrentamento a Eduardo Cunha (PMDB-RJ), presidente da C\u00e2mara dos Deputados e um dos principais operadores do ajuste fiscal preparado pelo governo federal.<br \/>\nNas ruas desde a luta contra as terceiriza\u00e7\u00f5es, regime de contrata\u00e7\u00e3o precarizado que atinge sobretudo as mulheres, ao lado do movimento sindical e popular, o movimento feminista nas \u00faltimas semanas mira o Projeto de Lei 5069\/2013, de coautoria de Cunha, que visa impedir o atendimento integral e de urg\u00eancia \u00e0s mulheres v\u00edtimas de estupro, criminalizar a profilaxia da gesta\u00e7\u00e3o e o acesso \u00e0 chamada \u201cp\u00edlula do dia seguinte\u201d. As mulheres mobilizam atos massivos em diversas capitais e grandes cidades brasileiras defendendo o direito ao corpo e, no limite, o direito \u00e0 nossa pr\u00f3pria exist\u00eancia e reconhecimento como sujeitos aut\u00f4nomos.<br \/>\nEm conflu\u00eancia com as ruas, campanhas com o objetivo de quebrar o sil\u00eancio ganham ades\u00e3o nas redes sociais. Narrar a viol\u00eancia \u00e9 sair da posi\u00e7\u00e3o de objeto e v\u00edtima, \u00e9 digerir os fatos, se fortalecer e assumir o protagonismo sobre o curso da vida. Ap\u00f3s a campanha #meuprimeiroass\u00e9dio, a hashtag #meuamigosecreto se prop\u00f5e a apontar comportamentos mis\u00f3ginos e racistas por parte de \u201camigos\u201d e conhecidos.<br \/>\nUma das grandes conquistas do feminismo foi a afirma\u00e7\u00e3o de que \u201co pessoal \u00e9 pol\u00edtico\u201d, o que significou trazer para a agenda p\u00fablica temas que at\u00e9 ent\u00e3o se restringiam ao \u00e2mbito privado, como a viol\u00eancia dom\u00e9stica e sexual. Ao publicizar os relatos \u00edntimos, e perceber a recorr\u00eancia de hist\u00f3rias, os quantos \u201camigos secretos\u201d poderiam ser identificados \u00e0quela breve descri\u00e7\u00e3o, fica evidente de que n\u00e3o se tratam de casos isolados ou comportamentos masculinos fora do padr\u00e3o. Mas de um sistema de opress\u00e3o-explora\u00e7\u00e3o que se apropria do trabalho dom\u00e9stico n\u00e3o remunerado concentrado nas mulheres, controla nossos corpos e nossa express\u00e3o, alijando-nos no espa\u00e7o p\u00fablico e da pol\u00edtica. Que nos violenta diuturnamente buscando nos anular. Tornar p\u00fablicas essas pequenas e grandes viol\u00eancias privadas \u00e9 tirar de si a dor e transform\u00e1-la em combust\u00edvel de uma resist\u00eancia coletiva.<br \/>\nA ades\u00e3o da pauta do combate \u00e0 viol\u00eancia contra a mulher pelo movimento feminista brasileiro se confunde com a pr\u00f3pria trajet\u00f3ria de auto-organiza\u00e7\u00e3o das mulheres, dos embates que vivenciaram no movimento social, dentro da esquerda e em casa com seus companheiros e camaradas. \u00c9 preocupante e aterrador que, d\u00e9cadas depois, uma hashtag, coisa t\u00e3o ef\u00eamera, seja capaz de nos colocar diante de tantos epis\u00f3dios contundentes envolvendo pessoas pr\u00f3ximas, muitas das quais companheiros ineg\u00e1veis de luta, apoiadores de algumas de nossas causas.<br \/>\nH\u00e1 pouco mais de um ano, na noite em que foram divulgadas den\u00fancias muito graves de machismo, abuso sexual e ass\u00e9dio moral contra certo professor universit\u00e1rio identificado a v\u00e1rias bandeiras progressistas, eu e uma amiga est\u00e1vamos \u00e0 mesa. N\u00e3o hav\u00edamos ainda tomado conhecimento do caso, mas convers\u00e1vamos sobre a quantidade de intelectuais, de dirigentes partid\u00e1rios e de movimento, de militantes sociais que fazem uso de sua posi\u00e7\u00e3o destacada para se aproximar de mulheres e coagi-las a realizar seus desejos sexuais. Figuras que com a mesma tranquilidade com que se posicionam em defesa dos povos ind\u00edgenas, da luta pela terra e contra o capital, no conv\u00edvio manifestam seu desprezo intelectual pelas companheiras, acham gra\u00e7a em expor mulheres a situa\u00e7\u00f5es de vulnerabilidade e acobertam agressores.<br \/>\nSentam duas feministas num bar e, n\u00e3o necessariamente nessa ordem, tratar\u00e3o de dois temas: sobre a disputa por espa\u00e7o pol\u00edtico \u2013 sejam cargos de dire\u00e7\u00e3o, seja incorpora\u00e7\u00e3o de pautas e formula\u00e7\u00f5es do movimento de mulheres por suas organiza\u00e7\u00f5es pol\u00edticas \u2013 e sobre ass\u00e9dio. Coment\u00e1rios inapropriados, relacionamentos abusivos, desqualifica\u00e7\u00e3o de companheiras, intimida\u00e7\u00e3o, agress\u00f5es f\u00edsicas e verbais, estupro. Tudo isso dentro da esquerda. Nos \u00faltimos anos, n\u00f3s, mulheres de esquerda, avan\u00e7amos muito, conquistando cotas nos espa\u00e7os de dire\u00e7\u00e3o, reivindicando creches e cirandas para as crian\u00e7as em atividades pol\u00edticas, mas ainda n\u00e3o encontramos uma pol\u00edtica afirmativa que se contraponha \u00e0 misoginia cotidiana.<br \/>\nNa brincadeira Amigo Oculto, o momento crucial \u00e9 justamente a revela\u00e7\u00e3o. No caso dessa campanha virtual, n\u00e3o se trata de meramente apontar nomes. A imprecis\u00e3o dos acusados n\u00e3o \u00e9 indireta pueril, como busca nos convencer quem se beneficia do patriarcado. O nome oculto prop\u00f5e por um lado um di\u00e1logo franco, resguardando a integridade da denunciante; por outro, generaliza o ocorrido e atesta a dimens\u00e3o da viol\u00eancia sexista. Contar n\u00e3o basta: \u00e9 necess\u00e1rio ter resposta, reciprocidade. Isso diz respeito aos nossos sentimentos e integridade f\u00edsica como mulheres, e tamb\u00e9m diz respeito ao engajamento pol\u00edtico e milit\u00e2ncia de metade da classe trabalhadora. Esses epis\u00f3dios precisam come\u00e7ar a ser tratados e repreendidos de forma sistem\u00e1tica e indistinta pelos que se prop\u00f5em a construir uma outra sociedade, de homens e mulheres livremente associados.<br \/>\nE repreender tamb\u00e9m as mulheres \u201cempoderadas\u201d que reproduzem essa l\u00f3gica masculinista, da \u201cpol\u00edtica da virilidade\u201d. \u00c9 preciso repensar nossos h\u00e1bitos sexuais opressores, reafirmar que ceder n\u00e3o \u00e9 consentir, que n\u00e3o \u00e9 n\u00e3o e ponto final. Estranhar que um companheiro esteja presente na plen\u00e1ria sem sentir a aus\u00eancia de sua companheira que ficou arrumando a casa e cuidando dos filhos do casal. N\u00e3o podemos seguir segurando esses fardos sozinhas, sem dar nome aos sentimentos, reconhecer as viol\u00eancias e reordenar o jogo. Transformar as organiza\u00e7\u00f5es de esquerda e os movimentos sociais em espa\u00e7os privilegiados de viv\u00eancia, desenvolvimento intelectual e express\u00e3o das mulheres. \u00c9 nosso direito viver sem viol\u00eancia, e lutar por isso \u00e9 uma tarefa da esquerda.<br \/>\n&nbsp;<\/p>\n","protected":false},"excerpt":{"rendered":"<p>\u00c9 preciso constranger cada dirigente que, na mesa do bar ou da reuni\u00e3o, diminui uma mulher, que interrompe a fala de uma mulher N\u00e3o \u00e9 de hoje que as feministas da esquerda associam momentos de crise ao recrudescimento do conservadorismo e \u00e0 investida contra os direitos das mulheres, em especial contra os direitos sexuais e [&hellip;]<\/p>\n","protected":false},"author":2,"featured_media":10766,"comment_status":"open","ping_status":"open","sticky":false,"template":"","format":"standard","meta":{"_acf_changed":false,"footnotes":""},"categories":[3,1882,1104],"tags":[4260,4261,2943,2890,47,30,276,4,4924,233],"class_list":{"0":"post-10765","1":"post","2":"type-post","3":"status-publish","4":"format-standard","5":"has-post-thumbnail","7":"category-artigos-e-entrevistas","8":"category-brasil","9":"category-movimento","10":"tag-meuamigosecreto","11":"tag-meuprimeiroassedio","12":"tag-carolina-peters","13":"tag-eduardo-cunha","14":"tag-feminicidio","15":"tag-feminismo","16":"tag-machismo","17":"tag-mulheres","18":"tag-pl-50692013","19":"tag-violencia"},"acf":[],"yoast_head":"<!-- This site is optimized with the Yoast SEO plugin v26.5 - https:\/\/yoast.com\/wordpress\/plugins\/seo\/ -->\n<title>CAROLINA PETERS: Amigos ocultos e inimigos p\u00fablicos - PSOL 50<\/title>\n<meta name=\"robots\" content=\"index, follow, max-snippet:-1, max-image-preview:large, max-video-preview:-1\" \/>\n<link rel=\"canonical\" href=\"https:\/\/psol50.org.br\/amigos-ocultos-e-inimigos-publicos\/\" \/>\n<meta property=\"og:locale\" content=\"pt_BR\" \/>\n<meta property=\"og:type\" content=\"article\" \/>\n<meta property=\"og:title\" content=\"CAROLINA PETERS: Amigos ocultos e inimigos p\u00fablicos - PSOL 50\" \/>\n<meta property=\"og:description\" content=\"\u00c9 preciso constranger cada dirigente que, na mesa do bar ou da reuni\u00e3o, diminui uma mulher, que interrompe a fala de uma mulher N\u00e3o \u00e9 de hoje que as feministas da esquerda associam momentos de crise ao recrudescimento do conservadorismo e \u00e0 investida contra os direitos das mulheres, em especial contra os direitos sexuais e [&hellip;]\" \/>\n<meta property=\"og:url\" content=\"https:\/\/psol50.org.br\/amigos-ocultos-e-inimigos-publicos\/\" \/>\n<meta property=\"og:site_name\" content=\"PSOL 50\" \/>\n<meta property=\"article:publisher\" content=\"https:\/\/www.facebook.com\/psol50\" \/>\n<meta property=\"article:published_time\" content=\"2015-12-01T16:39:27+00:00\" \/>\n<meta property=\"og:image\" content=\"https:\/\/psol50.org.br\/inc\/uploads\/2015\/12\/Ato-mulheres-contra-Cunha-em-SP-ABr-e1448991467353.jpg\" \/>\n\t<meta property=\"og:image:width\" content=\"1000\" \/>\n\t<meta property=\"og:image:height\" content=\"662\" \/>\n\t<meta property=\"og:image:type\" content=\"image\/jpeg\" \/>\n<meta name=\"author\" content=\"Comunica\u00e7\u00e3o PSOL\" \/>\n<meta name=\"twitter:card\" content=\"summary_large_image\" \/>\n<meta name=\"twitter:creator\" content=\"@psol50\" \/>\n<meta name=\"twitter:site\" content=\"@psol50\" \/>\n<meta name=\"twitter:label1\" content=\"Escrito por\" \/>\n\t<meta name=\"twitter:data1\" content=\"Comunica\u00e7\u00e3o PSOL\" \/>\n\t<meta name=\"twitter:label2\" content=\"Est. tempo de leitura\" \/>\n\t<meta name=\"twitter:data2\" content=\"5 minutos\" \/>\n<script type=\"application\/ld+json\" class=\"yoast-schema-graph\">{\"@context\":\"https:\/\/schema.org\",\"@graph\":[{\"@type\":\"Article\",\"@id\":\"https:\/\/psol50.org.br\/amigos-ocultos-e-inimigos-publicos\/#article\",\"isPartOf\":{\"@id\":\"https:\/\/psol50.org.br\/amigos-ocultos-e-inimigos-publicos\/\"},\"author\":{\"name\":\"Comunica\u00e7\u00e3o PSOL\",\"@id\":\"https:\/\/psol50.org.br\/#\/schema\/person\/475dfa57d0b815993c714c2e96491fcd\"},\"headline\":\"CAROLINA PETERS: Amigos ocultos e inimigos p\u00fablicos\",\"datePublished\":\"2015-12-01T16:39:27+00:00\",\"mainEntityOfPage\":{\"@id\":\"https:\/\/psol50.org.br\/amigos-ocultos-e-inimigos-publicos\/\"},\"wordCount\":1052,\"commentCount\":0,\"publisher\":{\"@id\":\"https:\/\/psol50.org.br\/#organization\"},\"image\":{\"@id\":\"https:\/\/psol50.org.br\/amigos-ocultos-e-inimigos-publicos\/#primaryimage\"},\"thumbnailUrl\":\"https:\/\/psol50.org.br\/inc\/uploads\/2015\/12\/Ato-mulheres-contra-Cunha-em-SP-ABr-e1448991467353.jpg\",\"keywords\":[\"#meuamigosecreto\",\"#meuprimeiroass\u00e9dio\",\"Carolina Peters\",\"Eduardo Cunha\",\"feminic\u00eddio\",\"feminismo\",\"machismo\",\"mulheres\",\"PL 5069\/2013\",\"viol\u00eancia\"],\"articleSection\":[\"Artigos\",\"Brasil\",\"Movimento\"],\"inLanguage\":\"pt-BR\",\"potentialAction\":[{\"@type\":\"CommentAction\",\"name\":\"Comment\",\"target\":[\"https:\/\/psol50.org.br\/amigos-ocultos-e-inimigos-publicos\/#respond\"]}]},{\"@type\":\"WebPage\",\"@id\":\"https:\/\/psol50.org.br\/amigos-ocultos-e-inimigos-publicos\/\",\"url\":\"https:\/\/psol50.org.br\/amigos-ocultos-e-inimigos-publicos\/\",\"name\":\"CAROLINA PETERS: Amigos ocultos e inimigos p\u00fablicos - PSOL 50\",\"isPartOf\":{\"@id\":\"https:\/\/psol50.org.br\/#website\"},\"primaryImageOfPage\":{\"@id\":\"https:\/\/psol50.org.br\/amigos-ocultos-e-inimigos-publicos\/#primaryimage\"},\"image\":{\"@id\":\"https:\/\/psol50.org.br\/amigos-ocultos-e-inimigos-publicos\/#primaryimage\"},\"thumbnailUrl\":\"https:\/\/psol50.org.br\/inc\/uploads\/2015\/12\/Ato-mulheres-contra-Cunha-em-SP-ABr-e1448991467353.jpg\",\"datePublished\":\"2015-12-01T16:39:27+00:00\",\"breadcrumb\":{\"@id\":\"https:\/\/psol50.org.br\/amigos-ocultos-e-inimigos-publicos\/#breadcrumb\"},\"inLanguage\":\"pt-BR\",\"potentialAction\":[{\"@type\":\"ReadAction\",\"target\":[\"https:\/\/psol50.org.br\/amigos-ocultos-e-inimigos-publicos\/\"]}]},{\"@type\":\"ImageObject\",\"inLanguage\":\"pt-BR\",\"@id\":\"https:\/\/psol50.org.br\/amigos-ocultos-e-inimigos-publicos\/#primaryimage\",\"url\":\"https:\/\/psol50.org.br\/inc\/uploads\/2015\/12\/Ato-mulheres-contra-Cunha-em-SP-ABr-e1448991467353.jpg\",\"contentUrl\":\"https:\/\/psol50.org.br\/inc\/uploads\/2015\/12\/Ato-mulheres-contra-Cunha-em-SP-ABr-e1448991467353.jpg\",\"width\":1000,\"height\":662,\"caption\":\"S\u00e3o Paulo - Mulheres fazem ato contra PL5069, que dificulta o aborto legal em caso de estupro, pedem a sa\u00edda do presidente da C\u00e2mara, Eduardo Cunha e a legaliza\u00e7\u00e3o do aborto (Rovena Rosa\/Ag\u00eancia Brasil)\"},{\"@type\":\"BreadcrumbList\",\"@id\":\"https:\/\/psol50.org.br\/amigos-ocultos-e-inimigos-publicos\/#breadcrumb\",\"itemListElement\":[{\"@type\":\"ListItem\",\"position\":1,\"name\":\"In\u00edcio\",\"item\":\"https:\/\/psol50.org.br\/\"},{\"@type\":\"ListItem\",\"position\":2,\"name\":\"CAROLINA PETERS: Amigos ocultos e inimigos p\u00fablicos\"}]},{\"@type\":\"WebSite\",\"@id\":\"https:\/\/psol50.org.br\/#website\",\"url\":\"https:\/\/psol50.org.br\/\",\"name\":\"PSOL 50\",\"description\":\"Site oficial do Partido Socialismo e Liberdade\",\"publisher\":{\"@id\":\"https:\/\/psol50.org.br\/#organization\"},\"alternateName\":\"PSOL50\",\"potentialAction\":[{\"@type\":\"SearchAction\",\"target\":{\"@type\":\"EntryPoint\",\"urlTemplate\":\"https:\/\/psol50.org.br\/?s={search_term_string}\"},\"query-input\":{\"@type\":\"PropertyValueSpecification\",\"valueRequired\":true,\"valueName\":\"search_term_string\"}}],\"inLanguage\":\"pt-BR\"},{\"@type\":\"Organization\",\"@id\":\"https:\/\/psol50.org.br\/#organization\",\"name\":\"PSOL 50\",\"alternateName\":\"PSOL 50\",\"url\":\"https:\/\/psol50.org.br\/\",\"logo\":{\"@type\":\"ImageObject\",\"inLanguage\":\"pt-BR\",\"@id\":\"https:\/\/psol50.org.br\/#\/schema\/logo\/image\/\",\"url\":\"https:\/\/psol50.org.br\/inc\/uploads\/2018\/07\/capa.png\",\"contentUrl\":\"https:\/\/psol50.org.br\/inc\/uploads\/2018\/07\/capa.png\",\"width\":1350,\"height\":900,\"caption\":\"PSOL 50\"},\"image\":{\"@id\":\"https:\/\/psol50.org.br\/#\/schema\/logo\/image\/\"},\"sameAs\":[\"https:\/\/www.facebook.com\/psol50\",\"https:\/\/x.com\/psol50\",\"https:\/\/www.instagram.com\/psol50\/\",\"https:\/\/www.youtube.com\/channel\/UC7SnJS5o1os7a6CaiNabzcg\"]},{\"@type\":\"Person\",\"@id\":\"https:\/\/psol50.org.br\/#\/schema\/person\/475dfa57d0b815993c714c2e96491fcd\",\"name\":\"Comunica\u00e7\u00e3o PSOL\",\"image\":{\"@type\":\"ImageObject\",\"inLanguage\":\"pt-BR\",\"@id\":\"https:\/\/psol50.org.br\/#\/schema\/person\/image\/\",\"url\":\"https:\/\/secure.gravatar.com\/avatar\/b34fc4f4e468a4e51785917065a3db57b841f5c95dba6ad8c73aaf8f66f8f9bf?s=96&d=mm&r=g\",\"contentUrl\":\"https:\/\/secure.gravatar.com\/avatar\/b34fc4f4e468a4e51785917065a3db57b841f5c95dba6ad8c73aaf8f66f8f9bf?s=96&d=mm&r=g\",\"caption\":\"Comunica\u00e7\u00e3o PSOL\"}}]}<\/script>\n<!-- \/ Yoast SEO plugin. -->","yoast_head_json":{"title":"CAROLINA PETERS: Amigos ocultos e inimigos p\u00fablicos - PSOL 50","robots":{"index":"index","follow":"follow","max-snippet":"max-snippet:-1","max-image-preview":"max-image-preview:large","max-video-preview":"max-video-preview:-1"},"canonical":"https:\/\/psol50.org.br\/amigos-ocultos-e-inimigos-publicos\/","og_locale":"pt_BR","og_type":"article","og_title":"CAROLINA PETERS: Amigos ocultos e inimigos p\u00fablicos - PSOL 50","og_description":"\u00c9 preciso constranger cada dirigente que, na mesa do bar ou da reuni\u00e3o, diminui uma mulher, que interrompe a fala de uma mulher N\u00e3o \u00e9 de hoje que as feministas da esquerda associam momentos de crise ao recrudescimento do conservadorismo e \u00e0 investida contra os direitos das mulheres, em especial contra os direitos sexuais e [&hellip;]","og_url":"https:\/\/psol50.org.br\/amigos-ocultos-e-inimigos-publicos\/","og_site_name":"PSOL 50","article_publisher":"https:\/\/www.facebook.com\/psol50","article_published_time":"2015-12-01T16:39:27+00:00","og_image":[{"width":1000,"height":662,"url":"https:\/\/psol50.org.br\/inc\/uploads\/2015\/12\/Ato-mulheres-contra-Cunha-em-SP-ABr-e1448991467353.jpg","type":"image\/jpeg"}],"author":"Comunica\u00e7\u00e3o PSOL","twitter_card":"summary_large_image","twitter_creator":"@psol50","twitter_site":"@psol50","twitter_misc":{"Escrito por":"Comunica\u00e7\u00e3o PSOL","Est. tempo de leitura":"5 minutos"},"schema":{"@context":"https:\/\/schema.org","@graph":[{"@type":"Article","@id":"https:\/\/psol50.org.br\/amigos-ocultos-e-inimigos-publicos\/#article","isPartOf":{"@id":"https:\/\/psol50.org.br\/amigos-ocultos-e-inimigos-publicos\/"},"author":{"name":"Comunica\u00e7\u00e3o PSOL","@id":"https:\/\/psol50.org.br\/#\/schema\/person\/475dfa57d0b815993c714c2e96491fcd"},"headline":"CAROLINA PETERS: Amigos ocultos e inimigos p\u00fablicos","datePublished":"2015-12-01T16:39:27+00:00","mainEntityOfPage":{"@id":"https:\/\/psol50.org.br\/amigos-ocultos-e-inimigos-publicos\/"},"wordCount":1052,"commentCount":0,"publisher":{"@id":"https:\/\/psol50.org.br\/#organization"},"image":{"@id":"https:\/\/psol50.org.br\/amigos-ocultos-e-inimigos-publicos\/#primaryimage"},"thumbnailUrl":"https:\/\/psol50.org.br\/inc\/uploads\/2015\/12\/Ato-mulheres-contra-Cunha-em-SP-ABr-e1448991467353.jpg","keywords":["#meuamigosecreto","#meuprimeiroass\u00e9dio","Carolina Peters","Eduardo Cunha","feminic\u00eddio","feminismo","machismo","mulheres","PL 5069\/2013","viol\u00eancia"],"articleSection":["Artigos","Brasil","Movimento"],"inLanguage":"pt-BR","potentialAction":[{"@type":"CommentAction","name":"Comment","target":["https:\/\/psol50.org.br\/amigos-ocultos-e-inimigos-publicos\/#respond"]}]},{"@type":"WebPage","@id":"https:\/\/psol50.org.br\/amigos-ocultos-e-inimigos-publicos\/","url":"https:\/\/psol50.org.br\/amigos-ocultos-e-inimigos-publicos\/","name":"CAROLINA PETERS: Amigos ocultos e inimigos p\u00fablicos - PSOL 50","isPartOf":{"@id":"https:\/\/psol50.org.br\/#website"},"primaryImageOfPage":{"@id":"https:\/\/psol50.org.br\/amigos-ocultos-e-inimigos-publicos\/#primaryimage"},"image":{"@id":"https:\/\/psol50.org.br\/amigos-ocultos-e-inimigos-publicos\/#primaryimage"},"thumbnailUrl":"https:\/\/psol50.org.br\/inc\/uploads\/2015\/12\/Ato-mulheres-contra-Cunha-em-SP-ABr-e1448991467353.jpg","datePublished":"2015-12-01T16:39:27+00:00","breadcrumb":{"@id":"https:\/\/psol50.org.br\/amigos-ocultos-e-inimigos-publicos\/#breadcrumb"},"inLanguage":"pt-BR","potentialAction":[{"@type":"ReadAction","target":["https:\/\/psol50.org.br\/amigos-ocultos-e-inimigos-publicos\/"]}]},{"@type":"ImageObject","inLanguage":"pt-BR","@id":"https:\/\/psol50.org.br\/amigos-ocultos-e-inimigos-publicos\/#primaryimage","url":"https:\/\/psol50.org.br\/inc\/uploads\/2015\/12\/Ato-mulheres-contra-Cunha-em-SP-ABr-e1448991467353.jpg","contentUrl":"https:\/\/psol50.org.br\/inc\/uploads\/2015\/12\/Ato-mulheres-contra-Cunha-em-SP-ABr-e1448991467353.jpg","width":1000,"height":662,"caption":"S\u00e3o Paulo - Mulheres fazem ato contra PL5069, que dificulta o aborto legal em caso de estupro, pedem a sa\u00edda do presidente da C\u00e2mara, Eduardo Cunha e a legaliza\u00e7\u00e3o do aborto (Rovena Rosa\/Ag\u00eancia Brasil)"},{"@type":"BreadcrumbList","@id":"https:\/\/psol50.org.br\/amigos-ocultos-e-inimigos-publicos\/#breadcrumb","itemListElement":[{"@type":"ListItem","position":1,"name":"In\u00edcio","item":"https:\/\/psol50.org.br\/"},{"@type":"ListItem","position":2,"name":"CAROLINA PETERS: Amigos ocultos e inimigos p\u00fablicos"}]},{"@type":"WebSite","@id":"https:\/\/psol50.org.br\/#website","url":"https:\/\/psol50.org.br\/","name":"PSOL 50","description":"Site oficial do Partido Socialismo e Liberdade","publisher":{"@id":"https:\/\/psol50.org.br\/#organization"},"alternateName":"PSOL50","potentialAction":[{"@type":"SearchAction","target":{"@type":"EntryPoint","urlTemplate":"https:\/\/psol50.org.br\/?s={search_term_string}"},"query-input":{"@type":"PropertyValueSpecification","valueRequired":true,"valueName":"search_term_string"}}],"inLanguage":"pt-BR"},{"@type":"Organization","@id":"https:\/\/psol50.org.br\/#organization","name":"PSOL 50","alternateName":"PSOL 50","url":"https:\/\/psol50.org.br\/","logo":{"@type":"ImageObject","inLanguage":"pt-BR","@id":"https:\/\/psol50.org.br\/#\/schema\/logo\/image\/","url":"https:\/\/psol50.org.br\/inc\/uploads\/2018\/07\/capa.png","contentUrl":"https:\/\/psol50.org.br\/inc\/uploads\/2018\/07\/capa.png","width":1350,"height":900,"caption":"PSOL 50"},"image":{"@id":"https:\/\/psol50.org.br\/#\/schema\/logo\/image\/"},"sameAs":["https:\/\/www.facebook.com\/psol50","https:\/\/x.com\/psol50","https:\/\/www.instagram.com\/psol50\/","https:\/\/www.youtube.com\/channel\/UC7SnJS5o1os7a6CaiNabzcg"]},{"@type":"Person","@id":"https:\/\/psol50.org.br\/#\/schema\/person\/475dfa57d0b815993c714c2e96491fcd","name":"Comunica\u00e7\u00e3o PSOL","image":{"@type":"ImageObject","inLanguage":"pt-BR","@id":"https:\/\/psol50.org.br\/#\/schema\/person\/image\/","url":"https:\/\/secure.gravatar.com\/avatar\/b34fc4f4e468a4e51785917065a3db57b841f5c95dba6ad8c73aaf8f66f8f9bf?s=96&d=mm&r=g","contentUrl":"https:\/\/secure.gravatar.com\/avatar\/b34fc4f4e468a4e51785917065a3db57b841f5c95dba6ad8c73aaf8f66f8f9bf?s=96&d=mm&r=g","caption":"Comunica\u00e7\u00e3o PSOL"}}]}},"_links":{"self":[{"href":"https:\/\/psol50.org.br\/rest\/wp\/v2\/posts\/10765","targetHints":{"allow":["GET"]}}],"collection":[{"href":"https:\/\/psol50.org.br\/rest\/wp\/v2\/posts"}],"about":[{"href":"https:\/\/psol50.org.br\/rest\/wp\/v2\/types\/post"}],"author":[{"embeddable":true,"href":"https:\/\/psol50.org.br\/rest\/wp\/v2\/users\/2"}],"replies":[{"embeddable":true,"href":"https:\/\/psol50.org.br\/rest\/wp\/v2\/comments?post=10765"}],"version-history":[{"count":0,"href":"https:\/\/psol50.org.br\/rest\/wp\/v2\/posts\/10765\/revisions"}],"wp:featuredmedia":[{"embeddable":true,"href":"https:\/\/psol50.org.br\/rest\/wp\/v2\/media\/10766"}],"wp:attachment":[{"href":"https:\/\/psol50.org.br\/rest\/wp\/v2\/media?parent=10765"}],"wp:term":[{"taxonomy":"category","embeddable":true,"href":"https:\/\/psol50.org.br\/rest\/wp\/v2\/categories?post=10765"},{"taxonomy":"post_tag","embeddable":true,"href":"https:\/\/psol50.org.br\/rest\/wp\/v2\/tags?post=10765"}],"curies":[{"name":"wp","href":"https:\/\/api.w.org\/{rel}","templated":true}]}}