{"id":10769,"date":"2015-12-01T17:13:31","date_gmt":"2015-12-01T17:13:31","guid":{"rendered":"http:\/\/www.psol50.org.br\/?p=10769"},"modified":"2015-12-01T17:13:31","modified_gmt":"2015-12-01T17:13:31","slug":"ivan-valente-entra-com-representacao-no-mp-contra-o-secretario-de-educacao-de-alckmin","status":"publish","type":"post","link":"https:\/\/psol50.org.br\/ivan-valente-entra-com-representacao-no-mp-contra-o-secretario-de-educacao-de-alckmin\/","title":{"rendered":"Ivan Valente entra com representa\u00e7\u00e3o no MP contra secret\u00e1rio de educa\u00e7\u00e3o de Alckmin"},"content":{"rendered":"<p>Nesta ter\u00e7a-feira (1), o deputado federal Ivan Valente (PSOL\/SP) protocolou representa\u00e7\u00e3o no Minist\u00e9rio P\u00fablico de S\u00e3o Paulo contra o secret\u00e1rio de educa\u00e7\u00e3o do estado, Herman Jacobus Cornelis Voorwald, e o chefe de gabinete da secretaria, Fernando Padula Novaes.<br \/>\nDurante essa semana, circulou na internet e na m\u00eddia um \u00e1udio de reuni\u00e3o realizada recentemente, em que os dirigentes do governo de Geraldo Alckmin (PSDB) afirmam \u201cestar em guerra\u201d contra os estudantes que ocupam mais de 200 escolas atualmente em S\u00e3o Paulo. Al\u00e9m disso, o chefe de gabinete explicita t\u00e1ticas que ser\u00e3o utilizadas para derrotar o movimento, como intimida\u00e7\u00e3o e a utiliza\u00e7\u00e3o da pr\u00f3pria Pol\u00edcia Militar como forma de acabar com ocupa\u00e7\u00f5es \u00e0 for\u00e7a.<br \/>\nEssa \u00e9 mais uma tentativa do governo estadual de sabotar a luta dos estudantes, professores, comunidade escolar e movimentos sociais contra o projeto de fechamento de dezenas de escolas no estado, mascarado pelo nome de \u201creorganiza\u00e7\u00e3o escolar\u201d.<br \/>\n<strong><em>Leia mais:<\/em><\/strong><em>\u00a0<a href=\"http:\/\/www.psol50.org.br\/2015\/12\/ministerio-publico-pede-suspensao-de-reorganizacao-escolar-do-governo-de-sao-paulo\/\" target=\"_blank\" rel=\"noopener\">Minist\u00e9rio P\u00fablico pede suspens\u00e3o de \u201creorganiza\u00e7\u00e3o escolar\u201d do governo de S\u00e3o Paulo<\/a><\/em><br \/>\nPara o mandato do deputado Ivan Valente, essas medidas, profundamente autorit\u00e1rias, atentam contra a liberdade de manifesta\u00e7\u00e3o e de livre pensamento, o que demanda a responsabiliza\u00e7\u00e3o dos respons\u00e1veis por tamanhas arbitrariedades.<br \/>\nN\u00e3o \u00e0 toa, nesta ter\u00e7a-feira foi publicado no Di\u00e1rio Oficial do estado o decreto da \u201creorganiza\u00e7\u00e3o\u201d, fato que supostamente justifica a \u201copera\u00e7\u00e3o de guerra\u201d movida por Alckmin contra a comunidade escolar.<br \/>\n\u201cEsperamos que o Minist\u00e9rio P\u00fablico aja de acordo com a lei e impe\u00e7a que o desmando autorit\u00e1rio do Governo continue\u201d, afirma Valente. \u201cEnquanto isso, apoiamos a luta dos estudantes, pais e professores em defesa da educa\u00e7\u00e3o p\u00fablica\u201d.<br \/>\n<a href=\"https:\/\/drive.google.com\/file\/d\/0B4zWmYxgHClkYlBTNmdlVVdaQ1E\/view?usp=sharing\">Leia, clicando aqui, a \u00edntegra da representa\u00e7\u00e3o.<\/a><\/p>\n","protected":false},"excerpt":{"rendered":"<p>Nesta ter\u00e7a-feira (1), o deputado federal Ivan Valente (PSOL\/SP) protocolou representa\u00e7\u00e3o no Minist\u00e9rio P\u00fablico de S\u00e3o Paulo contra o secret\u00e1rio de educa\u00e7\u00e3o do estado, Herman Jacobus Cornelis Voorwald, e o chefe de gabinete da secretaria, Fernando Padula Novaes. Durante essa semana, circulou na internet e na m\u00eddia um \u00e1udio de reuni\u00e3o realizada recentemente, em que [&hellip;]<\/p>\n","protected":false},"author":2,"featured_media":10770,"comment_status":"open","ping_status":"open","sticky":false,"template":"","format":"standard","meta":{"_acf_changed":false,"footnotes":""},"categories":[10,2208,654,1104,6],"tags":[2950,4617,552,3905],"class_list":{"0":"post-10769","1":"post","2":"type-post","3":"status-publish","4":"format-standard","5":"has-post-thumbnail","7":"category-acao-parlamentares","8":"category-educacao","9":"category-estados","10":"category-movimento","11":"category-noticias","12":"tag-alckmin","13":"tag-escolas-ocupadas","14":"tag-ivan-valente","15":"tag-nao-fechem-minha-escola"},"acf":[],"yoast_head":"<!-- This site is optimized with the Yoast SEO plugin v26.5 - https:\/\/yoast.com\/wordpress\/plugins\/seo\/ -->\n<title>Ivan Valente entra com representa\u00e7\u00e3o no MP contra secret\u00e1rio de educa\u00e7\u00e3o de Alckmin - PSOL 50<\/title>\n<meta name=\"robots\" content=\"index, follow, max-snippet:-1, max-image-preview:large, max-video-preview:-1\" \/>\n<link rel=\"canonical\" href=\"https:\/\/psol50.org.br\/ivan-valente-entra-com-representacao-no-mp-contra-o-secretario-de-educacao-de-alckmin\/\" \/>\n<meta property=\"og:locale\" content=\"pt_BR\" \/>\n<meta property=\"og:type\" content=\"article\" \/>\n<meta property=\"og:title\" content=\"Ivan Valente entra com representa\u00e7\u00e3o no MP contra secret\u00e1rio de educa\u00e7\u00e3o de Alckmin - PSOL 50\" \/>\n<meta property=\"og:description\" content=\"Nesta ter\u00e7a-feira (1), o deputado federal Ivan Valente (PSOL\/SP) protocolou representa\u00e7\u00e3o no Minist\u00e9rio P\u00fablico de S\u00e3o Paulo contra o secret\u00e1rio de educa\u00e7\u00e3o do estado, Herman Jacobus Cornelis Voorwald, e o chefe de gabinete da secretaria, Fernando Padula Novaes. Durante essa semana, circulou na internet e na m\u00eddia um \u00e1udio de reuni\u00e3o realizada recentemente, em que [&hellip;]\" \/>\n<meta property=\"og:url\" content=\"https:\/\/psol50.org.br\/ivan-valente-entra-com-representacao-no-mp-contra-o-secretario-de-educacao-de-alckmin\/\" \/>\n<meta property=\"og:site_name\" content=\"PSOL 50\" \/>\n<meta property=\"article:publisher\" content=\"https:\/\/www.facebook.com\/psol50\" \/>\n<meta property=\"article:published_time\" content=\"2015-12-01T17:13:31+00:00\" \/>\n<meta property=\"og:image\" content=\"https:\/\/psol50.org.br\/inc\/uploads\/2015\/12\/reorganizacaoescolar-ivan.jpg\" \/>\n\t<meta property=\"og:image:width\" content=\"800\" \/>\n\t<meta property=\"og:image:height\" content=\"530\" \/>\n\t<meta property=\"og:image:type\" content=\"image\/jpeg\" \/>\n<meta name=\"author\" content=\"Comunica\u00e7\u00e3o PSOL\" \/>\n<meta name=\"twitter:card\" content=\"summary_large_image\" \/>\n<meta name=\"twitter:creator\" content=\"@psol50\" \/>\n<meta name=\"twitter:site\" content=\"@psol50\" \/>\n<meta name=\"twitter:label1\" content=\"Escrito por\" \/>\n\t<meta name=\"twitter:data1\" content=\"Comunica\u00e7\u00e3o PSOL\" \/>\n\t<meta name=\"twitter:label2\" content=\"Est. tempo de leitura\" \/>\n\t<meta name=\"twitter:data2\" content=\"2 minutos\" \/>\n<script type=\"application\/ld+json\" class=\"yoast-schema-graph\">{\"@context\":\"https:\/\/schema.org\",\"@graph\":[{\"@type\":\"Article\",\"@id\":\"https:\/\/psol50.org.br\/ivan-valente-entra-com-representacao-no-mp-contra-o-secretario-de-educacao-de-alckmin\/#article\",\"isPartOf\":{\"@id\":\"https:\/\/psol50.org.br\/ivan-valente-entra-com-representacao-no-mp-contra-o-secretario-de-educacao-de-alckmin\/\"},\"author\":{\"name\":\"Comunica\u00e7\u00e3o PSOL\",\"@id\":\"https:\/\/psol50.org.br\/#\/schema\/person\/475dfa57d0b815993c714c2e96491fcd\"},\"headline\":\"Ivan Valente entra com representa\u00e7\u00e3o no MP contra secret\u00e1rio de educa\u00e7\u00e3o de Alckmin\",\"datePublished\":\"2015-12-01T17:13:31+00:00\",\"mainEntityOfPage\":{\"@id\":\"https:\/\/psol50.org.br\/ivan-valente-entra-com-representacao-no-mp-contra-o-secretario-de-educacao-de-alckmin\/\"},\"wordCount\":322,\"commentCount\":0,\"publisher\":{\"@id\":\"https:\/\/psol50.org.br\/#organization\"},\"image\":{\"@id\":\"https:\/\/psol50.org.br\/ivan-valente-entra-com-representacao-no-mp-contra-o-secretario-de-educacao-de-alckmin\/#primaryimage\"},\"thumbnailUrl\":\"https:\/\/psol50.org.br\/inc\/uploads\/2015\/12\/reorganizacaoescolar-ivan.jpg\",\"keywords\":[\"Alckmin\",\"Escolas ocupadas\",\"Ivan Valente\",\"N\u00e3o fechem minha escola\"],\"articleSection\":[\"A\u00e7\u00e3o Parlamentar\",\"Educa\u00e7\u00e3o\",\"Estados\",\"Movimento\",\"Not\u00edcias\"],\"inLanguage\":\"pt-BR\",\"potentialAction\":[{\"@type\":\"CommentAction\",\"name\":\"Comment\",\"target\":[\"https:\/\/psol50.org.br\/ivan-valente-entra-com-representacao-no-mp-contra-o-secretario-de-educacao-de-alckmin\/#respond\"]}]},{\"@type\":\"WebPage\",\"@id\":\"https:\/\/psol50.org.br\/ivan-valente-entra-com-representacao-no-mp-contra-o-secretario-de-educacao-de-alckmin\/\",\"url\":\"https:\/\/psol50.org.br\/ivan-valente-entra-com-representacao-no-mp-contra-o-secretario-de-educacao-de-alckmin\/\",\"name\":\"Ivan Valente entra com representa\u00e7\u00e3o no MP contra secret\u00e1rio de educa\u00e7\u00e3o de Alckmin - PSOL 50\",\"isPartOf\":{\"@id\":\"https:\/\/psol50.org.br\/#website\"},\"primaryImageOfPage\":{\"@id\":\"https:\/\/psol50.org.br\/ivan-valente-entra-com-representacao-no-mp-contra-o-secretario-de-educacao-de-alckmin\/#primaryimage\"},\"image\":{\"@id\":\"https:\/\/psol50.org.br\/ivan-valente-entra-com-representacao-no-mp-contra-o-secretario-de-educacao-de-alckmin\/#primaryimage\"},\"thumbnailUrl\":\"https:\/\/psol50.org.br\/inc\/uploads\/2015\/12\/reorganizacaoescolar-ivan.jpg\",\"datePublished\":\"2015-12-01T17:13:31+00:00\",\"breadcrumb\":{\"@id\":\"https:\/\/psol50.org.br\/ivan-valente-entra-com-representacao-no-mp-contra-o-secretario-de-educacao-de-alckmin\/#breadcrumb\"},\"inLanguage\":\"pt-BR\",\"potentialAction\":[{\"@type\":\"ReadAction\",\"target\":[\"https:\/\/psol50.org.br\/ivan-valente-entra-com-representacao-no-mp-contra-o-secretario-de-educacao-de-alckmin\/\"]}]},{\"@type\":\"ImageObject\",\"inLanguage\":\"pt-BR\",\"@id\":\"https:\/\/psol50.org.br\/ivan-valente-entra-com-representacao-no-mp-contra-o-secretario-de-educacao-de-alckmin\/#primaryimage\",\"url\":\"https:\/\/psol50.org.br\/inc\/uploads\/2015\/12\/reorganizacaoescolar-ivan.jpg\",\"contentUrl\":\"https:\/\/psol50.org.br\/inc\/uploads\/2015\/12\/reorganizacaoescolar-ivan.jpg\",\"width\":800,\"height\":530,\"caption\":\"S\u00e3o Paulo - Estudantes bloqueiam, com cadeiras e cartazes, um dos sentidos da Avenida Brigadeiro Faria Lima, em protesto contra a reorganiza\u00e7\u00e3o escolar no estado de S\u00e3o Paulo (Rovena Rosa\/Ag\u00eancia Brasil)\"},{\"@type\":\"BreadcrumbList\",\"@id\":\"https:\/\/psol50.org.br\/ivan-valente-entra-com-representacao-no-mp-contra-o-secretario-de-educacao-de-alckmin\/#breadcrumb\",\"itemListElement\":[{\"@type\":\"ListItem\",\"position\":1,\"name\":\"In\u00edcio\",\"item\":\"https:\/\/psol50.org.br\/\"},{\"@type\":\"ListItem\",\"position\":2,\"name\":\"Ivan Valente entra com representa\u00e7\u00e3o no MP contra secret\u00e1rio de educa\u00e7\u00e3o de Alckmin\"}]},{\"@type\":\"WebSite\",\"@id\":\"https:\/\/psol50.org.br\/#website\",\"url\":\"https:\/\/psol50.org.br\/\",\"name\":\"PSOL 50\",\"description\":\"Site oficial do Partido Socialismo e Liberdade\",\"publisher\":{\"@id\":\"https:\/\/psol50.org.br\/#organization\"},\"alternateName\":\"PSOL50\",\"potentialAction\":[{\"@type\":\"SearchAction\",\"target\":{\"@type\":\"EntryPoint\",\"urlTemplate\":\"https:\/\/psol50.org.br\/?s={search_term_string}\"},\"query-input\":{\"@type\":\"PropertyValueSpecification\",\"valueRequired\":true,\"valueName\":\"search_term_string\"}}],\"inLanguage\":\"pt-BR\"},{\"@type\":\"Organization\",\"@id\":\"https:\/\/psol50.org.br\/#organization\",\"name\":\"PSOL 50\",\"alternateName\":\"PSOL 50\",\"url\":\"https:\/\/psol50.org.br\/\",\"logo\":{\"@type\":\"ImageObject\",\"inLanguage\":\"pt-BR\",\"@id\":\"https:\/\/psol50.org.br\/#\/schema\/logo\/image\/\",\"url\":\"https:\/\/psol50.org.br\/inc\/uploads\/2018\/07\/capa.png\",\"contentUrl\":\"https:\/\/psol50.org.br\/inc\/uploads\/2018\/07\/capa.png\",\"width\":1350,\"height\":900,\"caption\":\"PSOL 50\"},\"image\":{\"@id\":\"https:\/\/psol50.org.br\/#\/schema\/logo\/image\/\"},\"sameAs\":[\"https:\/\/www.facebook.com\/psol50\",\"https:\/\/x.com\/psol50\",\"https:\/\/www.instagram.com\/psol50\/\",\"https:\/\/www.youtube.com\/channel\/UC7SnJS5o1os7a6CaiNabzcg\"]},{\"@type\":\"Person\",\"@id\":\"https:\/\/psol50.org.br\/#\/schema\/person\/475dfa57d0b815993c714c2e96491fcd\",\"name\":\"Comunica\u00e7\u00e3o PSOL\",\"image\":{\"@type\":\"ImageObject\",\"inLanguage\":\"pt-BR\",\"@id\":\"https:\/\/psol50.org.br\/#\/schema\/person\/image\/\",\"url\":\"https:\/\/secure.gravatar.com\/avatar\/b34fc4f4e468a4e51785917065a3db57b841f5c95dba6ad8c73aaf8f66f8f9bf?s=96&d=mm&r=g\",\"contentUrl\":\"https:\/\/secure.gravatar.com\/avatar\/b34fc4f4e468a4e51785917065a3db57b841f5c95dba6ad8c73aaf8f66f8f9bf?s=96&d=mm&r=g\",\"caption\":\"Comunica\u00e7\u00e3o PSOL\"}}]}<\/script>\n<!-- \/ Yoast SEO plugin. -->","yoast_head_json":{"title":"Ivan Valente entra com representa\u00e7\u00e3o no MP contra secret\u00e1rio de educa\u00e7\u00e3o de Alckmin - PSOL 50","robots":{"index":"index","follow":"follow","max-snippet":"max-snippet:-1","max-image-preview":"max-image-preview:large","max-video-preview":"max-video-preview:-1"},"canonical":"https:\/\/psol50.org.br\/ivan-valente-entra-com-representacao-no-mp-contra-o-secretario-de-educacao-de-alckmin\/","og_locale":"pt_BR","og_type":"article","og_title":"Ivan Valente entra com representa\u00e7\u00e3o no MP contra secret\u00e1rio de educa\u00e7\u00e3o de Alckmin - PSOL 50","og_description":"Nesta ter\u00e7a-feira (1), o deputado federal Ivan Valente (PSOL\/SP) protocolou representa\u00e7\u00e3o no Minist\u00e9rio P\u00fablico de S\u00e3o Paulo contra o secret\u00e1rio de educa\u00e7\u00e3o do estado, Herman Jacobus Cornelis Voorwald, e o chefe de gabinete da secretaria, Fernando Padula Novaes. Durante essa semana, circulou na internet e na m\u00eddia um \u00e1udio de reuni\u00e3o realizada recentemente, em que [&hellip;]","og_url":"https:\/\/psol50.org.br\/ivan-valente-entra-com-representacao-no-mp-contra-o-secretario-de-educacao-de-alckmin\/","og_site_name":"PSOL 50","article_publisher":"https:\/\/www.facebook.com\/psol50","article_published_time":"2015-12-01T17:13:31+00:00","og_image":[{"width":800,"height":530,"url":"https:\/\/psol50.org.br\/inc\/uploads\/2015\/12\/reorganizacaoescolar-ivan.jpg","type":"image\/jpeg"}],"author":"Comunica\u00e7\u00e3o PSOL","twitter_card":"summary_large_image","twitter_creator":"@psol50","twitter_site":"@psol50","twitter_misc":{"Escrito por":"Comunica\u00e7\u00e3o PSOL","Est. tempo de leitura":"2 minutos"},"schema":{"@context":"https:\/\/schema.org","@graph":[{"@type":"Article","@id":"https:\/\/psol50.org.br\/ivan-valente-entra-com-representacao-no-mp-contra-o-secretario-de-educacao-de-alckmin\/#article","isPartOf":{"@id":"https:\/\/psol50.org.br\/ivan-valente-entra-com-representacao-no-mp-contra-o-secretario-de-educacao-de-alckmin\/"},"author":{"name":"Comunica\u00e7\u00e3o PSOL","@id":"https:\/\/psol50.org.br\/#\/schema\/person\/475dfa57d0b815993c714c2e96491fcd"},"headline":"Ivan Valente entra com representa\u00e7\u00e3o no MP contra secret\u00e1rio de educa\u00e7\u00e3o de Alckmin","datePublished":"2015-12-01T17:13:31+00:00","mainEntityOfPage":{"@id":"https:\/\/psol50.org.br\/ivan-valente-entra-com-representacao-no-mp-contra-o-secretario-de-educacao-de-alckmin\/"},"wordCount":322,"commentCount":0,"publisher":{"@id":"https:\/\/psol50.org.br\/#organization"},"image":{"@id":"https:\/\/psol50.org.br\/ivan-valente-entra-com-representacao-no-mp-contra-o-secretario-de-educacao-de-alckmin\/#primaryimage"},"thumbnailUrl":"https:\/\/psol50.org.br\/inc\/uploads\/2015\/12\/reorganizacaoescolar-ivan.jpg","keywords":["Alckmin","Escolas ocupadas","Ivan Valente","N\u00e3o fechem minha escola"],"articleSection":["A\u00e7\u00e3o Parlamentar","Educa\u00e7\u00e3o","Estados","Movimento","Not\u00edcias"],"inLanguage":"pt-BR","potentialAction":[{"@type":"CommentAction","name":"Comment","target":["https:\/\/psol50.org.br\/ivan-valente-entra-com-representacao-no-mp-contra-o-secretario-de-educacao-de-alckmin\/#respond"]}]},{"@type":"WebPage","@id":"https:\/\/psol50.org.br\/ivan-valente-entra-com-representacao-no-mp-contra-o-secretario-de-educacao-de-alckmin\/","url":"https:\/\/psol50.org.br\/ivan-valente-entra-com-representacao-no-mp-contra-o-secretario-de-educacao-de-alckmin\/","name":"Ivan Valente entra com representa\u00e7\u00e3o no MP contra secret\u00e1rio de educa\u00e7\u00e3o de Alckmin - PSOL 50","isPartOf":{"@id":"https:\/\/psol50.org.br\/#website"},"primaryImageOfPage":{"@id":"https:\/\/psol50.org.br\/ivan-valente-entra-com-representacao-no-mp-contra-o-secretario-de-educacao-de-alckmin\/#primaryimage"},"image":{"@id":"https:\/\/psol50.org.br\/ivan-valente-entra-com-representacao-no-mp-contra-o-secretario-de-educacao-de-alckmin\/#primaryimage"},"thumbnailUrl":"https:\/\/psol50.org.br\/inc\/uploads\/2015\/12\/reorganizacaoescolar-ivan.jpg","datePublished":"2015-12-01T17:13:31+00:00","breadcrumb":{"@id":"https:\/\/psol50.org.br\/ivan-valente-entra-com-representacao-no-mp-contra-o-secretario-de-educacao-de-alckmin\/#breadcrumb"},"inLanguage":"pt-BR","potentialAction":[{"@type":"ReadAction","target":["https:\/\/psol50.org.br\/ivan-valente-entra-com-representacao-no-mp-contra-o-secretario-de-educacao-de-alckmin\/"]}]},{"@type":"ImageObject","inLanguage":"pt-BR","@id":"https:\/\/psol50.org.br\/ivan-valente-entra-com-representacao-no-mp-contra-o-secretario-de-educacao-de-alckmin\/#primaryimage","url":"https:\/\/psol50.org.br\/inc\/uploads\/2015\/12\/reorganizacaoescolar-ivan.jpg","contentUrl":"https:\/\/psol50.org.br\/inc\/uploads\/2015\/12\/reorganizacaoescolar-ivan.jpg","width":800,"height":530,"caption":"S\u00e3o Paulo - Estudantes bloqueiam, com cadeiras e cartazes, um dos sentidos da Avenida Brigadeiro Faria Lima, em protesto contra a reorganiza\u00e7\u00e3o escolar no estado de S\u00e3o Paulo (Rovena Rosa\/Ag\u00eancia Brasil)"},{"@type":"BreadcrumbList","@id":"https:\/\/psol50.org.br\/ivan-valente-entra-com-representacao-no-mp-contra-o-secretario-de-educacao-de-alckmin\/#breadcrumb","itemListElement":[{"@type":"ListItem","position":1,"name":"In\u00edcio","item":"https:\/\/psol50.org.br\/"},{"@type":"ListItem","position":2,"name":"Ivan Valente entra com representa\u00e7\u00e3o no MP contra secret\u00e1rio de educa\u00e7\u00e3o de Alckmin"}]},{"@type":"WebSite","@id":"https:\/\/psol50.org.br\/#website","url":"https:\/\/psol50.org.br\/","name":"PSOL 50","description":"Site oficial do Partido Socialismo e Liberdade","publisher":{"@id":"https:\/\/psol50.org.br\/#organization"},"alternateName":"PSOL50","potentialAction":[{"@type":"SearchAction","target":{"@type":"EntryPoint","urlTemplate":"https:\/\/psol50.org.br\/?s={search_term_string}"},"query-input":{"@type":"PropertyValueSpecification","valueRequired":true,"valueName":"search_term_string"}}],"inLanguage":"pt-BR"},{"@type":"Organization","@id":"https:\/\/psol50.org.br\/#organization","name":"PSOL 50","alternateName":"PSOL 50","url":"https:\/\/psol50.org.br\/","logo":{"@type":"ImageObject","inLanguage":"pt-BR","@id":"https:\/\/psol50.org.br\/#\/schema\/logo\/image\/","url":"https:\/\/psol50.org.br\/inc\/uploads\/2018\/07\/capa.png","contentUrl":"https:\/\/psol50.org.br\/inc\/uploads\/2018\/07\/capa.png","width":1350,"height":900,"caption":"PSOL 50"},"image":{"@id":"https:\/\/psol50.org.br\/#\/schema\/logo\/image\/"},"sameAs":["https:\/\/www.facebook.com\/psol50","https:\/\/x.com\/psol50","https:\/\/www.instagram.com\/psol50\/","https:\/\/www.youtube.com\/channel\/UC7SnJS5o1os7a6CaiNabzcg"]},{"@type":"Person","@id":"https:\/\/psol50.org.br\/#\/schema\/person\/475dfa57d0b815993c714c2e96491fcd","name":"Comunica\u00e7\u00e3o PSOL","image":{"@type":"ImageObject","inLanguage":"pt-BR","@id":"https:\/\/psol50.org.br\/#\/schema\/person\/image\/","url":"https:\/\/secure.gravatar.com\/avatar\/b34fc4f4e468a4e51785917065a3db57b841f5c95dba6ad8c73aaf8f66f8f9bf?s=96&d=mm&r=g","contentUrl":"https:\/\/secure.gravatar.com\/avatar\/b34fc4f4e468a4e51785917065a3db57b841f5c95dba6ad8c73aaf8f66f8f9bf?s=96&d=mm&r=g","caption":"Comunica\u00e7\u00e3o PSOL"}}]}},"_links":{"self":[{"href":"https:\/\/psol50.org.br\/rest\/wp\/v2\/posts\/10769","targetHints":{"allow":["GET"]}}],"collection":[{"href":"https:\/\/psol50.org.br\/rest\/wp\/v2\/posts"}],"about":[{"href":"https:\/\/psol50.org.br\/rest\/wp\/v2\/types\/post"}],"author":[{"embeddable":true,"href":"https:\/\/psol50.org.br\/rest\/wp\/v2\/users\/2"}],"replies":[{"embeddable":true,"href":"https:\/\/psol50.org.br\/rest\/wp\/v2\/comments?post=10769"}],"version-history":[{"count":0,"href":"https:\/\/psol50.org.br\/rest\/wp\/v2\/posts\/10769\/revisions"}],"wp:featuredmedia":[{"embeddable":true,"href":"https:\/\/psol50.org.br\/rest\/wp\/v2\/media\/10770"}],"wp:attachment":[{"href":"https:\/\/psol50.org.br\/rest\/wp\/v2\/media?parent=10769"}],"wp:term":[{"taxonomy":"category","embeddable":true,"href":"https:\/\/psol50.org.br\/rest\/wp\/v2\/categories?post=10769"},{"taxonomy":"post_tag","embeddable":true,"href":"https:\/\/psol50.org.br\/rest\/wp\/v2\/tags?post=10769"}],"curies":[{"name":"wp","href":"https:\/\/api.w.org\/{rel}","templated":true}]}}