{"id":1077,"date":"2012-10-29T00:00:00","date_gmt":"2012-10-29T00:00:00","guid":{"rendered":"http:\/\/psol50.org.br\/arquivo\/2012\/10\/29\/sp-promove-no-dia-211-ato-ecumenico-em-memoria-dos-desaparecidos-politicos\/"},"modified":"2012-10-29T00:00:00","modified_gmt":"2012-10-29T00:00:00","slug":"sp-promove-no-dia-211-ato-ecumenico-em-memoria-dos-desaparecidos-politicos","status":"publish","type":"post","link":"https:\/\/psol50.org.br\/sp-promove-no-dia-211-ato-ecumenico-em-memoria-dos-desaparecidos-politicos\/","title":{"rendered":"SP promove, no dia 2\/11, ato ecum\u00eanico em mem\u00f3ria dos desaparecidos pol\u00edticos"},"content":{"rendered":"<p><a href=\"http:\/\/psol50.org.br\/blog\/2012\/10\/29\/sp-promove-ato-ecumenico-em-memoria-dos-desaparecidos-politicos\/atoecumenico\/\" rel=\"attachment wp-att-16536\"><img loading=\"lazy\" decoding=\"async\" class=\"size-full wp-image-16536 alignnone\" src=\"http:\/\/psol50.org.br\/files\/2012\/10\/atoecumenico.jpg\" alt=\"\" width=\"620\" height=\"927\" \/><\/a><\/p>\n<p>A Comiss\u00e3o da Verdade Vladmir Herzog, Comit\u00ea Paulista pela Mem\u00f3ria, Verdade e Justi\u00e7a, CLAI &#8211; Conselho Latinoamaericano de Igrejas, CONIC &#8211; Conselho Nacional de Igrejas Crist\u00e3s e Koinonia &#8211; Presen\u00e7a Ecum\u00eanica e Servi\u00e7o, convidam a popula\u00e7\u00e3o de S\u00e3o Paulo para o ato ecum\u00eanico em mem\u00f3ria das v\u00edtimas de viol\u00eancia de agentes do Estado e pela apura\u00e7\u00e3o e puni\u00e7\u00e3o destes crimes, neste dia 2 de novembro, \u00e0s 10h30, no Cemit\u00e9rio de Vila Formosa &#8211; Quadra 047, entrada pela Avenida Jo\u00e3o 23, pelo port\u00e3o do vel\u00f3rio.<\/p>\n","protected":false},"excerpt":{"rendered":"<p>A Comiss\u00e3o da Verdade Vladmir Herzog, Comit\u00ea Paulista pela Mem\u00f3ria, Verdade e Justi\u00e7a, CLAI &#8211; Conselho Latinoamaericano de Igrejas, CONIC &#8211; Conselho Nacional de Igrejas Crist\u00e3s e Koinonia &#8211; Presen\u00e7a Ecum\u00eanica e Servi\u00e7o, convidam a popula\u00e7\u00e3o de S\u00e3o Paulo para o ato ecum\u00eanico em mem\u00f3ria das v\u00edtimas de viol\u00eancia de agentes do Estado e pela [&hellip;]<\/p>\n","protected":false},"author":2,"featured_media":0,"comment_status":"open","ping_status":"open","sticky":false,"template":"","format":"standard","meta":{"_acf_changed":false,"footnotes":""},"categories":[4766],"tags":[],"class_list":{"0":"post-1077","1":"post","2":"type-post","3":"status-publish","4":"format-standard","6":"category-arquivo"},"acf":[],"yoast_head":"<!-- This site is optimized with the Yoast SEO plugin v26.5 - https:\/\/yoast.com\/wordpress\/plugins\/seo\/ -->\n<title>SP promove, no dia 2\/11, ato ecum\u00eanico em mem\u00f3ria dos desaparecidos pol\u00edticos - PSOL 50<\/title>\n<meta name=\"robots\" content=\"index, follow, max-snippet:-1, max-image-preview:large, max-video-preview:-1\" \/>\n<link rel=\"canonical\" href=\"https:\/\/psol50.org.br\/sp-promove-no-dia-211-ato-ecumenico-em-memoria-dos-desaparecidos-politicos\/\" \/>\n<meta property=\"og:locale\" content=\"pt_BR\" \/>\n<meta property=\"og:type\" content=\"article\" \/>\n<meta property=\"og:title\" content=\"SP promove, no dia 2\/11, ato ecum\u00eanico em mem\u00f3ria dos desaparecidos pol\u00edticos - PSOL 50\" \/>\n<meta property=\"og:description\" content=\"A Comiss\u00e3o da Verdade Vladmir Herzog, Comit\u00ea Paulista pela Mem\u00f3ria, Verdade e Justi\u00e7a, CLAI &#8211; Conselho Latinoamaericano de Igrejas, CONIC &#8211; Conselho Nacional de Igrejas Crist\u00e3s e Koinonia &#8211; Presen\u00e7a Ecum\u00eanica e Servi\u00e7o, convidam a popula\u00e7\u00e3o de S\u00e3o Paulo para o ato ecum\u00eanico em mem\u00f3ria das v\u00edtimas de viol\u00eancia de agentes do Estado e pela [&hellip;]\" \/>\n<meta property=\"og:url\" content=\"https:\/\/psol50.org.br\/sp-promove-no-dia-211-ato-ecumenico-em-memoria-dos-desaparecidos-politicos\/\" \/>\n<meta property=\"og:site_name\" content=\"PSOL 50\" \/>\n<meta property=\"article:publisher\" content=\"https:\/\/www.facebook.com\/psol50\" \/>\n<meta property=\"article:published_time\" content=\"2012-10-29T00:00:00+00:00\" \/>\n<meta property=\"og:image\" content=\"http:\/\/psol50.org.br\/files\/2012\/10\/atoecumenico.jpg\" \/>\n<meta name=\"author\" content=\"Comunica\u00e7\u00e3o PSOL\" \/>\n<meta name=\"twitter:card\" content=\"summary_large_image\" \/>\n<meta name=\"twitter:creator\" content=\"@psol50\" \/>\n<meta name=\"twitter:site\" content=\"@psol50\" \/>\n<meta name=\"twitter:label1\" content=\"Escrito por\" \/>\n\t<meta name=\"twitter:data1\" content=\"Comunica\u00e7\u00e3o PSOL\" \/>\n\t<meta name=\"twitter:label2\" content=\"Est. tempo de leitura\" \/>\n\t<meta name=\"twitter:data2\" content=\"1 minuto\" \/>\n<script type=\"application\/ld+json\" class=\"yoast-schema-graph\">{\"@context\":\"https:\/\/schema.org\",\"@graph\":[{\"@type\":\"Article\",\"@id\":\"https:\/\/psol50.org.br\/sp-promove-no-dia-211-ato-ecumenico-em-memoria-dos-desaparecidos-politicos\/#article\",\"isPartOf\":{\"@id\":\"https:\/\/psol50.org.br\/sp-promove-no-dia-211-ato-ecumenico-em-memoria-dos-desaparecidos-politicos\/\"},\"author\":{\"name\":\"Comunica\u00e7\u00e3o PSOL\",\"@id\":\"https:\/\/psol50.org.br\/#\/schema\/person\/475dfa57d0b815993c714c2e96491fcd\"},\"headline\":\"SP promove, no dia 2\/11, ato ecum\u00eanico em mem\u00f3ria dos desaparecidos pol\u00edticos\",\"datePublished\":\"2012-10-29T00:00:00+00:00\",\"mainEntityOfPage\":{\"@id\":\"https:\/\/psol50.org.br\/sp-promove-no-dia-211-ato-ecumenico-em-memoria-dos-desaparecidos-politicos\/\"},\"wordCount\":114,\"commentCount\":0,\"publisher\":{\"@id\":\"https:\/\/psol50.org.br\/#organization\"},\"image\":{\"@id\":\"https:\/\/psol50.org.br\/sp-promove-no-dia-211-ato-ecumenico-em-memoria-dos-desaparecidos-politicos\/#primaryimage\"},\"thumbnailUrl\":\"http:\/\/psol50.org.br\/files\/2012\/10\/atoecumenico.jpg\",\"articleSection\":[\"Arquivo\"],\"inLanguage\":\"pt-BR\",\"potentialAction\":[{\"@type\":\"CommentAction\",\"name\":\"Comment\",\"target\":[\"https:\/\/psol50.org.br\/sp-promove-no-dia-211-ato-ecumenico-em-memoria-dos-desaparecidos-politicos\/#respond\"]}]},{\"@type\":\"WebPage\",\"@id\":\"https:\/\/psol50.org.br\/sp-promove-no-dia-211-ato-ecumenico-em-memoria-dos-desaparecidos-politicos\/\",\"url\":\"https:\/\/psol50.org.br\/sp-promove-no-dia-211-ato-ecumenico-em-memoria-dos-desaparecidos-politicos\/\",\"name\":\"SP promove, no dia 2\/11, ato ecum\u00eanico em mem\u00f3ria dos desaparecidos pol\u00edticos - PSOL 50\",\"isPartOf\":{\"@id\":\"https:\/\/psol50.org.br\/#website\"},\"primaryImageOfPage\":{\"@id\":\"https:\/\/psol50.org.br\/sp-promove-no-dia-211-ato-ecumenico-em-memoria-dos-desaparecidos-politicos\/#primaryimage\"},\"image\":{\"@id\":\"https:\/\/psol50.org.br\/sp-promove-no-dia-211-ato-ecumenico-em-memoria-dos-desaparecidos-politicos\/#primaryimage\"},\"thumbnailUrl\":\"http:\/\/psol50.org.br\/files\/2012\/10\/atoecumenico.jpg\",\"datePublished\":\"2012-10-29T00:00:00+00:00\",\"breadcrumb\":{\"@id\":\"https:\/\/psol50.org.br\/sp-promove-no-dia-211-ato-ecumenico-em-memoria-dos-desaparecidos-politicos\/#breadcrumb\"},\"inLanguage\":\"pt-BR\",\"potentialAction\":[{\"@type\":\"ReadAction\",\"target\":[\"https:\/\/psol50.org.br\/sp-promove-no-dia-211-ato-ecumenico-em-memoria-dos-desaparecidos-politicos\/\"]}]},{\"@type\":\"ImageObject\",\"inLanguage\":\"pt-BR\",\"@id\":\"https:\/\/psol50.org.br\/sp-promove-no-dia-211-ato-ecumenico-em-memoria-dos-desaparecidos-politicos\/#primaryimage\",\"url\":\"http:\/\/psol50.org.br\/files\/2012\/10\/atoecumenico.jpg\",\"contentUrl\":\"http:\/\/psol50.org.br\/files\/2012\/10\/atoecumenico.jpg\"},{\"@type\":\"BreadcrumbList\",\"@id\":\"https:\/\/psol50.org.br\/sp-promove-no-dia-211-ato-ecumenico-em-memoria-dos-desaparecidos-politicos\/#breadcrumb\",\"itemListElement\":[{\"@type\":\"ListItem\",\"position\":1,\"name\":\"In\u00edcio\",\"item\":\"https:\/\/psol50.org.br\/\"},{\"@type\":\"ListItem\",\"position\":2,\"name\":\"SP promove, no dia 2\/11, ato ecum\u00eanico em mem\u00f3ria dos desaparecidos pol\u00edticos\"}]},{\"@type\":\"WebSite\",\"@id\":\"https:\/\/psol50.org.br\/#website\",\"url\":\"https:\/\/psol50.org.br\/\",\"name\":\"PSOL 50\",\"description\":\"Site oficial do Partido Socialismo e Liberdade\",\"publisher\":{\"@id\":\"https:\/\/psol50.org.br\/#organization\"},\"alternateName\":\"PSOL50\",\"potentialAction\":[{\"@type\":\"SearchAction\",\"target\":{\"@type\":\"EntryPoint\",\"urlTemplate\":\"https:\/\/psol50.org.br\/?s={search_term_string}\"},\"query-input\":{\"@type\":\"PropertyValueSpecification\",\"valueRequired\":true,\"valueName\":\"search_term_string\"}}],\"inLanguage\":\"pt-BR\"},{\"@type\":\"Organization\",\"@id\":\"https:\/\/psol50.org.br\/#organization\",\"name\":\"PSOL 50\",\"alternateName\":\"PSOL 50\",\"url\":\"https:\/\/psol50.org.br\/\",\"logo\":{\"@type\":\"ImageObject\",\"inLanguage\":\"pt-BR\",\"@id\":\"https:\/\/psol50.org.br\/#\/schema\/logo\/image\/\",\"url\":\"https:\/\/psol50.org.br\/inc\/uploads\/2018\/07\/capa.png\",\"contentUrl\":\"https:\/\/psol50.org.br\/inc\/uploads\/2018\/07\/capa.png\",\"width\":1350,\"height\":900,\"caption\":\"PSOL 50\"},\"image\":{\"@id\":\"https:\/\/psol50.org.br\/#\/schema\/logo\/image\/\"},\"sameAs\":[\"https:\/\/www.facebook.com\/psol50\",\"https:\/\/x.com\/psol50\",\"https:\/\/www.instagram.com\/psol50\/\",\"https:\/\/www.youtube.com\/channel\/UC7SnJS5o1os7a6CaiNabzcg\"]},{\"@type\":\"Person\",\"@id\":\"https:\/\/psol50.org.br\/#\/schema\/person\/475dfa57d0b815993c714c2e96491fcd\",\"name\":\"Comunica\u00e7\u00e3o PSOL\",\"image\":{\"@type\":\"ImageObject\",\"inLanguage\":\"pt-BR\",\"@id\":\"https:\/\/psol50.org.br\/#\/schema\/person\/image\/\",\"url\":\"https:\/\/secure.gravatar.com\/avatar\/b34fc4f4e468a4e51785917065a3db57b841f5c95dba6ad8c73aaf8f66f8f9bf?s=96&d=mm&r=g\",\"contentUrl\":\"https:\/\/secure.gravatar.com\/avatar\/b34fc4f4e468a4e51785917065a3db57b841f5c95dba6ad8c73aaf8f66f8f9bf?s=96&d=mm&r=g\",\"caption\":\"Comunica\u00e7\u00e3o PSOL\"}}]}<\/script>\n<!-- \/ Yoast SEO plugin. -->","yoast_head_json":{"title":"SP promove, no dia 2\/11, ato ecum\u00eanico em mem\u00f3ria dos desaparecidos pol\u00edticos - PSOL 50","robots":{"index":"index","follow":"follow","max-snippet":"max-snippet:-1","max-image-preview":"max-image-preview:large","max-video-preview":"max-video-preview:-1"},"canonical":"https:\/\/psol50.org.br\/sp-promove-no-dia-211-ato-ecumenico-em-memoria-dos-desaparecidos-politicos\/","og_locale":"pt_BR","og_type":"article","og_title":"SP promove, no dia 2\/11, ato ecum\u00eanico em mem\u00f3ria dos desaparecidos pol\u00edticos - PSOL 50","og_description":"A Comiss\u00e3o da Verdade Vladmir Herzog, Comit\u00ea Paulista pela Mem\u00f3ria, Verdade e Justi\u00e7a, CLAI &#8211; Conselho Latinoamaericano de Igrejas, CONIC &#8211; Conselho Nacional de Igrejas Crist\u00e3s e Koinonia &#8211; Presen\u00e7a Ecum\u00eanica e Servi\u00e7o, convidam a popula\u00e7\u00e3o de S\u00e3o Paulo para o ato ecum\u00eanico em mem\u00f3ria das v\u00edtimas de viol\u00eancia de agentes do Estado e pela [&hellip;]","og_url":"https:\/\/psol50.org.br\/sp-promove-no-dia-211-ato-ecumenico-em-memoria-dos-desaparecidos-politicos\/","og_site_name":"PSOL 50","article_publisher":"https:\/\/www.facebook.com\/psol50","article_published_time":"2012-10-29T00:00:00+00:00","og_image":[{"url":"http:\/\/psol50.org.br\/files\/2012\/10\/atoecumenico.jpg","type":"","width":"","height":""}],"author":"Comunica\u00e7\u00e3o PSOL","twitter_card":"summary_large_image","twitter_creator":"@psol50","twitter_site":"@psol50","twitter_misc":{"Escrito por":"Comunica\u00e7\u00e3o PSOL","Est. tempo de leitura":"1 minuto"},"schema":{"@context":"https:\/\/schema.org","@graph":[{"@type":"Article","@id":"https:\/\/psol50.org.br\/sp-promove-no-dia-211-ato-ecumenico-em-memoria-dos-desaparecidos-politicos\/#article","isPartOf":{"@id":"https:\/\/psol50.org.br\/sp-promove-no-dia-211-ato-ecumenico-em-memoria-dos-desaparecidos-politicos\/"},"author":{"name":"Comunica\u00e7\u00e3o PSOL","@id":"https:\/\/psol50.org.br\/#\/schema\/person\/475dfa57d0b815993c714c2e96491fcd"},"headline":"SP promove, no dia 2\/11, ato ecum\u00eanico em mem\u00f3ria dos desaparecidos pol\u00edticos","datePublished":"2012-10-29T00:00:00+00:00","mainEntityOfPage":{"@id":"https:\/\/psol50.org.br\/sp-promove-no-dia-211-ato-ecumenico-em-memoria-dos-desaparecidos-politicos\/"},"wordCount":114,"commentCount":0,"publisher":{"@id":"https:\/\/psol50.org.br\/#organization"},"image":{"@id":"https:\/\/psol50.org.br\/sp-promove-no-dia-211-ato-ecumenico-em-memoria-dos-desaparecidos-politicos\/#primaryimage"},"thumbnailUrl":"http:\/\/psol50.org.br\/files\/2012\/10\/atoecumenico.jpg","articleSection":["Arquivo"],"inLanguage":"pt-BR","potentialAction":[{"@type":"CommentAction","name":"Comment","target":["https:\/\/psol50.org.br\/sp-promove-no-dia-211-ato-ecumenico-em-memoria-dos-desaparecidos-politicos\/#respond"]}]},{"@type":"WebPage","@id":"https:\/\/psol50.org.br\/sp-promove-no-dia-211-ato-ecumenico-em-memoria-dos-desaparecidos-politicos\/","url":"https:\/\/psol50.org.br\/sp-promove-no-dia-211-ato-ecumenico-em-memoria-dos-desaparecidos-politicos\/","name":"SP promove, no dia 2\/11, ato ecum\u00eanico em mem\u00f3ria dos desaparecidos pol\u00edticos - PSOL 50","isPartOf":{"@id":"https:\/\/psol50.org.br\/#website"},"primaryImageOfPage":{"@id":"https:\/\/psol50.org.br\/sp-promove-no-dia-211-ato-ecumenico-em-memoria-dos-desaparecidos-politicos\/#primaryimage"},"image":{"@id":"https:\/\/psol50.org.br\/sp-promove-no-dia-211-ato-ecumenico-em-memoria-dos-desaparecidos-politicos\/#primaryimage"},"thumbnailUrl":"http:\/\/psol50.org.br\/files\/2012\/10\/atoecumenico.jpg","datePublished":"2012-10-29T00:00:00+00:00","breadcrumb":{"@id":"https:\/\/psol50.org.br\/sp-promove-no-dia-211-ato-ecumenico-em-memoria-dos-desaparecidos-politicos\/#breadcrumb"},"inLanguage":"pt-BR","potentialAction":[{"@type":"ReadAction","target":["https:\/\/psol50.org.br\/sp-promove-no-dia-211-ato-ecumenico-em-memoria-dos-desaparecidos-politicos\/"]}]},{"@type":"ImageObject","inLanguage":"pt-BR","@id":"https:\/\/psol50.org.br\/sp-promove-no-dia-211-ato-ecumenico-em-memoria-dos-desaparecidos-politicos\/#primaryimage","url":"http:\/\/psol50.org.br\/files\/2012\/10\/atoecumenico.jpg","contentUrl":"http:\/\/psol50.org.br\/files\/2012\/10\/atoecumenico.jpg"},{"@type":"BreadcrumbList","@id":"https:\/\/psol50.org.br\/sp-promove-no-dia-211-ato-ecumenico-em-memoria-dos-desaparecidos-politicos\/#breadcrumb","itemListElement":[{"@type":"ListItem","position":1,"name":"In\u00edcio","item":"https:\/\/psol50.org.br\/"},{"@type":"ListItem","position":2,"name":"SP promove, no dia 2\/11, ato ecum\u00eanico em mem\u00f3ria dos desaparecidos pol\u00edticos"}]},{"@type":"WebSite","@id":"https:\/\/psol50.org.br\/#website","url":"https:\/\/psol50.org.br\/","name":"PSOL 50","description":"Site oficial do Partido Socialismo e Liberdade","publisher":{"@id":"https:\/\/psol50.org.br\/#organization"},"alternateName":"PSOL50","potentialAction":[{"@type":"SearchAction","target":{"@type":"EntryPoint","urlTemplate":"https:\/\/psol50.org.br\/?s={search_term_string}"},"query-input":{"@type":"PropertyValueSpecification","valueRequired":true,"valueName":"search_term_string"}}],"inLanguage":"pt-BR"},{"@type":"Organization","@id":"https:\/\/psol50.org.br\/#organization","name":"PSOL 50","alternateName":"PSOL 50","url":"https:\/\/psol50.org.br\/","logo":{"@type":"ImageObject","inLanguage":"pt-BR","@id":"https:\/\/psol50.org.br\/#\/schema\/logo\/image\/","url":"https:\/\/psol50.org.br\/inc\/uploads\/2018\/07\/capa.png","contentUrl":"https:\/\/psol50.org.br\/inc\/uploads\/2018\/07\/capa.png","width":1350,"height":900,"caption":"PSOL 50"},"image":{"@id":"https:\/\/psol50.org.br\/#\/schema\/logo\/image\/"},"sameAs":["https:\/\/www.facebook.com\/psol50","https:\/\/x.com\/psol50","https:\/\/www.instagram.com\/psol50\/","https:\/\/www.youtube.com\/channel\/UC7SnJS5o1os7a6CaiNabzcg"]},{"@type":"Person","@id":"https:\/\/psol50.org.br\/#\/schema\/person\/475dfa57d0b815993c714c2e96491fcd","name":"Comunica\u00e7\u00e3o PSOL","image":{"@type":"ImageObject","inLanguage":"pt-BR","@id":"https:\/\/psol50.org.br\/#\/schema\/person\/image\/","url":"https:\/\/secure.gravatar.com\/avatar\/b34fc4f4e468a4e51785917065a3db57b841f5c95dba6ad8c73aaf8f66f8f9bf?s=96&d=mm&r=g","contentUrl":"https:\/\/secure.gravatar.com\/avatar\/b34fc4f4e468a4e51785917065a3db57b841f5c95dba6ad8c73aaf8f66f8f9bf?s=96&d=mm&r=g","caption":"Comunica\u00e7\u00e3o PSOL"}}]}},"_links":{"self":[{"href":"https:\/\/psol50.org.br\/rest\/wp\/v2\/posts\/1077","targetHints":{"allow":["GET"]}}],"collection":[{"href":"https:\/\/psol50.org.br\/rest\/wp\/v2\/posts"}],"about":[{"href":"https:\/\/psol50.org.br\/rest\/wp\/v2\/types\/post"}],"author":[{"embeddable":true,"href":"https:\/\/psol50.org.br\/rest\/wp\/v2\/users\/2"}],"replies":[{"embeddable":true,"href":"https:\/\/psol50.org.br\/rest\/wp\/v2\/comments?post=1077"}],"version-history":[{"count":0,"href":"https:\/\/psol50.org.br\/rest\/wp\/v2\/posts\/1077\/revisions"}],"wp:attachment":[{"href":"https:\/\/psol50.org.br\/rest\/wp\/v2\/media?parent=1077"}],"wp:term":[{"taxonomy":"category","embeddable":true,"href":"https:\/\/psol50.org.br\/rest\/wp\/v2\/categories?post=1077"},{"taxonomy":"post_tag","embeddable":true,"href":"https:\/\/psol50.org.br\/rest\/wp\/v2\/tags?post=1077"}],"curies":[{"name":"wp","href":"https:\/\/api.w.org\/{rel}","templated":true}]}}