{"id":10775,"date":"2015-12-01T19:04:37","date_gmt":"2015-12-01T19:04:37","guid":{"rendered":"http:\/\/www.psol50.org.br\/?p=10775"},"modified":"2015-12-01T19:04:37","modified_gmt":"2015-12-01T19:04:37","slug":"ministerio-publico-pede-suspensao-de-reorganizacao-escolar-do-governo-de-sao-paulo","status":"publish","type":"post","link":"https:\/\/psol50.org.br\/ministerio-publico-pede-suspensao-de-reorganizacao-escolar-do-governo-de-sao-paulo\/","title":{"rendered":"Minist\u00e9rio P\u00fablico pede suspens\u00e3o de \u201creorganiza\u00e7\u00e3o escolar\u201d do governo de S\u00e3o Paulo"},"content":{"rendered":"<p lang=\"pt-BR\"><em>Do Brasil de Fato, Laura Viana (originalmente publicado em\u00a0<a href=\"http:\/\/brasildefato.com.br\/node\/33612\">http:\/\/brasildefato.com.br\/node\/33612<\/a>)<\/em><\/p>\n<p lang=\"pt-BR\">Ap\u00f3s a assinatura do governador Geraldo Alckmin (PSDB) do decreto que autoriza a \u201creorganiza\u00e7\u00e3o escolar\u201d no estado, o grupo de educa\u00e7\u00e3o do Minist\u00e9rio P\u00fablico Estadual pediu a suspens\u00e3o da medida na regi\u00e3o de Presidente Prudente, interior de S\u00e3o Paulo.<\/p>\n<p lang=\"pt-BR\">O promotor Luiz Antonio Miguel Ferreira apontou que a medida, que vai alterar a rotina de oito escolas da regi\u00e3o, n\u00e3o foi dialogada com a popula\u00e7\u00e3o e que a\u00e7\u00f5es parecidas j\u00e1 foram tomadas em gest\u00f5es anteriores e n\u00e3o deram resultado quanto a melhoria da qualidade do ensino.<\/p>\n<p lang=\"pt-BR\">&#8220;Ao que tudo indica, o governo estadual n\u00e3o est\u00e1 realizando uma reorganiza\u00e7\u00e3o visando \u00e0 melhoria da educa\u00e7\u00e3o oferecida pela rede estadual, mas sim uma reforma administrativa que visa reduzir gastos com a educa\u00e7\u00e3o. Com isso, o impacto imediato da reestrutura\u00e7\u00e3o ser\u00e1 o fechamento de escolas&#8221;, afirma.<\/p>\n<p lang=\"pt-BR\">No ultimo domingo, a jornalista Laura Capriglione conseguiu com exclusividade um \u00e1udio em que o chefe de gabinete da secretaria estadual de educa\u00e7\u00e3o convoca os dirigentes de ensino a \u201cir para a guerra\u201d contra os estudantes que participam das ocupa\u00e7\u00f5es. De l\u00e1 pra c\u00e1, aconteceram in\u00fameras den\u00fancias de viol\u00eancia policial contra os estudantes.<\/p>\n","protected":false},"excerpt":{"rendered":"<p>Do Brasil de Fato, Laura Viana (originalmente publicado em\u00a0http:\/\/brasildefato.com.br\/node\/33612) Ap\u00f3s a assinatura do governador Geraldo Alckmin (PSDB) do decreto que autoriza a \u201creorganiza\u00e7\u00e3o escolar\u201d no estado, o grupo de educa\u00e7\u00e3o do Minist\u00e9rio P\u00fablico Estadual pediu a suspens\u00e3o da medida na regi\u00e3o de Presidente Prudente, interior de S\u00e3o Paulo. O promotor Luiz Antonio Miguel Ferreira apontou [&hellip;]<\/p>\n","protected":false},"author":2,"featured_media":10776,"comment_status":"open","ping_status":"open","sticky":false,"template":"","format":"standard","meta":{"_acf_changed":false,"footnotes":""},"categories":[1104,6],"tags":[4617,3905],"class_list":{"0":"post-10775","1":"post","2":"type-post","3":"status-publish","4":"format-standard","5":"has-post-thumbnail","7":"category-movimento","8":"category-noticias","9":"tag-escolas-ocupadas","10":"tag-nao-fechem-minha-escola"},"acf":[],"yoast_head":"<!-- This site is optimized with the Yoast SEO plugin v26.5 - https:\/\/yoast.com\/wordpress\/plugins\/seo\/ -->\n<title>Minist\u00e9rio P\u00fablico pede suspens\u00e3o de \u201creorganiza\u00e7\u00e3o escolar\u201d do governo de S\u00e3o Paulo - PSOL 50<\/title>\n<meta name=\"robots\" content=\"index, follow, max-snippet:-1, max-image-preview:large, max-video-preview:-1\" \/>\n<link rel=\"canonical\" href=\"https:\/\/psol50.org.br\/ministerio-publico-pede-suspensao-de-reorganizacao-escolar-do-governo-de-sao-paulo\/\" \/>\n<meta property=\"og:locale\" content=\"pt_BR\" \/>\n<meta property=\"og:type\" content=\"article\" \/>\n<meta property=\"og:title\" content=\"Minist\u00e9rio P\u00fablico pede suspens\u00e3o de \u201creorganiza\u00e7\u00e3o escolar\u201d do governo de S\u00e3o Paulo - PSOL 50\" \/>\n<meta property=\"og:description\" content=\"Do Brasil de Fato, Laura Viana (originalmente publicado em\u00a0http:\/\/brasildefato.com.br\/node\/33612) Ap\u00f3s a assinatura do governador Geraldo Alckmin (PSDB) do decreto que autoriza a \u201creorganiza\u00e7\u00e3o escolar\u201d no estado, o grupo de educa\u00e7\u00e3o do Minist\u00e9rio P\u00fablico Estadual pediu a suspens\u00e3o da medida na regi\u00e3o de Presidente Prudente, interior de S\u00e3o Paulo. O promotor Luiz Antonio Miguel Ferreira apontou [&hellip;]\" \/>\n<meta property=\"og:url\" content=\"https:\/\/psol50.org.br\/ministerio-publico-pede-suspensao-de-reorganizacao-escolar-do-governo-de-sao-paulo\/\" \/>\n<meta property=\"og:site_name\" content=\"PSOL 50\" \/>\n<meta property=\"article:publisher\" content=\"https:\/\/www.facebook.com\/psol50\" \/>\n<meta property=\"article:published_time\" content=\"2015-12-01T19:04:37+00:00\" \/>\n<meta property=\"og:image\" content=\"https:\/\/psol50.org.br\/inc\/uploads\/2015\/12\/987225-sp30112015-_abr2578.jpg\" \/>\n\t<meta property=\"og:image:width\" content=\"800\" \/>\n\t<meta property=\"og:image:height\" content=\"530\" \/>\n\t<meta property=\"og:image:type\" content=\"image\/jpeg\" \/>\n<meta name=\"author\" content=\"Comunica\u00e7\u00e3o PSOL\" \/>\n<meta name=\"twitter:card\" content=\"summary_large_image\" \/>\n<meta name=\"twitter:creator\" content=\"@psol50\" \/>\n<meta name=\"twitter:site\" content=\"@psol50\" \/>\n<meta name=\"twitter:label1\" content=\"Escrito por\" \/>\n\t<meta name=\"twitter:data1\" content=\"Comunica\u00e7\u00e3o PSOL\" \/>\n\t<meta name=\"twitter:label2\" content=\"Est. tempo de leitura\" \/>\n\t<meta name=\"twitter:data2\" content=\"1 minuto\" \/>\n<script type=\"application\/ld+json\" class=\"yoast-schema-graph\">{\"@context\":\"https:\/\/schema.org\",\"@graph\":[{\"@type\":\"Article\",\"@id\":\"https:\/\/psol50.org.br\/ministerio-publico-pede-suspensao-de-reorganizacao-escolar-do-governo-de-sao-paulo\/#article\",\"isPartOf\":{\"@id\":\"https:\/\/psol50.org.br\/ministerio-publico-pede-suspensao-de-reorganizacao-escolar-do-governo-de-sao-paulo\/\"},\"author\":{\"name\":\"Comunica\u00e7\u00e3o PSOL\",\"@id\":\"https:\/\/psol50.org.br\/#\/schema\/person\/475dfa57d0b815993c714c2e96491fcd\"},\"headline\":\"Minist\u00e9rio P\u00fablico pede suspens\u00e3o de \u201creorganiza\u00e7\u00e3o escolar\u201d do governo de S\u00e3o Paulo\",\"datePublished\":\"2015-12-01T19:04:37+00:00\",\"mainEntityOfPage\":{\"@id\":\"https:\/\/psol50.org.br\/ministerio-publico-pede-suspensao-de-reorganizacao-escolar-do-governo-de-sao-paulo\/\"},\"wordCount\":239,\"commentCount\":0,\"publisher\":{\"@id\":\"https:\/\/psol50.org.br\/#organization\"},\"image\":{\"@id\":\"https:\/\/psol50.org.br\/ministerio-publico-pede-suspensao-de-reorganizacao-escolar-do-governo-de-sao-paulo\/#primaryimage\"},\"thumbnailUrl\":\"https:\/\/psol50.org.br\/inc\/uploads\/2015\/12\/987225-sp30112015-_abr2578.jpg\",\"keywords\":[\"Escolas ocupadas\",\"N\u00e3o fechem minha escola\"],\"articleSection\":[\"Movimento\",\"Not\u00edcias\"],\"inLanguage\":\"pt-BR\",\"potentialAction\":[{\"@type\":\"CommentAction\",\"name\":\"Comment\",\"target\":[\"https:\/\/psol50.org.br\/ministerio-publico-pede-suspensao-de-reorganizacao-escolar-do-governo-de-sao-paulo\/#respond\"]}]},{\"@type\":\"WebPage\",\"@id\":\"https:\/\/psol50.org.br\/ministerio-publico-pede-suspensao-de-reorganizacao-escolar-do-governo-de-sao-paulo\/\",\"url\":\"https:\/\/psol50.org.br\/ministerio-publico-pede-suspensao-de-reorganizacao-escolar-do-governo-de-sao-paulo\/\",\"name\":\"Minist\u00e9rio P\u00fablico pede suspens\u00e3o de \u201creorganiza\u00e7\u00e3o escolar\u201d do governo de S\u00e3o Paulo - PSOL 50\",\"isPartOf\":{\"@id\":\"https:\/\/psol50.org.br\/#website\"},\"primaryImageOfPage\":{\"@id\":\"https:\/\/psol50.org.br\/ministerio-publico-pede-suspensao-de-reorganizacao-escolar-do-governo-de-sao-paulo\/#primaryimage\"},\"image\":{\"@id\":\"https:\/\/psol50.org.br\/ministerio-publico-pede-suspensao-de-reorganizacao-escolar-do-governo-de-sao-paulo\/#primaryimage\"},\"thumbnailUrl\":\"https:\/\/psol50.org.br\/inc\/uploads\/2015\/12\/987225-sp30112015-_abr2578.jpg\",\"datePublished\":\"2015-12-01T19:04:37+00:00\",\"breadcrumb\":{\"@id\":\"https:\/\/psol50.org.br\/ministerio-publico-pede-suspensao-de-reorganizacao-escolar-do-governo-de-sao-paulo\/#breadcrumb\"},\"inLanguage\":\"pt-BR\",\"potentialAction\":[{\"@type\":\"ReadAction\",\"target\":[\"https:\/\/psol50.org.br\/ministerio-publico-pede-suspensao-de-reorganizacao-escolar-do-governo-de-sao-paulo\/\"]}]},{\"@type\":\"ImageObject\",\"inLanguage\":\"pt-BR\",\"@id\":\"https:\/\/psol50.org.br\/ministerio-publico-pede-suspensao-de-reorganizacao-escolar-do-governo-de-sao-paulo\/#primaryimage\",\"url\":\"https:\/\/psol50.org.br\/inc\/uploads\/2015\/12\/987225-sp30112015-_abr2578.jpg\",\"contentUrl\":\"https:\/\/psol50.org.br\/inc\/uploads\/2015\/12\/987225-sp30112015-_abr2578.jpg\",\"width\":800,\"height\":530,\"caption\":\"S\u00e3o Paulo - Estudantes bloqueiam, com cadeiras e cartazes, um dos sentidos da Avenida Brigadeiro Faria Lima, em protesto contra a reorganiza\u00e7\u00e3o escolar no estado de S\u00e3o Paulo (Rovena Rosa\/Ag\u00eancia Brasil)\"},{\"@type\":\"BreadcrumbList\",\"@id\":\"https:\/\/psol50.org.br\/ministerio-publico-pede-suspensao-de-reorganizacao-escolar-do-governo-de-sao-paulo\/#breadcrumb\",\"itemListElement\":[{\"@type\":\"ListItem\",\"position\":1,\"name\":\"In\u00edcio\",\"item\":\"https:\/\/psol50.org.br\/\"},{\"@type\":\"ListItem\",\"position\":2,\"name\":\"Minist\u00e9rio P\u00fablico pede suspens\u00e3o de \u201creorganiza\u00e7\u00e3o escolar\u201d do governo de S\u00e3o Paulo\"}]},{\"@type\":\"WebSite\",\"@id\":\"https:\/\/psol50.org.br\/#website\",\"url\":\"https:\/\/psol50.org.br\/\",\"name\":\"PSOL 50\",\"description\":\"Site oficial do Partido Socialismo e Liberdade\",\"publisher\":{\"@id\":\"https:\/\/psol50.org.br\/#organization\"},\"alternateName\":\"PSOL50\",\"potentialAction\":[{\"@type\":\"SearchAction\",\"target\":{\"@type\":\"EntryPoint\",\"urlTemplate\":\"https:\/\/psol50.org.br\/?s={search_term_string}\"},\"query-input\":{\"@type\":\"PropertyValueSpecification\",\"valueRequired\":true,\"valueName\":\"search_term_string\"}}],\"inLanguage\":\"pt-BR\"},{\"@type\":\"Organization\",\"@id\":\"https:\/\/psol50.org.br\/#organization\",\"name\":\"PSOL 50\",\"alternateName\":\"PSOL 50\",\"url\":\"https:\/\/psol50.org.br\/\",\"logo\":{\"@type\":\"ImageObject\",\"inLanguage\":\"pt-BR\",\"@id\":\"https:\/\/psol50.org.br\/#\/schema\/logo\/image\/\",\"url\":\"https:\/\/psol50.org.br\/inc\/uploads\/2018\/07\/capa.png\",\"contentUrl\":\"https:\/\/psol50.org.br\/inc\/uploads\/2018\/07\/capa.png\",\"width\":1350,\"height\":900,\"caption\":\"PSOL 50\"},\"image\":{\"@id\":\"https:\/\/psol50.org.br\/#\/schema\/logo\/image\/\"},\"sameAs\":[\"https:\/\/www.facebook.com\/psol50\",\"https:\/\/x.com\/psol50\",\"https:\/\/www.instagram.com\/psol50\/\",\"https:\/\/www.youtube.com\/channel\/UC7SnJS5o1os7a6CaiNabzcg\"]},{\"@type\":\"Person\",\"@id\":\"https:\/\/psol50.org.br\/#\/schema\/person\/475dfa57d0b815993c714c2e96491fcd\",\"name\":\"Comunica\u00e7\u00e3o PSOL\",\"image\":{\"@type\":\"ImageObject\",\"inLanguage\":\"pt-BR\",\"@id\":\"https:\/\/psol50.org.br\/#\/schema\/person\/image\/\",\"url\":\"https:\/\/secure.gravatar.com\/avatar\/b34fc4f4e468a4e51785917065a3db57b841f5c95dba6ad8c73aaf8f66f8f9bf?s=96&d=mm&r=g\",\"contentUrl\":\"https:\/\/secure.gravatar.com\/avatar\/b34fc4f4e468a4e51785917065a3db57b841f5c95dba6ad8c73aaf8f66f8f9bf?s=96&d=mm&r=g\",\"caption\":\"Comunica\u00e7\u00e3o PSOL\"}}]}<\/script>\n<!-- \/ Yoast SEO plugin. -->","yoast_head_json":{"title":"Minist\u00e9rio P\u00fablico pede suspens\u00e3o de \u201creorganiza\u00e7\u00e3o escolar\u201d do governo de S\u00e3o Paulo - PSOL 50","robots":{"index":"index","follow":"follow","max-snippet":"max-snippet:-1","max-image-preview":"max-image-preview:large","max-video-preview":"max-video-preview:-1"},"canonical":"https:\/\/psol50.org.br\/ministerio-publico-pede-suspensao-de-reorganizacao-escolar-do-governo-de-sao-paulo\/","og_locale":"pt_BR","og_type":"article","og_title":"Minist\u00e9rio P\u00fablico pede suspens\u00e3o de \u201creorganiza\u00e7\u00e3o escolar\u201d do governo de S\u00e3o Paulo - PSOL 50","og_description":"Do Brasil de Fato, Laura Viana (originalmente publicado em\u00a0http:\/\/brasildefato.com.br\/node\/33612) Ap\u00f3s a assinatura do governador Geraldo Alckmin (PSDB) do decreto que autoriza a \u201creorganiza\u00e7\u00e3o escolar\u201d no estado, o grupo de educa\u00e7\u00e3o do Minist\u00e9rio P\u00fablico Estadual pediu a suspens\u00e3o da medida na regi\u00e3o de Presidente Prudente, interior de S\u00e3o Paulo. O promotor Luiz Antonio Miguel Ferreira apontou [&hellip;]","og_url":"https:\/\/psol50.org.br\/ministerio-publico-pede-suspensao-de-reorganizacao-escolar-do-governo-de-sao-paulo\/","og_site_name":"PSOL 50","article_publisher":"https:\/\/www.facebook.com\/psol50","article_published_time":"2015-12-01T19:04:37+00:00","og_image":[{"width":800,"height":530,"url":"https:\/\/psol50.org.br\/inc\/uploads\/2015\/12\/987225-sp30112015-_abr2578.jpg","type":"image\/jpeg"}],"author":"Comunica\u00e7\u00e3o PSOL","twitter_card":"summary_large_image","twitter_creator":"@psol50","twitter_site":"@psol50","twitter_misc":{"Escrito por":"Comunica\u00e7\u00e3o PSOL","Est. tempo de leitura":"1 minuto"},"schema":{"@context":"https:\/\/schema.org","@graph":[{"@type":"Article","@id":"https:\/\/psol50.org.br\/ministerio-publico-pede-suspensao-de-reorganizacao-escolar-do-governo-de-sao-paulo\/#article","isPartOf":{"@id":"https:\/\/psol50.org.br\/ministerio-publico-pede-suspensao-de-reorganizacao-escolar-do-governo-de-sao-paulo\/"},"author":{"name":"Comunica\u00e7\u00e3o PSOL","@id":"https:\/\/psol50.org.br\/#\/schema\/person\/475dfa57d0b815993c714c2e96491fcd"},"headline":"Minist\u00e9rio P\u00fablico pede suspens\u00e3o de \u201creorganiza\u00e7\u00e3o escolar\u201d do governo de S\u00e3o Paulo","datePublished":"2015-12-01T19:04:37+00:00","mainEntityOfPage":{"@id":"https:\/\/psol50.org.br\/ministerio-publico-pede-suspensao-de-reorganizacao-escolar-do-governo-de-sao-paulo\/"},"wordCount":239,"commentCount":0,"publisher":{"@id":"https:\/\/psol50.org.br\/#organization"},"image":{"@id":"https:\/\/psol50.org.br\/ministerio-publico-pede-suspensao-de-reorganizacao-escolar-do-governo-de-sao-paulo\/#primaryimage"},"thumbnailUrl":"https:\/\/psol50.org.br\/inc\/uploads\/2015\/12\/987225-sp30112015-_abr2578.jpg","keywords":["Escolas ocupadas","N\u00e3o fechem minha escola"],"articleSection":["Movimento","Not\u00edcias"],"inLanguage":"pt-BR","potentialAction":[{"@type":"CommentAction","name":"Comment","target":["https:\/\/psol50.org.br\/ministerio-publico-pede-suspensao-de-reorganizacao-escolar-do-governo-de-sao-paulo\/#respond"]}]},{"@type":"WebPage","@id":"https:\/\/psol50.org.br\/ministerio-publico-pede-suspensao-de-reorganizacao-escolar-do-governo-de-sao-paulo\/","url":"https:\/\/psol50.org.br\/ministerio-publico-pede-suspensao-de-reorganizacao-escolar-do-governo-de-sao-paulo\/","name":"Minist\u00e9rio P\u00fablico pede suspens\u00e3o de \u201creorganiza\u00e7\u00e3o escolar\u201d do governo de S\u00e3o Paulo - PSOL 50","isPartOf":{"@id":"https:\/\/psol50.org.br\/#website"},"primaryImageOfPage":{"@id":"https:\/\/psol50.org.br\/ministerio-publico-pede-suspensao-de-reorganizacao-escolar-do-governo-de-sao-paulo\/#primaryimage"},"image":{"@id":"https:\/\/psol50.org.br\/ministerio-publico-pede-suspensao-de-reorganizacao-escolar-do-governo-de-sao-paulo\/#primaryimage"},"thumbnailUrl":"https:\/\/psol50.org.br\/inc\/uploads\/2015\/12\/987225-sp30112015-_abr2578.jpg","datePublished":"2015-12-01T19:04:37+00:00","breadcrumb":{"@id":"https:\/\/psol50.org.br\/ministerio-publico-pede-suspensao-de-reorganizacao-escolar-do-governo-de-sao-paulo\/#breadcrumb"},"inLanguage":"pt-BR","potentialAction":[{"@type":"ReadAction","target":["https:\/\/psol50.org.br\/ministerio-publico-pede-suspensao-de-reorganizacao-escolar-do-governo-de-sao-paulo\/"]}]},{"@type":"ImageObject","inLanguage":"pt-BR","@id":"https:\/\/psol50.org.br\/ministerio-publico-pede-suspensao-de-reorganizacao-escolar-do-governo-de-sao-paulo\/#primaryimage","url":"https:\/\/psol50.org.br\/inc\/uploads\/2015\/12\/987225-sp30112015-_abr2578.jpg","contentUrl":"https:\/\/psol50.org.br\/inc\/uploads\/2015\/12\/987225-sp30112015-_abr2578.jpg","width":800,"height":530,"caption":"S\u00e3o Paulo - Estudantes bloqueiam, com cadeiras e cartazes, um dos sentidos da Avenida Brigadeiro Faria Lima, em protesto contra a reorganiza\u00e7\u00e3o escolar no estado de S\u00e3o Paulo (Rovena Rosa\/Ag\u00eancia Brasil)"},{"@type":"BreadcrumbList","@id":"https:\/\/psol50.org.br\/ministerio-publico-pede-suspensao-de-reorganizacao-escolar-do-governo-de-sao-paulo\/#breadcrumb","itemListElement":[{"@type":"ListItem","position":1,"name":"In\u00edcio","item":"https:\/\/psol50.org.br\/"},{"@type":"ListItem","position":2,"name":"Minist\u00e9rio P\u00fablico pede suspens\u00e3o de \u201creorganiza\u00e7\u00e3o escolar\u201d do governo de S\u00e3o Paulo"}]},{"@type":"WebSite","@id":"https:\/\/psol50.org.br\/#website","url":"https:\/\/psol50.org.br\/","name":"PSOL 50","description":"Site oficial do Partido Socialismo e Liberdade","publisher":{"@id":"https:\/\/psol50.org.br\/#organization"},"alternateName":"PSOL50","potentialAction":[{"@type":"SearchAction","target":{"@type":"EntryPoint","urlTemplate":"https:\/\/psol50.org.br\/?s={search_term_string}"},"query-input":{"@type":"PropertyValueSpecification","valueRequired":true,"valueName":"search_term_string"}}],"inLanguage":"pt-BR"},{"@type":"Organization","@id":"https:\/\/psol50.org.br\/#organization","name":"PSOL 50","alternateName":"PSOL 50","url":"https:\/\/psol50.org.br\/","logo":{"@type":"ImageObject","inLanguage":"pt-BR","@id":"https:\/\/psol50.org.br\/#\/schema\/logo\/image\/","url":"https:\/\/psol50.org.br\/inc\/uploads\/2018\/07\/capa.png","contentUrl":"https:\/\/psol50.org.br\/inc\/uploads\/2018\/07\/capa.png","width":1350,"height":900,"caption":"PSOL 50"},"image":{"@id":"https:\/\/psol50.org.br\/#\/schema\/logo\/image\/"},"sameAs":["https:\/\/www.facebook.com\/psol50","https:\/\/x.com\/psol50","https:\/\/www.instagram.com\/psol50\/","https:\/\/www.youtube.com\/channel\/UC7SnJS5o1os7a6CaiNabzcg"]},{"@type":"Person","@id":"https:\/\/psol50.org.br\/#\/schema\/person\/475dfa57d0b815993c714c2e96491fcd","name":"Comunica\u00e7\u00e3o PSOL","image":{"@type":"ImageObject","inLanguage":"pt-BR","@id":"https:\/\/psol50.org.br\/#\/schema\/person\/image\/","url":"https:\/\/secure.gravatar.com\/avatar\/b34fc4f4e468a4e51785917065a3db57b841f5c95dba6ad8c73aaf8f66f8f9bf?s=96&d=mm&r=g","contentUrl":"https:\/\/secure.gravatar.com\/avatar\/b34fc4f4e468a4e51785917065a3db57b841f5c95dba6ad8c73aaf8f66f8f9bf?s=96&d=mm&r=g","caption":"Comunica\u00e7\u00e3o PSOL"}}]}},"_links":{"self":[{"href":"https:\/\/psol50.org.br\/rest\/wp\/v2\/posts\/10775","targetHints":{"allow":["GET"]}}],"collection":[{"href":"https:\/\/psol50.org.br\/rest\/wp\/v2\/posts"}],"about":[{"href":"https:\/\/psol50.org.br\/rest\/wp\/v2\/types\/post"}],"author":[{"embeddable":true,"href":"https:\/\/psol50.org.br\/rest\/wp\/v2\/users\/2"}],"replies":[{"embeddable":true,"href":"https:\/\/psol50.org.br\/rest\/wp\/v2\/comments?post=10775"}],"version-history":[{"count":0,"href":"https:\/\/psol50.org.br\/rest\/wp\/v2\/posts\/10775\/revisions"}],"wp:featuredmedia":[{"embeddable":true,"href":"https:\/\/psol50.org.br\/rest\/wp\/v2\/media\/10776"}],"wp:attachment":[{"href":"https:\/\/psol50.org.br\/rest\/wp\/v2\/media?parent=10775"}],"wp:term":[{"taxonomy":"category","embeddable":true,"href":"https:\/\/psol50.org.br\/rest\/wp\/v2\/categories?post=10775"},{"taxonomy":"post_tag","embeddable":true,"href":"https:\/\/psol50.org.br\/rest\/wp\/v2\/tags?post=10775"}],"curies":[{"name":"wp","href":"https:\/\/api.w.org\/{rel}","templated":true}]}}