{"id":10783,"date":"2015-12-01T21:25:01","date_gmt":"2015-12-01T21:25:01","guid":{"rendered":"http:\/\/www.psol50.org.br\/?p=10783"},"modified":"2015-12-01T21:25:01","modified_gmt":"2015-12-01T21:25:01","slug":"comissao-da-verdade-instalada-na-alesp-e-presidida-pelo-psol","status":"publish","type":"post","link":"https:\/\/psol50.org.br\/comissao-da-verdade-instalada-na-alesp-e-presidida-pelo-psol\/","title":{"rendered":"Comiss\u00e3o da Verdade instalada na Alesp \u00e9 presidida pelo PSOL"},"content":{"rendered":"<p>O deputado estadual pelo PSOL-SP Raul Marcelo \u00e9 o presidente da Subcomiss\u00e3o da Verdade \u2013 interna \u00e0 comiss\u00e3o de Direitos Humanos -, instalada na tarde desta ter\u00e7a-feira (01) na Assembleia Legislativa de S\u00e3o Paulo (Alesp). Juntamente com ele e representantes de sua assessoria, a reuni\u00e3o contou com a presen\u00e7a dos deputados integrantes da comiss\u00e3o, al\u00e9m do assessor da coordena\u00e7\u00e3o de direito \u00e0 mem\u00f3ria e \u00e0 verdade da Secretaria Municipal de Direitos Humanos da Prefeitura de S\u00e3o Paulo, F\u00e1bio Franco, e dos militantes de direitos humanos, Rafael Schincariol e Dario de Negreiros.<br \/>\nDentro do per\u00edodo de um ano, os trabalhos iniciados agora devem investigar os \u201ccrimes da democracia\u201d, esclarecendo fatos e circunst\u00e2ncias de casos de graves viola\u00e7\u00f5es aos direitos humanos cometidos por agentes p\u00fablicos \u2013 torturas, mortes, desaparecimentos for\u00e7ados e oculta\u00e7\u00e3o de cad\u00e1veres. O processo dar\u00e1 prosseguimento \u00e0s investiga\u00e7\u00f5es realizadas pela primeira Comiss\u00e3o da Verdade de S\u00e3o Paulo, que investigou os crimes da ditadura promovidos por agentes do Estado e produziu o relat\u00f3rio final, dispon\u00edvel neste link: <a href=\"http:\/\/verdadeaberta.org\/relatorio\/\">http:\/\/verdadeaberta.org\/relatorio\/<\/a>.<br \/>\nComo encaminhamento da rec\u00e9m-instalada comiss\u00e3o, foi sugerido o agendamento de uma reuni\u00e3o com o secret\u00e1rio adjunto de direitos humanos do munic\u00edpio, Guilherme de Almeida, e o estabelecimento de uma parceria com a Universidade Federal de S\u00e3o Paulo (Unifesp), para que a cria\u00e7\u00e3o de um conv\u00eanio t\u00e9cnico colabore com as investiga\u00e7\u00f5es.<br \/>\nPara F\u00e1bio Franco, \u201ca cria\u00e7\u00e3o de uma subcomiss\u00e3o da verdade e da democracia \u00e9 uma forma de reconhecer que a ditadura civil militar brasileira &#8211; por mais que tenha sido substitu\u00edda por um regime democr\u00e1tico &#8211; deixou marcas indel\u00e9veis e estruturas permanentes que continuam a perpetrar atos de graves viola\u00e7\u00f5es de direitos humanos\u201d.<br \/>\nSegundo Dario Negreiros, \u201cn\u00e3o h\u00e1 nenhuma d\u00favida de que o maior acontecimento hist\u00f3rico (terr\u00edvel), da nossa \u00e9poca, \u00e9 o genoc\u00eddio da popula\u00e7\u00e3o preta, pobre e perif\u00e9rica, pelas m\u00e3os do Estado. S\u00e3o n\u00fameros piores do que os que a gente tinha no per\u00edodo autorit\u00e1rio\u201d.<br \/>\n\u201cA cria\u00e7\u00e3o dessa subcomiss\u00e3o \u00e9 absolutamente fundamental porque \u00e9 uma maneira de fortalecer a democracia pelo aperfei\u00e7oamento das institui\u00e7\u00f5es. A subcomiss\u00e3o vai contribuir porque investigar\u00e1 exatamente os crimes do pr\u00f3prio Estado\u201d, refor\u00e7a Rafael Schincariol.<br \/>\nO pano de fundo do trabalho acaba por mostrar que as institui\u00e7\u00f5es atuantes no per\u00edodo da ditadura continuam com o mesmo formato, n\u00e3o foram reformadas ou atualizadas e seguem reproduzindo atos de graves viola\u00e7\u00f5es aos direitos humanos. Segundo o mandato do deputado Raul Marcelo, a subcomiss\u00e3o se debru\u00e7ar\u00e1 sobre essa quest\u00e3o numa perspectiva cr\u00edtica, objetivando a democratiza\u00e7\u00e3o dessas institui\u00e7\u00f5es.<br \/>\nO Projeto de Resolu\u00e7\u00e3o que cria a Comiss\u00e3o da Verdade foi proposto pelo deputado Raul Marcelo em junho deste ano.<br \/>\nFonte: <em>Mandato deputado Raul Marcelo<\/em><br \/>\n&nbsp;<\/p>\n","protected":false},"excerpt":{"rendered":"<p>O deputado estadual pelo PSOL-SP Raul Marcelo \u00e9 o presidente da Subcomiss\u00e3o da Verdade \u2013 interna \u00e0 comiss\u00e3o de Direitos Humanos -, instalada na tarde desta ter\u00e7a-feira (01) na Assembleia Legislativa de S\u00e3o Paulo (Alesp). Juntamente com ele e representantes de sua assessoria, a reuni\u00e3o contou com a presen\u00e7a dos deputados integrantes da comiss\u00e3o, al\u00e9m [&hellip;]<\/p>\n","protected":false},"author":2,"featured_media":10784,"comment_status":"open","ping_status":"open","sticky":false,"template":"","format":"standard","meta":{"_acf_changed":false,"footnotes":""},"categories":[10,6],"tags":[141,3925,4925,87,638,54,2330,2277,2528],"class_list":{"0":"post-10783","1":"post","2":"type-post","3":"status-publish","4":"format-standard","5":"has-post-thumbnail","7":"category-acao-parlamentares","8":"category-noticias","9":"tag-alesp","10":"tag-assembleia-legislativa-de-sao-paulo","11":"tag-comissao-da-verdade","12":"tag-democracia","13":"tag-ditadura-militar","14":"tag-justica","15":"tag-memoria","16":"tag-psol-sp","17":"tag-raul-marcelo"},"acf":[],"yoast_head":"<!-- This site is optimized with the Yoast SEO plugin v26.5 - https:\/\/yoast.com\/wordpress\/plugins\/seo\/ -->\n<title>Comiss\u00e3o da Verdade instalada na Alesp \u00e9 presidida pelo PSOL - PSOL 50<\/title>\n<meta name=\"robots\" content=\"index, follow, max-snippet:-1, max-image-preview:large, max-video-preview:-1\" \/>\n<link rel=\"canonical\" href=\"https:\/\/psol50.org.br\/comissao-da-verdade-instalada-na-alesp-e-presidida-pelo-psol\/\" \/>\n<meta property=\"og:locale\" content=\"pt_BR\" \/>\n<meta property=\"og:type\" content=\"article\" \/>\n<meta property=\"og:title\" content=\"Comiss\u00e3o da Verdade instalada na Alesp \u00e9 presidida pelo PSOL - PSOL 50\" \/>\n<meta property=\"og:description\" content=\"O deputado estadual pelo PSOL-SP Raul Marcelo \u00e9 o presidente da Subcomiss\u00e3o da Verdade \u2013 interna \u00e0 comiss\u00e3o de Direitos Humanos -, instalada na tarde desta ter\u00e7a-feira (01) na Assembleia Legislativa de S\u00e3o Paulo (Alesp). Juntamente com ele e representantes de sua assessoria, a reuni\u00e3o contou com a presen\u00e7a dos deputados integrantes da comiss\u00e3o, al\u00e9m [&hellip;]\" \/>\n<meta property=\"og:url\" content=\"https:\/\/psol50.org.br\/comissao-da-verdade-instalada-na-alesp-e-presidida-pelo-psol\/\" \/>\n<meta property=\"og:site_name\" content=\"PSOL 50\" \/>\n<meta property=\"article:publisher\" content=\"https:\/\/www.facebook.com\/psol50\" \/>\n<meta property=\"article:published_time\" content=\"2015-12-01T21:25:01+00:00\" \/>\n<meta property=\"og:image\" content=\"https:\/\/psol50.org.br\/inc\/uploads\/2015\/12\/ditaduraMOSAICO-e1449054764895.jpg\" \/>\n\t<meta property=\"og:image:width\" content=\"900\" \/>\n\t<meta property=\"og:image:height\" content=\"611\" \/>\n\t<meta property=\"og:image:type\" content=\"image\/jpeg\" \/>\n<meta name=\"author\" content=\"Comunica\u00e7\u00e3o PSOL\" \/>\n<meta name=\"twitter:card\" content=\"summary_large_image\" \/>\n<meta name=\"twitter:creator\" content=\"@psol50\" \/>\n<meta name=\"twitter:site\" content=\"@psol50\" \/>\n<meta name=\"twitter:label1\" content=\"Escrito por\" \/>\n\t<meta name=\"twitter:data1\" content=\"Comunica\u00e7\u00e3o PSOL\" \/>\n\t<meta name=\"twitter:label2\" content=\"Est. tempo de leitura\" \/>\n\t<meta name=\"twitter:data2\" content=\"2 minutos\" \/>\n<script type=\"application\/ld+json\" class=\"yoast-schema-graph\">{\"@context\":\"https:\/\/schema.org\",\"@graph\":[{\"@type\":\"Article\",\"@id\":\"https:\/\/psol50.org.br\/comissao-da-verdade-instalada-na-alesp-e-presidida-pelo-psol\/#article\",\"isPartOf\":{\"@id\":\"https:\/\/psol50.org.br\/comissao-da-verdade-instalada-na-alesp-e-presidida-pelo-psol\/\"},\"author\":{\"name\":\"Comunica\u00e7\u00e3o PSOL\",\"@id\":\"https:\/\/psol50.org.br\/#\/schema\/person\/475dfa57d0b815993c714c2e96491fcd\"},\"headline\":\"Comiss\u00e3o da Verdade instalada na Alesp \u00e9 presidida pelo PSOL\",\"datePublished\":\"2015-12-01T21:25:01+00:00\",\"mainEntityOfPage\":{\"@id\":\"https:\/\/psol50.org.br\/comissao-da-verdade-instalada-na-alesp-e-presidida-pelo-psol\/\"},\"wordCount\":506,\"commentCount\":0,\"publisher\":{\"@id\":\"https:\/\/psol50.org.br\/#organization\"},\"image\":{\"@id\":\"https:\/\/psol50.org.br\/comissao-da-verdade-instalada-na-alesp-e-presidida-pelo-psol\/#primaryimage\"},\"thumbnailUrl\":\"https:\/\/psol50.org.br\/inc\/uploads\/2015\/12\/ditaduraMOSAICO-e1449054764895.jpg\",\"keywords\":[\"alesp\",\"Assembleia Legislativa de S\u00e3o Paulo\",\"Comiss\u00e3o da Verdade\",\"democracia\",\"ditadura militar\",\"justi\u00e7a\",\"mem\u00f3ria\",\"PSOL-SP\",\"Raul Marcelo\"],\"articleSection\":[\"A\u00e7\u00e3o Parlamentar\",\"Not\u00edcias\"],\"inLanguage\":\"pt-BR\",\"potentialAction\":[{\"@type\":\"CommentAction\",\"name\":\"Comment\",\"target\":[\"https:\/\/psol50.org.br\/comissao-da-verdade-instalada-na-alesp-e-presidida-pelo-psol\/#respond\"]}]},{\"@type\":\"WebPage\",\"@id\":\"https:\/\/psol50.org.br\/comissao-da-verdade-instalada-na-alesp-e-presidida-pelo-psol\/\",\"url\":\"https:\/\/psol50.org.br\/comissao-da-verdade-instalada-na-alesp-e-presidida-pelo-psol\/\",\"name\":\"Comiss\u00e3o da Verdade instalada na Alesp \u00e9 presidida pelo PSOL - PSOL 50\",\"isPartOf\":{\"@id\":\"https:\/\/psol50.org.br\/#website\"},\"primaryImageOfPage\":{\"@id\":\"https:\/\/psol50.org.br\/comissao-da-verdade-instalada-na-alesp-e-presidida-pelo-psol\/#primaryimage\"},\"image\":{\"@id\":\"https:\/\/psol50.org.br\/comissao-da-verdade-instalada-na-alesp-e-presidida-pelo-psol\/#primaryimage\"},\"thumbnailUrl\":\"https:\/\/psol50.org.br\/inc\/uploads\/2015\/12\/ditaduraMOSAICO-e1449054764895.jpg\",\"datePublished\":\"2015-12-01T21:25:01+00:00\",\"breadcrumb\":{\"@id\":\"https:\/\/psol50.org.br\/comissao-da-verdade-instalada-na-alesp-e-presidida-pelo-psol\/#breadcrumb\"},\"inLanguage\":\"pt-BR\",\"potentialAction\":[{\"@type\":\"ReadAction\",\"target\":[\"https:\/\/psol50.org.br\/comissao-da-verdade-instalada-na-alesp-e-presidida-pelo-psol\/\"]}]},{\"@type\":\"ImageObject\",\"inLanguage\":\"pt-BR\",\"@id\":\"https:\/\/psol50.org.br\/comissao-da-verdade-instalada-na-alesp-e-presidida-pelo-psol\/#primaryimage\",\"url\":\"https:\/\/psol50.org.br\/inc\/uploads\/2015\/12\/ditaduraMOSAICO-e1449054764895.jpg\",\"contentUrl\":\"https:\/\/psol50.org.br\/inc\/uploads\/2015\/12\/ditaduraMOSAICO-e1449054764895.jpg\",\"width\":900,\"height\":611},{\"@type\":\"BreadcrumbList\",\"@id\":\"https:\/\/psol50.org.br\/comissao-da-verdade-instalada-na-alesp-e-presidida-pelo-psol\/#breadcrumb\",\"itemListElement\":[{\"@type\":\"ListItem\",\"position\":1,\"name\":\"In\u00edcio\",\"item\":\"https:\/\/psol50.org.br\/\"},{\"@type\":\"ListItem\",\"position\":2,\"name\":\"Comiss\u00e3o da Verdade instalada na Alesp \u00e9 presidida pelo PSOL\"}]},{\"@type\":\"WebSite\",\"@id\":\"https:\/\/psol50.org.br\/#website\",\"url\":\"https:\/\/psol50.org.br\/\",\"name\":\"PSOL 50\",\"description\":\"Site oficial do Partido Socialismo e Liberdade\",\"publisher\":{\"@id\":\"https:\/\/psol50.org.br\/#organization\"},\"alternateName\":\"PSOL50\",\"potentialAction\":[{\"@type\":\"SearchAction\",\"target\":{\"@type\":\"EntryPoint\",\"urlTemplate\":\"https:\/\/psol50.org.br\/?s={search_term_string}\"},\"query-input\":{\"@type\":\"PropertyValueSpecification\",\"valueRequired\":true,\"valueName\":\"search_term_string\"}}],\"inLanguage\":\"pt-BR\"},{\"@type\":\"Organization\",\"@id\":\"https:\/\/psol50.org.br\/#organization\",\"name\":\"PSOL 50\",\"alternateName\":\"PSOL 50\",\"url\":\"https:\/\/psol50.org.br\/\",\"logo\":{\"@type\":\"ImageObject\",\"inLanguage\":\"pt-BR\",\"@id\":\"https:\/\/psol50.org.br\/#\/schema\/logo\/image\/\",\"url\":\"https:\/\/psol50.org.br\/inc\/uploads\/2018\/07\/capa.png\",\"contentUrl\":\"https:\/\/psol50.org.br\/inc\/uploads\/2018\/07\/capa.png\",\"width\":1350,\"height\":900,\"caption\":\"PSOL 50\"},\"image\":{\"@id\":\"https:\/\/psol50.org.br\/#\/schema\/logo\/image\/\"},\"sameAs\":[\"https:\/\/www.facebook.com\/psol50\",\"https:\/\/x.com\/psol50\",\"https:\/\/www.instagram.com\/psol50\/\",\"https:\/\/www.youtube.com\/channel\/UC7SnJS5o1os7a6CaiNabzcg\"]},{\"@type\":\"Person\",\"@id\":\"https:\/\/psol50.org.br\/#\/schema\/person\/475dfa57d0b815993c714c2e96491fcd\",\"name\":\"Comunica\u00e7\u00e3o PSOL\",\"image\":{\"@type\":\"ImageObject\",\"inLanguage\":\"pt-BR\",\"@id\":\"https:\/\/psol50.org.br\/#\/schema\/person\/image\/\",\"url\":\"https:\/\/secure.gravatar.com\/avatar\/b34fc4f4e468a4e51785917065a3db57b841f5c95dba6ad8c73aaf8f66f8f9bf?s=96&d=mm&r=g\",\"contentUrl\":\"https:\/\/secure.gravatar.com\/avatar\/b34fc4f4e468a4e51785917065a3db57b841f5c95dba6ad8c73aaf8f66f8f9bf?s=96&d=mm&r=g\",\"caption\":\"Comunica\u00e7\u00e3o PSOL\"}}]}<\/script>\n<!-- \/ Yoast SEO plugin. -->","yoast_head_json":{"title":"Comiss\u00e3o da Verdade instalada na Alesp \u00e9 presidida pelo PSOL - PSOL 50","robots":{"index":"index","follow":"follow","max-snippet":"max-snippet:-1","max-image-preview":"max-image-preview:large","max-video-preview":"max-video-preview:-1"},"canonical":"https:\/\/psol50.org.br\/comissao-da-verdade-instalada-na-alesp-e-presidida-pelo-psol\/","og_locale":"pt_BR","og_type":"article","og_title":"Comiss\u00e3o da Verdade instalada na Alesp \u00e9 presidida pelo PSOL - PSOL 50","og_description":"O deputado estadual pelo PSOL-SP Raul Marcelo \u00e9 o presidente da Subcomiss\u00e3o da Verdade \u2013 interna \u00e0 comiss\u00e3o de Direitos Humanos -, instalada na tarde desta ter\u00e7a-feira (01) na Assembleia Legislativa de S\u00e3o Paulo (Alesp). Juntamente com ele e representantes de sua assessoria, a reuni\u00e3o contou com a presen\u00e7a dos deputados integrantes da comiss\u00e3o, al\u00e9m [&hellip;]","og_url":"https:\/\/psol50.org.br\/comissao-da-verdade-instalada-na-alesp-e-presidida-pelo-psol\/","og_site_name":"PSOL 50","article_publisher":"https:\/\/www.facebook.com\/psol50","article_published_time":"2015-12-01T21:25:01+00:00","og_image":[{"width":900,"height":611,"url":"https:\/\/psol50.org.br\/inc\/uploads\/2015\/12\/ditaduraMOSAICO-e1449054764895.jpg","type":"image\/jpeg"}],"author":"Comunica\u00e7\u00e3o PSOL","twitter_card":"summary_large_image","twitter_creator":"@psol50","twitter_site":"@psol50","twitter_misc":{"Escrito por":"Comunica\u00e7\u00e3o PSOL","Est. tempo de leitura":"2 minutos"},"schema":{"@context":"https:\/\/schema.org","@graph":[{"@type":"Article","@id":"https:\/\/psol50.org.br\/comissao-da-verdade-instalada-na-alesp-e-presidida-pelo-psol\/#article","isPartOf":{"@id":"https:\/\/psol50.org.br\/comissao-da-verdade-instalada-na-alesp-e-presidida-pelo-psol\/"},"author":{"name":"Comunica\u00e7\u00e3o PSOL","@id":"https:\/\/psol50.org.br\/#\/schema\/person\/475dfa57d0b815993c714c2e96491fcd"},"headline":"Comiss\u00e3o da Verdade instalada na Alesp \u00e9 presidida pelo PSOL","datePublished":"2015-12-01T21:25:01+00:00","mainEntityOfPage":{"@id":"https:\/\/psol50.org.br\/comissao-da-verdade-instalada-na-alesp-e-presidida-pelo-psol\/"},"wordCount":506,"commentCount":0,"publisher":{"@id":"https:\/\/psol50.org.br\/#organization"},"image":{"@id":"https:\/\/psol50.org.br\/comissao-da-verdade-instalada-na-alesp-e-presidida-pelo-psol\/#primaryimage"},"thumbnailUrl":"https:\/\/psol50.org.br\/inc\/uploads\/2015\/12\/ditaduraMOSAICO-e1449054764895.jpg","keywords":["alesp","Assembleia Legislativa de S\u00e3o Paulo","Comiss\u00e3o da Verdade","democracia","ditadura militar","justi\u00e7a","mem\u00f3ria","PSOL-SP","Raul Marcelo"],"articleSection":["A\u00e7\u00e3o Parlamentar","Not\u00edcias"],"inLanguage":"pt-BR","potentialAction":[{"@type":"CommentAction","name":"Comment","target":["https:\/\/psol50.org.br\/comissao-da-verdade-instalada-na-alesp-e-presidida-pelo-psol\/#respond"]}]},{"@type":"WebPage","@id":"https:\/\/psol50.org.br\/comissao-da-verdade-instalada-na-alesp-e-presidida-pelo-psol\/","url":"https:\/\/psol50.org.br\/comissao-da-verdade-instalada-na-alesp-e-presidida-pelo-psol\/","name":"Comiss\u00e3o da Verdade instalada na Alesp \u00e9 presidida pelo PSOL - PSOL 50","isPartOf":{"@id":"https:\/\/psol50.org.br\/#website"},"primaryImageOfPage":{"@id":"https:\/\/psol50.org.br\/comissao-da-verdade-instalada-na-alesp-e-presidida-pelo-psol\/#primaryimage"},"image":{"@id":"https:\/\/psol50.org.br\/comissao-da-verdade-instalada-na-alesp-e-presidida-pelo-psol\/#primaryimage"},"thumbnailUrl":"https:\/\/psol50.org.br\/inc\/uploads\/2015\/12\/ditaduraMOSAICO-e1449054764895.jpg","datePublished":"2015-12-01T21:25:01+00:00","breadcrumb":{"@id":"https:\/\/psol50.org.br\/comissao-da-verdade-instalada-na-alesp-e-presidida-pelo-psol\/#breadcrumb"},"inLanguage":"pt-BR","potentialAction":[{"@type":"ReadAction","target":["https:\/\/psol50.org.br\/comissao-da-verdade-instalada-na-alesp-e-presidida-pelo-psol\/"]}]},{"@type":"ImageObject","inLanguage":"pt-BR","@id":"https:\/\/psol50.org.br\/comissao-da-verdade-instalada-na-alesp-e-presidida-pelo-psol\/#primaryimage","url":"https:\/\/psol50.org.br\/inc\/uploads\/2015\/12\/ditaduraMOSAICO-e1449054764895.jpg","contentUrl":"https:\/\/psol50.org.br\/inc\/uploads\/2015\/12\/ditaduraMOSAICO-e1449054764895.jpg","width":900,"height":611},{"@type":"BreadcrumbList","@id":"https:\/\/psol50.org.br\/comissao-da-verdade-instalada-na-alesp-e-presidida-pelo-psol\/#breadcrumb","itemListElement":[{"@type":"ListItem","position":1,"name":"In\u00edcio","item":"https:\/\/psol50.org.br\/"},{"@type":"ListItem","position":2,"name":"Comiss\u00e3o da Verdade instalada na Alesp \u00e9 presidida pelo PSOL"}]},{"@type":"WebSite","@id":"https:\/\/psol50.org.br\/#website","url":"https:\/\/psol50.org.br\/","name":"PSOL 50","description":"Site oficial do Partido Socialismo e Liberdade","publisher":{"@id":"https:\/\/psol50.org.br\/#organization"},"alternateName":"PSOL50","potentialAction":[{"@type":"SearchAction","target":{"@type":"EntryPoint","urlTemplate":"https:\/\/psol50.org.br\/?s={search_term_string}"},"query-input":{"@type":"PropertyValueSpecification","valueRequired":true,"valueName":"search_term_string"}}],"inLanguage":"pt-BR"},{"@type":"Organization","@id":"https:\/\/psol50.org.br\/#organization","name":"PSOL 50","alternateName":"PSOL 50","url":"https:\/\/psol50.org.br\/","logo":{"@type":"ImageObject","inLanguage":"pt-BR","@id":"https:\/\/psol50.org.br\/#\/schema\/logo\/image\/","url":"https:\/\/psol50.org.br\/inc\/uploads\/2018\/07\/capa.png","contentUrl":"https:\/\/psol50.org.br\/inc\/uploads\/2018\/07\/capa.png","width":1350,"height":900,"caption":"PSOL 50"},"image":{"@id":"https:\/\/psol50.org.br\/#\/schema\/logo\/image\/"},"sameAs":["https:\/\/www.facebook.com\/psol50","https:\/\/x.com\/psol50","https:\/\/www.instagram.com\/psol50\/","https:\/\/www.youtube.com\/channel\/UC7SnJS5o1os7a6CaiNabzcg"]},{"@type":"Person","@id":"https:\/\/psol50.org.br\/#\/schema\/person\/475dfa57d0b815993c714c2e96491fcd","name":"Comunica\u00e7\u00e3o PSOL","image":{"@type":"ImageObject","inLanguage":"pt-BR","@id":"https:\/\/psol50.org.br\/#\/schema\/person\/image\/","url":"https:\/\/secure.gravatar.com\/avatar\/b34fc4f4e468a4e51785917065a3db57b841f5c95dba6ad8c73aaf8f66f8f9bf?s=96&d=mm&r=g","contentUrl":"https:\/\/secure.gravatar.com\/avatar\/b34fc4f4e468a4e51785917065a3db57b841f5c95dba6ad8c73aaf8f66f8f9bf?s=96&d=mm&r=g","caption":"Comunica\u00e7\u00e3o PSOL"}}]}},"_links":{"self":[{"href":"https:\/\/psol50.org.br\/rest\/wp\/v2\/posts\/10783","targetHints":{"allow":["GET"]}}],"collection":[{"href":"https:\/\/psol50.org.br\/rest\/wp\/v2\/posts"}],"about":[{"href":"https:\/\/psol50.org.br\/rest\/wp\/v2\/types\/post"}],"author":[{"embeddable":true,"href":"https:\/\/psol50.org.br\/rest\/wp\/v2\/users\/2"}],"replies":[{"embeddable":true,"href":"https:\/\/psol50.org.br\/rest\/wp\/v2\/comments?post=10783"}],"version-history":[{"count":0,"href":"https:\/\/psol50.org.br\/rest\/wp\/v2\/posts\/10783\/revisions"}],"wp:featuredmedia":[{"embeddable":true,"href":"https:\/\/psol50.org.br\/rest\/wp\/v2\/media\/10784"}],"wp:attachment":[{"href":"https:\/\/psol50.org.br\/rest\/wp\/v2\/media?parent=10783"}],"wp:term":[{"taxonomy":"category","embeddable":true,"href":"https:\/\/psol50.org.br\/rest\/wp\/v2\/categories?post=10783"},{"taxonomy":"post_tag","embeddable":true,"href":"https:\/\/psol50.org.br\/rest\/wp\/v2\/tags?post=10783"}],"curies":[{"name":"wp","href":"https:\/\/api.w.org\/{rel}","templated":true}]}}