{"id":10787,"date":"2015-12-02T18:06:43","date_gmt":"2015-12-02T18:06:43","guid":{"rendered":"http:\/\/www.psol50.org.br\/?p=10787"},"modified":"2015-12-02T18:06:43","modified_gmt":"2015-12-02T18:06:43","slug":"militantes-de-todo-o-pais-participam-no-final-de-semana-do-5o-congresso-nacional-do-psol","status":"publish","type":"post","link":"https:\/\/psol50.org.br\/militantes-de-todo-o-pais-participam-no-final-de-semana-do-5o-congresso-nacional-do-psol\/","title":{"rendered":"Militantes de todo o pa\u00eds participam, no final de semana, do 5\u00ba Congresso Nacional do PSOL"},"content":{"rendered":"<p><em>Maior f\u00f3rum deliberativo e de discuss\u00f5es do partido ser\u00e1 de sexta a domingo (04 a 06), em Luzi\u00e2ncia-GO, e debater\u00e1 os desafios da esquerda socialista<\/em><br \/>\nCerca de 450 militantes do PSOL, entre delegados, observadores e convidados, chegar\u00e3o a Bras\u00edlia na pr\u00f3xima sexta-feira (04) para participar do principal f\u00f3rum deliberativo do partido. O 5\u00ba Congresso Nacional do PSOL, que ter\u00e1 in\u00edcio na pr\u00f3pria sexta-feira e se estender\u00e1 at\u00e9 o domingo (06), acontecer\u00e1 em Luzi\u00e2nia, munic\u00edpio goiano localizado no entorno do Distrito Federal. Nesses tr\u00eas dias a milit\u00e2ncia socialista participar\u00e1 de debates sobre os v\u00e1rios temas de interesses do partido e, ao final, eleger\u00e1 a nova dire\u00e7\u00e3o do PSOL para os pr\u00f3ximos dois anos.<br \/>\nDados do TSE apontam que o PSOL \u00e9 o partido que proporcionalmente mais cresceu no \u00faltimo ano. De outubro de 2014 at\u00e9 abril deste ano, ele saltou de 91.326 para 104.845 filiados, tendo um crescimento de 14,80%. E o n\u00famero de pessoas da base envolvidas nos processo que antecedeu o Congresso mostra esse crescimento. Ao todo, foram realizadas 853 plen\u00e1rias municipais e intermunicipais, de norte a sul do pa\u00eds, e 27 congressos estaduais. Essas etapas reuniram mais de 22 mil pessoas filiadas ao partido.<br \/>\nAs plen\u00e1rias municipais elegeram os representantes que participaram dos congressos estaduais. J\u00e1 estes escolheram os delegados e as delegadas para a etapa nacional, al\u00e9m de elegerem as novas dire\u00e7\u00f5es que ficar\u00e3o \u00e0 frente dos diret\u00f3rios estaduais nos pr\u00f3ximos dois anos.<br \/>\nDurante o 5\u00ba Congresso Nacional, a milit\u00e2ncia vai discutir os desafios da esquerda socialista para o pr\u00f3ximo per\u00edodo, a partir de um amplo debate sobre a conjuntura nacional e internacional; atualizar o programa e as diretrizes do partido para as elei\u00e7\u00f5es de 2016 e analisar propostas de mudan\u00e7as no estatuto. Ao final, eleger\u00e1 o Diret\u00f3rio Nacional, o Conselho Fiscal e a Comiss\u00e3o de \u00c9tica do partido, al\u00e9m da diretoria da Funda\u00e7\u00e3o Lauro Campos.<br \/>\nPara a abertura, que ser\u00e1 conduzida pelo presidente nacional do partido, Luiz Ara\u00fajo, foram convidados representantes do MTST, MST, Cimi (Conselho Indigenista Mission\u00e1rio), Intersindical \u2013 Central da Classe Trabalhadora, CSP Conlutas, PSTU, PCB e a Unidade Popular pelo Socialismo.<br \/>\nO presidente nacional do partido ressalta o momento delicado do pa\u00eds em que acontecer\u00e1 o 5\u00ba Congresso e, por consequ\u00eancia, as pautas necess\u00e1rias que precisam ser aprofundadas pela milit\u00e2ncia. \u201cNo momento em que a crise econ\u00f4mica se agrava e os seus efeitos s\u00e3o sentidos cada vez pelos trabalhadores, o PSOL realiza o seu 5\u00ba Congresso Nacional. Nesse contexto, o PSOL aprofundar\u00e1 suas propostas de solu\u00e7\u00e3o para a crise vivenciada pelo pa\u00eds. Os ataques sofridos pela bancada do partido, especialmente pela sua postura coerente diante das provid\u00eancias necess\u00e1rias para afastar Eduardo Cunha (presidente da C\u00e2mara), mostram que o partido possui um espa\u00e7o de crescimento no pr\u00f3ximo per\u00edodo\u201d.<br \/>\nAra\u00fajo tamb\u00e9m enfatiza que o congresso deve apontar a necessidade da unidade da esquerda socialista para enfrentar os ataques do governo de Dilma Rousseff e o avan\u00e7o das pautas conservadoras. \u201cPela sua inser\u00e7\u00e3o nos movimentos sociais, o partido discutir\u00e1 o aprofundamento de seu apoio \u00e0 iniciativa da Frente Povo Sem Medo, alternativa para colocar o povo na rua contra o ajuste e contra o avan\u00e7o conservador\u201d. Segundo ele, o 5\u00ba Congresso, que acontece um ano antes das elei\u00e7\u00f5es municipais de 2016, vai, ainda, definir as diretrizes para as candidaturas do partido, avaliar as cidades onde h\u00e1 chances reais de vit\u00f3ria e como enfrentar as restri\u00e7\u00f5es criadas pela minirreforma eleitoral, levada a cabo por Eduardo Cunha e seus aliados este ano.<br \/>\n<strong>Equil\u00edbrio e unidade<br \/>\n<\/strong>Sobre a escolha da nova dire\u00e7\u00e3o do partido, Luiz Ara\u00fajo lembra: \u201cSer\u00e1 renovada a dire\u00e7\u00e3o partid\u00e1ria e da Funda\u00e7\u00e3o Lauro Campos. A proporcionalidade entre as v\u00e1rias chapas faz parte do principio partid\u00e1rio\u201d.<br \/>\nO l\u00edder do PSOL na C\u00e2mara, deputado Chico Alencar (RJ), tamb\u00e9m chama a aten\u00e7\u00e3o para o papel que o PSOL tem a desempenhar, como uma importante alternativa de esquerda, e v\u00ea o 5\u00ba Congresso como o espa\u00e7o ideal para se debru\u00e7ar sobre a situa\u00e7\u00e3o vivida pelo pa\u00eds. \u201cA profunda crise que o Brasil vive afoga, como uma corrente de lama t\u00f3xica, tamb\u00e9m os partidos pol\u00edticos, quase sem exce\u00e7\u00e3o. O PSOL, nessa conjuntura, tem um papel fundamental a cumprir. Que o nosso congresso seja pautado por este desafio, enfrentado com bom debate pol\u00edtico e propostas de transforma\u00e7\u00e3o da sociedade atrav\u00e9s da mobiliza\u00e7\u00e3o popular\u201d.<br \/>\nEm rela\u00e7\u00e3o aos debates e delibera\u00e7\u00f5es que ocorrer\u00e3o ao longo dos tr\u00eas dias, envolvendo tamb\u00e9m a escolha da nova dire\u00e7\u00e3o, Chico Alencar pontua: \u201cQue haja a compreens\u00e3o, por parte de cada delegado, de que, internamente, temos um grande equil\u00edbrio de for\u00e7as, o que deve se refletir na composi\u00e7\u00e3o da nova dire\u00e7\u00e3o. E que saibamos compreender, em ambiente fraterno, que os inimigos est\u00e3o l\u00e1 fora, produzindo desemprego, variadas opress\u00f5es, manipula\u00e7\u00e3o de consci\u00eancias e crimes ambientais. Viva o PSOL e sua unidade na diversidade!\u201d.<br \/>\n<strong>Crise das institui\u00e7\u00f5es<br \/>\n<\/strong>Ainda sobre a conjuntura do pa\u00eds, marcada por uma forte pol\u00edtica de ajuste fiscal e de corte de direitos dos trabalhadores e por um Congresso Nacional com pautas cada vez mais conservadoras, com o presidente da C\u00e2mara, Eduardo Cunha, no olho do furac\u00e3o e enfrentando um processo de cassa\u00e7\u00e3o no Conselho de \u00c9tica, a atual presidente da Funda\u00e7\u00e3o Lauro Campos e candidata do PSOL \u00e0 Presid\u00eancia da Rep\u00fablica nas elei\u00e7\u00f5es de 2014, Luciana Genro, destaca o desafio do partido.<br \/>\n&#8220;A crise atual se combina com o fim de um ciclo pol\u00edtico. H\u00e1 um enorme impasse entre a casta pol\u00edtica e as classes dominantes. Os tr\u00eas principais partidos que sustentam o regime &#8211; PT, PMDB, PSDB &#8211; est\u00e3o envoltos estruturalmente na crise de corrup\u00e7\u00e3o que golpeia a Rep\u00fablica. A personifica\u00e7\u00e3o da corrup\u00e7\u00e3o na figura do presidente da C\u00e2mara dos Deputados, Eduardo Cunha, exp\u00f5e o conjunto da crise das institui\u00e7\u00f5es. O PSOL precisa travar uma disputa pela esquerda, construindo um terceiro campo nas ruas e nas urnas, defendendo a mobiliza\u00e7\u00e3o em torno das demandas imediatas, econ\u00f4micas e sociais e a luta por direitos das mulheres, negros e negras e LGBTs, mas sem deixar de apresentar para o debate p\u00fablico a necessidade de uma nova ordem na qual exista uma democracia real, na qual de fato o povo comande a pol\u00edtica e a economia. Preparar o PSOL para esta disputa \u00e9 o grande desafio deste Congresso&#8221;.<br \/>\n<strong><u>Servi\u00e7o<br \/>\n<\/u><\/strong>5\u00ba Congresso Nacional do PSOL<br \/>\nAbertura: Dia 04\/12, \u00e0s 19h<br \/>\nLocal: BR040, KM 9,5, Setor de Ch\u00e1caras Marajoara, Centro de Treinamento Educacional da CNTI, Luzi\u00e2nia-GO.<br \/>\nClique<a href=\"http:\/\/www.congressopsol.com.br\/\"> aqui<\/a> e saiba mais informa\u00e7\u00f5es sobre o evento.<br \/>\n<em>Da reda\u00e7\u00e3o do PSOL Nacional<\/em><\/p>\n<h3><\/h3>\n<p>&nbsp;<br \/>\n&nbsp;<br \/>\n&nbsp;<\/p>\n","protected":false},"excerpt":{"rendered":"<p>Maior f\u00f3rum deliberativo e de discuss\u00f5es do partido ser\u00e1 de sexta a domingo (04 a 06), em Luzi\u00e2ncia-GO, e debater\u00e1 os desafios da esquerda socialista Cerca de 450 militantes do PSOL, entre delegados, observadores e convidados, chegar\u00e3o a Bras\u00edlia na pr\u00f3xima sexta-feira (04) para participar do principal f\u00f3rum deliberativo do partido. O 5\u00ba Congresso Nacional [&hellip;]<\/p>\n","protected":false},"author":2,"featured_media":10788,"comment_status":"open","ping_status":"open","sticky":false,"template":"","format":"standard","meta":{"_acf_changed":false,"footnotes":""},"categories":[1882,14],"tags":[4926,1432,1680,1833,219,1834,4927,2244,2174,1801],"class_list":{"0":"post-10787","1":"post","2":"type-post","3":"status-publish","4":"format-standard","5":"has-post-thumbnail","7":"category-brasil","8":"category-partido","9":"tag-5o-congresso-nacional-do-psol","10":"tag-ajuste-fiscal","11":"tag-chico-alencar","12":"tag-conjuntura","13":"tag-crise","14":"tag-diretorio-nacional-do-psol","15":"tag-esquerda-socialista","16":"tag-fundacao-lauro-campos","17":"tag-luciana-genro","18":"tag-luiz-araujo"},"acf":[],"yoast_head":"<!-- This site is optimized with the Yoast SEO plugin v26.5 - https:\/\/yoast.com\/wordpress\/plugins\/seo\/ -->\n<title>Militantes de todo o pa\u00eds participam, no final de semana, do 5\u00ba Congresso Nacional do PSOL - PSOL 50<\/title>\n<meta name=\"robots\" content=\"index, follow, max-snippet:-1, max-image-preview:large, max-video-preview:-1\" \/>\n<link rel=\"canonical\" href=\"https:\/\/psol50.org.br\/militantes-de-todo-o-pais-participam-no-final-de-semana-do-5o-congresso-nacional-do-psol\/\" \/>\n<meta property=\"og:locale\" content=\"pt_BR\" \/>\n<meta property=\"og:type\" content=\"article\" \/>\n<meta property=\"og:title\" content=\"Militantes de todo o pa\u00eds participam, no final de semana, do 5\u00ba Congresso Nacional do PSOL - PSOL 50\" \/>\n<meta property=\"og:description\" content=\"Maior f\u00f3rum deliberativo e de discuss\u00f5es do partido ser\u00e1 de sexta a domingo (04 a 06), em Luzi\u00e2ncia-GO, e debater\u00e1 os desafios da esquerda socialista Cerca de 450 militantes do PSOL, entre delegados, observadores e convidados, chegar\u00e3o a Bras\u00edlia na pr\u00f3xima sexta-feira (04) para participar do principal f\u00f3rum deliberativo do partido. O 5\u00ba Congresso Nacional [&hellip;]\" \/>\n<meta property=\"og:url\" content=\"https:\/\/psol50.org.br\/militantes-de-todo-o-pais-participam-no-final-de-semana-do-5o-congresso-nacional-do-psol\/\" \/>\n<meta property=\"og:site_name\" content=\"PSOL 50\" \/>\n<meta property=\"article:publisher\" content=\"https:\/\/www.facebook.com\/psol50\" \/>\n<meta property=\"article:published_time\" content=\"2015-12-02T18:06:43+00:00\" \/>\n<meta property=\"og:image\" content=\"https:\/\/psol50.org.br\/inc\/uploads\/2015\/12\/Bandeira-PSOL-nova-02-12-15-e1449116733512.jpg\" \/>\n\t<meta property=\"og:image:width\" content=\"750\" \/>\n\t<meta property=\"og:image:height\" content=\"530\" \/>\n\t<meta property=\"og:image:type\" content=\"image\/jpeg\" \/>\n<meta name=\"author\" content=\"Comunica\u00e7\u00e3o PSOL\" \/>\n<meta name=\"twitter:card\" content=\"summary_large_image\" \/>\n<meta name=\"twitter:creator\" content=\"@psol50\" \/>\n<meta name=\"twitter:site\" content=\"@psol50\" \/>\n<meta name=\"twitter:label1\" content=\"Escrito por\" \/>\n\t<meta name=\"twitter:data1\" content=\"Comunica\u00e7\u00e3o PSOL\" \/>\n\t<meta name=\"twitter:label2\" content=\"Est. tempo de leitura\" \/>\n\t<meta name=\"twitter:data2\" content=\"6 minutos\" \/>\n<script type=\"application\/ld+json\" class=\"yoast-schema-graph\">{\"@context\":\"https:\/\/schema.org\",\"@graph\":[{\"@type\":\"Article\",\"@id\":\"https:\/\/psol50.org.br\/militantes-de-todo-o-pais-participam-no-final-de-semana-do-5o-congresso-nacional-do-psol\/#article\",\"isPartOf\":{\"@id\":\"https:\/\/psol50.org.br\/militantes-de-todo-o-pais-participam-no-final-de-semana-do-5o-congresso-nacional-do-psol\/\"},\"author\":{\"name\":\"Comunica\u00e7\u00e3o PSOL\",\"@id\":\"https:\/\/psol50.org.br\/#\/schema\/person\/475dfa57d0b815993c714c2e96491fcd\"},\"headline\":\"Militantes de todo o pa\u00eds participam, no final de semana, do 5\u00ba Congresso Nacional do PSOL\",\"datePublished\":\"2015-12-02T18:06:43+00:00\",\"mainEntityOfPage\":{\"@id\":\"https:\/\/psol50.org.br\/militantes-de-todo-o-pais-participam-no-final-de-semana-do-5o-congresso-nacional-do-psol\/\"},\"wordCount\":1185,\"commentCount\":0,\"publisher\":{\"@id\":\"https:\/\/psol50.org.br\/#organization\"},\"image\":{\"@id\":\"https:\/\/psol50.org.br\/militantes-de-todo-o-pais-participam-no-final-de-semana-do-5o-congresso-nacional-do-psol\/#primaryimage\"},\"thumbnailUrl\":\"https:\/\/psol50.org.br\/inc\/uploads\/2015\/12\/Bandeira-PSOL-nova-02-12-15-e1449116733512.jpg\",\"keywords\":[\"5\u00ba Congresso Nacional do PSOL\",\"Ajuste Fiscal\",\"Chico Alencar\",\"conjuntura\",\"crise\",\"Diret\u00f3rio Nacional do PSOL\",\"esquerda socialista\",\"Funda\u00e7\u00e3o Lauro Campos\",\"Luciana Genro\",\"Luiz Ara\u00fajo\"],\"articleSection\":[\"Brasil\",\"Partido\"],\"inLanguage\":\"pt-BR\",\"potentialAction\":[{\"@type\":\"CommentAction\",\"name\":\"Comment\",\"target\":[\"https:\/\/psol50.org.br\/militantes-de-todo-o-pais-participam-no-final-de-semana-do-5o-congresso-nacional-do-psol\/#respond\"]}]},{\"@type\":\"WebPage\",\"@id\":\"https:\/\/psol50.org.br\/militantes-de-todo-o-pais-participam-no-final-de-semana-do-5o-congresso-nacional-do-psol\/\",\"url\":\"https:\/\/psol50.org.br\/militantes-de-todo-o-pais-participam-no-final-de-semana-do-5o-congresso-nacional-do-psol\/\",\"name\":\"Militantes de todo o pa\u00eds participam, no final de semana, do 5\u00ba Congresso Nacional do PSOL - PSOL 50\",\"isPartOf\":{\"@id\":\"https:\/\/psol50.org.br\/#website\"},\"primaryImageOfPage\":{\"@id\":\"https:\/\/psol50.org.br\/militantes-de-todo-o-pais-participam-no-final-de-semana-do-5o-congresso-nacional-do-psol\/#primaryimage\"},\"image\":{\"@id\":\"https:\/\/psol50.org.br\/militantes-de-todo-o-pais-participam-no-final-de-semana-do-5o-congresso-nacional-do-psol\/#primaryimage\"},\"thumbnailUrl\":\"https:\/\/psol50.org.br\/inc\/uploads\/2015\/12\/Bandeira-PSOL-nova-02-12-15-e1449116733512.jpg\",\"datePublished\":\"2015-12-02T18:06:43+00:00\",\"breadcrumb\":{\"@id\":\"https:\/\/psol50.org.br\/militantes-de-todo-o-pais-participam-no-final-de-semana-do-5o-congresso-nacional-do-psol\/#breadcrumb\"},\"inLanguage\":\"pt-BR\",\"potentialAction\":[{\"@type\":\"ReadAction\",\"target\":[\"https:\/\/psol50.org.br\/militantes-de-todo-o-pais-participam-no-final-de-semana-do-5o-congresso-nacional-do-psol\/\"]}]},{\"@type\":\"ImageObject\",\"inLanguage\":\"pt-BR\",\"@id\":\"https:\/\/psol50.org.br\/militantes-de-todo-o-pais-participam-no-final-de-semana-do-5o-congresso-nacional-do-psol\/#primaryimage\",\"url\":\"https:\/\/psol50.org.br\/inc\/uploads\/2015\/12\/Bandeira-PSOL-nova-02-12-15-e1449116733512.jpg\",\"contentUrl\":\"https:\/\/psol50.org.br\/inc\/uploads\/2015\/12\/Bandeira-PSOL-nova-02-12-15-e1449116733512.jpg\",\"width\":750,\"height\":530},{\"@type\":\"BreadcrumbList\",\"@id\":\"https:\/\/psol50.org.br\/militantes-de-todo-o-pais-participam-no-final-de-semana-do-5o-congresso-nacional-do-psol\/#breadcrumb\",\"itemListElement\":[{\"@type\":\"ListItem\",\"position\":1,\"name\":\"In\u00edcio\",\"item\":\"https:\/\/psol50.org.br\/\"},{\"@type\":\"ListItem\",\"position\":2,\"name\":\"Militantes de todo o pa\u00eds participam, no final de semana, do 5\u00ba Congresso Nacional do PSOL\"}]},{\"@type\":\"WebSite\",\"@id\":\"https:\/\/psol50.org.br\/#website\",\"url\":\"https:\/\/psol50.org.br\/\",\"name\":\"PSOL 50\",\"description\":\"Site oficial do Partido Socialismo e Liberdade\",\"publisher\":{\"@id\":\"https:\/\/psol50.org.br\/#organization\"},\"alternateName\":\"PSOL50\",\"potentialAction\":[{\"@type\":\"SearchAction\",\"target\":{\"@type\":\"EntryPoint\",\"urlTemplate\":\"https:\/\/psol50.org.br\/?s={search_term_string}\"},\"query-input\":{\"@type\":\"PropertyValueSpecification\",\"valueRequired\":true,\"valueName\":\"search_term_string\"}}],\"inLanguage\":\"pt-BR\"},{\"@type\":\"Organization\",\"@id\":\"https:\/\/psol50.org.br\/#organization\",\"name\":\"PSOL 50\",\"alternateName\":\"PSOL 50\",\"url\":\"https:\/\/psol50.org.br\/\",\"logo\":{\"@type\":\"ImageObject\",\"inLanguage\":\"pt-BR\",\"@id\":\"https:\/\/psol50.org.br\/#\/schema\/logo\/image\/\",\"url\":\"https:\/\/psol50.org.br\/inc\/uploads\/2018\/07\/capa.png\",\"contentUrl\":\"https:\/\/psol50.org.br\/inc\/uploads\/2018\/07\/capa.png\",\"width\":1350,\"height\":900,\"caption\":\"PSOL 50\"},\"image\":{\"@id\":\"https:\/\/psol50.org.br\/#\/schema\/logo\/image\/\"},\"sameAs\":[\"https:\/\/www.facebook.com\/psol50\",\"https:\/\/x.com\/psol50\",\"https:\/\/www.instagram.com\/psol50\/\",\"https:\/\/www.youtube.com\/channel\/UC7SnJS5o1os7a6CaiNabzcg\"]},{\"@type\":\"Person\",\"@id\":\"https:\/\/psol50.org.br\/#\/schema\/person\/475dfa57d0b815993c714c2e96491fcd\",\"name\":\"Comunica\u00e7\u00e3o PSOL\",\"image\":{\"@type\":\"ImageObject\",\"inLanguage\":\"pt-BR\",\"@id\":\"https:\/\/psol50.org.br\/#\/schema\/person\/image\/\",\"url\":\"https:\/\/secure.gravatar.com\/avatar\/b34fc4f4e468a4e51785917065a3db57b841f5c95dba6ad8c73aaf8f66f8f9bf?s=96&d=mm&r=g\",\"contentUrl\":\"https:\/\/secure.gravatar.com\/avatar\/b34fc4f4e468a4e51785917065a3db57b841f5c95dba6ad8c73aaf8f66f8f9bf?s=96&d=mm&r=g\",\"caption\":\"Comunica\u00e7\u00e3o PSOL\"}}]}<\/script>\n<!-- \/ Yoast SEO plugin. -->","yoast_head_json":{"title":"Militantes de todo o pa\u00eds participam, no final de semana, do 5\u00ba Congresso Nacional do PSOL - PSOL 50","robots":{"index":"index","follow":"follow","max-snippet":"max-snippet:-1","max-image-preview":"max-image-preview:large","max-video-preview":"max-video-preview:-1"},"canonical":"https:\/\/psol50.org.br\/militantes-de-todo-o-pais-participam-no-final-de-semana-do-5o-congresso-nacional-do-psol\/","og_locale":"pt_BR","og_type":"article","og_title":"Militantes de todo o pa\u00eds participam, no final de semana, do 5\u00ba Congresso Nacional do PSOL - PSOL 50","og_description":"Maior f\u00f3rum deliberativo e de discuss\u00f5es do partido ser\u00e1 de sexta a domingo (04 a 06), em Luzi\u00e2ncia-GO, e debater\u00e1 os desafios da esquerda socialista Cerca de 450 militantes do PSOL, entre delegados, observadores e convidados, chegar\u00e3o a Bras\u00edlia na pr\u00f3xima sexta-feira (04) para participar do principal f\u00f3rum deliberativo do partido. O 5\u00ba Congresso Nacional [&hellip;]","og_url":"https:\/\/psol50.org.br\/militantes-de-todo-o-pais-participam-no-final-de-semana-do-5o-congresso-nacional-do-psol\/","og_site_name":"PSOL 50","article_publisher":"https:\/\/www.facebook.com\/psol50","article_published_time":"2015-12-02T18:06:43+00:00","og_image":[{"width":750,"height":530,"url":"https:\/\/psol50.org.br\/inc\/uploads\/2015\/12\/Bandeira-PSOL-nova-02-12-15-e1449116733512.jpg","type":"image\/jpeg"}],"author":"Comunica\u00e7\u00e3o PSOL","twitter_card":"summary_large_image","twitter_creator":"@psol50","twitter_site":"@psol50","twitter_misc":{"Escrito por":"Comunica\u00e7\u00e3o PSOL","Est. tempo de leitura":"6 minutos"},"schema":{"@context":"https:\/\/schema.org","@graph":[{"@type":"Article","@id":"https:\/\/psol50.org.br\/militantes-de-todo-o-pais-participam-no-final-de-semana-do-5o-congresso-nacional-do-psol\/#article","isPartOf":{"@id":"https:\/\/psol50.org.br\/militantes-de-todo-o-pais-participam-no-final-de-semana-do-5o-congresso-nacional-do-psol\/"},"author":{"name":"Comunica\u00e7\u00e3o PSOL","@id":"https:\/\/psol50.org.br\/#\/schema\/person\/475dfa57d0b815993c714c2e96491fcd"},"headline":"Militantes de todo o pa\u00eds participam, no final de semana, do 5\u00ba Congresso Nacional do PSOL","datePublished":"2015-12-02T18:06:43+00:00","mainEntityOfPage":{"@id":"https:\/\/psol50.org.br\/militantes-de-todo-o-pais-participam-no-final-de-semana-do-5o-congresso-nacional-do-psol\/"},"wordCount":1185,"commentCount":0,"publisher":{"@id":"https:\/\/psol50.org.br\/#organization"},"image":{"@id":"https:\/\/psol50.org.br\/militantes-de-todo-o-pais-participam-no-final-de-semana-do-5o-congresso-nacional-do-psol\/#primaryimage"},"thumbnailUrl":"https:\/\/psol50.org.br\/inc\/uploads\/2015\/12\/Bandeira-PSOL-nova-02-12-15-e1449116733512.jpg","keywords":["5\u00ba Congresso Nacional do PSOL","Ajuste Fiscal","Chico Alencar","conjuntura","crise","Diret\u00f3rio Nacional do PSOL","esquerda socialista","Funda\u00e7\u00e3o Lauro Campos","Luciana Genro","Luiz Ara\u00fajo"],"articleSection":["Brasil","Partido"],"inLanguage":"pt-BR","potentialAction":[{"@type":"CommentAction","name":"Comment","target":["https:\/\/psol50.org.br\/militantes-de-todo-o-pais-participam-no-final-de-semana-do-5o-congresso-nacional-do-psol\/#respond"]}]},{"@type":"WebPage","@id":"https:\/\/psol50.org.br\/militantes-de-todo-o-pais-participam-no-final-de-semana-do-5o-congresso-nacional-do-psol\/","url":"https:\/\/psol50.org.br\/militantes-de-todo-o-pais-participam-no-final-de-semana-do-5o-congresso-nacional-do-psol\/","name":"Militantes de todo o pa\u00eds participam, no final de semana, do 5\u00ba Congresso Nacional do PSOL - PSOL 50","isPartOf":{"@id":"https:\/\/psol50.org.br\/#website"},"primaryImageOfPage":{"@id":"https:\/\/psol50.org.br\/militantes-de-todo-o-pais-participam-no-final-de-semana-do-5o-congresso-nacional-do-psol\/#primaryimage"},"image":{"@id":"https:\/\/psol50.org.br\/militantes-de-todo-o-pais-participam-no-final-de-semana-do-5o-congresso-nacional-do-psol\/#primaryimage"},"thumbnailUrl":"https:\/\/psol50.org.br\/inc\/uploads\/2015\/12\/Bandeira-PSOL-nova-02-12-15-e1449116733512.jpg","datePublished":"2015-12-02T18:06:43+00:00","breadcrumb":{"@id":"https:\/\/psol50.org.br\/militantes-de-todo-o-pais-participam-no-final-de-semana-do-5o-congresso-nacional-do-psol\/#breadcrumb"},"inLanguage":"pt-BR","potentialAction":[{"@type":"ReadAction","target":["https:\/\/psol50.org.br\/militantes-de-todo-o-pais-participam-no-final-de-semana-do-5o-congresso-nacional-do-psol\/"]}]},{"@type":"ImageObject","inLanguage":"pt-BR","@id":"https:\/\/psol50.org.br\/militantes-de-todo-o-pais-participam-no-final-de-semana-do-5o-congresso-nacional-do-psol\/#primaryimage","url":"https:\/\/psol50.org.br\/inc\/uploads\/2015\/12\/Bandeira-PSOL-nova-02-12-15-e1449116733512.jpg","contentUrl":"https:\/\/psol50.org.br\/inc\/uploads\/2015\/12\/Bandeira-PSOL-nova-02-12-15-e1449116733512.jpg","width":750,"height":530},{"@type":"BreadcrumbList","@id":"https:\/\/psol50.org.br\/militantes-de-todo-o-pais-participam-no-final-de-semana-do-5o-congresso-nacional-do-psol\/#breadcrumb","itemListElement":[{"@type":"ListItem","position":1,"name":"In\u00edcio","item":"https:\/\/psol50.org.br\/"},{"@type":"ListItem","position":2,"name":"Militantes de todo o pa\u00eds participam, no final de semana, do 5\u00ba Congresso Nacional do PSOL"}]},{"@type":"WebSite","@id":"https:\/\/psol50.org.br\/#website","url":"https:\/\/psol50.org.br\/","name":"PSOL 50","description":"Site oficial do Partido Socialismo e Liberdade","publisher":{"@id":"https:\/\/psol50.org.br\/#organization"},"alternateName":"PSOL50","potentialAction":[{"@type":"SearchAction","target":{"@type":"EntryPoint","urlTemplate":"https:\/\/psol50.org.br\/?s={search_term_string}"},"query-input":{"@type":"PropertyValueSpecification","valueRequired":true,"valueName":"search_term_string"}}],"inLanguage":"pt-BR"},{"@type":"Organization","@id":"https:\/\/psol50.org.br\/#organization","name":"PSOL 50","alternateName":"PSOL 50","url":"https:\/\/psol50.org.br\/","logo":{"@type":"ImageObject","inLanguage":"pt-BR","@id":"https:\/\/psol50.org.br\/#\/schema\/logo\/image\/","url":"https:\/\/psol50.org.br\/inc\/uploads\/2018\/07\/capa.png","contentUrl":"https:\/\/psol50.org.br\/inc\/uploads\/2018\/07\/capa.png","width":1350,"height":900,"caption":"PSOL 50"},"image":{"@id":"https:\/\/psol50.org.br\/#\/schema\/logo\/image\/"},"sameAs":["https:\/\/www.facebook.com\/psol50","https:\/\/x.com\/psol50","https:\/\/www.instagram.com\/psol50\/","https:\/\/www.youtube.com\/channel\/UC7SnJS5o1os7a6CaiNabzcg"]},{"@type":"Person","@id":"https:\/\/psol50.org.br\/#\/schema\/person\/475dfa57d0b815993c714c2e96491fcd","name":"Comunica\u00e7\u00e3o PSOL","image":{"@type":"ImageObject","inLanguage":"pt-BR","@id":"https:\/\/psol50.org.br\/#\/schema\/person\/image\/","url":"https:\/\/secure.gravatar.com\/avatar\/b34fc4f4e468a4e51785917065a3db57b841f5c95dba6ad8c73aaf8f66f8f9bf?s=96&d=mm&r=g","contentUrl":"https:\/\/secure.gravatar.com\/avatar\/b34fc4f4e468a4e51785917065a3db57b841f5c95dba6ad8c73aaf8f66f8f9bf?s=96&d=mm&r=g","caption":"Comunica\u00e7\u00e3o PSOL"}}]}},"_links":{"self":[{"href":"https:\/\/psol50.org.br\/rest\/wp\/v2\/posts\/10787","targetHints":{"allow":["GET"]}}],"collection":[{"href":"https:\/\/psol50.org.br\/rest\/wp\/v2\/posts"}],"about":[{"href":"https:\/\/psol50.org.br\/rest\/wp\/v2\/types\/post"}],"author":[{"embeddable":true,"href":"https:\/\/psol50.org.br\/rest\/wp\/v2\/users\/2"}],"replies":[{"embeddable":true,"href":"https:\/\/psol50.org.br\/rest\/wp\/v2\/comments?post=10787"}],"version-history":[{"count":0,"href":"https:\/\/psol50.org.br\/rest\/wp\/v2\/posts\/10787\/revisions"}],"wp:featuredmedia":[{"embeddable":true,"href":"https:\/\/psol50.org.br\/rest\/wp\/v2\/media\/10788"}],"wp:attachment":[{"href":"https:\/\/psol50.org.br\/rest\/wp\/v2\/media?parent=10787"}],"wp:term":[{"taxonomy":"category","embeddable":true,"href":"https:\/\/psol50.org.br\/rest\/wp\/v2\/categories?post=10787"},{"taxonomy":"post_tag","embeddable":true,"href":"https:\/\/psol50.org.br\/rest\/wp\/v2\/tags?post=10787"}],"curies":[{"name":"wp","href":"https:\/\/api.w.org\/{rel}","templated":true}]}}