{"id":10876,"date":"2015-12-13T02:28:19","date_gmt":"2015-12-13T02:28:19","guid":{"rendered":"http:\/\/www.psol50.org.br\/?p=10876"},"modified":"2015-12-13T02:28:19","modified_gmt":"2015-12-13T02:28:19","slug":"executiva-do-psol-orienta-militancia-a-ocupar-as-ruas-contra-o-impeachment-o-ajuste-fiscal-e-pelo-fora-cunha","status":"publish","type":"post","link":"https:\/\/psol50.org.br\/executiva-do-psol-orienta-militancia-a-ocupar-as-ruas-contra-o-impeachment-o-ajuste-fiscal-e-pelo-fora-cunha\/","title":{"rendered":"Executiva do PSOL orienta milit\u00e2ncia a ocupar as ruas contra o impeachment, o ajuste fiscal e pelo Fora Cunha"},"content":{"rendered":"<p>Considerando a<a href=\"http:\/\/www.psol50.org.br\/2015\/12\/5o-congresso-nacional-do-psol-referenda-resolucao-do-diretorio-nacional-sobre-impeachment\/\"> decis\u00e3o aprovada<\/a> no 5\u00ba Congresso do PSOL sobre a crise pol\u00edtica e o processo de impeachment em debate na C\u00e2mara dos Deputados;<br \/>\nConsiderando a convocat\u00f3ria feita pelos setores conservadores para manifesta\u00e7\u00f5es favor\u00e1veis ao impeachment, marcadas para este 13 de dezembro;<br \/>\nConsiderando a convocat\u00f3ria feita pelas entidades do movimento social para manifesta\u00e7\u00f5es contr\u00e1rias ao impeachment, marcadas para o pr\u00f3ximo dia 16 de dezembro, denominado de Dia Nacional de Luta contra o Impeachment, o ajuste fiscal e pelo Fora Cunha;<br \/>\n1. Nosso 5\u00ba Congresso Nacional, de forma inequ\u00edvoca, decidiu que nosso partido \u00e9 contr\u00e1rio a aprova\u00e7\u00e3o do impeachment que tramita na C\u00e2mara dos Deputados. O partido n\u00e3o considera que os motivos alegados no processo sejam suficientes para o impedimento da presid\u00eancia e n\u00e3o reconhece legitimidade no processo capitaneado pelo senhor Eduardo Cunha.<br \/>\n2. A decis\u00e3o deixa claro que &#8220;destituir Dilma, a cujo governo antipopular nos opomos, para colocar em seu lugar Michel Temer (PMDB), significaria aprofundar &#8216;uma ponte para o futuro&#8217; que \u00e9 mera continuidade do presente, pavimentada pelos materiais do privatismo puro e duro&#8221;. Para nosso partido, &#8220;as sa\u00eddas da crise s\u00f3 vir\u00e3o com ampla mobiliza\u00e7\u00e3o popular em torno de reformas profundas, que instituam um novo modelo econ\u00f4mico, soberano, igualit\u00e1rio e ambientalmente sustent\u00e1vel&#8221;.<br \/>\n3. Nosso Congresso decidiu que sua milit\u00e2ncia &#8220;n\u00e3o participar\u00e1 de manifesta\u00e7\u00f5es que tenham como finalidade a defesa do governo ou a defesa do impeachment&#8221;.<br \/>\n<strong>A Executiva orienta todos os militantes do PSOL:<\/strong><br \/>\nA participar de todo o processo de mobiliza\u00e7\u00e3o, especialmente as marcadas para o dia 16 de dezembro, que tiverem como eixo a combina\u00e7\u00e3o do combate ao processo de impeachment, a campanha para cassar o deputado Eduardo Cunha e o combate ao ajuste fiscal do governo.<br \/>\nNossos militantes n\u00e3o ficar\u00e3o em casa, nosso compromisso com os direitos sociais e a democracia deve se materializar na participa\u00e7\u00e3o ativa nas ruas de nosso pa\u00eds. E esta participa\u00e7\u00e3o dever\u00e1 estar comprometida com os eixos decididos em nosso vitorioso Congresso Nacional.<br \/>\n<strong>Executiva Nacional do PSOL<\/strong><br \/>\n<strong>13 de dezembro de 2015<\/strong><\/p>\n","protected":false},"excerpt":{"rendered":"<p>Considerando a decis\u00e3o aprovada no 5\u00ba Congresso do PSOL sobre a crise pol\u00edtica e o processo de impeachment em debate na C\u00e2mara dos Deputados; Considerando a convocat\u00f3ria feita pelos setores conservadores para manifesta\u00e7\u00f5es favor\u00e1veis ao impeachment, marcadas para este 13 de dezembro; Considerando a convocat\u00f3ria feita pelas entidades do movimento social para manifesta\u00e7\u00f5es contr\u00e1rias ao [&hellip;]<\/p>\n","protected":false},"author":2,"featured_media":10836,"comment_status":"open","ping_status":"open","sticky":false,"template":"","format":"standard","meta":{"_acf_changed":false,"footnotes":""},"categories":[1882,6,14],"tags":[1432,2792,2890,242,3962,220,1748],"class_list":{"0":"post-10876","1":"post","2":"type-post","3":"status-publish","4":"format-standard","5":"has-post-thumbnail","7":"category-brasil","8":"category-noticias","9":"category-partido","10":"tag-ajuste-fiscal","11":"tag-dilma-rousseff","12":"tag-eduardo-cunha","13":"tag-executiva-nacional-do-psol","14":"tag-fora-cunha","15":"tag-impeachment","16":"tag-michel-temer"},"acf":[],"yoast_head":"<!-- This site is optimized with the Yoast SEO plugin v26.5 - https:\/\/yoast.com\/wordpress\/plugins\/seo\/ -->\n<title>Executiva do PSOL orienta milit\u00e2ncia a ocupar as ruas contra o impeachment, o ajuste fiscal e pelo Fora Cunha - PSOL 50<\/title>\n<meta name=\"robots\" content=\"index, follow, max-snippet:-1, max-image-preview:large, max-video-preview:-1\" \/>\n<link rel=\"canonical\" href=\"https:\/\/psol50.org.br\/executiva-do-psol-orienta-militancia-a-ocupar-as-ruas-contra-o-impeachment-o-ajuste-fiscal-e-pelo-fora-cunha\/\" \/>\n<meta property=\"og:locale\" content=\"pt_BR\" \/>\n<meta property=\"og:type\" content=\"article\" \/>\n<meta property=\"og:title\" content=\"Executiva do PSOL orienta milit\u00e2ncia a ocupar as ruas contra o impeachment, o ajuste fiscal e pelo Fora Cunha - PSOL 50\" \/>\n<meta property=\"og:description\" content=\"Considerando a decis\u00e3o aprovada no 5\u00ba Congresso do PSOL sobre a crise pol\u00edtica e o processo de impeachment em debate na C\u00e2mara dos Deputados; Considerando a convocat\u00f3ria feita pelos setores conservadores para manifesta\u00e7\u00f5es favor\u00e1veis ao impeachment, marcadas para este 13 de dezembro; Considerando a convocat\u00f3ria feita pelas entidades do movimento social para manifesta\u00e7\u00f5es contr\u00e1rias ao [&hellip;]\" \/>\n<meta property=\"og:url\" content=\"https:\/\/psol50.org.br\/executiva-do-psol-orienta-militancia-a-ocupar-as-ruas-contra-o-impeachment-o-ajuste-fiscal-e-pelo-fora-cunha\/\" \/>\n<meta property=\"og:site_name\" content=\"PSOL 50\" \/>\n<meta property=\"article:publisher\" content=\"https:\/\/www.facebook.com\/psol50\" \/>\n<meta property=\"article:published_time\" content=\"2015-12-13T02:28:19+00:00\" \/>\n<meta property=\"og:image\" content=\"https:\/\/psol50.org.br\/inc\/uploads\/2015\/12\/PovoSemMedo-002_01.jpg\" \/>\n\t<meta property=\"og:image:width\" content=\"836\" \/>\n\t<meta property=\"og:image:height\" content=\"435\" \/>\n\t<meta property=\"og:image:type\" content=\"image\/jpeg\" \/>\n<meta name=\"author\" content=\"Comunica\u00e7\u00e3o PSOL\" \/>\n<meta name=\"twitter:card\" content=\"summary_large_image\" \/>\n<meta name=\"twitter:creator\" content=\"@psol50\" \/>\n<meta name=\"twitter:site\" content=\"@psol50\" \/>\n<meta name=\"twitter:label1\" content=\"Escrito por\" \/>\n\t<meta name=\"twitter:data1\" content=\"Comunica\u00e7\u00e3o PSOL\" \/>\n\t<meta name=\"twitter:label2\" content=\"Est. tempo de leitura\" \/>\n\t<meta name=\"twitter:data2\" content=\"2 minutos\" \/>\n<script type=\"application\/ld+json\" class=\"yoast-schema-graph\">{\"@context\":\"https:\/\/schema.org\",\"@graph\":[{\"@type\":\"Article\",\"@id\":\"https:\/\/psol50.org.br\/executiva-do-psol-orienta-militancia-a-ocupar-as-ruas-contra-o-impeachment-o-ajuste-fiscal-e-pelo-fora-cunha\/#article\",\"isPartOf\":{\"@id\":\"https:\/\/psol50.org.br\/executiva-do-psol-orienta-militancia-a-ocupar-as-ruas-contra-o-impeachment-o-ajuste-fiscal-e-pelo-fora-cunha\/\"},\"author\":{\"name\":\"Comunica\u00e7\u00e3o PSOL\",\"@id\":\"https:\/\/psol50.org.br\/#\/schema\/person\/475dfa57d0b815993c714c2e96491fcd\"},\"headline\":\"Executiva do PSOL orienta milit\u00e2ncia a ocupar as ruas contra o impeachment, o ajuste fiscal e pelo Fora Cunha\",\"datePublished\":\"2015-12-13T02:28:19+00:00\",\"mainEntityOfPage\":{\"@id\":\"https:\/\/psol50.org.br\/executiva-do-psol-orienta-militancia-a-ocupar-as-ruas-contra-o-impeachment-o-ajuste-fiscal-e-pelo-fora-cunha\/\"},\"wordCount\":373,\"commentCount\":0,\"publisher\":{\"@id\":\"https:\/\/psol50.org.br\/#organization\"},\"image\":{\"@id\":\"https:\/\/psol50.org.br\/executiva-do-psol-orienta-militancia-a-ocupar-as-ruas-contra-o-impeachment-o-ajuste-fiscal-e-pelo-fora-cunha\/#primaryimage\"},\"thumbnailUrl\":\"https:\/\/psol50.org.br\/inc\/uploads\/2015\/12\/PovoSemMedo-002_01.jpg\",\"keywords\":[\"Ajuste Fiscal\",\"Dilma Rousseff\",\"Eduardo Cunha\",\"Executiva Nacional do PSOL\",\"Fora Cunha\",\"impeachment\",\"Michel Temer\"],\"articleSection\":[\"Brasil\",\"Not\u00edcias\",\"Partido\"],\"inLanguage\":\"pt-BR\",\"potentialAction\":[{\"@type\":\"CommentAction\",\"name\":\"Comment\",\"target\":[\"https:\/\/psol50.org.br\/executiva-do-psol-orienta-militancia-a-ocupar-as-ruas-contra-o-impeachment-o-ajuste-fiscal-e-pelo-fora-cunha\/#respond\"]}]},{\"@type\":\"WebPage\",\"@id\":\"https:\/\/psol50.org.br\/executiva-do-psol-orienta-militancia-a-ocupar-as-ruas-contra-o-impeachment-o-ajuste-fiscal-e-pelo-fora-cunha\/\",\"url\":\"https:\/\/psol50.org.br\/executiva-do-psol-orienta-militancia-a-ocupar-as-ruas-contra-o-impeachment-o-ajuste-fiscal-e-pelo-fora-cunha\/\",\"name\":\"Executiva do PSOL orienta milit\u00e2ncia a ocupar as ruas contra o impeachment, o ajuste fiscal e pelo Fora Cunha - PSOL 50\",\"isPartOf\":{\"@id\":\"https:\/\/psol50.org.br\/#website\"},\"primaryImageOfPage\":{\"@id\":\"https:\/\/psol50.org.br\/executiva-do-psol-orienta-militancia-a-ocupar-as-ruas-contra-o-impeachment-o-ajuste-fiscal-e-pelo-fora-cunha\/#primaryimage\"},\"image\":{\"@id\":\"https:\/\/psol50.org.br\/executiva-do-psol-orienta-militancia-a-ocupar-as-ruas-contra-o-impeachment-o-ajuste-fiscal-e-pelo-fora-cunha\/#primaryimage\"},\"thumbnailUrl\":\"https:\/\/psol50.org.br\/inc\/uploads\/2015\/12\/PovoSemMedo-002_01.jpg\",\"datePublished\":\"2015-12-13T02:28:19+00:00\",\"breadcrumb\":{\"@id\":\"https:\/\/psol50.org.br\/executiva-do-psol-orienta-militancia-a-ocupar-as-ruas-contra-o-impeachment-o-ajuste-fiscal-e-pelo-fora-cunha\/#breadcrumb\"},\"inLanguage\":\"pt-BR\",\"potentialAction\":[{\"@type\":\"ReadAction\",\"target\":[\"https:\/\/psol50.org.br\/executiva-do-psol-orienta-militancia-a-ocupar-as-ruas-contra-o-impeachment-o-ajuste-fiscal-e-pelo-fora-cunha\/\"]}]},{\"@type\":\"ImageObject\",\"inLanguage\":\"pt-BR\",\"@id\":\"https:\/\/psol50.org.br\/executiva-do-psol-orienta-militancia-a-ocupar-as-ruas-contra-o-impeachment-o-ajuste-fiscal-e-pelo-fora-cunha\/#primaryimage\",\"url\":\"https:\/\/psol50.org.br\/inc\/uploads\/2015\/12\/PovoSemMedo-002_01.jpg\",\"contentUrl\":\"https:\/\/psol50.org.br\/inc\/uploads\/2015\/12\/PovoSemMedo-002_01.jpg\",\"width\":836,\"height\":435},{\"@type\":\"BreadcrumbList\",\"@id\":\"https:\/\/psol50.org.br\/executiva-do-psol-orienta-militancia-a-ocupar-as-ruas-contra-o-impeachment-o-ajuste-fiscal-e-pelo-fora-cunha\/#breadcrumb\",\"itemListElement\":[{\"@type\":\"ListItem\",\"position\":1,\"name\":\"In\u00edcio\",\"item\":\"https:\/\/psol50.org.br\/\"},{\"@type\":\"ListItem\",\"position\":2,\"name\":\"Executiva do PSOL orienta milit\u00e2ncia a ocupar as ruas contra o impeachment, o ajuste fiscal e pelo Fora Cunha\"}]},{\"@type\":\"WebSite\",\"@id\":\"https:\/\/psol50.org.br\/#website\",\"url\":\"https:\/\/psol50.org.br\/\",\"name\":\"PSOL 50\",\"description\":\"Site oficial do Partido Socialismo e Liberdade\",\"publisher\":{\"@id\":\"https:\/\/psol50.org.br\/#organization\"},\"alternateName\":\"PSOL50\",\"potentialAction\":[{\"@type\":\"SearchAction\",\"target\":{\"@type\":\"EntryPoint\",\"urlTemplate\":\"https:\/\/psol50.org.br\/?s={search_term_string}\"},\"query-input\":{\"@type\":\"PropertyValueSpecification\",\"valueRequired\":true,\"valueName\":\"search_term_string\"}}],\"inLanguage\":\"pt-BR\"},{\"@type\":\"Organization\",\"@id\":\"https:\/\/psol50.org.br\/#organization\",\"name\":\"PSOL 50\",\"alternateName\":\"PSOL 50\",\"url\":\"https:\/\/psol50.org.br\/\",\"logo\":{\"@type\":\"ImageObject\",\"inLanguage\":\"pt-BR\",\"@id\":\"https:\/\/psol50.org.br\/#\/schema\/logo\/image\/\",\"url\":\"https:\/\/psol50.org.br\/inc\/uploads\/2018\/07\/capa.png\",\"contentUrl\":\"https:\/\/psol50.org.br\/inc\/uploads\/2018\/07\/capa.png\",\"width\":1350,\"height\":900,\"caption\":\"PSOL 50\"},\"image\":{\"@id\":\"https:\/\/psol50.org.br\/#\/schema\/logo\/image\/\"},\"sameAs\":[\"https:\/\/www.facebook.com\/psol50\",\"https:\/\/x.com\/psol50\",\"https:\/\/www.instagram.com\/psol50\/\",\"https:\/\/www.youtube.com\/channel\/UC7SnJS5o1os7a6CaiNabzcg\"]},{\"@type\":\"Person\",\"@id\":\"https:\/\/psol50.org.br\/#\/schema\/person\/475dfa57d0b815993c714c2e96491fcd\",\"name\":\"Comunica\u00e7\u00e3o PSOL\",\"image\":{\"@type\":\"ImageObject\",\"inLanguage\":\"pt-BR\",\"@id\":\"https:\/\/psol50.org.br\/#\/schema\/person\/image\/\",\"url\":\"https:\/\/secure.gravatar.com\/avatar\/b34fc4f4e468a4e51785917065a3db57b841f5c95dba6ad8c73aaf8f66f8f9bf?s=96&d=mm&r=g\",\"contentUrl\":\"https:\/\/secure.gravatar.com\/avatar\/b34fc4f4e468a4e51785917065a3db57b841f5c95dba6ad8c73aaf8f66f8f9bf?s=96&d=mm&r=g\",\"caption\":\"Comunica\u00e7\u00e3o PSOL\"}}]}<\/script>\n<!-- \/ Yoast SEO plugin. -->","yoast_head_json":{"title":"Executiva do PSOL orienta milit\u00e2ncia a ocupar as ruas contra o impeachment, o ajuste fiscal e pelo Fora Cunha - PSOL 50","robots":{"index":"index","follow":"follow","max-snippet":"max-snippet:-1","max-image-preview":"max-image-preview:large","max-video-preview":"max-video-preview:-1"},"canonical":"https:\/\/psol50.org.br\/executiva-do-psol-orienta-militancia-a-ocupar-as-ruas-contra-o-impeachment-o-ajuste-fiscal-e-pelo-fora-cunha\/","og_locale":"pt_BR","og_type":"article","og_title":"Executiva do PSOL orienta milit\u00e2ncia a ocupar as ruas contra o impeachment, o ajuste fiscal e pelo Fora Cunha - PSOL 50","og_description":"Considerando a decis\u00e3o aprovada no 5\u00ba Congresso do PSOL sobre a crise pol\u00edtica e o processo de impeachment em debate na C\u00e2mara dos Deputados; Considerando a convocat\u00f3ria feita pelos setores conservadores para manifesta\u00e7\u00f5es favor\u00e1veis ao impeachment, marcadas para este 13 de dezembro; Considerando a convocat\u00f3ria feita pelas entidades do movimento social para manifesta\u00e7\u00f5es contr\u00e1rias ao [&hellip;]","og_url":"https:\/\/psol50.org.br\/executiva-do-psol-orienta-militancia-a-ocupar-as-ruas-contra-o-impeachment-o-ajuste-fiscal-e-pelo-fora-cunha\/","og_site_name":"PSOL 50","article_publisher":"https:\/\/www.facebook.com\/psol50","article_published_time":"2015-12-13T02:28:19+00:00","og_image":[{"width":836,"height":435,"url":"https:\/\/psol50.org.br\/inc\/uploads\/2015\/12\/PovoSemMedo-002_01.jpg","type":"image\/jpeg"}],"author":"Comunica\u00e7\u00e3o PSOL","twitter_card":"summary_large_image","twitter_creator":"@psol50","twitter_site":"@psol50","twitter_misc":{"Escrito por":"Comunica\u00e7\u00e3o PSOL","Est. tempo de leitura":"2 minutos"},"schema":{"@context":"https:\/\/schema.org","@graph":[{"@type":"Article","@id":"https:\/\/psol50.org.br\/executiva-do-psol-orienta-militancia-a-ocupar-as-ruas-contra-o-impeachment-o-ajuste-fiscal-e-pelo-fora-cunha\/#article","isPartOf":{"@id":"https:\/\/psol50.org.br\/executiva-do-psol-orienta-militancia-a-ocupar-as-ruas-contra-o-impeachment-o-ajuste-fiscal-e-pelo-fora-cunha\/"},"author":{"name":"Comunica\u00e7\u00e3o PSOL","@id":"https:\/\/psol50.org.br\/#\/schema\/person\/475dfa57d0b815993c714c2e96491fcd"},"headline":"Executiva do PSOL orienta milit\u00e2ncia a ocupar as ruas contra o impeachment, o ajuste fiscal e pelo Fora Cunha","datePublished":"2015-12-13T02:28:19+00:00","mainEntityOfPage":{"@id":"https:\/\/psol50.org.br\/executiva-do-psol-orienta-militancia-a-ocupar-as-ruas-contra-o-impeachment-o-ajuste-fiscal-e-pelo-fora-cunha\/"},"wordCount":373,"commentCount":0,"publisher":{"@id":"https:\/\/psol50.org.br\/#organization"},"image":{"@id":"https:\/\/psol50.org.br\/executiva-do-psol-orienta-militancia-a-ocupar-as-ruas-contra-o-impeachment-o-ajuste-fiscal-e-pelo-fora-cunha\/#primaryimage"},"thumbnailUrl":"https:\/\/psol50.org.br\/inc\/uploads\/2015\/12\/PovoSemMedo-002_01.jpg","keywords":["Ajuste Fiscal","Dilma Rousseff","Eduardo Cunha","Executiva Nacional do PSOL","Fora Cunha","impeachment","Michel Temer"],"articleSection":["Brasil","Not\u00edcias","Partido"],"inLanguage":"pt-BR","potentialAction":[{"@type":"CommentAction","name":"Comment","target":["https:\/\/psol50.org.br\/executiva-do-psol-orienta-militancia-a-ocupar-as-ruas-contra-o-impeachment-o-ajuste-fiscal-e-pelo-fora-cunha\/#respond"]}]},{"@type":"WebPage","@id":"https:\/\/psol50.org.br\/executiva-do-psol-orienta-militancia-a-ocupar-as-ruas-contra-o-impeachment-o-ajuste-fiscal-e-pelo-fora-cunha\/","url":"https:\/\/psol50.org.br\/executiva-do-psol-orienta-militancia-a-ocupar-as-ruas-contra-o-impeachment-o-ajuste-fiscal-e-pelo-fora-cunha\/","name":"Executiva do PSOL orienta milit\u00e2ncia a ocupar as ruas contra o impeachment, o ajuste fiscal e pelo Fora Cunha - PSOL 50","isPartOf":{"@id":"https:\/\/psol50.org.br\/#website"},"primaryImageOfPage":{"@id":"https:\/\/psol50.org.br\/executiva-do-psol-orienta-militancia-a-ocupar-as-ruas-contra-o-impeachment-o-ajuste-fiscal-e-pelo-fora-cunha\/#primaryimage"},"image":{"@id":"https:\/\/psol50.org.br\/executiva-do-psol-orienta-militancia-a-ocupar-as-ruas-contra-o-impeachment-o-ajuste-fiscal-e-pelo-fora-cunha\/#primaryimage"},"thumbnailUrl":"https:\/\/psol50.org.br\/inc\/uploads\/2015\/12\/PovoSemMedo-002_01.jpg","datePublished":"2015-12-13T02:28:19+00:00","breadcrumb":{"@id":"https:\/\/psol50.org.br\/executiva-do-psol-orienta-militancia-a-ocupar-as-ruas-contra-o-impeachment-o-ajuste-fiscal-e-pelo-fora-cunha\/#breadcrumb"},"inLanguage":"pt-BR","potentialAction":[{"@type":"ReadAction","target":["https:\/\/psol50.org.br\/executiva-do-psol-orienta-militancia-a-ocupar-as-ruas-contra-o-impeachment-o-ajuste-fiscal-e-pelo-fora-cunha\/"]}]},{"@type":"ImageObject","inLanguage":"pt-BR","@id":"https:\/\/psol50.org.br\/executiva-do-psol-orienta-militancia-a-ocupar-as-ruas-contra-o-impeachment-o-ajuste-fiscal-e-pelo-fora-cunha\/#primaryimage","url":"https:\/\/psol50.org.br\/inc\/uploads\/2015\/12\/PovoSemMedo-002_01.jpg","contentUrl":"https:\/\/psol50.org.br\/inc\/uploads\/2015\/12\/PovoSemMedo-002_01.jpg","width":836,"height":435},{"@type":"BreadcrumbList","@id":"https:\/\/psol50.org.br\/executiva-do-psol-orienta-militancia-a-ocupar-as-ruas-contra-o-impeachment-o-ajuste-fiscal-e-pelo-fora-cunha\/#breadcrumb","itemListElement":[{"@type":"ListItem","position":1,"name":"In\u00edcio","item":"https:\/\/psol50.org.br\/"},{"@type":"ListItem","position":2,"name":"Executiva do PSOL orienta milit\u00e2ncia a ocupar as ruas contra o impeachment, o ajuste fiscal e pelo Fora Cunha"}]},{"@type":"WebSite","@id":"https:\/\/psol50.org.br\/#website","url":"https:\/\/psol50.org.br\/","name":"PSOL 50","description":"Site oficial do Partido Socialismo e Liberdade","publisher":{"@id":"https:\/\/psol50.org.br\/#organization"},"alternateName":"PSOL50","potentialAction":[{"@type":"SearchAction","target":{"@type":"EntryPoint","urlTemplate":"https:\/\/psol50.org.br\/?s={search_term_string}"},"query-input":{"@type":"PropertyValueSpecification","valueRequired":true,"valueName":"search_term_string"}}],"inLanguage":"pt-BR"},{"@type":"Organization","@id":"https:\/\/psol50.org.br\/#organization","name":"PSOL 50","alternateName":"PSOL 50","url":"https:\/\/psol50.org.br\/","logo":{"@type":"ImageObject","inLanguage":"pt-BR","@id":"https:\/\/psol50.org.br\/#\/schema\/logo\/image\/","url":"https:\/\/psol50.org.br\/inc\/uploads\/2018\/07\/capa.png","contentUrl":"https:\/\/psol50.org.br\/inc\/uploads\/2018\/07\/capa.png","width":1350,"height":900,"caption":"PSOL 50"},"image":{"@id":"https:\/\/psol50.org.br\/#\/schema\/logo\/image\/"},"sameAs":["https:\/\/www.facebook.com\/psol50","https:\/\/x.com\/psol50","https:\/\/www.instagram.com\/psol50\/","https:\/\/www.youtube.com\/channel\/UC7SnJS5o1os7a6CaiNabzcg"]},{"@type":"Person","@id":"https:\/\/psol50.org.br\/#\/schema\/person\/475dfa57d0b815993c714c2e96491fcd","name":"Comunica\u00e7\u00e3o PSOL","image":{"@type":"ImageObject","inLanguage":"pt-BR","@id":"https:\/\/psol50.org.br\/#\/schema\/person\/image\/","url":"https:\/\/secure.gravatar.com\/avatar\/b34fc4f4e468a4e51785917065a3db57b841f5c95dba6ad8c73aaf8f66f8f9bf?s=96&d=mm&r=g","contentUrl":"https:\/\/secure.gravatar.com\/avatar\/b34fc4f4e468a4e51785917065a3db57b841f5c95dba6ad8c73aaf8f66f8f9bf?s=96&d=mm&r=g","caption":"Comunica\u00e7\u00e3o PSOL"}}]}},"_links":{"self":[{"href":"https:\/\/psol50.org.br\/rest\/wp\/v2\/posts\/10876","targetHints":{"allow":["GET"]}}],"collection":[{"href":"https:\/\/psol50.org.br\/rest\/wp\/v2\/posts"}],"about":[{"href":"https:\/\/psol50.org.br\/rest\/wp\/v2\/types\/post"}],"author":[{"embeddable":true,"href":"https:\/\/psol50.org.br\/rest\/wp\/v2\/users\/2"}],"replies":[{"embeddable":true,"href":"https:\/\/psol50.org.br\/rest\/wp\/v2\/comments?post=10876"}],"version-history":[{"count":0,"href":"https:\/\/psol50.org.br\/rest\/wp\/v2\/posts\/10876\/revisions"}],"wp:featuredmedia":[{"embeddable":true,"href":"https:\/\/psol50.org.br\/rest\/wp\/v2\/media\/10836"}],"wp:attachment":[{"href":"https:\/\/psol50.org.br\/rest\/wp\/v2\/media?parent=10876"}],"wp:term":[{"taxonomy":"category","embeddable":true,"href":"https:\/\/psol50.org.br\/rest\/wp\/v2\/categories?post=10876"},{"taxonomy":"post_tag","embeddable":true,"href":"https:\/\/psol50.org.br\/rest\/wp\/v2\/tags?post=10876"}],"curies":[{"name":"wp","href":"https:\/\/api.w.org\/{rel}","templated":true}]}}