{"id":10884,"date":"2015-12-10T02:40:16","date_gmt":"2015-12-10T02:40:16","guid":{"rendered":"http:\/\/www.psol50.org.br\/?p=10884"},"modified":"2015-12-10T02:40:16","modified_gmt":"2015-12-10T02:40:16","slug":"luiz-araujo-sem-medo-de-se-misturar","status":"publish","type":"post","link":"https:\/\/psol50.org.br\/luiz-araujo-sem-medo-de-se-misturar\/","title":{"rendered":"LUIZ ARA\u00daJO: Sem medo de se misturar"},"content":{"rendered":"<p>O 5\u00ba\u00a0Congresso Nacional do PSOL, de forma bastante majorit\u00e1ria (acho que perto de 90% do plen\u00e1rio) aprovou uma clara resolu\u00e7\u00e3o sobre a crise que o pa\u00eds atravessa. No texto, constru\u00eddo pela nossa combativa bancada, discutido no Diret\u00f3rio Nacional, resenhado pelo bravo deputado Chico Alencar e, finalmente, acolhido pelos delegados eleitos pela base, est\u00e1 dito que somos contra o impeachment, queremos que Eduardo Cunha seja cassado e que nos manteremos fazendo oposi\u00e7\u00e3o de esquerda ao governo Dilma, combatendo o ajuste fiscal. Literalmente o Congresso aprovou que \u201cdestituir Dilma, a cujo governo antipopular nos opomos, para colocar em seu lugar Michel Temer (PMDB), significaria aprofundar \u201cuma ponte para o futuro\u201d que \u00e9 mera continuidade do presente, pavimentada pelos materiais do privatismo puro e duro\u201d. E que \u201cas sa\u00eddas da crise s\u00f3 vir\u00e3o com ampla mobiliza\u00e7\u00e3o popular em torno de reformas profundas, que instituam um novo modelo econ\u00f4mico, soberano, igualit\u00e1rio e ambientalmente sustent\u00e1vel\u201d.<br \/>\nOntem, exercendo seu direito como cidad\u00e3 e lideran\u00e7a pol\u00edtica, a companheira Luciana Genro expressou a posi\u00e7\u00e3o dela e de seu agrupamento, a qual \u00e9 contra o impeachment e luta por elei\u00e7\u00f5es gerais em 2016. Durante o Congresso tivemos ainda um posicionamento bastante minorit\u00e1rio que propunha que o eixo fosse \u201cFora todos\u201d, ou seja, apoiava indiretamente o impeachment e pedia a retirada de todos do poder (pressupunha talvez a exist\u00eancia de condi\u00e7\u00f5es para que o povo trabalhador fizesse uma insurrei\u00e7\u00e3o na virada do ano ou coisa semelhante).<br \/>\nFa\u00e7o parte da gera\u00e7\u00e3o que foi \u00e0s ruas para que a ditadura ca\u00edsse, protestou contra o acord\u00e3o que levou Tancredo Neves ser eleito no col\u00e9gio eleitoral (depois acordamos com Sarney na Presid\u00eancia). Quer\u00edamos constituinte exclusiva e tivemos que travar a batalha por mais direitos numa constituinte meia-boca. Arrancamos muitas vit\u00f3rias, mesmo assim poderiam ter sido maiores, o clima de efervesc\u00eancia era grande, muitas mobiliza\u00e7\u00f5es progressistas em todo o pa\u00eds. Confesso que fiquei muito insatisfeito com o conseguido na Carta de 1988.<br \/>\nDe l\u00e1 para c\u00e1 a correla\u00e7\u00e3o de for\u00e7as n\u00e3o melhorou. \u00c9 verdade que logo depois quase Lula se elegia presidente (acho que em 1989 seu governo teria sido mais \u00e0 esquerda do que o foi posteriormente). E completamos 27 anos brigando para cumprir o que tem de avan\u00e7ado na Constitui\u00e7\u00e3o (como bem lembrou Jean Wyllys) e ultimamente para impedir seguidos retrocessos no texto (vide quest\u00e3o ind\u00edgena, redu\u00e7\u00e3o da maioridade penal, etc).<br \/>\nAcho que nesta pol\u00eamica existe um medo de se misturar. Explico melhor:<\/p>\n<ol>\n<li>Somos contra o governo Dilma. \u00c9 dif\u00edcil encontrar militante de esquerda sincero e s\u00e9rio que encontre pontos defens\u00e1veis em seu governo. Acontece que combater o impeachment \u00e9 defender que ela continue no governo e isso mexe com a cabe\u00e7a de parte da esquerda.<\/li>\n<li>Ser contra o impeachment n\u00e3o basta no momento, ser\u00e1 necess\u00e1rio ocupar as ruas, disputa-las com as marchas conservadoras e reacion\u00e1rias. Ser\u00e1 necess\u00e1rio escolher com que segmento social vamos interagir. \u00c9 l\u00f3gico que manter dist\u00e2ncia do PT, partido que n\u00e3o \u00e9 nem a sombra do que foi na d\u00e9cada de 80\/90, \u00e9 mais c\u00f4modo.<\/li>\n<li>Mas combater o impeachment significa marchar com todos os que concordam com esta bandeira. \u00c9 claro que n\u00e3o iremos \u00e0s ruas para defender o que Dilma anda fazendo no governo (aplicando tudo que disse que n\u00e3o ia fazer, cumprindo programa do A\u00e9cio todos os dias) e devemos demarcar claramente (na medida do poss\u00edvel) que somos oposi\u00e7\u00e3o ao ajuste e contra o golpismo (tem gente no partido que n\u00e3o gosta de usar esta palavra, mas n\u00e3o encontro outra para o que a direita dirigida por Cunha est\u00e1 fazendo todos os dias) ao mesmo tempo.<\/li>\n<\/ol>\n<p>Fui \u00e0s ruas contra a ditadura junto com o MDB. Fui \u00e0s ruas pelas Diretas J\u00e1 com Tancredo e Ulisses no palanque. Fui \u00e0s ruas para tirar o corrupto Collor com todos os que toparam faz\u00ea-lo.<br \/>\nN\u00e3o vejo motivo para ficar em casa ou arranjar desculpas para n\u00e3o marchar contra o impeachment. Como diz a resolu\u00e7\u00e3o do 5\u00baCongresso Nacional, n\u00e3o irei \u00e0s ruas para defender o governo Dilma, mas marcharei com todos que quiserem para evitar que Temer chegue \u00e0 Presid\u00eancia e acelere sem travas um retrocesso nos direitos, aplique de forma mais decidida o pacote de ajuste.<br \/>\nSeria favor\u00e1vel a uma nova constituinte se a correla\u00e7\u00e3o de for\u00e7as assim indicasse. Sou contra convocar elei\u00e7\u00f5es gerais para 2016. A\u00e9cio e os tucanos defenderam isso no in\u00edcio do ano. Na pr\u00e1tica, a proposta de Luciana (mesmo que n\u00e3o ache sinceramente que esta tenha sido sua inten\u00e7\u00e3o, pois conhe\u00e7o seus compromissos revolucion\u00e1rios) \u00e9 semelhante a que FHC prop\u00f4s no in\u00edcio do ano. Se n\u00e3o passa o impeachment a \u00fanica forma de ter elei\u00e7\u00f5es gerais \u00e9 Dilma renunciando. Quem ganharia com esta antecipa\u00e7\u00e3o na atual conjuntura? Somente o mais otimista chegaria \u00e0 conclus\u00e3o de que seria a esquerda. Neste sentido, elei\u00e7\u00f5es antecipadas possui uma linha de liga\u00e7\u00e3o com o \u201cfora todos\u201d.<br \/>\n&nbsp;<\/p>\n","protected":false},"excerpt":{"rendered":"<p>O 5\u00ba\u00a0Congresso Nacional do PSOL, de forma bastante majorit\u00e1ria (acho que perto de 90% do plen\u00e1rio) aprovou uma clara resolu\u00e7\u00e3o sobre a crise que o pa\u00eds atravessa. No texto, constru\u00eddo pela nossa combativa bancada, discutido no Diret\u00f3rio Nacional, resenhado pelo bravo deputado Chico Alencar e, finalmente, acolhido pelos delegados eleitos pela base, est\u00e1 dito que [&hellip;]<\/p>\n","protected":false},"author":2,"featured_media":10818,"comment_status":"open","ping_status":"open","sticky":false,"template":"","format":"standard","meta":{"_acf_changed":false,"footnotes":""},"categories":[3,1882],"tags":[1432,2792,2890,220,2174,1801],"class_list":{"0":"post-10884","1":"post","2":"type-post","3":"status-publish","4":"format-standard","5":"has-post-thumbnail","7":"category-artigos-e-entrevistas","8":"category-brasil","9":"tag-ajuste-fiscal","10":"tag-dilma-rousseff","11":"tag-eduardo-cunha","12":"tag-impeachment","13":"tag-luciana-genro","14":"tag-luiz-araujo"},"acf":[],"yoast_head":"<!-- This site is optimized with the Yoast SEO plugin v26.5 - https:\/\/yoast.com\/wordpress\/plugins\/seo\/ -->\n<title>LUIZ ARA\u00daJO: Sem medo de se misturar - PSOL 50<\/title>\n<meta name=\"robots\" content=\"index, follow, max-snippet:-1, max-image-preview:large, max-video-preview:-1\" \/>\n<link rel=\"canonical\" href=\"https:\/\/psol50.org.br\/luiz-araujo-sem-medo-de-se-misturar\/\" \/>\n<meta property=\"og:locale\" content=\"pt_BR\" \/>\n<meta property=\"og:type\" content=\"article\" \/>\n<meta property=\"og:title\" content=\"LUIZ ARA\u00daJO: Sem medo de se misturar - PSOL 50\" \/>\n<meta property=\"og:description\" content=\"O 5\u00ba\u00a0Congresso Nacional do PSOL, de forma bastante majorit\u00e1ria (acho que perto de 90% do plen\u00e1rio) aprovou uma clara resolu\u00e7\u00e3o sobre a crise que o pa\u00eds atravessa. No texto, constru\u00eddo pela nossa combativa bancada, discutido no Diret\u00f3rio Nacional, resenhado pelo bravo deputado Chico Alencar e, finalmente, acolhido pelos delegados eleitos pela base, est\u00e1 dito que [&hellip;]\" \/>\n<meta property=\"og:url\" content=\"https:\/\/psol50.org.br\/luiz-araujo-sem-medo-de-se-misturar\/\" \/>\n<meta property=\"og:site_name\" content=\"PSOL 50\" \/>\n<meta property=\"article:publisher\" content=\"https:\/\/www.facebook.com\/psol50\" \/>\n<meta property=\"article:published_time\" content=\"2015-12-10T02:40:16+00:00\" \/>\n<meta property=\"og:image\" content=\"https:\/\/psol50.org.br\/inc\/uploads\/2015\/12\/Faixa-Fora-Cunha-Rua.jpg\" \/>\n\t<meta property=\"og:image:width\" content=\"640\" \/>\n\t<meta property=\"og:image:height\" content=\"426\" \/>\n\t<meta property=\"og:image:type\" content=\"image\/jpeg\" \/>\n<meta name=\"author\" content=\"Comunica\u00e7\u00e3o PSOL\" \/>\n<meta name=\"twitter:card\" content=\"summary_large_image\" \/>\n<meta name=\"twitter:creator\" content=\"@psol50\" \/>\n<meta name=\"twitter:site\" content=\"@psol50\" \/>\n<meta name=\"twitter:label1\" content=\"Escrito por\" \/>\n\t<meta name=\"twitter:data1\" content=\"Comunica\u00e7\u00e3o PSOL\" \/>\n\t<meta name=\"twitter:label2\" content=\"Est. tempo de leitura\" \/>\n\t<meta name=\"twitter:data2\" content=\"4 minutos\" \/>\n<script type=\"application\/ld+json\" class=\"yoast-schema-graph\">{\"@context\":\"https:\/\/schema.org\",\"@graph\":[{\"@type\":\"Article\",\"@id\":\"https:\/\/psol50.org.br\/luiz-araujo-sem-medo-de-se-misturar\/#article\",\"isPartOf\":{\"@id\":\"https:\/\/psol50.org.br\/luiz-araujo-sem-medo-de-se-misturar\/\"},\"author\":{\"name\":\"Comunica\u00e7\u00e3o PSOL\",\"@id\":\"https:\/\/psol50.org.br\/#\/schema\/person\/475dfa57d0b815993c714c2e96491fcd\"},\"headline\":\"LUIZ ARA\u00daJO: Sem medo de se misturar\",\"datePublished\":\"2015-12-10T02:40:16+00:00\",\"mainEntityOfPage\":{\"@id\":\"https:\/\/psol50.org.br\/luiz-araujo-sem-medo-de-se-misturar\/\"},\"wordCount\":871,\"commentCount\":0,\"publisher\":{\"@id\":\"https:\/\/psol50.org.br\/#organization\"},\"image\":{\"@id\":\"https:\/\/psol50.org.br\/luiz-araujo-sem-medo-de-se-misturar\/#primaryimage\"},\"thumbnailUrl\":\"https:\/\/psol50.org.br\/inc\/uploads\/2015\/12\/Faixa-Fora-Cunha-Rua.jpg\",\"keywords\":[\"Ajuste Fiscal\",\"Dilma Rousseff\",\"Eduardo Cunha\",\"impeachment\",\"Luciana Genro\",\"Luiz Ara\u00fajo\"],\"articleSection\":[\"Artigos\",\"Brasil\"],\"inLanguage\":\"pt-BR\",\"potentialAction\":[{\"@type\":\"CommentAction\",\"name\":\"Comment\",\"target\":[\"https:\/\/psol50.org.br\/luiz-araujo-sem-medo-de-se-misturar\/#respond\"]}]},{\"@type\":\"WebPage\",\"@id\":\"https:\/\/psol50.org.br\/luiz-araujo-sem-medo-de-se-misturar\/\",\"url\":\"https:\/\/psol50.org.br\/luiz-araujo-sem-medo-de-se-misturar\/\",\"name\":\"LUIZ ARA\u00daJO: Sem medo de se misturar - PSOL 50\",\"isPartOf\":{\"@id\":\"https:\/\/psol50.org.br\/#website\"},\"primaryImageOfPage\":{\"@id\":\"https:\/\/psol50.org.br\/luiz-araujo-sem-medo-de-se-misturar\/#primaryimage\"},\"image\":{\"@id\":\"https:\/\/psol50.org.br\/luiz-araujo-sem-medo-de-se-misturar\/#primaryimage\"},\"thumbnailUrl\":\"https:\/\/psol50.org.br\/inc\/uploads\/2015\/12\/Faixa-Fora-Cunha-Rua.jpg\",\"datePublished\":\"2015-12-10T02:40:16+00:00\",\"breadcrumb\":{\"@id\":\"https:\/\/psol50.org.br\/luiz-araujo-sem-medo-de-se-misturar\/#breadcrumb\"},\"inLanguage\":\"pt-BR\",\"potentialAction\":[{\"@type\":\"ReadAction\",\"target\":[\"https:\/\/psol50.org.br\/luiz-araujo-sem-medo-de-se-misturar\/\"]}]},{\"@type\":\"ImageObject\",\"inLanguage\":\"pt-BR\",\"@id\":\"https:\/\/psol50.org.br\/luiz-araujo-sem-medo-de-se-misturar\/#primaryimage\",\"url\":\"https:\/\/psol50.org.br\/inc\/uploads\/2015\/12\/Faixa-Fora-Cunha-Rua.jpg\",\"contentUrl\":\"https:\/\/psol50.org.br\/inc\/uploads\/2015\/12\/Faixa-Fora-Cunha-Rua.jpg\",\"width\":640,\"height\":426},{\"@type\":\"BreadcrumbList\",\"@id\":\"https:\/\/psol50.org.br\/luiz-araujo-sem-medo-de-se-misturar\/#breadcrumb\",\"itemListElement\":[{\"@type\":\"ListItem\",\"position\":1,\"name\":\"In\u00edcio\",\"item\":\"https:\/\/psol50.org.br\/\"},{\"@type\":\"ListItem\",\"position\":2,\"name\":\"LUIZ ARA\u00daJO: Sem medo de se misturar\"}]},{\"@type\":\"WebSite\",\"@id\":\"https:\/\/psol50.org.br\/#website\",\"url\":\"https:\/\/psol50.org.br\/\",\"name\":\"PSOL 50\",\"description\":\"Site oficial do Partido Socialismo e Liberdade\",\"publisher\":{\"@id\":\"https:\/\/psol50.org.br\/#organization\"},\"alternateName\":\"PSOL50\",\"potentialAction\":[{\"@type\":\"SearchAction\",\"target\":{\"@type\":\"EntryPoint\",\"urlTemplate\":\"https:\/\/psol50.org.br\/?s={search_term_string}\"},\"query-input\":{\"@type\":\"PropertyValueSpecification\",\"valueRequired\":true,\"valueName\":\"search_term_string\"}}],\"inLanguage\":\"pt-BR\"},{\"@type\":\"Organization\",\"@id\":\"https:\/\/psol50.org.br\/#organization\",\"name\":\"PSOL 50\",\"alternateName\":\"PSOL 50\",\"url\":\"https:\/\/psol50.org.br\/\",\"logo\":{\"@type\":\"ImageObject\",\"inLanguage\":\"pt-BR\",\"@id\":\"https:\/\/psol50.org.br\/#\/schema\/logo\/image\/\",\"url\":\"https:\/\/psol50.org.br\/inc\/uploads\/2018\/07\/capa.png\",\"contentUrl\":\"https:\/\/psol50.org.br\/inc\/uploads\/2018\/07\/capa.png\",\"width\":1350,\"height\":900,\"caption\":\"PSOL 50\"},\"image\":{\"@id\":\"https:\/\/psol50.org.br\/#\/schema\/logo\/image\/\"},\"sameAs\":[\"https:\/\/www.facebook.com\/psol50\",\"https:\/\/x.com\/psol50\",\"https:\/\/www.instagram.com\/psol50\/\",\"https:\/\/www.youtube.com\/channel\/UC7SnJS5o1os7a6CaiNabzcg\"]},{\"@type\":\"Person\",\"@id\":\"https:\/\/psol50.org.br\/#\/schema\/person\/475dfa57d0b815993c714c2e96491fcd\",\"name\":\"Comunica\u00e7\u00e3o PSOL\",\"image\":{\"@type\":\"ImageObject\",\"inLanguage\":\"pt-BR\",\"@id\":\"https:\/\/psol50.org.br\/#\/schema\/person\/image\/\",\"url\":\"https:\/\/secure.gravatar.com\/avatar\/b34fc4f4e468a4e51785917065a3db57b841f5c95dba6ad8c73aaf8f66f8f9bf?s=96&d=mm&r=g\",\"contentUrl\":\"https:\/\/secure.gravatar.com\/avatar\/b34fc4f4e468a4e51785917065a3db57b841f5c95dba6ad8c73aaf8f66f8f9bf?s=96&d=mm&r=g\",\"caption\":\"Comunica\u00e7\u00e3o PSOL\"}}]}<\/script>\n<!-- \/ Yoast SEO plugin. -->","yoast_head_json":{"title":"LUIZ ARA\u00daJO: Sem medo de se misturar - PSOL 50","robots":{"index":"index","follow":"follow","max-snippet":"max-snippet:-1","max-image-preview":"max-image-preview:large","max-video-preview":"max-video-preview:-1"},"canonical":"https:\/\/psol50.org.br\/luiz-araujo-sem-medo-de-se-misturar\/","og_locale":"pt_BR","og_type":"article","og_title":"LUIZ ARA\u00daJO: Sem medo de se misturar - PSOL 50","og_description":"O 5\u00ba\u00a0Congresso Nacional do PSOL, de forma bastante majorit\u00e1ria (acho que perto de 90% do plen\u00e1rio) aprovou uma clara resolu\u00e7\u00e3o sobre a crise que o pa\u00eds atravessa. No texto, constru\u00eddo pela nossa combativa bancada, discutido no Diret\u00f3rio Nacional, resenhado pelo bravo deputado Chico Alencar e, finalmente, acolhido pelos delegados eleitos pela base, est\u00e1 dito que [&hellip;]","og_url":"https:\/\/psol50.org.br\/luiz-araujo-sem-medo-de-se-misturar\/","og_site_name":"PSOL 50","article_publisher":"https:\/\/www.facebook.com\/psol50","article_published_time":"2015-12-10T02:40:16+00:00","og_image":[{"width":640,"height":426,"url":"https:\/\/psol50.org.br\/inc\/uploads\/2015\/12\/Faixa-Fora-Cunha-Rua.jpg","type":"image\/jpeg"}],"author":"Comunica\u00e7\u00e3o PSOL","twitter_card":"summary_large_image","twitter_creator":"@psol50","twitter_site":"@psol50","twitter_misc":{"Escrito por":"Comunica\u00e7\u00e3o PSOL","Est. tempo de leitura":"4 minutos"},"schema":{"@context":"https:\/\/schema.org","@graph":[{"@type":"Article","@id":"https:\/\/psol50.org.br\/luiz-araujo-sem-medo-de-se-misturar\/#article","isPartOf":{"@id":"https:\/\/psol50.org.br\/luiz-araujo-sem-medo-de-se-misturar\/"},"author":{"name":"Comunica\u00e7\u00e3o PSOL","@id":"https:\/\/psol50.org.br\/#\/schema\/person\/475dfa57d0b815993c714c2e96491fcd"},"headline":"LUIZ ARA\u00daJO: Sem medo de se misturar","datePublished":"2015-12-10T02:40:16+00:00","mainEntityOfPage":{"@id":"https:\/\/psol50.org.br\/luiz-araujo-sem-medo-de-se-misturar\/"},"wordCount":871,"commentCount":0,"publisher":{"@id":"https:\/\/psol50.org.br\/#organization"},"image":{"@id":"https:\/\/psol50.org.br\/luiz-araujo-sem-medo-de-se-misturar\/#primaryimage"},"thumbnailUrl":"https:\/\/psol50.org.br\/inc\/uploads\/2015\/12\/Faixa-Fora-Cunha-Rua.jpg","keywords":["Ajuste Fiscal","Dilma Rousseff","Eduardo Cunha","impeachment","Luciana Genro","Luiz Ara\u00fajo"],"articleSection":["Artigos","Brasil"],"inLanguage":"pt-BR","potentialAction":[{"@type":"CommentAction","name":"Comment","target":["https:\/\/psol50.org.br\/luiz-araujo-sem-medo-de-se-misturar\/#respond"]}]},{"@type":"WebPage","@id":"https:\/\/psol50.org.br\/luiz-araujo-sem-medo-de-se-misturar\/","url":"https:\/\/psol50.org.br\/luiz-araujo-sem-medo-de-se-misturar\/","name":"LUIZ ARA\u00daJO: Sem medo de se misturar - PSOL 50","isPartOf":{"@id":"https:\/\/psol50.org.br\/#website"},"primaryImageOfPage":{"@id":"https:\/\/psol50.org.br\/luiz-araujo-sem-medo-de-se-misturar\/#primaryimage"},"image":{"@id":"https:\/\/psol50.org.br\/luiz-araujo-sem-medo-de-se-misturar\/#primaryimage"},"thumbnailUrl":"https:\/\/psol50.org.br\/inc\/uploads\/2015\/12\/Faixa-Fora-Cunha-Rua.jpg","datePublished":"2015-12-10T02:40:16+00:00","breadcrumb":{"@id":"https:\/\/psol50.org.br\/luiz-araujo-sem-medo-de-se-misturar\/#breadcrumb"},"inLanguage":"pt-BR","potentialAction":[{"@type":"ReadAction","target":["https:\/\/psol50.org.br\/luiz-araujo-sem-medo-de-se-misturar\/"]}]},{"@type":"ImageObject","inLanguage":"pt-BR","@id":"https:\/\/psol50.org.br\/luiz-araujo-sem-medo-de-se-misturar\/#primaryimage","url":"https:\/\/psol50.org.br\/inc\/uploads\/2015\/12\/Faixa-Fora-Cunha-Rua.jpg","contentUrl":"https:\/\/psol50.org.br\/inc\/uploads\/2015\/12\/Faixa-Fora-Cunha-Rua.jpg","width":640,"height":426},{"@type":"BreadcrumbList","@id":"https:\/\/psol50.org.br\/luiz-araujo-sem-medo-de-se-misturar\/#breadcrumb","itemListElement":[{"@type":"ListItem","position":1,"name":"In\u00edcio","item":"https:\/\/psol50.org.br\/"},{"@type":"ListItem","position":2,"name":"LUIZ ARA\u00daJO: Sem medo de se misturar"}]},{"@type":"WebSite","@id":"https:\/\/psol50.org.br\/#website","url":"https:\/\/psol50.org.br\/","name":"PSOL 50","description":"Site oficial do Partido Socialismo e Liberdade","publisher":{"@id":"https:\/\/psol50.org.br\/#organization"},"alternateName":"PSOL50","potentialAction":[{"@type":"SearchAction","target":{"@type":"EntryPoint","urlTemplate":"https:\/\/psol50.org.br\/?s={search_term_string}"},"query-input":{"@type":"PropertyValueSpecification","valueRequired":true,"valueName":"search_term_string"}}],"inLanguage":"pt-BR"},{"@type":"Organization","@id":"https:\/\/psol50.org.br\/#organization","name":"PSOL 50","alternateName":"PSOL 50","url":"https:\/\/psol50.org.br\/","logo":{"@type":"ImageObject","inLanguage":"pt-BR","@id":"https:\/\/psol50.org.br\/#\/schema\/logo\/image\/","url":"https:\/\/psol50.org.br\/inc\/uploads\/2018\/07\/capa.png","contentUrl":"https:\/\/psol50.org.br\/inc\/uploads\/2018\/07\/capa.png","width":1350,"height":900,"caption":"PSOL 50"},"image":{"@id":"https:\/\/psol50.org.br\/#\/schema\/logo\/image\/"},"sameAs":["https:\/\/www.facebook.com\/psol50","https:\/\/x.com\/psol50","https:\/\/www.instagram.com\/psol50\/","https:\/\/www.youtube.com\/channel\/UC7SnJS5o1os7a6CaiNabzcg"]},{"@type":"Person","@id":"https:\/\/psol50.org.br\/#\/schema\/person\/475dfa57d0b815993c714c2e96491fcd","name":"Comunica\u00e7\u00e3o PSOL","image":{"@type":"ImageObject","inLanguage":"pt-BR","@id":"https:\/\/psol50.org.br\/#\/schema\/person\/image\/","url":"https:\/\/secure.gravatar.com\/avatar\/b34fc4f4e468a4e51785917065a3db57b841f5c95dba6ad8c73aaf8f66f8f9bf?s=96&d=mm&r=g","contentUrl":"https:\/\/secure.gravatar.com\/avatar\/b34fc4f4e468a4e51785917065a3db57b841f5c95dba6ad8c73aaf8f66f8f9bf?s=96&d=mm&r=g","caption":"Comunica\u00e7\u00e3o PSOL"}}]}},"_links":{"self":[{"href":"https:\/\/psol50.org.br\/rest\/wp\/v2\/posts\/10884","targetHints":{"allow":["GET"]}}],"collection":[{"href":"https:\/\/psol50.org.br\/rest\/wp\/v2\/posts"}],"about":[{"href":"https:\/\/psol50.org.br\/rest\/wp\/v2\/types\/post"}],"author":[{"embeddable":true,"href":"https:\/\/psol50.org.br\/rest\/wp\/v2\/users\/2"}],"replies":[{"embeddable":true,"href":"https:\/\/psol50.org.br\/rest\/wp\/v2\/comments?post=10884"}],"version-history":[{"count":0,"href":"https:\/\/psol50.org.br\/rest\/wp\/v2\/posts\/10884\/revisions"}],"wp:featuredmedia":[{"embeddable":true,"href":"https:\/\/psol50.org.br\/rest\/wp\/v2\/media\/10818"}],"wp:attachment":[{"href":"https:\/\/psol50.org.br\/rest\/wp\/v2\/media?parent=10884"}],"wp:term":[{"taxonomy":"category","embeddable":true,"href":"https:\/\/psol50.org.br\/rest\/wp\/v2\/categories?post=10884"},{"taxonomy":"post_tag","embeddable":true,"href":"https:\/\/psol50.org.br\/rest\/wp\/v2\/tags?post=10884"}],"curies":[{"name":"wp","href":"https:\/\/api.w.org\/{rel}","templated":true}]}}