{"id":10886,"date":"2015-12-10T01:45:40","date_gmt":"2015-12-10T01:45:40","guid":{"rendered":"http:\/\/www.psol50.org.br\/?p=10886"},"modified":"2015-12-10T01:45:40","modified_gmt":"2015-12-10T01:45:40","slug":"por-unanimidade-conselho-de-etica-arquiva-processo-contra-chico-alencar","status":"publish","type":"post","link":"https:\/\/psol50.org.br\/por-unanimidade-conselho-de-etica-arquiva-processo-contra-chico-alencar\/","title":{"rendered":"Por unanimidade, Conselho de \u00c9tica arquiva processo contra Chico Alencar"},"content":{"rendered":"<p><em>Deputado afirma que a tentativa de intimida\u00e7\u00e3o aos que denunciam as arbitrariedades de Eduardo Cunha n\u00e3o funcionou<br \/>\n<\/em>Por unanimidade, o Conselho de \u00c9tica e Decoro Parlamentar decidiu, nesta quinta-feira (10), pelo arquivamento da representa\u00e7\u00e3o contra o l\u00edder do PSOL, deputado Chico Alencar (RJ).<br \/>\n&#8220;Estou no meu 13\u00ba ano de mandato, e esta foi uma penosa batalha. Mas agora, vencida&#8221;, declarou Chico Alencar. Ele criticou a representa\u00e7\u00e3o &#8211; origin\u00e1ria de repres\u00e1lia &#8211; e afirmou que agora volta &#8220;\u00e0 normalidade do mandato&#8221;. No discurso, ap\u00f3s o arquivamento, Chico disse que o Conselho de \u00c9tica da C\u00e2mara Federal n\u00e3o pode ser usado para disputa pol\u00edtica baixa e que a tentativa de intimidar \u00e0queles que est\u00e3o denunciando as arbitrariedades do deputado Eduardo Cunha (PMDB\/RJ) n\u00e3o funcionou.<br \/>\nSem a presen\u00e7a dos aliados de Cunha, que abandonaram a sala do Conselho momentos antes da vota\u00e7\u00e3o, o parecer preliminar do relator, Sandro Alex (PPS\/PR), que considerou a representa\u00e7\u00e3o inepta e com aus\u00eancia de elementos, foi aprovado por 16 votos a favor e nenhum contra. O processo ser\u00e1 arquivado.<br \/>\nA representa\u00e7\u00e3o contra Chico Alencar havia sido apresentada pelo deputado Paulo Pereira (SD\/SP), fiel escudeiro de Cunha e membro do Conselho de \u00c9tica. Para o PSOL, a representa\u00e7\u00e3o sempre foi considerada uma retalia\u00e7\u00e3o \u00e0s a\u00e7\u00f5es do partido contra Eduardo Cunha &#8211; denunciado no Supremo Tribunal Federal por lavagem de dinheiro e corrup\u00e7\u00e3o passiva e sob processo no Conselho de \u00c9tica, apresentado pelo PSOL e Rede.<br \/>\n&#8220;Hoje , o Parlamento brasileiro est\u00e1 contaminado pelos contra valores da boa pol\u00edtica. No entanto, a gente n\u00e3o quer politicalha nem politicagem. A gente quer a pol\u00edtica com &#8216;P&#8217; mai\u00fasculo&#8221;, afirmou o l\u00edder do PSOL.<br \/>\nChico Alencar agradeceu o apoio de parlamentares, de personalidades do mundo art\u00edstico, eleitores e simpatizantes que manifestaram apoio.<br \/>\nO deputado Ivan Valente (SP) disse as acusa\u00e7\u00f5es contra Chico Alencar eram infundadas e foram provocadas por advers\u00e1rios a mando de um deputado que n\u00e3o tem mais legitimidade para permanecer na presid\u00eancia da C\u00e2mara. &#8220;O Chico luta pela \u00e9tica na pol\u00edtica diariamente, \u00e9 uma pessoa correta e de vida limpa. Meu companheiro de luta no PSOL&#8221;.<br \/>\nA bancada do PSOL vai continuar cobrando que prossigam as investiga\u00e7\u00f5es e incomodando os que querem tapar o sol com peneira.<br \/>\nFonte: <em>Lideran\u00e7a do PSOL<\/em><br \/>\nConfira, abaixo, o v\u00eddeo com a fala de Chico Alencar logo depois da vota\u00e7\u00e3o.<\/p>\n<div class=\"youtube-embed\" data-video_id=\"sMl6Rd6Qrpg\"><iframe loading=\"lazy\" title=\"&quot;Hoje o Parlamento brasileiro est\u00e1 contaminado pelos contra valores da boa pol\u00edtica&quot;\" width=\"696\" height=\"392\" src=\"https:\/\/www.youtube.com\/embed\/sMl6Rd6Qrpg?feature=oembed&#038;enablejsapi=1\" frameborder=\"0\" allow=\"accelerometer; autoplay; clipboard-write; encrypted-media; gyroscope; picture-in-picture\" allowfullscreen><\/iframe><\/div>\n","protected":false},"excerpt":{"rendered":"<p>Deputado afirma que a tentativa de intimida\u00e7\u00e3o aos que denunciam as arbitrariedades de Eduardo Cunha n\u00e3o funcionou Por unanimidade, o Conselho de \u00c9tica e Decoro Parlamentar decidiu, nesta quinta-feira (10), pelo arquivamento da representa\u00e7\u00e3o contra o l\u00edder do PSOL, deputado Chico Alencar (RJ). &#8220;Estou no meu 13\u00ba ano de mandato, e esta foi uma penosa [&hellip;]<\/p>\n","protected":false},"author":2,"featured_media":10807,"comment_status":"open","ping_status":"open","sticky":false,"template":"","format":"standard","meta":{"_acf_changed":false,"footnotes":""},"categories":[10,6],"tags":[1680,2344,2890,552,2627,1606],"class_list":{"0":"post-10886","1":"post","2":"type-post","3":"status-publish","4":"format-standard","5":"has-post-thumbnail","7":"category-acao-parlamentares","8":"category-noticias","9":"tag-chico-alencar","10":"tag-conselho-de-etica-da-camara","11":"tag-eduardo-cunha","12":"tag-ivan-valente","13":"tag-paulinho-da-forca","14":"tag-representacao"},"acf":[],"yoast_head":"<!-- This site is optimized with the Yoast SEO plugin v26.5 - https:\/\/yoast.com\/wordpress\/plugins\/seo\/ -->\n<title>Por unanimidade, Conselho de \u00c9tica arquiva processo contra Chico Alencar - PSOL 50<\/title>\n<meta name=\"robots\" content=\"index, follow, max-snippet:-1, max-image-preview:large, max-video-preview:-1\" \/>\n<link rel=\"canonical\" href=\"https:\/\/psol50.org.br\/por-unanimidade-conselho-de-etica-arquiva-processo-contra-chico-alencar\/\" \/>\n<meta property=\"og:locale\" content=\"pt_BR\" \/>\n<meta property=\"og:type\" content=\"article\" \/>\n<meta property=\"og:title\" content=\"Por unanimidade, Conselho de \u00c9tica arquiva processo contra Chico Alencar - PSOL 50\" \/>\n<meta property=\"og:description\" content=\"Deputado afirma que a tentativa de intimida\u00e7\u00e3o aos que denunciam as arbitrariedades de Eduardo Cunha n\u00e3o funcionou Por unanimidade, o Conselho de \u00c9tica e Decoro Parlamentar decidiu, nesta quinta-feira (10), pelo arquivamento da representa\u00e7\u00e3o contra o l\u00edder do PSOL, deputado Chico Alencar (RJ). &#8220;Estou no meu 13\u00ba ano de mandato, e esta foi uma penosa [&hellip;]\" \/>\n<meta property=\"og:url\" content=\"https:\/\/psol50.org.br\/por-unanimidade-conselho-de-etica-arquiva-processo-contra-chico-alencar\/\" \/>\n<meta property=\"og:site_name\" content=\"PSOL 50\" \/>\n<meta property=\"article:publisher\" content=\"https:\/\/www.facebook.com\/psol50\" \/>\n<meta property=\"article:published_time\" content=\"2015-12-10T01:45:40+00:00\" \/>\n<meta property=\"og:image\" content=\"https:\/\/psol50.org.br\/inc\/uploads\/2015\/12\/Chico-Conselho-de-e\u0301tica-arquiva-processo-contra-ele.jpg\" \/>\n\t<meta property=\"og:image:width\" content=\"672\" \/>\n\t<meta property=\"og:image:height\" content=\"440\" \/>\n\t<meta property=\"og:image:type\" content=\"image\/jpeg\" \/>\n<meta name=\"author\" content=\"Comunica\u00e7\u00e3o PSOL\" \/>\n<meta name=\"twitter:card\" content=\"summary_large_image\" \/>\n<meta name=\"twitter:creator\" content=\"@psol50\" \/>\n<meta name=\"twitter:site\" content=\"@psol50\" \/>\n<meta name=\"twitter:label1\" content=\"Escrito por\" \/>\n\t<meta name=\"twitter:data1\" content=\"Comunica\u00e7\u00e3o PSOL\" \/>\n\t<meta name=\"twitter:label2\" content=\"Est. tempo de leitura\" \/>\n\t<meta name=\"twitter:data2\" content=\"2 minutos\" \/>\n<script type=\"application\/ld+json\" class=\"yoast-schema-graph\">{\"@context\":\"https:\/\/schema.org\",\"@graph\":[{\"@type\":\"Article\",\"@id\":\"https:\/\/psol50.org.br\/por-unanimidade-conselho-de-etica-arquiva-processo-contra-chico-alencar\/#article\",\"isPartOf\":{\"@id\":\"https:\/\/psol50.org.br\/por-unanimidade-conselho-de-etica-arquiva-processo-contra-chico-alencar\/\"},\"author\":{\"name\":\"Comunica\u00e7\u00e3o PSOL\",\"@id\":\"https:\/\/psol50.org.br\/#\/schema\/person\/475dfa57d0b815993c714c2e96491fcd\"},\"headline\":\"Por unanimidade, Conselho de \u00c9tica arquiva processo contra Chico Alencar\",\"datePublished\":\"2015-12-10T01:45:40+00:00\",\"mainEntityOfPage\":{\"@id\":\"https:\/\/psol50.org.br\/por-unanimidade-conselho-de-etica-arquiva-processo-contra-chico-alencar\/\"},\"wordCount\":440,\"commentCount\":0,\"publisher\":{\"@id\":\"https:\/\/psol50.org.br\/#organization\"},\"image\":{\"@id\":\"https:\/\/psol50.org.br\/por-unanimidade-conselho-de-etica-arquiva-processo-contra-chico-alencar\/#primaryimage\"},\"thumbnailUrl\":\"https:\/\/psol50.org.br\/inc\/uploads\/2015\/12\/Chico-Conselho-de-e\u0301tica-arquiva-processo-contra-ele.jpg\",\"keywords\":[\"Chico Alencar\",\"Conselho de \u00c9tica da C\u00e2mara\",\"Eduardo Cunha\",\"Ivan Valente\",\"Paulinho da For\u00e7a\",\"representa\u00e7\u00e3o\"],\"articleSection\":[\"A\u00e7\u00e3o Parlamentar\",\"Not\u00edcias\"],\"inLanguage\":\"pt-BR\",\"potentialAction\":[{\"@type\":\"CommentAction\",\"name\":\"Comment\",\"target\":[\"https:\/\/psol50.org.br\/por-unanimidade-conselho-de-etica-arquiva-processo-contra-chico-alencar\/#respond\"]}]},{\"@type\":\"WebPage\",\"@id\":\"https:\/\/psol50.org.br\/por-unanimidade-conselho-de-etica-arquiva-processo-contra-chico-alencar\/\",\"url\":\"https:\/\/psol50.org.br\/por-unanimidade-conselho-de-etica-arquiva-processo-contra-chico-alencar\/\",\"name\":\"Por unanimidade, Conselho de \u00c9tica arquiva processo contra Chico Alencar - PSOL 50\",\"isPartOf\":{\"@id\":\"https:\/\/psol50.org.br\/#website\"},\"primaryImageOfPage\":{\"@id\":\"https:\/\/psol50.org.br\/por-unanimidade-conselho-de-etica-arquiva-processo-contra-chico-alencar\/#primaryimage\"},\"image\":{\"@id\":\"https:\/\/psol50.org.br\/por-unanimidade-conselho-de-etica-arquiva-processo-contra-chico-alencar\/#primaryimage\"},\"thumbnailUrl\":\"https:\/\/psol50.org.br\/inc\/uploads\/2015\/12\/Chico-Conselho-de-e\u0301tica-arquiva-processo-contra-ele.jpg\",\"datePublished\":\"2015-12-10T01:45:40+00:00\",\"breadcrumb\":{\"@id\":\"https:\/\/psol50.org.br\/por-unanimidade-conselho-de-etica-arquiva-processo-contra-chico-alencar\/#breadcrumb\"},\"inLanguage\":\"pt-BR\",\"potentialAction\":[{\"@type\":\"ReadAction\",\"target\":[\"https:\/\/psol50.org.br\/por-unanimidade-conselho-de-etica-arquiva-processo-contra-chico-alencar\/\"]}]},{\"@type\":\"ImageObject\",\"inLanguage\":\"pt-BR\",\"@id\":\"https:\/\/psol50.org.br\/por-unanimidade-conselho-de-etica-arquiva-processo-contra-chico-alencar\/#primaryimage\",\"url\":\"https:\/\/psol50.org.br\/inc\/uploads\/2015\/12\/Chico-Conselho-de-e\u0301tica-arquiva-processo-contra-ele.jpg\",\"contentUrl\":\"https:\/\/psol50.org.br\/inc\/uploads\/2015\/12\/Chico-Conselho-de-e\u0301tica-arquiva-processo-contra-ele.jpg\",\"width\":672,\"height\":440},{\"@type\":\"BreadcrumbList\",\"@id\":\"https:\/\/psol50.org.br\/por-unanimidade-conselho-de-etica-arquiva-processo-contra-chico-alencar\/#breadcrumb\",\"itemListElement\":[{\"@type\":\"ListItem\",\"position\":1,\"name\":\"In\u00edcio\",\"item\":\"https:\/\/psol50.org.br\/\"},{\"@type\":\"ListItem\",\"position\":2,\"name\":\"Por unanimidade, Conselho de \u00c9tica arquiva processo contra Chico Alencar\"}]},{\"@type\":\"WebSite\",\"@id\":\"https:\/\/psol50.org.br\/#website\",\"url\":\"https:\/\/psol50.org.br\/\",\"name\":\"PSOL 50\",\"description\":\"Site oficial do Partido Socialismo e Liberdade\",\"publisher\":{\"@id\":\"https:\/\/psol50.org.br\/#organization\"},\"alternateName\":\"PSOL50\",\"potentialAction\":[{\"@type\":\"SearchAction\",\"target\":{\"@type\":\"EntryPoint\",\"urlTemplate\":\"https:\/\/psol50.org.br\/?s={search_term_string}\"},\"query-input\":{\"@type\":\"PropertyValueSpecification\",\"valueRequired\":true,\"valueName\":\"search_term_string\"}}],\"inLanguage\":\"pt-BR\"},{\"@type\":\"Organization\",\"@id\":\"https:\/\/psol50.org.br\/#organization\",\"name\":\"PSOL 50\",\"alternateName\":\"PSOL 50\",\"url\":\"https:\/\/psol50.org.br\/\",\"logo\":{\"@type\":\"ImageObject\",\"inLanguage\":\"pt-BR\",\"@id\":\"https:\/\/psol50.org.br\/#\/schema\/logo\/image\/\",\"url\":\"https:\/\/psol50.org.br\/inc\/uploads\/2018\/07\/capa.png\",\"contentUrl\":\"https:\/\/psol50.org.br\/inc\/uploads\/2018\/07\/capa.png\",\"width\":1350,\"height\":900,\"caption\":\"PSOL 50\"},\"image\":{\"@id\":\"https:\/\/psol50.org.br\/#\/schema\/logo\/image\/\"},\"sameAs\":[\"https:\/\/www.facebook.com\/psol50\",\"https:\/\/x.com\/psol50\",\"https:\/\/www.instagram.com\/psol50\/\",\"https:\/\/www.youtube.com\/channel\/UC7SnJS5o1os7a6CaiNabzcg\"]},{\"@type\":\"Person\",\"@id\":\"https:\/\/psol50.org.br\/#\/schema\/person\/475dfa57d0b815993c714c2e96491fcd\",\"name\":\"Comunica\u00e7\u00e3o PSOL\",\"image\":{\"@type\":\"ImageObject\",\"inLanguage\":\"pt-BR\",\"@id\":\"https:\/\/psol50.org.br\/#\/schema\/person\/image\/\",\"url\":\"https:\/\/secure.gravatar.com\/avatar\/b34fc4f4e468a4e51785917065a3db57b841f5c95dba6ad8c73aaf8f66f8f9bf?s=96&d=mm&r=g\",\"contentUrl\":\"https:\/\/secure.gravatar.com\/avatar\/b34fc4f4e468a4e51785917065a3db57b841f5c95dba6ad8c73aaf8f66f8f9bf?s=96&d=mm&r=g\",\"caption\":\"Comunica\u00e7\u00e3o PSOL\"}}]}<\/script>\n<!-- \/ Yoast SEO plugin. -->","yoast_head_json":{"title":"Por unanimidade, Conselho de \u00c9tica arquiva processo contra Chico Alencar - PSOL 50","robots":{"index":"index","follow":"follow","max-snippet":"max-snippet:-1","max-image-preview":"max-image-preview:large","max-video-preview":"max-video-preview:-1"},"canonical":"https:\/\/psol50.org.br\/por-unanimidade-conselho-de-etica-arquiva-processo-contra-chico-alencar\/","og_locale":"pt_BR","og_type":"article","og_title":"Por unanimidade, Conselho de \u00c9tica arquiva processo contra Chico Alencar - PSOL 50","og_description":"Deputado afirma que a tentativa de intimida\u00e7\u00e3o aos que denunciam as arbitrariedades de Eduardo Cunha n\u00e3o funcionou Por unanimidade, o Conselho de \u00c9tica e Decoro Parlamentar decidiu, nesta quinta-feira (10), pelo arquivamento da representa\u00e7\u00e3o contra o l\u00edder do PSOL, deputado Chico Alencar (RJ). &#8220;Estou no meu 13\u00ba ano de mandato, e esta foi uma penosa [&hellip;]","og_url":"https:\/\/psol50.org.br\/por-unanimidade-conselho-de-etica-arquiva-processo-contra-chico-alencar\/","og_site_name":"PSOL 50","article_publisher":"https:\/\/www.facebook.com\/psol50","article_published_time":"2015-12-10T01:45:40+00:00","og_image":[{"width":672,"height":440,"url":"https:\/\/psol50.org.br\/inc\/uploads\/2015\/12\/Chico-Conselho-de-e\u0301tica-arquiva-processo-contra-ele.jpg","type":"image\/jpeg"}],"author":"Comunica\u00e7\u00e3o PSOL","twitter_card":"summary_large_image","twitter_creator":"@psol50","twitter_site":"@psol50","twitter_misc":{"Escrito por":"Comunica\u00e7\u00e3o PSOL","Est. tempo de leitura":"2 minutos"},"schema":{"@context":"https:\/\/schema.org","@graph":[{"@type":"Article","@id":"https:\/\/psol50.org.br\/por-unanimidade-conselho-de-etica-arquiva-processo-contra-chico-alencar\/#article","isPartOf":{"@id":"https:\/\/psol50.org.br\/por-unanimidade-conselho-de-etica-arquiva-processo-contra-chico-alencar\/"},"author":{"name":"Comunica\u00e7\u00e3o PSOL","@id":"https:\/\/psol50.org.br\/#\/schema\/person\/475dfa57d0b815993c714c2e96491fcd"},"headline":"Por unanimidade, Conselho de \u00c9tica arquiva processo contra Chico Alencar","datePublished":"2015-12-10T01:45:40+00:00","mainEntityOfPage":{"@id":"https:\/\/psol50.org.br\/por-unanimidade-conselho-de-etica-arquiva-processo-contra-chico-alencar\/"},"wordCount":440,"commentCount":0,"publisher":{"@id":"https:\/\/psol50.org.br\/#organization"},"image":{"@id":"https:\/\/psol50.org.br\/por-unanimidade-conselho-de-etica-arquiva-processo-contra-chico-alencar\/#primaryimage"},"thumbnailUrl":"https:\/\/psol50.org.br\/inc\/uploads\/2015\/12\/Chico-Conselho-de-e\u0301tica-arquiva-processo-contra-ele.jpg","keywords":["Chico Alencar","Conselho de \u00c9tica da C\u00e2mara","Eduardo Cunha","Ivan Valente","Paulinho da For\u00e7a","representa\u00e7\u00e3o"],"articleSection":["A\u00e7\u00e3o Parlamentar","Not\u00edcias"],"inLanguage":"pt-BR","potentialAction":[{"@type":"CommentAction","name":"Comment","target":["https:\/\/psol50.org.br\/por-unanimidade-conselho-de-etica-arquiva-processo-contra-chico-alencar\/#respond"]}]},{"@type":"WebPage","@id":"https:\/\/psol50.org.br\/por-unanimidade-conselho-de-etica-arquiva-processo-contra-chico-alencar\/","url":"https:\/\/psol50.org.br\/por-unanimidade-conselho-de-etica-arquiva-processo-contra-chico-alencar\/","name":"Por unanimidade, Conselho de \u00c9tica arquiva processo contra Chico Alencar - PSOL 50","isPartOf":{"@id":"https:\/\/psol50.org.br\/#website"},"primaryImageOfPage":{"@id":"https:\/\/psol50.org.br\/por-unanimidade-conselho-de-etica-arquiva-processo-contra-chico-alencar\/#primaryimage"},"image":{"@id":"https:\/\/psol50.org.br\/por-unanimidade-conselho-de-etica-arquiva-processo-contra-chico-alencar\/#primaryimage"},"thumbnailUrl":"https:\/\/psol50.org.br\/inc\/uploads\/2015\/12\/Chico-Conselho-de-e\u0301tica-arquiva-processo-contra-ele.jpg","datePublished":"2015-12-10T01:45:40+00:00","breadcrumb":{"@id":"https:\/\/psol50.org.br\/por-unanimidade-conselho-de-etica-arquiva-processo-contra-chico-alencar\/#breadcrumb"},"inLanguage":"pt-BR","potentialAction":[{"@type":"ReadAction","target":["https:\/\/psol50.org.br\/por-unanimidade-conselho-de-etica-arquiva-processo-contra-chico-alencar\/"]}]},{"@type":"ImageObject","inLanguage":"pt-BR","@id":"https:\/\/psol50.org.br\/por-unanimidade-conselho-de-etica-arquiva-processo-contra-chico-alencar\/#primaryimage","url":"https:\/\/psol50.org.br\/inc\/uploads\/2015\/12\/Chico-Conselho-de-e\u0301tica-arquiva-processo-contra-ele.jpg","contentUrl":"https:\/\/psol50.org.br\/inc\/uploads\/2015\/12\/Chico-Conselho-de-e\u0301tica-arquiva-processo-contra-ele.jpg","width":672,"height":440},{"@type":"BreadcrumbList","@id":"https:\/\/psol50.org.br\/por-unanimidade-conselho-de-etica-arquiva-processo-contra-chico-alencar\/#breadcrumb","itemListElement":[{"@type":"ListItem","position":1,"name":"In\u00edcio","item":"https:\/\/psol50.org.br\/"},{"@type":"ListItem","position":2,"name":"Por unanimidade, Conselho de \u00c9tica arquiva processo contra Chico Alencar"}]},{"@type":"WebSite","@id":"https:\/\/psol50.org.br\/#website","url":"https:\/\/psol50.org.br\/","name":"PSOL 50","description":"Site oficial do Partido Socialismo e Liberdade","publisher":{"@id":"https:\/\/psol50.org.br\/#organization"},"alternateName":"PSOL50","potentialAction":[{"@type":"SearchAction","target":{"@type":"EntryPoint","urlTemplate":"https:\/\/psol50.org.br\/?s={search_term_string}"},"query-input":{"@type":"PropertyValueSpecification","valueRequired":true,"valueName":"search_term_string"}}],"inLanguage":"pt-BR"},{"@type":"Organization","@id":"https:\/\/psol50.org.br\/#organization","name":"PSOL 50","alternateName":"PSOL 50","url":"https:\/\/psol50.org.br\/","logo":{"@type":"ImageObject","inLanguage":"pt-BR","@id":"https:\/\/psol50.org.br\/#\/schema\/logo\/image\/","url":"https:\/\/psol50.org.br\/inc\/uploads\/2018\/07\/capa.png","contentUrl":"https:\/\/psol50.org.br\/inc\/uploads\/2018\/07\/capa.png","width":1350,"height":900,"caption":"PSOL 50"},"image":{"@id":"https:\/\/psol50.org.br\/#\/schema\/logo\/image\/"},"sameAs":["https:\/\/www.facebook.com\/psol50","https:\/\/x.com\/psol50","https:\/\/www.instagram.com\/psol50\/","https:\/\/www.youtube.com\/channel\/UC7SnJS5o1os7a6CaiNabzcg"]},{"@type":"Person","@id":"https:\/\/psol50.org.br\/#\/schema\/person\/475dfa57d0b815993c714c2e96491fcd","name":"Comunica\u00e7\u00e3o PSOL","image":{"@type":"ImageObject","inLanguage":"pt-BR","@id":"https:\/\/psol50.org.br\/#\/schema\/person\/image\/","url":"https:\/\/secure.gravatar.com\/avatar\/b34fc4f4e468a4e51785917065a3db57b841f5c95dba6ad8c73aaf8f66f8f9bf?s=96&d=mm&r=g","contentUrl":"https:\/\/secure.gravatar.com\/avatar\/b34fc4f4e468a4e51785917065a3db57b841f5c95dba6ad8c73aaf8f66f8f9bf?s=96&d=mm&r=g","caption":"Comunica\u00e7\u00e3o PSOL"}}]}},"_links":{"self":[{"href":"https:\/\/psol50.org.br\/rest\/wp\/v2\/posts\/10886","targetHints":{"allow":["GET"]}}],"collection":[{"href":"https:\/\/psol50.org.br\/rest\/wp\/v2\/posts"}],"about":[{"href":"https:\/\/psol50.org.br\/rest\/wp\/v2\/types\/post"}],"author":[{"embeddable":true,"href":"https:\/\/psol50.org.br\/rest\/wp\/v2\/users\/2"}],"replies":[{"embeddable":true,"href":"https:\/\/psol50.org.br\/rest\/wp\/v2\/comments?post=10886"}],"version-history":[{"count":0,"href":"https:\/\/psol50.org.br\/rest\/wp\/v2\/posts\/10886\/revisions"}],"wp:featuredmedia":[{"embeddable":true,"href":"https:\/\/psol50.org.br\/rest\/wp\/v2\/media\/10807"}],"wp:attachment":[{"href":"https:\/\/psol50.org.br\/rest\/wp\/v2\/media?parent=10886"}],"wp:term":[{"taxonomy":"category","embeddable":true,"href":"https:\/\/psol50.org.br\/rest\/wp\/v2\/categories?post=10886"},{"taxonomy":"post_tag","embeddable":true,"href":"https:\/\/psol50.org.br\/rest\/wp\/v2\/tags?post=10886"}],"curies":[{"name":"wp","href":"https:\/\/api.w.org\/{rel}","templated":true}]}}