{"id":10888,"date":"2015-12-10T00:48:23","date_gmt":"2015-12-10T00:48:23","guid":{"rendered":"http:\/\/www.psol50.org.br\/?p=10888"},"modified":"2015-12-10T00:48:23","modified_gmt":"2015-12-10T00:48:23","slug":"psol-propoe-audiencia-publica-para-discutir-reorganizacao-escolar-do-governo-alckmin","status":"publish","type":"post","link":"https:\/\/psol50.org.br\/psol-propoe-audiencia-publica-para-discutir-reorganizacao-escolar-do-governo-alckmin\/","title":{"rendered":"PSOL prop\u00f5e audi\u00eancia p\u00fablica para discutir reorganiza\u00e7\u00e3o escolar do governo Alckmin"},"content":{"rendered":"<p><em>Debate objetiva tamb\u00e9m fazer um balan\u00e7o pol\u00edtico do movimento de ocupa\u00e7\u00e3o das escolas em S\u00e3o Paulo<\/em><br \/>\nOs deputados Ivan Valente (SP) e Glauber Braga (RJ) apresentaram, na Comiss\u00e3o de Educa\u00e7\u00e3o (CE) da C\u00e2mara, requerimento para a realiza\u00e7\u00e3o de uma audi\u00eancia p\u00fablica para debater o projeto de reorganiza\u00e7\u00e3o do ensino paulista proposto pelo Governo do Estado de S\u00e3o Paulo.<br \/>\nO requerimento, apresentado antes da revoga\u00e7\u00e3o da medida pelo Governo Alckmin, foi debatido nesta quarta-feira (09\/12) e prop\u00f5e que sejam convidados para a audi\u00eancia representantes do governo do estado de S\u00e3o Paulo, dos estudantes e dos professores que participaram do movimento de escolas ocupadas.<br \/>\nPara Ivan Valente, mesmo com a revoga\u00e7\u00e3o da medida, a realiza\u00e7\u00e3o da audi\u00eancia \u00e9 um espa\u00e7o importante para debater a proposta do governo, bem como fazer um balan\u00e7o dos acontecimentos. Ivan ressaltou a import\u00e2ncia do movimento que aconteceu em diversas cidades paulistas e destacou que, al\u00e9m do erro de querer reorganizar as escolas sem consular a comunidade escolar, o Governo Alckmin ultrapassou todos os limites ao mandar a pol\u00edcia militar para reprimir os estudantes.<br \/>\n&#8220;Foram mais de 200 escolas ocupadas. O movimento de juventude mais ativo, mais criativo e com maior impacto social dos \u00faltimos tempos, que surgiu de forma espont\u00e2nea, a partir da reivindica\u00e7\u00e3o leg\u00edtima de alunos, pais e educadores que exigiam di\u00e1logo e debate sobre um projeto que os atingiria diretamente. Eu visitei v\u00e1rias escolas e o movimento teve o apoio de mais de 60% da popula\u00e7\u00e3o, al\u00e9m disso, o pr\u00f3prio Tribunal de Justi\u00e7a negou, por unanimidade, o pedido de reintegra\u00e7\u00e3o de posse das escolas. Diante de tanto desgaste o governo teve que recuar, mas ainda n\u00e3o acabou&#8221;.<br \/>\nFonte: <em>Mandato deputado Ivan Valente<\/em><\/p>\n","protected":false},"excerpt":{"rendered":"<p>Debate objetiva tamb\u00e9m fazer um balan\u00e7o pol\u00edtico do movimento de ocupa\u00e7\u00e3o das escolas em S\u00e3o Paulo Os deputados Ivan Valente (SP) e Glauber Braga (RJ) apresentaram, na Comiss\u00e3o de Educa\u00e7\u00e3o (CE) da C\u00e2mara, requerimento para a realiza\u00e7\u00e3o de uma audi\u00eancia p\u00fablica para debater o projeto de reorganiza\u00e7\u00e3o do ensino paulista proposto pelo Governo do Estado [&hellip;]<\/p>\n","protected":false},"author":2,"featured_media":10833,"comment_status":"open","ping_status":"open","sticky":false,"template":"","format":"standard","meta":{"_acf_changed":false,"footnotes":""},"categories":[10,2208,6],"tags":[164,2777,1191,552,3906],"class_list":{"0":"post-10888","1":"post","2":"type-post","3":"status-publish","4":"format-standard","5":"has-post-thumbnail","7":"category-acao-parlamentares","8":"category-educacao","9":"category-noticias","10":"tag-educacao","11":"tag-geraldo-alckmin","12":"tag-glauber-braga","13":"tag-ivan-valente","14":"tag-reorganizacao-escolar"},"acf":[],"yoast_head":"<!-- This site is optimized with the Yoast SEO plugin v26.5 - https:\/\/yoast.com\/wordpress\/plugins\/seo\/ -->\n<title>PSOL prop\u00f5e audi\u00eancia p\u00fablica para discutir reorganiza\u00e7\u00e3o escolar do governo Alckmin - PSOL 50<\/title>\n<meta name=\"robots\" content=\"index, follow, max-snippet:-1, max-image-preview:large, max-video-preview:-1\" \/>\n<link rel=\"canonical\" href=\"https:\/\/psol50.org.br\/psol-propoe-audiencia-publica-para-discutir-reorganizacao-escolar-do-governo-alckmin\/\" \/>\n<meta property=\"og:locale\" content=\"pt_BR\" \/>\n<meta property=\"og:type\" content=\"article\" \/>\n<meta property=\"og:title\" content=\"PSOL prop\u00f5e audi\u00eancia p\u00fablica para discutir reorganiza\u00e7\u00e3o escolar do governo Alckmin - PSOL 50\" \/>\n<meta property=\"og:description\" content=\"Debate objetiva tamb\u00e9m fazer um balan\u00e7o pol\u00edtico do movimento de ocupa\u00e7\u00e3o das escolas em S\u00e3o Paulo Os deputados Ivan Valente (SP) e Glauber Braga (RJ) apresentaram, na Comiss\u00e3o de Educa\u00e7\u00e3o (CE) da C\u00e2mara, requerimento para a realiza\u00e7\u00e3o de uma audi\u00eancia p\u00fablica para debater o projeto de reorganiza\u00e7\u00e3o do ensino paulista proposto pelo Governo do Estado [&hellip;]\" \/>\n<meta property=\"og:url\" content=\"https:\/\/psol50.org.br\/psol-propoe-audiencia-publica-para-discutir-reorganizacao-escolar-do-governo-alckmin\/\" \/>\n<meta property=\"og:site_name\" content=\"PSOL 50\" \/>\n<meta property=\"article:publisher\" content=\"https:\/\/www.facebook.com\/psol50\" \/>\n<meta property=\"article:published_time\" content=\"2015-12-10T00:48:23+00:00\" \/>\n<meta property=\"og:image\" content=\"https:\/\/psol50.org.br\/inc\/uploads\/2015\/12\/Ocupac\u0327a\u0303o-escola-em-SP-Rovena-Rosa-EBC.jpg\" \/>\n\t<meta property=\"og:image:width\" content=\"580\" \/>\n\t<meta property=\"og:image:height\" content=\"388\" \/>\n\t<meta property=\"og:image:type\" content=\"image\/jpeg\" \/>\n<meta name=\"author\" content=\"Comunica\u00e7\u00e3o PSOL\" \/>\n<meta name=\"twitter:card\" content=\"summary_large_image\" \/>\n<meta name=\"twitter:creator\" content=\"@psol50\" \/>\n<meta name=\"twitter:site\" content=\"@psol50\" \/>\n<meta name=\"twitter:label1\" content=\"Escrito por\" \/>\n\t<meta name=\"twitter:data1\" content=\"Comunica\u00e7\u00e3o PSOL\" \/>\n\t<meta name=\"twitter:label2\" content=\"Est. tempo de leitura\" \/>\n\t<meta name=\"twitter:data2\" content=\"2 minutos\" \/>\n<script type=\"application\/ld+json\" class=\"yoast-schema-graph\">{\"@context\":\"https:\/\/schema.org\",\"@graph\":[{\"@type\":\"Article\",\"@id\":\"https:\/\/psol50.org.br\/psol-propoe-audiencia-publica-para-discutir-reorganizacao-escolar-do-governo-alckmin\/#article\",\"isPartOf\":{\"@id\":\"https:\/\/psol50.org.br\/psol-propoe-audiencia-publica-para-discutir-reorganizacao-escolar-do-governo-alckmin\/\"},\"author\":{\"name\":\"Comunica\u00e7\u00e3o PSOL\",\"@id\":\"https:\/\/psol50.org.br\/#\/schema\/person\/475dfa57d0b815993c714c2e96491fcd\"},\"headline\":\"PSOL prop\u00f5e audi\u00eancia p\u00fablica para discutir reorganiza\u00e7\u00e3o escolar do governo Alckmin\",\"datePublished\":\"2015-12-10T00:48:23+00:00\",\"mainEntityOfPage\":{\"@id\":\"https:\/\/psol50.org.br\/psol-propoe-audiencia-publica-para-discutir-reorganizacao-escolar-do-governo-alckmin\/\"},\"wordCount\":324,\"commentCount\":0,\"publisher\":{\"@id\":\"https:\/\/psol50.org.br\/#organization\"},\"image\":{\"@id\":\"https:\/\/psol50.org.br\/psol-propoe-audiencia-publica-para-discutir-reorganizacao-escolar-do-governo-alckmin\/#primaryimage\"},\"thumbnailUrl\":\"https:\/\/psol50.org.br\/inc\/uploads\/2015\/12\/Ocupac\u0327a\u0303o-escola-em-SP-Rovena-Rosa-EBC.jpg\",\"keywords\":[\"Educa\u00e7\u00e3o\",\"Geraldo Alckmin\",\"Glauber Braga\",\"Ivan Valente\",\"reorganiza\u00e7\u00e3o escolar\"],\"articleSection\":[\"A\u00e7\u00e3o Parlamentar\",\"Educa\u00e7\u00e3o\",\"Not\u00edcias\"],\"inLanguage\":\"pt-BR\",\"potentialAction\":[{\"@type\":\"CommentAction\",\"name\":\"Comment\",\"target\":[\"https:\/\/psol50.org.br\/psol-propoe-audiencia-publica-para-discutir-reorganizacao-escolar-do-governo-alckmin\/#respond\"]}]},{\"@type\":\"WebPage\",\"@id\":\"https:\/\/psol50.org.br\/psol-propoe-audiencia-publica-para-discutir-reorganizacao-escolar-do-governo-alckmin\/\",\"url\":\"https:\/\/psol50.org.br\/psol-propoe-audiencia-publica-para-discutir-reorganizacao-escolar-do-governo-alckmin\/\",\"name\":\"PSOL prop\u00f5e audi\u00eancia p\u00fablica para discutir reorganiza\u00e7\u00e3o escolar do governo Alckmin - PSOL 50\",\"isPartOf\":{\"@id\":\"https:\/\/psol50.org.br\/#website\"},\"primaryImageOfPage\":{\"@id\":\"https:\/\/psol50.org.br\/psol-propoe-audiencia-publica-para-discutir-reorganizacao-escolar-do-governo-alckmin\/#primaryimage\"},\"image\":{\"@id\":\"https:\/\/psol50.org.br\/psol-propoe-audiencia-publica-para-discutir-reorganizacao-escolar-do-governo-alckmin\/#primaryimage\"},\"thumbnailUrl\":\"https:\/\/psol50.org.br\/inc\/uploads\/2015\/12\/Ocupac\u0327a\u0303o-escola-em-SP-Rovena-Rosa-EBC.jpg\",\"datePublished\":\"2015-12-10T00:48:23+00:00\",\"breadcrumb\":{\"@id\":\"https:\/\/psol50.org.br\/psol-propoe-audiencia-publica-para-discutir-reorganizacao-escolar-do-governo-alckmin\/#breadcrumb\"},\"inLanguage\":\"pt-BR\",\"potentialAction\":[{\"@type\":\"ReadAction\",\"target\":[\"https:\/\/psol50.org.br\/psol-propoe-audiencia-publica-para-discutir-reorganizacao-escolar-do-governo-alckmin\/\"]}]},{\"@type\":\"ImageObject\",\"inLanguage\":\"pt-BR\",\"@id\":\"https:\/\/psol50.org.br\/psol-propoe-audiencia-publica-para-discutir-reorganizacao-escolar-do-governo-alckmin\/#primaryimage\",\"url\":\"https:\/\/psol50.org.br\/inc\/uploads\/2015\/12\/Ocupac\u0327a\u0303o-escola-em-SP-Rovena-Rosa-EBC.jpg\",\"contentUrl\":\"https:\/\/psol50.org.br\/inc\/uploads\/2015\/12\/Ocupac\u0327a\u0303o-escola-em-SP-Rovena-Rosa-EBC.jpg\",\"width\":580,\"height\":388},{\"@type\":\"BreadcrumbList\",\"@id\":\"https:\/\/psol50.org.br\/psol-propoe-audiencia-publica-para-discutir-reorganizacao-escolar-do-governo-alckmin\/#breadcrumb\",\"itemListElement\":[{\"@type\":\"ListItem\",\"position\":1,\"name\":\"In\u00edcio\",\"item\":\"https:\/\/psol50.org.br\/\"},{\"@type\":\"ListItem\",\"position\":2,\"name\":\"PSOL prop\u00f5e audi\u00eancia p\u00fablica para discutir reorganiza\u00e7\u00e3o escolar do governo Alckmin\"}]},{\"@type\":\"WebSite\",\"@id\":\"https:\/\/psol50.org.br\/#website\",\"url\":\"https:\/\/psol50.org.br\/\",\"name\":\"PSOL 50\",\"description\":\"Site oficial do Partido Socialismo e Liberdade\",\"publisher\":{\"@id\":\"https:\/\/psol50.org.br\/#organization\"},\"alternateName\":\"PSOL50\",\"potentialAction\":[{\"@type\":\"SearchAction\",\"target\":{\"@type\":\"EntryPoint\",\"urlTemplate\":\"https:\/\/psol50.org.br\/?s={search_term_string}\"},\"query-input\":{\"@type\":\"PropertyValueSpecification\",\"valueRequired\":true,\"valueName\":\"search_term_string\"}}],\"inLanguage\":\"pt-BR\"},{\"@type\":\"Organization\",\"@id\":\"https:\/\/psol50.org.br\/#organization\",\"name\":\"PSOL 50\",\"alternateName\":\"PSOL 50\",\"url\":\"https:\/\/psol50.org.br\/\",\"logo\":{\"@type\":\"ImageObject\",\"inLanguage\":\"pt-BR\",\"@id\":\"https:\/\/psol50.org.br\/#\/schema\/logo\/image\/\",\"url\":\"https:\/\/psol50.org.br\/inc\/uploads\/2018\/07\/capa.png\",\"contentUrl\":\"https:\/\/psol50.org.br\/inc\/uploads\/2018\/07\/capa.png\",\"width\":1350,\"height\":900,\"caption\":\"PSOL 50\"},\"image\":{\"@id\":\"https:\/\/psol50.org.br\/#\/schema\/logo\/image\/\"},\"sameAs\":[\"https:\/\/www.facebook.com\/psol50\",\"https:\/\/x.com\/psol50\",\"https:\/\/www.instagram.com\/psol50\/\",\"https:\/\/www.youtube.com\/channel\/UC7SnJS5o1os7a6CaiNabzcg\"]},{\"@type\":\"Person\",\"@id\":\"https:\/\/psol50.org.br\/#\/schema\/person\/475dfa57d0b815993c714c2e96491fcd\",\"name\":\"Comunica\u00e7\u00e3o PSOL\",\"image\":{\"@type\":\"ImageObject\",\"inLanguage\":\"pt-BR\",\"@id\":\"https:\/\/psol50.org.br\/#\/schema\/person\/image\/\",\"url\":\"https:\/\/secure.gravatar.com\/avatar\/b34fc4f4e468a4e51785917065a3db57b841f5c95dba6ad8c73aaf8f66f8f9bf?s=96&d=mm&r=g\",\"contentUrl\":\"https:\/\/secure.gravatar.com\/avatar\/b34fc4f4e468a4e51785917065a3db57b841f5c95dba6ad8c73aaf8f66f8f9bf?s=96&d=mm&r=g\",\"caption\":\"Comunica\u00e7\u00e3o PSOL\"}}]}<\/script>\n<!-- \/ Yoast SEO plugin. -->","yoast_head_json":{"title":"PSOL prop\u00f5e audi\u00eancia p\u00fablica para discutir reorganiza\u00e7\u00e3o escolar do governo Alckmin - PSOL 50","robots":{"index":"index","follow":"follow","max-snippet":"max-snippet:-1","max-image-preview":"max-image-preview:large","max-video-preview":"max-video-preview:-1"},"canonical":"https:\/\/psol50.org.br\/psol-propoe-audiencia-publica-para-discutir-reorganizacao-escolar-do-governo-alckmin\/","og_locale":"pt_BR","og_type":"article","og_title":"PSOL prop\u00f5e audi\u00eancia p\u00fablica para discutir reorganiza\u00e7\u00e3o escolar do governo Alckmin - PSOL 50","og_description":"Debate objetiva tamb\u00e9m fazer um balan\u00e7o pol\u00edtico do movimento de ocupa\u00e7\u00e3o das escolas em S\u00e3o Paulo Os deputados Ivan Valente (SP) e Glauber Braga (RJ) apresentaram, na Comiss\u00e3o de Educa\u00e7\u00e3o (CE) da C\u00e2mara, requerimento para a realiza\u00e7\u00e3o de uma audi\u00eancia p\u00fablica para debater o projeto de reorganiza\u00e7\u00e3o do ensino paulista proposto pelo Governo do Estado [&hellip;]","og_url":"https:\/\/psol50.org.br\/psol-propoe-audiencia-publica-para-discutir-reorganizacao-escolar-do-governo-alckmin\/","og_site_name":"PSOL 50","article_publisher":"https:\/\/www.facebook.com\/psol50","article_published_time":"2015-12-10T00:48:23+00:00","og_image":[{"width":580,"height":388,"url":"https:\/\/psol50.org.br\/inc\/uploads\/2015\/12\/Ocupac\u0327a\u0303o-escola-em-SP-Rovena-Rosa-EBC.jpg","type":"image\/jpeg"}],"author":"Comunica\u00e7\u00e3o PSOL","twitter_card":"summary_large_image","twitter_creator":"@psol50","twitter_site":"@psol50","twitter_misc":{"Escrito por":"Comunica\u00e7\u00e3o PSOL","Est. tempo de leitura":"2 minutos"},"schema":{"@context":"https:\/\/schema.org","@graph":[{"@type":"Article","@id":"https:\/\/psol50.org.br\/psol-propoe-audiencia-publica-para-discutir-reorganizacao-escolar-do-governo-alckmin\/#article","isPartOf":{"@id":"https:\/\/psol50.org.br\/psol-propoe-audiencia-publica-para-discutir-reorganizacao-escolar-do-governo-alckmin\/"},"author":{"name":"Comunica\u00e7\u00e3o PSOL","@id":"https:\/\/psol50.org.br\/#\/schema\/person\/475dfa57d0b815993c714c2e96491fcd"},"headline":"PSOL prop\u00f5e audi\u00eancia p\u00fablica para discutir reorganiza\u00e7\u00e3o escolar do governo Alckmin","datePublished":"2015-12-10T00:48:23+00:00","mainEntityOfPage":{"@id":"https:\/\/psol50.org.br\/psol-propoe-audiencia-publica-para-discutir-reorganizacao-escolar-do-governo-alckmin\/"},"wordCount":324,"commentCount":0,"publisher":{"@id":"https:\/\/psol50.org.br\/#organization"},"image":{"@id":"https:\/\/psol50.org.br\/psol-propoe-audiencia-publica-para-discutir-reorganizacao-escolar-do-governo-alckmin\/#primaryimage"},"thumbnailUrl":"https:\/\/psol50.org.br\/inc\/uploads\/2015\/12\/Ocupac\u0327a\u0303o-escola-em-SP-Rovena-Rosa-EBC.jpg","keywords":["Educa\u00e7\u00e3o","Geraldo Alckmin","Glauber Braga","Ivan Valente","reorganiza\u00e7\u00e3o escolar"],"articleSection":["A\u00e7\u00e3o Parlamentar","Educa\u00e7\u00e3o","Not\u00edcias"],"inLanguage":"pt-BR","potentialAction":[{"@type":"CommentAction","name":"Comment","target":["https:\/\/psol50.org.br\/psol-propoe-audiencia-publica-para-discutir-reorganizacao-escolar-do-governo-alckmin\/#respond"]}]},{"@type":"WebPage","@id":"https:\/\/psol50.org.br\/psol-propoe-audiencia-publica-para-discutir-reorganizacao-escolar-do-governo-alckmin\/","url":"https:\/\/psol50.org.br\/psol-propoe-audiencia-publica-para-discutir-reorganizacao-escolar-do-governo-alckmin\/","name":"PSOL prop\u00f5e audi\u00eancia p\u00fablica para discutir reorganiza\u00e7\u00e3o escolar do governo Alckmin - PSOL 50","isPartOf":{"@id":"https:\/\/psol50.org.br\/#website"},"primaryImageOfPage":{"@id":"https:\/\/psol50.org.br\/psol-propoe-audiencia-publica-para-discutir-reorganizacao-escolar-do-governo-alckmin\/#primaryimage"},"image":{"@id":"https:\/\/psol50.org.br\/psol-propoe-audiencia-publica-para-discutir-reorganizacao-escolar-do-governo-alckmin\/#primaryimage"},"thumbnailUrl":"https:\/\/psol50.org.br\/inc\/uploads\/2015\/12\/Ocupac\u0327a\u0303o-escola-em-SP-Rovena-Rosa-EBC.jpg","datePublished":"2015-12-10T00:48:23+00:00","breadcrumb":{"@id":"https:\/\/psol50.org.br\/psol-propoe-audiencia-publica-para-discutir-reorganizacao-escolar-do-governo-alckmin\/#breadcrumb"},"inLanguage":"pt-BR","potentialAction":[{"@type":"ReadAction","target":["https:\/\/psol50.org.br\/psol-propoe-audiencia-publica-para-discutir-reorganizacao-escolar-do-governo-alckmin\/"]}]},{"@type":"ImageObject","inLanguage":"pt-BR","@id":"https:\/\/psol50.org.br\/psol-propoe-audiencia-publica-para-discutir-reorganizacao-escolar-do-governo-alckmin\/#primaryimage","url":"https:\/\/psol50.org.br\/inc\/uploads\/2015\/12\/Ocupac\u0327a\u0303o-escola-em-SP-Rovena-Rosa-EBC.jpg","contentUrl":"https:\/\/psol50.org.br\/inc\/uploads\/2015\/12\/Ocupac\u0327a\u0303o-escola-em-SP-Rovena-Rosa-EBC.jpg","width":580,"height":388},{"@type":"BreadcrumbList","@id":"https:\/\/psol50.org.br\/psol-propoe-audiencia-publica-para-discutir-reorganizacao-escolar-do-governo-alckmin\/#breadcrumb","itemListElement":[{"@type":"ListItem","position":1,"name":"In\u00edcio","item":"https:\/\/psol50.org.br\/"},{"@type":"ListItem","position":2,"name":"PSOL prop\u00f5e audi\u00eancia p\u00fablica para discutir reorganiza\u00e7\u00e3o escolar do governo Alckmin"}]},{"@type":"WebSite","@id":"https:\/\/psol50.org.br\/#website","url":"https:\/\/psol50.org.br\/","name":"PSOL 50","description":"Site oficial do Partido Socialismo e Liberdade","publisher":{"@id":"https:\/\/psol50.org.br\/#organization"},"alternateName":"PSOL50","potentialAction":[{"@type":"SearchAction","target":{"@type":"EntryPoint","urlTemplate":"https:\/\/psol50.org.br\/?s={search_term_string}"},"query-input":{"@type":"PropertyValueSpecification","valueRequired":true,"valueName":"search_term_string"}}],"inLanguage":"pt-BR"},{"@type":"Organization","@id":"https:\/\/psol50.org.br\/#organization","name":"PSOL 50","alternateName":"PSOL 50","url":"https:\/\/psol50.org.br\/","logo":{"@type":"ImageObject","inLanguage":"pt-BR","@id":"https:\/\/psol50.org.br\/#\/schema\/logo\/image\/","url":"https:\/\/psol50.org.br\/inc\/uploads\/2018\/07\/capa.png","contentUrl":"https:\/\/psol50.org.br\/inc\/uploads\/2018\/07\/capa.png","width":1350,"height":900,"caption":"PSOL 50"},"image":{"@id":"https:\/\/psol50.org.br\/#\/schema\/logo\/image\/"},"sameAs":["https:\/\/www.facebook.com\/psol50","https:\/\/x.com\/psol50","https:\/\/www.instagram.com\/psol50\/","https:\/\/www.youtube.com\/channel\/UC7SnJS5o1os7a6CaiNabzcg"]},{"@type":"Person","@id":"https:\/\/psol50.org.br\/#\/schema\/person\/475dfa57d0b815993c714c2e96491fcd","name":"Comunica\u00e7\u00e3o PSOL","image":{"@type":"ImageObject","inLanguage":"pt-BR","@id":"https:\/\/psol50.org.br\/#\/schema\/person\/image\/","url":"https:\/\/secure.gravatar.com\/avatar\/b34fc4f4e468a4e51785917065a3db57b841f5c95dba6ad8c73aaf8f66f8f9bf?s=96&d=mm&r=g","contentUrl":"https:\/\/secure.gravatar.com\/avatar\/b34fc4f4e468a4e51785917065a3db57b841f5c95dba6ad8c73aaf8f66f8f9bf?s=96&d=mm&r=g","caption":"Comunica\u00e7\u00e3o PSOL"}}]}},"_links":{"self":[{"href":"https:\/\/psol50.org.br\/rest\/wp\/v2\/posts\/10888","targetHints":{"allow":["GET"]}}],"collection":[{"href":"https:\/\/psol50.org.br\/rest\/wp\/v2\/posts"}],"about":[{"href":"https:\/\/psol50.org.br\/rest\/wp\/v2\/types\/post"}],"author":[{"embeddable":true,"href":"https:\/\/psol50.org.br\/rest\/wp\/v2\/users\/2"}],"replies":[{"embeddable":true,"href":"https:\/\/psol50.org.br\/rest\/wp\/v2\/comments?post=10888"}],"version-history":[{"count":0,"href":"https:\/\/psol50.org.br\/rest\/wp\/v2\/posts\/10888\/revisions"}],"wp:featuredmedia":[{"embeddable":true,"href":"https:\/\/psol50.org.br\/rest\/wp\/v2\/media\/10833"}],"wp:attachment":[{"href":"https:\/\/psol50.org.br\/rest\/wp\/v2\/media?parent=10888"}],"wp:term":[{"taxonomy":"category","embeddable":true,"href":"https:\/\/psol50.org.br\/rest\/wp\/v2\/categories?post=10888"},{"taxonomy":"post_tag","embeddable":true,"href":"https:\/\/psol50.org.br\/rest\/wp\/v2\/tags?post=10888"}],"curies":[{"name":"wp","href":"https:\/\/api.w.org\/{rel}","templated":true}]}}