{"id":10914,"date":"2012-08-18T00:00:00","date_gmt":"2012-08-18T00:00:00","guid":{"rendered":"http:\/\/psol50.org.br\/arquivo\/2012\/08\/18\/movimentos-sociais-do-campo-realizam-encontro-unitario-em-brasilia\/"},"modified":"2012-08-18T00:00:00","modified_gmt":"2012-08-18T00:00:00","slug":"movimentos-sociais-do-campo-realizam-encontro-unitario-em-brasilia","status":"publish","type":"post","link":"https:\/\/psol50.org.br\/movimentos-sociais-do-campo-realizam-encontro-unitario-em-brasilia\/","title":{"rendered":"Movimentos sociais do campo realizam encontro unit\u00e1rio em Bras\u00edlia"},"content":{"rendered":"<p>Nos dias 20 a 22 de agosto organiza\u00e7\u00f5es sociais do campo realizam Encontro Nacional Unit\u00e1rio dos Trabalhadores (as), Povos do Campo, da \u00c1guas e das Florestas, no Parque da cidade em Bras\u00edlia. Mais de 5 mil delegados de todo o Brasil participar\u00e3o do encontro que relembra o primeiro Congresso Campon\u00eas, realizado em 1961.<\/p>\n<div><\/div>\n<div>Confira as informa\u00e7\u00f5es no blog\u00a0<a href=\"http:\/\/encontrounitario.wordpress.com\/\">encontrounitario.wordpress.com\u00a0<\/a><\/div>\n<div><\/div>\n<div>O encontro inicia um conjunto de mobiliza\u00e7\u00f5es articuladas dos movimentos do campo, como Via Campesina, o Movimento Campon\u00eas Popular (MCP), A C\u00e1ritas Brasileira, a Confedera\u00e7\u00e3o Nacional dos Trabalhadores na Agricultura (Contag), a Federa\u00e7\u00e3o dos Trabalhadores na Agricultura Familiar (Fetraf), Coordena\u00e7\u00e3o Nacional de Articula\u00e7\u00e3o das Comunidades Negras Rurais Quilombolas (Conaq), al\u00e9m movimentos ind\u00edgenas e de pescadores.<\/div>\n<div><\/div>\n<div>O intuito \u00e9 afirmar a luta dos povos e grupos sociais reunidos no encontro pelo direito \u00e0 terra e iniciar um processo de unidade dos respectivos movimentos para o pr\u00f3ximo per\u00edodo.<\/div>\n<div><\/div>\n<div>\u201cA defesa da constru\u00e7\u00e3o do encontro unit\u00e1rio perpassa por um denominador comum, o agroneg\u00f3cio. Esse \u00e9 um modelo excludente que promove n\u00e3o somente a degrada\u00e7\u00e3o do meio ambiente, como n\u00e3o respeita as rela\u00e7\u00f5es de trabalho familiar. Essa faceta de que o agroneg\u00f3cio produz alimento n\u00e3o \u00e9 verdade, 70% do alimento consumido no pa\u00eds v\u00eam da agricultura familiar. O resultado do agroneg\u00f3cio \u00e9 a degrada\u00e7\u00e3o produtiva e econ\u00f4mica\u201d, afirma Willian Clementino, secret\u00e1rio de pol\u00edticas agr\u00e1rias da Contag.<\/div>\n<div><\/div>\n<div>De acordo Alexandre Concei\u00e7\u00e3o, da Coordena\u00e7\u00e3o Nacional do MST e Via Campesina, a realiza\u00e7\u00e3o do encontro unit\u00e1rio permite o debate da atual conjuntura agr\u00e1ria no Brasil e a partir disso desenvolver a\u00e7\u00f5es estrat\u00e9gicas conjuntas com outros movimentos para se enfrentar o Capital.<\/div>\n<div><\/div>\n<div>\u201cA Reforma Agr\u00e1ria segue sendo ignorada pelo governo. Enquanto as empresas transnacionais avan\u00e7am na agricultura brasileira, sem limites de regras democr\u00e1ticas. As lutas e mobiliza\u00e7\u00f5es dos movimentos sociais do campo devem ser maiores e de forma unificada para pressionar o Estado brasileiro em uma maior dimens\u00e3o, e garantir o desenvolvimento de pol\u00edticas publicas agr\u00e1rias para o campo\u201d, comenta Concei\u00e7\u00e3o.<\/div>\n<div><\/div>\n<div>O encontro retrata a unifica\u00e7\u00e3o das distintas organiza\u00e7\u00f5es sociais, \u00e9tnicas e agr\u00e1rias do Brasil. Povos ind\u00edgenas, comunidades tradicionais, assentados e acampados de reforma agr\u00e1ria, agricultores familiares, camponeses contempor\u00e2neos, extrativistas, povos da floresta, pescadores artesanais, quilombolas e ainda trabalhadores assalariados se encontrar\u00e3o em uma perspectiva de defesa da soberania popular.<\/div>\n<div><\/div>\n<div>Coordenador Nacional da Conaq, Denildo Rodrigues, ressalta que a unifica\u00e7\u00e3o das organiza\u00e7\u00f5es sociais que comp\u00f5em o campo brasileiro \u00e9 um momento hist\u00f3rico para garantia da defesa dos direitos dos povos ind\u00edgenas e quilombola.<\/div>\n<div><\/div>\n<div>\u201cTrata-se da quest\u00e3o do campo brasileiro unido em uma proposta vinda de v\u00e1rias organiza\u00e7\u00f5es sociais que antes lutavam para conquistar direitos, e que hoje lutam para defender os direitos conquistados. O Estado brasileiro adentra nas comunidades com as for\u00e7as armadas violando esses direitos\u201d, disse Denildo.<\/div>\n<div><\/div>\n<div>\u00c9 nessa conjuntura de amea\u00e7as concretas contra a vida e contra a terra que o campesinato brasileiro tem a necessidade de compreender na pr\u00e1tica o processo de luta nacional articulado do movimentos sociais e povos do campo.<\/div>\n<div><\/div>\n<div>&#8220;N\u00f3s estamos vivenciando uma conjuntura h\u00f3stil, principalmente para a Reforma Agr\u00e1ria. Desde o governo Lula criou-se o discurso de que a solu\u00e7\u00e3o para a agricultura familiar e camponesa era sua uni\u00e3o com as grandes empresas transnacionais. Com a unidade dos movimentos do campo, das \u00e1guas e das florestas, estamos dando um passo para quebrar a l\u00f3gica de que a Reforma Agr\u00e1ria no Brasil nao \u00e9 necess\u00e1ria&#8221;, enfatiza Francisco lucena, da coordena\u00e7\u00e3o nacional da Fetraf.<\/div>\n<div><\/div>\n<div>Lucena ainda ressalta a necessidade de politicas que promovam a igualdade, &#8220;j\u00e1 identificamos nosso inimigo comum, o agroneg\u00f3cio. Agora precisamos de pol\u00edticas de distribui\u00e7\u00e3o de terra para uma verdadeira democratiza\u00e7\u00e3o da sociedade&#8221;, disse.<\/div>\n<p><em>MST &#8211;\u00a0www.mst.org.br<\/em><\/p>\n","protected":false},"excerpt":{"rendered":"<p>Nos dias 20 a 22 de agosto organiza\u00e7\u00f5es sociais do campo realizam Encontro Nacional Unit\u00e1rio dos Trabalhadores (as), Povos do Campo, da \u00c1guas e das Florestas, no Parque da cidade em Bras\u00edlia. Mais de 5 mil delegados de todo o Brasil participar\u00e3o do encontro que relembra o primeiro Congresso Campon\u00eas, realizado em 1961. Confira as [&hellip;]<\/p>\n","protected":false},"author":2,"featured_media":0,"comment_status":"open","ping_status":"open","sticky":false,"template":"","format":"standard","meta":{"_acf_changed":false,"footnotes":""},"categories":[4766],"tags":[],"class_list":{"0":"post-10914","1":"post","2":"type-post","3":"status-publish","4":"format-standard","6":"category-arquivo"},"acf":[],"yoast_head":"<!-- This site is optimized with the Yoast SEO plugin v26.5 - https:\/\/yoast.com\/wordpress\/plugins\/seo\/ -->\n<title>Movimentos sociais do campo realizam encontro unit\u00e1rio em Bras\u00edlia - PSOL 50<\/title>\n<meta name=\"robots\" content=\"index, follow, max-snippet:-1, max-image-preview:large, max-video-preview:-1\" \/>\n<link rel=\"canonical\" href=\"https:\/\/psol50.org.br\/movimentos-sociais-do-campo-realizam-encontro-unitario-em-brasilia\/\" \/>\n<meta property=\"og:locale\" content=\"pt_BR\" \/>\n<meta property=\"og:type\" content=\"article\" \/>\n<meta property=\"og:title\" content=\"Movimentos sociais do campo realizam encontro unit\u00e1rio em Bras\u00edlia - PSOL 50\" \/>\n<meta property=\"og:description\" content=\"Nos dias 20 a 22 de agosto organiza\u00e7\u00f5es sociais do campo realizam Encontro Nacional Unit\u00e1rio dos Trabalhadores (as), Povos do Campo, da \u00c1guas e das Florestas, no Parque da cidade em Bras\u00edlia. Mais de 5 mil delegados de todo o Brasil participar\u00e3o do encontro que relembra o primeiro Congresso Campon\u00eas, realizado em 1961. Confira as [&hellip;]\" \/>\n<meta property=\"og:url\" content=\"https:\/\/psol50.org.br\/movimentos-sociais-do-campo-realizam-encontro-unitario-em-brasilia\/\" \/>\n<meta property=\"og:site_name\" content=\"PSOL 50\" \/>\n<meta property=\"article:publisher\" content=\"https:\/\/www.facebook.com\/psol50\" \/>\n<meta property=\"article:published_time\" content=\"2012-08-18T00:00:00+00:00\" \/>\n<meta property=\"og:image\" content=\"https:\/\/psol50.org.br\/inc\/uploads\/2018\/07\/capa.png\" \/>\n\t<meta property=\"og:image:width\" content=\"1350\" \/>\n\t<meta property=\"og:image:height\" content=\"900\" \/>\n\t<meta property=\"og:image:type\" content=\"image\/png\" \/>\n<meta name=\"author\" content=\"Comunica\u00e7\u00e3o PSOL\" \/>\n<meta name=\"twitter:card\" content=\"summary_large_image\" \/>\n<meta name=\"twitter:creator\" content=\"@psol50\" \/>\n<meta name=\"twitter:site\" content=\"@psol50\" \/>\n<meta name=\"twitter:label1\" content=\"Escrito por\" \/>\n\t<meta name=\"twitter:data1\" content=\"Comunica\u00e7\u00e3o PSOL\" \/>\n\t<meta name=\"twitter:label2\" content=\"Est. tempo de leitura\" \/>\n\t<meta name=\"twitter:data2\" content=\"3 minutos\" \/>\n<script type=\"application\/ld+json\" class=\"yoast-schema-graph\">{\"@context\":\"https:\/\/schema.org\",\"@graph\":[{\"@type\":\"Article\",\"@id\":\"https:\/\/psol50.org.br\/movimentos-sociais-do-campo-realizam-encontro-unitario-em-brasilia\/#article\",\"isPartOf\":{\"@id\":\"https:\/\/psol50.org.br\/movimentos-sociais-do-campo-realizam-encontro-unitario-em-brasilia\/\"},\"author\":{\"name\":\"Comunica\u00e7\u00e3o PSOL\",\"@id\":\"https:\/\/psol50.org.br\/#\/schema\/person\/475dfa57d0b815993c714c2e96491fcd\"},\"headline\":\"Movimentos sociais do campo realizam encontro unit\u00e1rio em Bras\u00edlia\",\"datePublished\":\"2012-08-18T00:00:00+00:00\",\"mainEntityOfPage\":{\"@id\":\"https:\/\/psol50.org.br\/movimentos-sociais-do-campo-realizam-encontro-unitario-em-brasilia\/\"},\"wordCount\":679,\"commentCount\":0,\"publisher\":{\"@id\":\"https:\/\/psol50.org.br\/#organization\"},\"articleSection\":[\"Arquivo\"],\"inLanguage\":\"pt-BR\",\"potentialAction\":[{\"@type\":\"CommentAction\",\"name\":\"Comment\",\"target\":[\"https:\/\/psol50.org.br\/movimentos-sociais-do-campo-realizam-encontro-unitario-em-brasilia\/#respond\"]}]},{\"@type\":\"WebPage\",\"@id\":\"https:\/\/psol50.org.br\/movimentos-sociais-do-campo-realizam-encontro-unitario-em-brasilia\/\",\"url\":\"https:\/\/psol50.org.br\/movimentos-sociais-do-campo-realizam-encontro-unitario-em-brasilia\/\",\"name\":\"Movimentos sociais do campo realizam encontro unit\u00e1rio em Bras\u00edlia - PSOL 50\",\"isPartOf\":{\"@id\":\"https:\/\/psol50.org.br\/#website\"},\"datePublished\":\"2012-08-18T00:00:00+00:00\",\"breadcrumb\":{\"@id\":\"https:\/\/psol50.org.br\/movimentos-sociais-do-campo-realizam-encontro-unitario-em-brasilia\/#breadcrumb\"},\"inLanguage\":\"pt-BR\",\"potentialAction\":[{\"@type\":\"ReadAction\",\"target\":[\"https:\/\/psol50.org.br\/movimentos-sociais-do-campo-realizam-encontro-unitario-em-brasilia\/\"]}]},{\"@type\":\"BreadcrumbList\",\"@id\":\"https:\/\/psol50.org.br\/movimentos-sociais-do-campo-realizam-encontro-unitario-em-brasilia\/#breadcrumb\",\"itemListElement\":[{\"@type\":\"ListItem\",\"position\":1,\"name\":\"In\u00edcio\",\"item\":\"https:\/\/psol50.org.br\/\"},{\"@type\":\"ListItem\",\"position\":2,\"name\":\"Movimentos sociais do campo realizam encontro unit\u00e1rio em Bras\u00edlia\"}]},{\"@type\":\"WebSite\",\"@id\":\"https:\/\/psol50.org.br\/#website\",\"url\":\"https:\/\/psol50.org.br\/\",\"name\":\"PSOL 50\",\"description\":\"Site oficial do Partido Socialismo e Liberdade\",\"publisher\":{\"@id\":\"https:\/\/psol50.org.br\/#organization\"},\"alternateName\":\"PSOL50\",\"potentialAction\":[{\"@type\":\"SearchAction\",\"target\":{\"@type\":\"EntryPoint\",\"urlTemplate\":\"https:\/\/psol50.org.br\/?s={search_term_string}\"},\"query-input\":{\"@type\":\"PropertyValueSpecification\",\"valueRequired\":true,\"valueName\":\"search_term_string\"}}],\"inLanguage\":\"pt-BR\"},{\"@type\":\"Organization\",\"@id\":\"https:\/\/psol50.org.br\/#organization\",\"name\":\"PSOL 50\",\"alternateName\":\"PSOL 50\",\"url\":\"https:\/\/psol50.org.br\/\",\"logo\":{\"@type\":\"ImageObject\",\"inLanguage\":\"pt-BR\",\"@id\":\"https:\/\/psol50.org.br\/#\/schema\/logo\/image\/\",\"url\":\"https:\/\/psol50.org.br\/inc\/uploads\/2018\/07\/capa.png\",\"contentUrl\":\"https:\/\/psol50.org.br\/inc\/uploads\/2018\/07\/capa.png\",\"width\":1350,\"height\":900,\"caption\":\"PSOL 50\"},\"image\":{\"@id\":\"https:\/\/psol50.org.br\/#\/schema\/logo\/image\/\"},\"sameAs\":[\"https:\/\/www.facebook.com\/psol50\",\"https:\/\/x.com\/psol50\",\"https:\/\/www.instagram.com\/psol50\/\",\"https:\/\/www.youtube.com\/channel\/UC7SnJS5o1os7a6CaiNabzcg\"]},{\"@type\":\"Person\",\"@id\":\"https:\/\/psol50.org.br\/#\/schema\/person\/475dfa57d0b815993c714c2e96491fcd\",\"name\":\"Comunica\u00e7\u00e3o PSOL\",\"image\":{\"@type\":\"ImageObject\",\"inLanguage\":\"pt-BR\",\"@id\":\"https:\/\/psol50.org.br\/#\/schema\/person\/image\/\",\"url\":\"https:\/\/secure.gravatar.com\/avatar\/b34fc4f4e468a4e51785917065a3db57b841f5c95dba6ad8c73aaf8f66f8f9bf?s=96&d=mm&r=g\",\"contentUrl\":\"https:\/\/secure.gravatar.com\/avatar\/b34fc4f4e468a4e51785917065a3db57b841f5c95dba6ad8c73aaf8f66f8f9bf?s=96&d=mm&r=g\",\"caption\":\"Comunica\u00e7\u00e3o PSOL\"}}]}<\/script>\n<!-- \/ Yoast SEO plugin. -->","yoast_head_json":{"title":"Movimentos sociais do campo realizam encontro unit\u00e1rio em Bras\u00edlia - PSOL 50","robots":{"index":"index","follow":"follow","max-snippet":"max-snippet:-1","max-image-preview":"max-image-preview:large","max-video-preview":"max-video-preview:-1"},"canonical":"https:\/\/psol50.org.br\/movimentos-sociais-do-campo-realizam-encontro-unitario-em-brasilia\/","og_locale":"pt_BR","og_type":"article","og_title":"Movimentos sociais do campo realizam encontro unit\u00e1rio em Bras\u00edlia - PSOL 50","og_description":"Nos dias 20 a 22 de agosto organiza\u00e7\u00f5es sociais do campo realizam Encontro Nacional Unit\u00e1rio dos Trabalhadores (as), Povos do Campo, da \u00c1guas e das Florestas, no Parque da cidade em Bras\u00edlia. Mais de 5 mil delegados de todo o Brasil participar\u00e3o do encontro que relembra o primeiro Congresso Campon\u00eas, realizado em 1961. Confira as [&hellip;]","og_url":"https:\/\/psol50.org.br\/movimentos-sociais-do-campo-realizam-encontro-unitario-em-brasilia\/","og_site_name":"PSOL 50","article_publisher":"https:\/\/www.facebook.com\/psol50","article_published_time":"2012-08-18T00:00:00+00:00","og_image":[{"width":1350,"height":900,"url":"https:\/\/psol50.org.br\/inc\/uploads\/2018\/07\/capa.png","type":"image\/png"}],"author":"Comunica\u00e7\u00e3o PSOL","twitter_card":"summary_large_image","twitter_creator":"@psol50","twitter_site":"@psol50","twitter_misc":{"Escrito por":"Comunica\u00e7\u00e3o PSOL","Est. tempo de leitura":"3 minutos"},"schema":{"@context":"https:\/\/schema.org","@graph":[{"@type":"Article","@id":"https:\/\/psol50.org.br\/movimentos-sociais-do-campo-realizam-encontro-unitario-em-brasilia\/#article","isPartOf":{"@id":"https:\/\/psol50.org.br\/movimentos-sociais-do-campo-realizam-encontro-unitario-em-brasilia\/"},"author":{"name":"Comunica\u00e7\u00e3o PSOL","@id":"https:\/\/psol50.org.br\/#\/schema\/person\/475dfa57d0b815993c714c2e96491fcd"},"headline":"Movimentos sociais do campo realizam encontro unit\u00e1rio em Bras\u00edlia","datePublished":"2012-08-18T00:00:00+00:00","mainEntityOfPage":{"@id":"https:\/\/psol50.org.br\/movimentos-sociais-do-campo-realizam-encontro-unitario-em-brasilia\/"},"wordCount":679,"commentCount":0,"publisher":{"@id":"https:\/\/psol50.org.br\/#organization"},"articleSection":["Arquivo"],"inLanguage":"pt-BR","potentialAction":[{"@type":"CommentAction","name":"Comment","target":["https:\/\/psol50.org.br\/movimentos-sociais-do-campo-realizam-encontro-unitario-em-brasilia\/#respond"]}]},{"@type":"WebPage","@id":"https:\/\/psol50.org.br\/movimentos-sociais-do-campo-realizam-encontro-unitario-em-brasilia\/","url":"https:\/\/psol50.org.br\/movimentos-sociais-do-campo-realizam-encontro-unitario-em-brasilia\/","name":"Movimentos sociais do campo realizam encontro unit\u00e1rio em Bras\u00edlia - PSOL 50","isPartOf":{"@id":"https:\/\/psol50.org.br\/#website"},"datePublished":"2012-08-18T00:00:00+00:00","breadcrumb":{"@id":"https:\/\/psol50.org.br\/movimentos-sociais-do-campo-realizam-encontro-unitario-em-brasilia\/#breadcrumb"},"inLanguage":"pt-BR","potentialAction":[{"@type":"ReadAction","target":["https:\/\/psol50.org.br\/movimentos-sociais-do-campo-realizam-encontro-unitario-em-brasilia\/"]}]},{"@type":"BreadcrumbList","@id":"https:\/\/psol50.org.br\/movimentos-sociais-do-campo-realizam-encontro-unitario-em-brasilia\/#breadcrumb","itemListElement":[{"@type":"ListItem","position":1,"name":"In\u00edcio","item":"https:\/\/psol50.org.br\/"},{"@type":"ListItem","position":2,"name":"Movimentos sociais do campo realizam encontro unit\u00e1rio em Bras\u00edlia"}]},{"@type":"WebSite","@id":"https:\/\/psol50.org.br\/#website","url":"https:\/\/psol50.org.br\/","name":"PSOL 50","description":"Site oficial do Partido Socialismo e Liberdade","publisher":{"@id":"https:\/\/psol50.org.br\/#organization"},"alternateName":"PSOL50","potentialAction":[{"@type":"SearchAction","target":{"@type":"EntryPoint","urlTemplate":"https:\/\/psol50.org.br\/?s={search_term_string}"},"query-input":{"@type":"PropertyValueSpecification","valueRequired":true,"valueName":"search_term_string"}}],"inLanguage":"pt-BR"},{"@type":"Organization","@id":"https:\/\/psol50.org.br\/#organization","name":"PSOL 50","alternateName":"PSOL 50","url":"https:\/\/psol50.org.br\/","logo":{"@type":"ImageObject","inLanguage":"pt-BR","@id":"https:\/\/psol50.org.br\/#\/schema\/logo\/image\/","url":"https:\/\/psol50.org.br\/inc\/uploads\/2018\/07\/capa.png","contentUrl":"https:\/\/psol50.org.br\/inc\/uploads\/2018\/07\/capa.png","width":1350,"height":900,"caption":"PSOL 50"},"image":{"@id":"https:\/\/psol50.org.br\/#\/schema\/logo\/image\/"},"sameAs":["https:\/\/www.facebook.com\/psol50","https:\/\/x.com\/psol50","https:\/\/www.instagram.com\/psol50\/","https:\/\/www.youtube.com\/channel\/UC7SnJS5o1os7a6CaiNabzcg"]},{"@type":"Person","@id":"https:\/\/psol50.org.br\/#\/schema\/person\/475dfa57d0b815993c714c2e96491fcd","name":"Comunica\u00e7\u00e3o PSOL","image":{"@type":"ImageObject","inLanguage":"pt-BR","@id":"https:\/\/psol50.org.br\/#\/schema\/person\/image\/","url":"https:\/\/secure.gravatar.com\/avatar\/b34fc4f4e468a4e51785917065a3db57b841f5c95dba6ad8c73aaf8f66f8f9bf?s=96&d=mm&r=g","contentUrl":"https:\/\/secure.gravatar.com\/avatar\/b34fc4f4e468a4e51785917065a3db57b841f5c95dba6ad8c73aaf8f66f8f9bf?s=96&d=mm&r=g","caption":"Comunica\u00e7\u00e3o PSOL"}}]}},"_links":{"self":[{"href":"https:\/\/psol50.org.br\/rest\/wp\/v2\/posts\/10914","targetHints":{"allow":["GET"]}}],"collection":[{"href":"https:\/\/psol50.org.br\/rest\/wp\/v2\/posts"}],"about":[{"href":"https:\/\/psol50.org.br\/rest\/wp\/v2\/types\/post"}],"author":[{"embeddable":true,"href":"https:\/\/psol50.org.br\/rest\/wp\/v2\/users\/2"}],"replies":[{"embeddable":true,"href":"https:\/\/psol50.org.br\/rest\/wp\/v2\/comments?post=10914"}],"version-history":[{"count":0,"href":"https:\/\/psol50.org.br\/rest\/wp\/v2\/posts\/10914\/revisions"}],"wp:attachment":[{"href":"https:\/\/psol50.org.br\/rest\/wp\/v2\/media?parent=10914"}],"wp:term":[{"taxonomy":"category","embeddable":true,"href":"https:\/\/psol50.org.br\/rest\/wp\/v2\/categories?post=10914"},{"taxonomy":"post_tag","embeddable":true,"href":"https:\/\/psol50.org.br\/rest\/wp\/v2\/tags?post=10914"}],"curies":[{"name":"wp","href":"https:\/\/api.w.org\/{rel}","templated":true}]}}