{"id":10919,"date":"2015-12-06T13:06:35","date_gmt":"2015-12-06T13:06:35","guid":{"rendered":"http:\/\/www.psol50.org.br\/?p=10919"},"modified":"2015-12-06T13:06:35","modified_gmt":"2015-12-06T13:06:35","slug":"5o-congresso-resolucao-de-conjuntura-internacional-aponta-necessidade-de-ressignificar-o-socialismo","status":"publish","type":"post","link":"https:\/\/psol50.org.br\/5o-congresso-resolucao-de-conjuntura-internacional-aponta-necessidade-de-ressignificar-o-socialismo\/","title":{"rendered":"5\u00ba Congresso: Resolu\u00e7\u00e3o de conjuntura internacional aponta necessidade de ressignificar o socialismo"},"content":{"rendered":"<p class=\"p1\"><span class=\"s1\">Os delegados e as delegadas do 5\u00ba Congresso Nacional do PSOL tamb\u00e9m aprovaram, na tarde do \u00faltimo s\u00e1bado (05), a resolu\u00e7\u00e3o sobre conjuntura internacional. Ap\u00f3s um amplo debate sobre a situa\u00e7\u00e3o econ\u00f4mica e pol\u00edtica na Am\u00e9rica Latina, Europa \u00c1frica e Oriente M\u00e9dio, e como deve ser a posi\u00e7\u00e3o do partido, foi aprovada a proposta de texto defendida pelo jornalista Gilberto Maringoni e pelo membro da Executiva do PSOL-RJ Ewerson Cl\u00e1udio.<\/span><\/p>\n<p class=\"p1\"><span class=\"s1\">Como tarefa urgente e necess\u00e1ria, o documento aponta a necessidade de a esquerda mundial ressignificar o socialismo. \u00a0\u201cN\u00e3o faz sentido, nos dias de hoje, lutar pelo socialismo sem levar em conta as duras \u2018li\u00e7\u00f5es da hist\u00f3ria\u2019 e o vento que passou a soprar contra a nossa proposta a partir da derrocada do Leste europeu. Como \u2018o vento venta, mas a dire\u00e7\u00e3o do barco \u00e9 a dire\u00e7\u00e3o do barco\u2019, estamos diante da necessidade de ressignificar o socialismo\u201d.<\/span><\/p>\n<p class=\"p1\"><span class=\"s1\">Confira, abaixo, o texto completo da resolu\u00e7\u00e3o.<\/span><\/p>\n<p class=\"p1\"><span class=\"s1\"><b>Situa\u00e7\u00e3o internacional<br \/>\n<\/b>Ap\u00f3s sete anos, a crise econ\u00f4mica mundial continua longe de ser superada. O fundamentalismo neoliberal tornou o sistema incapaz de abrir um novo ciclo de crescimento. Pol\u00edticas econ\u00f4micas garantiram os capitais financeiros privados com ajustes fiscais brutais ou simplesmente pela encampa\u00e7\u00e3o dos riscos financeiros desses capitais por institui\u00e7\u00f5es p\u00fablicas.<\/span><\/p>\n<p class=\"p1\"><span class=\"s1\">Nos EUA, mesmo a t\u00edmida retomada do crescimento se revelou de baixa sustentabilidade, o que tem for\u00e7ado o adiamento da eleva\u00e7\u00e3o dos juros. A China desacelera e muda o perfil do seu crescimento, agora menos intensivo em consumo de energia e materiais. Isso impacta o planeta, fazendo desabar os pre\u00e7os das commodities e reduzindo as receitas dos pa\u00edses dependentes de exporta\u00e7\u00f5es de mat\u00e9rias primas ou semi-industrializados.<\/span><\/p>\n<p class=\"p1\"><span class=\"s1\">Se a partir de 2008 esse efeito atingiu mais fortemente os pa\u00edses da \u00c1frica do Norte, sendo a principal raz\u00e3o da Primavera \u00c1rabe, agora chega com mais for\u00e7a \u00e0 Am\u00e9rica Latina e aos pa\u00edses africanos exportadores de petr\u00f3leo.<\/span><\/p>\n<p class=\"p1\"><span class=\"s1\">Os movimentos que come\u00e7aram na Europa com a ocupa\u00e7\u00e3o das pra\u00e7as pelos \u201cindignados\u201d levantaram justificadas esperan\u00e7as de que a velha ordem pol\u00edtica europeia estivesse a ponto de ser derrotada. Esse processo, por\u00e9m, se revelou complexo e desigual. Partidos como Die Linke, na Alemanha, e Bloco de Esquerda, em Portugal, tiveram seu auge em 2009, posteriormente perdendo popularidade, chegando em 2014 aos seus piores resultados em uma d\u00e9cada.<\/span><\/p>\n<p class=\"p1\"><span class=\"s1\">Por outro lado, o Podemos, na Espanha, e, principalmente, o Syriza, na Gr\u00e9cia, se firmaram como alternativas de poder. Significativamente, s\u00e3o os dois pa\u00edses em que a crise se abateu com mais for\u00e7a, ao lado de Irlanda e Isl\u00e2ndia. \u00cdndices de desemprego superiores a 25%, crise no pagamento de im\u00f3veis, despejo dos moradores e redu\u00e7\u00e3o de pens\u00f5es fizeram parte da maior crise das ultimas d\u00e9cadas nestes pa\u00edses.<\/span><\/p>\n<p class=\"p1\"><span class=\"s1\">A vit\u00f3ria do Syriza representou uma afirma\u00e7\u00e3o alternativa \u00e0 concep\u00e7\u00e3o da Troika. O governo enfrentou uma batalha dif\u00edcil que n\u00e3o passou pelo convencimento de Bruxelas sobre a corre\u00e7\u00e3o das suas teses, mas pela disputa da opini\u00e3o p\u00fablica. O mandato de Alexis Tsipras foi conferido pelo povo grego para renegociar os termos da perman\u00eancia da Gr\u00e9cia na zona do Euro. No entanto, as institui\u00e7\u00f5es multilaterais europeias e os governos agiram para derrotar a Gr\u00e9cia e desestimular outros povos a escolherem a contesta\u00e7\u00e3o.<\/span><\/p>\n<p class=\"p1\"><span class=\"s1\">Apesar da mostra de repudio \u00e0 continuidade da politica de \u201causteridade\u201d manifestada no plebiscito grego, o governo do Syriza sofreu uma enorme derrota ao aceitar um acordo que mant\u00e9m na Gr\u00e9cia a pol\u00edtica que h\u00e1 cinco anos vem infelicitando o povo, com consequ\u00eancias nas disputas na Espanha e Portugal, refor\u00e7ando o discurso de que n\u00e3o h\u00e1 alternativas. Nestas circunst\u00e2ncias, sem julgamentos morais, afirmamos que melhor teria sido n\u00e3o assinar o acordo e enfrentar suas consequ\u00eancias, partindo para o dif\u00edcil processo de restaura\u00e7\u00e3o da moeda nacional.<\/span><\/p>\n<p class=\"p1\"><span class=\"s1\">Grandes esperan\u00e7as se abriram com as revoltas \u00e1rabes no Egito, L\u00edbia e Tun\u00edsia durante a Primavera \u00c1rabe. O desgaste dos regimes de origem panarabistas ou de inspira\u00e7\u00e3o nasserista e a sua crescente degenera\u00e7\u00e3o abriram possibilidades de mudan\u00e7as que, no entanto, tiveram desdobramentos diferentes. A aus\u00eancia de partidos de esquerda com peso de massa foi decisiva para impedir que fosse superada no Egito e na Tun\u00edsia a polariza\u00e7\u00e3o entre secularistas conservadores remanescentes da velha ordem e os partidos de inspira\u00e7\u00e3o isl\u00e2mica.<\/span><\/p>\n<p class=\"p1\"><span class=\"s1\">No Egito, o desfecho acabou sendo o golpe militar contra os isl\u00e2micos, desferido pelo ex\u00e9rcito com apoio da elite secular, enquanto na Tun\u00edsia esses dois setores mant\u00eam algum n\u00edvel de entendimento. J\u00e1 a L\u00edbia se esfacela em conflitos sect\u00e1rios que, grosso modo, refletem a divis\u00e3o pr\u00e9-colonial.<\/span><\/p>\n<p class=\"p1\"><span class=\"s1\">Na S\u00edria, a guerra civil insuflada pelo Ocidente desde 2011 est\u00e1 num impasse. Se o regime de Bashar-Al-Assad n\u00e3o \u00e9 defens\u00e1vel para a esquerda, o fato objetivo \u00e9 que as alternativas gestadas no processo s\u00e3o certamente piores. Comprova-se, mais uma vez, que inger\u00eancias externas n\u00e3o fazem avan\u00e7ar o processo hist\u00f3rico, mas, com frequ\u00eancia, reativam for\u00e7as que deveriam estar sepultadas no passado.\u00a0Da crise s\u00edria resgatamos a brava resist\u00eancia do povo curdo, que de armas nas m\u00e3os, defende sua autonomia e combate as for\u00e7as do atraso.<\/span><\/p>\n<p class=\"p1\"><span class=\"s1\">Cuba inicia um processo de reforma e moderniza\u00e7\u00e3o do seu modelo socialista, ao mesmo tempo em que reata rela\u00e7\u00f5es com os EUA. A concess\u00e3o \u00e0 explora\u00e7\u00e3o privada de alguns setores da economia cubana, como servi\u00e7os e agricultura, visa aumentar a produtividade. Mas o pa\u00eds tamb\u00e9m abriu a economia a investimentos estrangeiros sob regime de concess\u00e3o, buscando alavancar o crescimento. Esse processo n\u00e3o ocorrer\u00e1 sem riscos, pela forma\u00e7\u00e3o de uma pequena burguesia ligada ao setor de servi\u00e7os ou aumento dos interesses privados estrangeiros em conex\u00e3o com o Estado. S\u00f3 uma enorme legitimidade por parte do governo conseguir\u00e1 impedir que se constitua a base material e social para disputar o retorno ao capitalismo. As reformas s\u00e3o necess\u00e1rias, mas os riscos n\u00e3o podem ser desprezados. Outorgamos nossa solidariedade ao povo e ao governo Cubano e \u00e0s mudan\u00e7as em curso.<\/span><\/p>\n<p class=\"p1\"><span class=\"s1\">Na Am\u00e9rica Latina os efeitos da crise se fazem sentir principalmente pela queda dos pre\u00e7os das <i>comoditties<\/i>. Na Venezuela, 15 anos ap\u00f3s a vit\u00f3ria de Hugo Ch\u00e1vez, o pa\u00eds conseguiu democratizar os rendimentos do petr\u00f3leo, antes destinados a enriquecer a elite e hoje meio para sustentar in\u00fameros programas sociais. Por\u00e9m, a incapacidade de reduzir a depend\u00eancia do petr\u00f3leo cobra um alto pre\u00e7o.<\/span><\/p>\n<p class=\"p1\"><span class=\"s1\">A burocratiza\u00e7\u00e3o de setores da revolu\u00e7\u00e3o bolivariana tem feito com que cres\u00e7am as den\u00fancias de corrup\u00e7\u00e3o. Ao mesmo tempo, o boicote econ\u00f4mico de parte da burguesia nacional apoiada pelos EUA e a queda dos pre\u00e7os do petr\u00f3leo mergulharam a Venezuela numa grave crise econ\u00f4mica. Os desdobramentos s\u00e3o de dif\u00edcil previs\u00e3o. Sem abrir m\u00e3o das cr\u00edticas que forem cab\u00edveis, o PSOL deve se somar \u00e0 defesa da Venezuela e do seu processo bolivariano, j\u00e1 que continuamos considerando-o como anti-imperialista e antimonopolista.<\/span><\/p>\n<p class=\"p1\"><span class=\"s1\">A Bol\u00edvia \u00e9 hoje a economia da Am\u00e9rica do Sul com o maior crescimento, com a nacionaliza\u00e7\u00e3o dos hidrocarbonetos possibilitando a eleva\u00e7\u00e3o substancial das receitas do Estado. Em algumas \u00e1reas, o Estado fica com 87,5% da produ\u00e7\u00e3o. Uma gest\u00e3o econ\u00f4mica prudente capacitou o pa\u00eds a enfrentar o agravamento da crise sem reduzir crescimento ou diminuir programas. Ao mesmo tempo, o controle sobre projetos de infraestrutura menos agressivos soube associar desenvolvimento e respeito ao meio-ambiente.<\/span><\/p>\n<p class=\"p1\"><span class=\"s1\">Neste cen\u00e1rio, o PSOL deve ampliar sua interlocu\u00e7\u00e3o com partidos e movimentos das esquerdas em n\u00edvel mundial, orientado mais pela necessidade de a\u00e7\u00e3o comum nestes enfrentamentos e menos pela busca de afinidades program\u00e1ticas mais estreitas. Isto \u00e9 particularmente importante porque as transforma\u00e7\u00f5es no processo produtivo fragilizaram profundamente as organiza\u00e7\u00f5es das classes trabalhadoras.<\/span><\/p>\n<p class=\"p1\"><span class=\"s1\">A sociedade p\u00f3s-industrial cont\u00e9m importantes modifica\u00e7\u00f5es na sua estrutura de classes. Alguns conceitos definidores de classe social, como uma mesma forma de inser\u00e7\u00e3o no processo produtivo, certa homogeneidade de acesso \u00e0 renda e ao consumo e, portanto, uma razo\u00e1vel consci\u00eancia de si mesma, s\u00f3 com idealismo s\u00e3o encontradas no que chamamos de classe trabalhadora.<\/span><\/p>\n<p class=\"p1\"><span class=\"s1\">Trabalhadores assalariados, pequenos empreendedores urbanos, pequenos produtores rurais, trabalhadores rurais, \u201cpejotizados\u201d, informais ou de economia de subsist\u00eancia n\u00e3o t\u00eam em comum a forma de inser\u00e7\u00e3o no processo produtivo. Trabalhadores assalariados especializados de grandes empresas n\u00e3o t\u00eam renda e possibilidades de consumo similares ao de outros, assalariados ou n\u00e3o, de baixa especializa\u00e7\u00e3o.<\/span><\/p>\n<p class=\"p1\"><span class=\"s1\">Assim, a consci\u00eancia de si mesma, caracter\u00edstica central para que uma classe se comporte como tal, n\u00e3o est\u00e1 presente na maioria do que chamamos de classe trabalhadora. Esta \u00e9 uma das ra\u00edzes da crise do movimento sindical e das organiza\u00e7\u00f5es das classes trabalhadoras.<\/span><\/p>\n<p class=\"p1\"><span class=\"s1\">A substitui\u00e7\u00e3o da identidade de classe por outras, embora n\u00e3o seja fen\u00f4meno novo, tem se generalizado em escala global. Identidades \u00e9tnicas, de g\u00eanero ou orienta\u00e7\u00e3o sexual, religiosas e\/ou nacionais est\u00e3o por tr\u00e1s da maior parte dos conflitos deste s\u00e9culo. O crescimento do fundamentalismo religioso, do racismo e da xenofobia no seio das classes trabalhadoras \u00e9 a parte mais vis\u00edvel do fen\u00f4meno.<\/span><\/p>\n<p class=\"p1\"><span class=\"s1\">Afirmar a centralidade da contradi\u00e7\u00e3o entre capital e trabalho e entender as dificuldades que a reestrutura\u00e7\u00e3o produtiva criou para a forma\u00e7\u00e3o da consci\u00eancia de classe obrigam a esquerda socialista a aprofundar sua reflex\u00e3o sobre esta quest\u00e3o.<\/span><\/p>\n<p class=\"p1\"><span class=\"s1\"><b>A crise \u00e9 tamb\u00e9m do socialismo<br \/>\n<\/b>N\u00e3o faz sentido, nos dias de hoje, lutar pelo socialismo sem levar em conta as duras \u201cli\u00e7\u00f5es da hist\u00f3ria\u201d e o vento que passou a soprar contra a nossa proposta a partir da derrocada do leste europeu. Como \u201co vento venta, mas a dire\u00e7\u00e3o do barco \u00e9 a dire\u00e7\u00e3o do barco\u201d, estamos diante da necessidade de ressignificar o socialismo.<\/span><\/p>\n<p class=\"p1\"><span class=\"s1\">O socialismo que queremos reinventar n\u00e3o nos coloca como \u2018passadistas\u2019. N\u00e3o h\u00e1 socialismo sem desenvolvimento das for\u00e7as produtivas. E urge qualificar o tipo de desenvolvimento \u2013 n\u00e3o apenas econ\u00f4mico, mas tamb\u00e9m de justi\u00e7a social, democracia pol\u00edtica, equil\u00edbrio ambiental e democracia cultural, centrado no respeito aos ritmos e limites da natureza e comprometido com a supera\u00e7\u00e3o das desigualdades sociais.<\/span><\/p>\n<p class=\"p1\"><span class=\"s1\">\u00c9 preciso reconhecer que o \u201ccapitalismo real\u201d em pa\u00edses como o Brasil foi edificado a partir de estruturas j\u00e1 existentes, como as da escravid\u00e3o, do racismo e do patriarcado. A subjuga\u00e7\u00e3o, a explora\u00e7\u00e3o e mesmo o exterm\u00ednio \u2013 de ind\u00edgenas, de negros e negras, de mulheres e de todos aqueles e aquelas diferentes do padr\u00e3o dominador \u2013 s\u00e3o elementos estruturantes e estruturais do capitalismo no Brasil. Ressignificar o socialismo, portanto, passa por incorporar a supera\u00e7\u00e3o do racismo e do patriarcado como elementos centrais e estrat\u00e9gicos, sem o que n\u00e3o \u00e9 poss\u00edvel conceber uma sociedade livre, igualit\u00e1ria e fraterna.<\/span><\/p>\n","protected":false},"excerpt":{"rendered":"<p>Os delegados e as delegadas do 5\u00ba Congresso Nacional do PSOL tamb\u00e9m aprovaram, na tarde do \u00faltimo s\u00e1bado (05), a resolu\u00e7\u00e3o sobre conjuntura internacional. Ap\u00f3s um amplo debate sobre a situa\u00e7\u00e3o econ\u00f4mica e pol\u00edtica na Am\u00e9rica Latina, Europa \u00c1frica e Oriente M\u00e9dio, e como deve ser a posi\u00e7\u00e3o do partido, foi aprovada a proposta de [&hellip;]<\/p>\n","protected":false},"author":2,"featured_media":10834,"comment_status":"open","ping_status":"open","sticky":false,"template":"","format":"standard","meta":{"_acf_changed":false,"footnotes":""},"categories":[72],"tags":[4926,3838,1315,292],"class_list":{"0":"post-10919","1":"post","2":"type-post","3":"status-publish","4":"format-standard","5":"has-post-thumbnail","7":"category-resolucoes","8":"tag-5o-congresso-nacional-do-psol","9":"tag-conjuntura-internacional","10":"tag-resolucao","11":"tag-socialismo"},"acf":[],"yoast_head":"<!-- This site is optimized with the Yoast SEO plugin v26.5 - https:\/\/yoast.com\/wordpress\/plugins\/seo\/ -->\n<title>5\u00ba Congresso: Resolu\u00e7\u00e3o de conjuntura internacional aponta necessidade de ressignificar o socialismo - PSOL 50<\/title>\n<meta name=\"robots\" content=\"index, follow, max-snippet:-1, max-image-preview:large, max-video-preview:-1\" \/>\n<link rel=\"canonical\" href=\"https:\/\/psol50.org.br\/5o-congresso-resolucao-de-conjuntura-internacional-aponta-necessidade-de-ressignificar-o-socialismo\/\" \/>\n<meta property=\"og:locale\" content=\"pt_BR\" \/>\n<meta property=\"og:type\" content=\"article\" \/>\n<meta property=\"og:title\" content=\"5\u00ba Congresso: Resolu\u00e7\u00e3o de conjuntura internacional aponta necessidade de ressignificar o socialismo - PSOL 50\" \/>\n<meta property=\"og:description\" content=\"Os delegados e as delegadas do 5\u00ba Congresso Nacional do PSOL tamb\u00e9m aprovaram, na tarde do \u00faltimo s\u00e1bado (05), a resolu\u00e7\u00e3o sobre conjuntura internacional. Ap\u00f3s um amplo debate sobre a situa\u00e7\u00e3o econ\u00f4mica e pol\u00edtica na Am\u00e9rica Latina, Europa \u00c1frica e Oriente M\u00e9dio, e como deve ser a posi\u00e7\u00e3o do partido, foi aprovada a proposta de [&hellip;]\" \/>\n<meta property=\"og:url\" content=\"https:\/\/psol50.org.br\/5o-congresso-resolucao-de-conjuntura-internacional-aponta-necessidade-de-ressignificar-o-socialismo\/\" \/>\n<meta property=\"og:site_name\" content=\"PSOL 50\" \/>\n<meta property=\"article:publisher\" content=\"https:\/\/www.facebook.com\/psol50\" \/>\n<meta property=\"article:published_time\" content=\"2015-12-06T13:06:35+00:00\" \/>\n<meta property=\"og:image\" content=\"https:\/\/psol50.org.br\/inc\/uploads\/2015\/12\/Plena\u0301rio-Congresso-PSOL-1-1024x683-1.jpg\" \/>\n\t<meta property=\"og:image:width\" content=\"1024\" \/>\n\t<meta property=\"og:image:height\" content=\"683\" \/>\n\t<meta property=\"og:image:type\" content=\"image\/jpeg\" \/>\n<meta name=\"author\" content=\"Comunica\u00e7\u00e3o PSOL\" \/>\n<meta name=\"twitter:card\" content=\"summary_large_image\" \/>\n<meta name=\"twitter:creator\" content=\"@psol50\" \/>\n<meta name=\"twitter:site\" content=\"@psol50\" \/>\n<meta name=\"twitter:label1\" content=\"Escrito por\" \/>\n\t<meta name=\"twitter:data1\" content=\"Comunica\u00e7\u00e3o PSOL\" \/>\n\t<meta name=\"twitter:label2\" content=\"Est. tempo de leitura\" \/>\n\t<meta name=\"twitter:data2\" content=\"9 minutos\" \/>\n<script type=\"application\/ld+json\" class=\"yoast-schema-graph\">{\"@context\":\"https:\/\/schema.org\",\"@graph\":[{\"@type\":\"Article\",\"@id\":\"https:\/\/psol50.org.br\/5o-congresso-resolucao-de-conjuntura-internacional-aponta-necessidade-de-ressignificar-o-socialismo\/#article\",\"isPartOf\":{\"@id\":\"https:\/\/psol50.org.br\/5o-congresso-resolucao-de-conjuntura-internacional-aponta-necessidade-de-ressignificar-o-socialismo\/\"},\"author\":{\"name\":\"Comunica\u00e7\u00e3o PSOL\",\"@id\":\"https:\/\/psol50.org.br\/#\/schema\/person\/475dfa57d0b815993c714c2e96491fcd\"},\"headline\":\"5\u00ba Congresso: Resolu\u00e7\u00e3o de conjuntura internacional aponta necessidade de ressignificar o socialismo\",\"datePublished\":\"2015-12-06T13:06:35+00:00\",\"mainEntityOfPage\":{\"@id\":\"https:\/\/psol50.org.br\/5o-congresso-resolucao-de-conjuntura-internacional-aponta-necessidade-de-ressignificar-o-socialismo\/\"},\"wordCount\":1910,\"commentCount\":0,\"publisher\":{\"@id\":\"https:\/\/psol50.org.br\/#organization\"},\"image\":{\"@id\":\"https:\/\/psol50.org.br\/5o-congresso-resolucao-de-conjuntura-internacional-aponta-necessidade-de-ressignificar-o-socialismo\/#primaryimage\"},\"thumbnailUrl\":\"https:\/\/psol50.org.br\/inc\/uploads\/2015\/12\/Plena\u0301rio-Congresso-PSOL-1-1024x683-1.jpg\",\"keywords\":[\"5\u00ba Congresso Nacional do PSOL\",\"Conjuntura Internacional\",\"resolu\u00e7\u00e3o\",\"socialismo\"],\"articleSection\":[\"Resolu\u00e7\u00f5es\"],\"inLanguage\":\"pt-BR\",\"potentialAction\":[{\"@type\":\"CommentAction\",\"name\":\"Comment\",\"target\":[\"https:\/\/psol50.org.br\/5o-congresso-resolucao-de-conjuntura-internacional-aponta-necessidade-de-ressignificar-o-socialismo\/#respond\"]}]},{\"@type\":\"WebPage\",\"@id\":\"https:\/\/psol50.org.br\/5o-congresso-resolucao-de-conjuntura-internacional-aponta-necessidade-de-ressignificar-o-socialismo\/\",\"url\":\"https:\/\/psol50.org.br\/5o-congresso-resolucao-de-conjuntura-internacional-aponta-necessidade-de-ressignificar-o-socialismo\/\",\"name\":\"5\u00ba Congresso: Resolu\u00e7\u00e3o de conjuntura internacional aponta necessidade de ressignificar o socialismo - PSOL 50\",\"isPartOf\":{\"@id\":\"https:\/\/psol50.org.br\/#website\"},\"primaryImageOfPage\":{\"@id\":\"https:\/\/psol50.org.br\/5o-congresso-resolucao-de-conjuntura-internacional-aponta-necessidade-de-ressignificar-o-socialismo\/#primaryimage\"},\"image\":{\"@id\":\"https:\/\/psol50.org.br\/5o-congresso-resolucao-de-conjuntura-internacional-aponta-necessidade-de-ressignificar-o-socialismo\/#primaryimage\"},\"thumbnailUrl\":\"https:\/\/psol50.org.br\/inc\/uploads\/2015\/12\/Plena\u0301rio-Congresso-PSOL-1-1024x683-1.jpg\",\"datePublished\":\"2015-12-06T13:06:35+00:00\",\"breadcrumb\":{\"@id\":\"https:\/\/psol50.org.br\/5o-congresso-resolucao-de-conjuntura-internacional-aponta-necessidade-de-ressignificar-o-socialismo\/#breadcrumb\"},\"inLanguage\":\"pt-BR\",\"potentialAction\":[{\"@type\":\"ReadAction\",\"target\":[\"https:\/\/psol50.org.br\/5o-congresso-resolucao-de-conjuntura-internacional-aponta-necessidade-de-ressignificar-o-socialismo\/\"]}]},{\"@type\":\"ImageObject\",\"inLanguage\":\"pt-BR\",\"@id\":\"https:\/\/psol50.org.br\/5o-congresso-resolucao-de-conjuntura-internacional-aponta-necessidade-de-ressignificar-o-socialismo\/#primaryimage\",\"url\":\"https:\/\/psol50.org.br\/inc\/uploads\/2015\/12\/Plena\u0301rio-Congresso-PSOL-1-1024x683-1.jpg\",\"contentUrl\":\"https:\/\/psol50.org.br\/inc\/uploads\/2015\/12\/Plena\u0301rio-Congresso-PSOL-1-1024x683-1.jpg\",\"width\":1024,\"height\":683},{\"@type\":\"BreadcrumbList\",\"@id\":\"https:\/\/psol50.org.br\/5o-congresso-resolucao-de-conjuntura-internacional-aponta-necessidade-de-ressignificar-o-socialismo\/#breadcrumb\",\"itemListElement\":[{\"@type\":\"ListItem\",\"position\":1,\"name\":\"In\u00edcio\",\"item\":\"https:\/\/psol50.org.br\/\"},{\"@type\":\"ListItem\",\"position\":2,\"name\":\"5\u00ba Congresso: Resolu\u00e7\u00e3o de conjuntura internacional aponta necessidade de ressignificar o socialismo\"}]},{\"@type\":\"WebSite\",\"@id\":\"https:\/\/psol50.org.br\/#website\",\"url\":\"https:\/\/psol50.org.br\/\",\"name\":\"PSOL 50\",\"description\":\"Site oficial do Partido Socialismo e Liberdade\",\"publisher\":{\"@id\":\"https:\/\/psol50.org.br\/#organization\"},\"alternateName\":\"PSOL50\",\"potentialAction\":[{\"@type\":\"SearchAction\",\"target\":{\"@type\":\"EntryPoint\",\"urlTemplate\":\"https:\/\/psol50.org.br\/?s={search_term_string}\"},\"query-input\":{\"@type\":\"PropertyValueSpecification\",\"valueRequired\":true,\"valueName\":\"search_term_string\"}}],\"inLanguage\":\"pt-BR\"},{\"@type\":\"Organization\",\"@id\":\"https:\/\/psol50.org.br\/#organization\",\"name\":\"PSOL 50\",\"alternateName\":\"PSOL 50\",\"url\":\"https:\/\/psol50.org.br\/\",\"logo\":{\"@type\":\"ImageObject\",\"inLanguage\":\"pt-BR\",\"@id\":\"https:\/\/psol50.org.br\/#\/schema\/logo\/image\/\",\"url\":\"https:\/\/psol50.org.br\/inc\/uploads\/2018\/07\/capa.png\",\"contentUrl\":\"https:\/\/psol50.org.br\/inc\/uploads\/2018\/07\/capa.png\",\"width\":1350,\"height\":900,\"caption\":\"PSOL 50\"},\"image\":{\"@id\":\"https:\/\/psol50.org.br\/#\/schema\/logo\/image\/\"},\"sameAs\":[\"https:\/\/www.facebook.com\/psol50\",\"https:\/\/x.com\/psol50\",\"https:\/\/www.instagram.com\/psol50\/\",\"https:\/\/www.youtube.com\/channel\/UC7SnJS5o1os7a6CaiNabzcg\"]},{\"@type\":\"Person\",\"@id\":\"https:\/\/psol50.org.br\/#\/schema\/person\/475dfa57d0b815993c714c2e96491fcd\",\"name\":\"Comunica\u00e7\u00e3o PSOL\",\"image\":{\"@type\":\"ImageObject\",\"inLanguage\":\"pt-BR\",\"@id\":\"https:\/\/psol50.org.br\/#\/schema\/person\/image\/\",\"url\":\"https:\/\/secure.gravatar.com\/avatar\/b34fc4f4e468a4e51785917065a3db57b841f5c95dba6ad8c73aaf8f66f8f9bf?s=96&d=mm&r=g\",\"contentUrl\":\"https:\/\/secure.gravatar.com\/avatar\/b34fc4f4e468a4e51785917065a3db57b841f5c95dba6ad8c73aaf8f66f8f9bf?s=96&d=mm&r=g\",\"caption\":\"Comunica\u00e7\u00e3o PSOL\"}}]}<\/script>\n<!-- \/ Yoast SEO plugin. -->","yoast_head_json":{"title":"5\u00ba Congresso: Resolu\u00e7\u00e3o de conjuntura internacional aponta necessidade de ressignificar o socialismo - PSOL 50","robots":{"index":"index","follow":"follow","max-snippet":"max-snippet:-1","max-image-preview":"max-image-preview:large","max-video-preview":"max-video-preview:-1"},"canonical":"https:\/\/psol50.org.br\/5o-congresso-resolucao-de-conjuntura-internacional-aponta-necessidade-de-ressignificar-o-socialismo\/","og_locale":"pt_BR","og_type":"article","og_title":"5\u00ba Congresso: Resolu\u00e7\u00e3o de conjuntura internacional aponta necessidade de ressignificar o socialismo - PSOL 50","og_description":"Os delegados e as delegadas do 5\u00ba Congresso Nacional do PSOL tamb\u00e9m aprovaram, na tarde do \u00faltimo s\u00e1bado (05), a resolu\u00e7\u00e3o sobre conjuntura internacional. Ap\u00f3s um amplo debate sobre a situa\u00e7\u00e3o econ\u00f4mica e pol\u00edtica na Am\u00e9rica Latina, Europa \u00c1frica e Oriente M\u00e9dio, e como deve ser a posi\u00e7\u00e3o do partido, foi aprovada a proposta de [&hellip;]","og_url":"https:\/\/psol50.org.br\/5o-congresso-resolucao-de-conjuntura-internacional-aponta-necessidade-de-ressignificar-o-socialismo\/","og_site_name":"PSOL 50","article_publisher":"https:\/\/www.facebook.com\/psol50","article_published_time":"2015-12-06T13:06:35+00:00","og_image":[{"width":1024,"height":683,"url":"https:\/\/psol50.org.br\/inc\/uploads\/2015\/12\/Plena\u0301rio-Congresso-PSOL-1-1024x683-1.jpg","type":"image\/jpeg"}],"author":"Comunica\u00e7\u00e3o PSOL","twitter_card":"summary_large_image","twitter_creator":"@psol50","twitter_site":"@psol50","twitter_misc":{"Escrito por":"Comunica\u00e7\u00e3o PSOL","Est. tempo de leitura":"9 minutos"},"schema":{"@context":"https:\/\/schema.org","@graph":[{"@type":"Article","@id":"https:\/\/psol50.org.br\/5o-congresso-resolucao-de-conjuntura-internacional-aponta-necessidade-de-ressignificar-o-socialismo\/#article","isPartOf":{"@id":"https:\/\/psol50.org.br\/5o-congresso-resolucao-de-conjuntura-internacional-aponta-necessidade-de-ressignificar-o-socialismo\/"},"author":{"name":"Comunica\u00e7\u00e3o PSOL","@id":"https:\/\/psol50.org.br\/#\/schema\/person\/475dfa57d0b815993c714c2e96491fcd"},"headline":"5\u00ba Congresso: Resolu\u00e7\u00e3o de conjuntura internacional aponta necessidade de ressignificar o socialismo","datePublished":"2015-12-06T13:06:35+00:00","mainEntityOfPage":{"@id":"https:\/\/psol50.org.br\/5o-congresso-resolucao-de-conjuntura-internacional-aponta-necessidade-de-ressignificar-o-socialismo\/"},"wordCount":1910,"commentCount":0,"publisher":{"@id":"https:\/\/psol50.org.br\/#organization"},"image":{"@id":"https:\/\/psol50.org.br\/5o-congresso-resolucao-de-conjuntura-internacional-aponta-necessidade-de-ressignificar-o-socialismo\/#primaryimage"},"thumbnailUrl":"https:\/\/psol50.org.br\/inc\/uploads\/2015\/12\/Plena\u0301rio-Congresso-PSOL-1-1024x683-1.jpg","keywords":["5\u00ba Congresso Nacional do PSOL","Conjuntura Internacional","resolu\u00e7\u00e3o","socialismo"],"articleSection":["Resolu\u00e7\u00f5es"],"inLanguage":"pt-BR","potentialAction":[{"@type":"CommentAction","name":"Comment","target":["https:\/\/psol50.org.br\/5o-congresso-resolucao-de-conjuntura-internacional-aponta-necessidade-de-ressignificar-o-socialismo\/#respond"]}]},{"@type":"WebPage","@id":"https:\/\/psol50.org.br\/5o-congresso-resolucao-de-conjuntura-internacional-aponta-necessidade-de-ressignificar-o-socialismo\/","url":"https:\/\/psol50.org.br\/5o-congresso-resolucao-de-conjuntura-internacional-aponta-necessidade-de-ressignificar-o-socialismo\/","name":"5\u00ba Congresso: Resolu\u00e7\u00e3o de conjuntura internacional aponta necessidade de ressignificar o socialismo - PSOL 50","isPartOf":{"@id":"https:\/\/psol50.org.br\/#website"},"primaryImageOfPage":{"@id":"https:\/\/psol50.org.br\/5o-congresso-resolucao-de-conjuntura-internacional-aponta-necessidade-de-ressignificar-o-socialismo\/#primaryimage"},"image":{"@id":"https:\/\/psol50.org.br\/5o-congresso-resolucao-de-conjuntura-internacional-aponta-necessidade-de-ressignificar-o-socialismo\/#primaryimage"},"thumbnailUrl":"https:\/\/psol50.org.br\/inc\/uploads\/2015\/12\/Plena\u0301rio-Congresso-PSOL-1-1024x683-1.jpg","datePublished":"2015-12-06T13:06:35+00:00","breadcrumb":{"@id":"https:\/\/psol50.org.br\/5o-congresso-resolucao-de-conjuntura-internacional-aponta-necessidade-de-ressignificar-o-socialismo\/#breadcrumb"},"inLanguage":"pt-BR","potentialAction":[{"@type":"ReadAction","target":["https:\/\/psol50.org.br\/5o-congresso-resolucao-de-conjuntura-internacional-aponta-necessidade-de-ressignificar-o-socialismo\/"]}]},{"@type":"ImageObject","inLanguage":"pt-BR","@id":"https:\/\/psol50.org.br\/5o-congresso-resolucao-de-conjuntura-internacional-aponta-necessidade-de-ressignificar-o-socialismo\/#primaryimage","url":"https:\/\/psol50.org.br\/inc\/uploads\/2015\/12\/Plena\u0301rio-Congresso-PSOL-1-1024x683-1.jpg","contentUrl":"https:\/\/psol50.org.br\/inc\/uploads\/2015\/12\/Plena\u0301rio-Congresso-PSOL-1-1024x683-1.jpg","width":1024,"height":683},{"@type":"BreadcrumbList","@id":"https:\/\/psol50.org.br\/5o-congresso-resolucao-de-conjuntura-internacional-aponta-necessidade-de-ressignificar-o-socialismo\/#breadcrumb","itemListElement":[{"@type":"ListItem","position":1,"name":"In\u00edcio","item":"https:\/\/psol50.org.br\/"},{"@type":"ListItem","position":2,"name":"5\u00ba Congresso: Resolu\u00e7\u00e3o de conjuntura internacional aponta necessidade de ressignificar o socialismo"}]},{"@type":"WebSite","@id":"https:\/\/psol50.org.br\/#website","url":"https:\/\/psol50.org.br\/","name":"PSOL 50","description":"Site oficial do Partido Socialismo e Liberdade","publisher":{"@id":"https:\/\/psol50.org.br\/#organization"},"alternateName":"PSOL50","potentialAction":[{"@type":"SearchAction","target":{"@type":"EntryPoint","urlTemplate":"https:\/\/psol50.org.br\/?s={search_term_string}"},"query-input":{"@type":"PropertyValueSpecification","valueRequired":true,"valueName":"search_term_string"}}],"inLanguage":"pt-BR"},{"@type":"Organization","@id":"https:\/\/psol50.org.br\/#organization","name":"PSOL 50","alternateName":"PSOL 50","url":"https:\/\/psol50.org.br\/","logo":{"@type":"ImageObject","inLanguage":"pt-BR","@id":"https:\/\/psol50.org.br\/#\/schema\/logo\/image\/","url":"https:\/\/psol50.org.br\/inc\/uploads\/2018\/07\/capa.png","contentUrl":"https:\/\/psol50.org.br\/inc\/uploads\/2018\/07\/capa.png","width":1350,"height":900,"caption":"PSOL 50"},"image":{"@id":"https:\/\/psol50.org.br\/#\/schema\/logo\/image\/"},"sameAs":["https:\/\/www.facebook.com\/psol50","https:\/\/x.com\/psol50","https:\/\/www.instagram.com\/psol50\/","https:\/\/www.youtube.com\/channel\/UC7SnJS5o1os7a6CaiNabzcg"]},{"@type":"Person","@id":"https:\/\/psol50.org.br\/#\/schema\/person\/475dfa57d0b815993c714c2e96491fcd","name":"Comunica\u00e7\u00e3o PSOL","image":{"@type":"ImageObject","inLanguage":"pt-BR","@id":"https:\/\/psol50.org.br\/#\/schema\/person\/image\/","url":"https:\/\/secure.gravatar.com\/avatar\/b34fc4f4e468a4e51785917065a3db57b841f5c95dba6ad8c73aaf8f66f8f9bf?s=96&d=mm&r=g","contentUrl":"https:\/\/secure.gravatar.com\/avatar\/b34fc4f4e468a4e51785917065a3db57b841f5c95dba6ad8c73aaf8f66f8f9bf?s=96&d=mm&r=g","caption":"Comunica\u00e7\u00e3o PSOL"}}]}},"_links":{"self":[{"href":"https:\/\/psol50.org.br\/rest\/wp\/v2\/posts\/10919","targetHints":{"allow":["GET"]}}],"collection":[{"href":"https:\/\/psol50.org.br\/rest\/wp\/v2\/posts"}],"about":[{"href":"https:\/\/psol50.org.br\/rest\/wp\/v2\/types\/post"}],"author":[{"embeddable":true,"href":"https:\/\/psol50.org.br\/rest\/wp\/v2\/users\/2"}],"replies":[{"embeddable":true,"href":"https:\/\/psol50.org.br\/rest\/wp\/v2\/comments?post=10919"}],"version-history":[{"count":0,"href":"https:\/\/psol50.org.br\/rest\/wp\/v2\/posts\/10919\/revisions"}],"wp:featuredmedia":[{"embeddable":true,"href":"https:\/\/psol50.org.br\/rest\/wp\/v2\/media\/10834"}],"wp:attachment":[{"href":"https:\/\/psol50.org.br\/rest\/wp\/v2\/media?parent=10919"}],"wp:term":[{"taxonomy":"category","embeddable":true,"href":"https:\/\/psol50.org.br\/rest\/wp\/v2\/categories?post=10919"},{"taxonomy":"post_tag","embeddable":true,"href":"https:\/\/psol50.org.br\/rest\/wp\/v2\/tags?post=10919"}],"curies":[{"name":"wp","href":"https:\/\/api.w.org\/{rel}","templated":true}]}}