{"id":10988,"date":"2016-01-14T15:20:42","date_gmt":"2016-01-14T15:20:42","guid":{"rendered":"http:\/\/www.psol50.org.br\/?p=10988"},"modified":"2016-01-14T15:20:42","modified_gmt":"2016-01-14T15:20:42","slug":"psol-sp-repudia-violencia-policial-em-atos-contra-a-tarifa","status":"publish","type":"post","link":"https:\/\/psol50.org.br\/psol-sp-repudia-violencia-policial-em-atos-contra-a-tarifa\/","title":{"rendered":"PSOL SP repudia viol\u00eancia policial em atos contra a tarifa"},"content":{"rendered":"<p>O PSOL repudia a a\u00e7\u00e3o da Pol\u00edcia Militar nos ato contra o aumento das tarifas na cidade de S\u00e3o Paulo. A PM a mando do Governo do Estado vem atuando para reprimir e combater a realiza\u00e7\u00e3o de manifesta\u00e7\u00f5es na cidade, se utilizando de viol\u00eancia abusiva e desproporcional, atingindo mesmo quem n\u00e3o \u00e9 manifestante.<\/p>\n<p>Na ter\u00e7a-feira (12), por exemplo, um morador de rua foi atingido no p\u00e9 por bala de fogo e uma gestante levou chutes na barriga e precisou ser socorrida \u00e0s pressas. At\u00e9 mesmo o direito de ir e vir, de se reunir e manifestar vem sendo atacado, policiais impediram o ato de sair, al\u00e9m de querer, de forma absurda, determinar qual o percurso que os manifestantes deveriam seguir.<\/p>\n<p>Diferentemente do que diz a PM, n\u00e3o s\u00e3o os manifestantes quem iniciam o confronto. A repress\u00e3o tem come\u00e7ado sem que haja qualquer confronto ou confus\u00e3o promovido pelos manifestantes, com a PM partindo para o confronto mesmo durante negocia\u00e7\u00e3o sobre o trajeto e o formato do ato.<\/p>\n<p>Tanto o desenrolar da a\u00e7\u00e3o, com a PM atirando uma bomba a cada 7 segundos (segundo a Folha), quanto o resultado final, com cerca de 20 detidos e dezenas de feridos. A quest\u00e3o social n\u00e3o pode ser tratada, como \u00e9 desde a Rep\u00fablica do Caf\u00e9 com Leite, como caso de pol\u00edcia.<\/p>\n<p>Apesar desse lament\u00e1vel cen\u00e1rio acreditamos na for\u00e7a da unidade da juventude e da classe trabalhadora, e estaremos com o povo defendendo nossos direitos nas ruas! \u00c9 preciso que sigamos lutando contra o aumento inaceit\u00e1vel das tarifas do transporte e resistindo contra tamanha viol\u00eancia. N\u00e3o iremos recuar na batalha por uma sociedade democr\u00e1tica e de direitos.<\/p>\n<p>Juninho<br \/>\nPresidente estadual do PSOL de S\u00e3o Paulo<\/p>\n<p>Michele Vieira<br \/>\nPresidenta municipal do PSOL de S\u00e3o Paulo<\/p>\n","protected":false},"excerpt":{"rendered":"<p>O PSOL repudia a a\u00e7\u00e3o da Pol\u00edcia Militar nos ato contra o aumento das tarifas na cidade de S\u00e3o Paulo. A PM a mando do Governo do Estado vem atuando para reprimir e combater a realiza\u00e7\u00e3o de manifesta\u00e7\u00f5es na cidade, se utilizando de viol\u00eancia abusiva e desproporcional, atingindo mesmo quem n\u00e3o \u00e9 manifestante. Na ter\u00e7a-feira [&hellip;]<\/p>\n","protected":false},"author":2,"featured_media":10989,"comment_status":"open","ping_status":"open","sticky":false,"template":"","format":"standard","meta":{"_acf_changed":false,"footnotes":""},"categories":[654,1104,6,14],"tags":[3893,1196,287,2276,117,859,3904],"class_list":{"0":"post-10988","1":"post","2":"type-post","3":"status-publish","4":"format-standard","5":"has-post-thumbnail","7":"category-estados","8":"category-movimento","9":"category-noticias","10":"category-partido","11":"tag-contra-o-aumento","12":"tag-juninho","13":"tag-manifestacao","14":"tag-michele-vieira","15":"tag-sao-paulo","16":"tag-violencia-policial","17":"tag-vrepressao"},"acf":[],"yoast_head":"<!-- This site is optimized with the Yoast SEO plugin v26.5 - https:\/\/yoast.com\/wordpress\/plugins\/seo\/ -->\n<title>PSOL SP repudia viol\u00eancia policial em atos contra a tarifa - PSOL 50<\/title>\n<meta name=\"robots\" content=\"index, follow, max-snippet:-1, max-image-preview:large, max-video-preview:-1\" \/>\n<link rel=\"canonical\" href=\"https:\/\/psol50.org.br\/psol-sp-repudia-violencia-policial-em-atos-contra-a-tarifa\/\" \/>\n<meta property=\"og:locale\" content=\"pt_BR\" \/>\n<meta property=\"og:type\" content=\"article\" \/>\n<meta property=\"og:title\" content=\"PSOL SP repudia viol\u00eancia policial em atos contra a tarifa - PSOL 50\" \/>\n<meta property=\"og:description\" content=\"O PSOL repudia a a\u00e7\u00e3o da Pol\u00edcia Militar nos ato contra o aumento das tarifas na cidade de S\u00e3o Paulo. A PM a mando do Governo do Estado vem atuando para reprimir e combater a realiza\u00e7\u00e3o de manifesta\u00e7\u00f5es na cidade, se utilizando de viol\u00eancia abusiva e desproporcional, atingindo mesmo quem n\u00e3o \u00e9 manifestante. Na ter\u00e7a-feira [&hellip;]\" \/>\n<meta property=\"og:url\" content=\"https:\/\/psol50.org.br\/psol-sp-repudia-violencia-policial-em-atos-contra-a-tarifa\/\" \/>\n<meta property=\"og:site_name\" content=\"PSOL 50\" \/>\n<meta property=\"article:publisher\" content=\"https:\/\/www.facebook.com\/psol50\" \/>\n<meta property=\"article:published_time\" content=\"2016-01-14T15:20:42+00:00\" \/>\n<meta property=\"og:image\" content=\"https:\/\/psol50.org.br\/inc\/uploads\/2018\/07\/capa.png\" \/>\n\t<meta property=\"og:image:width\" content=\"1350\" \/>\n\t<meta property=\"og:image:height\" content=\"900\" \/>\n\t<meta property=\"og:image:type\" content=\"image\/png\" \/>\n<meta name=\"author\" content=\"Comunica\u00e7\u00e3o PSOL\" \/>\n<meta name=\"twitter:card\" content=\"summary_large_image\" \/>\n<meta name=\"twitter:creator\" content=\"@psol50\" \/>\n<meta name=\"twitter:site\" content=\"@psol50\" \/>\n<meta name=\"twitter:label1\" content=\"Escrito por\" \/>\n\t<meta name=\"twitter:data1\" content=\"Comunica\u00e7\u00e3o PSOL\" \/>\n\t<meta name=\"twitter:label2\" content=\"Est. tempo de leitura\" \/>\n\t<meta name=\"twitter:data2\" content=\"2 minutos\" \/>\n<script type=\"application\/ld+json\" class=\"yoast-schema-graph\">{\"@context\":\"https:\/\/schema.org\",\"@graph\":[{\"@type\":\"Article\",\"@id\":\"https:\/\/psol50.org.br\/psol-sp-repudia-violencia-policial-em-atos-contra-a-tarifa\/#article\",\"isPartOf\":{\"@id\":\"https:\/\/psol50.org.br\/psol-sp-repudia-violencia-policial-em-atos-contra-a-tarifa\/\"},\"author\":{\"name\":\"Comunica\u00e7\u00e3o PSOL\",\"@id\":\"https:\/\/psol50.org.br\/#\/schema\/person\/475dfa57d0b815993c714c2e96491fcd\"},\"headline\":\"PSOL SP repudia viol\u00eancia policial em atos contra a tarifa\",\"datePublished\":\"2016-01-14T15:20:42+00:00\",\"mainEntityOfPage\":{\"@id\":\"https:\/\/psol50.org.br\/psol-sp-repudia-violencia-policial-em-atos-contra-a-tarifa\/\"},\"wordCount\":323,\"commentCount\":0,\"publisher\":{\"@id\":\"https:\/\/psol50.org.br\/#organization\"},\"image\":{\"@id\":\"https:\/\/psol50.org.br\/psol-sp-repudia-violencia-policial-em-atos-contra-a-tarifa\/#primaryimage\"},\"thumbnailUrl\":\"\",\"keywords\":[\"Contra o aumento\",\"Juninho\",\"manifesta\u00e7\u00e3o\",\"Michele Vieira\",\"S\u00e3o Paulo\",\"viol\u00eancia policial\",\"vrepress\u00e3o\"],\"articleSection\":[\"Estados\",\"Movimento\",\"Not\u00edcias\",\"Partido\"],\"inLanguage\":\"pt-BR\",\"potentialAction\":[{\"@type\":\"CommentAction\",\"name\":\"Comment\",\"target\":[\"https:\/\/psol50.org.br\/psol-sp-repudia-violencia-policial-em-atos-contra-a-tarifa\/#respond\"]}]},{\"@type\":\"WebPage\",\"@id\":\"https:\/\/psol50.org.br\/psol-sp-repudia-violencia-policial-em-atos-contra-a-tarifa\/\",\"url\":\"https:\/\/psol50.org.br\/psol-sp-repudia-violencia-policial-em-atos-contra-a-tarifa\/\",\"name\":\"PSOL SP repudia viol\u00eancia policial em atos contra a tarifa - PSOL 50\",\"isPartOf\":{\"@id\":\"https:\/\/psol50.org.br\/#website\"},\"primaryImageOfPage\":{\"@id\":\"https:\/\/psol50.org.br\/psol-sp-repudia-violencia-policial-em-atos-contra-a-tarifa\/#primaryimage\"},\"image\":{\"@id\":\"https:\/\/psol50.org.br\/psol-sp-repudia-violencia-policial-em-atos-contra-a-tarifa\/#primaryimage\"},\"thumbnailUrl\":\"\",\"datePublished\":\"2016-01-14T15:20:42+00:00\",\"breadcrumb\":{\"@id\":\"https:\/\/psol50.org.br\/psol-sp-repudia-violencia-policial-em-atos-contra-a-tarifa\/#breadcrumb\"},\"inLanguage\":\"pt-BR\",\"potentialAction\":[{\"@type\":\"ReadAction\",\"target\":[\"https:\/\/psol50.org.br\/psol-sp-repudia-violencia-policial-em-atos-contra-a-tarifa\/\"]}]},{\"@type\":\"ImageObject\",\"inLanguage\":\"pt-BR\",\"@id\":\"https:\/\/psol50.org.br\/psol-sp-repudia-violencia-policial-em-atos-contra-a-tarifa\/#primaryimage\",\"url\":\"\",\"contentUrl\":\"\"},{\"@type\":\"BreadcrumbList\",\"@id\":\"https:\/\/psol50.org.br\/psol-sp-repudia-violencia-policial-em-atos-contra-a-tarifa\/#breadcrumb\",\"itemListElement\":[{\"@type\":\"ListItem\",\"position\":1,\"name\":\"In\u00edcio\",\"item\":\"https:\/\/psol50.org.br\/\"},{\"@type\":\"ListItem\",\"position\":2,\"name\":\"PSOL SP repudia viol\u00eancia policial em atos contra a tarifa\"}]},{\"@type\":\"WebSite\",\"@id\":\"https:\/\/psol50.org.br\/#website\",\"url\":\"https:\/\/psol50.org.br\/\",\"name\":\"PSOL 50\",\"description\":\"Site oficial do Partido Socialismo e Liberdade\",\"publisher\":{\"@id\":\"https:\/\/psol50.org.br\/#organization\"},\"alternateName\":\"PSOL50\",\"potentialAction\":[{\"@type\":\"SearchAction\",\"target\":{\"@type\":\"EntryPoint\",\"urlTemplate\":\"https:\/\/psol50.org.br\/?s={search_term_string}\"},\"query-input\":{\"@type\":\"PropertyValueSpecification\",\"valueRequired\":true,\"valueName\":\"search_term_string\"}}],\"inLanguage\":\"pt-BR\"},{\"@type\":\"Organization\",\"@id\":\"https:\/\/psol50.org.br\/#organization\",\"name\":\"PSOL 50\",\"alternateName\":\"PSOL 50\",\"url\":\"https:\/\/psol50.org.br\/\",\"logo\":{\"@type\":\"ImageObject\",\"inLanguage\":\"pt-BR\",\"@id\":\"https:\/\/psol50.org.br\/#\/schema\/logo\/image\/\",\"url\":\"https:\/\/psol50.org.br\/inc\/uploads\/2018\/07\/capa.png\",\"contentUrl\":\"https:\/\/psol50.org.br\/inc\/uploads\/2018\/07\/capa.png\",\"width\":1350,\"height\":900,\"caption\":\"PSOL 50\"},\"image\":{\"@id\":\"https:\/\/psol50.org.br\/#\/schema\/logo\/image\/\"},\"sameAs\":[\"https:\/\/www.facebook.com\/psol50\",\"https:\/\/x.com\/psol50\",\"https:\/\/www.instagram.com\/psol50\/\",\"https:\/\/www.youtube.com\/channel\/UC7SnJS5o1os7a6CaiNabzcg\"]},{\"@type\":\"Person\",\"@id\":\"https:\/\/psol50.org.br\/#\/schema\/person\/475dfa57d0b815993c714c2e96491fcd\",\"name\":\"Comunica\u00e7\u00e3o PSOL\",\"image\":{\"@type\":\"ImageObject\",\"inLanguage\":\"pt-BR\",\"@id\":\"https:\/\/psol50.org.br\/#\/schema\/person\/image\/\",\"url\":\"https:\/\/secure.gravatar.com\/avatar\/b34fc4f4e468a4e51785917065a3db57b841f5c95dba6ad8c73aaf8f66f8f9bf?s=96&d=mm&r=g\",\"contentUrl\":\"https:\/\/secure.gravatar.com\/avatar\/b34fc4f4e468a4e51785917065a3db57b841f5c95dba6ad8c73aaf8f66f8f9bf?s=96&d=mm&r=g\",\"caption\":\"Comunica\u00e7\u00e3o PSOL\"}}]}<\/script>\n<!-- \/ Yoast SEO plugin. -->","yoast_head_json":{"title":"PSOL SP repudia viol\u00eancia policial em atos contra a tarifa - PSOL 50","robots":{"index":"index","follow":"follow","max-snippet":"max-snippet:-1","max-image-preview":"max-image-preview:large","max-video-preview":"max-video-preview:-1"},"canonical":"https:\/\/psol50.org.br\/psol-sp-repudia-violencia-policial-em-atos-contra-a-tarifa\/","og_locale":"pt_BR","og_type":"article","og_title":"PSOL SP repudia viol\u00eancia policial em atos contra a tarifa - PSOL 50","og_description":"O PSOL repudia a a\u00e7\u00e3o da Pol\u00edcia Militar nos ato contra o aumento das tarifas na cidade de S\u00e3o Paulo. A PM a mando do Governo do Estado vem atuando para reprimir e combater a realiza\u00e7\u00e3o de manifesta\u00e7\u00f5es na cidade, se utilizando de viol\u00eancia abusiva e desproporcional, atingindo mesmo quem n\u00e3o \u00e9 manifestante. Na ter\u00e7a-feira [&hellip;]","og_url":"https:\/\/psol50.org.br\/psol-sp-repudia-violencia-policial-em-atos-contra-a-tarifa\/","og_site_name":"PSOL 50","article_publisher":"https:\/\/www.facebook.com\/psol50","article_published_time":"2016-01-14T15:20:42+00:00","og_image":[{"width":1350,"height":900,"url":"https:\/\/psol50.org.br\/inc\/uploads\/2018\/07\/capa.png","type":"image\/png"}],"author":"Comunica\u00e7\u00e3o PSOL","twitter_card":"summary_large_image","twitter_creator":"@psol50","twitter_site":"@psol50","twitter_misc":{"Escrito por":"Comunica\u00e7\u00e3o PSOL","Est. tempo de leitura":"2 minutos"},"schema":{"@context":"https:\/\/schema.org","@graph":[{"@type":"Article","@id":"https:\/\/psol50.org.br\/psol-sp-repudia-violencia-policial-em-atos-contra-a-tarifa\/#article","isPartOf":{"@id":"https:\/\/psol50.org.br\/psol-sp-repudia-violencia-policial-em-atos-contra-a-tarifa\/"},"author":{"name":"Comunica\u00e7\u00e3o PSOL","@id":"https:\/\/psol50.org.br\/#\/schema\/person\/475dfa57d0b815993c714c2e96491fcd"},"headline":"PSOL SP repudia viol\u00eancia policial em atos contra a tarifa","datePublished":"2016-01-14T15:20:42+00:00","mainEntityOfPage":{"@id":"https:\/\/psol50.org.br\/psol-sp-repudia-violencia-policial-em-atos-contra-a-tarifa\/"},"wordCount":323,"commentCount":0,"publisher":{"@id":"https:\/\/psol50.org.br\/#organization"},"image":{"@id":"https:\/\/psol50.org.br\/psol-sp-repudia-violencia-policial-em-atos-contra-a-tarifa\/#primaryimage"},"thumbnailUrl":"","keywords":["Contra o aumento","Juninho","manifesta\u00e7\u00e3o","Michele Vieira","S\u00e3o Paulo","viol\u00eancia policial","vrepress\u00e3o"],"articleSection":["Estados","Movimento","Not\u00edcias","Partido"],"inLanguage":"pt-BR","potentialAction":[{"@type":"CommentAction","name":"Comment","target":["https:\/\/psol50.org.br\/psol-sp-repudia-violencia-policial-em-atos-contra-a-tarifa\/#respond"]}]},{"@type":"WebPage","@id":"https:\/\/psol50.org.br\/psol-sp-repudia-violencia-policial-em-atos-contra-a-tarifa\/","url":"https:\/\/psol50.org.br\/psol-sp-repudia-violencia-policial-em-atos-contra-a-tarifa\/","name":"PSOL SP repudia viol\u00eancia policial em atos contra a tarifa - PSOL 50","isPartOf":{"@id":"https:\/\/psol50.org.br\/#website"},"primaryImageOfPage":{"@id":"https:\/\/psol50.org.br\/psol-sp-repudia-violencia-policial-em-atos-contra-a-tarifa\/#primaryimage"},"image":{"@id":"https:\/\/psol50.org.br\/psol-sp-repudia-violencia-policial-em-atos-contra-a-tarifa\/#primaryimage"},"thumbnailUrl":"","datePublished":"2016-01-14T15:20:42+00:00","breadcrumb":{"@id":"https:\/\/psol50.org.br\/psol-sp-repudia-violencia-policial-em-atos-contra-a-tarifa\/#breadcrumb"},"inLanguage":"pt-BR","potentialAction":[{"@type":"ReadAction","target":["https:\/\/psol50.org.br\/psol-sp-repudia-violencia-policial-em-atos-contra-a-tarifa\/"]}]},{"@type":"ImageObject","inLanguage":"pt-BR","@id":"https:\/\/psol50.org.br\/psol-sp-repudia-violencia-policial-em-atos-contra-a-tarifa\/#primaryimage","url":"","contentUrl":""},{"@type":"BreadcrumbList","@id":"https:\/\/psol50.org.br\/psol-sp-repudia-violencia-policial-em-atos-contra-a-tarifa\/#breadcrumb","itemListElement":[{"@type":"ListItem","position":1,"name":"In\u00edcio","item":"https:\/\/psol50.org.br\/"},{"@type":"ListItem","position":2,"name":"PSOL SP repudia viol\u00eancia policial em atos contra a tarifa"}]},{"@type":"WebSite","@id":"https:\/\/psol50.org.br\/#website","url":"https:\/\/psol50.org.br\/","name":"PSOL 50","description":"Site oficial do Partido Socialismo e Liberdade","publisher":{"@id":"https:\/\/psol50.org.br\/#organization"},"alternateName":"PSOL50","potentialAction":[{"@type":"SearchAction","target":{"@type":"EntryPoint","urlTemplate":"https:\/\/psol50.org.br\/?s={search_term_string}"},"query-input":{"@type":"PropertyValueSpecification","valueRequired":true,"valueName":"search_term_string"}}],"inLanguage":"pt-BR"},{"@type":"Organization","@id":"https:\/\/psol50.org.br\/#organization","name":"PSOL 50","alternateName":"PSOL 50","url":"https:\/\/psol50.org.br\/","logo":{"@type":"ImageObject","inLanguage":"pt-BR","@id":"https:\/\/psol50.org.br\/#\/schema\/logo\/image\/","url":"https:\/\/psol50.org.br\/inc\/uploads\/2018\/07\/capa.png","contentUrl":"https:\/\/psol50.org.br\/inc\/uploads\/2018\/07\/capa.png","width":1350,"height":900,"caption":"PSOL 50"},"image":{"@id":"https:\/\/psol50.org.br\/#\/schema\/logo\/image\/"},"sameAs":["https:\/\/www.facebook.com\/psol50","https:\/\/x.com\/psol50","https:\/\/www.instagram.com\/psol50\/","https:\/\/www.youtube.com\/channel\/UC7SnJS5o1os7a6CaiNabzcg"]},{"@type":"Person","@id":"https:\/\/psol50.org.br\/#\/schema\/person\/475dfa57d0b815993c714c2e96491fcd","name":"Comunica\u00e7\u00e3o PSOL","image":{"@type":"ImageObject","inLanguage":"pt-BR","@id":"https:\/\/psol50.org.br\/#\/schema\/person\/image\/","url":"https:\/\/secure.gravatar.com\/avatar\/b34fc4f4e468a4e51785917065a3db57b841f5c95dba6ad8c73aaf8f66f8f9bf?s=96&d=mm&r=g","contentUrl":"https:\/\/secure.gravatar.com\/avatar\/b34fc4f4e468a4e51785917065a3db57b841f5c95dba6ad8c73aaf8f66f8f9bf?s=96&d=mm&r=g","caption":"Comunica\u00e7\u00e3o PSOL"}}]}},"_links":{"self":[{"href":"https:\/\/psol50.org.br\/rest\/wp\/v2\/posts\/10988","targetHints":{"allow":["GET"]}}],"collection":[{"href":"https:\/\/psol50.org.br\/rest\/wp\/v2\/posts"}],"about":[{"href":"https:\/\/psol50.org.br\/rest\/wp\/v2\/types\/post"}],"author":[{"embeddable":true,"href":"https:\/\/psol50.org.br\/rest\/wp\/v2\/users\/2"}],"replies":[{"embeddable":true,"href":"https:\/\/psol50.org.br\/rest\/wp\/v2\/comments?post=10988"}],"version-history":[{"count":0,"href":"https:\/\/psol50.org.br\/rest\/wp\/v2\/posts\/10988\/revisions"}],"wp:featuredmedia":[{"embeddable":true,"href":"https:\/\/psol50.org.br\/rest\/"}],"wp:attachment":[{"href":"https:\/\/psol50.org.br\/rest\/wp\/v2\/media?parent=10988"}],"wp:term":[{"taxonomy":"category","embeddable":true,"href":"https:\/\/psol50.org.br\/rest\/wp\/v2\/categories?post=10988"},{"taxonomy":"post_tag","embeddable":true,"href":"https:\/\/psol50.org.br\/rest\/wp\/v2\/tags?post=10988"}],"curies":[{"name":"wp","href":"https:\/\/api.w.org\/{rel}","templated":true}]}}