{"id":10991,"date":"2016-01-14T17:28:21","date_gmt":"2016-01-14T17:28:21","guid":{"rendered":"http:\/\/www.psol50.org.br\/?p=10991"},"modified":"2016-01-14T17:28:21","modified_gmt":"2016-01-14T17:28:21","slug":"psol-entra-na-justica-contra-violencia-policial-nas-manifestacoes","status":"publish","type":"post","link":"https:\/\/psol50.org.br\/psol-entra-na-justica-contra-violencia-policial-nas-manifestacoes\/","title":{"rendered":"PSOL entra na Justi\u00e7a contra viol\u00eancia policial nas manifesta\u00e7\u00f5es"},"content":{"rendered":"<p>O PSOL S\u00e3o Paulo entrou nesta quinta-feira (14) com uma representa\u00e7\u00e3o na Justi\u00e7a contra a viol\u00eancia policial nas manifesta\u00e7\u00f5es contra o aumento das tarifas de transporte p\u00fablico. Assinam a pe\u00e7a o presidente estadual do partido, Juninho, a presidenta municipal, Michele Vieira, os mandatos dos vereadores Toninho Vespoli (S\u00e3o Paulo) e Paulo Bufalo (Campinas) e dos deputados Ivan Valente, Carlos Giannazi e Raul Marcelo.<\/p>\n<p>A a\u00e7\u00e3o pede ao Minist\u00e9rio P\u00fablico estadual que investigue os abusos cometidos pela Pol\u00edcia Militar na manifesta\u00e7\u00e3o ocorrida na \u00faltima ter\u00e7a-feira (12), quando a dura repress\u00e3o veio antes mesmo do ato come\u00e7ar. A PM trancou todas as sa\u00eddas da concentra\u00e7\u00e3o do ato, na Avenida Paulista, e disparou bombas contra os cerca de cinco mil ativistas que estavam nela.<\/p>\n<p><em>Leia mais:\u00a0<a href=\"http:\/\/www.psol50.org.br\/2016\/01\/a-barbarie-policial-em-sao-paulo\/\" target=\"_blank\" rel=\"noopener\">A barb\u00e1rie policial em S\u00e3o Paulo<\/a>.<\/em><\/p>\n<p>Al\u00e9m disso, a pe\u00e7a pede que o MP garanta o direito \u00e0 livre manifesta\u00e7\u00e3o e previna outros atos de viol\u00eancia da pol\u00edcia. Na ter\u00e7a, o secret\u00e1rio de seguran\u00e7a p\u00fablica de S\u00e3o Paulo, Alexandre de Moraes, afirmou que a t\u00e1tica usada na manifesta\u00e7\u00e3o ser\u00e1 mantida e que, pior, a partir de agora a pol\u00edcia vai definir o trajeto dos atos, ferindo diretamente o direito dos manifestantes.<\/p>\n<p><em>Leia mais:\u00a0<a href=\"http:\/\/www.psol50.org.br\/2016\/01\/psol-sp-repudia-violencia-policial-em-atos-contra-a-tarifa\/\" target=\"_blank\" rel=\"noopener\">PSOL SP repudia viol\u00eancia policial em atos contra a tarifa<\/a><\/em><\/p>\n<p>Para o presidente do PSOL SP, Juninho, as manifesta\u00e7\u00f5es que questionam o aumento abusivo da tarifa s\u00e3o leg\u00edtimas. \u201cOs governantes optam pelo caminho mais f\u00e1cil que \u00e9 o de garantir o aumento dos lucros das empresas em detrimento da qualidade do transporte e da livre circula\u00e7\u00e3o das pessoas pelos centros urbanos. O transporte p\u00fablico, a mobilidade urbana, deve ser visto como um direito e n\u00e3o apenas como meio de transportar as pessoas para o trabalho\u201d, afirma.<\/p>\n<p>\u201cO que assistimos na \u00faltima ter\u00e7a-feira foi um massacre orquestrado pelo secret\u00e1rio de seguran\u00e7a p\u00fablica, atingindo brutalmente manifestantes e n\u00e3o manifestantes. Uma a\u00e7\u00e3o desproporcional de intoler\u00e2ncia e de estado de exce\u00e7\u00e3o\u201d, diz. \u201cO PSOL repudia essa a\u00e7\u00e3o e por isso acionou o MP para que inqu\u00e9rito seja aberto e que sejam tomadas medidas cab\u00edveis\u201d.<\/p>\n<p><a href=\"https:\/\/www.dropbox.com\/s\/f288928rp4h11bq\/Representa%C3%A7%C3%A3o%20do%20PSOL%20contra%20a%20viol%C3%AAncia%20nas%20manifesta%C3%A7%C3%B5es.pdf?dl=0\" target=\"_blank\" rel=\"noopener\">Clique aqui e leia na \u00edntegra a representa\u00e7\u00e3o do PSOL.<\/a><\/p>\n<p>Assista abaixo o v\u00eddeo gravado por Juninho e pelo vereador Toninho Vespoli no Minist\u00e9rio P\u00fablico, logo ap\u00f3s protocolarem a representa\u00e7\u00e3o:<\/p>\n<div id=\"fb-root\"><\/div>\n<p><script>(function(d, s, id) {  var js, fjs = d.getElementsByTagName(s)[0];  if (d.getElementById(id)) return;  js = d.createElement(s); js.id = id;  js.src = \"\/\/connect.facebook.net\/pt_BR\/sdk.js#xfbml=1&version=v2.3\";  fjs.parentNode.insertBefore(js, fjs);}(document, 'script', 'facebook-jssdk'));<\/script><\/p>\n<div class=\"fb-post\" data-href=\"https:\/\/www.facebook.com\/toninho.vespoli\/videos\/855473644569242\/\" data-width=\"500\">\n<div class=\"fb-xfbml-parse-ignore\">\n<blockquote cite=\"https:\/\/www.facebook.com\/toninho.vespoli\/videos\/855473644569242\/\">\n<p>TONINHO VESPOLI E OUTROS PARLAMENTARES DO PSOL PEDEM QUE MINIST&#xc9;RIO P&#xda;BLICO INVESTIGUE VIOLA&#xc7;&#xd5;ES DE DIREITOS HUMANOS NA&#8230;<\/p>\n<p>Publicado por <a href=\"https:\/\/www.facebook.com\/toninho.vespoli\/\">Toninho Vespoli<\/a> em&nbsp;<a href=\"https:\/\/www.facebook.com\/toninho.vespoli\/videos\/855473644569242\/\">Quinta, 14 de janeiro de 2016<\/a><\/p><\/blockquote>\n<\/div>\n<\/div>\n","protected":false},"excerpt":{"rendered":"<p>O PSOL S\u00e3o Paulo entrou nesta quinta-feira (14) com uma representa\u00e7\u00e3o na Justi\u00e7a contra a viol\u00eancia policial nas manifesta\u00e7\u00f5es contra o aumento das tarifas de transporte p\u00fablico. Assinam a pe\u00e7a o presidente estadual do partido, Juninho, a presidenta municipal, Michele Vieira, os mandatos dos vereadores Toninho Vespoli (S\u00e3o Paulo) e Paulo Bufalo (Campinas) e dos [&hellip;]<\/p>\n","protected":false},"author":2,"featured_media":10993,"comment_status":"open","ping_status":"open","sticky":false,"template":"","format":"standard","meta":{"_acf_changed":false,"footnotes":""},"categories":[10,654,1104,6,14],"tags":[3893,552,1196,287,1657,117,300,233],"class_list":{"0":"post-10991","1":"post","2":"type-post","3":"status-publish","4":"format-standard","5":"has-post-thumbnail","7":"category-acao-parlamentares","8":"category-estados","9":"category-movimento","10":"category-noticias","11":"category-partido","12":"tag-contra-o-aumento","13":"tag-ivan-valente","14":"tag-juninho","15":"tag-manifestacao","16":"tag-repressao","17":"tag-sao-paulo","18":"tag-toninho-vespoli","19":"tag-violencia"},"acf":[],"yoast_head":"<!-- This site is optimized with the Yoast SEO plugin v26.5 - https:\/\/yoast.com\/wordpress\/plugins\/seo\/ -->\n<title>PSOL entra na Justi\u00e7a contra viol\u00eancia policial nas manifesta\u00e7\u00f5es - PSOL 50<\/title>\n<meta name=\"robots\" content=\"index, follow, max-snippet:-1, max-image-preview:large, max-video-preview:-1\" \/>\n<link rel=\"canonical\" href=\"https:\/\/psol50.org.br\/psol-entra-na-justica-contra-violencia-policial-nas-manifestacoes\/\" \/>\n<meta property=\"og:locale\" content=\"pt_BR\" \/>\n<meta property=\"og:type\" content=\"article\" \/>\n<meta property=\"og:title\" content=\"PSOL entra na Justi\u00e7a contra viol\u00eancia policial nas manifesta\u00e7\u00f5es - PSOL 50\" \/>\n<meta property=\"og:description\" content=\"O PSOL S\u00e3o Paulo entrou nesta quinta-feira (14) com uma representa\u00e7\u00e3o na Justi\u00e7a contra a viol\u00eancia policial nas manifesta\u00e7\u00f5es contra o aumento das tarifas de transporte p\u00fablico. Assinam a pe\u00e7a o presidente estadual do partido, Juninho, a presidenta municipal, Michele Vieira, os mandatos dos vereadores Toninho Vespoli (S\u00e3o Paulo) e Paulo Bufalo (Campinas) e dos [&hellip;]\" \/>\n<meta property=\"og:url\" content=\"https:\/\/psol50.org.br\/psol-entra-na-justica-contra-violencia-policial-nas-manifestacoes\/\" \/>\n<meta property=\"og:site_name\" content=\"PSOL 50\" \/>\n<meta property=\"article:publisher\" content=\"https:\/\/www.facebook.com\/psol50\" \/>\n<meta property=\"article:published_time\" content=\"2016-01-14T17:28:21+00:00\" \/>\n<meta property=\"og:image\" content=\"https:\/\/psol50.org.br\/inc\/uploads\/2018\/07\/capa.png\" \/>\n\t<meta property=\"og:image:width\" content=\"1350\" \/>\n\t<meta property=\"og:image:height\" content=\"900\" \/>\n\t<meta property=\"og:image:type\" content=\"image\/png\" \/>\n<meta name=\"author\" content=\"Comunica\u00e7\u00e3o PSOL\" \/>\n<meta name=\"twitter:card\" content=\"summary_large_image\" \/>\n<meta name=\"twitter:creator\" content=\"@psol50\" \/>\n<meta name=\"twitter:site\" content=\"@psol50\" \/>\n<meta name=\"twitter:label1\" content=\"Escrito por\" \/>\n\t<meta name=\"twitter:data1\" content=\"Comunica\u00e7\u00e3o PSOL\" \/>\n\t<meta name=\"twitter:label2\" content=\"Est. tempo de leitura\" \/>\n\t<meta name=\"twitter:data2\" content=\"2 minutos\" \/>\n<script type=\"application\/ld+json\" class=\"yoast-schema-graph\">{\"@context\":\"https:\/\/schema.org\",\"@graph\":[{\"@type\":\"Article\",\"@id\":\"https:\/\/psol50.org.br\/psol-entra-na-justica-contra-violencia-policial-nas-manifestacoes\/#article\",\"isPartOf\":{\"@id\":\"https:\/\/psol50.org.br\/psol-entra-na-justica-contra-violencia-policial-nas-manifestacoes\/\"},\"author\":{\"name\":\"Comunica\u00e7\u00e3o PSOL\",\"@id\":\"https:\/\/psol50.org.br\/#\/schema\/person\/475dfa57d0b815993c714c2e96491fcd\"},\"headline\":\"PSOL entra na Justi\u00e7a contra viol\u00eancia policial nas manifesta\u00e7\u00f5es\",\"datePublished\":\"2016-01-14T17:28:21+00:00\",\"mainEntityOfPage\":{\"@id\":\"https:\/\/psol50.org.br\/psol-entra-na-justica-contra-violencia-policial-nas-manifestacoes\/\"},\"wordCount\":466,\"commentCount\":0,\"publisher\":{\"@id\":\"https:\/\/psol50.org.br\/#organization\"},\"image\":{\"@id\":\"https:\/\/psol50.org.br\/psol-entra-na-justica-contra-violencia-policial-nas-manifestacoes\/#primaryimage\"},\"thumbnailUrl\":\"\",\"keywords\":[\"Contra o aumento\",\"Ivan Valente\",\"Juninho\",\"manifesta\u00e7\u00e3o\",\"Repress\u00e3o\",\"S\u00e3o Paulo\",\"Toninho Vespoli\",\"viol\u00eancia\"],\"articleSection\":[\"A\u00e7\u00e3o Parlamentar\",\"Estados\",\"Movimento\",\"Not\u00edcias\",\"Partido\"],\"inLanguage\":\"pt-BR\",\"potentialAction\":[{\"@type\":\"CommentAction\",\"name\":\"Comment\",\"target\":[\"https:\/\/psol50.org.br\/psol-entra-na-justica-contra-violencia-policial-nas-manifestacoes\/#respond\"]}]},{\"@type\":\"WebPage\",\"@id\":\"https:\/\/psol50.org.br\/psol-entra-na-justica-contra-violencia-policial-nas-manifestacoes\/\",\"url\":\"https:\/\/psol50.org.br\/psol-entra-na-justica-contra-violencia-policial-nas-manifestacoes\/\",\"name\":\"PSOL entra na Justi\u00e7a contra viol\u00eancia policial nas manifesta\u00e7\u00f5es - PSOL 50\",\"isPartOf\":{\"@id\":\"https:\/\/psol50.org.br\/#website\"},\"primaryImageOfPage\":{\"@id\":\"https:\/\/psol50.org.br\/psol-entra-na-justica-contra-violencia-policial-nas-manifestacoes\/#primaryimage\"},\"image\":{\"@id\":\"https:\/\/psol50.org.br\/psol-entra-na-justica-contra-violencia-policial-nas-manifestacoes\/#primaryimage\"},\"thumbnailUrl\":\"\",\"datePublished\":\"2016-01-14T17:28:21+00:00\",\"breadcrumb\":{\"@id\":\"https:\/\/psol50.org.br\/psol-entra-na-justica-contra-violencia-policial-nas-manifestacoes\/#breadcrumb\"},\"inLanguage\":\"pt-BR\",\"potentialAction\":[{\"@type\":\"ReadAction\",\"target\":[\"https:\/\/psol50.org.br\/psol-entra-na-justica-contra-violencia-policial-nas-manifestacoes\/\"]}]},{\"@type\":\"ImageObject\",\"inLanguage\":\"pt-BR\",\"@id\":\"https:\/\/psol50.org.br\/psol-entra-na-justica-contra-violencia-policial-nas-manifestacoes\/#primaryimage\",\"url\":\"\",\"contentUrl\":\"\"},{\"@type\":\"BreadcrumbList\",\"@id\":\"https:\/\/psol50.org.br\/psol-entra-na-justica-contra-violencia-policial-nas-manifestacoes\/#breadcrumb\",\"itemListElement\":[{\"@type\":\"ListItem\",\"position\":1,\"name\":\"In\u00edcio\",\"item\":\"https:\/\/psol50.org.br\/\"},{\"@type\":\"ListItem\",\"position\":2,\"name\":\"PSOL entra na Justi\u00e7a contra viol\u00eancia policial nas manifesta\u00e7\u00f5es\"}]},{\"@type\":\"WebSite\",\"@id\":\"https:\/\/psol50.org.br\/#website\",\"url\":\"https:\/\/psol50.org.br\/\",\"name\":\"PSOL 50\",\"description\":\"Site oficial do Partido Socialismo e Liberdade\",\"publisher\":{\"@id\":\"https:\/\/psol50.org.br\/#organization\"},\"alternateName\":\"PSOL50\",\"potentialAction\":[{\"@type\":\"SearchAction\",\"target\":{\"@type\":\"EntryPoint\",\"urlTemplate\":\"https:\/\/psol50.org.br\/?s={search_term_string}\"},\"query-input\":{\"@type\":\"PropertyValueSpecification\",\"valueRequired\":true,\"valueName\":\"search_term_string\"}}],\"inLanguage\":\"pt-BR\"},{\"@type\":\"Organization\",\"@id\":\"https:\/\/psol50.org.br\/#organization\",\"name\":\"PSOL 50\",\"alternateName\":\"PSOL 50\",\"url\":\"https:\/\/psol50.org.br\/\",\"logo\":{\"@type\":\"ImageObject\",\"inLanguage\":\"pt-BR\",\"@id\":\"https:\/\/psol50.org.br\/#\/schema\/logo\/image\/\",\"url\":\"https:\/\/psol50.org.br\/inc\/uploads\/2018\/07\/capa.png\",\"contentUrl\":\"https:\/\/psol50.org.br\/inc\/uploads\/2018\/07\/capa.png\",\"width\":1350,\"height\":900,\"caption\":\"PSOL 50\"},\"image\":{\"@id\":\"https:\/\/psol50.org.br\/#\/schema\/logo\/image\/\"},\"sameAs\":[\"https:\/\/www.facebook.com\/psol50\",\"https:\/\/x.com\/psol50\",\"https:\/\/www.instagram.com\/psol50\/\",\"https:\/\/www.youtube.com\/channel\/UC7SnJS5o1os7a6CaiNabzcg\"]},{\"@type\":\"Person\",\"@id\":\"https:\/\/psol50.org.br\/#\/schema\/person\/475dfa57d0b815993c714c2e96491fcd\",\"name\":\"Comunica\u00e7\u00e3o PSOL\",\"image\":{\"@type\":\"ImageObject\",\"inLanguage\":\"pt-BR\",\"@id\":\"https:\/\/psol50.org.br\/#\/schema\/person\/image\/\",\"url\":\"https:\/\/secure.gravatar.com\/avatar\/b34fc4f4e468a4e51785917065a3db57b841f5c95dba6ad8c73aaf8f66f8f9bf?s=96&d=mm&r=g\",\"contentUrl\":\"https:\/\/secure.gravatar.com\/avatar\/b34fc4f4e468a4e51785917065a3db57b841f5c95dba6ad8c73aaf8f66f8f9bf?s=96&d=mm&r=g\",\"caption\":\"Comunica\u00e7\u00e3o PSOL\"}}]}<\/script>\n<!-- \/ Yoast SEO plugin. -->","yoast_head_json":{"title":"PSOL entra na Justi\u00e7a contra viol\u00eancia policial nas manifesta\u00e7\u00f5es - PSOL 50","robots":{"index":"index","follow":"follow","max-snippet":"max-snippet:-1","max-image-preview":"max-image-preview:large","max-video-preview":"max-video-preview:-1"},"canonical":"https:\/\/psol50.org.br\/psol-entra-na-justica-contra-violencia-policial-nas-manifestacoes\/","og_locale":"pt_BR","og_type":"article","og_title":"PSOL entra na Justi\u00e7a contra viol\u00eancia policial nas manifesta\u00e7\u00f5es - PSOL 50","og_description":"O PSOL S\u00e3o Paulo entrou nesta quinta-feira (14) com uma representa\u00e7\u00e3o na Justi\u00e7a contra a viol\u00eancia policial nas manifesta\u00e7\u00f5es contra o aumento das tarifas de transporte p\u00fablico. Assinam a pe\u00e7a o presidente estadual do partido, Juninho, a presidenta municipal, Michele Vieira, os mandatos dos vereadores Toninho Vespoli (S\u00e3o Paulo) e Paulo Bufalo (Campinas) e dos [&hellip;]","og_url":"https:\/\/psol50.org.br\/psol-entra-na-justica-contra-violencia-policial-nas-manifestacoes\/","og_site_name":"PSOL 50","article_publisher":"https:\/\/www.facebook.com\/psol50","article_published_time":"2016-01-14T17:28:21+00:00","og_image":[{"width":1350,"height":900,"url":"https:\/\/psol50.org.br\/inc\/uploads\/2018\/07\/capa.png","type":"image\/png"}],"author":"Comunica\u00e7\u00e3o PSOL","twitter_card":"summary_large_image","twitter_creator":"@psol50","twitter_site":"@psol50","twitter_misc":{"Escrito por":"Comunica\u00e7\u00e3o PSOL","Est. tempo de leitura":"2 minutos"},"schema":{"@context":"https:\/\/schema.org","@graph":[{"@type":"Article","@id":"https:\/\/psol50.org.br\/psol-entra-na-justica-contra-violencia-policial-nas-manifestacoes\/#article","isPartOf":{"@id":"https:\/\/psol50.org.br\/psol-entra-na-justica-contra-violencia-policial-nas-manifestacoes\/"},"author":{"name":"Comunica\u00e7\u00e3o PSOL","@id":"https:\/\/psol50.org.br\/#\/schema\/person\/475dfa57d0b815993c714c2e96491fcd"},"headline":"PSOL entra na Justi\u00e7a contra viol\u00eancia policial nas manifesta\u00e7\u00f5es","datePublished":"2016-01-14T17:28:21+00:00","mainEntityOfPage":{"@id":"https:\/\/psol50.org.br\/psol-entra-na-justica-contra-violencia-policial-nas-manifestacoes\/"},"wordCount":466,"commentCount":0,"publisher":{"@id":"https:\/\/psol50.org.br\/#organization"},"image":{"@id":"https:\/\/psol50.org.br\/psol-entra-na-justica-contra-violencia-policial-nas-manifestacoes\/#primaryimage"},"thumbnailUrl":"","keywords":["Contra o aumento","Ivan Valente","Juninho","manifesta\u00e7\u00e3o","Repress\u00e3o","S\u00e3o Paulo","Toninho Vespoli","viol\u00eancia"],"articleSection":["A\u00e7\u00e3o Parlamentar","Estados","Movimento","Not\u00edcias","Partido"],"inLanguage":"pt-BR","potentialAction":[{"@type":"CommentAction","name":"Comment","target":["https:\/\/psol50.org.br\/psol-entra-na-justica-contra-violencia-policial-nas-manifestacoes\/#respond"]}]},{"@type":"WebPage","@id":"https:\/\/psol50.org.br\/psol-entra-na-justica-contra-violencia-policial-nas-manifestacoes\/","url":"https:\/\/psol50.org.br\/psol-entra-na-justica-contra-violencia-policial-nas-manifestacoes\/","name":"PSOL entra na Justi\u00e7a contra viol\u00eancia policial nas manifesta\u00e7\u00f5es - PSOL 50","isPartOf":{"@id":"https:\/\/psol50.org.br\/#website"},"primaryImageOfPage":{"@id":"https:\/\/psol50.org.br\/psol-entra-na-justica-contra-violencia-policial-nas-manifestacoes\/#primaryimage"},"image":{"@id":"https:\/\/psol50.org.br\/psol-entra-na-justica-contra-violencia-policial-nas-manifestacoes\/#primaryimage"},"thumbnailUrl":"","datePublished":"2016-01-14T17:28:21+00:00","breadcrumb":{"@id":"https:\/\/psol50.org.br\/psol-entra-na-justica-contra-violencia-policial-nas-manifestacoes\/#breadcrumb"},"inLanguage":"pt-BR","potentialAction":[{"@type":"ReadAction","target":["https:\/\/psol50.org.br\/psol-entra-na-justica-contra-violencia-policial-nas-manifestacoes\/"]}]},{"@type":"ImageObject","inLanguage":"pt-BR","@id":"https:\/\/psol50.org.br\/psol-entra-na-justica-contra-violencia-policial-nas-manifestacoes\/#primaryimage","url":"","contentUrl":""},{"@type":"BreadcrumbList","@id":"https:\/\/psol50.org.br\/psol-entra-na-justica-contra-violencia-policial-nas-manifestacoes\/#breadcrumb","itemListElement":[{"@type":"ListItem","position":1,"name":"In\u00edcio","item":"https:\/\/psol50.org.br\/"},{"@type":"ListItem","position":2,"name":"PSOL entra na Justi\u00e7a contra viol\u00eancia policial nas manifesta\u00e7\u00f5es"}]},{"@type":"WebSite","@id":"https:\/\/psol50.org.br\/#website","url":"https:\/\/psol50.org.br\/","name":"PSOL 50","description":"Site oficial do Partido Socialismo e Liberdade","publisher":{"@id":"https:\/\/psol50.org.br\/#organization"},"alternateName":"PSOL50","potentialAction":[{"@type":"SearchAction","target":{"@type":"EntryPoint","urlTemplate":"https:\/\/psol50.org.br\/?s={search_term_string}"},"query-input":{"@type":"PropertyValueSpecification","valueRequired":true,"valueName":"search_term_string"}}],"inLanguage":"pt-BR"},{"@type":"Organization","@id":"https:\/\/psol50.org.br\/#organization","name":"PSOL 50","alternateName":"PSOL 50","url":"https:\/\/psol50.org.br\/","logo":{"@type":"ImageObject","inLanguage":"pt-BR","@id":"https:\/\/psol50.org.br\/#\/schema\/logo\/image\/","url":"https:\/\/psol50.org.br\/inc\/uploads\/2018\/07\/capa.png","contentUrl":"https:\/\/psol50.org.br\/inc\/uploads\/2018\/07\/capa.png","width":1350,"height":900,"caption":"PSOL 50"},"image":{"@id":"https:\/\/psol50.org.br\/#\/schema\/logo\/image\/"},"sameAs":["https:\/\/www.facebook.com\/psol50","https:\/\/x.com\/psol50","https:\/\/www.instagram.com\/psol50\/","https:\/\/www.youtube.com\/channel\/UC7SnJS5o1os7a6CaiNabzcg"]},{"@type":"Person","@id":"https:\/\/psol50.org.br\/#\/schema\/person\/475dfa57d0b815993c714c2e96491fcd","name":"Comunica\u00e7\u00e3o PSOL","image":{"@type":"ImageObject","inLanguage":"pt-BR","@id":"https:\/\/psol50.org.br\/#\/schema\/person\/image\/","url":"https:\/\/secure.gravatar.com\/avatar\/b34fc4f4e468a4e51785917065a3db57b841f5c95dba6ad8c73aaf8f66f8f9bf?s=96&d=mm&r=g","contentUrl":"https:\/\/secure.gravatar.com\/avatar\/b34fc4f4e468a4e51785917065a3db57b841f5c95dba6ad8c73aaf8f66f8f9bf?s=96&d=mm&r=g","caption":"Comunica\u00e7\u00e3o PSOL"}}]}},"_links":{"self":[{"href":"https:\/\/psol50.org.br\/rest\/wp\/v2\/posts\/10991","targetHints":{"allow":["GET"]}}],"collection":[{"href":"https:\/\/psol50.org.br\/rest\/wp\/v2\/posts"}],"about":[{"href":"https:\/\/psol50.org.br\/rest\/wp\/v2\/types\/post"}],"author":[{"embeddable":true,"href":"https:\/\/psol50.org.br\/rest\/wp\/v2\/users\/2"}],"replies":[{"embeddable":true,"href":"https:\/\/psol50.org.br\/rest\/wp\/v2\/comments?post=10991"}],"version-history":[{"count":0,"href":"https:\/\/psol50.org.br\/rest\/wp\/v2\/posts\/10991\/revisions"}],"wp:featuredmedia":[{"embeddable":true,"href":"https:\/\/psol50.org.br\/rest\/"}],"wp:attachment":[{"href":"https:\/\/psol50.org.br\/rest\/wp\/v2\/media?parent=10991"}],"wp:term":[{"taxonomy":"category","embeddable":true,"href":"https:\/\/psol50.org.br\/rest\/wp\/v2\/categories?post=10991"},{"taxonomy":"post_tag","embeddable":true,"href":"https:\/\/psol50.org.br\/rest\/wp\/v2\/tags?post=10991"}],"curies":[{"name":"wp","href":"https:\/\/api.w.org\/{rel}","templated":true}]}}