{"id":11,"date":"2012-09-20T00:00:00","date_gmt":"2012-09-20T00:00:00","guid":{"rendered":"http:\/\/psol50.org.br\/arquivo\/2012\/09\/20\/psol-vota-contra-novas-propostas-de-mudancas-no-codigo-florestal\/"},"modified":"2012-09-20T00:00:00","modified_gmt":"2012-09-20T00:00:00","slug":"psol-vota-contra-novas-propostas-de-mudancas-no-codigo-florestal","status":"publish","type":"post","link":"https:\/\/psol50.org.br\/psol-vota-contra-novas-propostas-de-mudancas-no-codigo-florestal\/","title":{"rendered":"PSOL vota contra novas propostas de mudan\u00e7as no C\u00f3digo Florestal"},"content":{"rendered":"<p>A C\u00e2mara dos Deputados aprovou ontem, 18, a Medida Provis\u00f3ria 571\/2012, editada pela Presid\u00eancia da Rep\u00fablica para tentar corrigir lacunas dos vetos da presidente Dilma Rousseff ao novo C\u00f3digo Florestal (Lei 12.651\/2012). A vota\u00e7\u00e3o da MP s\u00f3 foi poss\u00edvel depois de um acordo de procedimentos entre a maior parte dos l\u00edderes partid\u00e1rios \u2013 acordo que o PSOL n\u00e3o participou, assim como PV e DEM. O texto aprovado \u00e9 o parecer da comiss\u00e3o mista que analisou a mat\u00e9ria.<\/p>\n<p>\u201cO PSOL n\u00e3o compactuou com acordo nenhum desde o come\u00e7o do debate do C\u00f3digo Florestal nesta Casa, porque todo o debate do C\u00f3digo Florestal foi para violentar o instituto das APPs, da Reserva Legal, da prote\u00e7\u00e3o dos nossos rios, da prote\u00e7\u00e3o das nossas florestas, dos topos de morro, das \u00e1reas sens\u00edveis\u201d, afirmou o deputado Ivan Valente.<\/p>\n<p>O deputado criticou as mudan\u00e7as que s\u00f3 prejudicam ainda mais a biodiversidade brasileira. \u201cTodo esse processo negocial e essa press\u00e3o que s\u00e3o feitos n\u00e3o t\u00eam sentido porque h\u00e1 mais de 110 milh\u00f5es de hectares de terras privadas a serem ocupadas, e insiste-se em ocupar beira de rio, topo de morro, matas ciliares\u201d, disse. \u201cDez anos depois de ser aprovada a lei de crimes ambientais se anistiam plenamente aqueles que desmataram e n\u00e3o querem recuperar as \u00e1reas de preserva\u00e7\u00e3o permanente e reserva legal\u201d.<\/p>\n<p>Para o l\u00edder do PSOL, deputado Chico Alencar, o texto produzido pela Comiss\u00e3o Mista n\u00e3o \u00e9 o melhor para o Pa\u00eds. \u201cNosso voto \u00e9 claramente contra estas modifica\u00e7\u00f5es \u00e0 medida provis\u00f3ria, que j\u00e1 consideramos tamb\u00e9m insuficiente em muitos aspectos. A chamada escada, o escalonamento da preserva\u00e7\u00e3o e da recomposi\u00e7\u00e3o, \u00e9 enganosa e, muitas vezes, um plano inclinado, perigoso\u201d.<\/p>\n<p><strong>A MP 571<\/strong><\/p>\n<p>O texto aprovado na C\u00e2mara, que agora segue para o Senado \u2013 e precisa ter sua tramita\u00e7\u00e3o conclu\u00edda at\u00e9 o dia 8 de outubro \u2013 retoma pontos considerados priorit\u00e1rios pelo governo que foram exclu\u00eddos na vota\u00e7\u00e3o do projeto do C\u00f3digo Florestal na C\u00e2mara, como a prote\u00e7\u00e3o de apicuns e salgados.<\/p>\n<p>De acordo com o texto, a recomposi\u00e7\u00e3o de APP onde existir atividade consolidada anterior a 22 de julho de 2008 ser\u00e1 menor para im\u00f3veis maiores, em rela\u00e7\u00e3o ao previsto na MP original. O replantio tamb\u00e9m poder\u00e1 ser feito com \u00e1rvores frut\u00edferas, tanto na APP quanto na reserva legal. Em vez de 20 metros, a APP em torno de rios com at\u00e9 10 metros de largura poder\u00e1 ser de 15 metros. A exig\u00eancia menor abrange im\u00f3veis de at\u00e9 15 m\u00f3dulos fiscais. Na MP original, o limite dessa faixa era de 10 m\u00f3dulos.<\/p>\n<p>Nos casos de tamanho maior da propriedade ou do rio, o m\u00ednimo exigido de faixa de prote\u00e7\u00e3o passou de 30 para 20 metros e dever\u00e1 atender a determina\u00e7\u00e3o do Programa de Regulariza\u00e7\u00e3o Ambiental (PRA), conduzido pelos estados.<\/p>\n<p><strong><a href=\"http:\/\/psol50.org.br\/blog\/2012\/09\/20\/psol-vota-contra-novas-propostas-de-mudancas-no-codigo-florestal\/grfico_cdigo_florestal\/\" rel=\"attachment wp-att-16321\"><img loading=\"lazy\" decoding=\"async\" class=\"alignnone size-full wp-image-16321\" src=\"http:\/\/psol50.org.br\/files\/2012\/09\/grfico_cdigo_florestal.jpg\" alt=\"\" width=\"406\" height=\"356\" \/><\/a><\/strong><\/p>\n<p><strong>Im\u00f3veis menores<\/strong><\/p>\n<p>A chamada \u201cescadinha\u201d n\u00e3o teve mudan\u00e7as para as pequenas propriedades (at\u00e9 4 m\u00f3dulos). Independentemente da largura dos rios, im\u00f3veis com at\u00e9 1 m\u00f3dulo fiscal devem recompor a APP com 5 metros em torno do curso d\u2019\u00e1gua. Se maior que 1 m\u00f3dulo e at\u00e9 2 m\u00f3dulos, a recomposi\u00e7\u00e3o dever\u00e1 ser de 8 metros. Acima de 2 e at\u00e9 4 m\u00f3dulos, a APP dever\u00e1 ter um m\u00ednimo de 15 metros.<\/p>\n<p>Para nascentes e olhos d\u2019\u00e1gua, a exig\u00eancia de recupera\u00e7\u00e3o da APP aumentou no caso de im\u00f3veis at\u00e9 2 m\u00f3dulos fiscais. Enquanto na MP original a vegeta\u00e7\u00e3o deveria ocupar 5 metros (at\u00e9 1 m\u00f3dulo) ou 8 metros (maior que 1 e at\u00e9 2 m\u00f3dulos), o texto aprovado exige 15 metros de todas as propriedades.<\/p>\n<p>Outra mudan\u00e7a inclu\u00edda na lei \u00e9 a permiss\u00e3o de recompor 5 metros em torno de rios intermitentes com at\u00e9 2 metros de largura para qualquer tamanho de propriedade. Todas as metragens ser\u00e3o contadas a partir da borda da calha do leito regular, e o plantio de esp\u00e9cies ex\u00f3ticas e frut\u00edferas n\u00e3o precisar\u00e1 de autoriza\u00e7\u00e3o pr\u00e9via do \u00f3rg\u00e3o ambiental.<\/p>\n<p><strong>Lagos e veredas<\/strong><\/p>\n<p>O texto original da MP permanece o mesmo para \u00e1reas consolidadas em torno de lagos naturais e veredas (terreno brejoso com palmeiras):<\/p>\n<p>Lagos e lagoas naturais:<\/p>\n<p>&#8211; at\u00e9 1 m\u00f3dulo fiscal: 5 metros de APP;<\/p>\n<p>&#8211; maior que 1 e at\u00e9 2 m\u00f3dulos: 8 metros de APP;<\/p>\n<p>&#8211; maior que 2 e at\u00e9 4 m\u00f3dulos: 15 metros de APP;<\/p>\n<p>&#8211; maior que 4 m\u00f3dulos: 30 metros de APP.<\/p>\n<p>Veredas:<\/p>\n<p>&#8211; at\u00e9 4 m\u00f3dulos fiscais: 30 metros de APP;<\/p>\n<p>&#8211; maior que 4 m\u00f3dulos: 50 metros.<\/p>\n<p>&nbsp;<\/p>\n<p><em>Fonte:\u00a0<a href=\"http:\/\/www.liderancapsol.org.br\/\">http:\/\/www.liderancapsol.org.br<\/a><\/em><\/p>\n<p><em>Com informa\u00e7\u00f5es da Ag\u00eancia C\u00e2mara.<\/em><\/p>\n","protected":false},"excerpt":{"rendered":"<p>A C\u00e2mara dos Deputados aprovou ontem, 18, a Medida Provis\u00f3ria 571\/2012, editada pela Presid\u00eancia da Rep\u00fablica para tentar corrigir lacunas dos vetos da presidente Dilma Rousseff ao novo C\u00f3digo Florestal (Lei 12.651\/2012). A vota\u00e7\u00e3o da MP s\u00f3 foi poss\u00edvel depois de um acordo de procedimentos entre a maior parte dos l\u00edderes partid\u00e1rios \u2013 acordo que [&hellip;]<\/p>\n","protected":false},"author":2,"featured_media":0,"comment_status":"open","ping_status":"open","sticky":false,"template":"","format":"standard","meta":{"_acf_changed":false,"footnotes":""},"categories":[4766],"tags":[22],"class_list":{"0":"post-11","1":"post","2":"type-post","3":"status-publish","4":"format-standard","6":"category-arquivo","7":"tag-psol"},"acf":[],"yoast_head":"<!-- This site is optimized with the Yoast SEO plugin v26.5 - https:\/\/yoast.com\/wordpress\/plugins\/seo\/ -->\n<title>PSOL vota contra novas propostas de mudan\u00e7as no C\u00f3digo Florestal - PSOL 50<\/title>\n<meta name=\"robots\" content=\"index, follow, max-snippet:-1, max-image-preview:large, max-video-preview:-1\" \/>\n<link rel=\"canonical\" href=\"https:\/\/psol50.org.br\/psol-vota-contra-novas-propostas-de-mudancas-no-codigo-florestal\/\" \/>\n<meta property=\"og:locale\" content=\"pt_BR\" \/>\n<meta property=\"og:type\" content=\"article\" \/>\n<meta property=\"og:title\" content=\"PSOL vota contra novas propostas de mudan\u00e7as no C\u00f3digo Florestal - PSOL 50\" \/>\n<meta property=\"og:description\" content=\"A C\u00e2mara dos Deputados aprovou ontem, 18, a Medida Provis\u00f3ria 571\/2012, editada pela Presid\u00eancia da Rep\u00fablica para tentar corrigir lacunas dos vetos da presidente Dilma Rousseff ao novo C\u00f3digo Florestal (Lei 12.651\/2012). A vota\u00e7\u00e3o da MP s\u00f3 foi poss\u00edvel depois de um acordo de procedimentos entre a maior parte dos l\u00edderes partid\u00e1rios \u2013 acordo que [&hellip;]\" \/>\n<meta property=\"og:url\" content=\"https:\/\/psol50.org.br\/psol-vota-contra-novas-propostas-de-mudancas-no-codigo-florestal\/\" \/>\n<meta property=\"og:site_name\" content=\"PSOL 50\" \/>\n<meta property=\"article:publisher\" content=\"https:\/\/www.facebook.com\/psol50\" \/>\n<meta property=\"article:published_time\" content=\"2012-09-20T00:00:00+00:00\" \/>\n<meta property=\"og:image\" content=\"http:\/\/psol50.org.br\/files\/2012\/09\/grfico_cdigo_florestal.jpg\" \/>\n<meta name=\"author\" content=\"Comunica\u00e7\u00e3o PSOL\" \/>\n<meta name=\"twitter:card\" content=\"summary_large_image\" \/>\n<meta name=\"twitter:creator\" content=\"@psol50\" \/>\n<meta name=\"twitter:site\" content=\"@psol50\" \/>\n<meta name=\"twitter:label1\" content=\"Escrito por\" \/>\n\t<meta name=\"twitter:data1\" content=\"Comunica\u00e7\u00e3o PSOL\" \/>\n\t<meta name=\"twitter:label2\" content=\"Est. tempo de leitura\" \/>\n\t<meta name=\"twitter:data2\" content=\"4 minutos\" \/>\n<script type=\"application\/ld+json\" class=\"yoast-schema-graph\">{\"@context\":\"https:\/\/schema.org\",\"@graph\":[{\"@type\":\"Article\",\"@id\":\"https:\/\/psol50.org.br\/psol-vota-contra-novas-propostas-de-mudancas-no-codigo-florestal\/#article\",\"isPartOf\":{\"@id\":\"https:\/\/psol50.org.br\/psol-vota-contra-novas-propostas-de-mudancas-no-codigo-florestal\/\"},\"author\":{\"name\":\"Comunica\u00e7\u00e3o PSOL\",\"@id\":\"https:\/\/psol50.org.br\/#\/schema\/person\/475dfa57d0b815993c714c2e96491fcd\"},\"headline\":\"PSOL vota contra novas propostas de mudan\u00e7as no C\u00f3digo Florestal\",\"datePublished\":\"2012-09-20T00:00:00+00:00\",\"mainEntityOfPage\":{\"@id\":\"https:\/\/psol50.org.br\/psol-vota-contra-novas-propostas-de-mudancas-no-codigo-florestal\/\"},\"wordCount\":789,\"commentCount\":0,\"publisher\":{\"@id\":\"https:\/\/psol50.org.br\/#organization\"},\"image\":{\"@id\":\"https:\/\/psol50.org.br\/psol-vota-contra-novas-propostas-de-mudancas-no-codigo-florestal\/#primaryimage\"},\"thumbnailUrl\":\"http:\/\/psol50.org.br\/files\/2012\/09\/grfico_cdigo_florestal.jpg\",\"keywords\":[\"PSOL\"],\"articleSection\":[\"Arquivo\"],\"inLanguage\":\"pt-BR\",\"potentialAction\":[{\"@type\":\"CommentAction\",\"name\":\"Comment\",\"target\":[\"https:\/\/psol50.org.br\/psol-vota-contra-novas-propostas-de-mudancas-no-codigo-florestal\/#respond\"]}]},{\"@type\":\"WebPage\",\"@id\":\"https:\/\/psol50.org.br\/psol-vota-contra-novas-propostas-de-mudancas-no-codigo-florestal\/\",\"url\":\"https:\/\/psol50.org.br\/psol-vota-contra-novas-propostas-de-mudancas-no-codigo-florestal\/\",\"name\":\"PSOL vota contra novas propostas de mudan\u00e7as no C\u00f3digo Florestal - PSOL 50\",\"isPartOf\":{\"@id\":\"https:\/\/psol50.org.br\/#website\"},\"primaryImageOfPage\":{\"@id\":\"https:\/\/psol50.org.br\/psol-vota-contra-novas-propostas-de-mudancas-no-codigo-florestal\/#primaryimage\"},\"image\":{\"@id\":\"https:\/\/psol50.org.br\/psol-vota-contra-novas-propostas-de-mudancas-no-codigo-florestal\/#primaryimage\"},\"thumbnailUrl\":\"http:\/\/psol50.org.br\/files\/2012\/09\/grfico_cdigo_florestal.jpg\",\"datePublished\":\"2012-09-20T00:00:00+00:00\",\"breadcrumb\":{\"@id\":\"https:\/\/psol50.org.br\/psol-vota-contra-novas-propostas-de-mudancas-no-codigo-florestal\/#breadcrumb\"},\"inLanguage\":\"pt-BR\",\"potentialAction\":[{\"@type\":\"ReadAction\",\"target\":[\"https:\/\/psol50.org.br\/psol-vota-contra-novas-propostas-de-mudancas-no-codigo-florestal\/\"]}]},{\"@type\":\"ImageObject\",\"inLanguage\":\"pt-BR\",\"@id\":\"https:\/\/psol50.org.br\/psol-vota-contra-novas-propostas-de-mudancas-no-codigo-florestal\/#primaryimage\",\"url\":\"http:\/\/psol50.org.br\/files\/2012\/09\/grfico_cdigo_florestal.jpg\",\"contentUrl\":\"http:\/\/psol50.org.br\/files\/2012\/09\/grfico_cdigo_florestal.jpg\"},{\"@type\":\"BreadcrumbList\",\"@id\":\"https:\/\/psol50.org.br\/psol-vota-contra-novas-propostas-de-mudancas-no-codigo-florestal\/#breadcrumb\",\"itemListElement\":[{\"@type\":\"ListItem\",\"position\":1,\"name\":\"In\u00edcio\",\"item\":\"https:\/\/psol50.org.br\/\"},{\"@type\":\"ListItem\",\"position\":2,\"name\":\"PSOL vota contra novas propostas de mudan\u00e7as no C\u00f3digo Florestal\"}]},{\"@type\":\"WebSite\",\"@id\":\"https:\/\/psol50.org.br\/#website\",\"url\":\"https:\/\/psol50.org.br\/\",\"name\":\"PSOL 50\",\"description\":\"Site oficial do Partido Socialismo e Liberdade\",\"publisher\":{\"@id\":\"https:\/\/psol50.org.br\/#organization\"},\"alternateName\":\"PSOL50\",\"potentialAction\":[{\"@type\":\"SearchAction\",\"target\":{\"@type\":\"EntryPoint\",\"urlTemplate\":\"https:\/\/psol50.org.br\/?s={search_term_string}\"},\"query-input\":{\"@type\":\"PropertyValueSpecification\",\"valueRequired\":true,\"valueName\":\"search_term_string\"}}],\"inLanguage\":\"pt-BR\"},{\"@type\":\"Organization\",\"@id\":\"https:\/\/psol50.org.br\/#organization\",\"name\":\"PSOL 50\",\"alternateName\":\"PSOL 50\",\"url\":\"https:\/\/psol50.org.br\/\",\"logo\":{\"@type\":\"ImageObject\",\"inLanguage\":\"pt-BR\",\"@id\":\"https:\/\/psol50.org.br\/#\/schema\/logo\/image\/\",\"url\":\"https:\/\/psol50.org.br\/inc\/uploads\/2018\/07\/capa.png\",\"contentUrl\":\"https:\/\/psol50.org.br\/inc\/uploads\/2018\/07\/capa.png\",\"width\":1350,\"height\":900,\"caption\":\"PSOL 50\"},\"image\":{\"@id\":\"https:\/\/psol50.org.br\/#\/schema\/logo\/image\/\"},\"sameAs\":[\"https:\/\/www.facebook.com\/psol50\",\"https:\/\/x.com\/psol50\",\"https:\/\/www.instagram.com\/psol50\/\",\"https:\/\/www.youtube.com\/channel\/UC7SnJS5o1os7a6CaiNabzcg\"]},{\"@type\":\"Person\",\"@id\":\"https:\/\/psol50.org.br\/#\/schema\/person\/475dfa57d0b815993c714c2e96491fcd\",\"name\":\"Comunica\u00e7\u00e3o PSOL\",\"image\":{\"@type\":\"ImageObject\",\"inLanguage\":\"pt-BR\",\"@id\":\"https:\/\/psol50.org.br\/#\/schema\/person\/image\/\",\"url\":\"https:\/\/secure.gravatar.com\/avatar\/b34fc4f4e468a4e51785917065a3db57b841f5c95dba6ad8c73aaf8f66f8f9bf?s=96&d=mm&r=g\",\"contentUrl\":\"https:\/\/secure.gravatar.com\/avatar\/b34fc4f4e468a4e51785917065a3db57b841f5c95dba6ad8c73aaf8f66f8f9bf?s=96&d=mm&r=g\",\"caption\":\"Comunica\u00e7\u00e3o PSOL\"}}]}<\/script>\n<!-- \/ Yoast SEO plugin. -->","yoast_head_json":{"title":"PSOL vota contra novas propostas de mudan\u00e7as no C\u00f3digo Florestal - PSOL 50","robots":{"index":"index","follow":"follow","max-snippet":"max-snippet:-1","max-image-preview":"max-image-preview:large","max-video-preview":"max-video-preview:-1"},"canonical":"https:\/\/psol50.org.br\/psol-vota-contra-novas-propostas-de-mudancas-no-codigo-florestal\/","og_locale":"pt_BR","og_type":"article","og_title":"PSOL vota contra novas propostas de mudan\u00e7as no C\u00f3digo Florestal - PSOL 50","og_description":"A C\u00e2mara dos Deputados aprovou ontem, 18, a Medida Provis\u00f3ria 571\/2012, editada pela Presid\u00eancia da Rep\u00fablica para tentar corrigir lacunas dos vetos da presidente Dilma Rousseff ao novo C\u00f3digo Florestal (Lei 12.651\/2012). A vota\u00e7\u00e3o da MP s\u00f3 foi poss\u00edvel depois de um acordo de procedimentos entre a maior parte dos l\u00edderes partid\u00e1rios \u2013 acordo que [&hellip;]","og_url":"https:\/\/psol50.org.br\/psol-vota-contra-novas-propostas-de-mudancas-no-codigo-florestal\/","og_site_name":"PSOL 50","article_publisher":"https:\/\/www.facebook.com\/psol50","article_published_time":"2012-09-20T00:00:00+00:00","og_image":[{"url":"http:\/\/psol50.org.br\/files\/2012\/09\/grfico_cdigo_florestal.jpg","type":"","width":"","height":""}],"author":"Comunica\u00e7\u00e3o PSOL","twitter_card":"summary_large_image","twitter_creator":"@psol50","twitter_site":"@psol50","twitter_misc":{"Escrito por":"Comunica\u00e7\u00e3o PSOL","Est. tempo de leitura":"4 minutos"},"schema":{"@context":"https:\/\/schema.org","@graph":[{"@type":"Article","@id":"https:\/\/psol50.org.br\/psol-vota-contra-novas-propostas-de-mudancas-no-codigo-florestal\/#article","isPartOf":{"@id":"https:\/\/psol50.org.br\/psol-vota-contra-novas-propostas-de-mudancas-no-codigo-florestal\/"},"author":{"name":"Comunica\u00e7\u00e3o PSOL","@id":"https:\/\/psol50.org.br\/#\/schema\/person\/475dfa57d0b815993c714c2e96491fcd"},"headline":"PSOL vota contra novas propostas de mudan\u00e7as no C\u00f3digo Florestal","datePublished":"2012-09-20T00:00:00+00:00","mainEntityOfPage":{"@id":"https:\/\/psol50.org.br\/psol-vota-contra-novas-propostas-de-mudancas-no-codigo-florestal\/"},"wordCount":789,"commentCount":0,"publisher":{"@id":"https:\/\/psol50.org.br\/#organization"},"image":{"@id":"https:\/\/psol50.org.br\/psol-vota-contra-novas-propostas-de-mudancas-no-codigo-florestal\/#primaryimage"},"thumbnailUrl":"http:\/\/psol50.org.br\/files\/2012\/09\/grfico_cdigo_florestal.jpg","keywords":["PSOL"],"articleSection":["Arquivo"],"inLanguage":"pt-BR","potentialAction":[{"@type":"CommentAction","name":"Comment","target":["https:\/\/psol50.org.br\/psol-vota-contra-novas-propostas-de-mudancas-no-codigo-florestal\/#respond"]}]},{"@type":"WebPage","@id":"https:\/\/psol50.org.br\/psol-vota-contra-novas-propostas-de-mudancas-no-codigo-florestal\/","url":"https:\/\/psol50.org.br\/psol-vota-contra-novas-propostas-de-mudancas-no-codigo-florestal\/","name":"PSOL vota contra novas propostas de mudan\u00e7as no C\u00f3digo Florestal - PSOL 50","isPartOf":{"@id":"https:\/\/psol50.org.br\/#website"},"primaryImageOfPage":{"@id":"https:\/\/psol50.org.br\/psol-vota-contra-novas-propostas-de-mudancas-no-codigo-florestal\/#primaryimage"},"image":{"@id":"https:\/\/psol50.org.br\/psol-vota-contra-novas-propostas-de-mudancas-no-codigo-florestal\/#primaryimage"},"thumbnailUrl":"http:\/\/psol50.org.br\/files\/2012\/09\/grfico_cdigo_florestal.jpg","datePublished":"2012-09-20T00:00:00+00:00","breadcrumb":{"@id":"https:\/\/psol50.org.br\/psol-vota-contra-novas-propostas-de-mudancas-no-codigo-florestal\/#breadcrumb"},"inLanguage":"pt-BR","potentialAction":[{"@type":"ReadAction","target":["https:\/\/psol50.org.br\/psol-vota-contra-novas-propostas-de-mudancas-no-codigo-florestal\/"]}]},{"@type":"ImageObject","inLanguage":"pt-BR","@id":"https:\/\/psol50.org.br\/psol-vota-contra-novas-propostas-de-mudancas-no-codigo-florestal\/#primaryimage","url":"http:\/\/psol50.org.br\/files\/2012\/09\/grfico_cdigo_florestal.jpg","contentUrl":"http:\/\/psol50.org.br\/files\/2012\/09\/grfico_cdigo_florestal.jpg"},{"@type":"BreadcrumbList","@id":"https:\/\/psol50.org.br\/psol-vota-contra-novas-propostas-de-mudancas-no-codigo-florestal\/#breadcrumb","itemListElement":[{"@type":"ListItem","position":1,"name":"In\u00edcio","item":"https:\/\/psol50.org.br\/"},{"@type":"ListItem","position":2,"name":"PSOL vota contra novas propostas de mudan\u00e7as no C\u00f3digo Florestal"}]},{"@type":"WebSite","@id":"https:\/\/psol50.org.br\/#website","url":"https:\/\/psol50.org.br\/","name":"PSOL 50","description":"Site oficial do Partido Socialismo e Liberdade","publisher":{"@id":"https:\/\/psol50.org.br\/#organization"},"alternateName":"PSOL50","potentialAction":[{"@type":"SearchAction","target":{"@type":"EntryPoint","urlTemplate":"https:\/\/psol50.org.br\/?s={search_term_string}"},"query-input":{"@type":"PropertyValueSpecification","valueRequired":true,"valueName":"search_term_string"}}],"inLanguage":"pt-BR"},{"@type":"Organization","@id":"https:\/\/psol50.org.br\/#organization","name":"PSOL 50","alternateName":"PSOL 50","url":"https:\/\/psol50.org.br\/","logo":{"@type":"ImageObject","inLanguage":"pt-BR","@id":"https:\/\/psol50.org.br\/#\/schema\/logo\/image\/","url":"https:\/\/psol50.org.br\/inc\/uploads\/2018\/07\/capa.png","contentUrl":"https:\/\/psol50.org.br\/inc\/uploads\/2018\/07\/capa.png","width":1350,"height":900,"caption":"PSOL 50"},"image":{"@id":"https:\/\/psol50.org.br\/#\/schema\/logo\/image\/"},"sameAs":["https:\/\/www.facebook.com\/psol50","https:\/\/x.com\/psol50","https:\/\/www.instagram.com\/psol50\/","https:\/\/www.youtube.com\/channel\/UC7SnJS5o1os7a6CaiNabzcg"]},{"@type":"Person","@id":"https:\/\/psol50.org.br\/#\/schema\/person\/475dfa57d0b815993c714c2e96491fcd","name":"Comunica\u00e7\u00e3o PSOL","image":{"@type":"ImageObject","inLanguage":"pt-BR","@id":"https:\/\/psol50.org.br\/#\/schema\/person\/image\/","url":"https:\/\/secure.gravatar.com\/avatar\/b34fc4f4e468a4e51785917065a3db57b841f5c95dba6ad8c73aaf8f66f8f9bf?s=96&d=mm&r=g","contentUrl":"https:\/\/secure.gravatar.com\/avatar\/b34fc4f4e468a4e51785917065a3db57b841f5c95dba6ad8c73aaf8f66f8f9bf?s=96&d=mm&r=g","caption":"Comunica\u00e7\u00e3o PSOL"}}]}},"_links":{"self":[{"href":"https:\/\/psol50.org.br\/rest\/wp\/v2\/posts\/11","targetHints":{"allow":["GET"]}}],"collection":[{"href":"https:\/\/psol50.org.br\/rest\/wp\/v2\/posts"}],"about":[{"href":"https:\/\/psol50.org.br\/rest\/wp\/v2\/types\/post"}],"author":[{"embeddable":true,"href":"https:\/\/psol50.org.br\/rest\/wp\/v2\/users\/2"}],"replies":[{"embeddable":true,"href":"https:\/\/psol50.org.br\/rest\/wp\/v2\/comments?post=11"}],"version-history":[{"count":0,"href":"https:\/\/psol50.org.br\/rest\/wp\/v2\/posts\/11\/revisions"}],"wp:attachment":[{"href":"https:\/\/psol50.org.br\/rest\/wp\/v2\/media?parent=11"}],"wp:term":[{"taxonomy":"category","embeddable":true,"href":"https:\/\/psol50.org.br\/rest\/wp\/v2\/categories?post=11"},{"taxonomy":"post_tag","embeddable":true,"href":"https:\/\/psol50.org.br\/rest\/wp\/v2\/tags?post=11"}],"curies":[{"name":"wp","href":"https:\/\/api.w.org\/{rel}","templated":true}]}}