{"id":11013,"date":"2016-01-18T14:40:37","date_gmt":"2016-01-18T14:40:37","guid":{"rendered":"http:\/\/www.psol50.org.br\/?p=11013"},"modified":"2016-01-18T14:40:37","modified_gmt":"2016-01-18T14:40:37","slug":"justica-nega-novamente-reorganizacao-escolar-de-alckmin","status":"publish","type":"post","link":"https:\/\/psol50.org.br\/justica-nega-novamente-reorganizacao-escolar-de-alckmin\/","title":{"rendered":"Justi\u00e7a nega novamente &#8220;reorganiza\u00e7\u00e3o&#8221; escolar de Alckmin"},"content":{"rendered":"<p>O Tribunal de Justi\u00e7a de S\u00e3o Paulo (TJ-SP) negou o pedido de liminar do governador de S\u00e3o Paulo, Geraldo Alckmin (PSDB), e manteve a suspens\u00e3o do projeto de &#8220;reorganiza\u00e7\u00e3o escolar&#8221;, que previa o fechamento de 94 escolas e transfer\u00eancia de mais de 300 mil estudantes.<\/p>\n<p>\u00c9 a segunda vez que a Justi\u00e7a paulista nega o pedido. A 5\u00aa Vara da Fazenda P\u00fablica j\u00e1 havia decidido em primeiro grau pela suspens\u00e3o, mas o governo entrou na Justi\u00e7a no fim de 2015 para revogar a decis\u00e3o.<\/p>\n<p>As ocupa\u00e7\u00f5es de estudantes contr\u00e1rios ao projeto varreram o estado no fim do ano passado e no in\u00edcio de 2016, mobilizando pais, comunidade e movimentos sociais no combate ao projeto do governo tucano. No total, foram mais de 200 escolas ocupadas em todo o estado, que fizeram com que o governador viesse a p\u00fablico comunicar a suspens\u00e3o do projeto e derrubasse o pr\u00f3prio secret\u00e1rio de educa\u00e7\u00e3o, Herman Voordwald.<\/p>\n<p>No fim do ano passado, os deputados federais Ivan Valente e Glauber Braga propuseram na Comiss\u00e3o de Educa\u00e7\u00e3o da C\u00e2mara uma audi\u00eancia p\u00fablica para debater o projeto e as ocupa\u00e7\u00f5es. <a href=\"http:\/\/www.psol50.org.br\/2015\/12\/psol-propoe-audiencia-publica-para-discutir-reorganizacao-escolar-do-governo-alckmin\/\" target=\"_blank\" rel=\"noopener\">Leia aqui.<\/a><\/p>\n<p>Ivan Valente tamb\u00e9m havia entrado no Minist\u00e9rio P\u00fablico contra o ent\u00e3o secret\u00e1rio de educa\u00e7\u00e3o: <a href=\"http:\/\/www.psol50.org.br\/2015\/12\/ivan-valente-entra-com-representacao-no-mp-contra-o-secretario-de-educacao-de-alckmin\/\" target=\"_blank\" rel=\"noopener\">leia aqui.<\/a><\/p>\n<p><em>*Com informa\u00e7\u00f5es da Rede Brasil Atual<\/em><\/p>\n<p>&nbsp;<\/p>\n","protected":false},"excerpt":{"rendered":"<p>O Tribunal de Justi\u00e7a de S\u00e3o Paulo (TJ-SP) negou o pedido de liminar do governador de S\u00e3o Paulo, Geraldo Alckmin (PSDB), e manteve a suspens\u00e3o do projeto de &#8220;reorganiza\u00e7\u00e3o escolar&#8221;, que previa o fechamento de 94 escolas e transfer\u00eancia de mais de 300 mil estudantes. \u00c9 a segunda vez que a Justi\u00e7a paulista nega o [&hellip;]<\/p>\n","protected":false},"author":2,"featured_media":10776,"comment_status":"open","ping_status":"open","sticky":false,"template":"","format":"standard","meta":{"_acf_changed":false,"footnotes":""},"categories":[10,2208,654,1104,6],"tags":[2950,1816,1191,552,3905,3906],"class_list":{"0":"post-11013","1":"post","2":"type-post","3":"status-publish","4":"format-standard","5":"has-post-thumbnail","7":"category-acao-parlamentares","8":"category-educacao","9":"category-estados","10":"category-movimento","11":"category-noticias","12":"tag-alckmin","13":"tag-estudantes","14":"tag-glauber-braga","15":"tag-ivan-valente","16":"tag-nao-fechem-minha-escola","17":"tag-reorganizacao-escolar"},"acf":[],"yoast_head":"<!-- This site is optimized with the Yoast SEO plugin v26.5 - https:\/\/yoast.com\/wordpress\/plugins\/seo\/ -->\n<title>Justi\u00e7a nega novamente &quot;reorganiza\u00e7\u00e3o&quot; escolar de Alckmin - PSOL 50<\/title>\n<meta name=\"robots\" content=\"index, follow, max-snippet:-1, max-image-preview:large, max-video-preview:-1\" \/>\n<link rel=\"canonical\" href=\"https:\/\/psol50.org.br\/justica-nega-novamente-reorganizacao-escolar-de-alckmin\/\" \/>\n<meta property=\"og:locale\" content=\"pt_BR\" \/>\n<meta property=\"og:type\" content=\"article\" \/>\n<meta property=\"og:title\" content=\"Justi\u00e7a nega novamente &quot;reorganiza\u00e7\u00e3o&quot; escolar de Alckmin - PSOL 50\" \/>\n<meta property=\"og:description\" content=\"O Tribunal de Justi\u00e7a de S\u00e3o Paulo (TJ-SP) negou o pedido de liminar do governador de S\u00e3o Paulo, Geraldo Alckmin (PSDB), e manteve a suspens\u00e3o do projeto de &#8220;reorganiza\u00e7\u00e3o escolar&#8221;, que previa o fechamento de 94 escolas e transfer\u00eancia de mais de 300 mil estudantes. \u00c9 a segunda vez que a Justi\u00e7a paulista nega o [&hellip;]\" \/>\n<meta property=\"og:url\" content=\"https:\/\/psol50.org.br\/justica-nega-novamente-reorganizacao-escolar-de-alckmin\/\" \/>\n<meta property=\"og:site_name\" content=\"PSOL 50\" \/>\n<meta property=\"article:publisher\" content=\"https:\/\/www.facebook.com\/psol50\" \/>\n<meta property=\"article:published_time\" content=\"2016-01-18T14:40:37+00:00\" \/>\n<meta property=\"og:image\" content=\"https:\/\/psol50.org.br\/inc\/uploads\/2015\/12\/987225-sp30112015-_abr2578.jpg\" \/>\n\t<meta property=\"og:image:width\" content=\"800\" \/>\n\t<meta property=\"og:image:height\" content=\"530\" \/>\n\t<meta property=\"og:image:type\" content=\"image\/jpeg\" \/>\n<meta name=\"author\" content=\"Comunica\u00e7\u00e3o PSOL\" \/>\n<meta name=\"twitter:card\" content=\"summary_large_image\" \/>\n<meta name=\"twitter:creator\" content=\"@psol50\" \/>\n<meta name=\"twitter:site\" content=\"@psol50\" \/>\n<meta name=\"twitter:label1\" content=\"Escrito por\" \/>\n\t<meta name=\"twitter:data1\" content=\"Comunica\u00e7\u00e3o PSOL\" \/>\n\t<meta name=\"twitter:label2\" content=\"Est. tempo de leitura\" \/>\n\t<meta name=\"twitter:data2\" content=\"1 minuto\" \/>\n<script type=\"application\/ld+json\" class=\"yoast-schema-graph\">{\"@context\":\"https:\/\/schema.org\",\"@graph\":[{\"@type\":\"Article\",\"@id\":\"https:\/\/psol50.org.br\/justica-nega-novamente-reorganizacao-escolar-de-alckmin\/#article\",\"isPartOf\":{\"@id\":\"https:\/\/psol50.org.br\/justica-nega-novamente-reorganizacao-escolar-de-alckmin\/\"},\"author\":{\"name\":\"Comunica\u00e7\u00e3o PSOL\",\"@id\":\"https:\/\/psol50.org.br\/#\/schema\/person\/475dfa57d0b815993c714c2e96491fcd\"},\"headline\":\"Justi\u00e7a nega novamente &#8220;reorganiza\u00e7\u00e3o&#8221; escolar de Alckmin\",\"datePublished\":\"2016-01-18T14:40:37+00:00\",\"mainEntityOfPage\":{\"@id\":\"https:\/\/psol50.org.br\/justica-nega-novamente-reorganizacao-escolar-de-alckmin\/\"},\"wordCount\":241,\"commentCount\":0,\"publisher\":{\"@id\":\"https:\/\/psol50.org.br\/#organization\"},\"image\":{\"@id\":\"https:\/\/psol50.org.br\/justica-nega-novamente-reorganizacao-escolar-de-alckmin\/#primaryimage\"},\"thumbnailUrl\":\"https:\/\/psol50.org.br\/inc\/uploads\/2015\/12\/987225-sp30112015-_abr2578.jpg\",\"keywords\":[\"Alckmin\",\"estudantes\",\"Glauber Braga\",\"Ivan Valente\",\"N\u00e3o fechem minha escola\",\"reorganiza\u00e7\u00e3o escolar\"],\"articleSection\":[\"A\u00e7\u00e3o Parlamentar\",\"Educa\u00e7\u00e3o\",\"Estados\",\"Movimento\",\"Not\u00edcias\"],\"inLanguage\":\"pt-BR\",\"potentialAction\":[{\"@type\":\"CommentAction\",\"name\":\"Comment\",\"target\":[\"https:\/\/psol50.org.br\/justica-nega-novamente-reorganizacao-escolar-de-alckmin\/#respond\"]}]},{\"@type\":\"WebPage\",\"@id\":\"https:\/\/psol50.org.br\/justica-nega-novamente-reorganizacao-escolar-de-alckmin\/\",\"url\":\"https:\/\/psol50.org.br\/justica-nega-novamente-reorganizacao-escolar-de-alckmin\/\",\"name\":\"Justi\u00e7a nega novamente \\\"reorganiza\u00e7\u00e3o\\\" escolar de Alckmin - PSOL 50\",\"isPartOf\":{\"@id\":\"https:\/\/psol50.org.br\/#website\"},\"primaryImageOfPage\":{\"@id\":\"https:\/\/psol50.org.br\/justica-nega-novamente-reorganizacao-escolar-de-alckmin\/#primaryimage\"},\"image\":{\"@id\":\"https:\/\/psol50.org.br\/justica-nega-novamente-reorganizacao-escolar-de-alckmin\/#primaryimage\"},\"thumbnailUrl\":\"https:\/\/psol50.org.br\/inc\/uploads\/2015\/12\/987225-sp30112015-_abr2578.jpg\",\"datePublished\":\"2016-01-18T14:40:37+00:00\",\"breadcrumb\":{\"@id\":\"https:\/\/psol50.org.br\/justica-nega-novamente-reorganizacao-escolar-de-alckmin\/#breadcrumb\"},\"inLanguage\":\"pt-BR\",\"potentialAction\":[{\"@type\":\"ReadAction\",\"target\":[\"https:\/\/psol50.org.br\/justica-nega-novamente-reorganizacao-escolar-de-alckmin\/\"]}]},{\"@type\":\"ImageObject\",\"inLanguage\":\"pt-BR\",\"@id\":\"https:\/\/psol50.org.br\/justica-nega-novamente-reorganizacao-escolar-de-alckmin\/#primaryimage\",\"url\":\"https:\/\/psol50.org.br\/inc\/uploads\/2015\/12\/987225-sp30112015-_abr2578.jpg\",\"contentUrl\":\"https:\/\/psol50.org.br\/inc\/uploads\/2015\/12\/987225-sp30112015-_abr2578.jpg\",\"width\":800,\"height\":530,\"caption\":\"S\u00e3o Paulo - Estudantes bloqueiam, com cadeiras e cartazes, um dos sentidos da Avenida Brigadeiro Faria Lima, em protesto contra a reorganiza\u00e7\u00e3o escolar no estado de S\u00e3o Paulo (Rovena Rosa\/Ag\u00eancia Brasil)\"},{\"@type\":\"BreadcrumbList\",\"@id\":\"https:\/\/psol50.org.br\/justica-nega-novamente-reorganizacao-escolar-de-alckmin\/#breadcrumb\",\"itemListElement\":[{\"@type\":\"ListItem\",\"position\":1,\"name\":\"In\u00edcio\",\"item\":\"https:\/\/psol50.org.br\/\"},{\"@type\":\"ListItem\",\"position\":2,\"name\":\"Justi\u00e7a nega novamente &#8220;reorganiza\u00e7\u00e3o&#8221; escolar de Alckmin\"}]},{\"@type\":\"WebSite\",\"@id\":\"https:\/\/psol50.org.br\/#website\",\"url\":\"https:\/\/psol50.org.br\/\",\"name\":\"PSOL 50\",\"description\":\"Site oficial do Partido Socialismo e Liberdade\",\"publisher\":{\"@id\":\"https:\/\/psol50.org.br\/#organization\"},\"alternateName\":\"PSOL50\",\"potentialAction\":[{\"@type\":\"SearchAction\",\"target\":{\"@type\":\"EntryPoint\",\"urlTemplate\":\"https:\/\/psol50.org.br\/?s={search_term_string}\"},\"query-input\":{\"@type\":\"PropertyValueSpecification\",\"valueRequired\":true,\"valueName\":\"search_term_string\"}}],\"inLanguage\":\"pt-BR\"},{\"@type\":\"Organization\",\"@id\":\"https:\/\/psol50.org.br\/#organization\",\"name\":\"PSOL 50\",\"alternateName\":\"PSOL 50\",\"url\":\"https:\/\/psol50.org.br\/\",\"logo\":{\"@type\":\"ImageObject\",\"inLanguage\":\"pt-BR\",\"@id\":\"https:\/\/psol50.org.br\/#\/schema\/logo\/image\/\",\"url\":\"https:\/\/psol50.org.br\/inc\/uploads\/2018\/07\/capa.png\",\"contentUrl\":\"https:\/\/psol50.org.br\/inc\/uploads\/2018\/07\/capa.png\",\"width\":1350,\"height\":900,\"caption\":\"PSOL 50\"},\"image\":{\"@id\":\"https:\/\/psol50.org.br\/#\/schema\/logo\/image\/\"},\"sameAs\":[\"https:\/\/www.facebook.com\/psol50\",\"https:\/\/x.com\/psol50\",\"https:\/\/www.instagram.com\/psol50\/\",\"https:\/\/www.youtube.com\/channel\/UC7SnJS5o1os7a6CaiNabzcg\"]},{\"@type\":\"Person\",\"@id\":\"https:\/\/psol50.org.br\/#\/schema\/person\/475dfa57d0b815993c714c2e96491fcd\",\"name\":\"Comunica\u00e7\u00e3o PSOL\",\"image\":{\"@type\":\"ImageObject\",\"inLanguage\":\"pt-BR\",\"@id\":\"https:\/\/psol50.org.br\/#\/schema\/person\/image\/\",\"url\":\"https:\/\/secure.gravatar.com\/avatar\/b34fc4f4e468a4e51785917065a3db57b841f5c95dba6ad8c73aaf8f66f8f9bf?s=96&d=mm&r=g\",\"contentUrl\":\"https:\/\/secure.gravatar.com\/avatar\/b34fc4f4e468a4e51785917065a3db57b841f5c95dba6ad8c73aaf8f66f8f9bf?s=96&d=mm&r=g\",\"caption\":\"Comunica\u00e7\u00e3o PSOL\"}}]}<\/script>\n<!-- \/ Yoast SEO plugin. -->","yoast_head_json":{"title":"Justi\u00e7a nega novamente \"reorganiza\u00e7\u00e3o\" escolar de Alckmin - PSOL 50","robots":{"index":"index","follow":"follow","max-snippet":"max-snippet:-1","max-image-preview":"max-image-preview:large","max-video-preview":"max-video-preview:-1"},"canonical":"https:\/\/psol50.org.br\/justica-nega-novamente-reorganizacao-escolar-de-alckmin\/","og_locale":"pt_BR","og_type":"article","og_title":"Justi\u00e7a nega novamente \"reorganiza\u00e7\u00e3o\" escolar de Alckmin - PSOL 50","og_description":"O Tribunal de Justi\u00e7a de S\u00e3o Paulo (TJ-SP) negou o pedido de liminar do governador de S\u00e3o Paulo, Geraldo Alckmin (PSDB), e manteve a suspens\u00e3o do projeto de &#8220;reorganiza\u00e7\u00e3o escolar&#8221;, que previa o fechamento de 94 escolas e transfer\u00eancia de mais de 300 mil estudantes. \u00c9 a segunda vez que a Justi\u00e7a paulista nega o [&hellip;]","og_url":"https:\/\/psol50.org.br\/justica-nega-novamente-reorganizacao-escolar-de-alckmin\/","og_site_name":"PSOL 50","article_publisher":"https:\/\/www.facebook.com\/psol50","article_published_time":"2016-01-18T14:40:37+00:00","og_image":[{"width":800,"height":530,"url":"https:\/\/psol50.org.br\/inc\/uploads\/2015\/12\/987225-sp30112015-_abr2578.jpg","type":"image\/jpeg"}],"author":"Comunica\u00e7\u00e3o PSOL","twitter_card":"summary_large_image","twitter_creator":"@psol50","twitter_site":"@psol50","twitter_misc":{"Escrito por":"Comunica\u00e7\u00e3o PSOL","Est. tempo de leitura":"1 minuto"},"schema":{"@context":"https:\/\/schema.org","@graph":[{"@type":"Article","@id":"https:\/\/psol50.org.br\/justica-nega-novamente-reorganizacao-escolar-de-alckmin\/#article","isPartOf":{"@id":"https:\/\/psol50.org.br\/justica-nega-novamente-reorganizacao-escolar-de-alckmin\/"},"author":{"name":"Comunica\u00e7\u00e3o PSOL","@id":"https:\/\/psol50.org.br\/#\/schema\/person\/475dfa57d0b815993c714c2e96491fcd"},"headline":"Justi\u00e7a nega novamente &#8220;reorganiza\u00e7\u00e3o&#8221; escolar de Alckmin","datePublished":"2016-01-18T14:40:37+00:00","mainEntityOfPage":{"@id":"https:\/\/psol50.org.br\/justica-nega-novamente-reorganizacao-escolar-de-alckmin\/"},"wordCount":241,"commentCount":0,"publisher":{"@id":"https:\/\/psol50.org.br\/#organization"},"image":{"@id":"https:\/\/psol50.org.br\/justica-nega-novamente-reorganizacao-escolar-de-alckmin\/#primaryimage"},"thumbnailUrl":"https:\/\/psol50.org.br\/inc\/uploads\/2015\/12\/987225-sp30112015-_abr2578.jpg","keywords":["Alckmin","estudantes","Glauber Braga","Ivan Valente","N\u00e3o fechem minha escola","reorganiza\u00e7\u00e3o escolar"],"articleSection":["A\u00e7\u00e3o Parlamentar","Educa\u00e7\u00e3o","Estados","Movimento","Not\u00edcias"],"inLanguage":"pt-BR","potentialAction":[{"@type":"CommentAction","name":"Comment","target":["https:\/\/psol50.org.br\/justica-nega-novamente-reorganizacao-escolar-de-alckmin\/#respond"]}]},{"@type":"WebPage","@id":"https:\/\/psol50.org.br\/justica-nega-novamente-reorganizacao-escolar-de-alckmin\/","url":"https:\/\/psol50.org.br\/justica-nega-novamente-reorganizacao-escolar-de-alckmin\/","name":"Justi\u00e7a nega novamente \"reorganiza\u00e7\u00e3o\" escolar de Alckmin - PSOL 50","isPartOf":{"@id":"https:\/\/psol50.org.br\/#website"},"primaryImageOfPage":{"@id":"https:\/\/psol50.org.br\/justica-nega-novamente-reorganizacao-escolar-de-alckmin\/#primaryimage"},"image":{"@id":"https:\/\/psol50.org.br\/justica-nega-novamente-reorganizacao-escolar-de-alckmin\/#primaryimage"},"thumbnailUrl":"https:\/\/psol50.org.br\/inc\/uploads\/2015\/12\/987225-sp30112015-_abr2578.jpg","datePublished":"2016-01-18T14:40:37+00:00","breadcrumb":{"@id":"https:\/\/psol50.org.br\/justica-nega-novamente-reorganizacao-escolar-de-alckmin\/#breadcrumb"},"inLanguage":"pt-BR","potentialAction":[{"@type":"ReadAction","target":["https:\/\/psol50.org.br\/justica-nega-novamente-reorganizacao-escolar-de-alckmin\/"]}]},{"@type":"ImageObject","inLanguage":"pt-BR","@id":"https:\/\/psol50.org.br\/justica-nega-novamente-reorganizacao-escolar-de-alckmin\/#primaryimage","url":"https:\/\/psol50.org.br\/inc\/uploads\/2015\/12\/987225-sp30112015-_abr2578.jpg","contentUrl":"https:\/\/psol50.org.br\/inc\/uploads\/2015\/12\/987225-sp30112015-_abr2578.jpg","width":800,"height":530,"caption":"S\u00e3o Paulo - Estudantes bloqueiam, com cadeiras e cartazes, um dos sentidos da Avenida Brigadeiro Faria Lima, em protesto contra a reorganiza\u00e7\u00e3o escolar no estado de S\u00e3o Paulo (Rovena Rosa\/Ag\u00eancia Brasil)"},{"@type":"BreadcrumbList","@id":"https:\/\/psol50.org.br\/justica-nega-novamente-reorganizacao-escolar-de-alckmin\/#breadcrumb","itemListElement":[{"@type":"ListItem","position":1,"name":"In\u00edcio","item":"https:\/\/psol50.org.br\/"},{"@type":"ListItem","position":2,"name":"Justi\u00e7a nega novamente &#8220;reorganiza\u00e7\u00e3o&#8221; escolar de Alckmin"}]},{"@type":"WebSite","@id":"https:\/\/psol50.org.br\/#website","url":"https:\/\/psol50.org.br\/","name":"PSOL 50","description":"Site oficial do Partido Socialismo e Liberdade","publisher":{"@id":"https:\/\/psol50.org.br\/#organization"},"alternateName":"PSOL50","potentialAction":[{"@type":"SearchAction","target":{"@type":"EntryPoint","urlTemplate":"https:\/\/psol50.org.br\/?s={search_term_string}"},"query-input":{"@type":"PropertyValueSpecification","valueRequired":true,"valueName":"search_term_string"}}],"inLanguage":"pt-BR"},{"@type":"Organization","@id":"https:\/\/psol50.org.br\/#organization","name":"PSOL 50","alternateName":"PSOL 50","url":"https:\/\/psol50.org.br\/","logo":{"@type":"ImageObject","inLanguage":"pt-BR","@id":"https:\/\/psol50.org.br\/#\/schema\/logo\/image\/","url":"https:\/\/psol50.org.br\/inc\/uploads\/2018\/07\/capa.png","contentUrl":"https:\/\/psol50.org.br\/inc\/uploads\/2018\/07\/capa.png","width":1350,"height":900,"caption":"PSOL 50"},"image":{"@id":"https:\/\/psol50.org.br\/#\/schema\/logo\/image\/"},"sameAs":["https:\/\/www.facebook.com\/psol50","https:\/\/x.com\/psol50","https:\/\/www.instagram.com\/psol50\/","https:\/\/www.youtube.com\/channel\/UC7SnJS5o1os7a6CaiNabzcg"]},{"@type":"Person","@id":"https:\/\/psol50.org.br\/#\/schema\/person\/475dfa57d0b815993c714c2e96491fcd","name":"Comunica\u00e7\u00e3o PSOL","image":{"@type":"ImageObject","inLanguage":"pt-BR","@id":"https:\/\/psol50.org.br\/#\/schema\/person\/image\/","url":"https:\/\/secure.gravatar.com\/avatar\/b34fc4f4e468a4e51785917065a3db57b841f5c95dba6ad8c73aaf8f66f8f9bf?s=96&d=mm&r=g","contentUrl":"https:\/\/secure.gravatar.com\/avatar\/b34fc4f4e468a4e51785917065a3db57b841f5c95dba6ad8c73aaf8f66f8f9bf?s=96&d=mm&r=g","caption":"Comunica\u00e7\u00e3o PSOL"}}]}},"_links":{"self":[{"href":"https:\/\/psol50.org.br\/rest\/wp\/v2\/posts\/11013","targetHints":{"allow":["GET"]}}],"collection":[{"href":"https:\/\/psol50.org.br\/rest\/wp\/v2\/posts"}],"about":[{"href":"https:\/\/psol50.org.br\/rest\/wp\/v2\/types\/post"}],"author":[{"embeddable":true,"href":"https:\/\/psol50.org.br\/rest\/wp\/v2\/users\/2"}],"replies":[{"embeddable":true,"href":"https:\/\/psol50.org.br\/rest\/wp\/v2\/comments?post=11013"}],"version-history":[{"count":0,"href":"https:\/\/psol50.org.br\/rest\/wp\/v2\/posts\/11013\/revisions"}],"wp:featuredmedia":[{"embeddable":true,"href":"https:\/\/psol50.org.br\/rest\/wp\/v2\/media\/10776"}],"wp:attachment":[{"href":"https:\/\/psol50.org.br\/rest\/wp\/v2\/media?parent=11013"}],"wp:term":[{"taxonomy":"category","embeddable":true,"href":"https:\/\/psol50.org.br\/rest\/wp\/v2\/categories?post=11013"},{"taxonomy":"post_tag","embeddable":true,"href":"https:\/\/psol50.org.br\/rest\/wp\/v2\/tags?post=11013"}],"curies":[{"name":"wp","href":"https:\/\/api.w.org\/{rel}","templated":true}]}}