{"id":11017,"date":"2016-01-18T17:16:47","date_gmt":"2016-01-18T17:16:47","guid":{"rendered":"http:\/\/www.psol50.org.br\/?p=11017"},"modified":"2016-01-18T17:16:47","modified_gmt":"2016-01-18T17:16:47","slug":"samarco-sabia-que-barragem-corria-risco-desde-2013","status":"publish","type":"post","link":"https:\/\/psol50.org.br\/samarco-sabia-que-barragem-corria-risco-desde-2013\/","title":{"rendered":"Samarco sabia que barragem corria risco desde 2013"},"content":{"rendered":"<p>Documentos da investiga\u00e7\u00e3o movida pelo Minist\u00e9rio P\u00fablico estadual de Minas Gerais sobre o desastre do rompimento da barragem em Mariana, no ano passado, provam que o dito &#8220;acidente&#8221; foi um crime ambiental motivado pela neglig\u00eancia da mineradora Samarco. Em 2013, a companhia foi alertada, por meio de um relat\u00f3rio feito por uma consultoria de engenharia, dos riscos operacionais da barragem de Fund\u00e3o.<\/p>\n<p>Os documentos foram obtidos pelo programa <em>Fant\u00e1stico<\/em>, da TV Globo, e veiculados neste domingo (17).<\/p>\n<p>O relat\u00f3rio da empresa Vogbr alertam a Samarco: &#8220;a \u00e1gua junto ao p\u00e9 da Pilha de Est\u00e9ril [rejeitos] da Vale pode comprometer a seguran\u00e7a operacional da Barragem de Fund\u00e3o&#8221;, junto a fotos da \u00e1gua acumulada no local.<\/p>\n<p>A reportagem mostra ainda outras diversas irregularidades em torno do processo de licita\u00e7\u00e3o para a constru\u00e7\u00e3o das barragens. Durante o processo de obten\u00e7\u00e3o da licen\u00e7a pr\u00e9via, a Samarco entregou apenas dados b\u00e1sicos, e n\u00e3o o projeto executivo total do empreendimento. Mesmo assim, a funda\u00e7\u00e3o estadual do meio ambiente deu seguimento e, com isso, o projeto seguiu para a segunda fase sem estudos essenciais sobre a seguran\u00e7a da estrutura.<\/p>\n<p>Al\u00e9m disso, o tempo inacreditavelmente curto com que a mineradora conseguiu as licen\u00e7as tamb\u00e9m s\u00e3o motivo de questionamentos.<\/p>\n<p>Assista aqui a reportagem completa, no site do <em>G1: <\/em><strong><a href=\"http:\/\/g1.globo.com\/fantastico\/videos\/t\/edicoes\/v\/documento-inedito-samarco-sabia-desde-2013-que-barragem-corria-risco\/4744411\/\" target=\"_blank\" rel=\"noopener\">Documento in\u00e9dito: Samarco sabia desde 2013 que barragem corria risco<\/a><\/strong><\/p>\n<p>&nbsp;<\/p>\n<p>&nbsp;<\/p>\n","protected":false},"excerpt":{"rendered":"<p>Documentos da investiga\u00e7\u00e3o movida pelo Minist\u00e9rio P\u00fablico estadual de Minas Gerais sobre o desastre do rompimento da barragem em Mariana, no ano passado, provam que o dito &#8220;acidente&#8221; foi um crime ambiental motivado pela neglig\u00eancia da mineradora Samarco. Em 2013, a companhia foi alertada, por meio de um relat\u00f3rio feito por uma consultoria de engenharia, [&hellip;]<\/p>\n","protected":false},"author":2,"featured_media":10698,"comment_status":"open","ping_status":"open","sticky":false,"template":"","format":"standard","meta":{"_acf_changed":false,"footnotes":""},"categories":[1882,6],"tags":[2255,306,2782],"class_list":{"0":"post-11017","1":"post","2":"type-post","3":"status-publish","4":"format-standard","5":"has-post-thumbnail","7":"category-brasil","8":"category-noticias","9":"tag-crime-ambiental","10":"tag-lama","11":"tag-samarco"},"acf":[],"yoast_head":"<!-- This site is optimized with the Yoast SEO plugin v26.5 - https:\/\/yoast.com\/wordpress\/plugins\/seo\/ -->\n<title>Samarco sabia que barragem corria risco desde 2013 - PSOL 50<\/title>\n<meta name=\"robots\" content=\"index, follow, max-snippet:-1, max-image-preview:large, max-video-preview:-1\" \/>\n<link rel=\"canonical\" href=\"https:\/\/psol50.org.br\/samarco-sabia-que-barragem-corria-risco-desde-2013\/\" \/>\n<meta property=\"og:locale\" content=\"pt_BR\" \/>\n<meta property=\"og:type\" content=\"article\" \/>\n<meta property=\"og:title\" content=\"Samarco sabia que barragem corria risco desde 2013 - PSOL 50\" \/>\n<meta property=\"og:description\" content=\"Documentos da investiga\u00e7\u00e3o movida pelo Minist\u00e9rio P\u00fablico estadual de Minas Gerais sobre o desastre do rompimento da barragem em Mariana, no ano passado, provam que o dito &#8220;acidente&#8221; foi um crime ambiental motivado pela neglig\u00eancia da mineradora Samarco. Em 2013, a companhia foi alertada, por meio de um relat\u00f3rio feito por uma consultoria de engenharia, [&hellip;]\" \/>\n<meta property=\"og:url\" content=\"https:\/\/psol50.org.br\/samarco-sabia-que-barragem-corria-risco-desde-2013\/\" \/>\n<meta property=\"og:site_name\" content=\"PSOL 50\" \/>\n<meta property=\"article:publisher\" content=\"https:\/\/www.facebook.com\/psol50\" \/>\n<meta property=\"article:published_time\" content=\"2016-01-18T17:16:47+00:00\" \/>\n<meta property=\"og:image\" content=\"https:\/\/psol50.org.br\/inc\/uploads\/2015\/11\/lama-sem-textos-carrossel-doacoes-da-vale-e1448893433459.jpg\" \/>\n\t<meta property=\"og:image:width\" content=\"1000\" \/>\n\t<meta property=\"og:image:height\" content=\"707\" \/>\n\t<meta property=\"og:image:type\" content=\"image\/jpeg\" \/>\n<meta name=\"author\" content=\"Comunica\u00e7\u00e3o PSOL\" \/>\n<meta name=\"twitter:card\" content=\"summary_large_image\" \/>\n<meta name=\"twitter:creator\" content=\"@psol50\" \/>\n<meta name=\"twitter:site\" content=\"@psol50\" \/>\n<meta name=\"twitter:label1\" content=\"Escrito por\" \/>\n\t<meta name=\"twitter:data1\" content=\"Comunica\u00e7\u00e3o PSOL\" \/>\n\t<meta name=\"twitter:label2\" content=\"Est. tempo de leitura\" \/>\n\t<meta name=\"twitter:data2\" content=\"1 minuto\" \/>\n<script type=\"application\/ld+json\" class=\"yoast-schema-graph\">{\"@context\":\"https:\/\/schema.org\",\"@graph\":[{\"@type\":\"Article\",\"@id\":\"https:\/\/psol50.org.br\/samarco-sabia-que-barragem-corria-risco-desde-2013\/#article\",\"isPartOf\":{\"@id\":\"https:\/\/psol50.org.br\/samarco-sabia-que-barragem-corria-risco-desde-2013\/\"},\"author\":{\"name\":\"Comunica\u00e7\u00e3o PSOL\",\"@id\":\"https:\/\/psol50.org.br\/#\/schema\/person\/475dfa57d0b815993c714c2e96491fcd\"},\"headline\":\"Samarco sabia que barragem corria risco desde 2013\",\"datePublished\":\"2016-01-18T17:16:47+00:00\",\"mainEntityOfPage\":{\"@id\":\"https:\/\/psol50.org.br\/samarco-sabia-que-barragem-corria-risco-desde-2013\/\"},\"wordCount\":250,\"commentCount\":0,\"publisher\":{\"@id\":\"https:\/\/psol50.org.br\/#organization\"},\"image\":{\"@id\":\"https:\/\/psol50.org.br\/samarco-sabia-que-barragem-corria-risco-desde-2013\/#primaryimage\"},\"thumbnailUrl\":\"https:\/\/psol50.org.br\/inc\/uploads\/2015\/11\/lama-sem-textos-carrossel-doacoes-da-vale-e1448893433459.jpg\",\"keywords\":[\"crime ambiental\",\"Lama\",\"Samarco\"],\"articleSection\":[\"Brasil\",\"Not\u00edcias\"],\"inLanguage\":\"pt-BR\",\"potentialAction\":[{\"@type\":\"CommentAction\",\"name\":\"Comment\",\"target\":[\"https:\/\/psol50.org.br\/samarco-sabia-que-barragem-corria-risco-desde-2013\/#respond\"]}]},{\"@type\":\"WebPage\",\"@id\":\"https:\/\/psol50.org.br\/samarco-sabia-que-barragem-corria-risco-desde-2013\/\",\"url\":\"https:\/\/psol50.org.br\/samarco-sabia-que-barragem-corria-risco-desde-2013\/\",\"name\":\"Samarco sabia que barragem corria risco desde 2013 - PSOL 50\",\"isPartOf\":{\"@id\":\"https:\/\/psol50.org.br\/#website\"},\"primaryImageOfPage\":{\"@id\":\"https:\/\/psol50.org.br\/samarco-sabia-que-barragem-corria-risco-desde-2013\/#primaryimage\"},\"image\":{\"@id\":\"https:\/\/psol50.org.br\/samarco-sabia-que-barragem-corria-risco-desde-2013\/#primaryimage\"},\"thumbnailUrl\":\"https:\/\/psol50.org.br\/inc\/uploads\/2015\/11\/lama-sem-textos-carrossel-doacoes-da-vale-e1448893433459.jpg\",\"datePublished\":\"2016-01-18T17:16:47+00:00\",\"breadcrumb\":{\"@id\":\"https:\/\/psol50.org.br\/samarco-sabia-que-barragem-corria-risco-desde-2013\/#breadcrumb\"},\"inLanguage\":\"pt-BR\",\"potentialAction\":[{\"@type\":\"ReadAction\",\"target\":[\"https:\/\/psol50.org.br\/samarco-sabia-que-barragem-corria-risco-desde-2013\/\"]}]},{\"@type\":\"ImageObject\",\"inLanguage\":\"pt-BR\",\"@id\":\"https:\/\/psol50.org.br\/samarco-sabia-que-barragem-corria-risco-desde-2013\/#primaryimage\",\"url\":\"https:\/\/psol50.org.br\/inc\/uploads\/2015\/11\/lama-sem-textos-carrossel-doacoes-da-vale-e1448893433459.jpg\",\"contentUrl\":\"https:\/\/psol50.org.br\/inc\/uploads\/2015\/11\/lama-sem-textos-carrossel-doacoes-da-vale-e1448893433459.jpg\",\"width\":1000,\"height\":707},{\"@type\":\"BreadcrumbList\",\"@id\":\"https:\/\/psol50.org.br\/samarco-sabia-que-barragem-corria-risco-desde-2013\/#breadcrumb\",\"itemListElement\":[{\"@type\":\"ListItem\",\"position\":1,\"name\":\"In\u00edcio\",\"item\":\"https:\/\/psol50.org.br\/\"},{\"@type\":\"ListItem\",\"position\":2,\"name\":\"Samarco sabia que barragem corria risco desde 2013\"}]},{\"@type\":\"WebSite\",\"@id\":\"https:\/\/psol50.org.br\/#website\",\"url\":\"https:\/\/psol50.org.br\/\",\"name\":\"PSOL 50\",\"description\":\"Site oficial do Partido Socialismo e Liberdade\",\"publisher\":{\"@id\":\"https:\/\/psol50.org.br\/#organization\"},\"alternateName\":\"PSOL50\",\"potentialAction\":[{\"@type\":\"SearchAction\",\"target\":{\"@type\":\"EntryPoint\",\"urlTemplate\":\"https:\/\/psol50.org.br\/?s={search_term_string}\"},\"query-input\":{\"@type\":\"PropertyValueSpecification\",\"valueRequired\":true,\"valueName\":\"search_term_string\"}}],\"inLanguage\":\"pt-BR\"},{\"@type\":\"Organization\",\"@id\":\"https:\/\/psol50.org.br\/#organization\",\"name\":\"PSOL 50\",\"alternateName\":\"PSOL 50\",\"url\":\"https:\/\/psol50.org.br\/\",\"logo\":{\"@type\":\"ImageObject\",\"inLanguage\":\"pt-BR\",\"@id\":\"https:\/\/psol50.org.br\/#\/schema\/logo\/image\/\",\"url\":\"https:\/\/psol50.org.br\/inc\/uploads\/2018\/07\/capa.png\",\"contentUrl\":\"https:\/\/psol50.org.br\/inc\/uploads\/2018\/07\/capa.png\",\"width\":1350,\"height\":900,\"caption\":\"PSOL 50\"},\"image\":{\"@id\":\"https:\/\/psol50.org.br\/#\/schema\/logo\/image\/\"},\"sameAs\":[\"https:\/\/www.facebook.com\/psol50\",\"https:\/\/x.com\/psol50\",\"https:\/\/www.instagram.com\/psol50\/\",\"https:\/\/www.youtube.com\/channel\/UC7SnJS5o1os7a6CaiNabzcg\"]},{\"@type\":\"Person\",\"@id\":\"https:\/\/psol50.org.br\/#\/schema\/person\/475dfa57d0b815993c714c2e96491fcd\",\"name\":\"Comunica\u00e7\u00e3o PSOL\",\"image\":{\"@type\":\"ImageObject\",\"inLanguage\":\"pt-BR\",\"@id\":\"https:\/\/psol50.org.br\/#\/schema\/person\/image\/\",\"url\":\"https:\/\/secure.gravatar.com\/avatar\/b34fc4f4e468a4e51785917065a3db57b841f5c95dba6ad8c73aaf8f66f8f9bf?s=96&d=mm&r=g\",\"contentUrl\":\"https:\/\/secure.gravatar.com\/avatar\/b34fc4f4e468a4e51785917065a3db57b841f5c95dba6ad8c73aaf8f66f8f9bf?s=96&d=mm&r=g\",\"caption\":\"Comunica\u00e7\u00e3o PSOL\"}}]}<\/script>\n<!-- \/ Yoast SEO plugin. -->","yoast_head_json":{"title":"Samarco sabia que barragem corria risco desde 2013 - PSOL 50","robots":{"index":"index","follow":"follow","max-snippet":"max-snippet:-1","max-image-preview":"max-image-preview:large","max-video-preview":"max-video-preview:-1"},"canonical":"https:\/\/psol50.org.br\/samarco-sabia-que-barragem-corria-risco-desde-2013\/","og_locale":"pt_BR","og_type":"article","og_title":"Samarco sabia que barragem corria risco desde 2013 - PSOL 50","og_description":"Documentos da investiga\u00e7\u00e3o movida pelo Minist\u00e9rio P\u00fablico estadual de Minas Gerais sobre o desastre do rompimento da barragem em Mariana, no ano passado, provam que o dito &#8220;acidente&#8221; foi um crime ambiental motivado pela neglig\u00eancia da mineradora Samarco. Em 2013, a companhia foi alertada, por meio de um relat\u00f3rio feito por uma consultoria de engenharia, [&hellip;]","og_url":"https:\/\/psol50.org.br\/samarco-sabia-que-barragem-corria-risco-desde-2013\/","og_site_name":"PSOL 50","article_publisher":"https:\/\/www.facebook.com\/psol50","article_published_time":"2016-01-18T17:16:47+00:00","og_image":[{"width":1000,"height":707,"url":"https:\/\/psol50.org.br\/inc\/uploads\/2015\/11\/lama-sem-textos-carrossel-doacoes-da-vale-e1448893433459.jpg","type":"image\/jpeg"}],"author":"Comunica\u00e7\u00e3o PSOL","twitter_card":"summary_large_image","twitter_creator":"@psol50","twitter_site":"@psol50","twitter_misc":{"Escrito por":"Comunica\u00e7\u00e3o PSOL","Est. tempo de leitura":"1 minuto"},"schema":{"@context":"https:\/\/schema.org","@graph":[{"@type":"Article","@id":"https:\/\/psol50.org.br\/samarco-sabia-que-barragem-corria-risco-desde-2013\/#article","isPartOf":{"@id":"https:\/\/psol50.org.br\/samarco-sabia-que-barragem-corria-risco-desde-2013\/"},"author":{"name":"Comunica\u00e7\u00e3o PSOL","@id":"https:\/\/psol50.org.br\/#\/schema\/person\/475dfa57d0b815993c714c2e96491fcd"},"headline":"Samarco sabia que barragem corria risco desde 2013","datePublished":"2016-01-18T17:16:47+00:00","mainEntityOfPage":{"@id":"https:\/\/psol50.org.br\/samarco-sabia-que-barragem-corria-risco-desde-2013\/"},"wordCount":250,"commentCount":0,"publisher":{"@id":"https:\/\/psol50.org.br\/#organization"},"image":{"@id":"https:\/\/psol50.org.br\/samarco-sabia-que-barragem-corria-risco-desde-2013\/#primaryimage"},"thumbnailUrl":"https:\/\/psol50.org.br\/inc\/uploads\/2015\/11\/lama-sem-textos-carrossel-doacoes-da-vale-e1448893433459.jpg","keywords":["crime ambiental","Lama","Samarco"],"articleSection":["Brasil","Not\u00edcias"],"inLanguage":"pt-BR","potentialAction":[{"@type":"CommentAction","name":"Comment","target":["https:\/\/psol50.org.br\/samarco-sabia-que-barragem-corria-risco-desde-2013\/#respond"]}]},{"@type":"WebPage","@id":"https:\/\/psol50.org.br\/samarco-sabia-que-barragem-corria-risco-desde-2013\/","url":"https:\/\/psol50.org.br\/samarco-sabia-que-barragem-corria-risco-desde-2013\/","name":"Samarco sabia que barragem corria risco desde 2013 - PSOL 50","isPartOf":{"@id":"https:\/\/psol50.org.br\/#website"},"primaryImageOfPage":{"@id":"https:\/\/psol50.org.br\/samarco-sabia-que-barragem-corria-risco-desde-2013\/#primaryimage"},"image":{"@id":"https:\/\/psol50.org.br\/samarco-sabia-que-barragem-corria-risco-desde-2013\/#primaryimage"},"thumbnailUrl":"https:\/\/psol50.org.br\/inc\/uploads\/2015\/11\/lama-sem-textos-carrossel-doacoes-da-vale-e1448893433459.jpg","datePublished":"2016-01-18T17:16:47+00:00","breadcrumb":{"@id":"https:\/\/psol50.org.br\/samarco-sabia-que-barragem-corria-risco-desde-2013\/#breadcrumb"},"inLanguage":"pt-BR","potentialAction":[{"@type":"ReadAction","target":["https:\/\/psol50.org.br\/samarco-sabia-que-barragem-corria-risco-desde-2013\/"]}]},{"@type":"ImageObject","inLanguage":"pt-BR","@id":"https:\/\/psol50.org.br\/samarco-sabia-que-barragem-corria-risco-desde-2013\/#primaryimage","url":"https:\/\/psol50.org.br\/inc\/uploads\/2015\/11\/lama-sem-textos-carrossel-doacoes-da-vale-e1448893433459.jpg","contentUrl":"https:\/\/psol50.org.br\/inc\/uploads\/2015\/11\/lama-sem-textos-carrossel-doacoes-da-vale-e1448893433459.jpg","width":1000,"height":707},{"@type":"BreadcrumbList","@id":"https:\/\/psol50.org.br\/samarco-sabia-que-barragem-corria-risco-desde-2013\/#breadcrumb","itemListElement":[{"@type":"ListItem","position":1,"name":"In\u00edcio","item":"https:\/\/psol50.org.br\/"},{"@type":"ListItem","position":2,"name":"Samarco sabia que barragem corria risco desde 2013"}]},{"@type":"WebSite","@id":"https:\/\/psol50.org.br\/#website","url":"https:\/\/psol50.org.br\/","name":"PSOL 50","description":"Site oficial do Partido Socialismo e Liberdade","publisher":{"@id":"https:\/\/psol50.org.br\/#organization"},"alternateName":"PSOL50","potentialAction":[{"@type":"SearchAction","target":{"@type":"EntryPoint","urlTemplate":"https:\/\/psol50.org.br\/?s={search_term_string}"},"query-input":{"@type":"PropertyValueSpecification","valueRequired":true,"valueName":"search_term_string"}}],"inLanguage":"pt-BR"},{"@type":"Organization","@id":"https:\/\/psol50.org.br\/#organization","name":"PSOL 50","alternateName":"PSOL 50","url":"https:\/\/psol50.org.br\/","logo":{"@type":"ImageObject","inLanguage":"pt-BR","@id":"https:\/\/psol50.org.br\/#\/schema\/logo\/image\/","url":"https:\/\/psol50.org.br\/inc\/uploads\/2018\/07\/capa.png","contentUrl":"https:\/\/psol50.org.br\/inc\/uploads\/2018\/07\/capa.png","width":1350,"height":900,"caption":"PSOL 50"},"image":{"@id":"https:\/\/psol50.org.br\/#\/schema\/logo\/image\/"},"sameAs":["https:\/\/www.facebook.com\/psol50","https:\/\/x.com\/psol50","https:\/\/www.instagram.com\/psol50\/","https:\/\/www.youtube.com\/channel\/UC7SnJS5o1os7a6CaiNabzcg"]},{"@type":"Person","@id":"https:\/\/psol50.org.br\/#\/schema\/person\/475dfa57d0b815993c714c2e96491fcd","name":"Comunica\u00e7\u00e3o PSOL","image":{"@type":"ImageObject","inLanguage":"pt-BR","@id":"https:\/\/psol50.org.br\/#\/schema\/person\/image\/","url":"https:\/\/secure.gravatar.com\/avatar\/b34fc4f4e468a4e51785917065a3db57b841f5c95dba6ad8c73aaf8f66f8f9bf?s=96&d=mm&r=g","contentUrl":"https:\/\/secure.gravatar.com\/avatar\/b34fc4f4e468a4e51785917065a3db57b841f5c95dba6ad8c73aaf8f66f8f9bf?s=96&d=mm&r=g","caption":"Comunica\u00e7\u00e3o PSOL"}}]}},"_links":{"self":[{"href":"https:\/\/psol50.org.br\/rest\/wp\/v2\/posts\/11017","targetHints":{"allow":["GET"]}}],"collection":[{"href":"https:\/\/psol50.org.br\/rest\/wp\/v2\/posts"}],"about":[{"href":"https:\/\/psol50.org.br\/rest\/wp\/v2\/types\/post"}],"author":[{"embeddable":true,"href":"https:\/\/psol50.org.br\/rest\/wp\/v2\/users\/2"}],"replies":[{"embeddable":true,"href":"https:\/\/psol50.org.br\/rest\/wp\/v2\/comments?post=11017"}],"version-history":[{"count":0,"href":"https:\/\/psol50.org.br\/rest\/wp\/v2\/posts\/11017\/revisions"}],"wp:featuredmedia":[{"embeddable":true,"href":"https:\/\/psol50.org.br\/rest\/wp\/v2\/media\/10698"}],"wp:attachment":[{"href":"https:\/\/psol50.org.br\/rest\/wp\/v2\/media?parent=11017"}],"wp:term":[{"taxonomy":"category","embeddable":true,"href":"https:\/\/psol50.org.br\/rest\/wp\/v2\/categories?post=11017"},{"taxonomy":"post_tag","embeddable":true,"href":"https:\/\/psol50.org.br\/rest\/wp\/v2\/tags?post=11017"}],"curies":[{"name":"wp","href":"https:\/\/api.w.org\/{rel}","templated":true}]}}