{"id":11032,"date":"2016-01-20T13:12:41","date_gmt":"2016-01-20T13:12:41","guid":{"rendered":"http:\/\/www.psol50.org.br\/?p=11032"},"modified":"2016-01-20T13:12:41","modified_gmt":"2016-01-20T13:12:41","slug":"etica-em-tempos-de-lava-jato","status":"publish","type":"post","link":"https:\/\/psol50.org.br\/etica-em-tempos-de-lava-jato\/","title":{"rendered":"\u00c9tica em tempos de Lava-Jato"},"content":{"rendered":"<p><em>*Mat\u00e9ria veiculada no jornal Valor Econ\u00f4mico em 15\/01\/16<\/em><\/p>\n<p>Era dezembro de 2015 e, pela s\u00e9tima vez, o Conselho de \u00c9tica e Decoro Parlamentar da C\u00e2mara dos Deputados tentava votar a \u201cautoriza\u00e7\u00e3o\u201d para iniciar o processo de perda de mandato por quebra de decoro contra o presidente da institui\u00e7\u00e3o, Eduardo Cunha (PMDB-RJ). Nem se tratava da abertura da cassa\u00e7\u00e3o em si, mas da chamada admissibilidade para avaliar se caber\u00e1 aos pares julgar o presidente da C\u00e2mara por ter descumprido normas de conduta. Horas depois e tamb\u00e9m ap\u00f3s dois parlamentares se estapearem, literalmente, o conselho vira a p\u00e1gina do tumulto &#8211; algo recorrente &#8211; e come\u00e7a a analisar o segundo item da pauta, o caso do deputado Chico Alencar (PSOL-RJ). O pol\u00edtico se levanta em ritmo suave, destoando dos h\u00e1bitos tensos, j\u00e1 contumazes no ambiente. Pede autoriza\u00e7\u00e3o ao presidente do colegiado, Jos\u00e9 Carlos Ara\u00fajo (PSD-BA), para sentar-se \u00e0 frente dos colegas. Quer encar\u00e1-los. \u201c\u00c9 porque eu gosto de olhar nos olhos, como Michel Temer e Dilma: \u2018Olhos nos olhos, quero ver o que voc\u00ea faz ao sentir que sem voc\u00ea eu passo bem demais\u2019.\u201d<\/p>\n<p>Chico Buarque, brinca o pol\u00edtico fluminense xar\u00e1 do cantor, o havia autorizado a apropriar-se de suas can\u00e7\u00f5es para retratar o momento pol\u00edtico. H\u00e1 sil\u00eancio. O chamado \u201cplenarinho\u201d do Conselho de \u00c9tica vai se esvaziando. Quase todos os deputados aliados de Eduardo Cunha deixam o local. A representa\u00e7\u00e3o contra Chico Alencar por quebra de decoro, de autoria do Partido Solidariedade e de seu presidente, o deputado federal Paulinho da For\u00e7a (SP), foi analisada e arquivada em aproximadamente 30 minutos.<\/p>\n<p>No caso de Cunha, foram tr\u00eas meses apenas para tentar votar a admissibilidade. Paulinho da For\u00e7a, o algoz de Alencar, tamb\u00e9m membro do conselho, n\u00e3o teve nem sequer a preocupa\u00e7\u00e3o de acompanhar a vota\u00e7\u00e3o do caso que ele pr\u00f3prio pediu que fosse analisado pelo colegiado. A vota\u00e7\u00e3o, ligeir\u00edssima, tamb\u00e9m foi un\u00e2nime: 16 votos pelo arquivamento.<\/p>\n<p><strong><a href=\"http:\/\/chicoalencar.com.br\/w\/etica-em-tempos-de-lava%C2%AD-jato\/\" target=\"_blank\" rel=\"noopener\">Leia a mat\u00e9ria completa no site do deputado Chico Alencar clicando aqui.<\/a><\/strong><\/p>\n","protected":false},"excerpt":{"rendered":"<p>*Mat\u00e9ria veiculada no jornal Valor Econ\u00f4mico em 15\/01\/16 Era dezembro de 2015 e, pela s\u00e9tima vez, o Conselho de \u00c9tica e Decoro Parlamentar da C\u00e2mara dos Deputados tentava votar a \u201cautoriza\u00e7\u00e3o\u201d para iniciar o processo de perda de mandato por quebra de decoro contra o presidente da institui\u00e7\u00e3o, Eduardo Cunha (PMDB-RJ). Nem se tratava da [&hellip;]<\/p>\n","protected":false},"author":2,"featured_media":11033,"comment_status":"open","ping_status":"open","sticky":false,"template":"","format":"standard","meta":{"_acf_changed":false,"footnotes":""},"categories":[10,1882,6],"tags":[1680,2890],"class_list":{"0":"post-11032","1":"post","2":"type-post","3":"status-publish","4":"format-standard","5":"has-post-thumbnail","7":"category-acao-parlamentares","8":"category-brasil","9":"category-noticias","10":"tag-chico-alencar","11":"tag-eduardo-cunha"},"acf":[],"yoast_head":"<!-- This site is optimized with the Yoast SEO plugin v26.5 - https:\/\/yoast.com\/wordpress\/plugins\/seo\/ -->\n<title>\u00c9tica em tempos de Lava-Jato - PSOL 50<\/title>\n<meta name=\"robots\" content=\"index, follow, max-snippet:-1, max-image-preview:large, max-video-preview:-1\" \/>\n<link rel=\"canonical\" href=\"https:\/\/psol50.org.br\/etica-em-tempos-de-lava-jato\/\" \/>\n<meta property=\"og:locale\" content=\"pt_BR\" \/>\n<meta property=\"og:type\" content=\"article\" \/>\n<meta property=\"og:title\" content=\"\u00c9tica em tempos de Lava-Jato - PSOL 50\" \/>\n<meta property=\"og:description\" content=\"*Mat\u00e9ria veiculada no jornal Valor Econ\u00f4mico em 15\/01\/16 Era dezembro de 2015 e, pela s\u00e9tima vez, o Conselho de \u00c9tica e Decoro Parlamentar da C\u00e2mara dos Deputados tentava votar a \u201cautoriza\u00e7\u00e3o\u201d para iniciar o processo de perda de mandato por quebra de decoro contra o presidente da institui\u00e7\u00e3o, Eduardo Cunha (PMDB-RJ). Nem se tratava da [&hellip;]\" \/>\n<meta property=\"og:url\" content=\"https:\/\/psol50.org.br\/etica-em-tempos-de-lava-jato\/\" \/>\n<meta property=\"og:site_name\" content=\"PSOL 50\" \/>\n<meta property=\"article:publisher\" content=\"https:\/\/www.facebook.com\/psol50\" \/>\n<meta property=\"article:published_time\" content=\"2016-01-20T13:12:41+00:00\" \/>\n<meta property=\"og:image\" content=\"https:\/\/psol50.org.br\/inc\/uploads\/2018\/07\/capa.png\" \/>\n\t<meta property=\"og:image:width\" content=\"1350\" \/>\n\t<meta property=\"og:image:height\" content=\"900\" \/>\n\t<meta property=\"og:image:type\" content=\"image\/png\" \/>\n<meta name=\"author\" content=\"Comunica\u00e7\u00e3o PSOL\" \/>\n<meta name=\"twitter:card\" content=\"summary_large_image\" \/>\n<meta name=\"twitter:creator\" content=\"@psol50\" \/>\n<meta name=\"twitter:site\" content=\"@psol50\" \/>\n<meta name=\"twitter:label1\" content=\"Escrito por\" \/>\n\t<meta name=\"twitter:data1\" content=\"Comunica\u00e7\u00e3o PSOL\" \/>\n\t<meta name=\"twitter:label2\" content=\"Est. tempo de leitura\" \/>\n\t<meta name=\"twitter:data2\" content=\"2 minutos\" \/>\n<script type=\"application\/ld+json\" class=\"yoast-schema-graph\">{\"@context\":\"https:\/\/schema.org\",\"@graph\":[{\"@type\":\"Article\",\"@id\":\"https:\/\/psol50.org.br\/etica-em-tempos-de-lava-jato\/#article\",\"isPartOf\":{\"@id\":\"https:\/\/psol50.org.br\/etica-em-tempos-de-lava-jato\/\"},\"author\":{\"name\":\"Comunica\u00e7\u00e3o PSOL\",\"@id\":\"https:\/\/psol50.org.br\/#\/schema\/person\/475dfa57d0b815993c714c2e96491fcd\"},\"headline\":\"\u00c9tica em tempos de Lava-Jato\",\"datePublished\":\"2016-01-20T13:12:41+00:00\",\"mainEntityOfPage\":{\"@id\":\"https:\/\/psol50.org.br\/etica-em-tempos-de-lava-jato\/\"},\"wordCount\":361,\"commentCount\":0,\"publisher\":{\"@id\":\"https:\/\/psol50.org.br\/#organization\"},\"image\":{\"@id\":\"https:\/\/psol50.org.br\/etica-em-tempos-de-lava-jato\/#primaryimage\"},\"thumbnailUrl\":\"\",\"keywords\":[\"Chico Alencar\",\"Eduardo Cunha\"],\"articleSection\":[\"A\u00e7\u00e3o Parlamentar\",\"Brasil\",\"Not\u00edcias\"],\"inLanguage\":\"pt-BR\",\"potentialAction\":[{\"@type\":\"CommentAction\",\"name\":\"Comment\",\"target\":[\"https:\/\/psol50.org.br\/etica-em-tempos-de-lava-jato\/#respond\"]}]},{\"@type\":\"WebPage\",\"@id\":\"https:\/\/psol50.org.br\/etica-em-tempos-de-lava-jato\/\",\"url\":\"https:\/\/psol50.org.br\/etica-em-tempos-de-lava-jato\/\",\"name\":\"\u00c9tica em tempos de Lava-Jato - PSOL 50\",\"isPartOf\":{\"@id\":\"https:\/\/psol50.org.br\/#website\"},\"primaryImageOfPage\":{\"@id\":\"https:\/\/psol50.org.br\/etica-em-tempos-de-lava-jato\/#primaryimage\"},\"image\":{\"@id\":\"https:\/\/psol50.org.br\/etica-em-tempos-de-lava-jato\/#primaryimage\"},\"thumbnailUrl\":\"\",\"datePublished\":\"2016-01-20T13:12:41+00:00\",\"breadcrumb\":{\"@id\":\"https:\/\/psol50.org.br\/etica-em-tempos-de-lava-jato\/#breadcrumb\"},\"inLanguage\":\"pt-BR\",\"potentialAction\":[{\"@type\":\"ReadAction\",\"target\":[\"https:\/\/psol50.org.br\/etica-em-tempos-de-lava-jato\/\"]}]},{\"@type\":\"ImageObject\",\"inLanguage\":\"pt-BR\",\"@id\":\"https:\/\/psol50.org.br\/etica-em-tempos-de-lava-jato\/#primaryimage\",\"url\":\"\",\"contentUrl\":\"\"},{\"@type\":\"BreadcrumbList\",\"@id\":\"https:\/\/psol50.org.br\/etica-em-tempos-de-lava-jato\/#breadcrumb\",\"itemListElement\":[{\"@type\":\"ListItem\",\"position\":1,\"name\":\"In\u00edcio\",\"item\":\"https:\/\/psol50.org.br\/\"},{\"@type\":\"ListItem\",\"position\":2,\"name\":\"\u00c9tica em tempos de Lava-Jato\"}]},{\"@type\":\"WebSite\",\"@id\":\"https:\/\/psol50.org.br\/#website\",\"url\":\"https:\/\/psol50.org.br\/\",\"name\":\"PSOL 50\",\"description\":\"Site oficial do Partido Socialismo e Liberdade\",\"publisher\":{\"@id\":\"https:\/\/psol50.org.br\/#organization\"},\"alternateName\":\"PSOL50\",\"potentialAction\":[{\"@type\":\"SearchAction\",\"target\":{\"@type\":\"EntryPoint\",\"urlTemplate\":\"https:\/\/psol50.org.br\/?s={search_term_string}\"},\"query-input\":{\"@type\":\"PropertyValueSpecification\",\"valueRequired\":true,\"valueName\":\"search_term_string\"}}],\"inLanguage\":\"pt-BR\"},{\"@type\":\"Organization\",\"@id\":\"https:\/\/psol50.org.br\/#organization\",\"name\":\"PSOL 50\",\"alternateName\":\"PSOL 50\",\"url\":\"https:\/\/psol50.org.br\/\",\"logo\":{\"@type\":\"ImageObject\",\"inLanguage\":\"pt-BR\",\"@id\":\"https:\/\/psol50.org.br\/#\/schema\/logo\/image\/\",\"url\":\"https:\/\/psol50.org.br\/inc\/uploads\/2018\/07\/capa.png\",\"contentUrl\":\"https:\/\/psol50.org.br\/inc\/uploads\/2018\/07\/capa.png\",\"width\":1350,\"height\":900,\"caption\":\"PSOL 50\"},\"image\":{\"@id\":\"https:\/\/psol50.org.br\/#\/schema\/logo\/image\/\"},\"sameAs\":[\"https:\/\/www.facebook.com\/psol50\",\"https:\/\/x.com\/psol50\",\"https:\/\/www.instagram.com\/psol50\/\",\"https:\/\/www.youtube.com\/channel\/UC7SnJS5o1os7a6CaiNabzcg\"]},{\"@type\":\"Person\",\"@id\":\"https:\/\/psol50.org.br\/#\/schema\/person\/475dfa57d0b815993c714c2e96491fcd\",\"name\":\"Comunica\u00e7\u00e3o PSOL\",\"image\":{\"@type\":\"ImageObject\",\"inLanguage\":\"pt-BR\",\"@id\":\"https:\/\/psol50.org.br\/#\/schema\/person\/image\/\",\"url\":\"https:\/\/secure.gravatar.com\/avatar\/b34fc4f4e468a4e51785917065a3db57b841f5c95dba6ad8c73aaf8f66f8f9bf?s=96&d=mm&r=g\",\"contentUrl\":\"https:\/\/secure.gravatar.com\/avatar\/b34fc4f4e468a4e51785917065a3db57b841f5c95dba6ad8c73aaf8f66f8f9bf?s=96&d=mm&r=g\",\"caption\":\"Comunica\u00e7\u00e3o PSOL\"}}]}<\/script>\n<!-- \/ Yoast SEO plugin. -->","yoast_head_json":{"title":"\u00c9tica em tempos de Lava-Jato - PSOL 50","robots":{"index":"index","follow":"follow","max-snippet":"max-snippet:-1","max-image-preview":"max-image-preview:large","max-video-preview":"max-video-preview:-1"},"canonical":"https:\/\/psol50.org.br\/etica-em-tempos-de-lava-jato\/","og_locale":"pt_BR","og_type":"article","og_title":"\u00c9tica em tempos de Lava-Jato - PSOL 50","og_description":"*Mat\u00e9ria veiculada no jornal Valor Econ\u00f4mico em 15\/01\/16 Era dezembro de 2015 e, pela s\u00e9tima vez, o Conselho de \u00c9tica e Decoro Parlamentar da C\u00e2mara dos Deputados tentava votar a \u201cautoriza\u00e7\u00e3o\u201d para iniciar o processo de perda de mandato por quebra de decoro contra o presidente da institui\u00e7\u00e3o, Eduardo Cunha (PMDB-RJ). Nem se tratava da [&hellip;]","og_url":"https:\/\/psol50.org.br\/etica-em-tempos-de-lava-jato\/","og_site_name":"PSOL 50","article_publisher":"https:\/\/www.facebook.com\/psol50","article_published_time":"2016-01-20T13:12:41+00:00","og_image":[{"width":1350,"height":900,"url":"https:\/\/psol50.org.br\/inc\/uploads\/2018\/07\/capa.png","type":"image\/png"}],"author":"Comunica\u00e7\u00e3o PSOL","twitter_card":"summary_large_image","twitter_creator":"@psol50","twitter_site":"@psol50","twitter_misc":{"Escrito por":"Comunica\u00e7\u00e3o PSOL","Est. tempo de leitura":"2 minutos"},"schema":{"@context":"https:\/\/schema.org","@graph":[{"@type":"Article","@id":"https:\/\/psol50.org.br\/etica-em-tempos-de-lava-jato\/#article","isPartOf":{"@id":"https:\/\/psol50.org.br\/etica-em-tempos-de-lava-jato\/"},"author":{"name":"Comunica\u00e7\u00e3o PSOL","@id":"https:\/\/psol50.org.br\/#\/schema\/person\/475dfa57d0b815993c714c2e96491fcd"},"headline":"\u00c9tica em tempos de Lava-Jato","datePublished":"2016-01-20T13:12:41+00:00","mainEntityOfPage":{"@id":"https:\/\/psol50.org.br\/etica-em-tempos-de-lava-jato\/"},"wordCount":361,"commentCount":0,"publisher":{"@id":"https:\/\/psol50.org.br\/#organization"},"image":{"@id":"https:\/\/psol50.org.br\/etica-em-tempos-de-lava-jato\/#primaryimage"},"thumbnailUrl":"","keywords":["Chico Alencar","Eduardo Cunha"],"articleSection":["A\u00e7\u00e3o Parlamentar","Brasil","Not\u00edcias"],"inLanguage":"pt-BR","potentialAction":[{"@type":"CommentAction","name":"Comment","target":["https:\/\/psol50.org.br\/etica-em-tempos-de-lava-jato\/#respond"]}]},{"@type":"WebPage","@id":"https:\/\/psol50.org.br\/etica-em-tempos-de-lava-jato\/","url":"https:\/\/psol50.org.br\/etica-em-tempos-de-lava-jato\/","name":"\u00c9tica em tempos de Lava-Jato - PSOL 50","isPartOf":{"@id":"https:\/\/psol50.org.br\/#website"},"primaryImageOfPage":{"@id":"https:\/\/psol50.org.br\/etica-em-tempos-de-lava-jato\/#primaryimage"},"image":{"@id":"https:\/\/psol50.org.br\/etica-em-tempos-de-lava-jato\/#primaryimage"},"thumbnailUrl":"","datePublished":"2016-01-20T13:12:41+00:00","breadcrumb":{"@id":"https:\/\/psol50.org.br\/etica-em-tempos-de-lava-jato\/#breadcrumb"},"inLanguage":"pt-BR","potentialAction":[{"@type":"ReadAction","target":["https:\/\/psol50.org.br\/etica-em-tempos-de-lava-jato\/"]}]},{"@type":"ImageObject","inLanguage":"pt-BR","@id":"https:\/\/psol50.org.br\/etica-em-tempos-de-lava-jato\/#primaryimage","url":"","contentUrl":""},{"@type":"BreadcrumbList","@id":"https:\/\/psol50.org.br\/etica-em-tempos-de-lava-jato\/#breadcrumb","itemListElement":[{"@type":"ListItem","position":1,"name":"In\u00edcio","item":"https:\/\/psol50.org.br\/"},{"@type":"ListItem","position":2,"name":"\u00c9tica em tempos de Lava-Jato"}]},{"@type":"WebSite","@id":"https:\/\/psol50.org.br\/#website","url":"https:\/\/psol50.org.br\/","name":"PSOL 50","description":"Site oficial do Partido Socialismo e Liberdade","publisher":{"@id":"https:\/\/psol50.org.br\/#organization"},"alternateName":"PSOL50","potentialAction":[{"@type":"SearchAction","target":{"@type":"EntryPoint","urlTemplate":"https:\/\/psol50.org.br\/?s={search_term_string}"},"query-input":{"@type":"PropertyValueSpecification","valueRequired":true,"valueName":"search_term_string"}}],"inLanguage":"pt-BR"},{"@type":"Organization","@id":"https:\/\/psol50.org.br\/#organization","name":"PSOL 50","alternateName":"PSOL 50","url":"https:\/\/psol50.org.br\/","logo":{"@type":"ImageObject","inLanguage":"pt-BR","@id":"https:\/\/psol50.org.br\/#\/schema\/logo\/image\/","url":"https:\/\/psol50.org.br\/inc\/uploads\/2018\/07\/capa.png","contentUrl":"https:\/\/psol50.org.br\/inc\/uploads\/2018\/07\/capa.png","width":1350,"height":900,"caption":"PSOL 50"},"image":{"@id":"https:\/\/psol50.org.br\/#\/schema\/logo\/image\/"},"sameAs":["https:\/\/www.facebook.com\/psol50","https:\/\/x.com\/psol50","https:\/\/www.instagram.com\/psol50\/","https:\/\/www.youtube.com\/channel\/UC7SnJS5o1os7a6CaiNabzcg"]},{"@type":"Person","@id":"https:\/\/psol50.org.br\/#\/schema\/person\/475dfa57d0b815993c714c2e96491fcd","name":"Comunica\u00e7\u00e3o PSOL","image":{"@type":"ImageObject","inLanguage":"pt-BR","@id":"https:\/\/psol50.org.br\/#\/schema\/person\/image\/","url":"https:\/\/secure.gravatar.com\/avatar\/b34fc4f4e468a4e51785917065a3db57b841f5c95dba6ad8c73aaf8f66f8f9bf?s=96&d=mm&r=g","contentUrl":"https:\/\/secure.gravatar.com\/avatar\/b34fc4f4e468a4e51785917065a3db57b841f5c95dba6ad8c73aaf8f66f8f9bf?s=96&d=mm&r=g","caption":"Comunica\u00e7\u00e3o PSOL"}}]}},"_links":{"self":[{"href":"https:\/\/psol50.org.br\/rest\/wp\/v2\/posts\/11032","targetHints":{"allow":["GET"]}}],"collection":[{"href":"https:\/\/psol50.org.br\/rest\/wp\/v2\/posts"}],"about":[{"href":"https:\/\/psol50.org.br\/rest\/wp\/v2\/types\/post"}],"author":[{"embeddable":true,"href":"https:\/\/psol50.org.br\/rest\/wp\/v2\/users\/2"}],"replies":[{"embeddable":true,"href":"https:\/\/psol50.org.br\/rest\/wp\/v2\/comments?post=11032"}],"version-history":[{"count":0,"href":"https:\/\/psol50.org.br\/rest\/wp\/v2\/posts\/11032\/revisions"}],"wp:featuredmedia":[{"embeddable":true,"href":"https:\/\/psol50.org.br\/rest\/"}],"wp:attachment":[{"href":"https:\/\/psol50.org.br\/rest\/wp\/v2\/media?parent=11032"}],"wp:term":[{"taxonomy":"category","embeddable":true,"href":"https:\/\/psol50.org.br\/rest\/wp\/v2\/categories?post=11032"},{"taxonomy":"post_tag","embeddable":true,"href":"https:\/\/psol50.org.br\/rest\/wp\/v2\/tags?post=11032"}],"curies":[{"name":"wp","href":"https:\/\/api.w.org\/{rel}","templated":true}]}}