{"id":11049,"date":"2016-01-20T18:03:27","date_gmt":"2016-01-20T18:03:27","guid":{"rendered":"http:\/\/www.psol50.org.br\/?p=11049"},"modified":"2016-01-20T18:03:27","modified_gmt":"2016-01-20T18:03:27","slug":"vereador-do-psol-e-agredido-enquanto-fiscalizava-deslizamento-de-terra-em-regiao-de-nova-friburgo","status":"publish","type":"post","link":"https:\/\/psol50.org.br\/vereador-do-psol-e-agredido-enquanto-fiscalizava-deslizamento-de-terra-em-regiao-de-nova-friburgo\/","title":{"rendered":"Vereador do PSOL \u00e9 agredido enquanto fiscalizava deslizamento de terra em Nova Friburgo"},"content":{"rendered":"<p>O vereador <a href=\"https:\/\/www.facebook.com\/professorpierre1\/timeline\">Professor Pierre<\/a>, do PSOL de Nova Friburgo, munic\u00edpio da regi\u00e3o serrana do estado do Rio de Janeiro, foi agredido na \u00faltima segunda-feira (18), enquanto fiscalizava uma \u00e1rea onde ocorreu deslizamento de terra, devido \u00e0 forte chuva que cai na regi\u00e3o nos \u00faltimos dias. Segundo informa\u00e7\u00f5es do jornal A Voz da Serra, uma escola e um posto de sa\u00fade foram atingidos em Campo do Coelho, um dos distritos pertencentes ao munic\u00edpio fluminense.<\/p>\n<p>Agredido f\u00edsico e verbalmente \u2013 o que o deixou com marcas no rosto, Professor Pierre identifica um dos irm\u00e3os do prefeito Rog\u00e9rio Cabral como autor do soco que atingiu o lado direito de sua face. O vereador do PSOL explica que o objetivo de sua visita \u00e0 \u00e1rea atingida era apurar como acorreu o deslizamento e se teria havido ou n\u00e3o algum tipo de movimenta\u00e7\u00e3o pr\u00e9via de terra em alguma parte da colina que desmoronou. \u201cRecebi esta den\u00fancia, e constatei que houve. Fiz isso para poder apontar aos \u00f3rg\u00e3os competentes \u2014 no caso o Minist\u00e9rio P\u00fablico \u2014 a demanda de uma investiga\u00e7\u00e3o geol\u00f3gica do espa\u00e7o, a fim de demonstrar se houve ou n\u00e3o alguma interfer\u00eancia da movimenta\u00e7\u00e3o de terra sobre o acontecido. Porque temos aqui duas hip\u00f3teses: ou este foi um acidente natural, ou foi uma ocorr\u00eancia provocada por interfer\u00eancia humana no alto da colina. E se a segunda hip\u00f3tese se constatar, ent\u00e3o n\u00e3o dever\u00e1 sair um centavo da verba p\u00fablica para reconstru\u00e7\u00e3o da escola e do posto de sa\u00fade. Esse \u00e9 o meu papel, e \u00e9 indignante chegar l\u00e1 e ser cobrado por levar cestas b\u00e1sicas, e n\u00e3o por cumprir com as obriga\u00e7\u00f5es de meu mandato\u201d, disse, ao jornal a Voz da Serra.<\/p>\n<p>Pierre informou, ainda, que, ao chegar \u00e0 comunidade de S\u00e3o Louren\u00e7o, no distrito de Campo do Coelho, parentes do prefeito Rog\u00e9rio Cabral j\u00e1 estavam no local e logo reagiram \u00e0s perguntas do vereador. \u201cEu fiz a pergunta se tinha havido movimenta\u00e7\u00e3o de terra no alto da colina onde houve o deslizamento. E me disseram que sim, mas que teria sido num ponto mais recuado. Perguntei se houve autoriza\u00e7\u00e3o da Prefeitura para fazer a terraplanagem, e nesse \u00ednterim se juntou uma turma de pessoas ligadas ao prefeito. Parentes pr\u00f3ximos, inclusive o pr\u00f3prio irm\u00e3o do prefeito, o Ricardo, que j\u00e1 chegou empurrando de modo totalmente truculento, com palavras de baixo cal\u00e3o contra a minha pessoa num caso de desacato imediato. (&#8230;) Ficaram preocupados se eu estava fazendo algum tipo de grava\u00e7\u00e3o com meu celular, meteram a m\u00e3o no meu bolso, onde estava minha carteira, e depois eu peguei o celular e mostrei que n\u00e3o estava gravando nada. Fui fazendo as indaga\u00e7\u00f5es, eles me questionando, e num momento desses o irm\u00e3o do Rog\u00e9rio, sem eu perceber, veio na minha dire\u00e7\u00e3o e me deu um murro no lado direito do rosto. Meus \u00f3culos ca\u00edram no ch\u00e3o, ficaram cheios de lama, e assim acabou a conversa. Eu n\u00e3o reagi, e apesar de tudo mantive a frieza\u201d.<\/p>\n<p><em><a href=\"http:\/\/avozdaserra.com.br\/noticias\/vereador-e-agredido-ao-fiscalizar-queda-de-barreira-em-sao-lourenco\">Confira aqui o depoimento completo de Professor Pierre, ao jornal A Voz da Serra<\/a>.<\/p>\n<p><\/em>O presidente do diret\u00f3rio do PSOL de Nova Friburgo, Rodrigo In\u00e1cio, informa que o fato foi comunicado ao diret\u00f3rio estadual do PSOL-RJ e que ainda esta semana haver\u00e1 uma reuni\u00e3o entre as lideran\u00e7as do partido para decidir quais medidas judiciais ser\u00e3o tomadas. \u201cO vereador j\u00e1 fez exame de corpo delito e com certeza o partido, que apoia integralmente o Pierre, dar\u00e1 uma resposta ao ocorrido. \u00c9 inadmiss\u00edvel, e repudiamos qualquer tipo de agress\u00e3o. O vereador n\u00e3o est\u00e1 sozinho e o partido vai se reunir para tomar as medidas cab\u00edveis\u201d, disse Rodrigo.<\/p>\n<p>O deputado federal Glauber Braga, tamb\u00e9m de Nova Friburgo, declarou seu apoio ao vereador e repudiou a viol\u00eancia, uma forma expl\u00edcita de intimidar a atua\u00e7\u00e3o do parlamentar do PSOL. \u201cManifesto toda a minha solidariedade ao vereador Pierre e tamb\u00e9m o rep\u00fadio \u00e0 viol\u00eancia contra ele praticada. O legislador \u00e9 tamb\u00e9m um fiscal do Executivo e Pierre agiu corretamente ao denunciar a tentativa de intimida\u00e7\u00e3o contra ele exercida\u201d.<\/p>\n<p>Marcelo Freixo, deputado estadual pelo PSOL do Rio, conta que em 2012 Pierre foi relator da CPI das Chuvas na C\u00e2mara Municipal, que investigou a aplica\u00e7\u00e3o de R$ 22 milh\u00f5es repassados \u00e0 Prefeitura de Nova Friburgo para a recupera\u00e7\u00e3o da cidade. O relat\u00f3rio final aponta que houve desvio de dinheiro p\u00fablico at\u00e9 em verba para transporte escolar. \u201cA atribui\u00e7\u00e3o de um vereador \u00e9 fiscalizar o Executivo. E quando ele \u00e9 agredido neste contexto, a fam\u00edlia do prefeito que age em nome do governo n\u00e3o comete um atentado contra o Pierre, mas sim contra a democracia de Nova Friburgo e do estado do Rio. A fam\u00edlia do prefeito n\u00e3o pode achar que vai impedir o vereador, na atribui\u00e7\u00e3o do seu cargo de fiscalizar o Executivo com agress\u00f5es deste porte e que o caso vai ficar impune\u201d, disse.<\/p>\n<p>Segundo Freixo, a primeira provid\u00eancia que ele pretende tomar \u00e9 ir \u00e0 Pol\u00edcia Civil solicitar agilidade no inqu\u00e9rito policial para apurar a agress\u00e3o sofrida pelo vereador. \u201cIsso \u00e9 um crime contra a democracia, e a partir de hoje o PSOL estar\u00e1 ativando com for\u00e7a total todas as redes sociais do partido para denunciar os autores da agress\u00e3o. Espero mesmo que o prefeito se posicione \u00e0 sociedade condenando o que o irm\u00e3o fez, pedindo desculpas e se retratando. \u00c9 o m\u00ednimo que o eleitor espera\u201d.<\/p>\n<p>&nbsp;<\/p>\n<p>&nbsp;<\/p>\n","protected":false},"excerpt":{"rendered":"<p>O vereador Professor Pierre, do PSOL de Nova Friburgo, munic\u00edpio da regi\u00e3o serrana do estado do Rio de Janeiro, foi agredido na \u00faltima segunda-feira (18), enquanto fiscalizava uma \u00e1rea onde ocorreu deslizamento de terra, devido \u00e0 forte chuva que cai na regi\u00e3o nos \u00faltimos dias. Segundo informa\u00e7\u00f5es do jornal A Voz da Serra, uma escola [&hellip;]<\/p>\n","protected":false},"author":2,"featured_media":11050,"comment_status":"open","ping_status":"open","sticky":false,"template":"","format":"standard","meta":{"_acf_changed":false,"footnotes":""},"categories":[654,6],"tags":[1937,1191,161,3908,22,2334,3909,3910],"class_list":{"0":"post-11049","1":"post","2":"type-post","3":"status-publish","4":"format-standard","5":"has-post-thumbnail","7":"category-estados","8":"category-noticias","9":"tag-agressao","10":"tag-glauber-braga","11":"tag-marcelo-freixo","12":"tag-nova-friburgo","13":"tag-psol","14":"tag-psol-rj","15":"tag-rogerio-cabral","16":"tag-vereador-professor-pierre"},"acf":[],"yoast_head":"<!-- This site is optimized with the Yoast SEO plugin v26.5 - https:\/\/yoast.com\/wordpress\/plugins\/seo\/ -->\n<title>Vereador do PSOL \u00e9 agredido enquanto fiscalizava deslizamento de terra em Nova Friburgo - PSOL 50<\/title>\n<meta name=\"robots\" content=\"index, follow, max-snippet:-1, max-image-preview:large, max-video-preview:-1\" \/>\n<link rel=\"canonical\" href=\"https:\/\/psol50.org.br\/vereador-do-psol-e-agredido-enquanto-fiscalizava-deslizamento-de-terra-em-regiao-de-nova-friburgo\/\" \/>\n<meta property=\"og:locale\" content=\"pt_BR\" \/>\n<meta property=\"og:type\" content=\"article\" \/>\n<meta property=\"og:title\" content=\"Vereador do PSOL \u00e9 agredido enquanto fiscalizava deslizamento de terra em Nova Friburgo - PSOL 50\" \/>\n<meta property=\"og:description\" content=\"O vereador Professor Pierre, do PSOL de Nova Friburgo, munic\u00edpio da regi\u00e3o serrana do estado do Rio de Janeiro, foi agredido na \u00faltima segunda-feira (18), enquanto fiscalizava uma \u00e1rea onde ocorreu deslizamento de terra, devido \u00e0 forte chuva que cai na regi\u00e3o nos \u00faltimos dias. Segundo informa\u00e7\u00f5es do jornal A Voz da Serra, uma escola [&hellip;]\" \/>\n<meta property=\"og:url\" content=\"https:\/\/psol50.org.br\/vereador-do-psol-e-agredido-enquanto-fiscalizava-deslizamento-de-terra-em-regiao-de-nova-friburgo\/\" \/>\n<meta property=\"og:site_name\" content=\"PSOL 50\" \/>\n<meta property=\"article:publisher\" content=\"https:\/\/www.facebook.com\/psol50\" \/>\n<meta property=\"article:published_time\" content=\"2016-01-20T18:03:27+00:00\" \/>\n<meta property=\"og:image\" content=\"https:\/\/psol50.org.br\/inc\/uploads\/2018\/07\/capa.png\" \/>\n\t<meta property=\"og:image:width\" content=\"1350\" \/>\n\t<meta property=\"og:image:height\" content=\"900\" \/>\n\t<meta property=\"og:image:type\" content=\"image\/png\" \/>\n<meta name=\"author\" content=\"Comunica\u00e7\u00e3o PSOL\" \/>\n<meta name=\"twitter:card\" content=\"summary_large_image\" \/>\n<meta name=\"twitter:creator\" content=\"@psol50\" \/>\n<meta name=\"twitter:site\" content=\"@psol50\" \/>\n<meta name=\"twitter:label1\" content=\"Escrito por\" \/>\n\t<meta name=\"twitter:data1\" content=\"Comunica\u00e7\u00e3o PSOL\" \/>\n\t<meta name=\"twitter:label2\" content=\"Est. tempo de leitura\" \/>\n\t<meta name=\"twitter:data2\" content=\"5 minutos\" \/>\n<script type=\"application\/ld+json\" class=\"yoast-schema-graph\">{\"@context\":\"https:\/\/schema.org\",\"@graph\":[{\"@type\":\"Article\",\"@id\":\"https:\/\/psol50.org.br\/vereador-do-psol-e-agredido-enquanto-fiscalizava-deslizamento-de-terra-em-regiao-de-nova-friburgo\/#article\",\"isPartOf\":{\"@id\":\"https:\/\/psol50.org.br\/vereador-do-psol-e-agredido-enquanto-fiscalizava-deslizamento-de-terra-em-regiao-de-nova-friburgo\/\"},\"author\":{\"name\":\"Comunica\u00e7\u00e3o PSOL\",\"@id\":\"https:\/\/psol50.org.br\/#\/schema\/person\/475dfa57d0b815993c714c2e96491fcd\"},\"headline\":\"Vereador do PSOL \u00e9 agredido enquanto fiscalizava deslizamento de terra em Nova Friburgo\",\"datePublished\":\"2016-01-20T18:03:27+00:00\",\"mainEntityOfPage\":{\"@id\":\"https:\/\/psol50.org.br\/vereador-do-psol-e-agredido-enquanto-fiscalizava-deslizamento-de-terra-em-regiao-de-nova-friburgo\/\"},\"wordCount\":964,\"commentCount\":0,\"publisher\":{\"@id\":\"https:\/\/psol50.org.br\/#organization\"},\"image\":{\"@id\":\"https:\/\/psol50.org.br\/vereador-do-psol-e-agredido-enquanto-fiscalizava-deslizamento-de-terra-em-regiao-de-nova-friburgo\/#primaryimage\"},\"thumbnailUrl\":\"\",\"keywords\":[\"agress\u00e3o\",\"Glauber Braga\",\"Marcelo Freixo\",\"Nova Friburgo\",\"PSOL\",\"PSOL-RJ\",\"Rog\u00e9rio Cabral\",\"vereador Professor Pierre\"],\"articleSection\":[\"Estados\",\"Not\u00edcias\"],\"inLanguage\":\"pt-BR\",\"potentialAction\":[{\"@type\":\"CommentAction\",\"name\":\"Comment\",\"target\":[\"https:\/\/psol50.org.br\/vereador-do-psol-e-agredido-enquanto-fiscalizava-deslizamento-de-terra-em-regiao-de-nova-friburgo\/#respond\"]}]},{\"@type\":\"WebPage\",\"@id\":\"https:\/\/psol50.org.br\/vereador-do-psol-e-agredido-enquanto-fiscalizava-deslizamento-de-terra-em-regiao-de-nova-friburgo\/\",\"url\":\"https:\/\/psol50.org.br\/vereador-do-psol-e-agredido-enquanto-fiscalizava-deslizamento-de-terra-em-regiao-de-nova-friburgo\/\",\"name\":\"Vereador do PSOL \u00e9 agredido enquanto fiscalizava deslizamento de terra em Nova Friburgo - PSOL 50\",\"isPartOf\":{\"@id\":\"https:\/\/psol50.org.br\/#website\"},\"primaryImageOfPage\":{\"@id\":\"https:\/\/psol50.org.br\/vereador-do-psol-e-agredido-enquanto-fiscalizava-deslizamento-de-terra-em-regiao-de-nova-friburgo\/#primaryimage\"},\"image\":{\"@id\":\"https:\/\/psol50.org.br\/vereador-do-psol-e-agredido-enquanto-fiscalizava-deslizamento-de-terra-em-regiao-de-nova-friburgo\/#primaryimage\"},\"thumbnailUrl\":\"\",\"datePublished\":\"2016-01-20T18:03:27+00:00\",\"breadcrumb\":{\"@id\":\"https:\/\/psol50.org.br\/vereador-do-psol-e-agredido-enquanto-fiscalizava-deslizamento-de-terra-em-regiao-de-nova-friburgo\/#breadcrumb\"},\"inLanguage\":\"pt-BR\",\"potentialAction\":[{\"@type\":\"ReadAction\",\"target\":[\"https:\/\/psol50.org.br\/vereador-do-psol-e-agredido-enquanto-fiscalizava-deslizamento-de-terra-em-regiao-de-nova-friburgo\/\"]}]},{\"@type\":\"ImageObject\",\"inLanguage\":\"pt-BR\",\"@id\":\"https:\/\/psol50.org.br\/vereador-do-psol-e-agredido-enquanto-fiscalizava-deslizamento-de-terra-em-regiao-de-nova-friburgo\/#primaryimage\",\"url\":\"\",\"contentUrl\":\"\"},{\"@type\":\"BreadcrumbList\",\"@id\":\"https:\/\/psol50.org.br\/vereador-do-psol-e-agredido-enquanto-fiscalizava-deslizamento-de-terra-em-regiao-de-nova-friburgo\/#breadcrumb\",\"itemListElement\":[{\"@type\":\"ListItem\",\"position\":1,\"name\":\"In\u00edcio\",\"item\":\"https:\/\/psol50.org.br\/\"},{\"@type\":\"ListItem\",\"position\":2,\"name\":\"Vereador do PSOL \u00e9 agredido enquanto fiscalizava deslizamento de terra em Nova Friburgo\"}]},{\"@type\":\"WebSite\",\"@id\":\"https:\/\/psol50.org.br\/#website\",\"url\":\"https:\/\/psol50.org.br\/\",\"name\":\"PSOL 50\",\"description\":\"Site oficial do Partido Socialismo e Liberdade\",\"publisher\":{\"@id\":\"https:\/\/psol50.org.br\/#organization\"},\"alternateName\":\"PSOL50\",\"potentialAction\":[{\"@type\":\"SearchAction\",\"target\":{\"@type\":\"EntryPoint\",\"urlTemplate\":\"https:\/\/psol50.org.br\/?s={search_term_string}\"},\"query-input\":{\"@type\":\"PropertyValueSpecification\",\"valueRequired\":true,\"valueName\":\"search_term_string\"}}],\"inLanguage\":\"pt-BR\"},{\"@type\":\"Organization\",\"@id\":\"https:\/\/psol50.org.br\/#organization\",\"name\":\"PSOL 50\",\"alternateName\":\"PSOL 50\",\"url\":\"https:\/\/psol50.org.br\/\",\"logo\":{\"@type\":\"ImageObject\",\"inLanguage\":\"pt-BR\",\"@id\":\"https:\/\/psol50.org.br\/#\/schema\/logo\/image\/\",\"url\":\"https:\/\/psol50.org.br\/inc\/uploads\/2018\/07\/capa.png\",\"contentUrl\":\"https:\/\/psol50.org.br\/inc\/uploads\/2018\/07\/capa.png\",\"width\":1350,\"height\":900,\"caption\":\"PSOL 50\"},\"image\":{\"@id\":\"https:\/\/psol50.org.br\/#\/schema\/logo\/image\/\"},\"sameAs\":[\"https:\/\/www.facebook.com\/psol50\",\"https:\/\/x.com\/psol50\",\"https:\/\/www.instagram.com\/psol50\/\",\"https:\/\/www.youtube.com\/channel\/UC7SnJS5o1os7a6CaiNabzcg\"]},{\"@type\":\"Person\",\"@id\":\"https:\/\/psol50.org.br\/#\/schema\/person\/475dfa57d0b815993c714c2e96491fcd\",\"name\":\"Comunica\u00e7\u00e3o PSOL\",\"image\":{\"@type\":\"ImageObject\",\"inLanguage\":\"pt-BR\",\"@id\":\"https:\/\/psol50.org.br\/#\/schema\/person\/image\/\",\"url\":\"https:\/\/secure.gravatar.com\/avatar\/b34fc4f4e468a4e51785917065a3db57b841f5c95dba6ad8c73aaf8f66f8f9bf?s=96&d=mm&r=g\",\"contentUrl\":\"https:\/\/secure.gravatar.com\/avatar\/b34fc4f4e468a4e51785917065a3db57b841f5c95dba6ad8c73aaf8f66f8f9bf?s=96&d=mm&r=g\",\"caption\":\"Comunica\u00e7\u00e3o PSOL\"}}]}<\/script>\n<!-- \/ Yoast SEO plugin. -->","yoast_head_json":{"title":"Vereador do PSOL \u00e9 agredido enquanto fiscalizava deslizamento de terra em Nova Friburgo - PSOL 50","robots":{"index":"index","follow":"follow","max-snippet":"max-snippet:-1","max-image-preview":"max-image-preview:large","max-video-preview":"max-video-preview:-1"},"canonical":"https:\/\/psol50.org.br\/vereador-do-psol-e-agredido-enquanto-fiscalizava-deslizamento-de-terra-em-regiao-de-nova-friburgo\/","og_locale":"pt_BR","og_type":"article","og_title":"Vereador do PSOL \u00e9 agredido enquanto fiscalizava deslizamento de terra em Nova Friburgo - PSOL 50","og_description":"O vereador Professor Pierre, do PSOL de Nova Friburgo, munic\u00edpio da regi\u00e3o serrana do estado do Rio de Janeiro, foi agredido na \u00faltima segunda-feira (18), enquanto fiscalizava uma \u00e1rea onde ocorreu deslizamento de terra, devido \u00e0 forte chuva que cai na regi\u00e3o nos \u00faltimos dias. Segundo informa\u00e7\u00f5es do jornal A Voz da Serra, uma escola [&hellip;]","og_url":"https:\/\/psol50.org.br\/vereador-do-psol-e-agredido-enquanto-fiscalizava-deslizamento-de-terra-em-regiao-de-nova-friburgo\/","og_site_name":"PSOL 50","article_publisher":"https:\/\/www.facebook.com\/psol50","article_published_time":"2016-01-20T18:03:27+00:00","og_image":[{"width":1350,"height":900,"url":"https:\/\/psol50.org.br\/inc\/uploads\/2018\/07\/capa.png","type":"image\/png"}],"author":"Comunica\u00e7\u00e3o PSOL","twitter_card":"summary_large_image","twitter_creator":"@psol50","twitter_site":"@psol50","twitter_misc":{"Escrito por":"Comunica\u00e7\u00e3o PSOL","Est. tempo de leitura":"5 minutos"},"schema":{"@context":"https:\/\/schema.org","@graph":[{"@type":"Article","@id":"https:\/\/psol50.org.br\/vereador-do-psol-e-agredido-enquanto-fiscalizava-deslizamento-de-terra-em-regiao-de-nova-friburgo\/#article","isPartOf":{"@id":"https:\/\/psol50.org.br\/vereador-do-psol-e-agredido-enquanto-fiscalizava-deslizamento-de-terra-em-regiao-de-nova-friburgo\/"},"author":{"name":"Comunica\u00e7\u00e3o PSOL","@id":"https:\/\/psol50.org.br\/#\/schema\/person\/475dfa57d0b815993c714c2e96491fcd"},"headline":"Vereador do PSOL \u00e9 agredido enquanto fiscalizava deslizamento de terra em Nova Friburgo","datePublished":"2016-01-20T18:03:27+00:00","mainEntityOfPage":{"@id":"https:\/\/psol50.org.br\/vereador-do-psol-e-agredido-enquanto-fiscalizava-deslizamento-de-terra-em-regiao-de-nova-friburgo\/"},"wordCount":964,"commentCount":0,"publisher":{"@id":"https:\/\/psol50.org.br\/#organization"},"image":{"@id":"https:\/\/psol50.org.br\/vereador-do-psol-e-agredido-enquanto-fiscalizava-deslizamento-de-terra-em-regiao-de-nova-friburgo\/#primaryimage"},"thumbnailUrl":"","keywords":["agress\u00e3o","Glauber Braga","Marcelo Freixo","Nova Friburgo","PSOL","PSOL-RJ","Rog\u00e9rio Cabral","vereador Professor Pierre"],"articleSection":["Estados","Not\u00edcias"],"inLanguage":"pt-BR","potentialAction":[{"@type":"CommentAction","name":"Comment","target":["https:\/\/psol50.org.br\/vereador-do-psol-e-agredido-enquanto-fiscalizava-deslizamento-de-terra-em-regiao-de-nova-friburgo\/#respond"]}]},{"@type":"WebPage","@id":"https:\/\/psol50.org.br\/vereador-do-psol-e-agredido-enquanto-fiscalizava-deslizamento-de-terra-em-regiao-de-nova-friburgo\/","url":"https:\/\/psol50.org.br\/vereador-do-psol-e-agredido-enquanto-fiscalizava-deslizamento-de-terra-em-regiao-de-nova-friburgo\/","name":"Vereador do PSOL \u00e9 agredido enquanto fiscalizava deslizamento de terra em Nova Friburgo - PSOL 50","isPartOf":{"@id":"https:\/\/psol50.org.br\/#website"},"primaryImageOfPage":{"@id":"https:\/\/psol50.org.br\/vereador-do-psol-e-agredido-enquanto-fiscalizava-deslizamento-de-terra-em-regiao-de-nova-friburgo\/#primaryimage"},"image":{"@id":"https:\/\/psol50.org.br\/vereador-do-psol-e-agredido-enquanto-fiscalizava-deslizamento-de-terra-em-regiao-de-nova-friburgo\/#primaryimage"},"thumbnailUrl":"","datePublished":"2016-01-20T18:03:27+00:00","breadcrumb":{"@id":"https:\/\/psol50.org.br\/vereador-do-psol-e-agredido-enquanto-fiscalizava-deslizamento-de-terra-em-regiao-de-nova-friburgo\/#breadcrumb"},"inLanguage":"pt-BR","potentialAction":[{"@type":"ReadAction","target":["https:\/\/psol50.org.br\/vereador-do-psol-e-agredido-enquanto-fiscalizava-deslizamento-de-terra-em-regiao-de-nova-friburgo\/"]}]},{"@type":"ImageObject","inLanguage":"pt-BR","@id":"https:\/\/psol50.org.br\/vereador-do-psol-e-agredido-enquanto-fiscalizava-deslizamento-de-terra-em-regiao-de-nova-friburgo\/#primaryimage","url":"","contentUrl":""},{"@type":"BreadcrumbList","@id":"https:\/\/psol50.org.br\/vereador-do-psol-e-agredido-enquanto-fiscalizava-deslizamento-de-terra-em-regiao-de-nova-friburgo\/#breadcrumb","itemListElement":[{"@type":"ListItem","position":1,"name":"In\u00edcio","item":"https:\/\/psol50.org.br\/"},{"@type":"ListItem","position":2,"name":"Vereador do PSOL \u00e9 agredido enquanto fiscalizava deslizamento de terra em Nova Friburgo"}]},{"@type":"WebSite","@id":"https:\/\/psol50.org.br\/#website","url":"https:\/\/psol50.org.br\/","name":"PSOL 50","description":"Site oficial do Partido Socialismo e Liberdade","publisher":{"@id":"https:\/\/psol50.org.br\/#organization"},"alternateName":"PSOL50","potentialAction":[{"@type":"SearchAction","target":{"@type":"EntryPoint","urlTemplate":"https:\/\/psol50.org.br\/?s={search_term_string}"},"query-input":{"@type":"PropertyValueSpecification","valueRequired":true,"valueName":"search_term_string"}}],"inLanguage":"pt-BR"},{"@type":"Organization","@id":"https:\/\/psol50.org.br\/#organization","name":"PSOL 50","alternateName":"PSOL 50","url":"https:\/\/psol50.org.br\/","logo":{"@type":"ImageObject","inLanguage":"pt-BR","@id":"https:\/\/psol50.org.br\/#\/schema\/logo\/image\/","url":"https:\/\/psol50.org.br\/inc\/uploads\/2018\/07\/capa.png","contentUrl":"https:\/\/psol50.org.br\/inc\/uploads\/2018\/07\/capa.png","width":1350,"height":900,"caption":"PSOL 50"},"image":{"@id":"https:\/\/psol50.org.br\/#\/schema\/logo\/image\/"},"sameAs":["https:\/\/www.facebook.com\/psol50","https:\/\/x.com\/psol50","https:\/\/www.instagram.com\/psol50\/","https:\/\/www.youtube.com\/channel\/UC7SnJS5o1os7a6CaiNabzcg"]},{"@type":"Person","@id":"https:\/\/psol50.org.br\/#\/schema\/person\/475dfa57d0b815993c714c2e96491fcd","name":"Comunica\u00e7\u00e3o PSOL","image":{"@type":"ImageObject","inLanguage":"pt-BR","@id":"https:\/\/psol50.org.br\/#\/schema\/person\/image\/","url":"https:\/\/secure.gravatar.com\/avatar\/b34fc4f4e468a4e51785917065a3db57b841f5c95dba6ad8c73aaf8f66f8f9bf?s=96&d=mm&r=g","contentUrl":"https:\/\/secure.gravatar.com\/avatar\/b34fc4f4e468a4e51785917065a3db57b841f5c95dba6ad8c73aaf8f66f8f9bf?s=96&d=mm&r=g","caption":"Comunica\u00e7\u00e3o PSOL"}}]}},"_links":{"self":[{"href":"https:\/\/psol50.org.br\/rest\/wp\/v2\/posts\/11049","targetHints":{"allow":["GET"]}}],"collection":[{"href":"https:\/\/psol50.org.br\/rest\/wp\/v2\/posts"}],"about":[{"href":"https:\/\/psol50.org.br\/rest\/wp\/v2\/types\/post"}],"author":[{"embeddable":true,"href":"https:\/\/psol50.org.br\/rest\/wp\/v2\/users\/2"}],"replies":[{"embeddable":true,"href":"https:\/\/psol50.org.br\/rest\/wp\/v2\/comments?post=11049"}],"version-history":[{"count":0,"href":"https:\/\/psol50.org.br\/rest\/wp\/v2\/posts\/11049\/revisions"}],"wp:featuredmedia":[{"embeddable":true,"href":"https:\/\/psol50.org.br\/rest\/"}],"wp:attachment":[{"href":"https:\/\/psol50.org.br\/rest\/wp\/v2\/media?parent=11049"}],"wp:term":[{"taxonomy":"category","embeddable":true,"href":"https:\/\/psol50.org.br\/rest\/wp\/v2\/categories?post=11049"},{"taxonomy":"post_tag","embeddable":true,"href":"https:\/\/psol50.org.br\/rest\/wp\/v2\/tags?post=11049"}],"curies":[{"name":"wp","href":"https:\/\/api.w.org\/{rel}","templated":true}]}}