{"id":11059,"date":"2016-01-21T11:18:54","date_gmt":"2016-01-21T11:18:54","guid":{"rendered":"http:\/\/www.psol50.org.br\/?p=11059"},"modified":"2016-01-21T11:18:54","modified_gmt":"2016-01-21T11:18:54","slug":"juninho-respeitem-meus-cabelos-brancos","status":"publish","type":"post","link":"https:\/\/psol50.org.br\/juninho-respeitem-meus-cabelos-brancos\/","title":{"rendered":"JUNINHO: Respeitem meus cabelos, brancos!"},"content":{"rendered":"<p>A associa\u00e7\u00e3o do cabelo crespo como cabelo duro, cabelo ruim, cabelo bombril, a ideia da negra e negro como feio e sujo, a rela\u00e7\u00e3o com o macaco, ou at\u00e9 mesmo a hipersexualiza\u00e7\u00e3o do corpo feminino negro, s\u00e3o tra\u00e7os e estrat\u00e9gias hist\u00f3ricas do racismo que procuram classificar as negras e negros como inferiores dentro da sociedade brasileira.<\/p>\n<p>N\u00e3o \u00e0 toa que a autoafirma\u00e7\u00e3o est\u00e9tica como assumir o cabelo crespo, a tran\u00e7a, o dread look, a ideia do Black Power \u00e9 uma das principais ferramentas de constru\u00e7\u00e3o de identidade da popula\u00e7\u00e3o negra.<\/p>\n<p>O rompimento com os padr\u00f5es est\u00e9ticos europeus pr\u00e9-estabelecidos, que definem o que \u00e9 belo e feio, que atuam de forma extremamente violenta desde a inf\u00e2ncia, principalmente sob as meninas negras que enfrentam a ditadura da chapinha, n\u00e3o \u00e9 nada f\u00e1cil.<\/p>\n<p>Neste sentido, qualquer s\u00edmbolo midi\u00e1tico que reforce um estere\u00f3tipo depreciativo contra a popula\u00e7\u00e3o negra \u00e9 racismo. Por isso \u00e9 inaceit\u00e1vel que a Rede Globo em seu reality show Big Brother Brasil utilize o s\u00edmbolo do Black Power, t\u00e3o importante para afirma\u00e7\u00e3o negra, associado a uma esponja de lavar lou\u00e7a.<\/p>\n<p>A ideia do cabelo bombril, do cabelo de palha de a\u00e7o, est\u00e1 intimamente ligada \u00e0 ideia de cabelo ruim, de cabelo feio. O povo negro n\u00e3o lutou e continua lutando por seu espa\u00e7o na sociedade brasileira para permanecer aceitando esse tipo de provoca\u00e7\u00e3o.<\/p>\n<p>Os grandes meios de comunica\u00e7\u00e3o continuam atuando na chave da democracia racial e vestem a camisa da liberdade de express\u00e3o e se acham imunes aos efeitos jur\u00eddicos da pr\u00e1tica do racismo. Esse quadro precisa ser alterado rapidamente. O direito \u00e0 comunica\u00e7\u00e3o n\u00e3o pode estar acima de nenhum outro direito, sobretudo aos direitos humanos. O racismo na grande m\u00eddia precisa de um freio e s\u00f3 com press\u00e3o social podemos alterar esse quadro.<\/p>\n","protected":false},"excerpt":{"rendered":"<p>A associa\u00e7\u00e3o do cabelo crespo como cabelo duro, cabelo ruim, cabelo bombril, a ideia da negra e negro como feio e sujo, a rela\u00e7\u00e3o com o macaco, ou at\u00e9 mesmo a hipersexualiza\u00e7\u00e3o do corpo feminino negro, s\u00e3o tra\u00e7os e estrat\u00e9gias hist\u00f3ricas do racismo que procuram classificar as negras e negros como inferiores dentro da sociedade [&hellip;]<\/p>\n","protected":false},"author":2,"featured_media":11060,"comment_status":"open","ping_status":"open","sticky":false,"template":"","format":"standard","meta":{"_acf_changed":false,"footnotes":""},"categories":[3,1104],"tags":[1196,127,3271],"class_list":{"0":"post-11059","1":"post","2":"type-post","3":"status-publish","4":"format-standard","5":"has-post-thumbnail","7":"category-artigos-e-entrevistas","8":"category-movimento","9":"tag-juninho","10":"tag-racismo","11":"tag-rede-globo"},"acf":[],"yoast_head":"<!-- This site is optimized with the Yoast SEO plugin v26.5 - https:\/\/yoast.com\/wordpress\/plugins\/seo\/ -->\n<title>JUNINHO: Respeitem meus cabelos, brancos! - PSOL 50<\/title>\n<meta name=\"robots\" content=\"index, follow, max-snippet:-1, max-image-preview:large, max-video-preview:-1\" \/>\n<link rel=\"canonical\" href=\"https:\/\/psol50.org.br\/juninho-respeitem-meus-cabelos-brancos\/\" \/>\n<meta property=\"og:locale\" content=\"pt_BR\" \/>\n<meta property=\"og:type\" content=\"article\" \/>\n<meta property=\"og:title\" content=\"JUNINHO: Respeitem meus cabelos, brancos! - PSOL 50\" \/>\n<meta property=\"og:description\" content=\"A associa\u00e7\u00e3o do cabelo crespo como cabelo duro, cabelo ruim, cabelo bombril, a ideia da negra e negro como feio e sujo, a rela\u00e7\u00e3o com o macaco, ou at\u00e9 mesmo a hipersexualiza\u00e7\u00e3o do corpo feminino negro, s\u00e3o tra\u00e7os e estrat\u00e9gias hist\u00f3ricas do racismo que procuram classificar as negras e negros como inferiores dentro da sociedade [&hellip;]\" \/>\n<meta property=\"og:url\" content=\"https:\/\/psol50.org.br\/juninho-respeitem-meus-cabelos-brancos\/\" \/>\n<meta property=\"og:site_name\" content=\"PSOL 50\" \/>\n<meta property=\"article:publisher\" content=\"https:\/\/www.facebook.com\/psol50\" \/>\n<meta property=\"article:published_time\" content=\"2016-01-21T11:18:54+00:00\" \/>\n<meta property=\"og:image\" content=\"https:\/\/psol50.org.br\/inc\/uploads\/2018\/07\/capa.png\" \/>\n\t<meta property=\"og:image:width\" content=\"1350\" \/>\n\t<meta property=\"og:image:height\" content=\"900\" \/>\n\t<meta property=\"og:image:type\" content=\"image\/png\" \/>\n<meta name=\"author\" content=\"Comunica\u00e7\u00e3o PSOL\" \/>\n<meta name=\"twitter:card\" content=\"summary_large_image\" \/>\n<meta name=\"twitter:creator\" content=\"@psol50\" \/>\n<meta name=\"twitter:site\" content=\"@psol50\" \/>\n<meta name=\"twitter:label1\" content=\"Escrito por\" \/>\n\t<meta name=\"twitter:data1\" content=\"Comunica\u00e7\u00e3o PSOL\" \/>\n\t<meta name=\"twitter:label2\" content=\"Est. tempo de leitura\" \/>\n\t<meta name=\"twitter:data2\" content=\"2 minutos\" \/>\n<script type=\"application\/ld+json\" class=\"yoast-schema-graph\">{\"@context\":\"https:\/\/schema.org\",\"@graph\":[{\"@type\":\"Article\",\"@id\":\"https:\/\/psol50.org.br\/juninho-respeitem-meus-cabelos-brancos\/#article\",\"isPartOf\":{\"@id\":\"https:\/\/psol50.org.br\/juninho-respeitem-meus-cabelos-brancos\/\"},\"author\":{\"name\":\"Comunica\u00e7\u00e3o PSOL\",\"@id\":\"https:\/\/psol50.org.br\/#\/schema\/person\/475dfa57d0b815993c714c2e96491fcd\"},\"headline\":\"JUNINHO: Respeitem meus cabelos, brancos!\",\"datePublished\":\"2016-01-21T11:18:54+00:00\",\"mainEntityOfPage\":{\"@id\":\"https:\/\/psol50.org.br\/juninho-respeitem-meus-cabelos-brancos\/\"},\"wordCount\":330,\"commentCount\":0,\"publisher\":{\"@id\":\"https:\/\/psol50.org.br\/#organization\"},\"image\":{\"@id\":\"https:\/\/psol50.org.br\/juninho-respeitem-meus-cabelos-brancos\/#primaryimage\"},\"thumbnailUrl\":\"\",\"keywords\":[\"Juninho\",\"racismo\",\"rede globo\"],\"articleSection\":[\"Artigos\",\"Movimento\"],\"inLanguage\":\"pt-BR\",\"potentialAction\":[{\"@type\":\"CommentAction\",\"name\":\"Comment\",\"target\":[\"https:\/\/psol50.org.br\/juninho-respeitem-meus-cabelos-brancos\/#respond\"]}]},{\"@type\":\"WebPage\",\"@id\":\"https:\/\/psol50.org.br\/juninho-respeitem-meus-cabelos-brancos\/\",\"url\":\"https:\/\/psol50.org.br\/juninho-respeitem-meus-cabelos-brancos\/\",\"name\":\"JUNINHO: Respeitem meus cabelos, brancos! - PSOL 50\",\"isPartOf\":{\"@id\":\"https:\/\/psol50.org.br\/#website\"},\"primaryImageOfPage\":{\"@id\":\"https:\/\/psol50.org.br\/juninho-respeitem-meus-cabelos-brancos\/#primaryimage\"},\"image\":{\"@id\":\"https:\/\/psol50.org.br\/juninho-respeitem-meus-cabelos-brancos\/#primaryimage\"},\"thumbnailUrl\":\"\",\"datePublished\":\"2016-01-21T11:18:54+00:00\",\"breadcrumb\":{\"@id\":\"https:\/\/psol50.org.br\/juninho-respeitem-meus-cabelos-brancos\/#breadcrumb\"},\"inLanguage\":\"pt-BR\",\"potentialAction\":[{\"@type\":\"ReadAction\",\"target\":[\"https:\/\/psol50.org.br\/juninho-respeitem-meus-cabelos-brancos\/\"]}]},{\"@type\":\"ImageObject\",\"inLanguage\":\"pt-BR\",\"@id\":\"https:\/\/psol50.org.br\/juninho-respeitem-meus-cabelos-brancos\/#primaryimage\",\"url\":\"\",\"contentUrl\":\"\"},{\"@type\":\"BreadcrumbList\",\"@id\":\"https:\/\/psol50.org.br\/juninho-respeitem-meus-cabelos-brancos\/#breadcrumb\",\"itemListElement\":[{\"@type\":\"ListItem\",\"position\":1,\"name\":\"In\u00edcio\",\"item\":\"https:\/\/psol50.org.br\/\"},{\"@type\":\"ListItem\",\"position\":2,\"name\":\"JUNINHO: Respeitem meus cabelos, brancos!\"}]},{\"@type\":\"WebSite\",\"@id\":\"https:\/\/psol50.org.br\/#website\",\"url\":\"https:\/\/psol50.org.br\/\",\"name\":\"PSOL 50\",\"description\":\"Site oficial do Partido Socialismo e Liberdade\",\"publisher\":{\"@id\":\"https:\/\/psol50.org.br\/#organization\"},\"alternateName\":\"PSOL50\",\"potentialAction\":[{\"@type\":\"SearchAction\",\"target\":{\"@type\":\"EntryPoint\",\"urlTemplate\":\"https:\/\/psol50.org.br\/?s={search_term_string}\"},\"query-input\":{\"@type\":\"PropertyValueSpecification\",\"valueRequired\":true,\"valueName\":\"search_term_string\"}}],\"inLanguage\":\"pt-BR\"},{\"@type\":\"Organization\",\"@id\":\"https:\/\/psol50.org.br\/#organization\",\"name\":\"PSOL 50\",\"alternateName\":\"PSOL 50\",\"url\":\"https:\/\/psol50.org.br\/\",\"logo\":{\"@type\":\"ImageObject\",\"inLanguage\":\"pt-BR\",\"@id\":\"https:\/\/psol50.org.br\/#\/schema\/logo\/image\/\",\"url\":\"https:\/\/psol50.org.br\/inc\/uploads\/2018\/07\/capa.png\",\"contentUrl\":\"https:\/\/psol50.org.br\/inc\/uploads\/2018\/07\/capa.png\",\"width\":1350,\"height\":900,\"caption\":\"PSOL 50\"},\"image\":{\"@id\":\"https:\/\/psol50.org.br\/#\/schema\/logo\/image\/\"},\"sameAs\":[\"https:\/\/www.facebook.com\/psol50\",\"https:\/\/x.com\/psol50\",\"https:\/\/www.instagram.com\/psol50\/\",\"https:\/\/www.youtube.com\/channel\/UC7SnJS5o1os7a6CaiNabzcg\"]},{\"@type\":\"Person\",\"@id\":\"https:\/\/psol50.org.br\/#\/schema\/person\/475dfa57d0b815993c714c2e96491fcd\",\"name\":\"Comunica\u00e7\u00e3o PSOL\",\"image\":{\"@type\":\"ImageObject\",\"inLanguage\":\"pt-BR\",\"@id\":\"https:\/\/psol50.org.br\/#\/schema\/person\/image\/\",\"url\":\"https:\/\/secure.gravatar.com\/avatar\/b34fc4f4e468a4e51785917065a3db57b841f5c95dba6ad8c73aaf8f66f8f9bf?s=96&d=mm&r=g\",\"contentUrl\":\"https:\/\/secure.gravatar.com\/avatar\/b34fc4f4e468a4e51785917065a3db57b841f5c95dba6ad8c73aaf8f66f8f9bf?s=96&d=mm&r=g\",\"caption\":\"Comunica\u00e7\u00e3o PSOL\"}}]}<\/script>\n<!-- \/ Yoast SEO plugin. -->","yoast_head_json":{"title":"JUNINHO: Respeitem meus cabelos, brancos! - PSOL 50","robots":{"index":"index","follow":"follow","max-snippet":"max-snippet:-1","max-image-preview":"max-image-preview:large","max-video-preview":"max-video-preview:-1"},"canonical":"https:\/\/psol50.org.br\/juninho-respeitem-meus-cabelos-brancos\/","og_locale":"pt_BR","og_type":"article","og_title":"JUNINHO: Respeitem meus cabelos, brancos! - PSOL 50","og_description":"A associa\u00e7\u00e3o do cabelo crespo como cabelo duro, cabelo ruim, cabelo bombril, a ideia da negra e negro como feio e sujo, a rela\u00e7\u00e3o com o macaco, ou at\u00e9 mesmo a hipersexualiza\u00e7\u00e3o do corpo feminino negro, s\u00e3o tra\u00e7os e estrat\u00e9gias hist\u00f3ricas do racismo que procuram classificar as negras e negros como inferiores dentro da sociedade [&hellip;]","og_url":"https:\/\/psol50.org.br\/juninho-respeitem-meus-cabelos-brancos\/","og_site_name":"PSOL 50","article_publisher":"https:\/\/www.facebook.com\/psol50","article_published_time":"2016-01-21T11:18:54+00:00","og_image":[{"width":1350,"height":900,"url":"https:\/\/psol50.org.br\/inc\/uploads\/2018\/07\/capa.png","type":"image\/png"}],"author":"Comunica\u00e7\u00e3o PSOL","twitter_card":"summary_large_image","twitter_creator":"@psol50","twitter_site":"@psol50","twitter_misc":{"Escrito por":"Comunica\u00e7\u00e3o PSOL","Est. tempo de leitura":"2 minutos"},"schema":{"@context":"https:\/\/schema.org","@graph":[{"@type":"Article","@id":"https:\/\/psol50.org.br\/juninho-respeitem-meus-cabelos-brancos\/#article","isPartOf":{"@id":"https:\/\/psol50.org.br\/juninho-respeitem-meus-cabelos-brancos\/"},"author":{"name":"Comunica\u00e7\u00e3o PSOL","@id":"https:\/\/psol50.org.br\/#\/schema\/person\/475dfa57d0b815993c714c2e96491fcd"},"headline":"JUNINHO: Respeitem meus cabelos, brancos!","datePublished":"2016-01-21T11:18:54+00:00","mainEntityOfPage":{"@id":"https:\/\/psol50.org.br\/juninho-respeitem-meus-cabelos-brancos\/"},"wordCount":330,"commentCount":0,"publisher":{"@id":"https:\/\/psol50.org.br\/#organization"},"image":{"@id":"https:\/\/psol50.org.br\/juninho-respeitem-meus-cabelos-brancos\/#primaryimage"},"thumbnailUrl":"","keywords":["Juninho","racismo","rede globo"],"articleSection":["Artigos","Movimento"],"inLanguage":"pt-BR","potentialAction":[{"@type":"CommentAction","name":"Comment","target":["https:\/\/psol50.org.br\/juninho-respeitem-meus-cabelos-brancos\/#respond"]}]},{"@type":"WebPage","@id":"https:\/\/psol50.org.br\/juninho-respeitem-meus-cabelos-brancos\/","url":"https:\/\/psol50.org.br\/juninho-respeitem-meus-cabelos-brancos\/","name":"JUNINHO: Respeitem meus cabelos, brancos! - PSOL 50","isPartOf":{"@id":"https:\/\/psol50.org.br\/#website"},"primaryImageOfPage":{"@id":"https:\/\/psol50.org.br\/juninho-respeitem-meus-cabelos-brancos\/#primaryimage"},"image":{"@id":"https:\/\/psol50.org.br\/juninho-respeitem-meus-cabelos-brancos\/#primaryimage"},"thumbnailUrl":"","datePublished":"2016-01-21T11:18:54+00:00","breadcrumb":{"@id":"https:\/\/psol50.org.br\/juninho-respeitem-meus-cabelos-brancos\/#breadcrumb"},"inLanguage":"pt-BR","potentialAction":[{"@type":"ReadAction","target":["https:\/\/psol50.org.br\/juninho-respeitem-meus-cabelos-brancos\/"]}]},{"@type":"ImageObject","inLanguage":"pt-BR","@id":"https:\/\/psol50.org.br\/juninho-respeitem-meus-cabelos-brancos\/#primaryimage","url":"","contentUrl":""},{"@type":"BreadcrumbList","@id":"https:\/\/psol50.org.br\/juninho-respeitem-meus-cabelos-brancos\/#breadcrumb","itemListElement":[{"@type":"ListItem","position":1,"name":"In\u00edcio","item":"https:\/\/psol50.org.br\/"},{"@type":"ListItem","position":2,"name":"JUNINHO: Respeitem meus cabelos, brancos!"}]},{"@type":"WebSite","@id":"https:\/\/psol50.org.br\/#website","url":"https:\/\/psol50.org.br\/","name":"PSOL 50","description":"Site oficial do Partido Socialismo e Liberdade","publisher":{"@id":"https:\/\/psol50.org.br\/#organization"},"alternateName":"PSOL50","potentialAction":[{"@type":"SearchAction","target":{"@type":"EntryPoint","urlTemplate":"https:\/\/psol50.org.br\/?s={search_term_string}"},"query-input":{"@type":"PropertyValueSpecification","valueRequired":true,"valueName":"search_term_string"}}],"inLanguage":"pt-BR"},{"@type":"Organization","@id":"https:\/\/psol50.org.br\/#organization","name":"PSOL 50","alternateName":"PSOL 50","url":"https:\/\/psol50.org.br\/","logo":{"@type":"ImageObject","inLanguage":"pt-BR","@id":"https:\/\/psol50.org.br\/#\/schema\/logo\/image\/","url":"https:\/\/psol50.org.br\/inc\/uploads\/2018\/07\/capa.png","contentUrl":"https:\/\/psol50.org.br\/inc\/uploads\/2018\/07\/capa.png","width":1350,"height":900,"caption":"PSOL 50"},"image":{"@id":"https:\/\/psol50.org.br\/#\/schema\/logo\/image\/"},"sameAs":["https:\/\/www.facebook.com\/psol50","https:\/\/x.com\/psol50","https:\/\/www.instagram.com\/psol50\/","https:\/\/www.youtube.com\/channel\/UC7SnJS5o1os7a6CaiNabzcg"]},{"@type":"Person","@id":"https:\/\/psol50.org.br\/#\/schema\/person\/475dfa57d0b815993c714c2e96491fcd","name":"Comunica\u00e7\u00e3o PSOL","image":{"@type":"ImageObject","inLanguage":"pt-BR","@id":"https:\/\/psol50.org.br\/#\/schema\/person\/image\/","url":"https:\/\/secure.gravatar.com\/avatar\/b34fc4f4e468a4e51785917065a3db57b841f5c95dba6ad8c73aaf8f66f8f9bf?s=96&d=mm&r=g","contentUrl":"https:\/\/secure.gravatar.com\/avatar\/b34fc4f4e468a4e51785917065a3db57b841f5c95dba6ad8c73aaf8f66f8f9bf?s=96&d=mm&r=g","caption":"Comunica\u00e7\u00e3o PSOL"}}]}},"_links":{"self":[{"href":"https:\/\/psol50.org.br\/rest\/wp\/v2\/posts\/11059","targetHints":{"allow":["GET"]}}],"collection":[{"href":"https:\/\/psol50.org.br\/rest\/wp\/v2\/posts"}],"about":[{"href":"https:\/\/psol50.org.br\/rest\/wp\/v2\/types\/post"}],"author":[{"embeddable":true,"href":"https:\/\/psol50.org.br\/rest\/wp\/v2\/users\/2"}],"replies":[{"embeddable":true,"href":"https:\/\/psol50.org.br\/rest\/wp\/v2\/comments?post=11059"}],"version-history":[{"count":0,"href":"https:\/\/psol50.org.br\/rest\/wp\/v2\/posts\/11059\/revisions"}],"wp:featuredmedia":[{"embeddable":true,"href":"https:\/\/psol50.org.br\/rest\/"}],"wp:attachment":[{"href":"https:\/\/psol50.org.br\/rest\/wp\/v2\/media?parent=11059"}],"wp:term":[{"taxonomy":"category","embeddable":true,"href":"https:\/\/psol50.org.br\/rest\/wp\/v2\/categories?post=11059"},{"taxonomy":"post_tag","embeddable":true,"href":"https:\/\/psol50.org.br\/rest\/wp\/v2\/tags?post=11059"}],"curies":[{"name":"wp","href":"https:\/\/api.w.org\/{rel}","templated":true}]}}