{"id":11081,"date":"2016-01-25T13:29:24","date_gmt":"2016-01-25T13:29:24","guid":{"rendered":"http:\/\/www.psol50.org.br\/?p=11081"},"modified":"2016-01-25T13:29:24","modified_gmt":"2016-01-25T13:29:24","slug":"psol-participa-do-congresso-do-partido-democratico-dos-povos-hdp-na-turquia","status":"publish","type":"post","link":"https:\/\/psol50.org.br\/psol-participa-do-congresso-do-partido-democratico-dos-povos-hdp-na-turquia\/","title":{"rendered":"PSOL participa do congresso do Partido Democr\u00e1tico dos Povos (HDP), na Turquia"},"content":{"rendered":"<p>O PSOL participou como convidado, no \u00faltimo dia 24 de janeiro, do 2\u00ba Congresso do Partido Democr\u00e1tico dos Povos (Halklar\u0131n Demokratik Partisi \u2013 HDP). A delega\u00e7\u00e3o do partido foi composta por\u00a0Luiz Ara\u00fajo, Presidente Nacional do PSOL, Frederico Henriques, membro da Secretaria de Rela\u00e7\u00f5es Internacionais do partido, e Juliano Medeiros, representando a Funda\u00e7\u00e3o Lauro Campos.<\/p>\n<p>Este congresso ocorre exatamente cinco anos ap\u00f3s o in\u00edcio da chamada \u201cprimavera \u00e1rabe\u201d. Permite, portanto, comparar o in\u00edcio daquele processo, os sonhos e aspira\u00e7\u00f5es ali depositados, o desenrolar das lutas, e seu impacto na Turquia. Desde o in\u00edcio da d\u00e9cada a popula\u00e7\u00e3o turca vive momentos dif\u00edceis com o endurecimento do governo do presidente Recep Tayyip Erdo\u011fan, do Partido da Justi\u00e7a e Desenvolvimento (AKP), que busca centralizar o poder e aumentar a influ\u00eancia do islamismo sobre o Estado, com a pris\u00e3o de opositores e a persegui\u00e7\u00e3o de minorias \u00e9tnicas, especialmente os curdos.<\/p>\n<p>Entre as experi\u00eancias mais ricas da esquerda e dos povos da regi\u00e3o, destaca-se a luta pela autonomia e emancipa\u00e7\u00e3o do povo curdo. Para al\u00e9m das lutas das guerrilhas curdas na S\u00edria e no Iraque, atrav\u00e9s dos pelot\u00f5es de autodefesa (YPG\/YPJ), vemos a ascens\u00e3o do HDP \u2013 enquanto partido pol\u00edtico legal na Turquia, defendendo as minorias \u2013 em torno de uma plataforma democr\u00e1tica com forte apoio dos curdos nesse pa\u00eds. Sua primeira apari\u00e7\u00e3o na cena pol\u00edtica mostrou a for\u00e7a do novo partido. Em sua primeira elei\u00e7\u00e3o o HDP superou a cl\u00e1usula de barreira e atingiu 13% dos votos nas elei\u00e7\u00f5es de junho de 2015. Desde ent\u00e3o o PSOL tem acompanhado de perto o crescimento do partido.<\/p>\n<p><a title=\"PSOL na Turquia\" href=\"https:\/\/www.flickr.com\/photos\/138421680@N04\/albums\/72157663795319941\" data-flickr-embed=\"true\" data-header=\"true\" data-footer=\"true\"><img loading=\"lazy\" decoding=\"async\" src=\"https:\/\/farm2.staticflickr.com\/1553\/24603820795_861a94e460_z.jpg\" alt=\"PSOL na Turquia\" width=\"640\" height=\"480\" \/><\/a><script src=\"\/\/embedr.flickr.com\/assets\/client-code.js\" async=\"\" charset=\"utf-8\"><\/script><\/p>\n<p><strong>O que \u00e9 o HDP?<\/strong><\/p>\n<p>O HDP foi fundado em 2012 como desdobramento do Congresso Democr\u00e1tico dos Povos \u2013 uma uni\u00e3o de diversos partidos e movimentos de esquerda, incluindo partidos socialistas, verdes, grupos feministas, movimentos LGBT, sindicatos e iniciativas \u00e9tnicas que representavam alevitas, arm\u00eanios e curdos. As ondas por mais democracia e contra regimes totalit\u00e1rios, assim como o sucesso eleitoral ascendente do Syriza grego, s\u00e3o elementos importantes que favoreceram a constitui\u00e7\u00e3o desse novo partido.<\/p>\n<p>O seu recorte em defesa das minorias \u2013 em especialmente em favor da causa curda \u2013 ganha relev\u00e2ncia quando, em julho\/agosto de 2014, o HDP se funde com o Partido da Sociedade Democr\u00e1tica (Bar\u0131\u015f ve Demokrasi Partisi \u2013 BDP), ap\u00f3s a atua\u00e7\u00e3o como aliados nas elei\u00e7\u00f5es anteriores. A partir da tradi\u00e7\u00e3o da esquerda curda, o HDP tamb\u00e9m tem 50% de cotas para mulheres, que refletem nas duas presid\u00eancias \u2013 um homem e uma mulher \u2013 e as elei\u00e7\u00f5es tamb\u00e9m garantem a cota de 10% para a comunidade LGBT. O envolvimento da juventude e de ambientalistas tamb\u00e9m fizeram com que tivessem um importante envolvimento na resist\u00eancia em Gezi, assim como a reivindica\u00e7\u00e3o dessas manifesta\u00e7\u00f5es foram eixo da campanha deles em 2014, e tamb\u00e9m temas relacionados \u00e0s liberdades civis, democracia direta, autodetermina\u00e7\u00e3o dos povos e bandeiras anticapitalistas. O HDP fez pela primeira vez na Turquia um deputado assumidamente gay, Baris Sulu.<\/p>\n<p>O HDP sempre se prop\u00f4s a negociar o armist\u00edcio entre o governo turco e o Partido dos Trabalhadores do Curdist\u00e3o (Partiya Karker\u00ean Kurdistan\u00ea \u2013 PKK), que lidera uma luta armada h\u00e1 quase tr\u00eas d\u00e9cadas em favor dos direitos do povo curdo. Devido a isso, o governo sempre tentou desmoralizar o papel que o HDP tem tido em defesa da paz. Al\u00e9m disso, o partido foi v\u00edtima de um atentado na \u00faltima campanha presidencial, onde morreram mais de 100 ativistas numa explos\u00e3o no centro de Ancara, capital da Turquia, revindicado pelo Estado Isl\u00e2mico (EI).<\/p>\n<p>A vit\u00f3ria dos curdos em Kobane, expulsando os ex\u00e9rcitos do EI, assim como a crescente onda eleitoral experimentada, fizeram com que HDP postulasse disputar como partido pol\u00edtico e superasse a cl\u00e1usula de barreira novamente em novembro de 2015, quando alcan\u00e7aram 10% dos votos.<\/p>\n<p><strong>O PSOL e a Turquia<\/strong><\/p>\n<p>O PSOL tem apoiado permanentemente a luta do povo curdo por sua autodetermina\u00e7\u00e3o. Denunciando a pris\u00e3o arbitr\u00e1ria de Abdullah Ocallan, l\u00edder do PKK, e a ofensiva conservadora do governo de Erdogan, o PSOL participa de atividades no Brasil e no exterior em apoio \u00e0 luta do povo curdo contra o EI e o governo turco. Recentemente, nosso partido esteve em encontro promovido pelo Congresso Nacional do Curdist\u00e3o (KNK) em Bruxelas, e recebeu com entusiasmo o convite feito pelo HDP como uma oportunidade para levar ao conhecimento do povo brasileiro as experi\u00eancias que esse partido tem promovido na Turquia.<\/p>\n<p>Al\u00e9m de participar do Congresso, a delega\u00e7\u00e3o do PSOL teve encontros com parlamentares e dirigentes do HDP. Em reuni\u00e3o com a l\u00edder do partido no parlamento turco, Figen Y\u00fcksekdag, o partido reafirmou sua disposi\u00e7\u00e3o de receber uma delega\u00e7\u00e3o de representantes do HDP no Brasil para discutir com o parlamento, os movimentos sociais organizados e a sociedade civil em geral a situa\u00e7\u00e3o do povo curdo. Al\u00e9m disso, discutiu-se a situa\u00e7\u00e3o pol\u00edtica no Brasil, o processo de impeachment contra a presidente Dilma Roussef e as semelhan\u00e7as e diferen\u00e7as entre o sistema federativo brasileiro e o Estado turco, altamente centralizado.<\/p>\n<p><strong>Assista ao v\u00eddeo de Luiz Araujo, presidente nacional do PSOL, diretamente do congresso do HDP:<\/strong><\/p>\n<p>&nbsp;<\/p>\n<div id=\"fb-root\"><\/div>\n<p><script>(function(d, s, id) {  var js, fjs = d.getElementsByTagName(s)[0];  if (d.getElementById(id)) return;  js = d.createElement(s); js.id = id;  js.src = \"\/\/connect.facebook.net\/pt_BR\/sdk.js#xfbml=1&version=v2.3\";  fjs.parentNode.insertBefore(js, fjs);}(document, 'script', 'facebook-jssdk'));<\/script><\/p>\n<div class=\"fb-post\" data-href=\"https:\/\/www.facebook.com\/psol50oficial\/videos\/521479684680337\/\" data-width=\"500\">\n<div class=\"fb-xfbml-parse-ignore\">\n<blockquote cite=\"https:\/\/www.facebook.com\/psol50oficial\/videos\/521479684680337\/\">\n<p>O PSOL participou como convidado, no dia 24 de janeiro, do 2&#xba; Congresso do Partido Democr&#xe1;tico dos Povos (HDP), na&#8230;<\/p>\n<p>Publicado por <a href=\"https:\/\/www.facebook.com\/psol50oficial\/\">PSOL 50 &#8211; Partido Socialismo e Liberdade<\/a> em&nbsp;<a href=\"https:\/\/www.facebook.com\/psol50oficial\/videos\/521479684680337\/\">Segunda, 25 de janeiro de 2016<\/a><\/p><\/blockquote>\n<\/div>\n<\/div>\n<p>&nbsp;<\/p>\n<p>&nbsp;<\/p>\n","protected":false},"excerpt":{"rendered":"<p>O PSOL participou como convidado, no \u00faltimo dia 24 de janeiro, do 2\u00ba Congresso do Partido Democr\u00e1tico dos Povos (Halklar\u0131n Demokratik Partisi \u2013 HDP). A delega\u00e7\u00e3o do partido foi composta por\u00a0Luiz Ara\u00fajo, Presidente Nacional do PSOL, Frederico Henriques, membro da Secretaria de Rela\u00e7\u00f5es Internacionais do partido, e Juliano Medeiros, representando a Funda\u00e7\u00e3o Lauro Campos. Este [&hellip;]<\/p>\n","protected":false},"author":2,"featured_media":11082,"comment_status":"open","ping_status":"open","sticky":false,"template":"","format":"standard","meta":{"_acf_changed":false,"footnotes":""},"categories":[836,6],"tags":[3916,2229,1692,1216,1979],"class_list":{"0":"post-11081","1":"post","2":"type-post","3":"status-publish","4":"format-standard","5":"has-post-thumbnail","7":"category-internacional","8":"category-noticias","9":"tag-curdos","10":"tag-estado-islamico","11":"tag-hdp","12":"tag-internacional","13":"tag-turquia"},"acf":[],"yoast_head":"<!-- This site is optimized with the Yoast SEO plugin v26.5 - https:\/\/yoast.com\/wordpress\/plugins\/seo\/ -->\n<title>PSOL participa do congresso do Partido Democr\u00e1tico dos Povos (HDP), na Turquia - PSOL 50<\/title>\n<meta name=\"robots\" content=\"index, follow, max-snippet:-1, max-image-preview:large, max-video-preview:-1\" \/>\n<link rel=\"canonical\" href=\"https:\/\/psol50.org.br\/psol-participa-do-congresso-do-partido-democratico-dos-povos-hdp-na-turquia\/\" \/>\n<meta property=\"og:locale\" content=\"pt_BR\" \/>\n<meta property=\"og:type\" content=\"article\" \/>\n<meta property=\"og:title\" content=\"PSOL participa do congresso do Partido Democr\u00e1tico dos Povos (HDP), na Turquia - PSOL 50\" \/>\n<meta property=\"og:description\" content=\"O PSOL participou como convidado, no \u00faltimo dia 24 de janeiro, do 2\u00ba Congresso do Partido Democr\u00e1tico dos Povos (Halklar\u0131n Demokratik Partisi \u2013 HDP). A delega\u00e7\u00e3o do partido foi composta por\u00a0Luiz Ara\u00fajo, Presidente Nacional do PSOL, Frederico Henriques, membro da Secretaria de Rela\u00e7\u00f5es Internacionais do partido, e Juliano Medeiros, representando a Funda\u00e7\u00e3o Lauro Campos. Este [&hellip;]\" \/>\n<meta property=\"og:url\" content=\"https:\/\/psol50.org.br\/psol-participa-do-congresso-do-partido-democratico-dos-povos-hdp-na-turquia\/\" \/>\n<meta property=\"og:site_name\" content=\"PSOL 50\" \/>\n<meta property=\"article:publisher\" content=\"https:\/\/www.facebook.com\/psol50\" \/>\n<meta property=\"article:published_time\" content=\"2016-01-25T13:29:24+00:00\" \/>\n<meta property=\"og:image\" content=\"https:\/\/psol50.org.br\/inc\/uploads\/2016\/01\/DSCN8293-e1454356603129.jpg\" \/>\n\t<meta property=\"og:image:width\" content=\"800\" \/>\n\t<meta property=\"og:image:height\" content=\"600\" \/>\n\t<meta property=\"og:image:type\" content=\"image\/jpeg\" \/>\n<meta name=\"author\" content=\"Comunica\u00e7\u00e3o PSOL\" \/>\n<meta name=\"twitter:card\" content=\"summary_large_image\" \/>\n<meta name=\"twitter:creator\" content=\"@psol50\" \/>\n<meta name=\"twitter:site\" content=\"@psol50\" \/>\n<meta name=\"twitter:label1\" content=\"Escrito por\" \/>\n\t<meta name=\"twitter:data1\" content=\"Comunica\u00e7\u00e3o PSOL\" \/>\n\t<meta name=\"twitter:label2\" content=\"Est. tempo de leitura\" \/>\n\t<meta name=\"twitter:data2\" content=\"5 minutos\" \/>\n<script type=\"application\/ld+json\" class=\"yoast-schema-graph\">{\"@context\":\"https:\/\/schema.org\",\"@graph\":[{\"@type\":\"Article\",\"@id\":\"https:\/\/psol50.org.br\/psol-participa-do-congresso-do-partido-democratico-dos-povos-hdp-na-turquia\/#article\",\"isPartOf\":{\"@id\":\"https:\/\/psol50.org.br\/psol-participa-do-congresso-do-partido-democratico-dos-povos-hdp-na-turquia\/\"},\"author\":{\"name\":\"Comunica\u00e7\u00e3o PSOL\",\"@id\":\"https:\/\/psol50.org.br\/#\/schema\/person\/475dfa57d0b815993c714c2e96491fcd\"},\"headline\":\"PSOL participa do congresso do Partido Democr\u00e1tico dos Povos (HDP), na Turquia\",\"datePublished\":\"2016-01-25T13:29:24+00:00\",\"mainEntityOfPage\":{\"@id\":\"https:\/\/psol50.org.br\/psol-participa-do-congresso-do-partido-democratico-dos-povos-hdp-na-turquia\/\"},\"wordCount\":958,\"commentCount\":0,\"publisher\":{\"@id\":\"https:\/\/psol50.org.br\/#organization\"},\"image\":{\"@id\":\"https:\/\/psol50.org.br\/psol-participa-do-congresso-do-partido-democratico-dos-povos-hdp-na-turquia\/#primaryimage\"},\"thumbnailUrl\":\"https:\/\/psol50.org.br\/inc\/uploads\/2016\/01\/DSCN8293-e1454356603129.jpg\",\"keywords\":[\"Curdos\",\"estado isl\u00e2mico\",\"HDP\",\"Internacional\",\"Turquia\"],\"articleSection\":[\"Internacional\",\"Not\u00edcias\"],\"inLanguage\":\"pt-BR\",\"potentialAction\":[{\"@type\":\"CommentAction\",\"name\":\"Comment\",\"target\":[\"https:\/\/psol50.org.br\/psol-participa-do-congresso-do-partido-democratico-dos-povos-hdp-na-turquia\/#respond\"]}]},{\"@type\":\"WebPage\",\"@id\":\"https:\/\/psol50.org.br\/psol-participa-do-congresso-do-partido-democratico-dos-povos-hdp-na-turquia\/\",\"url\":\"https:\/\/psol50.org.br\/psol-participa-do-congresso-do-partido-democratico-dos-povos-hdp-na-turquia\/\",\"name\":\"PSOL participa do congresso do Partido Democr\u00e1tico dos Povos (HDP), na Turquia - PSOL 50\",\"isPartOf\":{\"@id\":\"https:\/\/psol50.org.br\/#website\"},\"primaryImageOfPage\":{\"@id\":\"https:\/\/psol50.org.br\/psol-participa-do-congresso-do-partido-democratico-dos-povos-hdp-na-turquia\/#primaryimage\"},\"image\":{\"@id\":\"https:\/\/psol50.org.br\/psol-participa-do-congresso-do-partido-democratico-dos-povos-hdp-na-turquia\/#primaryimage\"},\"thumbnailUrl\":\"https:\/\/psol50.org.br\/inc\/uploads\/2016\/01\/DSCN8293-e1454356603129.jpg\",\"datePublished\":\"2016-01-25T13:29:24+00:00\",\"breadcrumb\":{\"@id\":\"https:\/\/psol50.org.br\/psol-participa-do-congresso-do-partido-democratico-dos-povos-hdp-na-turquia\/#breadcrumb\"},\"inLanguage\":\"pt-BR\",\"potentialAction\":[{\"@type\":\"ReadAction\",\"target\":[\"https:\/\/psol50.org.br\/psol-participa-do-congresso-do-partido-democratico-dos-povos-hdp-na-turquia\/\"]}]},{\"@type\":\"ImageObject\",\"inLanguage\":\"pt-BR\",\"@id\":\"https:\/\/psol50.org.br\/psol-participa-do-congresso-do-partido-democratico-dos-povos-hdp-na-turquia\/#primaryimage\",\"url\":\"https:\/\/psol50.org.br\/inc\/uploads\/2016\/01\/DSCN8293-e1454356603129.jpg\",\"contentUrl\":\"https:\/\/psol50.org.br\/inc\/uploads\/2016\/01\/DSCN8293-e1454356603129.jpg\",\"width\":800,\"height\":600},{\"@type\":\"BreadcrumbList\",\"@id\":\"https:\/\/psol50.org.br\/psol-participa-do-congresso-do-partido-democratico-dos-povos-hdp-na-turquia\/#breadcrumb\",\"itemListElement\":[{\"@type\":\"ListItem\",\"position\":1,\"name\":\"In\u00edcio\",\"item\":\"https:\/\/psol50.org.br\/\"},{\"@type\":\"ListItem\",\"position\":2,\"name\":\"PSOL participa do congresso do Partido Democr\u00e1tico dos Povos (HDP), na Turquia\"}]},{\"@type\":\"WebSite\",\"@id\":\"https:\/\/psol50.org.br\/#website\",\"url\":\"https:\/\/psol50.org.br\/\",\"name\":\"PSOL 50\",\"description\":\"Site oficial do Partido Socialismo e Liberdade\",\"publisher\":{\"@id\":\"https:\/\/psol50.org.br\/#organization\"},\"alternateName\":\"PSOL50\",\"potentialAction\":[{\"@type\":\"SearchAction\",\"target\":{\"@type\":\"EntryPoint\",\"urlTemplate\":\"https:\/\/psol50.org.br\/?s={search_term_string}\"},\"query-input\":{\"@type\":\"PropertyValueSpecification\",\"valueRequired\":true,\"valueName\":\"search_term_string\"}}],\"inLanguage\":\"pt-BR\"},{\"@type\":\"Organization\",\"@id\":\"https:\/\/psol50.org.br\/#organization\",\"name\":\"PSOL 50\",\"alternateName\":\"PSOL 50\",\"url\":\"https:\/\/psol50.org.br\/\",\"logo\":{\"@type\":\"ImageObject\",\"inLanguage\":\"pt-BR\",\"@id\":\"https:\/\/psol50.org.br\/#\/schema\/logo\/image\/\",\"url\":\"https:\/\/psol50.org.br\/inc\/uploads\/2018\/07\/capa.png\",\"contentUrl\":\"https:\/\/psol50.org.br\/inc\/uploads\/2018\/07\/capa.png\",\"width\":1350,\"height\":900,\"caption\":\"PSOL 50\"},\"image\":{\"@id\":\"https:\/\/psol50.org.br\/#\/schema\/logo\/image\/\"},\"sameAs\":[\"https:\/\/www.facebook.com\/psol50\",\"https:\/\/x.com\/psol50\",\"https:\/\/www.instagram.com\/psol50\/\",\"https:\/\/www.youtube.com\/channel\/UC7SnJS5o1os7a6CaiNabzcg\"]},{\"@type\":\"Person\",\"@id\":\"https:\/\/psol50.org.br\/#\/schema\/person\/475dfa57d0b815993c714c2e96491fcd\",\"name\":\"Comunica\u00e7\u00e3o PSOL\",\"image\":{\"@type\":\"ImageObject\",\"inLanguage\":\"pt-BR\",\"@id\":\"https:\/\/psol50.org.br\/#\/schema\/person\/image\/\",\"url\":\"https:\/\/secure.gravatar.com\/avatar\/b34fc4f4e468a4e51785917065a3db57b841f5c95dba6ad8c73aaf8f66f8f9bf?s=96&d=mm&r=g\",\"contentUrl\":\"https:\/\/secure.gravatar.com\/avatar\/b34fc4f4e468a4e51785917065a3db57b841f5c95dba6ad8c73aaf8f66f8f9bf?s=96&d=mm&r=g\",\"caption\":\"Comunica\u00e7\u00e3o PSOL\"}}]}<\/script>\n<!-- \/ Yoast SEO plugin. -->","yoast_head_json":{"title":"PSOL participa do congresso do Partido Democr\u00e1tico dos Povos (HDP), na Turquia - PSOL 50","robots":{"index":"index","follow":"follow","max-snippet":"max-snippet:-1","max-image-preview":"max-image-preview:large","max-video-preview":"max-video-preview:-1"},"canonical":"https:\/\/psol50.org.br\/psol-participa-do-congresso-do-partido-democratico-dos-povos-hdp-na-turquia\/","og_locale":"pt_BR","og_type":"article","og_title":"PSOL participa do congresso do Partido Democr\u00e1tico dos Povos (HDP), na Turquia - PSOL 50","og_description":"O PSOL participou como convidado, no \u00faltimo dia 24 de janeiro, do 2\u00ba Congresso do Partido Democr\u00e1tico dos Povos (Halklar\u0131n Demokratik Partisi \u2013 HDP). A delega\u00e7\u00e3o do partido foi composta por\u00a0Luiz Ara\u00fajo, Presidente Nacional do PSOL, Frederico Henriques, membro da Secretaria de Rela\u00e7\u00f5es Internacionais do partido, e Juliano Medeiros, representando a Funda\u00e7\u00e3o Lauro Campos. Este [&hellip;]","og_url":"https:\/\/psol50.org.br\/psol-participa-do-congresso-do-partido-democratico-dos-povos-hdp-na-turquia\/","og_site_name":"PSOL 50","article_publisher":"https:\/\/www.facebook.com\/psol50","article_published_time":"2016-01-25T13:29:24+00:00","og_image":[{"width":800,"height":600,"url":"https:\/\/psol50.org.br\/inc\/uploads\/2016\/01\/DSCN8293-e1454356603129.jpg","type":"image\/jpeg"}],"author":"Comunica\u00e7\u00e3o PSOL","twitter_card":"summary_large_image","twitter_creator":"@psol50","twitter_site":"@psol50","twitter_misc":{"Escrito por":"Comunica\u00e7\u00e3o PSOL","Est. tempo de leitura":"5 minutos"},"schema":{"@context":"https:\/\/schema.org","@graph":[{"@type":"Article","@id":"https:\/\/psol50.org.br\/psol-participa-do-congresso-do-partido-democratico-dos-povos-hdp-na-turquia\/#article","isPartOf":{"@id":"https:\/\/psol50.org.br\/psol-participa-do-congresso-do-partido-democratico-dos-povos-hdp-na-turquia\/"},"author":{"name":"Comunica\u00e7\u00e3o PSOL","@id":"https:\/\/psol50.org.br\/#\/schema\/person\/475dfa57d0b815993c714c2e96491fcd"},"headline":"PSOL participa do congresso do Partido Democr\u00e1tico dos Povos (HDP), na Turquia","datePublished":"2016-01-25T13:29:24+00:00","mainEntityOfPage":{"@id":"https:\/\/psol50.org.br\/psol-participa-do-congresso-do-partido-democratico-dos-povos-hdp-na-turquia\/"},"wordCount":958,"commentCount":0,"publisher":{"@id":"https:\/\/psol50.org.br\/#organization"},"image":{"@id":"https:\/\/psol50.org.br\/psol-participa-do-congresso-do-partido-democratico-dos-povos-hdp-na-turquia\/#primaryimage"},"thumbnailUrl":"https:\/\/psol50.org.br\/inc\/uploads\/2016\/01\/DSCN8293-e1454356603129.jpg","keywords":["Curdos","estado isl\u00e2mico","HDP","Internacional","Turquia"],"articleSection":["Internacional","Not\u00edcias"],"inLanguage":"pt-BR","potentialAction":[{"@type":"CommentAction","name":"Comment","target":["https:\/\/psol50.org.br\/psol-participa-do-congresso-do-partido-democratico-dos-povos-hdp-na-turquia\/#respond"]}]},{"@type":"WebPage","@id":"https:\/\/psol50.org.br\/psol-participa-do-congresso-do-partido-democratico-dos-povos-hdp-na-turquia\/","url":"https:\/\/psol50.org.br\/psol-participa-do-congresso-do-partido-democratico-dos-povos-hdp-na-turquia\/","name":"PSOL participa do congresso do Partido Democr\u00e1tico dos Povos (HDP), na Turquia - PSOL 50","isPartOf":{"@id":"https:\/\/psol50.org.br\/#website"},"primaryImageOfPage":{"@id":"https:\/\/psol50.org.br\/psol-participa-do-congresso-do-partido-democratico-dos-povos-hdp-na-turquia\/#primaryimage"},"image":{"@id":"https:\/\/psol50.org.br\/psol-participa-do-congresso-do-partido-democratico-dos-povos-hdp-na-turquia\/#primaryimage"},"thumbnailUrl":"https:\/\/psol50.org.br\/inc\/uploads\/2016\/01\/DSCN8293-e1454356603129.jpg","datePublished":"2016-01-25T13:29:24+00:00","breadcrumb":{"@id":"https:\/\/psol50.org.br\/psol-participa-do-congresso-do-partido-democratico-dos-povos-hdp-na-turquia\/#breadcrumb"},"inLanguage":"pt-BR","potentialAction":[{"@type":"ReadAction","target":["https:\/\/psol50.org.br\/psol-participa-do-congresso-do-partido-democratico-dos-povos-hdp-na-turquia\/"]}]},{"@type":"ImageObject","inLanguage":"pt-BR","@id":"https:\/\/psol50.org.br\/psol-participa-do-congresso-do-partido-democratico-dos-povos-hdp-na-turquia\/#primaryimage","url":"https:\/\/psol50.org.br\/inc\/uploads\/2016\/01\/DSCN8293-e1454356603129.jpg","contentUrl":"https:\/\/psol50.org.br\/inc\/uploads\/2016\/01\/DSCN8293-e1454356603129.jpg","width":800,"height":600},{"@type":"BreadcrumbList","@id":"https:\/\/psol50.org.br\/psol-participa-do-congresso-do-partido-democratico-dos-povos-hdp-na-turquia\/#breadcrumb","itemListElement":[{"@type":"ListItem","position":1,"name":"In\u00edcio","item":"https:\/\/psol50.org.br\/"},{"@type":"ListItem","position":2,"name":"PSOL participa do congresso do Partido Democr\u00e1tico dos Povos (HDP), na Turquia"}]},{"@type":"WebSite","@id":"https:\/\/psol50.org.br\/#website","url":"https:\/\/psol50.org.br\/","name":"PSOL 50","description":"Site oficial do Partido Socialismo e Liberdade","publisher":{"@id":"https:\/\/psol50.org.br\/#organization"},"alternateName":"PSOL50","potentialAction":[{"@type":"SearchAction","target":{"@type":"EntryPoint","urlTemplate":"https:\/\/psol50.org.br\/?s={search_term_string}"},"query-input":{"@type":"PropertyValueSpecification","valueRequired":true,"valueName":"search_term_string"}}],"inLanguage":"pt-BR"},{"@type":"Organization","@id":"https:\/\/psol50.org.br\/#organization","name":"PSOL 50","alternateName":"PSOL 50","url":"https:\/\/psol50.org.br\/","logo":{"@type":"ImageObject","inLanguage":"pt-BR","@id":"https:\/\/psol50.org.br\/#\/schema\/logo\/image\/","url":"https:\/\/psol50.org.br\/inc\/uploads\/2018\/07\/capa.png","contentUrl":"https:\/\/psol50.org.br\/inc\/uploads\/2018\/07\/capa.png","width":1350,"height":900,"caption":"PSOL 50"},"image":{"@id":"https:\/\/psol50.org.br\/#\/schema\/logo\/image\/"},"sameAs":["https:\/\/www.facebook.com\/psol50","https:\/\/x.com\/psol50","https:\/\/www.instagram.com\/psol50\/","https:\/\/www.youtube.com\/channel\/UC7SnJS5o1os7a6CaiNabzcg"]},{"@type":"Person","@id":"https:\/\/psol50.org.br\/#\/schema\/person\/475dfa57d0b815993c714c2e96491fcd","name":"Comunica\u00e7\u00e3o PSOL","image":{"@type":"ImageObject","inLanguage":"pt-BR","@id":"https:\/\/psol50.org.br\/#\/schema\/person\/image\/","url":"https:\/\/secure.gravatar.com\/avatar\/b34fc4f4e468a4e51785917065a3db57b841f5c95dba6ad8c73aaf8f66f8f9bf?s=96&d=mm&r=g","contentUrl":"https:\/\/secure.gravatar.com\/avatar\/b34fc4f4e468a4e51785917065a3db57b841f5c95dba6ad8c73aaf8f66f8f9bf?s=96&d=mm&r=g","caption":"Comunica\u00e7\u00e3o PSOL"}}]}},"_links":{"self":[{"href":"https:\/\/psol50.org.br\/rest\/wp\/v2\/posts\/11081","targetHints":{"allow":["GET"]}}],"collection":[{"href":"https:\/\/psol50.org.br\/rest\/wp\/v2\/posts"}],"about":[{"href":"https:\/\/psol50.org.br\/rest\/wp\/v2\/types\/post"}],"author":[{"embeddable":true,"href":"https:\/\/psol50.org.br\/rest\/wp\/v2\/users\/2"}],"replies":[{"embeddable":true,"href":"https:\/\/psol50.org.br\/rest\/wp\/v2\/comments?post=11081"}],"version-history":[{"count":0,"href":"https:\/\/psol50.org.br\/rest\/wp\/v2\/posts\/11081\/revisions"}],"wp:featuredmedia":[{"embeddable":true,"href":"https:\/\/psol50.org.br\/rest\/wp\/v2\/media\/11082"}],"wp:attachment":[{"href":"https:\/\/psol50.org.br\/rest\/wp\/v2\/media?parent=11081"}],"wp:term":[{"taxonomy":"category","embeddable":true,"href":"https:\/\/psol50.org.br\/rest\/wp\/v2\/categories?post=11081"},{"taxonomy":"post_tag","embeddable":true,"href":"https:\/\/psol50.org.br\/rest\/wp\/v2\/tags?post=11081"}],"curies":[{"name":"wp","href":"https:\/\/api.w.org\/{rel}","templated":true}]}}