{"id":11085,"date":"2016-01-25T17:35:50","date_gmt":"2016-01-25T17:35:50","guid":{"rendered":"http:\/\/www.psol50.org.br\/?p=11085"},"modified":"2016-01-25T17:35:50","modified_gmt":"2016-01-25T17:35:50","slug":"dirigentes-do-psol-querem-que-ministerio-publico-investigue-advogado-de-jose-maria-marin","status":"publish","type":"post","link":"https:\/\/psol50.org.br\/dirigentes-do-psol-querem-que-ministerio-publico-investigue-advogado-de-jose-maria-marin\/","title":{"rendered":"Dirigentes do PSOL acionam MP para investigar advogado de Jos\u00e9 Maria Marin"},"content":{"rendered":"<p><span style=\"font-size: 12px;\"><em>Na foto acima, o advogado Paulo Peixoto e o deputado Fernando Capez<\/em><\/span><\/p>\n<p>O jornalista, professor e candidato do PSOL ao governo de S\u00e3o Paulo em 2014, Gilberto Maringoni, e o dirigente da Intersindical e ex-candidato do partido a deputado federal, Arlei Medeiros, protocolaram na semana passada, no Minist\u00e9rio P\u00fablico de S\u00e3o Paulo, uma representa\u00e7\u00e3o para apurar eventuais atos de improbidade administrativa, praticados pelo advogado de Jos\u00e9 Maria Marin (ex-presidente da CBF), Paulo Peixoto. O advogado tamb\u00e9m era chefe de gabinete do presidente da Assembleia Legislativa de S\u00e3o Paulo, deputado Fernando Capez (PSDB).<\/p>\n<p>Para elaborar a representa\u00e7\u00e3o, os dirigentes do PSOL pegaram como base informa\u00e7\u00f5es publicadas no<a href=\"http:\/\/blogdojuca.uol.com.br\/\"> blog do jornalista Juca Kfouri<\/a>, denunciando viagens de Peixoto sem autoriza\u00e7\u00e3o da Assembleia Legislativa, para se encontrar com Marin, preso em maio de 2015 na Su\u00ed\u00e7a.<\/p>\n<p>Segundo informa\u00e7\u00f5es do blog, o advogado alvo do pedido de investiga\u00e7\u00e3o de Maringoni e Medeiros foi exonerado de seu cargo apenas depois da publica\u00e7\u00e3o da den\u00fancia, raz\u00e3o pela qual tamb\u00e9m o presidente da Alesp, \u00edntimo de Marin e de Marco Polo Del Nero (atual presidente da CBF), \u00e9 alvo da representa\u00e7\u00e3o, por eventual ato de improbidade por omiss\u00e3o. De acordo com Juca Kfouri, as den\u00fancias divulgadas em seu blog nunca foram contestadas.<\/p>\n<p>Na representa\u00e7\u00e3o, os dirigentes do PSOL reivindicam o ressarcimento aos cofres p\u00fablicos de eventuais vantagens pecuni\u00e1rias recebidas ilegalmente por Paulo Peixoto, al\u00e9m das san\u00e7\u00f5es estabelecidas em lei, caso as pr\u00e1ticas de improbidade sejam comprovadas.<\/p>\n<p><em>Com informa\u00e7\u00f5es do Blog do Juca Kfouri<\/em><\/p>\n","protected":false},"excerpt":{"rendered":"<p>Na foto acima, o advogado Paulo Peixoto e o deputado Fernando Capez O jornalista, professor e candidato do PSOL ao governo de S\u00e3o Paulo em 2014, Gilberto Maringoni, e o dirigente da Intersindical e ex-candidato do partido a deputado federal, Arlei Medeiros, protocolaram na semana passada, no Minist\u00e9rio P\u00fablico de S\u00e3o Paulo, uma representa\u00e7\u00e3o para [&hellip;]<\/p>\n","protected":false},"author":2,"featured_media":11086,"comment_status":"open","ping_status":"open","sticky":false,"template":"","format":"standard","meta":{"_acf_changed":false,"footnotes":""},"categories":[1882,6,14],"tags":[3917,1626,3918,3919,2970,3920,3921,3922,3923,3924],"class_list":{"0":"post-11085","1":"post","2":"type-post","3":"status-publish","4":"format-standard","5":"has-post-thumbnail","7":"category-brasil","8":"category-noticias","9":"category-partido","10":"tag-arlei-medeiros","11":"tag-cbf","12":"tag-fernando-capez","13":"tag-fifa","14":"tag-gilberto-maringoni","15":"tag-jose-maria-marin","16":"tag-juca-kfouri","17":"tag-marco-polo-del-nero","18":"tag-paulo-peixoto","19":"tag-suica"},"acf":[],"yoast_head":"<!-- This site is optimized with the Yoast SEO plugin v26.5 - https:\/\/yoast.com\/wordpress\/plugins\/seo\/ -->\n<title>Dirigentes do PSOL acionam MP para investigar advogado de Jos\u00e9 Maria Marin - PSOL 50<\/title>\n<meta name=\"robots\" content=\"index, follow, max-snippet:-1, max-image-preview:large, max-video-preview:-1\" \/>\n<link rel=\"canonical\" href=\"https:\/\/psol50.org.br\/dirigentes-do-psol-querem-que-ministerio-publico-investigue-advogado-de-jose-maria-marin\/\" \/>\n<meta property=\"og:locale\" content=\"pt_BR\" \/>\n<meta property=\"og:type\" content=\"article\" \/>\n<meta property=\"og:title\" content=\"Dirigentes do PSOL acionam MP para investigar advogado de Jos\u00e9 Maria Marin - PSOL 50\" \/>\n<meta property=\"og:description\" content=\"Na foto acima, o advogado Paulo Peixoto e o deputado Fernando Capez O jornalista, professor e candidato do PSOL ao governo de S\u00e3o Paulo em 2014, Gilberto Maringoni, e o dirigente da Intersindical e ex-candidato do partido a deputado federal, Arlei Medeiros, protocolaram na semana passada, no Minist\u00e9rio P\u00fablico de S\u00e3o Paulo, uma representa\u00e7\u00e3o para [&hellip;]\" \/>\n<meta property=\"og:url\" content=\"https:\/\/psol50.org.br\/dirigentes-do-psol-querem-que-ministerio-publico-investigue-advogado-de-jose-maria-marin\/\" \/>\n<meta property=\"og:site_name\" content=\"PSOL 50\" \/>\n<meta property=\"article:publisher\" content=\"https:\/\/www.facebook.com\/psol50\" \/>\n<meta property=\"article:published_time\" content=\"2016-01-25T17:35:50+00:00\" \/>\n<meta property=\"og:image\" content=\"https:\/\/psol50.org.br\/inc\/uploads\/2018\/07\/capa.png\" \/>\n\t<meta property=\"og:image:width\" content=\"1350\" \/>\n\t<meta property=\"og:image:height\" content=\"900\" \/>\n\t<meta property=\"og:image:type\" content=\"image\/png\" \/>\n<meta name=\"author\" content=\"Comunica\u00e7\u00e3o PSOL\" \/>\n<meta name=\"twitter:card\" content=\"summary_large_image\" \/>\n<meta name=\"twitter:creator\" content=\"@psol50\" \/>\n<meta name=\"twitter:site\" content=\"@psol50\" \/>\n<meta name=\"twitter:label1\" content=\"Escrito por\" \/>\n\t<meta name=\"twitter:data1\" content=\"Comunica\u00e7\u00e3o PSOL\" \/>\n\t<meta name=\"twitter:label2\" content=\"Est. tempo de leitura\" \/>\n\t<meta name=\"twitter:data2\" content=\"1 minuto\" \/>\n<script type=\"application\/ld+json\" class=\"yoast-schema-graph\">{\"@context\":\"https:\/\/schema.org\",\"@graph\":[{\"@type\":\"Article\",\"@id\":\"https:\/\/psol50.org.br\/dirigentes-do-psol-querem-que-ministerio-publico-investigue-advogado-de-jose-maria-marin\/#article\",\"isPartOf\":{\"@id\":\"https:\/\/psol50.org.br\/dirigentes-do-psol-querem-que-ministerio-publico-investigue-advogado-de-jose-maria-marin\/\"},\"author\":{\"name\":\"Comunica\u00e7\u00e3o PSOL\",\"@id\":\"https:\/\/psol50.org.br\/#\/schema\/person\/475dfa57d0b815993c714c2e96491fcd\"},\"headline\":\"Dirigentes do PSOL acionam MP para investigar advogado de Jos\u00e9 Maria Marin\",\"datePublished\":\"2016-01-25T17:35:50+00:00\",\"mainEntityOfPage\":{\"@id\":\"https:\/\/psol50.org.br\/dirigentes-do-psol-querem-que-ministerio-publico-investigue-advogado-de-jose-maria-marin\/\"},\"wordCount\":281,\"commentCount\":0,\"publisher\":{\"@id\":\"https:\/\/psol50.org.br\/#organization\"},\"image\":{\"@id\":\"https:\/\/psol50.org.br\/dirigentes-do-psol-querem-que-ministerio-publico-investigue-advogado-de-jose-maria-marin\/#primaryimage\"},\"thumbnailUrl\":\"\",\"keywords\":[\"Arlei Medeiros\",\"CBF\",\"Fernando Capez\",\"Fifa\",\"Gilberto Maringoni\",\"Jos\u00e9 Maria Marin\",\"Juca Kfouri\",\"Marco Polo Del Nero\",\"Paulo Peixoto\",\"Su\u00ed\u00e7a\"],\"articleSection\":[\"Brasil\",\"Not\u00edcias\",\"Partido\"],\"inLanguage\":\"pt-BR\",\"potentialAction\":[{\"@type\":\"CommentAction\",\"name\":\"Comment\",\"target\":[\"https:\/\/psol50.org.br\/dirigentes-do-psol-querem-que-ministerio-publico-investigue-advogado-de-jose-maria-marin\/#respond\"]}]},{\"@type\":\"WebPage\",\"@id\":\"https:\/\/psol50.org.br\/dirigentes-do-psol-querem-que-ministerio-publico-investigue-advogado-de-jose-maria-marin\/\",\"url\":\"https:\/\/psol50.org.br\/dirigentes-do-psol-querem-que-ministerio-publico-investigue-advogado-de-jose-maria-marin\/\",\"name\":\"Dirigentes do PSOL acionam MP para investigar advogado de Jos\u00e9 Maria Marin - PSOL 50\",\"isPartOf\":{\"@id\":\"https:\/\/psol50.org.br\/#website\"},\"primaryImageOfPage\":{\"@id\":\"https:\/\/psol50.org.br\/dirigentes-do-psol-querem-que-ministerio-publico-investigue-advogado-de-jose-maria-marin\/#primaryimage\"},\"image\":{\"@id\":\"https:\/\/psol50.org.br\/dirigentes-do-psol-querem-que-ministerio-publico-investigue-advogado-de-jose-maria-marin\/#primaryimage\"},\"thumbnailUrl\":\"\",\"datePublished\":\"2016-01-25T17:35:50+00:00\",\"breadcrumb\":{\"@id\":\"https:\/\/psol50.org.br\/dirigentes-do-psol-querem-que-ministerio-publico-investigue-advogado-de-jose-maria-marin\/#breadcrumb\"},\"inLanguage\":\"pt-BR\",\"potentialAction\":[{\"@type\":\"ReadAction\",\"target\":[\"https:\/\/psol50.org.br\/dirigentes-do-psol-querem-que-ministerio-publico-investigue-advogado-de-jose-maria-marin\/\"]}]},{\"@type\":\"ImageObject\",\"inLanguage\":\"pt-BR\",\"@id\":\"https:\/\/psol50.org.br\/dirigentes-do-psol-querem-que-ministerio-publico-investigue-advogado-de-jose-maria-marin\/#primaryimage\",\"url\":\"\",\"contentUrl\":\"\"},{\"@type\":\"BreadcrumbList\",\"@id\":\"https:\/\/psol50.org.br\/dirigentes-do-psol-querem-que-ministerio-publico-investigue-advogado-de-jose-maria-marin\/#breadcrumb\",\"itemListElement\":[{\"@type\":\"ListItem\",\"position\":1,\"name\":\"In\u00edcio\",\"item\":\"https:\/\/psol50.org.br\/\"},{\"@type\":\"ListItem\",\"position\":2,\"name\":\"Dirigentes do PSOL acionam MP para investigar advogado de Jos\u00e9 Maria Marin\"}]},{\"@type\":\"WebSite\",\"@id\":\"https:\/\/psol50.org.br\/#website\",\"url\":\"https:\/\/psol50.org.br\/\",\"name\":\"PSOL 50\",\"description\":\"Site oficial do Partido Socialismo e Liberdade\",\"publisher\":{\"@id\":\"https:\/\/psol50.org.br\/#organization\"},\"alternateName\":\"PSOL50\",\"potentialAction\":[{\"@type\":\"SearchAction\",\"target\":{\"@type\":\"EntryPoint\",\"urlTemplate\":\"https:\/\/psol50.org.br\/?s={search_term_string}\"},\"query-input\":{\"@type\":\"PropertyValueSpecification\",\"valueRequired\":true,\"valueName\":\"search_term_string\"}}],\"inLanguage\":\"pt-BR\"},{\"@type\":\"Organization\",\"@id\":\"https:\/\/psol50.org.br\/#organization\",\"name\":\"PSOL 50\",\"alternateName\":\"PSOL 50\",\"url\":\"https:\/\/psol50.org.br\/\",\"logo\":{\"@type\":\"ImageObject\",\"inLanguage\":\"pt-BR\",\"@id\":\"https:\/\/psol50.org.br\/#\/schema\/logo\/image\/\",\"url\":\"https:\/\/psol50.org.br\/inc\/uploads\/2018\/07\/capa.png\",\"contentUrl\":\"https:\/\/psol50.org.br\/inc\/uploads\/2018\/07\/capa.png\",\"width\":1350,\"height\":900,\"caption\":\"PSOL 50\"},\"image\":{\"@id\":\"https:\/\/psol50.org.br\/#\/schema\/logo\/image\/\"},\"sameAs\":[\"https:\/\/www.facebook.com\/psol50\",\"https:\/\/x.com\/psol50\",\"https:\/\/www.instagram.com\/psol50\/\",\"https:\/\/www.youtube.com\/channel\/UC7SnJS5o1os7a6CaiNabzcg\"]},{\"@type\":\"Person\",\"@id\":\"https:\/\/psol50.org.br\/#\/schema\/person\/475dfa57d0b815993c714c2e96491fcd\",\"name\":\"Comunica\u00e7\u00e3o PSOL\",\"image\":{\"@type\":\"ImageObject\",\"inLanguage\":\"pt-BR\",\"@id\":\"https:\/\/psol50.org.br\/#\/schema\/person\/image\/\",\"url\":\"https:\/\/secure.gravatar.com\/avatar\/b34fc4f4e468a4e51785917065a3db57b841f5c95dba6ad8c73aaf8f66f8f9bf?s=96&d=mm&r=g\",\"contentUrl\":\"https:\/\/secure.gravatar.com\/avatar\/b34fc4f4e468a4e51785917065a3db57b841f5c95dba6ad8c73aaf8f66f8f9bf?s=96&d=mm&r=g\",\"caption\":\"Comunica\u00e7\u00e3o PSOL\"}}]}<\/script>\n<!-- \/ Yoast SEO plugin. -->","yoast_head_json":{"title":"Dirigentes do PSOL acionam MP para investigar advogado de Jos\u00e9 Maria Marin - PSOL 50","robots":{"index":"index","follow":"follow","max-snippet":"max-snippet:-1","max-image-preview":"max-image-preview:large","max-video-preview":"max-video-preview:-1"},"canonical":"https:\/\/psol50.org.br\/dirigentes-do-psol-querem-que-ministerio-publico-investigue-advogado-de-jose-maria-marin\/","og_locale":"pt_BR","og_type":"article","og_title":"Dirigentes do PSOL acionam MP para investigar advogado de Jos\u00e9 Maria Marin - PSOL 50","og_description":"Na foto acima, o advogado Paulo Peixoto e o deputado Fernando Capez O jornalista, professor e candidato do PSOL ao governo de S\u00e3o Paulo em 2014, Gilberto Maringoni, e o dirigente da Intersindical e ex-candidato do partido a deputado federal, Arlei Medeiros, protocolaram na semana passada, no Minist\u00e9rio P\u00fablico de S\u00e3o Paulo, uma representa\u00e7\u00e3o para [&hellip;]","og_url":"https:\/\/psol50.org.br\/dirigentes-do-psol-querem-que-ministerio-publico-investigue-advogado-de-jose-maria-marin\/","og_site_name":"PSOL 50","article_publisher":"https:\/\/www.facebook.com\/psol50","article_published_time":"2016-01-25T17:35:50+00:00","og_image":[{"width":1350,"height":900,"url":"https:\/\/psol50.org.br\/inc\/uploads\/2018\/07\/capa.png","type":"image\/png"}],"author":"Comunica\u00e7\u00e3o PSOL","twitter_card":"summary_large_image","twitter_creator":"@psol50","twitter_site":"@psol50","twitter_misc":{"Escrito por":"Comunica\u00e7\u00e3o PSOL","Est. tempo de leitura":"1 minuto"},"schema":{"@context":"https:\/\/schema.org","@graph":[{"@type":"Article","@id":"https:\/\/psol50.org.br\/dirigentes-do-psol-querem-que-ministerio-publico-investigue-advogado-de-jose-maria-marin\/#article","isPartOf":{"@id":"https:\/\/psol50.org.br\/dirigentes-do-psol-querem-que-ministerio-publico-investigue-advogado-de-jose-maria-marin\/"},"author":{"name":"Comunica\u00e7\u00e3o PSOL","@id":"https:\/\/psol50.org.br\/#\/schema\/person\/475dfa57d0b815993c714c2e96491fcd"},"headline":"Dirigentes do PSOL acionam MP para investigar advogado de Jos\u00e9 Maria Marin","datePublished":"2016-01-25T17:35:50+00:00","mainEntityOfPage":{"@id":"https:\/\/psol50.org.br\/dirigentes-do-psol-querem-que-ministerio-publico-investigue-advogado-de-jose-maria-marin\/"},"wordCount":281,"commentCount":0,"publisher":{"@id":"https:\/\/psol50.org.br\/#organization"},"image":{"@id":"https:\/\/psol50.org.br\/dirigentes-do-psol-querem-que-ministerio-publico-investigue-advogado-de-jose-maria-marin\/#primaryimage"},"thumbnailUrl":"","keywords":["Arlei Medeiros","CBF","Fernando Capez","Fifa","Gilberto Maringoni","Jos\u00e9 Maria Marin","Juca Kfouri","Marco Polo Del Nero","Paulo Peixoto","Su\u00ed\u00e7a"],"articleSection":["Brasil","Not\u00edcias","Partido"],"inLanguage":"pt-BR","potentialAction":[{"@type":"CommentAction","name":"Comment","target":["https:\/\/psol50.org.br\/dirigentes-do-psol-querem-que-ministerio-publico-investigue-advogado-de-jose-maria-marin\/#respond"]}]},{"@type":"WebPage","@id":"https:\/\/psol50.org.br\/dirigentes-do-psol-querem-que-ministerio-publico-investigue-advogado-de-jose-maria-marin\/","url":"https:\/\/psol50.org.br\/dirigentes-do-psol-querem-que-ministerio-publico-investigue-advogado-de-jose-maria-marin\/","name":"Dirigentes do PSOL acionam MP para investigar advogado de Jos\u00e9 Maria Marin - PSOL 50","isPartOf":{"@id":"https:\/\/psol50.org.br\/#website"},"primaryImageOfPage":{"@id":"https:\/\/psol50.org.br\/dirigentes-do-psol-querem-que-ministerio-publico-investigue-advogado-de-jose-maria-marin\/#primaryimage"},"image":{"@id":"https:\/\/psol50.org.br\/dirigentes-do-psol-querem-que-ministerio-publico-investigue-advogado-de-jose-maria-marin\/#primaryimage"},"thumbnailUrl":"","datePublished":"2016-01-25T17:35:50+00:00","breadcrumb":{"@id":"https:\/\/psol50.org.br\/dirigentes-do-psol-querem-que-ministerio-publico-investigue-advogado-de-jose-maria-marin\/#breadcrumb"},"inLanguage":"pt-BR","potentialAction":[{"@type":"ReadAction","target":["https:\/\/psol50.org.br\/dirigentes-do-psol-querem-que-ministerio-publico-investigue-advogado-de-jose-maria-marin\/"]}]},{"@type":"ImageObject","inLanguage":"pt-BR","@id":"https:\/\/psol50.org.br\/dirigentes-do-psol-querem-que-ministerio-publico-investigue-advogado-de-jose-maria-marin\/#primaryimage","url":"","contentUrl":""},{"@type":"BreadcrumbList","@id":"https:\/\/psol50.org.br\/dirigentes-do-psol-querem-que-ministerio-publico-investigue-advogado-de-jose-maria-marin\/#breadcrumb","itemListElement":[{"@type":"ListItem","position":1,"name":"In\u00edcio","item":"https:\/\/psol50.org.br\/"},{"@type":"ListItem","position":2,"name":"Dirigentes do PSOL acionam MP para investigar advogado de Jos\u00e9 Maria Marin"}]},{"@type":"WebSite","@id":"https:\/\/psol50.org.br\/#website","url":"https:\/\/psol50.org.br\/","name":"PSOL 50","description":"Site oficial do Partido Socialismo e Liberdade","publisher":{"@id":"https:\/\/psol50.org.br\/#organization"},"alternateName":"PSOL50","potentialAction":[{"@type":"SearchAction","target":{"@type":"EntryPoint","urlTemplate":"https:\/\/psol50.org.br\/?s={search_term_string}"},"query-input":{"@type":"PropertyValueSpecification","valueRequired":true,"valueName":"search_term_string"}}],"inLanguage":"pt-BR"},{"@type":"Organization","@id":"https:\/\/psol50.org.br\/#organization","name":"PSOL 50","alternateName":"PSOL 50","url":"https:\/\/psol50.org.br\/","logo":{"@type":"ImageObject","inLanguage":"pt-BR","@id":"https:\/\/psol50.org.br\/#\/schema\/logo\/image\/","url":"https:\/\/psol50.org.br\/inc\/uploads\/2018\/07\/capa.png","contentUrl":"https:\/\/psol50.org.br\/inc\/uploads\/2018\/07\/capa.png","width":1350,"height":900,"caption":"PSOL 50"},"image":{"@id":"https:\/\/psol50.org.br\/#\/schema\/logo\/image\/"},"sameAs":["https:\/\/www.facebook.com\/psol50","https:\/\/x.com\/psol50","https:\/\/www.instagram.com\/psol50\/","https:\/\/www.youtube.com\/channel\/UC7SnJS5o1os7a6CaiNabzcg"]},{"@type":"Person","@id":"https:\/\/psol50.org.br\/#\/schema\/person\/475dfa57d0b815993c714c2e96491fcd","name":"Comunica\u00e7\u00e3o PSOL","image":{"@type":"ImageObject","inLanguage":"pt-BR","@id":"https:\/\/psol50.org.br\/#\/schema\/person\/image\/","url":"https:\/\/secure.gravatar.com\/avatar\/b34fc4f4e468a4e51785917065a3db57b841f5c95dba6ad8c73aaf8f66f8f9bf?s=96&d=mm&r=g","contentUrl":"https:\/\/secure.gravatar.com\/avatar\/b34fc4f4e468a4e51785917065a3db57b841f5c95dba6ad8c73aaf8f66f8f9bf?s=96&d=mm&r=g","caption":"Comunica\u00e7\u00e3o PSOL"}}]}},"_links":{"self":[{"href":"https:\/\/psol50.org.br\/rest\/wp\/v2\/posts\/11085","targetHints":{"allow":["GET"]}}],"collection":[{"href":"https:\/\/psol50.org.br\/rest\/wp\/v2\/posts"}],"about":[{"href":"https:\/\/psol50.org.br\/rest\/wp\/v2\/types\/post"}],"author":[{"embeddable":true,"href":"https:\/\/psol50.org.br\/rest\/wp\/v2\/users\/2"}],"replies":[{"embeddable":true,"href":"https:\/\/psol50.org.br\/rest\/wp\/v2\/comments?post=11085"}],"version-history":[{"count":0,"href":"https:\/\/psol50.org.br\/rest\/wp\/v2\/posts\/11085\/revisions"}],"wp:featuredmedia":[{"embeddable":true,"href":"https:\/\/psol50.org.br\/rest\/"}],"wp:attachment":[{"href":"https:\/\/psol50.org.br\/rest\/wp\/v2\/media?parent=11085"}],"wp:term":[{"taxonomy":"category","embeddable":true,"href":"https:\/\/psol50.org.br\/rest\/wp\/v2\/categories?post=11085"},{"taxonomy":"post_tag","embeddable":true,"href":"https:\/\/psol50.org.br\/rest\/wp\/v2\/tags?post=11085"}],"curies":[{"name":"wp","href":"https:\/\/api.w.org\/{rel}","templated":true}]}}