{"id":11094,"date":"2016-01-26T19:23:03","date_gmt":"2016-01-26T19:23:03","guid":{"rendered":"http:\/\/www.psol50.org.br\/?p=11094"},"modified":"2016-01-26T19:23:03","modified_gmt":"2016-01-26T19:23:03","slug":"raul-marcelo-pede-a-comissao-de-etica-que-investigue-denuncias-contra-presidente-da-alesp","status":"publish","type":"post","link":"https:\/\/psol50.org.br\/raul-marcelo-pede-a-comissao-de-etica-que-investigue-denuncias-contra-presidente-da-alesp\/","title":{"rendered":"Raul Marcelo pede \u00e0 Comiss\u00e3o de \u00c9tica que investigue den\u00fancias contra presidente da Alesp"},"content":{"rendered":"<p>O deputado estadual do PSOL em S\u00e3o Paulo Raul Marcelo representar\u00e1, no Conselho de \u00c9tica e Decoro Parlamentar da Assembleia Legislativa de SP (Alesp), contra o deputado estadual Fernando Capez (PSDB), atual presidente da Alesp. Para a representa\u00e7\u00e3o, o deputado do PSOL se baseou em den\u00fancias divulgadas na imprensa nacional, que apontam o envolvimento do presidente da Alesp em esquema de corrup\u00e7\u00e3o, envolvendo superfaturamento e desvio de dinheiro p\u00fablico na compra de produtos da merenda escolar. Segundo a opera\u00e7\u00e3o Alba Branca, deflagrada pelo Minist\u00e9rio P\u00fablico e pela Pol\u00edcia Civil, em ao menos 22 munic\u00edpios do estado de S\u00e3o Paulo a compra de produtos agr\u00edcolas para merenda escolar da Cooperativa Agr\u00edcola Familiar (COAF) foi superfaturada e houve pagamento de propina a agentes p\u00fablicos.<\/p>\n<p>Mat\u00e9ria veiculada em 21 de janeiro deste ano, intitulada \u201cPresidente tucano da Assembleia de SP e ex-chefe de gabinete da Casa Civil de Alckmin s\u00e3o citados em corrup\u00e7\u00e3o na merenda\u201d, \u00e9 baseada em depoimentos de funcion\u00e1rios da COAF junto \u00e0 Pol\u00edcia Civil e detalha como funcionava o esquema de desvio de dinheiro p\u00fablico.<\/p>\n<p>Segundo Raul Marcelo, \u201c\u00e9 fundamental a instaura\u00e7\u00e3o de procedimento para que sejam investigadas as graves den\u00fancias levantadas contra Capez. As den\u00fancias s\u00e3o grav\u00edssimas e, se comprovadas, configuram crimes, atos de improbidade administrativa, viola\u00e7\u00e3o dos deveres \u00e9ticos e quebra do decoro parlamentar\u201d.<\/p>\n<p>Fonte: <em>Mandato deputado Raul Marcelo<\/em><\/p>\n<p>&nbsp;<\/p>\n","protected":false},"excerpt":{"rendered":"<p>O deputado estadual do PSOL em S\u00e3o Paulo Raul Marcelo representar\u00e1, no Conselho de \u00c9tica e Decoro Parlamentar da Assembleia Legislativa de SP (Alesp), contra o deputado estadual Fernando Capez (PSDB), atual presidente da Alesp. Para a representa\u00e7\u00e3o, o deputado do PSOL se baseou em den\u00fancias divulgadas na imprensa nacional, que apontam o envolvimento do [&hellip;]<\/p>\n","protected":false},"author":2,"featured_media":11095,"comment_status":"open","ping_status":"open","sticky":false,"template":"","format":"standard","meta":{"_acf_changed":false,"footnotes":""},"categories":[10,654,6],"tags":[141,3925,58,3926,3918,62,3927],"class_list":{"0":"post-11094","1":"post","2":"type-post","3":"status-publish","4":"format-standard","5":"has-post-thumbnail","7":"category-acao-parlamentares","8":"category-estados","9":"category-noticias","10":"tag-alesp","11":"tag-assembleia-legislativa-de-sao-paulo","12":"tag-corrupcao","13":"tag-deputado-raul-marcelo","14":"tag-fernando-capez","15":"tag-ministerio-publico","16":"tag-superfaturamento"},"acf":[],"yoast_head":"<!-- This site is optimized with the Yoast SEO plugin v26.5 - https:\/\/yoast.com\/wordpress\/plugins\/seo\/ -->\n<title>Raul Marcelo pede \u00e0 Comiss\u00e3o de \u00c9tica que investigue den\u00fancias contra presidente da Alesp - PSOL 50<\/title>\n<meta name=\"robots\" content=\"index, follow, max-snippet:-1, max-image-preview:large, max-video-preview:-1\" \/>\n<link rel=\"canonical\" href=\"https:\/\/psol50.org.br\/raul-marcelo-pede-a-comissao-de-etica-que-investigue-denuncias-contra-presidente-da-alesp\/\" \/>\n<meta property=\"og:locale\" content=\"pt_BR\" \/>\n<meta property=\"og:type\" content=\"article\" \/>\n<meta property=\"og:title\" content=\"Raul Marcelo pede \u00e0 Comiss\u00e3o de \u00c9tica que investigue den\u00fancias contra presidente da Alesp - PSOL 50\" \/>\n<meta property=\"og:description\" content=\"O deputado estadual do PSOL em S\u00e3o Paulo Raul Marcelo representar\u00e1, no Conselho de \u00c9tica e Decoro Parlamentar da Assembleia Legislativa de SP (Alesp), contra o deputado estadual Fernando Capez (PSDB), atual presidente da Alesp. Para a representa\u00e7\u00e3o, o deputado do PSOL se baseou em den\u00fancias divulgadas na imprensa nacional, que apontam o envolvimento do [&hellip;]\" \/>\n<meta property=\"og:url\" content=\"https:\/\/psol50.org.br\/raul-marcelo-pede-a-comissao-de-etica-que-investigue-denuncias-contra-presidente-da-alesp\/\" \/>\n<meta property=\"og:site_name\" content=\"PSOL 50\" \/>\n<meta property=\"article:publisher\" content=\"https:\/\/www.facebook.com\/psol50\" \/>\n<meta property=\"article:published_time\" content=\"2016-01-26T19:23:03+00:00\" \/>\n<meta property=\"og:image\" content=\"https:\/\/psol50.org.br\/inc\/uploads\/2018\/07\/capa.png\" \/>\n\t<meta property=\"og:image:width\" content=\"1350\" \/>\n\t<meta property=\"og:image:height\" content=\"900\" \/>\n\t<meta property=\"og:image:type\" content=\"image\/png\" \/>\n<meta name=\"author\" content=\"Comunica\u00e7\u00e3o PSOL\" \/>\n<meta name=\"twitter:card\" content=\"summary_large_image\" \/>\n<meta name=\"twitter:creator\" content=\"@psol50\" \/>\n<meta name=\"twitter:site\" content=\"@psol50\" \/>\n<meta name=\"twitter:label1\" content=\"Escrito por\" \/>\n\t<meta name=\"twitter:data1\" content=\"Comunica\u00e7\u00e3o PSOL\" \/>\n\t<meta name=\"twitter:label2\" content=\"Est. tempo de leitura\" \/>\n\t<meta name=\"twitter:data2\" content=\"1 minuto\" \/>\n<script type=\"application\/ld+json\" class=\"yoast-schema-graph\">{\"@context\":\"https:\/\/schema.org\",\"@graph\":[{\"@type\":\"Article\",\"@id\":\"https:\/\/psol50.org.br\/raul-marcelo-pede-a-comissao-de-etica-que-investigue-denuncias-contra-presidente-da-alesp\/#article\",\"isPartOf\":{\"@id\":\"https:\/\/psol50.org.br\/raul-marcelo-pede-a-comissao-de-etica-que-investigue-denuncias-contra-presidente-da-alesp\/\"},\"author\":{\"name\":\"Comunica\u00e7\u00e3o PSOL\",\"@id\":\"https:\/\/psol50.org.br\/#\/schema\/person\/475dfa57d0b815993c714c2e96491fcd\"},\"headline\":\"Raul Marcelo pede \u00e0 Comiss\u00e3o de \u00c9tica que investigue den\u00fancias contra presidente da Alesp\",\"datePublished\":\"2016-01-26T19:23:03+00:00\",\"mainEntityOfPage\":{\"@id\":\"https:\/\/psol50.org.br\/raul-marcelo-pede-a-comissao-de-etica-que-investigue-denuncias-contra-presidente-da-alesp\/\"},\"wordCount\":258,\"commentCount\":0,\"publisher\":{\"@id\":\"https:\/\/psol50.org.br\/#organization\"},\"image\":{\"@id\":\"https:\/\/psol50.org.br\/raul-marcelo-pede-a-comissao-de-etica-que-investigue-denuncias-contra-presidente-da-alesp\/#primaryimage\"},\"thumbnailUrl\":\"\",\"keywords\":[\"alesp\",\"Assembleia Legislativa de S\u00e3o Paulo\",\"corrup\u00e7\u00e3o\",\"deputado Raul Marcelo\",\"Fernando Capez\",\"Minist\u00e9rio P\u00fablico\",\"superfaturamento\"],\"articleSection\":[\"A\u00e7\u00e3o Parlamentar\",\"Estados\",\"Not\u00edcias\"],\"inLanguage\":\"pt-BR\",\"potentialAction\":[{\"@type\":\"CommentAction\",\"name\":\"Comment\",\"target\":[\"https:\/\/psol50.org.br\/raul-marcelo-pede-a-comissao-de-etica-que-investigue-denuncias-contra-presidente-da-alesp\/#respond\"]}]},{\"@type\":\"WebPage\",\"@id\":\"https:\/\/psol50.org.br\/raul-marcelo-pede-a-comissao-de-etica-que-investigue-denuncias-contra-presidente-da-alesp\/\",\"url\":\"https:\/\/psol50.org.br\/raul-marcelo-pede-a-comissao-de-etica-que-investigue-denuncias-contra-presidente-da-alesp\/\",\"name\":\"Raul Marcelo pede \u00e0 Comiss\u00e3o de \u00c9tica que investigue den\u00fancias contra presidente da Alesp - PSOL 50\",\"isPartOf\":{\"@id\":\"https:\/\/psol50.org.br\/#website\"},\"primaryImageOfPage\":{\"@id\":\"https:\/\/psol50.org.br\/raul-marcelo-pede-a-comissao-de-etica-que-investigue-denuncias-contra-presidente-da-alesp\/#primaryimage\"},\"image\":{\"@id\":\"https:\/\/psol50.org.br\/raul-marcelo-pede-a-comissao-de-etica-que-investigue-denuncias-contra-presidente-da-alesp\/#primaryimage\"},\"thumbnailUrl\":\"\",\"datePublished\":\"2016-01-26T19:23:03+00:00\",\"breadcrumb\":{\"@id\":\"https:\/\/psol50.org.br\/raul-marcelo-pede-a-comissao-de-etica-que-investigue-denuncias-contra-presidente-da-alesp\/#breadcrumb\"},\"inLanguage\":\"pt-BR\",\"potentialAction\":[{\"@type\":\"ReadAction\",\"target\":[\"https:\/\/psol50.org.br\/raul-marcelo-pede-a-comissao-de-etica-que-investigue-denuncias-contra-presidente-da-alesp\/\"]}]},{\"@type\":\"ImageObject\",\"inLanguage\":\"pt-BR\",\"@id\":\"https:\/\/psol50.org.br\/raul-marcelo-pede-a-comissao-de-etica-que-investigue-denuncias-contra-presidente-da-alesp\/#primaryimage\",\"url\":\"\",\"contentUrl\":\"\"},{\"@type\":\"BreadcrumbList\",\"@id\":\"https:\/\/psol50.org.br\/raul-marcelo-pede-a-comissao-de-etica-que-investigue-denuncias-contra-presidente-da-alesp\/#breadcrumb\",\"itemListElement\":[{\"@type\":\"ListItem\",\"position\":1,\"name\":\"In\u00edcio\",\"item\":\"https:\/\/psol50.org.br\/\"},{\"@type\":\"ListItem\",\"position\":2,\"name\":\"Raul Marcelo pede \u00e0 Comiss\u00e3o de \u00c9tica que investigue den\u00fancias contra presidente da Alesp\"}]},{\"@type\":\"WebSite\",\"@id\":\"https:\/\/psol50.org.br\/#website\",\"url\":\"https:\/\/psol50.org.br\/\",\"name\":\"PSOL 50\",\"description\":\"Site oficial do Partido Socialismo e Liberdade\",\"publisher\":{\"@id\":\"https:\/\/psol50.org.br\/#organization\"},\"alternateName\":\"PSOL50\",\"potentialAction\":[{\"@type\":\"SearchAction\",\"target\":{\"@type\":\"EntryPoint\",\"urlTemplate\":\"https:\/\/psol50.org.br\/?s={search_term_string}\"},\"query-input\":{\"@type\":\"PropertyValueSpecification\",\"valueRequired\":true,\"valueName\":\"search_term_string\"}}],\"inLanguage\":\"pt-BR\"},{\"@type\":\"Organization\",\"@id\":\"https:\/\/psol50.org.br\/#organization\",\"name\":\"PSOL 50\",\"alternateName\":\"PSOL 50\",\"url\":\"https:\/\/psol50.org.br\/\",\"logo\":{\"@type\":\"ImageObject\",\"inLanguage\":\"pt-BR\",\"@id\":\"https:\/\/psol50.org.br\/#\/schema\/logo\/image\/\",\"url\":\"https:\/\/psol50.org.br\/inc\/uploads\/2018\/07\/capa.png\",\"contentUrl\":\"https:\/\/psol50.org.br\/inc\/uploads\/2018\/07\/capa.png\",\"width\":1350,\"height\":900,\"caption\":\"PSOL 50\"},\"image\":{\"@id\":\"https:\/\/psol50.org.br\/#\/schema\/logo\/image\/\"},\"sameAs\":[\"https:\/\/www.facebook.com\/psol50\",\"https:\/\/x.com\/psol50\",\"https:\/\/www.instagram.com\/psol50\/\",\"https:\/\/www.youtube.com\/channel\/UC7SnJS5o1os7a6CaiNabzcg\"]},{\"@type\":\"Person\",\"@id\":\"https:\/\/psol50.org.br\/#\/schema\/person\/475dfa57d0b815993c714c2e96491fcd\",\"name\":\"Comunica\u00e7\u00e3o PSOL\",\"image\":{\"@type\":\"ImageObject\",\"inLanguage\":\"pt-BR\",\"@id\":\"https:\/\/psol50.org.br\/#\/schema\/person\/image\/\",\"url\":\"https:\/\/secure.gravatar.com\/avatar\/b34fc4f4e468a4e51785917065a3db57b841f5c95dba6ad8c73aaf8f66f8f9bf?s=96&d=mm&r=g\",\"contentUrl\":\"https:\/\/secure.gravatar.com\/avatar\/b34fc4f4e468a4e51785917065a3db57b841f5c95dba6ad8c73aaf8f66f8f9bf?s=96&d=mm&r=g\",\"caption\":\"Comunica\u00e7\u00e3o PSOL\"}}]}<\/script>\n<!-- \/ Yoast SEO plugin. -->","yoast_head_json":{"title":"Raul Marcelo pede \u00e0 Comiss\u00e3o de \u00c9tica que investigue den\u00fancias contra presidente da Alesp - PSOL 50","robots":{"index":"index","follow":"follow","max-snippet":"max-snippet:-1","max-image-preview":"max-image-preview:large","max-video-preview":"max-video-preview:-1"},"canonical":"https:\/\/psol50.org.br\/raul-marcelo-pede-a-comissao-de-etica-que-investigue-denuncias-contra-presidente-da-alesp\/","og_locale":"pt_BR","og_type":"article","og_title":"Raul Marcelo pede \u00e0 Comiss\u00e3o de \u00c9tica que investigue den\u00fancias contra presidente da Alesp - PSOL 50","og_description":"O deputado estadual do PSOL em S\u00e3o Paulo Raul Marcelo representar\u00e1, no Conselho de \u00c9tica e Decoro Parlamentar da Assembleia Legislativa de SP (Alesp), contra o deputado estadual Fernando Capez (PSDB), atual presidente da Alesp. Para a representa\u00e7\u00e3o, o deputado do PSOL se baseou em den\u00fancias divulgadas na imprensa nacional, que apontam o envolvimento do [&hellip;]","og_url":"https:\/\/psol50.org.br\/raul-marcelo-pede-a-comissao-de-etica-que-investigue-denuncias-contra-presidente-da-alesp\/","og_site_name":"PSOL 50","article_publisher":"https:\/\/www.facebook.com\/psol50","article_published_time":"2016-01-26T19:23:03+00:00","og_image":[{"width":1350,"height":900,"url":"https:\/\/psol50.org.br\/inc\/uploads\/2018\/07\/capa.png","type":"image\/png"}],"author":"Comunica\u00e7\u00e3o PSOL","twitter_card":"summary_large_image","twitter_creator":"@psol50","twitter_site":"@psol50","twitter_misc":{"Escrito por":"Comunica\u00e7\u00e3o PSOL","Est. tempo de leitura":"1 minuto"},"schema":{"@context":"https:\/\/schema.org","@graph":[{"@type":"Article","@id":"https:\/\/psol50.org.br\/raul-marcelo-pede-a-comissao-de-etica-que-investigue-denuncias-contra-presidente-da-alesp\/#article","isPartOf":{"@id":"https:\/\/psol50.org.br\/raul-marcelo-pede-a-comissao-de-etica-que-investigue-denuncias-contra-presidente-da-alesp\/"},"author":{"name":"Comunica\u00e7\u00e3o PSOL","@id":"https:\/\/psol50.org.br\/#\/schema\/person\/475dfa57d0b815993c714c2e96491fcd"},"headline":"Raul Marcelo pede \u00e0 Comiss\u00e3o de \u00c9tica que investigue den\u00fancias contra presidente da Alesp","datePublished":"2016-01-26T19:23:03+00:00","mainEntityOfPage":{"@id":"https:\/\/psol50.org.br\/raul-marcelo-pede-a-comissao-de-etica-que-investigue-denuncias-contra-presidente-da-alesp\/"},"wordCount":258,"commentCount":0,"publisher":{"@id":"https:\/\/psol50.org.br\/#organization"},"image":{"@id":"https:\/\/psol50.org.br\/raul-marcelo-pede-a-comissao-de-etica-que-investigue-denuncias-contra-presidente-da-alesp\/#primaryimage"},"thumbnailUrl":"","keywords":["alesp","Assembleia Legislativa de S\u00e3o Paulo","corrup\u00e7\u00e3o","deputado Raul Marcelo","Fernando Capez","Minist\u00e9rio P\u00fablico","superfaturamento"],"articleSection":["A\u00e7\u00e3o Parlamentar","Estados","Not\u00edcias"],"inLanguage":"pt-BR","potentialAction":[{"@type":"CommentAction","name":"Comment","target":["https:\/\/psol50.org.br\/raul-marcelo-pede-a-comissao-de-etica-que-investigue-denuncias-contra-presidente-da-alesp\/#respond"]}]},{"@type":"WebPage","@id":"https:\/\/psol50.org.br\/raul-marcelo-pede-a-comissao-de-etica-que-investigue-denuncias-contra-presidente-da-alesp\/","url":"https:\/\/psol50.org.br\/raul-marcelo-pede-a-comissao-de-etica-que-investigue-denuncias-contra-presidente-da-alesp\/","name":"Raul Marcelo pede \u00e0 Comiss\u00e3o de \u00c9tica que investigue den\u00fancias contra presidente da Alesp - PSOL 50","isPartOf":{"@id":"https:\/\/psol50.org.br\/#website"},"primaryImageOfPage":{"@id":"https:\/\/psol50.org.br\/raul-marcelo-pede-a-comissao-de-etica-que-investigue-denuncias-contra-presidente-da-alesp\/#primaryimage"},"image":{"@id":"https:\/\/psol50.org.br\/raul-marcelo-pede-a-comissao-de-etica-que-investigue-denuncias-contra-presidente-da-alesp\/#primaryimage"},"thumbnailUrl":"","datePublished":"2016-01-26T19:23:03+00:00","breadcrumb":{"@id":"https:\/\/psol50.org.br\/raul-marcelo-pede-a-comissao-de-etica-que-investigue-denuncias-contra-presidente-da-alesp\/#breadcrumb"},"inLanguage":"pt-BR","potentialAction":[{"@type":"ReadAction","target":["https:\/\/psol50.org.br\/raul-marcelo-pede-a-comissao-de-etica-que-investigue-denuncias-contra-presidente-da-alesp\/"]}]},{"@type":"ImageObject","inLanguage":"pt-BR","@id":"https:\/\/psol50.org.br\/raul-marcelo-pede-a-comissao-de-etica-que-investigue-denuncias-contra-presidente-da-alesp\/#primaryimage","url":"","contentUrl":""},{"@type":"BreadcrumbList","@id":"https:\/\/psol50.org.br\/raul-marcelo-pede-a-comissao-de-etica-que-investigue-denuncias-contra-presidente-da-alesp\/#breadcrumb","itemListElement":[{"@type":"ListItem","position":1,"name":"In\u00edcio","item":"https:\/\/psol50.org.br\/"},{"@type":"ListItem","position":2,"name":"Raul Marcelo pede \u00e0 Comiss\u00e3o de \u00c9tica que investigue den\u00fancias contra presidente da Alesp"}]},{"@type":"WebSite","@id":"https:\/\/psol50.org.br\/#website","url":"https:\/\/psol50.org.br\/","name":"PSOL 50","description":"Site oficial do Partido Socialismo e Liberdade","publisher":{"@id":"https:\/\/psol50.org.br\/#organization"},"alternateName":"PSOL50","potentialAction":[{"@type":"SearchAction","target":{"@type":"EntryPoint","urlTemplate":"https:\/\/psol50.org.br\/?s={search_term_string}"},"query-input":{"@type":"PropertyValueSpecification","valueRequired":true,"valueName":"search_term_string"}}],"inLanguage":"pt-BR"},{"@type":"Organization","@id":"https:\/\/psol50.org.br\/#organization","name":"PSOL 50","alternateName":"PSOL 50","url":"https:\/\/psol50.org.br\/","logo":{"@type":"ImageObject","inLanguage":"pt-BR","@id":"https:\/\/psol50.org.br\/#\/schema\/logo\/image\/","url":"https:\/\/psol50.org.br\/inc\/uploads\/2018\/07\/capa.png","contentUrl":"https:\/\/psol50.org.br\/inc\/uploads\/2018\/07\/capa.png","width":1350,"height":900,"caption":"PSOL 50"},"image":{"@id":"https:\/\/psol50.org.br\/#\/schema\/logo\/image\/"},"sameAs":["https:\/\/www.facebook.com\/psol50","https:\/\/x.com\/psol50","https:\/\/www.instagram.com\/psol50\/","https:\/\/www.youtube.com\/channel\/UC7SnJS5o1os7a6CaiNabzcg"]},{"@type":"Person","@id":"https:\/\/psol50.org.br\/#\/schema\/person\/475dfa57d0b815993c714c2e96491fcd","name":"Comunica\u00e7\u00e3o PSOL","image":{"@type":"ImageObject","inLanguage":"pt-BR","@id":"https:\/\/psol50.org.br\/#\/schema\/person\/image\/","url":"https:\/\/secure.gravatar.com\/avatar\/b34fc4f4e468a4e51785917065a3db57b841f5c95dba6ad8c73aaf8f66f8f9bf?s=96&d=mm&r=g","contentUrl":"https:\/\/secure.gravatar.com\/avatar\/b34fc4f4e468a4e51785917065a3db57b841f5c95dba6ad8c73aaf8f66f8f9bf?s=96&d=mm&r=g","caption":"Comunica\u00e7\u00e3o PSOL"}}]}},"_links":{"self":[{"href":"https:\/\/psol50.org.br\/rest\/wp\/v2\/posts\/11094","targetHints":{"allow":["GET"]}}],"collection":[{"href":"https:\/\/psol50.org.br\/rest\/wp\/v2\/posts"}],"about":[{"href":"https:\/\/psol50.org.br\/rest\/wp\/v2\/types\/post"}],"author":[{"embeddable":true,"href":"https:\/\/psol50.org.br\/rest\/wp\/v2\/users\/2"}],"replies":[{"embeddable":true,"href":"https:\/\/psol50.org.br\/rest\/wp\/v2\/comments?post=11094"}],"version-history":[{"count":0,"href":"https:\/\/psol50.org.br\/rest\/wp\/v2\/posts\/11094\/revisions"}],"wp:featuredmedia":[{"embeddable":true,"href":"https:\/\/psol50.org.br\/rest\/"}],"wp:attachment":[{"href":"https:\/\/psol50.org.br\/rest\/wp\/v2\/media?parent=11094"}],"wp:term":[{"taxonomy":"category","embeddable":true,"href":"https:\/\/psol50.org.br\/rest\/wp\/v2\/categories?post=11094"},{"taxonomy":"post_tag","embeddable":true,"href":"https:\/\/psol50.org.br\/rest\/wp\/v2\/tags?post=11094"}],"curies":[{"name":"wp","href":"https:\/\/api.w.org\/{rel}","templated":true}]}}