{"id":11105,"date":"2016-01-27T19:19:23","date_gmt":"2016-01-27T19:19:23","guid":{"rendered":"http:\/\/www.psol50.org.br\/?p=11105"},"modified":"2016-01-27T19:19:23","modified_gmt":"2016-01-27T19:19:23","slug":"governo-tucano-usa-forca-contra-estudantes-que-ocupam-escolas-em-goiania","status":"publish","type":"post","link":"https:\/\/psol50.org.br\/governo-tucano-usa-forca-contra-estudantes-que-ocupam-escolas-em-goiania\/","title":{"rendered":"Governo tucano usa for\u00e7a contra estudantes que ocupam escolas em Goi\u00e2nia"},"content":{"rendered":"<p><span style=\"font-size: 11px;\"><em>Na foto acima, estudantes no\u00a0Col\u00e9gio Estadual Ismael Silva de Jesus<\/em><\/span><\/p>\n<p><em>Em protesto contra a entrada de OSs (Organiza\u00e7\u00f5es Sociais) no ensino p\u00fablico e uso da viol\u00eancia, manifestantes ocupam Secretaria de Educa\u00e7\u00e3o. PSOL-GO se manifesta em apoio a secundaristas e exige sa\u00edda de governador tucano<\/em><\/p>\n<p>Os governadores do PSDB, ao que tudo indica, seguem a risca um mesmo modelo de tratar professores e estudantes de escolas p\u00fablicas. Cerca de dois meses ap\u00f3s a hist\u00f3rica e vitoriosa luta dos estudantes secundaristas de S\u00e3o Paulo, que ocuparam mais de 200 escolas em protesto contra o projeto do governo Geraldo Alckmin de fechar unidades de ensino, agora quem enfrenta o governo e sua pol\u00edcia s\u00e3o os estudantes de Goi\u00e1s, tamb\u00e9m governada pelo PSDB. Na \u00faltima segunda-feira (25), estudantes que ocupavam o Col\u00e9gio Estadual Ismael Silva de Jesus, em Goi\u00e2nia, denunciaram o cen\u00e1rio de guerra e viol\u00eancia promovido pela Pol\u00edcia Militar, que garantiu a sa\u00edda dos alunos na base da agress\u00e3o f\u00edsica. Segundo as den\u00fancias, no local foi verificada a presen\u00e7a de pelo menos cinco viaturas da PM.<\/p>\n<p>Com essa a\u00e7\u00e3o truculenta, o governador Marconi Perillo demonstrou que n\u00e3o respeita sequer as decis\u00f5es judiciais, uma vez que a Justi\u00e7a entendeu que os alunos t\u00eam o direito de manterem a ocupa\u00e7\u00e3o, n\u00e3o aceitando, portanto, o pedido de reintegra\u00e7\u00e3o de posse. Mesmo assim, Perillo se inspirou em Alckmin e em Beto Richa, do Paran\u00e1, e mandou a Pol\u00edcia Militar resolver o problema.<\/p>\n<p>Segundo relatos dos estudantes, socos, chutes, empurr\u00f5es e pontap\u00e9s foram desferidos contra eles durante a desocupa\u00e7\u00e3o \u00e0 for\u00e7a. O movimento, que re\u00fane alunos do ensino m\u00e9dio da rede estadual de Goi\u00e1s, pais e professores, \u00e9 para barrar o projeto do governo que transfere a administra\u00e7\u00e3o de escolas p\u00fablicas de Goi\u00e1s para as Organiza\u00e7\u00f5es Sociais (OSs). No total, j\u00e1 s\u00e3o 27 escolas ocupadas no estado, num movimento que teve in\u00edcio em dezembro do ano passado.<\/p>\n<p><a href=\"http:\/\/jornalggn.com.br\/noticia\/em-goiania-secundaristas-sao-retirados-a-forca-de-escola-ocupada\">Leia mais sobre a a\u00e7\u00e3o da PM na desocupa\u00e7\u00e3o das escolas<\/a>.<br \/>\n<a href=\"https:\/\/www.facebook.com\/1700458980240969\/videos\/vb.1700458980240969\/1718657815087752\/?type=2&amp;theater\">Assista \u00e0s\u00a0declara\u00e7\u00f5es de estudantes que ocupavam\u00a0o Col\u00e9gio Estadual Ismael Silva de Jesus<\/a>.<\/p>\n<p><strong>Em protesto, estudantes ocupam Secretaria de Educa\u00e7\u00e3o<br \/>\n<\/strong>Na noite desta ter\u00e7a-feira (26), um grupo de estudantes do ensino m\u00e9dio ocupou a sede da Secretaria de Educa\u00e7\u00e3o, Cultura e Esporte (Seduce) de Goi\u00e1s, em protesto contra a trucul\u00eancia praticada pela Pol\u00edtica Militar nas escolas ocupadas. O grupo de secundaristas tamb\u00e9m quer se reunir com a secret\u00e1ria de Educa\u00e7\u00e3o, Raquel Teixeira, para levar sua indigna\u00e7\u00e3o com o projeto de implanta\u00e7\u00e3o das OSs nas escolas p\u00fablicas do estado.<\/p>\n<p>Al\u00e9m de estudantes, apoiadores e representantes de v\u00e1rias organiza\u00e7\u00f5es sociais continuam no p\u00e1tio do pr\u00e9dio da Secretaria de Educa\u00e7\u00e3o, mantendo o protesto. Uma p\u00e1gina do movimento no Facebook, denominada de <u><a href=\"https:\/\/www.facebook.com\/Secundaristas-em-Luta-GO-1700458980240969\/?fref=nf\">Secundaristas em Luta-GO<\/a><\/u>, repassa informa\u00e7\u00f5es sobre as escolas ocupadas e o protesto na Seduce.<\/p>\n<p><strong>A posi\u00e7\u00e3o do PSOL<br \/>\n<\/strong>Em nota divulgada nesta ter\u00e7a-feira (26), a dire\u00e7\u00e3o do PSOL de Goi\u00e1s repudia o tratamento que vem sendo dado pelo governo de Marconi Perillo ao movimento dos estudantes secundaristas. Segundo o partido, essa postura intransigente do governo n\u00e3o \u00e9 recente. \u201cH\u00e1 mais de 40 dias o governo estadual se recusa a negociar e ouvir as reinvindica\u00e7\u00f5es em pauta e segue com a implanta\u00e7\u00e3o da OSs (nos mesmos moldes da sa\u00fade) e com a militariza\u00e7\u00e3o do Ensino Estadual \u00e0 revelia\u201d.<\/p>\n<p>Na nota, o partido exige que o governo retire das escolas ocupadas o aparato policial, retome o fornecimento de energia e \u00e1gua e que tamb\u00e9m atenda a pauta de reivindica\u00e7\u00f5es do movimento, cessando, imediatamente, o projeto das Organiza\u00e7\u00f5es Sociais. Al\u00e9m disso, pede a sa\u00edda do governador e da secret\u00e1ria de Educa\u00e7\u00e3o, Raquel Teixeira.<\/p>\n<p>Em apoio \u00e0 luta dos estudantes secundaristas, na sexta-feira (29\/01), o PSOL-GO, ao lado de outras organiza\u00e7\u00f5es, como MTST, MST, Stiueg-GO (Sindicato dos Trabalhadores Urbanit\u00e1rios de GO) e PCB, promover\u00e1 um ato pol\u00edtico. O car\u00e1ter da manifesta\u00e7\u00e3o, que deve reunir militantes dos movimentos estudantil, sindical e social, ser\u00e1 em defesa da escola p\u00fablica e contra a privatiza\u00e7\u00e3o dos servi\u00e7os p\u00fablicos em Goi\u00e1s.<\/p>\n<p><a href=\"https:\/\/www.facebook.com\/events\/1553958104895140\/\">Saiba mais sobre o ato\u00a0pol\u00edtico<\/a>.<\/p>\n<p>Confira abaixo a nota completa do PSOL-GO.<\/p>\n<p><strong>Governo Marconi espalha p\u00e2nico e viol\u00eancia contra estudantes em Goi\u00e1s<br \/>\n<\/strong>Est\u00e1 tenso o tratamento dado pelo Governo Marconi Perillo ao movimento de ocupa\u00e7\u00e3o de estudantes secundaristas de Goi\u00e2nia, contr\u00e1rios \u00e0 implanta\u00e7\u00e3o das Organiza\u00e7\u00f5es Sociais (OSs) e a militariza\u00e7\u00e3o do Ensino P\u00fablico. O movimento, que vem sendo mantido por estudantes a partir do Ensino Fundamental II, professores e pais, vem sofrendo processo de criminaliza\u00e7\u00e3o por parte da pol\u00edcia do Estado a mando do governador Marconi Perillo e da secret\u00e1ria de Educa\u00e7\u00e3o Raquel Teixeira.<\/p>\n<p>Na \u00faltima madrugada cenas de p\u00e2nico marcaram a tentativa de desocupa\u00e7\u00e3o de algumas das escolas. No Col\u00e9gio Estadual Cec\u00edlia Meirelles, viaturas da Rotam e carros pretos sem identifica\u00e7\u00e3o tentaram amedrontar os manifestantes e apoiadores. Professores e pais que andavam \u00e0 paisana foram detidos e levados \u00e0 Delegacia. No Col\u00e9gio Estadual Robinho, na periferia de Aparecida de Goi\u00e2nia, sete homens encapuzados entraram nas instala\u00e7\u00f5es da escola espalhando medo e viol\u00eancia.<\/p>\n<p>Houve tamb\u00e9m invas\u00e3o no Col\u00e9gio Estadual Ismael Silva de Jesus por parte de 24 policiais \u00e0 paisana e Conselho Tutelar onde distribu\u00edram pontap\u00e9s e cadeiradas em estudantes e apoiadores, al\u00e9m de plantar prova para criminalizar o movimento. A professora Kim, que \u00e9 presidenta do PSOL de Goi\u00e2nia e est\u00e1 acompanhando todo o movimento h\u00e1 mais de 40 dias, vem sofrendo persegui\u00e7\u00e3o e muita viol\u00eancia f\u00edsica e psicol\u00f3gica com os demais manifestantes.<\/p>\n<p>N\u00e3o \u00e9 de hoje que Marconi e Raquel perseguem de maneira truculenta os estudantes e apoiadores do movimento contra as OSs e a militariza\u00e7\u00e3o. Ambos j\u00e1 autorizaram, inclusive, corte de abastecimento de \u00e1gua e luz das unidades de ensino. H\u00e1 mais de 40 dias o governo estadual se recusa a negociar e ouvir as reinvindica\u00e7\u00f5es em pauta e seguem com a implanta\u00e7\u00e3o da OSs (nos mesmos moldes da sa\u00fade) e com a militariza\u00e7\u00e3o do Ensino Estadual \u00e0 revelia.<\/p>\n<p>Os lament\u00e1veis acontecimentos em Goi\u00e2nia e em outras localidades do Estado de Goi\u00e1s tomaram repercuss\u00e3o nacional e at\u00e9 internacional. At\u00e9 agora nenhuma atitude foi tomada para sanar a situa\u00e7\u00e3o.<\/p>\n<p>Apoiamos integralmente o movimento secundarista contr\u00e1rio ao famigerado processo de Organiza\u00e7\u00f5es Sociais na educa\u00e7\u00e3o bem como a militariza\u00e7\u00e3o do ensino. E, para tanto, exigimos:<\/p>\n<ul>\n<li>a retirada imediata de todo aparato policial nas escolas estaduais e a religa\u00e7\u00e3o de luz e \u00e1gua;<\/li>\n<\/ul>\n<ul>\n<li>que o Governo atenda as reinvindica\u00e7\u00f5es pautadas no movimento parando imediatamente com os processos das OSs e a militariza\u00e7\u00e3o;<\/li>\n<\/ul>\n<ul>\n<li>que soltem os detidos do movimento que foram abruptamente vitimados pela extrema viol\u00eancia policial nos \u00faltimos dias.<\/li>\n<\/ul>\n<p>A\u00e7\u00f5es violentas e arbitr\u00e1rias como essa de Marconi e Raquel ferem princ\u00edpios constitucionais e fazem prevalecer em Goi\u00e1s uma pol\u00edtica do medo e do caos social. Especialmente por se tratar de crian\u00e7as e jovens que lutam pacificamente por uma educa\u00e7\u00e3o p\u00fablica de qualidade! Faz-se necess\u00e1rio que os movimentos sociais, sindicatos e membros da sociedade civil organizada passem a apoiar o movimento dos estudantes em Goi\u00e1s e que possamos denunciar toda a viol\u00eancia aos direitos humanos e, desde j\u00e1, abertura de CPI para apurar os fatos e punir os respons\u00e1veis.<\/p>\n<p>Marconi e Raquel ultrapassaram todos os limites. O que mais \u00e9 necess\u00e1rio ocorrer para que se proponha o impeachment do governador e a sa\u00edda imediata de sua secret\u00e1ria Raquel Teixeira.<\/p>\n<p><strong>PSOL-GO<\/strong><br \/>\n<strong>Goi\u00e2nia-GO, 26 de janeiro de 2016<\/strong><\/p>\n<p>&nbsp;<\/p>\n","protected":false},"excerpt":{"rendered":"<p>Na foto acima, estudantes no\u00a0Col\u00e9gio Estadual Ismael Silva de Jesus Em protesto contra a entrada de OSs (Organiza\u00e7\u00f5es Sociais) no ensino p\u00fablico e uso da viol\u00eancia, manifestantes ocupam Secretaria de Educa\u00e7\u00e3o. PSOL-GO se manifesta em apoio a secundaristas e exige sa\u00edda de governador tucano Os governadores do PSDB, ao que tudo indica, seguem a risca [&hellip;]<\/p>\n","protected":false},"author":2,"featured_media":11107,"comment_status":"open","ping_status":"open","sticky":false,"template":"","format":"standard","meta":{"_acf_changed":false,"footnotes":""},"categories":[2208,1104,6,14],"tags":[3930,2194,623,3931,3932,3933,1590,3934,3935],"class_list":{"0":"post-11105","1":"post","2":"type-post","3":"status-publish","4":"format-standard","5":"has-post-thumbnail","7":"category-educacao","8":"category-movimento","9":"category-noticias","10":"category-partido","11":"tag-colegio-estadual-ismael-silva-de-jesus","12":"tag-ensino-publico","13":"tag-goias","14":"tag-marconi-perillo","15":"tag-organizacoes-sociais","16":"tag-os","17":"tag-psdb","18":"tag-psol-go","19":"tag-raquel-teixeira"},"acf":[],"yoast_head":"<!-- This site is optimized with the Yoast SEO plugin v26.5 - https:\/\/yoast.com\/wordpress\/plugins\/seo\/ -->\n<title>Governo tucano usa for\u00e7a contra estudantes que ocupam escolas em Goi\u00e2nia - PSOL 50<\/title>\n<meta name=\"robots\" content=\"index, follow, max-snippet:-1, max-image-preview:large, max-video-preview:-1\" \/>\n<link rel=\"canonical\" href=\"https:\/\/psol50.org.br\/governo-tucano-usa-forca-contra-estudantes-que-ocupam-escolas-em-goiania\/\" \/>\n<meta property=\"og:locale\" content=\"pt_BR\" \/>\n<meta property=\"og:type\" content=\"article\" \/>\n<meta property=\"og:title\" content=\"Governo tucano usa for\u00e7a contra estudantes que ocupam escolas em Goi\u00e2nia - PSOL 50\" \/>\n<meta property=\"og:description\" content=\"Na foto acima, estudantes no\u00a0Col\u00e9gio Estadual Ismael Silva de Jesus Em protesto contra a entrada de OSs (Organiza\u00e7\u00f5es Sociais) no ensino p\u00fablico e uso da viol\u00eancia, manifestantes ocupam Secretaria de Educa\u00e7\u00e3o. PSOL-GO se manifesta em apoio a secundaristas e exige sa\u00edda de governador tucano Os governadores do PSDB, ao que tudo indica, seguem a risca [&hellip;]\" \/>\n<meta property=\"og:url\" content=\"https:\/\/psol50.org.br\/governo-tucano-usa-forca-contra-estudantes-que-ocupam-escolas-em-goiania\/\" \/>\n<meta property=\"og:site_name\" content=\"PSOL 50\" \/>\n<meta property=\"article:publisher\" content=\"https:\/\/www.facebook.com\/psol50\" \/>\n<meta property=\"article:published_time\" content=\"2016-01-27T19:19:23+00:00\" \/>\n<meta property=\"og:image\" content=\"https:\/\/psol50.org.br\/inc\/uploads\/2018\/07\/capa.png\" \/>\n\t<meta property=\"og:image:width\" content=\"1350\" \/>\n\t<meta property=\"og:image:height\" content=\"900\" \/>\n\t<meta property=\"og:image:type\" content=\"image\/png\" \/>\n<meta name=\"author\" content=\"Comunica\u00e7\u00e3o PSOL\" \/>\n<meta name=\"twitter:card\" content=\"summary_large_image\" \/>\n<meta name=\"twitter:creator\" content=\"@psol50\" \/>\n<meta name=\"twitter:site\" content=\"@psol50\" \/>\n<meta name=\"twitter:label1\" content=\"Escrito por\" \/>\n\t<meta name=\"twitter:data1\" content=\"Comunica\u00e7\u00e3o PSOL\" \/>\n\t<meta name=\"twitter:label2\" content=\"Est. tempo de leitura\" \/>\n\t<meta name=\"twitter:data2\" content=\"7 minutos\" \/>\n<script type=\"application\/ld+json\" class=\"yoast-schema-graph\">{\"@context\":\"https:\/\/schema.org\",\"@graph\":[{\"@type\":\"Article\",\"@id\":\"https:\/\/psol50.org.br\/governo-tucano-usa-forca-contra-estudantes-que-ocupam-escolas-em-goiania\/#article\",\"isPartOf\":{\"@id\":\"https:\/\/psol50.org.br\/governo-tucano-usa-forca-contra-estudantes-que-ocupam-escolas-em-goiania\/\"},\"author\":{\"name\":\"Comunica\u00e7\u00e3o PSOL\",\"@id\":\"https:\/\/psol50.org.br\/#\/schema\/person\/475dfa57d0b815993c714c2e96491fcd\"},\"headline\":\"Governo tucano usa for\u00e7a contra estudantes que ocupam escolas em Goi\u00e2nia\",\"datePublished\":\"2016-01-27T19:19:23+00:00\",\"mainEntityOfPage\":{\"@id\":\"https:\/\/psol50.org.br\/governo-tucano-usa-forca-contra-estudantes-que-ocupam-escolas-em-goiania\/\"},\"wordCount\":1353,\"commentCount\":0,\"publisher\":{\"@id\":\"https:\/\/psol50.org.br\/#organization\"},\"image\":{\"@id\":\"https:\/\/psol50.org.br\/governo-tucano-usa-forca-contra-estudantes-que-ocupam-escolas-em-goiania\/#primaryimage\"},\"thumbnailUrl\":\"\",\"keywords\":[\"Col\u00e9gio Estadual Ismael Silva de Jesus\",\"ensino p\u00fablico\",\"Goi\u00e1s\",\"Marconi Perillo\",\"organiza\u00e7\u00f5es sociais\",\"OS\",\"PSDB\",\"PSOL-GO\",\"Raquel Teixeira\"],\"articleSection\":[\"Educa\u00e7\u00e3o\",\"Movimento\",\"Not\u00edcias\",\"Partido\"],\"inLanguage\":\"pt-BR\",\"potentialAction\":[{\"@type\":\"CommentAction\",\"name\":\"Comment\",\"target\":[\"https:\/\/psol50.org.br\/governo-tucano-usa-forca-contra-estudantes-que-ocupam-escolas-em-goiania\/#respond\"]}]},{\"@type\":\"WebPage\",\"@id\":\"https:\/\/psol50.org.br\/governo-tucano-usa-forca-contra-estudantes-que-ocupam-escolas-em-goiania\/\",\"url\":\"https:\/\/psol50.org.br\/governo-tucano-usa-forca-contra-estudantes-que-ocupam-escolas-em-goiania\/\",\"name\":\"Governo tucano usa for\u00e7a contra estudantes que ocupam escolas em Goi\u00e2nia - PSOL 50\",\"isPartOf\":{\"@id\":\"https:\/\/psol50.org.br\/#website\"},\"primaryImageOfPage\":{\"@id\":\"https:\/\/psol50.org.br\/governo-tucano-usa-forca-contra-estudantes-que-ocupam-escolas-em-goiania\/#primaryimage\"},\"image\":{\"@id\":\"https:\/\/psol50.org.br\/governo-tucano-usa-forca-contra-estudantes-que-ocupam-escolas-em-goiania\/#primaryimage\"},\"thumbnailUrl\":\"\",\"datePublished\":\"2016-01-27T19:19:23+00:00\",\"breadcrumb\":{\"@id\":\"https:\/\/psol50.org.br\/governo-tucano-usa-forca-contra-estudantes-que-ocupam-escolas-em-goiania\/#breadcrumb\"},\"inLanguage\":\"pt-BR\",\"potentialAction\":[{\"@type\":\"ReadAction\",\"target\":[\"https:\/\/psol50.org.br\/governo-tucano-usa-forca-contra-estudantes-que-ocupam-escolas-em-goiania\/\"]}]},{\"@type\":\"ImageObject\",\"inLanguage\":\"pt-BR\",\"@id\":\"https:\/\/psol50.org.br\/governo-tucano-usa-forca-contra-estudantes-que-ocupam-escolas-em-goiania\/#primaryimage\",\"url\":\"\",\"contentUrl\":\"\"},{\"@type\":\"BreadcrumbList\",\"@id\":\"https:\/\/psol50.org.br\/governo-tucano-usa-forca-contra-estudantes-que-ocupam-escolas-em-goiania\/#breadcrumb\",\"itemListElement\":[{\"@type\":\"ListItem\",\"position\":1,\"name\":\"In\u00edcio\",\"item\":\"https:\/\/psol50.org.br\/\"},{\"@type\":\"ListItem\",\"position\":2,\"name\":\"Governo tucano usa for\u00e7a contra estudantes que ocupam escolas em Goi\u00e2nia\"}]},{\"@type\":\"WebSite\",\"@id\":\"https:\/\/psol50.org.br\/#website\",\"url\":\"https:\/\/psol50.org.br\/\",\"name\":\"PSOL 50\",\"description\":\"Site oficial do Partido Socialismo e Liberdade\",\"publisher\":{\"@id\":\"https:\/\/psol50.org.br\/#organization\"},\"alternateName\":\"PSOL50\",\"potentialAction\":[{\"@type\":\"SearchAction\",\"target\":{\"@type\":\"EntryPoint\",\"urlTemplate\":\"https:\/\/psol50.org.br\/?s={search_term_string}\"},\"query-input\":{\"@type\":\"PropertyValueSpecification\",\"valueRequired\":true,\"valueName\":\"search_term_string\"}}],\"inLanguage\":\"pt-BR\"},{\"@type\":\"Organization\",\"@id\":\"https:\/\/psol50.org.br\/#organization\",\"name\":\"PSOL 50\",\"alternateName\":\"PSOL 50\",\"url\":\"https:\/\/psol50.org.br\/\",\"logo\":{\"@type\":\"ImageObject\",\"inLanguage\":\"pt-BR\",\"@id\":\"https:\/\/psol50.org.br\/#\/schema\/logo\/image\/\",\"url\":\"https:\/\/psol50.org.br\/inc\/uploads\/2018\/07\/capa.png\",\"contentUrl\":\"https:\/\/psol50.org.br\/inc\/uploads\/2018\/07\/capa.png\",\"width\":1350,\"height\":900,\"caption\":\"PSOL 50\"},\"image\":{\"@id\":\"https:\/\/psol50.org.br\/#\/schema\/logo\/image\/\"},\"sameAs\":[\"https:\/\/www.facebook.com\/psol50\",\"https:\/\/x.com\/psol50\",\"https:\/\/www.instagram.com\/psol50\/\",\"https:\/\/www.youtube.com\/channel\/UC7SnJS5o1os7a6CaiNabzcg\"]},{\"@type\":\"Person\",\"@id\":\"https:\/\/psol50.org.br\/#\/schema\/person\/475dfa57d0b815993c714c2e96491fcd\",\"name\":\"Comunica\u00e7\u00e3o PSOL\",\"image\":{\"@type\":\"ImageObject\",\"inLanguage\":\"pt-BR\",\"@id\":\"https:\/\/psol50.org.br\/#\/schema\/person\/image\/\",\"url\":\"https:\/\/secure.gravatar.com\/avatar\/b34fc4f4e468a4e51785917065a3db57b841f5c95dba6ad8c73aaf8f66f8f9bf?s=96&d=mm&r=g\",\"contentUrl\":\"https:\/\/secure.gravatar.com\/avatar\/b34fc4f4e468a4e51785917065a3db57b841f5c95dba6ad8c73aaf8f66f8f9bf?s=96&d=mm&r=g\",\"caption\":\"Comunica\u00e7\u00e3o PSOL\"}}]}<\/script>\n<!-- \/ Yoast SEO plugin. -->","yoast_head_json":{"title":"Governo tucano usa for\u00e7a contra estudantes que ocupam escolas em Goi\u00e2nia - PSOL 50","robots":{"index":"index","follow":"follow","max-snippet":"max-snippet:-1","max-image-preview":"max-image-preview:large","max-video-preview":"max-video-preview:-1"},"canonical":"https:\/\/psol50.org.br\/governo-tucano-usa-forca-contra-estudantes-que-ocupam-escolas-em-goiania\/","og_locale":"pt_BR","og_type":"article","og_title":"Governo tucano usa for\u00e7a contra estudantes que ocupam escolas em Goi\u00e2nia - PSOL 50","og_description":"Na foto acima, estudantes no\u00a0Col\u00e9gio Estadual Ismael Silva de Jesus Em protesto contra a entrada de OSs (Organiza\u00e7\u00f5es Sociais) no ensino p\u00fablico e uso da viol\u00eancia, manifestantes ocupam Secretaria de Educa\u00e7\u00e3o. PSOL-GO se manifesta em apoio a secundaristas e exige sa\u00edda de governador tucano Os governadores do PSDB, ao que tudo indica, seguem a risca [&hellip;]","og_url":"https:\/\/psol50.org.br\/governo-tucano-usa-forca-contra-estudantes-que-ocupam-escolas-em-goiania\/","og_site_name":"PSOL 50","article_publisher":"https:\/\/www.facebook.com\/psol50","article_published_time":"2016-01-27T19:19:23+00:00","og_image":[{"width":1350,"height":900,"url":"https:\/\/psol50.org.br\/inc\/uploads\/2018\/07\/capa.png","type":"image\/png"}],"author":"Comunica\u00e7\u00e3o PSOL","twitter_card":"summary_large_image","twitter_creator":"@psol50","twitter_site":"@psol50","twitter_misc":{"Escrito por":"Comunica\u00e7\u00e3o PSOL","Est. tempo de leitura":"7 minutos"},"schema":{"@context":"https:\/\/schema.org","@graph":[{"@type":"Article","@id":"https:\/\/psol50.org.br\/governo-tucano-usa-forca-contra-estudantes-que-ocupam-escolas-em-goiania\/#article","isPartOf":{"@id":"https:\/\/psol50.org.br\/governo-tucano-usa-forca-contra-estudantes-que-ocupam-escolas-em-goiania\/"},"author":{"name":"Comunica\u00e7\u00e3o PSOL","@id":"https:\/\/psol50.org.br\/#\/schema\/person\/475dfa57d0b815993c714c2e96491fcd"},"headline":"Governo tucano usa for\u00e7a contra estudantes que ocupam escolas em Goi\u00e2nia","datePublished":"2016-01-27T19:19:23+00:00","mainEntityOfPage":{"@id":"https:\/\/psol50.org.br\/governo-tucano-usa-forca-contra-estudantes-que-ocupam-escolas-em-goiania\/"},"wordCount":1353,"commentCount":0,"publisher":{"@id":"https:\/\/psol50.org.br\/#organization"},"image":{"@id":"https:\/\/psol50.org.br\/governo-tucano-usa-forca-contra-estudantes-que-ocupam-escolas-em-goiania\/#primaryimage"},"thumbnailUrl":"","keywords":["Col\u00e9gio Estadual Ismael Silva de Jesus","ensino p\u00fablico","Goi\u00e1s","Marconi Perillo","organiza\u00e7\u00f5es sociais","OS","PSDB","PSOL-GO","Raquel Teixeira"],"articleSection":["Educa\u00e7\u00e3o","Movimento","Not\u00edcias","Partido"],"inLanguage":"pt-BR","potentialAction":[{"@type":"CommentAction","name":"Comment","target":["https:\/\/psol50.org.br\/governo-tucano-usa-forca-contra-estudantes-que-ocupam-escolas-em-goiania\/#respond"]}]},{"@type":"WebPage","@id":"https:\/\/psol50.org.br\/governo-tucano-usa-forca-contra-estudantes-que-ocupam-escolas-em-goiania\/","url":"https:\/\/psol50.org.br\/governo-tucano-usa-forca-contra-estudantes-que-ocupam-escolas-em-goiania\/","name":"Governo tucano usa for\u00e7a contra estudantes que ocupam escolas em Goi\u00e2nia - PSOL 50","isPartOf":{"@id":"https:\/\/psol50.org.br\/#website"},"primaryImageOfPage":{"@id":"https:\/\/psol50.org.br\/governo-tucano-usa-forca-contra-estudantes-que-ocupam-escolas-em-goiania\/#primaryimage"},"image":{"@id":"https:\/\/psol50.org.br\/governo-tucano-usa-forca-contra-estudantes-que-ocupam-escolas-em-goiania\/#primaryimage"},"thumbnailUrl":"","datePublished":"2016-01-27T19:19:23+00:00","breadcrumb":{"@id":"https:\/\/psol50.org.br\/governo-tucano-usa-forca-contra-estudantes-que-ocupam-escolas-em-goiania\/#breadcrumb"},"inLanguage":"pt-BR","potentialAction":[{"@type":"ReadAction","target":["https:\/\/psol50.org.br\/governo-tucano-usa-forca-contra-estudantes-que-ocupam-escolas-em-goiania\/"]}]},{"@type":"ImageObject","inLanguage":"pt-BR","@id":"https:\/\/psol50.org.br\/governo-tucano-usa-forca-contra-estudantes-que-ocupam-escolas-em-goiania\/#primaryimage","url":"","contentUrl":""},{"@type":"BreadcrumbList","@id":"https:\/\/psol50.org.br\/governo-tucano-usa-forca-contra-estudantes-que-ocupam-escolas-em-goiania\/#breadcrumb","itemListElement":[{"@type":"ListItem","position":1,"name":"In\u00edcio","item":"https:\/\/psol50.org.br\/"},{"@type":"ListItem","position":2,"name":"Governo tucano usa for\u00e7a contra estudantes que ocupam escolas em Goi\u00e2nia"}]},{"@type":"WebSite","@id":"https:\/\/psol50.org.br\/#website","url":"https:\/\/psol50.org.br\/","name":"PSOL 50","description":"Site oficial do Partido Socialismo e Liberdade","publisher":{"@id":"https:\/\/psol50.org.br\/#organization"},"alternateName":"PSOL50","potentialAction":[{"@type":"SearchAction","target":{"@type":"EntryPoint","urlTemplate":"https:\/\/psol50.org.br\/?s={search_term_string}"},"query-input":{"@type":"PropertyValueSpecification","valueRequired":true,"valueName":"search_term_string"}}],"inLanguage":"pt-BR"},{"@type":"Organization","@id":"https:\/\/psol50.org.br\/#organization","name":"PSOL 50","alternateName":"PSOL 50","url":"https:\/\/psol50.org.br\/","logo":{"@type":"ImageObject","inLanguage":"pt-BR","@id":"https:\/\/psol50.org.br\/#\/schema\/logo\/image\/","url":"https:\/\/psol50.org.br\/inc\/uploads\/2018\/07\/capa.png","contentUrl":"https:\/\/psol50.org.br\/inc\/uploads\/2018\/07\/capa.png","width":1350,"height":900,"caption":"PSOL 50"},"image":{"@id":"https:\/\/psol50.org.br\/#\/schema\/logo\/image\/"},"sameAs":["https:\/\/www.facebook.com\/psol50","https:\/\/x.com\/psol50","https:\/\/www.instagram.com\/psol50\/","https:\/\/www.youtube.com\/channel\/UC7SnJS5o1os7a6CaiNabzcg"]},{"@type":"Person","@id":"https:\/\/psol50.org.br\/#\/schema\/person\/475dfa57d0b815993c714c2e96491fcd","name":"Comunica\u00e7\u00e3o PSOL","image":{"@type":"ImageObject","inLanguage":"pt-BR","@id":"https:\/\/psol50.org.br\/#\/schema\/person\/image\/","url":"https:\/\/secure.gravatar.com\/avatar\/b34fc4f4e468a4e51785917065a3db57b841f5c95dba6ad8c73aaf8f66f8f9bf?s=96&d=mm&r=g","contentUrl":"https:\/\/secure.gravatar.com\/avatar\/b34fc4f4e468a4e51785917065a3db57b841f5c95dba6ad8c73aaf8f66f8f9bf?s=96&d=mm&r=g","caption":"Comunica\u00e7\u00e3o PSOL"}}]}},"_links":{"self":[{"href":"https:\/\/psol50.org.br\/rest\/wp\/v2\/posts\/11105","targetHints":{"allow":["GET"]}}],"collection":[{"href":"https:\/\/psol50.org.br\/rest\/wp\/v2\/posts"}],"about":[{"href":"https:\/\/psol50.org.br\/rest\/wp\/v2\/types\/post"}],"author":[{"embeddable":true,"href":"https:\/\/psol50.org.br\/rest\/wp\/v2\/users\/2"}],"replies":[{"embeddable":true,"href":"https:\/\/psol50.org.br\/rest\/wp\/v2\/comments?post=11105"}],"version-history":[{"count":0,"href":"https:\/\/psol50.org.br\/rest\/wp\/v2\/posts\/11105\/revisions"}],"wp:featuredmedia":[{"embeddable":true,"href":"https:\/\/psol50.org.br\/rest\/"}],"wp:attachment":[{"href":"https:\/\/psol50.org.br\/rest\/wp\/v2\/media?parent=11105"}],"wp:term":[{"taxonomy":"category","embeddable":true,"href":"https:\/\/psol50.org.br\/rest\/wp\/v2\/categories?post=11105"},{"taxonomy":"post_tag","embeddable":true,"href":"https:\/\/psol50.org.br\/rest\/wp\/v2\/tags?post=11105"}],"curies":[{"name":"wp","href":"https:\/\/api.w.org\/{rel}","templated":true}]}}