{"id":11115,"date":"2016-01-28T09:00:44","date_gmt":"2016-01-28T09:00:44","guid":{"rendered":"http:\/\/www.psol50.org.br\/?p=11115"},"modified":"2016-01-28T09:00:44","modified_gmt":"2016-01-28T09:00:44","slug":"brasil-tem-que-combater-violencia-policial-e-abusos-na-prisao","status":"publish","type":"post","link":"https:\/\/psol50.org.br\/brasil-tem-que-combater-violencia-policial-e-abusos-na-prisao\/","title":{"rendered":"Brasil tem que combater viol\u00eancia policial e abusos na pris\u00e3o"},"content":{"rendered":"<p>As pris\u00f5es brasileiras abrigam mais de 600 mil pessoas, 61% acima de sua capacidade. A superlota\u00e7\u00e3o coloca os presos em situa\u00e7\u00e3o de viol\u00eancia e vulnerabilidade, al\u00e9m de permitir o fortalecimento das fac\u00e7\u00f5es criminosas.<\/p>\n<p>Com base nessa realidade, a organiza\u00e7\u00e3o internacional Human Rights Watch (HRW) aponta, no Relat\u00f3rio Mundial 2016 divulgado nesta quarta-feira (27), que o Brasil tem que combater os abusos cometidos nas pris\u00f5es e pela pol\u00edcia. Na avalia\u00e7\u00e3o da entidade de direitos humanos, o pa\u00eds precisa garantir que os respons\u00e1veis por torturas e execu\u00e7\u00f5es sejam responsabilizados, al\u00e9m de tomar medidas efetivas para aliviar as condi\u00e7\u00f5es desumanas que atualmente existem nas pris\u00f5es superlotadas.<\/p>\n<p>Em rela\u00e7\u00e3o \u00e0 viol\u00eancia praticada pela pol\u00edcia, o relat\u00f3rio aponta que, em 2015, as mortes causadas por policiais \u2013 em servi\u00e7o e fora de servi\u00e7o \u2013 ultrapassaram 3 mil, com aumento de quase 40% em rela\u00e7\u00e3o ao ano anterior. Somente no Rio de Janeiro foram 644 mortos no ano passado, um aumento de 10% em rela\u00e7\u00e3o a 2014. Em S\u00e3o Paulo, os policiais em servi\u00e7o mataram 494 pessoas em 2015, registrando aumento de 1%.<\/p>\n<p>A Human Rights Watch tamb\u00e9m contesta a redu\u00e7\u00e3o da maioridade penal (PEC 171\/93) e o projeto de lei de combate ao terrorismo (PL2016\/2015) que, com uma linguagem vaga, poderia permitir que manifestantes e cr\u00edticos fossem presos como terroristas.<\/p>\n<p>O relat\u00f3rio, que \u00e9 anual, avalia o respeito aos direitos humanos em mais de 90 pa\u00edses. Em uma an\u00e1lise global, a organiza\u00e7\u00e3o afirma que a \u201cpol\u00edtica do medo\u201d levou governos de todo o mundo a reduzir direitos em esfor\u00e7os equivocados de proteger a seguran\u00e7a nacional. Esse contexto permitiu tamb\u00e9m que governos autorit\u00e1rios intensificassem a repress\u00e3o a opositores independentes.<\/p>\n<p><a href=\"http:\/\/agenciabrasil.ebc.com.br\/direitos-humanos\/noticia\/2016-01\/organizacao-internacional-recomenda-que-brasil-combata-abusos-nas\">Leia mais, na Ag\u00eancia Brasil, sobre o relat\u00f3rio da Human Rights Watch<\/a>.<\/p>\n<p>&nbsp;<\/p>\n","protected":false},"excerpt":{"rendered":"<p>As pris\u00f5es brasileiras abrigam mais de 600 mil pessoas, 61% acima de sua capacidade. A superlota\u00e7\u00e3o coloca os presos em situa\u00e7\u00e3o de viol\u00eancia e vulnerabilidade, al\u00e9m de permitir o fortalecimento das fac\u00e7\u00f5es criminosas. Com base nessa realidade, a organiza\u00e7\u00e3o internacional Human Rights Watch (HRW) aponta, no Relat\u00f3rio Mundial 2016 divulgado nesta quarta-feira (27), que o [&hellip;]<\/p>\n","protected":false},"author":2,"featured_media":11116,"comment_status":"open","ping_status":"open","sticky":false,"template":"","format":"standard","meta":{"_acf_changed":false,"footnotes":""},"categories":[1882,6],"tags":[534,3936,2784,426,3937,3572,3938,3939,859],"class_list":{"0":"post-11115","1":"post","2":"type-post","3":"status-publish","4":"format-standard","5":"has-post-thumbnail","7":"category-brasil","8":"category-noticias","9":"tag-direitos-humanos","10":"tag-hrw","11":"tag-human-rights-watch","12":"tag-prisoes","13":"tag-projeto-contra-o-terrorismo","14":"tag-reducao-da-maioridade-penal","15":"tag-relatorio-mundial-2016","16":"tag-torturas","17":"tag-violencia-policial"},"acf":[],"yoast_head":"<!-- This site is optimized with the Yoast SEO plugin v26.5 - https:\/\/yoast.com\/wordpress\/plugins\/seo\/ -->\n<title>Brasil tem que combater viol\u00eancia policial e abusos na pris\u00e3o - PSOL 50<\/title>\n<meta name=\"robots\" content=\"index, follow, max-snippet:-1, max-image-preview:large, max-video-preview:-1\" \/>\n<link rel=\"canonical\" href=\"https:\/\/psol50.org.br\/brasil-tem-que-combater-violencia-policial-e-abusos-na-prisao\/\" \/>\n<meta property=\"og:locale\" content=\"pt_BR\" \/>\n<meta property=\"og:type\" content=\"article\" \/>\n<meta property=\"og:title\" content=\"Brasil tem que combater viol\u00eancia policial e abusos na pris\u00e3o - PSOL 50\" \/>\n<meta property=\"og:description\" content=\"As pris\u00f5es brasileiras abrigam mais de 600 mil pessoas, 61% acima de sua capacidade. A superlota\u00e7\u00e3o coloca os presos em situa\u00e7\u00e3o de viol\u00eancia e vulnerabilidade, al\u00e9m de permitir o fortalecimento das fac\u00e7\u00f5es criminosas. Com base nessa realidade, a organiza\u00e7\u00e3o internacional Human Rights Watch (HRW) aponta, no Relat\u00f3rio Mundial 2016 divulgado nesta quarta-feira (27), que o [&hellip;]\" \/>\n<meta property=\"og:url\" content=\"https:\/\/psol50.org.br\/brasil-tem-que-combater-violencia-policial-e-abusos-na-prisao\/\" \/>\n<meta property=\"og:site_name\" content=\"PSOL 50\" \/>\n<meta property=\"article:publisher\" content=\"https:\/\/www.facebook.com\/psol50\" \/>\n<meta property=\"article:published_time\" content=\"2016-01-28T09:00:44+00:00\" \/>\n<meta property=\"og:image\" content=\"https:\/\/psol50.org.br\/inc\/uploads\/2018\/07\/capa.png\" \/>\n\t<meta property=\"og:image:width\" content=\"1350\" \/>\n\t<meta property=\"og:image:height\" content=\"900\" \/>\n\t<meta property=\"og:image:type\" content=\"image\/png\" \/>\n<meta name=\"author\" content=\"Comunica\u00e7\u00e3o PSOL\" \/>\n<meta name=\"twitter:card\" content=\"summary_large_image\" \/>\n<meta name=\"twitter:creator\" content=\"@psol50\" \/>\n<meta name=\"twitter:site\" content=\"@psol50\" \/>\n<meta name=\"twitter:label1\" content=\"Escrito por\" \/>\n\t<meta name=\"twitter:data1\" content=\"Comunica\u00e7\u00e3o PSOL\" \/>\n\t<meta name=\"twitter:label2\" content=\"Est. tempo de leitura\" \/>\n\t<meta name=\"twitter:data2\" content=\"2 minutos\" \/>\n<script type=\"application\/ld+json\" class=\"yoast-schema-graph\">{\"@context\":\"https:\/\/schema.org\",\"@graph\":[{\"@type\":\"Article\",\"@id\":\"https:\/\/psol50.org.br\/brasil-tem-que-combater-violencia-policial-e-abusos-na-prisao\/#article\",\"isPartOf\":{\"@id\":\"https:\/\/psol50.org.br\/brasil-tem-que-combater-violencia-policial-e-abusos-na-prisao\/\"},\"author\":{\"name\":\"Comunica\u00e7\u00e3o PSOL\",\"@id\":\"https:\/\/psol50.org.br\/#\/schema\/person\/475dfa57d0b815993c714c2e96491fcd\"},\"headline\":\"Brasil tem que combater viol\u00eancia policial e abusos na pris\u00e3o\",\"datePublished\":\"2016-01-28T09:00:44+00:00\",\"mainEntityOfPage\":{\"@id\":\"https:\/\/psol50.org.br\/brasil-tem-que-combater-violencia-policial-e-abusos-na-prisao\/\"},\"wordCount\":321,\"commentCount\":0,\"publisher\":{\"@id\":\"https:\/\/psol50.org.br\/#organization\"},\"image\":{\"@id\":\"https:\/\/psol50.org.br\/brasil-tem-que-combater-violencia-policial-e-abusos-na-prisao\/#primaryimage\"},\"thumbnailUrl\":\"\",\"keywords\":[\"direitos humanos\",\"HRW\",\"Human Rights Watch\",\"pris\u00f5es\",\"projeto contra o terrorismo\",\"redu\u00e7\u00e3o da maioridade penal\",\"Relat\u00f3rio Mundial 2016\",\"torturas\",\"viol\u00eancia policial\"],\"articleSection\":[\"Brasil\",\"Not\u00edcias\"],\"inLanguage\":\"pt-BR\",\"potentialAction\":[{\"@type\":\"CommentAction\",\"name\":\"Comment\",\"target\":[\"https:\/\/psol50.org.br\/brasil-tem-que-combater-violencia-policial-e-abusos-na-prisao\/#respond\"]}]},{\"@type\":\"WebPage\",\"@id\":\"https:\/\/psol50.org.br\/brasil-tem-que-combater-violencia-policial-e-abusos-na-prisao\/\",\"url\":\"https:\/\/psol50.org.br\/brasil-tem-que-combater-violencia-policial-e-abusos-na-prisao\/\",\"name\":\"Brasil tem que combater viol\u00eancia policial e abusos na pris\u00e3o - PSOL 50\",\"isPartOf\":{\"@id\":\"https:\/\/psol50.org.br\/#website\"},\"primaryImageOfPage\":{\"@id\":\"https:\/\/psol50.org.br\/brasil-tem-que-combater-violencia-policial-e-abusos-na-prisao\/#primaryimage\"},\"image\":{\"@id\":\"https:\/\/psol50.org.br\/brasil-tem-que-combater-violencia-policial-e-abusos-na-prisao\/#primaryimage\"},\"thumbnailUrl\":\"\",\"datePublished\":\"2016-01-28T09:00:44+00:00\",\"breadcrumb\":{\"@id\":\"https:\/\/psol50.org.br\/brasil-tem-que-combater-violencia-policial-e-abusos-na-prisao\/#breadcrumb\"},\"inLanguage\":\"pt-BR\",\"potentialAction\":[{\"@type\":\"ReadAction\",\"target\":[\"https:\/\/psol50.org.br\/brasil-tem-que-combater-violencia-policial-e-abusos-na-prisao\/\"]}]},{\"@type\":\"ImageObject\",\"inLanguage\":\"pt-BR\",\"@id\":\"https:\/\/psol50.org.br\/brasil-tem-que-combater-violencia-policial-e-abusos-na-prisao\/#primaryimage\",\"url\":\"\",\"contentUrl\":\"\"},{\"@type\":\"BreadcrumbList\",\"@id\":\"https:\/\/psol50.org.br\/brasil-tem-que-combater-violencia-policial-e-abusos-na-prisao\/#breadcrumb\",\"itemListElement\":[{\"@type\":\"ListItem\",\"position\":1,\"name\":\"In\u00edcio\",\"item\":\"https:\/\/psol50.org.br\/\"},{\"@type\":\"ListItem\",\"position\":2,\"name\":\"Brasil tem que combater viol\u00eancia policial e abusos na pris\u00e3o\"}]},{\"@type\":\"WebSite\",\"@id\":\"https:\/\/psol50.org.br\/#website\",\"url\":\"https:\/\/psol50.org.br\/\",\"name\":\"PSOL 50\",\"description\":\"Site oficial do Partido Socialismo e Liberdade\",\"publisher\":{\"@id\":\"https:\/\/psol50.org.br\/#organization\"},\"alternateName\":\"PSOL50\",\"potentialAction\":[{\"@type\":\"SearchAction\",\"target\":{\"@type\":\"EntryPoint\",\"urlTemplate\":\"https:\/\/psol50.org.br\/?s={search_term_string}\"},\"query-input\":{\"@type\":\"PropertyValueSpecification\",\"valueRequired\":true,\"valueName\":\"search_term_string\"}}],\"inLanguage\":\"pt-BR\"},{\"@type\":\"Organization\",\"@id\":\"https:\/\/psol50.org.br\/#organization\",\"name\":\"PSOL 50\",\"alternateName\":\"PSOL 50\",\"url\":\"https:\/\/psol50.org.br\/\",\"logo\":{\"@type\":\"ImageObject\",\"inLanguage\":\"pt-BR\",\"@id\":\"https:\/\/psol50.org.br\/#\/schema\/logo\/image\/\",\"url\":\"https:\/\/psol50.org.br\/inc\/uploads\/2018\/07\/capa.png\",\"contentUrl\":\"https:\/\/psol50.org.br\/inc\/uploads\/2018\/07\/capa.png\",\"width\":1350,\"height\":900,\"caption\":\"PSOL 50\"},\"image\":{\"@id\":\"https:\/\/psol50.org.br\/#\/schema\/logo\/image\/\"},\"sameAs\":[\"https:\/\/www.facebook.com\/psol50\",\"https:\/\/x.com\/psol50\",\"https:\/\/www.instagram.com\/psol50\/\",\"https:\/\/www.youtube.com\/channel\/UC7SnJS5o1os7a6CaiNabzcg\"]},{\"@type\":\"Person\",\"@id\":\"https:\/\/psol50.org.br\/#\/schema\/person\/475dfa57d0b815993c714c2e96491fcd\",\"name\":\"Comunica\u00e7\u00e3o PSOL\",\"image\":{\"@type\":\"ImageObject\",\"inLanguage\":\"pt-BR\",\"@id\":\"https:\/\/psol50.org.br\/#\/schema\/person\/image\/\",\"url\":\"https:\/\/secure.gravatar.com\/avatar\/b34fc4f4e468a4e51785917065a3db57b841f5c95dba6ad8c73aaf8f66f8f9bf?s=96&d=mm&r=g\",\"contentUrl\":\"https:\/\/secure.gravatar.com\/avatar\/b34fc4f4e468a4e51785917065a3db57b841f5c95dba6ad8c73aaf8f66f8f9bf?s=96&d=mm&r=g\",\"caption\":\"Comunica\u00e7\u00e3o PSOL\"}}]}<\/script>\n<!-- \/ Yoast SEO plugin. -->","yoast_head_json":{"title":"Brasil tem que combater viol\u00eancia policial e abusos na pris\u00e3o - PSOL 50","robots":{"index":"index","follow":"follow","max-snippet":"max-snippet:-1","max-image-preview":"max-image-preview:large","max-video-preview":"max-video-preview:-1"},"canonical":"https:\/\/psol50.org.br\/brasil-tem-que-combater-violencia-policial-e-abusos-na-prisao\/","og_locale":"pt_BR","og_type":"article","og_title":"Brasil tem que combater viol\u00eancia policial e abusos na pris\u00e3o - PSOL 50","og_description":"As pris\u00f5es brasileiras abrigam mais de 600 mil pessoas, 61% acima de sua capacidade. A superlota\u00e7\u00e3o coloca os presos em situa\u00e7\u00e3o de viol\u00eancia e vulnerabilidade, al\u00e9m de permitir o fortalecimento das fac\u00e7\u00f5es criminosas. Com base nessa realidade, a organiza\u00e7\u00e3o internacional Human Rights Watch (HRW) aponta, no Relat\u00f3rio Mundial 2016 divulgado nesta quarta-feira (27), que o [&hellip;]","og_url":"https:\/\/psol50.org.br\/brasil-tem-que-combater-violencia-policial-e-abusos-na-prisao\/","og_site_name":"PSOL 50","article_publisher":"https:\/\/www.facebook.com\/psol50","article_published_time":"2016-01-28T09:00:44+00:00","og_image":[{"width":1350,"height":900,"url":"https:\/\/psol50.org.br\/inc\/uploads\/2018\/07\/capa.png","type":"image\/png"}],"author":"Comunica\u00e7\u00e3o PSOL","twitter_card":"summary_large_image","twitter_creator":"@psol50","twitter_site":"@psol50","twitter_misc":{"Escrito por":"Comunica\u00e7\u00e3o PSOL","Est. tempo de leitura":"2 minutos"},"schema":{"@context":"https:\/\/schema.org","@graph":[{"@type":"Article","@id":"https:\/\/psol50.org.br\/brasil-tem-que-combater-violencia-policial-e-abusos-na-prisao\/#article","isPartOf":{"@id":"https:\/\/psol50.org.br\/brasil-tem-que-combater-violencia-policial-e-abusos-na-prisao\/"},"author":{"name":"Comunica\u00e7\u00e3o PSOL","@id":"https:\/\/psol50.org.br\/#\/schema\/person\/475dfa57d0b815993c714c2e96491fcd"},"headline":"Brasil tem que combater viol\u00eancia policial e abusos na pris\u00e3o","datePublished":"2016-01-28T09:00:44+00:00","mainEntityOfPage":{"@id":"https:\/\/psol50.org.br\/brasil-tem-que-combater-violencia-policial-e-abusos-na-prisao\/"},"wordCount":321,"commentCount":0,"publisher":{"@id":"https:\/\/psol50.org.br\/#organization"},"image":{"@id":"https:\/\/psol50.org.br\/brasil-tem-que-combater-violencia-policial-e-abusos-na-prisao\/#primaryimage"},"thumbnailUrl":"","keywords":["direitos humanos","HRW","Human Rights Watch","pris\u00f5es","projeto contra o terrorismo","redu\u00e7\u00e3o da maioridade penal","Relat\u00f3rio Mundial 2016","torturas","viol\u00eancia policial"],"articleSection":["Brasil","Not\u00edcias"],"inLanguage":"pt-BR","potentialAction":[{"@type":"CommentAction","name":"Comment","target":["https:\/\/psol50.org.br\/brasil-tem-que-combater-violencia-policial-e-abusos-na-prisao\/#respond"]}]},{"@type":"WebPage","@id":"https:\/\/psol50.org.br\/brasil-tem-que-combater-violencia-policial-e-abusos-na-prisao\/","url":"https:\/\/psol50.org.br\/brasil-tem-que-combater-violencia-policial-e-abusos-na-prisao\/","name":"Brasil tem que combater viol\u00eancia policial e abusos na pris\u00e3o - PSOL 50","isPartOf":{"@id":"https:\/\/psol50.org.br\/#website"},"primaryImageOfPage":{"@id":"https:\/\/psol50.org.br\/brasil-tem-que-combater-violencia-policial-e-abusos-na-prisao\/#primaryimage"},"image":{"@id":"https:\/\/psol50.org.br\/brasil-tem-que-combater-violencia-policial-e-abusos-na-prisao\/#primaryimage"},"thumbnailUrl":"","datePublished":"2016-01-28T09:00:44+00:00","breadcrumb":{"@id":"https:\/\/psol50.org.br\/brasil-tem-que-combater-violencia-policial-e-abusos-na-prisao\/#breadcrumb"},"inLanguage":"pt-BR","potentialAction":[{"@type":"ReadAction","target":["https:\/\/psol50.org.br\/brasil-tem-que-combater-violencia-policial-e-abusos-na-prisao\/"]}]},{"@type":"ImageObject","inLanguage":"pt-BR","@id":"https:\/\/psol50.org.br\/brasil-tem-que-combater-violencia-policial-e-abusos-na-prisao\/#primaryimage","url":"","contentUrl":""},{"@type":"BreadcrumbList","@id":"https:\/\/psol50.org.br\/brasil-tem-que-combater-violencia-policial-e-abusos-na-prisao\/#breadcrumb","itemListElement":[{"@type":"ListItem","position":1,"name":"In\u00edcio","item":"https:\/\/psol50.org.br\/"},{"@type":"ListItem","position":2,"name":"Brasil tem que combater viol\u00eancia policial e abusos na pris\u00e3o"}]},{"@type":"WebSite","@id":"https:\/\/psol50.org.br\/#website","url":"https:\/\/psol50.org.br\/","name":"PSOL 50","description":"Site oficial do Partido Socialismo e Liberdade","publisher":{"@id":"https:\/\/psol50.org.br\/#organization"},"alternateName":"PSOL50","potentialAction":[{"@type":"SearchAction","target":{"@type":"EntryPoint","urlTemplate":"https:\/\/psol50.org.br\/?s={search_term_string}"},"query-input":{"@type":"PropertyValueSpecification","valueRequired":true,"valueName":"search_term_string"}}],"inLanguage":"pt-BR"},{"@type":"Organization","@id":"https:\/\/psol50.org.br\/#organization","name":"PSOL 50","alternateName":"PSOL 50","url":"https:\/\/psol50.org.br\/","logo":{"@type":"ImageObject","inLanguage":"pt-BR","@id":"https:\/\/psol50.org.br\/#\/schema\/logo\/image\/","url":"https:\/\/psol50.org.br\/inc\/uploads\/2018\/07\/capa.png","contentUrl":"https:\/\/psol50.org.br\/inc\/uploads\/2018\/07\/capa.png","width":1350,"height":900,"caption":"PSOL 50"},"image":{"@id":"https:\/\/psol50.org.br\/#\/schema\/logo\/image\/"},"sameAs":["https:\/\/www.facebook.com\/psol50","https:\/\/x.com\/psol50","https:\/\/www.instagram.com\/psol50\/","https:\/\/www.youtube.com\/channel\/UC7SnJS5o1os7a6CaiNabzcg"]},{"@type":"Person","@id":"https:\/\/psol50.org.br\/#\/schema\/person\/475dfa57d0b815993c714c2e96491fcd","name":"Comunica\u00e7\u00e3o PSOL","image":{"@type":"ImageObject","inLanguage":"pt-BR","@id":"https:\/\/psol50.org.br\/#\/schema\/person\/image\/","url":"https:\/\/secure.gravatar.com\/avatar\/b34fc4f4e468a4e51785917065a3db57b841f5c95dba6ad8c73aaf8f66f8f9bf?s=96&d=mm&r=g","contentUrl":"https:\/\/secure.gravatar.com\/avatar\/b34fc4f4e468a4e51785917065a3db57b841f5c95dba6ad8c73aaf8f66f8f9bf?s=96&d=mm&r=g","caption":"Comunica\u00e7\u00e3o PSOL"}}]}},"_links":{"self":[{"href":"https:\/\/psol50.org.br\/rest\/wp\/v2\/posts\/11115","targetHints":{"allow":["GET"]}}],"collection":[{"href":"https:\/\/psol50.org.br\/rest\/wp\/v2\/posts"}],"about":[{"href":"https:\/\/psol50.org.br\/rest\/wp\/v2\/types\/post"}],"author":[{"embeddable":true,"href":"https:\/\/psol50.org.br\/rest\/wp\/v2\/users\/2"}],"replies":[{"embeddable":true,"href":"https:\/\/psol50.org.br\/rest\/wp\/v2\/comments?post=11115"}],"version-history":[{"count":0,"href":"https:\/\/psol50.org.br\/rest\/wp\/v2\/posts\/11115\/revisions"}],"wp:featuredmedia":[{"embeddable":true,"href":"https:\/\/psol50.org.br\/rest\/"}],"wp:attachment":[{"href":"https:\/\/psol50.org.br\/rest\/wp\/v2\/media?parent=11115"}],"wp:term":[{"taxonomy":"category","embeddable":true,"href":"https:\/\/psol50.org.br\/rest\/wp\/v2\/categories?post=11115"},{"taxonomy":"post_tag","embeddable":true,"href":"https:\/\/psol50.org.br\/rest\/wp\/v2\/tags?post=11115"}],"curies":[{"name":"wp","href":"https:\/\/api.w.org\/{rel}","templated":true}]}}