{"id":11123,"date":"2016-01-28T20:12:58","date_gmt":"2016-01-28T20:12:58","guid":{"rendered":"http:\/\/www.psol50.org.br\/?p=11123"},"modified":"2016-01-28T20:12:58","modified_gmt":"2016-01-28T20:12:58","slug":"para-marcar-dia-nacional-da-visibilidade-trans-psol-sp-promove-roda-de-conversa","status":"publish","type":"post","link":"https:\/\/psol50.org.br\/para-marcar-dia-nacional-da-visibilidade-trans-psol-sp-promove-roda-de-conversa\/","title":{"rendered":"Para marcar Dia Nacional da Visibilidade Trans, PSOL-SP promove roda de conversa"},"content":{"rendered":"<p>Nesta sexta-feira (29), militantes de direitos humanos, em especial os que lutam em defesa dos direitos das pessoas trans, participam, no Sindicato dos Banc\u00e1rios de S\u00e3o Paulo, da roda de conversa <a href=\"https:\/\/www.facebook.com\/events\/1547540725561814\/\">&#8220;Visibilidade e Emancipa\u00e7\u00e3o Trans: os caminhos pol\u00edticos&#8221;<\/a>. Promovido pelo <a href=\"https:\/\/www.facebook.com\/psolsp\/?fref=ts\">PSOL-SP<\/a>, o debate \u00e9 parte das atividades do Dia Nacional da Visibilidade Trans, celebrando sempre em 29 de janeiro.<\/p>\n<p>Para abordar o tema, est\u00e3o confirmadas a professora\u00a0<a href=\"https:\/\/www.facebook.com\/profile.php?id=100009960247798&amp;fref=ts\">Luiza Cuppieters<\/a>; a militante do movimento trans e uma das organizadoras do ato em mem\u00f3ria da jovem trans Laura Vermont, assassinada em S\u00e3o Paulo em junho do ano passado, <a href=\"https:\/\/www.facebook.com\/aline.freitas1\">Aline Freitas<\/a>; e a idealizadora do <a href=\"https:\/\/www.youtube.com\/watch?v=H-BSwRN_nvA&amp;feature=youtu.be\">Canal Voz Trans<\/a> e mestranda em Estudos Culturais na USP, <a href=\"https:\/\/www.facebook.com\/mago.tonhon\">Mag\u00f4 Tonhon<\/a>.<\/p>\n<p>A atividade \u00e9 aberta e destinada a filiados do PSOL, militantes sociais e ativistas dos movimentos trans e LGBT.<\/p>\n<p><img loading=\"lazy\" decoding=\"async\" class=\"wp-image-11128 aligncenter\" src=\"http:\/\/www.psol50.org.br\/inc\/uploads\/2016\/01\/Debate-dia-visibilidade-trans-SP.jpg\" alt=\"Debate dia visibilidade trans SP\" width=\"630\" height=\"630\" \/><\/p>\n","protected":false},"excerpt":{"rendered":"<p>Nesta sexta-feira (29), militantes de direitos humanos, em especial os que lutam em defesa dos direitos das pessoas trans, participam, no Sindicato dos Banc\u00e1rios de S\u00e3o Paulo, da roda de conversa &#8220;Visibilidade e Emancipa\u00e7\u00e3o Trans: os caminhos pol\u00edticos&#8221;. Promovido pelo PSOL-SP, o debate \u00e9 parte das atividades do Dia Nacional da Visibilidade Trans, celebrando sempre [&hellip;]<\/p>\n","protected":false},"author":2,"featured_media":11124,"comment_status":"open","ping_status":"open","sticky":false,"template":"","format":"standard","meta":{"_acf_changed":false,"footnotes":""},"categories":[654,6,14],"tags":[3940,3941,2851,30,153,3942,3943,2277,146],"class_list":{"0":"post-11123","1":"post","2":"type-post","3":"status-publish","4":"format-standard","5":"has-post-thumbnail","7":"category-estados","8":"category-noticias","9":"category-partido","10":"tag-aline-freitas","11":"tag-canal-voz-trans","12":"tag-dia-nacional-da-visibilidade-trans","13":"tag-feminismo","14":"tag-lgbt","15":"tag-luiz-cuppieters","16":"tag-mago-tonhon","17":"tag-psol-sp","18":"tag-trans"},"acf":[],"yoast_head":"<!-- This site is optimized with the Yoast SEO plugin v26.5 - https:\/\/yoast.com\/wordpress\/plugins\/seo\/ -->\n<title>Para marcar Dia Nacional da Visibilidade Trans, PSOL-SP promove roda de conversa - PSOL 50<\/title>\n<meta name=\"robots\" content=\"index, follow, max-snippet:-1, max-image-preview:large, max-video-preview:-1\" \/>\n<link rel=\"canonical\" href=\"https:\/\/psol50.org.br\/para-marcar-dia-nacional-da-visibilidade-trans-psol-sp-promove-roda-de-conversa\/\" \/>\n<meta property=\"og:locale\" content=\"pt_BR\" \/>\n<meta property=\"og:type\" content=\"article\" \/>\n<meta property=\"og:title\" content=\"Para marcar Dia Nacional da Visibilidade Trans, PSOL-SP promove roda de conversa - PSOL 50\" \/>\n<meta property=\"og:description\" content=\"Nesta sexta-feira (29), militantes de direitos humanos, em especial os que lutam em defesa dos direitos das pessoas trans, participam, no Sindicato dos Banc\u00e1rios de S\u00e3o Paulo, da roda de conversa &#8220;Visibilidade e Emancipa\u00e7\u00e3o Trans: os caminhos pol\u00edticos&#8221;. Promovido pelo PSOL-SP, o debate \u00e9 parte das atividades do Dia Nacional da Visibilidade Trans, celebrando sempre [&hellip;]\" \/>\n<meta property=\"og:url\" content=\"https:\/\/psol50.org.br\/para-marcar-dia-nacional-da-visibilidade-trans-psol-sp-promove-roda-de-conversa\/\" \/>\n<meta property=\"og:site_name\" content=\"PSOL 50\" \/>\n<meta property=\"article:publisher\" content=\"https:\/\/www.facebook.com\/psol50\" \/>\n<meta property=\"article:published_time\" content=\"2016-01-28T20:12:58+00:00\" \/>\n<meta property=\"og:image\" content=\"https:\/\/psol50.org.br\/inc\/uploads\/2018\/07\/capa.png\" \/>\n\t<meta property=\"og:image:width\" content=\"1350\" \/>\n\t<meta property=\"og:image:height\" content=\"900\" \/>\n\t<meta property=\"og:image:type\" content=\"image\/png\" \/>\n<meta name=\"author\" content=\"Comunica\u00e7\u00e3o PSOL\" \/>\n<meta name=\"twitter:card\" content=\"summary_large_image\" \/>\n<meta name=\"twitter:creator\" content=\"@psol50\" \/>\n<meta name=\"twitter:site\" content=\"@psol50\" \/>\n<meta name=\"twitter:label1\" content=\"Escrito por\" \/>\n\t<meta name=\"twitter:data1\" content=\"Comunica\u00e7\u00e3o PSOL\" \/>\n\t<meta name=\"twitter:label2\" content=\"Est. tempo de leitura\" \/>\n\t<meta name=\"twitter:data2\" content=\"1 minuto\" \/>\n<script type=\"application\/ld+json\" class=\"yoast-schema-graph\">{\"@context\":\"https:\/\/schema.org\",\"@graph\":[{\"@type\":\"Article\",\"@id\":\"https:\/\/psol50.org.br\/para-marcar-dia-nacional-da-visibilidade-trans-psol-sp-promove-roda-de-conversa\/#article\",\"isPartOf\":{\"@id\":\"https:\/\/psol50.org.br\/para-marcar-dia-nacional-da-visibilidade-trans-psol-sp-promove-roda-de-conversa\/\"},\"author\":{\"name\":\"Comunica\u00e7\u00e3o PSOL\",\"@id\":\"https:\/\/psol50.org.br\/#\/schema\/person\/475dfa57d0b815993c714c2e96491fcd\"},\"headline\":\"Para marcar Dia Nacional da Visibilidade Trans, PSOL-SP promove roda de conversa\",\"datePublished\":\"2016-01-28T20:12:58+00:00\",\"mainEntityOfPage\":{\"@id\":\"https:\/\/psol50.org.br\/para-marcar-dia-nacional-da-visibilidade-trans-psol-sp-promove-roda-de-conversa\/\"},\"wordCount\":148,\"commentCount\":0,\"publisher\":{\"@id\":\"https:\/\/psol50.org.br\/#organization\"},\"image\":{\"@id\":\"https:\/\/psol50.org.br\/para-marcar-dia-nacional-da-visibilidade-trans-psol-sp-promove-roda-de-conversa\/#primaryimage\"},\"thumbnailUrl\":\"\",\"keywords\":[\"Aline Freitas\",\"Canal Voz Trans\",\"Dia Nacional da Visibilidade Trans\",\"feminismo\",\"LGBT\",\"Luiz Cuppieters\",\"Mag\u00f4 Tonhon\",\"PSOL-SP\",\"trans\"],\"articleSection\":[\"Estados\",\"Not\u00edcias\",\"Partido\"],\"inLanguage\":\"pt-BR\",\"potentialAction\":[{\"@type\":\"CommentAction\",\"name\":\"Comment\",\"target\":[\"https:\/\/psol50.org.br\/para-marcar-dia-nacional-da-visibilidade-trans-psol-sp-promove-roda-de-conversa\/#respond\"]}]},{\"@type\":\"WebPage\",\"@id\":\"https:\/\/psol50.org.br\/para-marcar-dia-nacional-da-visibilidade-trans-psol-sp-promove-roda-de-conversa\/\",\"url\":\"https:\/\/psol50.org.br\/para-marcar-dia-nacional-da-visibilidade-trans-psol-sp-promove-roda-de-conversa\/\",\"name\":\"Para marcar Dia Nacional da Visibilidade Trans, PSOL-SP promove roda de conversa - PSOL 50\",\"isPartOf\":{\"@id\":\"https:\/\/psol50.org.br\/#website\"},\"primaryImageOfPage\":{\"@id\":\"https:\/\/psol50.org.br\/para-marcar-dia-nacional-da-visibilidade-trans-psol-sp-promove-roda-de-conversa\/#primaryimage\"},\"image\":{\"@id\":\"https:\/\/psol50.org.br\/para-marcar-dia-nacional-da-visibilidade-trans-psol-sp-promove-roda-de-conversa\/#primaryimage\"},\"thumbnailUrl\":\"\",\"datePublished\":\"2016-01-28T20:12:58+00:00\",\"breadcrumb\":{\"@id\":\"https:\/\/psol50.org.br\/para-marcar-dia-nacional-da-visibilidade-trans-psol-sp-promove-roda-de-conversa\/#breadcrumb\"},\"inLanguage\":\"pt-BR\",\"potentialAction\":[{\"@type\":\"ReadAction\",\"target\":[\"https:\/\/psol50.org.br\/para-marcar-dia-nacional-da-visibilidade-trans-psol-sp-promove-roda-de-conversa\/\"]}]},{\"@type\":\"ImageObject\",\"inLanguage\":\"pt-BR\",\"@id\":\"https:\/\/psol50.org.br\/para-marcar-dia-nacional-da-visibilidade-trans-psol-sp-promove-roda-de-conversa\/#primaryimage\",\"url\":\"\",\"contentUrl\":\"\"},{\"@type\":\"BreadcrumbList\",\"@id\":\"https:\/\/psol50.org.br\/para-marcar-dia-nacional-da-visibilidade-trans-psol-sp-promove-roda-de-conversa\/#breadcrumb\",\"itemListElement\":[{\"@type\":\"ListItem\",\"position\":1,\"name\":\"In\u00edcio\",\"item\":\"https:\/\/psol50.org.br\/\"},{\"@type\":\"ListItem\",\"position\":2,\"name\":\"Para marcar Dia Nacional da Visibilidade Trans, PSOL-SP promove roda de conversa\"}]},{\"@type\":\"WebSite\",\"@id\":\"https:\/\/psol50.org.br\/#website\",\"url\":\"https:\/\/psol50.org.br\/\",\"name\":\"PSOL 50\",\"description\":\"Site oficial do Partido Socialismo e Liberdade\",\"publisher\":{\"@id\":\"https:\/\/psol50.org.br\/#organization\"},\"alternateName\":\"PSOL50\",\"potentialAction\":[{\"@type\":\"SearchAction\",\"target\":{\"@type\":\"EntryPoint\",\"urlTemplate\":\"https:\/\/psol50.org.br\/?s={search_term_string}\"},\"query-input\":{\"@type\":\"PropertyValueSpecification\",\"valueRequired\":true,\"valueName\":\"search_term_string\"}}],\"inLanguage\":\"pt-BR\"},{\"@type\":\"Organization\",\"@id\":\"https:\/\/psol50.org.br\/#organization\",\"name\":\"PSOL 50\",\"alternateName\":\"PSOL 50\",\"url\":\"https:\/\/psol50.org.br\/\",\"logo\":{\"@type\":\"ImageObject\",\"inLanguage\":\"pt-BR\",\"@id\":\"https:\/\/psol50.org.br\/#\/schema\/logo\/image\/\",\"url\":\"https:\/\/psol50.org.br\/inc\/uploads\/2018\/07\/capa.png\",\"contentUrl\":\"https:\/\/psol50.org.br\/inc\/uploads\/2018\/07\/capa.png\",\"width\":1350,\"height\":900,\"caption\":\"PSOL 50\"},\"image\":{\"@id\":\"https:\/\/psol50.org.br\/#\/schema\/logo\/image\/\"},\"sameAs\":[\"https:\/\/www.facebook.com\/psol50\",\"https:\/\/x.com\/psol50\",\"https:\/\/www.instagram.com\/psol50\/\",\"https:\/\/www.youtube.com\/channel\/UC7SnJS5o1os7a6CaiNabzcg\"]},{\"@type\":\"Person\",\"@id\":\"https:\/\/psol50.org.br\/#\/schema\/person\/475dfa57d0b815993c714c2e96491fcd\",\"name\":\"Comunica\u00e7\u00e3o PSOL\",\"image\":{\"@type\":\"ImageObject\",\"inLanguage\":\"pt-BR\",\"@id\":\"https:\/\/psol50.org.br\/#\/schema\/person\/image\/\",\"url\":\"https:\/\/secure.gravatar.com\/avatar\/b34fc4f4e468a4e51785917065a3db57b841f5c95dba6ad8c73aaf8f66f8f9bf?s=96&d=mm&r=g\",\"contentUrl\":\"https:\/\/secure.gravatar.com\/avatar\/b34fc4f4e468a4e51785917065a3db57b841f5c95dba6ad8c73aaf8f66f8f9bf?s=96&d=mm&r=g\",\"caption\":\"Comunica\u00e7\u00e3o PSOL\"}}]}<\/script>\n<!-- \/ Yoast SEO plugin. -->","yoast_head_json":{"title":"Para marcar Dia Nacional da Visibilidade Trans, PSOL-SP promove roda de conversa - PSOL 50","robots":{"index":"index","follow":"follow","max-snippet":"max-snippet:-1","max-image-preview":"max-image-preview:large","max-video-preview":"max-video-preview:-1"},"canonical":"https:\/\/psol50.org.br\/para-marcar-dia-nacional-da-visibilidade-trans-psol-sp-promove-roda-de-conversa\/","og_locale":"pt_BR","og_type":"article","og_title":"Para marcar Dia Nacional da Visibilidade Trans, PSOL-SP promove roda de conversa - PSOL 50","og_description":"Nesta sexta-feira (29), militantes de direitos humanos, em especial os que lutam em defesa dos direitos das pessoas trans, participam, no Sindicato dos Banc\u00e1rios de S\u00e3o Paulo, da roda de conversa &#8220;Visibilidade e Emancipa\u00e7\u00e3o Trans: os caminhos pol\u00edticos&#8221;. Promovido pelo PSOL-SP, o debate \u00e9 parte das atividades do Dia Nacional da Visibilidade Trans, celebrando sempre [&hellip;]","og_url":"https:\/\/psol50.org.br\/para-marcar-dia-nacional-da-visibilidade-trans-psol-sp-promove-roda-de-conversa\/","og_site_name":"PSOL 50","article_publisher":"https:\/\/www.facebook.com\/psol50","article_published_time":"2016-01-28T20:12:58+00:00","og_image":[{"width":1350,"height":900,"url":"https:\/\/psol50.org.br\/inc\/uploads\/2018\/07\/capa.png","type":"image\/png"}],"author":"Comunica\u00e7\u00e3o PSOL","twitter_card":"summary_large_image","twitter_creator":"@psol50","twitter_site":"@psol50","twitter_misc":{"Escrito por":"Comunica\u00e7\u00e3o PSOL","Est. tempo de leitura":"1 minuto"},"schema":{"@context":"https:\/\/schema.org","@graph":[{"@type":"Article","@id":"https:\/\/psol50.org.br\/para-marcar-dia-nacional-da-visibilidade-trans-psol-sp-promove-roda-de-conversa\/#article","isPartOf":{"@id":"https:\/\/psol50.org.br\/para-marcar-dia-nacional-da-visibilidade-trans-psol-sp-promove-roda-de-conversa\/"},"author":{"name":"Comunica\u00e7\u00e3o PSOL","@id":"https:\/\/psol50.org.br\/#\/schema\/person\/475dfa57d0b815993c714c2e96491fcd"},"headline":"Para marcar Dia Nacional da Visibilidade Trans, PSOL-SP promove roda de conversa","datePublished":"2016-01-28T20:12:58+00:00","mainEntityOfPage":{"@id":"https:\/\/psol50.org.br\/para-marcar-dia-nacional-da-visibilidade-trans-psol-sp-promove-roda-de-conversa\/"},"wordCount":148,"commentCount":0,"publisher":{"@id":"https:\/\/psol50.org.br\/#organization"},"image":{"@id":"https:\/\/psol50.org.br\/para-marcar-dia-nacional-da-visibilidade-trans-psol-sp-promove-roda-de-conversa\/#primaryimage"},"thumbnailUrl":"","keywords":["Aline Freitas","Canal Voz Trans","Dia Nacional da Visibilidade Trans","feminismo","LGBT","Luiz Cuppieters","Mag\u00f4 Tonhon","PSOL-SP","trans"],"articleSection":["Estados","Not\u00edcias","Partido"],"inLanguage":"pt-BR","potentialAction":[{"@type":"CommentAction","name":"Comment","target":["https:\/\/psol50.org.br\/para-marcar-dia-nacional-da-visibilidade-trans-psol-sp-promove-roda-de-conversa\/#respond"]}]},{"@type":"WebPage","@id":"https:\/\/psol50.org.br\/para-marcar-dia-nacional-da-visibilidade-trans-psol-sp-promove-roda-de-conversa\/","url":"https:\/\/psol50.org.br\/para-marcar-dia-nacional-da-visibilidade-trans-psol-sp-promove-roda-de-conversa\/","name":"Para marcar Dia Nacional da Visibilidade Trans, PSOL-SP promove roda de conversa - PSOL 50","isPartOf":{"@id":"https:\/\/psol50.org.br\/#website"},"primaryImageOfPage":{"@id":"https:\/\/psol50.org.br\/para-marcar-dia-nacional-da-visibilidade-trans-psol-sp-promove-roda-de-conversa\/#primaryimage"},"image":{"@id":"https:\/\/psol50.org.br\/para-marcar-dia-nacional-da-visibilidade-trans-psol-sp-promove-roda-de-conversa\/#primaryimage"},"thumbnailUrl":"","datePublished":"2016-01-28T20:12:58+00:00","breadcrumb":{"@id":"https:\/\/psol50.org.br\/para-marcar-dia-nacional-da-visibilidade-trans-psol-sp-promove-roda-de-conversa\/#breadcrumb"},"inLanguage":"pt-BR","potentialAction":[{"@type":"ReadAction","target":["https:\/\/psol50.org.br\/para-marcar-dia-nacional-da-visibilidade-trans-psol-sp-promove-roda-de-conversa\/"]}]},{"@type":"ImageObject","inLanguage":"pt-BR","@id":"https:\/\/psol50.org.br\/para-marcar-dia-nacional-da-visibilidade-trans-psol-sp-promove-roda-de-conversa\/#primaryimage","url":"","contentUrl":""},{"@type":"BreadcrumbList","@id":"https:\/\/psol50.org.br\/para-marcar-dia-nacional-da-visibilidade-trans-psol-sp-promove-roda-de-conversa\/#breadcrumb","itemListElement":[{"@type":"ListItem","position":1,"name":"In\u00edcio","item":"https:\/\/psol50.org.br\/"},{"@type":"ListItem","position":2,"name":"Para marcar Dia Nacional da Visibilidade Trans, PSOL-SP promove roda de conversa"}]},{"@type":"WebSite","@id":"https:\/\/psol50.org.br\/#website","url":"https:\/\/psol50.org.br\/","name":"PSOL 50","description":"Site oficial do Partido Socialismo e Liberdade","publisher":{"@id":"https:\/\/psol50.org.br\/#organization"},"alternateName":"PSOL50","potentialAction":[{"@type":"SearchAction","target":{"@type":"EntryPoint","urlTemplate":"https:\/\/psol50.org.br\/?s={search_term_string}"},"query-input":{"@type":"PropertyValueSpecification","valueRequired":true,"valueName":"search_term_string"}}],"inLanguage":"pt-BR"},{"@type":"Organization","@id":"https:\/\/psol50.org.br\/#organization","name":"PSOL 50","alternateName":"PSOL 50","url":"https:\/\/psol50.org.br\/","logo":{"@type":"ImageObject","inLanguage":"pt-BR","@id":"https:\/\/psol50.org.br\/#\/schema\/logo\/image\/","url":"https:\/\/psol50.org.br\/inc\/uploads\/2018\/07\/capa.png","contentUrl":"https:\/\/psol50.org.br\/inc\/uploads\/2018\/07\/capa.png","width":1350,"height":900,"caption":"PSOL 50"},"image":{"@id":"https:\/\/psol50.org.br\/#\/schema\/logo\/image\/"},"sameAs":["https:\/\/www.facebook.com\/psol50","https:\/\/x.com\/psol50","https:\/\/www.instagram.com\/psol50\/","https:\/\/www.youtube.com\/channel\/UC7SnJS5o1os7a6CaiNabzcg"]},{"@type":"Person","@id":"https:\/\/psol50.org.br\/#\/schema\/person\/475dfa57d0b815993c714c2e96491fcd","name":"Comunica\u00e7\u00e3o PSOL","image":{"@type":"ImageObject","inLanguage":"pt-BR","@id":"https:\/\/psol50.org.br\/#\/schema\/person\/image\/","url":"https:\/\/secure.gravatar.com\/avatar\/b34fc4f4e468a4e51785917065a3db57b841f5c95dba6ad8c73aaf8f66f8f9bf?s=96&d=mm&r=g","contentUrl":"https:\/\/secure.gravatar.com\/avatar\/b34fc4f4e468a4e51785917065a3db57b841f5c95dba6ad8c73aaf8f66f8f9bf?s=96&d=mm&r=g","caption":"Comunica\u00e7\u00e3o PSOL"}}]}},"_links":{"self":[{"href":"https:\/\/psol50.org.br\/rest\/wp\/v2\/posts\/11123","targetHints":{"allow":["GET"]}}],"collection":[{"href":"https:\/\/psol50.org.br\/rest\/wp\/v2\/posts"}],"about":[{"href":"https:\/\/psol50.org.br\/rest\/wp\/v2\/types\/post"}],"author":[{"embeddable":true,"href":"https:\/\/psol50.org.br\/rest\/wp\/v2\/users\/2"}],"replies":[{"embeddable":true,"href":"https:\/\/psol50.org.br\/rest\/wp\/v2\/comments?post=11123"}],"version-history":[{"count":0,"href":"https:\/\/psol50.org.br\/rest\/wp\/v2\/posts\/11123\/revisions"}],"wp:featuredmedia":[{"embeddable":true,"href":"https:\/\/psol50.org.br\/rest\/"}],"wp:attachment":[{"href":"https:\/\/psol50.org.br\/rest\/wp\/v2\/media?parent=11123"}],"wp:term":[{"taxonomy":"category","embeddable":true,"href":"https:\/\/psol50.org.br\/rest\/wp\/v2\/categories?post=11123"},{"taxonomy":"post_tag","embeddable":true,"href":"https:\/\/psol50.org.br\/rest\/wp\/v2\/tags?post=11123"}],"curies":[{"name":"wp","href":"https:\/\/api.w.org\/{rel}","templated":true}]}}