{"id":11135,"date":"2016-02-01T16:20:41","date_gmt":"2016-02-01T16:20:41","guid":{"rendered":"http:\/\/www.psol50.org.br\/?p=11135"},"modified":"2016-02-01T16:20:41","modified_gmt":"2016-02-01T16:20:41","slug":"favelas-e-sertoes","status":"publish","type":"post","link":"https:\/\/psol50.org.br\/favelas-e-sertoes\/","title":{"rendered":"MARCELO FREIXO: Favelas e sert\u00f5es"},"content":{"rendered":"<p><em>Publicado originalmente na Folha de S. Paulo no dia 26\/01\/2016<\/em><\/p>\n<p>Um dos muitos motivos para a crise e o esgotamento da pol\u00edtica de pacifica\u00e7\u00e3o no Rio de Janeiro \u00e9 a mistura entre oportunismo eleitoral e empreitada colonizadora.<\/p>\n<p>Quando aportaram em terras bras\u00edlicas, os portugueses chamavam de sert\u00f5es os territ\u00f3rios hostis e habitados por povos considerados b\u00e1rbaros. N\u00e3o h\u00e1 consenso sobre a etimologia da palavra, mas parte dos fil\u00f3logos defende que deriva do latim: \u201cdesertus\u201d.<\/p>\n<p>O sert\u00e3o seria um grande deserto, \u201cdesert\u00e3o\u201d. Lugar cuja escassez n\u00e3o se resume \u00e0 adversidade do ecossistema. Sob o olhar do colonizador, o sert\u00e3o \u00e9 marcado por outro tipo de aus\u00eancia: humanidade. Aos crist\u00e3os, arautos da civiliza\u00e7\u00e3o, caberia conquistar e domesticar esses povos.<\/p>\n<p>A pol\u00edtica de pacifica\u00e7\u00e3o trata as favelas como novos sert\u00f5es. N\u00e3o \u00e0 toa, o discurso oficial \u00e9 o da conquista do territ\u00f3rio. Em vez de erguer uma igreja e um forte, como os colonizadores, hasteia-se a bandeira, canta-se o hino nacional e constr\u00f3i-se um telef\u00e9rico.<\/p>\n<p>Dessa concep\u00e7\u00e3o vertical, impositiva nasce o autoritarismo que levou a pol\u00edtica de seguran\u00e7a \u00e0 fal\u00eancia. Os representantes do poder p\u00fablico n\u00e3o escutam os moradores das favelas porque n\u00e3o os reconhecem como iguais. S\u00e3o seres pr\u00e9-civiliza\u00e7\u00e3o.<\/p>\n<p>O car\u00e1ter de bandeira militarista torna imposs\u00edvel a exist\u00eancia do policiamento comunit\u00e1rio e o respeito \u00e0 autonomia das pessoas. N\u00e3o existe, por exemplo, ouvidorias eficientes e canais de di\u00e1logo.<\/p>\n<p>A redu\u00e7\u00e3o institucional do Estado \u00e0 presen\u00e7a do comandante militar faz nascer a figura do xerife, respons\u00e1vel por manter a ordem e gerir as terras b\u00e1rbaras. Por tudo isso, vemos a multiplica\u00e7\u00e3o dos conflitos, dos Amarildos torturados e desaparecidos e dos assassinatos de policiais devido \u00e0 falta de condi\u00e7\u00f5es adequadas de trabalho.<\/p>\n<p>A trag\u00e9dia se anunciava na expans\u00e3o desenfreada do projeto, motivada por c\u00e1lculos eleitorais. Novas unidades foram instaladas sem qualquer avalia\u00e7\u00e3o respons\u00e1vel sobre experi\u00eancias anteriores.<\/p>\n<p>N\u00e3o houve preocupa\u00e7\u00e3o real em modificar a forma\u00e7\u00e3o policial. A cultura militarista da PM n\u00e3o condiz com as exig\u00eancias do policiamento de proximidade. Ela \u00e9 preparada para a guerra, n\u00e3o para escutar, dialogar e buscar solu\u00e7\u00f5es pac\u00edficas para conflitos cotidianos.<\/p>\n<p>Os novos sertanistas sabem que o medo \u00e9 capital pol\u00edtico. Especulam com ele no mercado eleitoral e vendem ilus\u00f5es, miragens salvacionistas que dividiram as cidades em civiliza\u00e7\u00e3o e sert\u00f5es, desertos de direitos. A crise \u00e9 filha do oportunismo.<\/p>\n<p>As favelas n\u00e3o precisam ser conquistadas nem domesticadas, mas tratadas como espa\u00e7os constitu\u00eddos das cidades, onde exista policiamento, mas tamb\u00e9m escolas, postos de sa\u00fade e creches. Dignidade n\u00e3o pode ter CEP.<\/p>\n","protected":false},"excerpt":{"rendered":"<p>Publicado originalmente na Folha de S. Paulo no dia 26\/01\/2016 Um dos muitos motivos para a crise e o esgotamento da pol\u00edtica de pacifica\u00e7\u00e3o no Rio de Janeiro \u00e9 a mistura entre oportunismo eleitoral e empreitada colonizadora. Quando aportaram em terras bras\u00edlicas, os portugueses chamavam de sert\u00f5es os territ\u00f3rios hostis e habitados por povos considerados [&hellip;]<\/p>\n","protected":false},"author":2,"featured_media":11136,"comment_status":"open","ping_status":"open","sticky":false,"template":"","format":"standard","meta":{"_acf_changed":false,"footnotes":""},"categories":[3,654],"tags":[161],"class_list":{"0":"post-11135","1":"post","2":"type-post","3":"status-publish","4":"format-standard","5":"has-post-thumbnail","7":"category-artigos-e-entrevistas","8":"category-estados","9":"tag-marcelo-freixo"},"acf":[],"yoast_head":"<!-- This site is optimized with the Yoast SEO plugin v26.5 - https:\/\/yoast.com\/wordpress\/plugins\/seo\/ -->\n<title>MARCELO FREIXO: Favelas e sert\u00f5es - PSOL 50<\/title>\n<meta name=\"robots\" content=\"index, follow, max-snippet:-1, max-image-preview:large, max-video-preview:-1\" \/>\n<link rel=\"canonical\" href=\"https:\/\/psol50.org.br\/favelas-e-sertoes\/\" \/>\n<meta property=\"og:locale\" content=\"pt_BR\" \/>\n<meta property=\"og:type\" content=\"article\" \/>\n<meta property=\"og:title\" content=\"MARCELO FREIXO: Favelas e sert\u00f5es - PSOL 50\" \/>\n<meta property=\"og:description\" content=\"Publicado originalmente na Folha de S. Paulo no dia 26\/01\/2016 Um dos muitos motivos para a crise e o esgotamento da pol\u00edtica de pacifica\u00e7\u00e3o no Rio de Janeiro \u00e9 a mistura entre oportunismo eleitoral e empreitada colonizadora. Quando aportaram em terras bras\u00edlicas, os portugueses chamavam de sert\u00f5es os territ\u00f3rios hostis e habitados por povos considerados [&hellip;]\" \/>\n<meta property=\"og:url\" content=\"https:\/\/psol50.org.br\/favelas-e-sertoes\/\" \/>\n<meta property=\"og:site_name\" content=\"PSOL 50\" \/>\n<meta property=\"article:publisher\" content=\"https:\/\/www.facebook.com\/psol50\" \/>\n<meta property=\"article:published_time\" content=\"2016-02-01T16:20:41+00:00\" \/>\n<meta property=\"og:image\" content=\"https:\/\/psol50.org.br\/inc\/uploads\/2018\/07\/capa.png\" \/>\n\t<meta property=\"og:image:width\" content=\"1350\" \/>\n\t<meta property=\"og:image:height\" content=\"900\" \/>\n\t<meta property=\"og:image:type\" content=\"image\/png\" \/>\n<meta name=\"author\" content=\"Comunica\u00e7\u00e3o PSOL\" \/>\n<meta name=\"twitter:card\" content=\"summary_large_image\" \/>\n<meta name=\"twitter:creator\" content=\"@psol50\" \/>\n<meta name=\"twitter:site\" content=\"@psol50\" \/>\n<meta name=\"twitter:label1\" content=\"Escrito por\" \/>\n\t<meta name=\"twitter:data1\" content=\"Comunica\u00e7\u00e3o PSOL\" \/>\n\t<meta name=\"twitter:label2\" content=\"Est. tempo de leitura\" \/>\n\t<meta name=\"twitter:data2\" content=\"2 minutos\" \/>\n<script type=\"application\/ld+json\" class=\"yoast-schema-graph\">{\"@context\":\"https:\/\/schema.org\",\"@graph\":[{\"@type\":\"Article\",\"@id\":\"https:\/\/psol50.org.br\/favelas-e-sertoes\/#article\",\"isPartOf\":{\"@id\":\"https:\/\/psol50.org.br\/favelas-e-sertoes\/\"},\"author\":{\"name\":\"Comunica\u00e7\u00e3o PSOL\",\"@id\":\"https:\/\/psol50.org.br\/#\/schema\/person\/475dfa57d0b815993c714c2e96491fcd\"},\"headline\":\"MARCELO FREIXO: Favelas e sert\u00f5es\",\"datePublished\":\"2016-02-01T16:20:41+00:00\",\"mainEntityOfPage\":{\"@id\":\"https:\/\/psol50.org.br\/favelas-e-sertoes\/\"},\"wordCount\":472,\"commentCount\":0,\"publisher\":{\"@id\":\"https:\/\/psol50.org.br\/#organization\"},\"image\":{\"@id\":\"https:\/\/psol50.org.br\/favelas-e-sertoes\/#primaryimage\"},\"thumbnailUrl\":\"\",\"keywords\":[\"Marcelo Freixo\"],\"articleSection\":[\"Artigos\",\"Estados\"],\"inLanguage\":\"pt-BR\",\"potentialAction\":[{\"@type\":\"CommentAction\",\"name\":\"Comment\",\"target\":[\"https:\/\/psol50.org.br\/favelas-e-sertoes\/#respond\"]}]},{\"@type\":\"WebPage\",\"@id\":\"https:\/\/psol50.org.br\/favelas-e-sertoes\/\",\"url\":\"https:\/\/psol50.org.br\/favelas-e-sertoes\/\",\"name\":\"MARCELO FREIXO: Favelas e sert\u00f5es - PSOL 50\",\"isPartOf\":{\"@id\":\"https:\/\/psol50.org.br\/#website\"},\"primaryImageOfPage\":{\"@id\":\"https:\/\/psol50.org.br\/favelas-e-sertoes\/#primaryimage\"},\"image\":{\"@id\":\"https:\/\/psol50.org.br\/favelas-e-sertoes\/#primaryimage\"},\"thumbnailUrl\":\"\",\"datePublished\":\"2016-02-01T16:20:41+00:00\",\"breadcrumb\":{\"@id\":\"https:\/\/psol50.org.br\/favelas-e-sertoes\/#breadcrumb\"},\"inLanguage\":\"pt-BR\",\"potentialAction\":[{\"@type\":\"ReadAction\",\"target\":[\"https:\/\/psol50.org.br\/favelas-e-sertoes\/\"]}]},{\"@type\":\"ImageObject\",\"inLanguage\":\"pt-BR\",\"@id\":\"https:\/\/psol50.org.br\/favelas-e-sertoes\/#primaryimage\",\"url\":\"\",\"contentUrl\":\"\"},{\"@type\":\"BreadcrumbList\",\"@id\":\"https:\/\/psol50.org.br\/favelas-e-sertoes\/#breadcrumb\",\"itemListElement\":[{\"@type\":\"ListItem\",\"position\":1,\"name\":\"In\u00edcio\",\"item\":\"https:\/\/psol50.org.br\/\"},{\"@type\":\"ListItem\",\"position\":2,\"name\":\"MARCELO FREIXO: Favelas e sert\u00f5es\"}]},{\"@type\":\"WebSite\",\"@id\":\"https:\/\/psol50.org.br\/#website\",\"url\":\"https:\/\/psol50.org.br\/\",\"name\":\"PSOL 50\",\"description\":\"Site oficial do Partido Socialismo e Liberdade\",\"publisher\":{\"@id\":\"https:\/\/psol50.org.br\/#organization\"},\"alternateName\":\"PSOL50\",\"potentialAction\":[{\"@type\":\"SearchAction\",\"target\":{\"@type\":\"EntryPoint\",\"urlTemplate\":\"https:\/\/psol50.org.br\/?s={search_term_string}\"},\"query-input\":{\"@type\":\"PropertyValueSpecification\",\"valueRequired\":true,\"valueName\":\"search_term_string\"}}],\"inLanguage\":\"pt-BR\"},{\"@type\":\"Organization\",\"@id\":\"https:\/\/psol50.org.br\/#organization\",\"name\":\"PSOL 50\",\"alternateName\":\"PSOL 50\",\"url\":\"https:\/\/psol50.org.br\/\",\"logo\":{\"@type\":\"ImageObject\",\"inLanguage\":\"pt-BR\",\"@id\":\"https:\/\/psol50.org.br\/#\/schema\/logo\/image\/\",\"url\":\"https:\/\/psol50.org.br\/inc\/uploads\/2018\/07\/capa.png\",\"contentUrl\":\"https:\/\/psol50.org.br\/inc\/uploads\/2018\/07\/capa.png\",\"width\":1350,\"height\":900,\"caption\":\"PSOL 50\"},\"image\":{\"@id\":\"https:\/\/psol50.org.br\/#\/schema\/logo\/image\/\"},\"sameAs\":[\"https:\/\/www.facebook.com\/psol50\",\"https:\/\/x.com\/psol50\",\"https:\/\/www.instagram.com\/psol50\/\",\"https:\/\/www.youtube.com\/channel\/UC7SnJS5o1os7a6CaiNabzcg\"]},{\"@type\":\"Person\",\"@id\":\"https:\/\/psol50.org.br\/#\/schema\/person\/475dfa57d0b815993c714c2e96491fcd\",\"name\":\"Comunica\u00e7\u00e3o PSOL\",\"image\":{\"@type\":\"ImageObject\",\"inLanguage\":\"pt-BR\",\"@id\":\"https:\/\/psol50.org.br\/#\/schema\/person\/image\/\",\"url\":\"https:\/\/secure.gravatar.com\/avatar\/b34fc4f4e468a4e51785917065a3db57b841f5c95dba6ad8c73aaf8f66f8f9bf?s=96&d=mm&r=g\",\"contentUrl\":\"https:\/\/secure.gravatar.com\/avatar\/b34fc4f4e468a4e51785917065a3db57b841f5c95dba6ad8c73aaf8f66f8f9bf?s=96&d=mm&r=g\",\"caption\":\"Comunica\u00e7\u00e3o PSOL\"}}]}<\/script>\n<!-- \/ Yoast SEO plugin. -->","yoast_head_json":{"title":"MARCELO FREIXO: Favelas e sert\u00f5es - PSOL 50","robots":{"index":"index","follow":"follow","max-snippet":"max-snippet:-1","max-image-preview":"max-image-preview:large","max-video-preview":"max-video-preview:-1"},"canonical":"https:\/\/psol50.org.br\/favelas-e-sertoes\/","og_locale":"pt_BR","og_type":"article","og_title":"MARCELO FREIXO: Favelas e sert\u00f5es - PSOL 50","og_description":"Publicado originalmente na Folha de S. Paulo no dia 26\/01\/2016 Um dos muitos motivos para a crise e o esgotamento da pol\u00edtica de pacifica\u00e7\u00e3o no Rio de Janeiro \u00e9 a mistura entre oportunismo eleitoral e empreitada colonizadora. Quando aportaram em terras bras\u00edlicas, os portugueses chamavam de sert\u00f5es os territ\u00f3rios hostis e habitados por povos considerados [&hellip;]","og_url":"https:\/\/psol50.org.br\/favelas-e-sertoes\/","og_site_name":"PSOL 50","article_publisher":"https:\/\/www.facebook.com\/psol50","article_published_time":"2016-02-01T16:20:41+00:00","og_image":[{"width":1350,"height":900,"url":"https:\/\/psol50.org.br\/inc\/uploads\/2018\/07\/capa.png","type":"image\/png"}],"author":"Comunica\u00e7\u00e3o PSOL","twitter_card":"summary_large_image","twitter_creator":"@psol50","twitter_site":"@psol50","twitter_misc":{"Escrito por":"Comunica\u00e7\u00e3o PSOL","Est. tempo de leitura":"2 minutos"},"schema":{"@context":"https:\/\/schema.org","@graph":[{"@type":"Article","@id":"https:\/\/psol50.org.br\/favelas-e-sertoes\/#article","isPartOf":{"@id":"https:\/\/psol50.org.br\/favelas-e-sertoes\/"},"author":{"name":"Comunica\u00e7\u00e3o PSOL","@id":"https:\/\/psol50.org.br\/#\/schema\/person\/475dfa57d0b815993c714c2e96491fcd"},"headline":"MARCELO FREIXO: Favelas e sert\u00f5es","datePublished":"2016-02-01T16:20:41+00:00","mainEntityOfPage":{"@id":"https:\/\/psol50.org.br\/favelas-e-sertoes\/"},"wordCount":472,"commentCount":0,"publisher":{"@id":"https:\/\/psol50.org.br\/#organization"},"image":{"@id":"https:\/\/psol50.org.br\/favelas-e-sertoes\/#primaryimage"},"thumbnailUrl":"","keywords":["Marcelo Freixo"],"articleSection":["Artigos","Estados"],"inLanguage":"pt-BR","potentialAction":[{"@type":"CommentAction","name":"Comment","target":["https:\/\/psol50.org.br\/favelas-e-sertoes\/#respond"]}]},{"@type":"WebPage","@id":"https:\/\/psol50.org.br\/favelas-e-sertoes\/","url":"https:\/\/psol50.org.br\/favelas-e-sertoes\/","name":"MARCELO FREIXO: Favelas e sert\u00f5es - PSOL 50","isPartOf":{"@id":"https:\/\/psol50.org.br\/#website"},"primaryImageOfPage":{"@id":"https:\/\/psol50.org.br\/favelas-e-sertoes\/#primaryimage"},"image":{"@id":"https:\/\/psol50.org.br\/favelas-e-sertoes\/#primaryimage"},"thumbnailUrl":"","datePublished":"2016-02-01T16:20:41+00:00","breadcrumb":{"@id":"https:\/\/psol50.org.br\/favelas-e-sertoes\/#breadcrumb"},"inLanguage":"pt-BR","potentialAction":[{"@type":"ReadAction","target":["https:\/\/psol50.org.br\/favelas-e-sertoes\/"]}]},{"@type":"ImageObject","inLanguage":"pt-BR","@id":"https:\/\/psol50.org.br\/favelas-e-sertoes\/#primaryimage","url":"","contentUrl":""},{"@type":"BreadcrumbList","@id":"https:\/\/psol50.org.br\/favelas-e-sertoes\/#breadcrumb","itemListElement":[{"@type":"ListItem","position":1,"name":"In\u00edcio","item":"https:\/\/psol50.org.br\/"},{"@type":"ListItem","position":2,"name":"MARCELO FREIXO: Favelas e sert\u00f5es"}]},{"@type":"WebSite","@id":"https:\/\/psol50.org.br\/#website","url":"https:\/\/psol50.org.br\/","name":"PSOL 50","description":"Site oficial do Partido Socialismo e Liberdade","publisher":{"@id":"https:\/\/psol50.org.br\/#organization"},"alternateName":"PSOL50","potentialAction":[{"@type":"SearchAction","target":{"@type":"EntryPoint","urlTemplate":"https:\/\/psol50.org.br\/?s={search_term_string}"},"query-input":{"@type":"PropertyValueSpecification","valueRequired":true,"valueName":"search_term_string"}}],"inLanguage":"pt-BR"},{"@type":"Organization","@id":"https:\/\/psol50.org.br\/#organization","name":"PSOL 50","alternateName":"PSOL 50","url":"https:\/\/psol50.org.br\/","logo":{"@type":"ImageObject","inLanguage":"pt-BR","@id":"https:\/\/psol50.org.br\/#\/schema\/logo\/image\/","url":"https:\/\/psol50.org.br\/inc\/uploads\/2018\/07\/capa.png","contentUrl":"https:\/\/psol50.org.br\/inc\/uploads\/2018\/07\/capa.png","width":1350,"height":900,"caption":"PSOL 50"},"image":{"@id":"https:\/\/psol50.org.br\/#\/schema\/logo\/image\/"},"sameAs":["https:\/\/www.facebook.com\/psol50","https:\/\/x.com\/psol50","https:\/\/www.instagram.com\/psol50\/","https:\/\/www.youtube.com\/channel\/UC7SnJS5o1os7a6CaiNabzcg"]},{"@type":"Person","@id":"https:\/\/psol50.org.br\/#\/schema\/person\/475dfa57d0b815993c714c2e96491fcd","name":"Comunica\u00e7\u00e3o PSOL","image":{"@type":"ImageObject","inLanguage":"pt-BR","@id":"https:\/\/psol50.org.br\/#\/schema\/person\/image\/","url":"https:\/\/secure.gravatar.com\/avatar\/b34fc4f4e468a4e51785917065a3db57b841f5c95dba6ad8c73aaf8f66f8f9bf?s=96&d=mm&r=g","contentUrl":"https:\/\/secure.gravatar.com\/avatar\/b34fc4f4e468a4e51785917065a3db57b841f5c95dba6ad8c73aaf8f66f8f9bf?s=96&d=mm&r=g","caption":"Comunica\u00e7\u00e3o PSOL"}}]}},"_links":{"self":[{"href":"https:\/\/psol50.org.br\/rest\/wp\/v2\/posts\/11135","targetHints":{"allow":["GET"]}}],"collection":[{"href":"https:\/\/psol50.org.br\/rest\/wp\/v2\/posts"}],"about":[{"href":"https:\/\/psol50.org.br\/rest\/wp\/v2\/types\/post"}],"author":[{"embeddable":true,"href":"https:\/\/psol50.org.br\/rest\/wp\/v2\/users\/2"}],"replies":[{"embeddable":true,"href":"https:\/\/psol50.org.br\/rest\/wp\/v2\/comments?post=11135"}],"version-history":[{"count":0,"href":"https:\/\/psol50.org.br\/rest\/wp\/v2\/posts\/11135\/revisions"}],"wp:featuredmedia":[{"embeddable":true,"href":"https:\/\/psol50.org.br\/rest\/"}],"wp:attachment":[{"href":"https:\/\/psol50.org.br\/rest\/wp\/v2\/media?parent=11135"}],"wp:term":[{"taxonomy":"category","embeddable":true,"href":"https:\/\/psol50.org.br\/rest\/wp\/v2\/categories?post=11135"},{"taxonomy":"post_tag","embeddable":true,"href":"https:\/\/psol50.org.br\/rest\/wp\/v2\/tags?post=11135"}],"curies":[{"name":"wp","href":"https:\/\/api.w.org\/{rel}","templated":true}]}}