{"id":11139,"date":"2016-02-01T17:08:29","date_gmt":"2016-02-01T17:08:29","guid":{"rendered":"http:\/\/www.psol50.org.br\/?p=11139"},"modified":"2016-02-01T17:08:29","modified_gmt":"2016-02-01T17:08:29","slug":"justica-do-rio-condena-policiais-envolvidos-no-caso-amarildo","status":"publish","type":"post","link":"https:\/\/psol50.org.br\/justica-do-rio-condena-policiais-envolvidos-no-caso-amarildo\/","title":{"rendered":"Justi\u00e7a do Rio condena policiais envolvidos no caso Amarildo"},"content":{"rendered":"<p><em>Dos 25 PMs denunciados, pelo menos oito responder\u00e3o pelo crime, entre os quais o ex-comandante da UPP da Rocinha. <\/em><em>Ajudante de pedreiro sumiu em julho de 2014 durante opera\u00e7\u00e3o policial<\/em><\/p>\n<p>Reportagem veiculada neste domingo (31) no <em>Fant\u00e1stico<\/em> aponta que pelo menos oito dos 25 policiais militares denunciados por envolvimento no assassinato de Amarildo Souza, no Rio de Janeiro, foram condenados pela Justi\u00e7a do Rio. O programa teve acesso, com exclusividade, a partes da senten\u00e7a que condena o ex-comandante da Unidade de Pol\u00edcia Pacificadora da Rocinha, major Edson Santos, e mais sete policiais pela tortura e assassinato do ajudante de pedreiro, desaparecido em 14 de julho de 2013 durante uma opera\u00e7\u00e3o policial na comunidade na Zona Sul do Rio de Janeiro.<\/p>\n<p>De acordo com a senten\u00e7a, a Justi\u00e7a confirma que os policiais s\u00e3o culpados pelos crimes de tortura seguida de morte, oculta\u00e7\u00e3o de cad\u00e1ver e fraude processual. Por ter patente superior, o major Edson Santos foi condenado a 13 anos e sete meses de pris\u00e3o, sendo a maior pena definida pela senten\u00e7a. J\u00e1 o ent\u00e3o subcomandante da UPP da Rocinha, tenente Luiz Felipe de Medeiros, foi condenado a 10 anos e sete meses. Conforme a senten\u00e7a, ele orquestrou o crime junto com o major Edson. O soldado Douglas Roberto Vital Machado pegou 11 anos e seis meses de pris\u00e3o por ter atuado desde a captura de Amarildo at\u00e9 a morte dele.<\/p>\n<p>Os outros cinco soldados (Marlon Campos Reis, Jorge Luiz Gon\u00e7alves Coelho, Jairo da Concei\u00e7\u00e3o Ribas, Wellington Tavares da Silva e F\u00e1bio Brasil da Rocha da Gra\u00e7a) pagar\u00e3o pelo crime com 10 anos e quatro meses de pris\u00e3o, al\u00e9m de terem sido expulsos da corpora\u00e7\u00e3o.<\/p>\n<p>Na senten\u00e7a, a ju\u00edza critica a a\u00e7\u00e3o dos policiais. &#8220;Nos deparamos com a covardia, a ilegalidade, o desvio de finalidade e abuso de poder exercidos pelos r\u00e9us.&#8221; A ju\u00edza conclui ainda: &#8220;Tudo demonstra que Amarildo foi torturado at\u00e9 a morte&#8221;.<\/p>\n<p>\u00c0 \u00e9poca do desaparecimento de Amarildo o Rio de Janeiro e outros estados do pa\u00eds promoveram a campanha \u201cOnde est\u00e1 Amarildo\u201d. V\u00e1rias organiza\u00e7\u00f5es sociais que lutam em defesa dos direitos humanos e contra a a\u00e7\u00e3o truculenta da PM nas comunidades carentes e favelas do pa\u00eds exigiram explica\u00e7\u00e3o pelo sumi\u00e7o do pedreiro no mesmo dia em que ocorrera a opera\u00e7\u00e3o da UPP da Rocinha. O PSOL, por meio de seus parlamentares no Rio de Janeiro e de sua milit\u00e2ncia em todo o pa\u00eds, engrossou o caldo da campanha para que o desaparecimento de Amarildo fosse apurado e os respons\u00e1veis devidamente punidos. As investiga\u00e7\u00f5es confirmam, portanto, que a campanha \u201cOnde est\u00e1 Amarildo\u201d estava certa ao apontar os policiais que atuavam naquela UPP como os respons\u00e1veis por esse crime b\u00e1rbaro.<\/p>\n<p><a href=\"http:\/\/g1.globo.com\/rio-de-janeiro\/noticia\/2016\/01\/ex-comandante-de-upp-e-7-pms-sao-condenados-por-morte-de-amarildo.html\">Confira a reportagem completa do Fant\u00e1stico<\/a>.<\/p>\n","protected":false},"excerpt":{"rendered":"<p>Dos 25 PMs denunciados, pelo menos oito responder\u00e3o pelo crime, entre os quais o ex-comandante da UPP da Rocinha. Ajudante de pedreiro sumiu em julho de 2014 durante opera\u00e7\u00e3o policial Reportagem veiculada neste domingo (31) no Fant\u00e1stico aponta que pelo menos oito dos 25 policiais militares denunciados por envolvimento no assassinato de Amarildo Souza, no [&hellip;]<\/p>\n","protected":false},"author":2,"featured_media":11142,"comment_status":"open","ping_status":"open","sticky":false,"template":"","format":"standard","meta":{"_acf_changed":false,"footnotes":""},"categories":[654,6],"tags":[3945,3946,54,3947,2884,1210,3948],"class_list":{"0":"post-11139","1":"post","2":"type-post","3":"status-publish","4":"format-standard","5":"has-post-thumbnail","7":"category-estados","8":"category-noticias","9":"tag-ajudante-de-pedreiro","10":"tag-amarildo","11":"tag-justica","12":"tag-onde-esta-amarildo","13":"tag-policiais-militares","14":"tag-tortura","15":"tag-upp-da-rocinha"},"acf":[],"yoast_head":"<!-- This site is optimized with the Yoast SEO plugin v26.5 - https:\/\/yoast.com\/wordpress\/plugins\/seo\/ -->\n<title>Justi\u00e7a do Rio condena policiais envolvidos no caso Amarildo - PSOL 50<\/title>\n<meta name=\"robots\" content=\"index, follow, max-snippet:-1, max-image-preview:large, max-video-preview:-1\" \/>\n<link rel=\"canonical\" href=\"https:\/\/psol50.org.br\/justica-do-rio-condena-policiais-envolvidos-no-caso-amarildo\/\" \/>\n<meta property=\"og:locale\" content=\"pt_BR\" \/>\n<meta property=\"og:type\" content=\"article\" \/>\n<meta property=\"og:title\" content=\"Justi\u00e7a do Rio condena policiais envolvidos no caso Amarildo - PSOL 50\" \/>\n<meta property=\"og:description\" content=\"Dos 25 PMs denunciados, pelo menos oito responder\u00e3o pelo crime, entre os quais o ex-comandante da UPP da Rocinha. Ajudante de pedreiro sumiu em julho de 2014 durante opera\u00e7\u00e3o policial Reportagem veiculada neste domingo (31) no Fant\u00e1stico aponta que pelo menos oito dos 25 policiais militares denunciados por envolvimento no assassinato de Amarildo Souza, no [&hellip;]\" \/>\n<meta property=\"og:url\" content=\"https:\/\/psol50.org.br\/justica-do-rio-condena-policiais-envolvidos-no-caso-amarildo\/\" \/>\n<meta property=\"og:site_name\" content=\"PSOL 50\" \/>\n<meta property=\"article:publisher\" content=\"https:\/\/www.facebook.com\/psol50\" \/>\n<meta property=\"article:published_time\" content=\"2016-02-01T17:08:29+00:00\" \/>\n<meta property=\"og:image\" content=\"https:\/\/psol50.org.br\/inc\/uploads\/2016\/02\/onde-esta-amarildo_ebc.jpg\" \/>\n\t<meta property=\"og:image:width\" content=\"620\" \/>\n\t<meta property=\"og:image:height\" content=\"465\" \/>\n\t<meta property=\"og:image:type\" content=\"image\/jpeg\" \/>\n<meta name=\"author\" content=\"Comunica\u00e7\u00e3o PSOL\" \/>\n<meta name=\"twitter:card\" content=\"summary_large_image\" \/>\n<meta name=\"twitter:creator\" content=\"@psol50\" \/>\n<meta name=\"twitter:site\" content=\"@psol50\" \/>\n<meta name=\"twitter:label1\" content=\"Escrito por\" \/>\n\t<meta name=\"twitter:data1\" content=\"Comunica\u00e7\u00e3o PSOL\" \/>\n\t<meta name=\"twitter:label2\" content=\"Est. tempo de leitura\" \/>\n\t<meta name=\"twitter:data2\" content=\"2 minutos\" \/>\n<script type=\"application\/ld+json\" class=\"yoast-schema-graph\">{\"@context\":\"https:\/\/schema.org\",\"@graph\":[{\"@type\":\"Article\",\"@id\":\"https:\/\/psol50.org.br\/justica-do-rio-condena-policiais-envolvidos-no-caso-amarildo\/#article\",\"isPartOf\":{\"@id\":\"https:\/\/psol50.org.br\/justica-do-rio-condena-policiais-envolvidos-no-caso-amarildo\/\"},\"author\":{\"name\":\"Comunica\u00e7\u00e3o PSOL\",\"@id\":\"https:\/\/psol50.org.br\/#\/schema\/person\/475dfa57d0b815993c714c2e96491fcd\"},\"headline\":\"Justi\u00e7a do Rio condena policiais envolvidos no caso Amarildo\",\"datePublished\":\"2016-02-01T17:08:29+00:00\",\"mainEntityOfPage\":{\"@id\":\"https:\/\/psol50.org.br\/justica-do-rio-condena-policiais-envolvidos-no-caso-amarildo\/\"},\"wordCount\":491,\"commentCount\":0,\"publisher\":{\"@id\":\"https:\/\/psol50.org.br\/#organization\"},\"image\":{\"@id\":\"https:\/\/psol50.org.br\/justica-do-rio-condena-policiais-envolvidos-no-caso-amarildo\/#primaryimage\"},\"thumbnailUrl\":\"https:\/\/psol50.org.br\/inc\/uploads\/2016\/02\/onde-esta-amarildo_ebc.jpg\",\"keywords\":[\"ajudante de pedreiro\",\"Amarildo\",\"justi\u00e7a\",\"Onde est\u00e1 Amarildo\",\"policiais militares\",\"tortura\",\"UPP da Rocinha\"],\"articleSection\":[\"Estados\",\"Not\u00edcias\"],\"inLanguage\":\"pt-BR\",\"potentialAction\":[{\"@type\":\"CommentAction\",\"name\":\"Comment\",\"target\":[\"https:\/\/psol50.org.br\/justica-do-rio-condena-policiais-envolvidos-no-caso-amarildo\/#respond\"]}]},{\"@type\":\"WebPage\",\"@id\":\"https:\/\/psol50.org.br\/justica-do-rio-condena-policiais-envolvidos-no-caso-amarildo\/\",\"url\":\"https:\/\/psol50.org.br\/justica-do-rio-condena-policiais-envolvidos-no-caso-amarildo\/\",\"name\":\"Justi\u00e7a do Rio condena policiais envolvidos no caso Amarildo - PSOL 50\",\"isPartOf\":{\"@id\":\"https:\/\/psol50.org.br\/#website\"},\"primaryImageOfPage\":{\"@id\":\"https:\/\/psol50.org.br\/justica-do-rio-condena-policiais-envolvidos-no-caso-amarildo\/#primaryimage\"},\"image\":{\"@id\":\"https:\/\/psol50.org.br\/justica-do-rio-condena-policiais-envolvidos-no-caso-amarildo\/#primaryimage\"},\"thumbnailUrl\":\"https:\/\/psol50.org.br\/inc\/uploads\/2016\/02\/onde-esta-amarildo_ebc.jpg\",\"datePublished\":\"2016-02-01T17:08:29+00:00\",\"breadcrumb\":{\"@id\":\"https:\/\/psol50.org.br\/justica-do-rio-condena-policiais-envolvidos-no-caso-amarildo\/#breadcrumb\"},\"inLanguage\":\"pt-BR\",\"potentialAction\":[{\"@type\":\"ReadAction\",\"target\":[\"https:\/\/psol50.org.br\/justica-do-rio-condena-policiais-envolvidos-no-caso-amarildo\/\"]}]},{\"@type\":\"ImageObject\",\"inLanguage\":\"pt-BR\",\"@id\":\"https:\/\/psol50.org.br\/justica-do-rio-condena-policiais-envolvidos-no-caso-amarildo\/#primaryimage\",\"url\":\"https:\/\/psol50.org.br\/inc\/uploads\/2016\/02\/onde-esta-amarildo_ebc.jpg\",\"contentUrl\":\"https:\/\/psol50.org.br\/inc\/uploads\/2016\/02\/onde-esta-amarildo_ebc.jpg\",\"width\":620,\"height\":465},{\"@type\":\"BreadcrumbList\",\"@id\":\"https:\/\/psol50.org.br\/justica-do-rio-condena-policiais-envolvidos-no-caso-amarildo\/#breadcrumb\",\"itemListElement\":[{\"@type\":\"ListItem\",\"position\":1,\"name\":\"In\u00edcio\",\"item\":\"https:\/\/psol50.org.br\/\"},{\"@type\":\"ListItem\",\"position\":2,\"name\":\"Justi\u00e7a do Rio condena policiais envolvidos no caso Amarildo\"}]},{\"@type\":\"WebSite\",\"@id\":\"https:\/\/psol50.org.br\/#website\",\"url\":\"https:\/\/psol50.org.br\/\",\"name\":\"PSOL 50\",\"description\":\"Site oficial do Partido Socialismo e Liberdade\",\"publisher\":{\"@id\":\"https:\/\/psol50.org.br\/#organization\"},\"alternateName\":\"PSOL50\",\"potentialAction\":[{\"@type\":\"SearchAction\",\"target\":{\"@type\":\"EntryPoint\",\"urlTemplate\":\"https:\/\/psol50.org.br\/?s={search_term_string}\"},\"query-input\":{\"@type\":\"PropertyValueSpecification\",\"valueRequired\":true,\"valueName\":\"search_term_string\"}}],\"inLanguage\":\"pt-BR\"},{\"@type\":\"Organization\",\"@id\":\"https:\/\/psol50.org.br\/#organization\",\"name\":\"PSOL 50\",\"alternateName\":\"PSOL 50\",\"url\":\"https:\/\/psol50.org.br\/\",\"logo\":{\"@type\":\"ImageObject\",\"inLanguage\":\"pt-BR\",\"@id\":\"https:\/\/psol50.org.br\/#\/schema\/logo\/image\/\",\"url\":\"https:\/\/psol50.org.br\/inc\/uploads\/2018\/07\/capa.png\",\"contentUrl\":\"https:\/\/psol50.org.br\/inc\/uploads\/2018\/07\/capa.png\",\"width\":1350,\"height\":900,\"caption\":\"PSOL 50\"},\"image\":{\"@id\":\"https:\/\/psol50.org.br\/#\/schema\/logo\/image\/\"},\"sameAs\":[\"https:\/\/www.facebook.com\/psol50\",\"https:\/\/x.com\/psol50\",\"https:\/\/www.instagram.com\/psol50\/\",\"https:\/\/www.youtube.com\/channel\/UC7SnJS5o1os7a6CaiNabzcg\"]},{\"@type\":\"Person\",\"@id\":\"https:\/\/psol50.org.br\/#\/schema\/person\/475dfa57d0b815993c714c2e96491fcd\",\"name\":\"Comunica\u00e7\u00e3o PSOL\",\"image\":{\"@type\":\"ImageObject\",\"inLanguage\":\"pt-BR\",\"@id\":\"https:\/\/psol50.org.br\/#\/schema\/person\/image\/\",\"url\":\"https:\/\/secure.gravatar.com\/avatar\/b34fc4f4e468a4e51785917065a3db57b841f5c95dba6ad8c73aaf8f66f8f9bf?s=96&d=mm&r=g\",\"contentUrl\":\"https:\/\/secure.gravatar.com\/avatar\/b34fc4f4e468a4e51785917065a3db57b841f5c95dba6ad8c73aaf8f66f8f9bf?s=96&d=mm&r=g\",\"caption\":\"Comunica\u00e7\u00e3o PSOL\"}}]}<\/script>\n<!-- \/ Yoast SEO plugin. -->","yoast_head_json":{"title":"Justi\u00e7a do Rio condena policiais envolvidos no caso Amarildo - PSOL 50","robots":{"index":"index","follow":"follow","max-snippet":"max-snippet:-1","max-image-preview":"max-image-preview:large","max-video-preview":"max-video-preview:-1"},"canonical":"https:\/\/psol50.org.br\/justica-do-rio-condena-policiais-envolvidos-no-caso-amarildo\/","og_locale":"pt_BR","og_type":"article","og_title":"Justi\u00e7a do Rio condena policiais envolvidos no caso Amarildo - PSOL 50","og_description":"Dos 25 PMs denunciados, pelo menos oito responder\u00e3o pelo crime, entre os quais o ex-comandante da UPP da Rocinha. Ajudante de pedreiro sumiu em julho de 2014 durante opera\u00e7\u00e3o policial Reportagem veiculada neste domingo (31) no Fant\u00e1stico aponta que pelo menos oito dos 25 policiais militares denunciados por envolvimento no assassinato de Amarildo Souza, no [&hellip;]","og_url":"https:\/\/psol50.org.br\/justica-do-rio-condena-policiais-envolvidos-no-caso-amarildo\/","og_site_name":"PSOL 50","article_publisher":"https:\/\/www.facebook.com\/psol50","article_published_time":"2016-02-01T17:08:29+00:00","og_image":[{"width":620,"height":465,"url":"https:\/\/psol50.org.br\/inc\/uploads\/2016\/02\/onde-esta-amarildo_ebc.jpg","type":"image\/jpeg"}],"author":"Comunica\u00e7\u00e3o PSOL","twitter_card":"summary_large_image","twitter_creator":"@psol50","twitter_site":"@psol50","twitter_misc":{"Escrito por":"Comunica\u00e7\u00e3o PSOL","Est. tempo de leitura":"2 minutos"},"schema":{"@context":"https:\/\/schema.org","@graph":[{"@type":"Article","@id":"https:\/\/psol50.org.br\/justica-do-rio-condena-policiais-envolvidos-no-caso-amarildo\/#article","isPartOf":{"@id":"https:\/\/psol50.org.br\/justica-do-rio-condena-policiais-envolvidos-no-caso-amarildo\/"},"author":{"name":"Comunica\u00e7\u00e3o PSOL","@id":"https:\/\/psol50.org.br\/#\/schema\/person\/475dfa57d0b815993c714c2e96491fcd"},"headline":"Justi\u00e7a do Rio condena policiais envolvidos no caso Amarildo","datePublished":"2016-02-01T17:08:29+00:00","mainEntityOfPage":{"@id":"https:\/\/psol50.org.br\/justica-do-rio-condena-policiais-envolvidos-no-caso-amarildo\/"},"wordCount":491,"commentCount":0,"publisher":{"@id":"https:\/\/psol50.org.br\/#organization"},"image":{"@id":"https:\/\/psol50.org.br\/justica-do-rio-condena-policiais-envolvidos-no-caso-amarildo\/#primaryimage"},"thumbnailUrl":"https:\/\/psol50.org.br\/inc\/uploads\/2016\/02\/onde-esta-amarildo_ebc.jpg","keywords":["ajudante de pedreiro","Amarildo","justi\u00e7a","Onde est\u00e1 Amarildo","policiais militares","tortura","UPP da Rocinha"],"articleSection":["Estados","Not\u00edcias"],"inLanguage":"pt-BR","potentialAction":[{"@type":"CommentAction","name":"Comment","target":["https:\/\/psol50.org.br\/justica-do-rio-condena-policiais-envolvidos-no-caso-amarildo\/#respond"]}]},{"@type":"WebPage","@id":"https:\/\/psol50.org.br\/justica-do-rio-condena-policiais-envolvidos-no-caso-amarildo\/","url":"https:\/\/psol50.org.br\/justica-do-rio-condena-policiais-envolvidos-no-caso-amarildo\/","name":"Justi\u00e7a do Rio condena policiais envolvidos no caso Amarildo - PSOL 50","isPartOf":{"@id":"https:\/\/psol50.org.br\/#website"},"primaryImageOfPage":{"@id":"https:\/\/psol50.org.br\/justica-do-rio-condena-policiais-envolvidos-no-caso-amarildo\/#primaryimage"},"image":{"@id":"https:\/\/psol50.org.br\/justica-do-rio-condena-policiais-envolvidos-no-caso-amarildo\/#primaryimage"},"thumbnailUrl":"https:\/\/psol50.org.br\/inc\/uploads\/2016\/02\/onde-esta-amarildo_ebc.jpg","datePublished":"2016-02-01T17:08:29+00:00","breadcrumb":{"@id":"https:\/\/psol50.org.br\/justica-do-rio-condena-policiais-envolvidos-no-caso-amarildo\/#breadcrumb"},"inLanguage":"pt-BR","potentialAction":[{"@type":"ReadAction","target":["https:\/\/psol50.org.br\/justica-do-rio-condena-policiais-envolvidos-no-caso-amarildo\/"]}]},{"@type":"ImageObject","inLanguage":"pt-BR","@id":"https:\/\/psol50.org.br\/justica-do-rio-condena-policiais-envolvidos-no-caso-amarildo\/#primaryimage","url":"https:\/\/psol50.org.br\/inc\/uploads\/2016\/02\/onde-esta-amarildo_ebc.jpg","contentUrl":"https:\/\/psol50.org.br\/inc\/uploads\/2016\/02\/onde-esta-amarildo_ebc.jpg","width":620,"height":465},{"@type":"BreadcrumbList","@id":"https:\/\/psol50.org.br\/justica-do-rio-condena-policiais-envolvidos-no-caso-amarildo\/#breadcrumb","itemListElement":[{"@type":"ListItem","position":1,"name":"In\u00edcio","item":"https:\/\/psol50.org.br\/"},{"@type":"ListItem","position":2,"name":"Justi\u00e7a do Rio condena policiais envolvidos no caso Amarildo"}]},{"@type":"WebSite","@id":"https:\/\/psol50.org.br\/#website","url":"https:\/\/psol50.org.br\/","name":"PSOL 50","description":"Site oficial do Partido Socialismo e Liberdade","publisher":{"@id":"https:\/\/psol50.org.br\/#organization"},"alternateName":"PSOL50","potentialAction":[{"@type":"SearchAction","target":{"@type":"EntryPoint","urlTemplate":"https:\/\/psol50.org.br\/?s={search_term_string}"},"query-input":{"@type":"PropertyValueSpecification","valueRequired":true,"valueName":"search_term_string"}}],"inLanguage":"pt-BR"},{"@type":"Organization","@id":"https:\/\/psol50.org.br\/#organization","name":"PSOL 50","alternateName":"PSOL 50","url":"https:\/\/psol50.org.br\/","logo":{"@type":"ImageObject","inLanguage":"pt-BR","@id":"https:\/\/psol50.org.br\/#\/schema\/logo\/image\/","url":"https:\/\/psol50.org.br\/inc\/uploads\/2018\/07\/capa.png","contentUrl":"https:\/\/psol50.org.br\/inc\/uploads\/2018\/07\/capa.png","width":1350,"height":900,"caption":"PSOL 50"},"image":{"@id":"https:\/\/psol50.org.br\/#\/schema\/logo\/image\/"},"sameAs":["https:\/\/www.facebook.com\/psol50","https:\/\/x.com\/psol50","https:\/\/www.instagram.com\/psol50\/","https:\/\/www.youtube.com\/channel\/UC7SnJS5o1os7a6CaiNabzcg"]},{"@type":"Person","@id":"https:\/\/psol50.org.br\/#\/schema\/person\/475dfa57d0b815993c714c2e96491fcd","name":"Comunica\u00e7\u00e3o PSOL","image":{"@type":"ImageObject","inLanguage":"pt-BR","@id":"https:\/\/psol50.org.br\/#\/schema\/person\/image\/","url":"https:\/\/secure.gravatar.com\/avatar\/b34fc4f4e468a4e51785917065a3db57b841f5c95dba6ad8c73aaf8f66f8f9bf?s=96&d=mm&r=g","contentUrl":"https:\/\/secure.gravatar.com\/avatar\/b34fc4f4e468a4e51785917065a3db57b841f5c95dba6ad8c73aaf8f66f8f9bf?s=96&d=mm&r=g","caption":"Comunica\u00e7\u00e3o PSOL"}}]}},"_links":{"self":[{"href":"https:\/\/psol50.org.br\/rest\/wp\/v2\/posts\/11139","targetHints":{"allow":["GET"]}}],"collection":[{"href":"https:\/\/psol50.org.br\/rest\/wp\/v2\/posts"}],"about":[{"href":"https:\/\/psol50.org.br\/rest\/wp\/v2\/types\/post"}],"author":[{"embeddable":true,"href":"https:\/\/psol50.org.br\/rest\/wp\/v2\/users\/2"}],"replies":[{"embeddable":true,"href":"https:\/\/psol50.org.br\/rest\/wp\/v2\/comments?post=11139"}],"version-history":[{"count":0,"href":"https:\/\/psol50.org.br\/rest\/wp\/v2\/posts\/11139\/revisions"}],"wp:featuredmedia":[{"embeddable":true,"href":"https:\/\/psol50.org.br\/rest\/wp\/v2\/media\/11142"}],"wp:attachment":[{"href":"https:\/\/psol50.org.br\/rest\/wp\/v2\/media?parent=11139"}],"wp:term":[{"taxonomy":"category","embeddable":true,"href":"https:\/\/psol50.org.br\/rest\/wp\/v2\/categories?post=11139"},{"taxonomy":"post_tag","embeddable":true,"href":"https:\/\/psol50.org.br\/rest\/wp\/v2\/tags?post=11139"}],"curies":[{"name":"wp","href":"https:\/\/api.w.org\/{rel}","templated":true}]}}