{"id":11144,"date":"2016-02-02T09:00:00","date_gmt":"2016-02-02T09:00:00","guid":{"rendered":"http:\/\/www.psol50.org.br\/?p=11144"},"modified":"2016-02-02T09:00:00","modified_gmt":"2016-02-02T09:00:00","slug":"a-temporada-esta-perdida-a-cidade-ainda-nao","status":"publish","type":"post","link":"https:\/\/psol50.org.br\/a-temporada-esta-perdida-a-cidade-ainda-nao\/","title":{"rendered":"AFR\u00c2NIO BOPPR\u00c9: A temporada est\u00e1 perdida, a cidade ainda n\u00e3o"},"content":{"rendered":"<p>Nos anos 80 o &#8220;projeto&#8221; de cidade das elites locais prometia o para\u00edso. Florian\u00f3polis deveria se transformar em uma Global City e Ibiza era o sonho de consumo para ser seguido. Os que questionavam a tal &#8220;voca\u00e7\u00e3o&#8221; eram rotulados de &#8220;os contra&#8221;. A realidade mostra que esse projeto fracassou. Esta temporada de ver\u00e3o que estamos vivendo \u00e9 a prova disso. O povo de nossa terra, fundada em 1673, sempre orgulhoso em raz\u00e3o da exuber\u00e2ncia de nossas belezas naturais est\u00e1 envergonhado e os turistas que nos visitam est\u00e3o indignados.<\/p>\n<p>Crise no saneamento, praias impr\u00f3prias, gente doente, tr\u00e2nsito megaengarrafado, pre\u00e7os abusivos, bagun\u00e7a no com\u00e9rcio ambulante, inclusive com casos de viol\u00eancia extrema, &#8220;acidentes&#8221; fatais com ciclistas, suspens\u00e3o de diversos eventos no carnaval, fornecedores apavorados com a falta de pagamento.<\/p>\n<p>E por mais absurdo que pare\u00e7a, apesar de toda essa situa\u00e7\u00e3o ca\u00f3tica, o prefeito ainda cogitava tirar f\u00e9rias.<\/p>\n<p>A verdade \u00e9 que este governo n\u00e3o tem projeto para a cidade. Suas a\u00e7\u00f5es n\u00e3o obedecem a sincronia necess\u00e1ria entre a ato governamental e o problema imediato. Incompet\u00eancia, falta de senso de realidade, dist\u00e2ncia em rela\u00e7\u00e3o ao sofrimento e dor do povo s\u00e3o caracter\u00edsticas que precisam ser varridas da administra\u00e7\u00e3o p\u00fablica.<\/p>\n<p>Reinventar, desfazer os erros que s\u00e3o poss\u00edveis, correr atr\u00e1s do preju\u00edzo, e ancorar pol\u00edtica, ecol\u00f3gica, social e economicamente a nossa cidade \u00e9 o desafio.\u00a0 Em rela\u00e7\u00e3o \u00e0 temporada, vamos tentar novamente no pr\u00f3ximo ano. Sob nova dire\u00e7\u00e3o, espero!<\/p>\n<p><img loading=\"lazy\" decoding=\"async\" class=\"wp-image-11148 alignleft\" src=\"http:\/\/www.psol50.org.br\/inc\/uploads\/2016\/02\/Afr\u00e2nio-Boppr\u00e9.jpg\" alt=\"Afr\u00e2nio Boppr\u00e9\" width=\"177\" height=\"177\" \/><\/p>\n<p>&nbsp;<\/p>\n<p>&nbsp;<\/p>\n<p><em>Afr\u00e2nio Boppr\u00e9 \u00e9 vereador do PSOL em Florian\u00f3polis\/SC<\/em><\/p>\n","protected":false},"excerpt":{"rendered":"<p>Nos anos 80 o &#8220;projeto&#8221; de cidade das elites locais prometia o para\u00edso. Florian\u00f3polis deveria se transformar em uma Global City e Ibiza era o sonho de consumo para ser seguido. Os que questionavam a tal &#8220;voca\u00e7\u00e3o&#8221; eram rotulados de &#8220;os contra&#8221;. A realidade mostra que esse projeto fracassou. Esta temporada de ver\u00e3o que estamos [&hellip;]<\/p>\n","protected":false},"author":2,"featured_media":11145,"comment_status":"open","ping_status":"open","sticky":false,"template":"","format":"standard","meta":{"_acf_changed":false,"footnotes":""},"categories":[3,654],"tags":[2934,922,3952,3953,3954,233],"class_list":{"0":"post-11144","1":"post","2":"type-post","3":"status-publish","4":"format-standard","5":"has-post-thumbnail","7":"category-artigos-e-entrevistas","8":"category-estados","9":"tag-afranio-boppre","10":"tag-florianopolis","11":"tag-praias-improprias","12":"tag-precos-abusivos","13":"tag-transito-megaengarrafado","14":"tag-violencia"},"acf":[],"yoast_head":"<!-- This site is optimized with the Yoast SEO plugin v26.5 - https:\/\/yoast.com\/wordpress\/plugins\/seo\/ -->\n<title>AFR\u00c2NIO BOPPR\u00c9: A temporada est\u00e1 perdida, a cidade ainda n\u00e3o - PSOL 50<\/title>\n<meta name=\"robots\" content=\"index, follow, max-snippet:-1, max-image-preview:large, max-video-preview:-1\" \/>\n<link rel=\"canonical\" href=\"https:\/\/psol50.org.br\/a-temporada-esta-perdida-a-cidade-ainda-nao\/\" \/>\n<meta property=\"og:locale\" content=\"pt_BR\" \/>\n<meta property=\"og:type\" content=\"article\" \/>\n<meta property=\"og:title\" content=\"AFR\u00c2NIO BOPPR\u00c9: A temporada est\u00e1 perdida, a cidade ainda n\u00e3o - PSOL 50\" \/>\n<meta property=\"og:description\" content=\"Nos anos 80 o &#8220;projeto&#8221; de cidade das elites locais prometia o para\u00edso. Florian\u00f3polis deveria se transformar em uma Global City e Ibiza era o sonho de consumo para ser seguido. Os que questionavam a tal &#8220;voca\u00e7\u00e3o&#8221; eram rotulados de &#8220;os contra&#8221;. A realidade mostra que esse projeto fracassou. Esta temporada de ver\u00e3o que estamos [&hellip;]\" \/>\n<meta property=\"og:url\" content=\"https:\/\/psol50.org.br\/a-temporada-esta-perdida-a-cidade-ainda-nao\/\" \/>\n<meta property=\"og:site_name\" content=\"PSOL 50\" \/>\n<meta property=\"article:publisher\" content=\"https:\/\/www.facebook.com\/psol50\" \/>\n<meta property=\"article:published_time\" content=\"2016-02-02T09:00:00+00:00\" \/>\n<meta property=\"og:image\" content=\"https:\/\/psol50.org.br\/inc\/uploads\/2018\/07\/capa.png\" \/>\n\t<meta property=\"og:image:width\" content=\"1350\" \/>\n\t<meta property=\"og:image:height\" content=\"900\" \/>\n\t<meta property=\"og:image:type\" content=\"image\/png\" \/>\n<meta name=\"author\" content=\"Comunica\u00e7\u00e3o PSOL\" \/>\n<meta name=\"twitter:card\" content=\"summary_large_image\" \/>\n<meta name=\"twitter:creator\" content=\"@psol50\" \/>\n<meta name=\"twitter:site\" content=\"@psol50\" \/>\n<meta name=\"twitter:label1\" content=\"Escrito por\" \/>\n\t<meta name=\"twitter:data1\" content=\"Comunica\u00e7\u00e3o PSOL\" \/>\n\t<meta name=\"twitter:label2\" content=\"Est. tempo de leitura\" \/>\n\t<meta name=\"twitter:data2\" content=\"1 minuto\" \/>\n<script type=\"application\/ld+json\" class=\"yoast-schema-graph\">{\"@context\":\"https:\/\/schema.org\",\"@graph\":[{\"@type\":\"Article\",\"@id\":\"https:\/\/psol50.org.br\/a-temporada-esta-perdida-a-cidade-ainda-nao\/#article\",\"isPartOf\":{\"@id\":\"https:\/\/psol50.org.br\/a-temporada-esta-perdida-a-cidade-ainda-nao\/\"},\"author\":{\"name\":\"Comunica\u00e7\u00e3o PSOL\",\"@id\":\"https:\/\/psol50.org.br\/#\/schema\/person\/475dfa57d0b815993c714c2e96491fcd\"},\"headline\":\"AFR\u00c2NIO BOPPR\u00c9: A temporada est\u00e1 perdida, a cidade ainda n\u00e3o\",\"datePublished\":\"2016-02-02T09:00:00+00:00\",\"mainEntityOfPage\":{\"@id\":\"https:\/\/psol50.org.br\/a-temporada-esta-perdida-a-cidade-ainda-nao\/\"},\"wordCount\":289,\"commentCount\":0,\"publisher\":{\"@id\":\"https:\/\/psol50.org.br\/#organization\"},\"image\":{\"@id\":\"https:\/\/psol50.org.br\/a-temporada-esta-perdida-a-cidade-ainda-nao\/#primaryimage\"},\"thumbnailUrl\":\"\",\"keywords\":[\"Afr\u00e2nio Boppr\u00e9\",\"Florian\u00f3polis\",\"praias impr\u00f3prias\",\"pre\u00e7os abusivos\",\"tr\u00e2nsito megaengarrafado\",\"viol\u00eancia\"],\"articleSection\":[\"Artigos\",\"Estados\"],\"inLanguage\":\"pt-BR\",\"potentialAction\":[{\"@type\":\"CommentAction\",\"name\":\"Comment\",\"target\":[\"https:\/\/psol50.org.br\/a-temporada-esta-perdida-a-cidade-ainda-nao\/#respond\"]}]},{\"@type\":\"WebPage\",\"@id\":\"https:\/\/psol50.org.br\/a-temporada-esta-perdida-a-cidade-ainda-nao\/\",\"url\":\"https:\/\/psol50.org.br\/a-temporada-esta-perdida-a-cidade-ainda-nao\/\",\"name\":\"AFR\u00c2NIO BOPPR\u00c9: A temporada est\u00e1 perdida, a cidade ainda n\u00e3o - PSOL 50\",\"isPartOf\":{\"@id\":\"https:\/\/psol50.org.br\/#website\"},\"primaryImageOfPage\":{\"@id\":\"https:\/\/psol50.org.br\/a-temporada-esta-perdida-a-cidade-ainda-nao\/#primaryimage\"},\"image\":{\"@id\":\"https:\/\/psol50.org.br\/a-temporada-esta-perdida-a-cidade-ainda-nao\/#primaryimage\"},\"thumbnailUrl\":\"\",\"datePublished\":\"2016-02-02T09:00:00+00:00\",\"breadcrumb\":{\"@id\":\"https:\/\/psol50.org.br\/a-temporada-esta-perdida-a-cidade-ainda-nao\/#breadcrumb\"},\"inLanguage\":\"pt-BR\",\"potentialAction\":[{\"@type\":\"ReadAction\",\"target\":[\"https:\/\/psol50.org.br\/a-temporada-esta-perdida-a-cidade-ainda-nao\/\"]}]},{\"@type\":\"ImageObject\",\"inLanguage\":\"pt-BR\",\"@id\":\"https:\/\/psol50.org.br\/a-temporada-esta-perdida-a-cidade-ainda-nao\/#primaryimage\",\"url\":\"\",\"contentUrl\":\"\"},{\"@type\":\"BreadcrumbList\",\"@id\":\"https:\/\/psol50.org.br\/a-temporada-esta-perdida-a-cidade-ainda-nao\/#breadcrumb\",\"itemListElement\":[{\"@type\":\"ListItem\",\"position\":1,\"name\":\"In\u00edcio\",\"item\":\"https:\/\/psol50.org.br\/\"},{\"@type\":\"ListItem\",\"position\":2,\"name\":\"AFR\u00c2NIO BOPPR\u00c9: A temporada est\u00e1 perdida, a cidade ainda n\u00e3o\"}]},{\"@type\":\"WebSite\",\"@id\":\"https:\/\/psol50.org.br\/#website\",\"url\":\"https:\/\/psol50.org.br\/\",\"name\":\"PSOL 50\",\"description\":\"Site oficial do Partido Socialismo e Liberdade\",\"publisher\":{\"@id\":\"https:\/\/psol50.org.br\/#organization\"},\"alternateName\":\"PSOL50\",\"potentialAction\":[{\"@type\":\"SearchAction\",\"target\":{\"@type\":\"EntryPoint\",\"urlTemplate\":\"https:\/\/psol50.org.br\/?s={search_term_string}\"},\"query-input\":{\"@type\":\"PropertyValueSpecification\",\"valueRequired\":true,\"valueName\":\"search_term_string\"}}],\"inLanguage\":\"pt-BR\"},{\"@type\":\"Organization\",\"@id\":\"https:\/\/psol50.org.br\/#organization\",\"name\":\"PSOL 50\",\"alternateName\":\"PSOL 50\",\"url\":\"https:\/\/psol50.org.br\/\",\"logo\":{\"@type\":\"ImageObject\",\"inLanguage\":\"pt-BR\",\"@id\":\"https:\/\/psol50.org.br\/#\/schema\/logo\/image\/\",\"url\":\"https:\/\/psol50.org.br\/inc\/uploads\/2018\/07\/capa.png\",\"contentUrl\":\"https:\/\/psol50.org.br\/inc\/uploads\/2018\/07\/capa.png\",\"width\":1350,\"height\":900,\"caption\":\"PSOL 50\"},\"image\":{\"@id\":\"https:\/\/psol50.org.br\/#\/schema\/logo\/image\/\"},\"sameAs\":[\"https:\/\/www.facebook.com\/psol50\",\"https:\/\/x.com\/psol50\",\"https:\/\/www.instagram.com\/psol50\/\",\"https:\/\/www.youtube.com\/channel\/UC7SnJS5o1os7a6CaiNabzcg\"]},{\"@type\":\"Person\",\"@id\":\"https:\/\/psol50.org.br\/#\/schema\/person\/475dfa57d0b815993c714c2e96491fcd\",\"name\":\"Comunica\u00e7\u00e3o PSOL\",\"image\":{\"@type\":\"ImageObject\",\"inLanguage\":\"pt-BR\",\"@id\":\"https:\/\/psol50.org.br\/#\/schema\/person\/image\/\",\"url\":\"https:\/\/secure.gravatar.com\/avatar\/b34fc4f4e468a4e51785917065a3db57b841f5c95dba6ad8c73aaf8f66f8f9bf?s=96&d=mm&r=g\",\"contentUrl\":\"https:\/\/secure.gravatar.com\/avatar\/b34fc4f4e468a4e51785917065a3db57b841f5c95dba6ad8c73aaf8f66f8f9bf?s=96&d=mm&r=g\",\"caption\":\"Comunica\u00e7\u00e3o PSOL\"}}]}<\/script>\n<!-- \/ Yoast SEO plugin. -->","yoast_head_json":{"title":"AFR\u00c2NIO BOPPR\u00c9: A temporada est\u00e1 perdida, a cidade ainda n\u00e3o - PSOL 50","robots":{"index":"index","follow":"follow","max-snippet":"max-snippet:-1","max-image-preview":"max-image-preview:large","max-video-preview":"max-video-preview:-1"},"canonical":"https:\/\/psol50.org.br\/a-temporada-esta-perdida-a-cidade-ainda-nao\/","og_locale":"pt_BR","og_type":"article","og_title":"AFR\u00c2NIO BOPPR\u00c9: A temporada est\u00e1 perdida, a cidade ainda n\u00e3o - PSOL 50","og_description":"Nos anos 80 o &#8220;projeto&#8221; de cidade das elites locais prometia o para\u00edso. Florian\u00f3polis deveria se transformar em uma Global City e Ibiza era o sonho de consumo para ser seguido. Os que questionavam a tal &#8220;voca\u00e7\u00e3o&#8221; eram rotulados de &#8220;os contra&#8221;. A realidade mostra que esse projeto fracassou. Esta temporada de ver\u00e3o que estamos [&hellip;]","og_url":"https:\/\/psol50.org.br\/a-temporada-esta-perdida-a-cidade-ainda-nao\/","og_site_name":"PSOL 50","article_publisher":"https:\/\/www.facebook.com\/psol50","article_published_time":"2016-02-02T09:00:00+00:00","og_image":[{"width":1350,"height":900,"url":"https:\/\/psol50.org.br\/inc\/uploads\/2018\/07\/capa.png","type":"image\/png"}],"author":"Comunica\u00e7\u00e3o PSOL","twitter_card":"summary_large_image","twitter_creator":"@psol50","twitter_site":"@psol50","twitter_misc":{"Escrito por":"Comunica\u00e7\u00e3o PSOL","Est. tempo de leitura":"1 minuto"},"schema":{"@context":"https:\/\/schema.org","@graph":[{"@type":"Article","@id":"https:\/\/psol50.org.br\/a-temporada-esta-perdida-a-cidade-ainda-nao\/#article","isPartOf":{"@id":"https:\/\/psol50.org.br\/a-temporada-esta-perdida-a-cidade-ainda-nao\/"},"author":{"name":"Comunica\u00e7\u00e3o PSOL","@id":"https:\/\/psol50.org.br\/#\/schema\/person\/475dfa57d0b815993c714c2e96491fcd"},"headline":"AFR\u00c2NIO BOPPR\u00c9: A temporada est\u00e1 perdida, a cidade ainda n\u00e3o","datePublished":"2016-02-02T09:00:00+00:00","mainEntityOfPage":{"@id":"https:\/\/psol50.org.br\/a-temporada-esta-perdida-a-cidade-ainda-nao\/"},"wordCount":289,"commentCount":0,"publisher":{"@id":"https:\/\/psol50.org.br\/#organization"},"image":{"@id":"https:\/\/psol50.org.br\/a-temporada-esta-perdida-a-cidade-ainda-nao\/#primaryimage"},"thumbnailUrl":"","keywords":["Afr\u00e2nio Boppr\u00e9","Florian\u00f3polis","praias impr\u00f3prias","pre\u00e7os abusivos","tr\u00e2nsito megaengarrafado","viol\u00eancia"],"articleSection":["Artigos","Estados"],"inLanguage":"pt-BR","potentialAction":[{"@type":"CommentAction","name":"Comment","target":["https:\/\/psol50.org.br\/a-temporada-esta-perdida-a-cidade-ainda-nao\/#respond"]}]},{"@type":"WebPage","@id":"https:\/\/psol50.org.br\/a-temporada-esta-perdida-a-cidade-ainda-nao\/","url":"https:\/\/psol50.org.br\/a-temporada-esta-perdida-a-cidade-ainda-nao\/","name":"AFR\u00c2NIO BOPPR\u00c9: A temporada est\u00e1 perdida, a cidade ainda n\u00e3o - PSOL 50","isPartOf":{"@id":"https:\/\/psol50.org.br\/#website"},"primaryImageOfPage":{"@id":"https:\/\/psol50.org.br\/a-temporada-esta-perdida-a-cidade-ainda-nao\/#primaryimage"},"image":{"@id":"https:\/\/psol50.org.br\/a-temporada-esta-perdida-a-cidade-ainda-nao\/#primaryimage"},"thumbnailUrl":"","datePublished":"2016-02-02T09:00:00+00:00","breadcrumb":{"@id":"https:\/\/psol50.org.br\/a-temporada-esta-perdida-a-cidade-ainda-nao\/#breadcrumb"},"inLanguage":"pt-BR","potentialAction":[{"@type":"ReadAction","target":["https:\/\/psol50.org.br\/a-temporada-esta-perdida-a-cidade-ainda-nao\/"]}]},{"@type":"ImageObject","inLanguage":"pt-BR","@id":"https:\/\/psol50.org.br\/a-temporada-esta-perdida-a-cidade-ainda-nao\/#primaryimage","url":"","contentUrl":""},{"@type":"BreadcrumbList","@id":"https:\/\/psol50.org.br\/a-temporada-esta-perdida-a-cidade-ainda-nao\/#breadcrumb","itemListElement":[{"@type":"ListItem","position":1,"name":"In\u00edcio","item":"https:\/\/psol50.org.br\/"},{"@type":"ListItem","position":2,"name":"AFR\u00c2NIO BOPPR\u00c9: A temporada est\u00e1 perdida, a cidade ainda n\u00e3o"}]},{"@type":"WebSite","@id":"https:\/\/psol50.org.br\/#website","url":"https:\/\/psol50.org.br\/","name":"PSOL 50","description":"Site oficial do Partido Socialismo e Liberdade","publisher":{"@id":"https:\/\/psol50.org.br\/#organization"},"alternateName":"PSOL50","potentialAction":[{"@type":"SearchAction","target":{"@type":"EntryPoint","urlTemplate":"https:\/\/psol50.org.br\/?s={search_term_string}"},"query-input":{"@type":"PropertyValueSpecification","valueRequired":true,"valueName":"search_term_string"}}],"inLanguage":"pt-BR"},{"@type":"Organization","@id":"https:\/\/psol50.org.br\/#organization","name":"PSOL 50","alternateName":"PSOL 50","url":"https:\/\/psol50.org.br\/","logo":{"@type":"ImageObject","inLanguage":"pt-BR","@id":"https:\/\/psol50.org.br\/#\/schema\/logo\/image\/","url":"https:\/\/psol50.org.br\/inc\/uploads\/2018\/07\/capa.png","contentUrl":"https:\/\/psol50.org.br\/inc\/uploads\/2018\/07\/capa.png","width":1350,"height":900,"caption":"PSOL 50"},"image":{"@id":"https:\/\/psol50.org.br\/#\/schema\/logo\/image\/"},"sameAs":["https:\/\/www.facebook.com\/psol50","https:\/\/x.com\/psol50","https:\/\/www.instagram.com\/psol50\/","https:\/\/www.youtube.com\/channel\/UC7SnJS5o1os7a6CaiNabzcg"]},{"@type":"Person","@id":"https:\/\/psol50.org.br\/#\/schema\/person\/475dfa57d0b815993c714c2e96491fcd","name":"Comunica\u00e7\u00e3o PSOL","image":{"@type":"ImageObject","inLanguage":"pt-BR","@id":"https:\/\/psol50.org.br\/#\/schema\/person\/image\/","url":"https:\/\/secure.gravatar.com\/avatar\/b34fc4f4e468a4e51785917065a3db57b841f5c95dba6ad8c73aaf8f66f8f9bf?s=96&d=mm&r=g","contentUrl":"https:\/\/secure.gravatar.com\/avatar\/b34fc4f4e468a4e51785917065a3db57b841f5c95dba6ad8c73aaf8f66f8f9bf?s=96&d=mm&r=g","caption":"Comunica\u00e7\u00e3o PSOL"}}]}},"_links":{"self":[{"href":"https:\/\/psol50.org.br\/rest\/wp\/v2\/posts\/11144","targetHints":{"allow":["GET"]}}],"collection":[{"href":"https:\/\/psol50.org.br\/rest\/wp\/v2\/posts"}],"about":[{"href":"https:\/\/psol50.org.br\/rest\/wp\/v2\/types\/post"}],"author":[{"embeddable":true,"href":"https:\/\/psol50.org.br\/rest\/wp\/v2\/users\/2"}],"replies":[{"embeddable":true,"href":"https:\/\/psol50.org.br\/rest\/wp\/v2\/comments?post=11144"}],"version-history":[{"count":0,"href":"https:\/\/psol50.org.br\/rest\/wp\/v2\/posts\/11144\/revisions"}],"wp:featuredmedia":[{"embeddable":true,"href":"https:\/\/psol50.org.br\/rest\/"}],"wp:attachment":[{"href":"https:\/\/psol50.org.br\/rest\/wp\/v2\/media?parent=11144"}],"wp:term":[{"taxonomy":"category","embeddable":true,"href":"https:\/\/psol50.org.br\/rest\/wp\/v2\/categories?post=11144"},{"taxonomy":"post_tag","embeddable":true,"href":"https:\/\/psol50.org.br\/rest\/wp\/v2\/tags?post=11144"}],"curies":[{"name":"wp","href":"https:\/\/api.w.org\/{rel}","templated":true}]}}