{"id":11150,"date":"2016-02-01T19:26:38","date_gmt":"2016-02-01T19:26:38","guid":{"rendered":"http:\/\/www.psol50.org.br\/?p=11150"},"modified":"2016-02-01T19:26:38","modified_gmt":"2016-02-01T19:26:38","slug":"politicos-controlam-mais-de-20-das-radios-e-tvs-na-amazonia","status":"publish","type":"post","link":"https:\/\/psol50.org.br\/politicos-controlam-mais-de-20-das-radios-e-tvs-na-amazonia\/","title":{"rendered":"Pol\u00edticos controlam mais de 20% das r\u00e1dios e TVs na Amaz\u00f4nia"},"content":{"rendered":"<p>Uma reportagem feita pela jornalista Elvira Lobato, da\u00a0<strong><a href=\"http:\/\/www.apublica.org\/\" target=\"_blank\" rel=\"noopener\"><em>Ag\u00eancia P\u00fablica<\/em><\/a><\/strong>,<b>\u00a0<\/b>mostra que uma em cada cinco r\u00e1dios e TVs da Amaz\u00f4nia Legal pertence a algum pol\u00edtico ou parente pr\u00f3ximo. 21,5% dos 1737 canais de radiodifus\u00e3o da regi\u00e3o est\u00e3o em seus nomes, incluindo sete senadores da Rep\u00fablica.<\/p>\n<p>A reportagem\u00a0demonstra que, entre os estados da Amaz\u00f4nia, o Maranh\u00e3o \u00e9 o campe\u00e3o da pr\u00e1tica: 58% das retransmissoras de TV est\u00e3o registradas em nomes de empresas de pol\u00edticos &#8211; somando as retransmissoras de prefeituras, o n\u00famero chega a impressionantes 81%.<\/p>\n<p>Ao analisar o caso da filiada \u00e0 Rede Globo no estado, a TV Mirante, um nome muito conhecido se destaca. Seus tr\u00eas donos se chamam Roseana Sarney (ex-governadora, ex-senadora e ex-deputada federal pelo PMDB), Jos\u00e9 Sarney Filho (deputado federal pelo PV) e Fernando Sarney, empres\u00e1rio ligado ao ramo da comunica\u00e7\u00e3o. Todos s\u00e3o filhos do ex-presidente Jos\u00e9 Sarney.<\/p>\n<p>A pr\u00e1tica \u00e9 proibida pela Constitui\u00e7\u00e3o de 1988, j\u00e1 que as emissoras funcionam a partir de concess\u00e3o p\u00fablica. Mesmo assim, diversos deputados e senadores seguem com as propriedades, como donos ou s\u00f3cios. No fim de 2015, o Minist\u00e9rio P\u00fablico Federal <strong><a href=\"http:\/\/www.cartacapital.com.br\/blogs\/intervozes\/novo-alvo-do-mpf-os-politicos-donos-da-midia-3650.html\" target=\"_blank\" rel=\"noopener\">recebeu de diversas organiza\u00e7\u00f5es da sociedade civil<\/a><\/strong> uma representa\u00e7\u00e3o pedindo o cancelamento das concess\u00f5es a pol\u00edticos com mandato.<\/p>\n<p>Ao todo s\u00e3o acusados 32 deputados federais e oito senadores. Em S\u00e3o Paulo, o\u00a0MPF j\u00e1 entrou com a\u00e7\u00e3o pedindo o cancelamento de licen\u00e7as sobre a batuta de tr\u00eas deputados do estado:\u00a0Ant\u00f4nio Bulh\u00f5es (PRB); Baleia Rossi (PMDB) e Beto Mansur (PRB).<\/p>\n<p><strong>Clique aqui para ler a reportagem completa no site da Ag\u00eancia P\u00fablica: <a href=\"http:\/\/www.apublica.org\/tvsdaamazonia\/a-forca-dos-politicos\/\" target=\"_blank\" rel=\"noopener\">A for\u00e7a dos pol\u00edticos<\/a><\/strong><\/p>\n","protected":false},"excerpt":{"rendered":"<p>Uma reportagem feita pela jornalista Elvira Lobato, da\u00a0Ag\u00eancia P\u00fablica,\u00a0mostra que uma em cada cinco r\u00e1dios e TVs da Amaz\u00f4nia Legal pertence a algum pol\u00edtico ou parente pr\u00f3ximo. 21,5% dos 1737 canais de radiodifus\u00e3o da regi\u00e3o est\u00e3o em seus nomes, incluindo sete senadores da Rep\u00fablica. A reportagem\u00a0demonstra que, entre os estados da Amaz\u00f4nia, o Maranh\u00e3o \u00e9 [&hellip;]<\/p>\n","protected":false},"author":2,"featured_media":11151,"comment_status":"open","ping_status":"open","sticky":false,"template":"","format":"standard","meta":{"_acf_changed":false,"footnotes":""},"categories":[1882,654,6],"tags":[722,3949,3950,456,1410],"class_list":{"0":"post-11150","1":"post","2":"type-post","3":"status-publish","4":"format-standard","5":"has-post-thumbnail","7":"category-brasil","8":"category-estados","9":"category-noticias","10":"tag-agencia-publica","11":"tag-democratizacao-da-midia","12":"tag-jose-sarney","13":"tag-maranhao","14":"tag-politicos-donos-da-midia"},"acf":[],"yoast_head":"<!-- This site is optimized with the Yoast SEO plugin v26.5 - https:\/\/yoast.com\/wordpress\/plugins\/seo\/ -->\n<title>Pol\u00edticos controlam mais de 20% das r\u00e1dios e TVs na Amaz\u00f4nia - PSOL 50<\/title>\n<meta name=\"robots\" content=\"index, follow, max-snippet:-1, max-image-preview:large, max-video-preview:-1\" \/>\n<link rel=\"canonical\" href=\"https:\/\/psol50.org.br\/politicos-controlam-mais-de-20-das-radios-e-tvs-na-amazonia\/\" \/>\n<meta property=\"og:locale\" content=\"pt_BR\" \/>\n<meta property=\"og:type\" content=\"article\" \/>\n<meta property=\"og:title\" content=\"Pol\u00edticos controlam mais de 20% das r\u00e1dios e TVs na Amaz\u00f4nia - PSOL 50\" \/>\n<meta property=\"og:description\" content=\"Uma reportagem feita pela jornalista Elvira Lobato, da\u00a0Ag\u00eancia P\u00fablica,\u00a0mostra que uma em cada cinco r\u00e1dios e TVs da Amaz\u00f4nia Legal pertence a algum pol\u00edtico ou parente pr\u00f3ximo. 21,5% dos 1737 canais de radiodifus\u00e3o da regi\u00e3o est\u00e3o em seus nomes, incluindo sete senadores da Rep\u00fablica. A reportagem\u00a0demonstra que, entre os estados da Amaz\u00f4nia, o Maranh\u00e3o \u00e9 [&hellip;]\" \/>\n<meta property=\"og:url\" content=\"https:\/\/psol50.org.br\/politicos-controlam-mais-de-20-das-radios-e-tvs-na-amazonia\/\" \/>\n<meta property=\"og:site_name\" content=\"PSOL 50\" \/>\n<meta property=\"article:publisher\" content=\"https:\/\/www.facebook.com\/psol50\" \/>\n<meta property=\"article:published_time\" content=\"2016-02-01T19:26:38+00:00\" \/>\n<meta property=\"og:image\" content=\"https:\/\/psol50.org.br\/inc\/uploads\/2018\/07\/capa.png\" \/>\n\t<meta property=\"og:image:width\" content=\"1350\" \/>\n\t<meta property=\"og:image:height\" content=\"900\" \/>\n\t<meta property=\"og:image:type\" content=\"image\/png\" \/>\n<meta name=\"author\" content=\"Comunica\u00e7\u00e3o PSOL\" \/>\n<meta name=\"twitter:card\" content=\"summary_large_image\" \/>\n<meta name=\"twitter:creator\" content=\"@psol50\" \/>\n<meta name=\"twitter:site\" content=\"@psol50\" \/>\n<meta name=\"twitter:label1\" content=\"Escrito por\" \/>\n\t<meta name=\"twitter:data1\" content=\"Comunica\u00e7\u00e3o PSOL\" \/>\n\t<meta name=\"twitter:label2\" content=\"Est. tempo de leitura\" \/>\n\t<meta name=\"twitter:data2\" content=\"1 minuto\" \/>\n<script type=\"application\/ld+json\" class=\"yoast-schema-graph\">{\"@context\":\"https:\/\/schema.org\",\"@graph\":[{\"@type\":\"Article\",\"@id\":\"https:\/\/psol50.org.br\/politicos-controlam-mais-de-20-das-radios-e-tvs-na-amazonia\/#article\",\"isPartOf\":{\"@id\":\"https:\/\/psol50.org.br\/politicos-controlam-mais-de-20-das-radios-e-tvs-na-amazonia\/\"},\"author\":{\"name\":\"Comunica\u00e7\u00e3o PSOL\",\"@id\":\"https:\/\/psol50.org.br\/#\/schema\/person\/475dfa57d0b815993c714c2e96491fcd\"},\"headline\":\"Pol\u00edticos controlam mais de 20% das r\u00e1dios e TVs na Amaz\u00f4nia\",\"datePublished\":\"2016-02-01T19:26:38+00:00\",\"mainEntityOfPage\":{\"@id\":\"https:\/\/psol50.org.br\/politicos-controlam-mais-de-20-das-radios-e-tvs-na-amazonia\/\"},\"wordCount\":306,\"commentCount\":0,\"publisher\":{\"@id\":\"https:\/\/psol50.org.br\/#organization\"},\"image\":{\"@id\":\"https:\/\/psol50.org.br\/politicos-controlam-mais-de-20-das-radios-e-tvs-na-amazonia\/#primaryimage\"},\"thumbnailUrl\":\"\",\"keywords\":[\"Ag\u00eancia P\u00fablica\",\"democratiza\u00e7\u00e3o da m\u00eddia\",\"Jos\u00e9 Sarney\",\"Maranh\u00e3o\",\"pol\u00edticos donos da m\u00eddia\"],\"articleSection\":[\"Brasil\",\"Estados\",\"Not\u00edcias\"],\"inLanguage\":\"pt-BR\",\"potentialAction\":[{\"@type\":\"CommentAction\",\"name\":\"Comment\",\"target\":[\"https:\/\/psol50.org.br\/politicos-controlam-mais-de-20-das-radios-e-tvs-na-amazonia\/#respond\"]}]},{\"@type\":\"WebPage\",\"@id\":\"https:\/\/psol50.org.br\/politicos-controlam-mais-de-20-das-radios-e-tvs-na-amazonia\/\",\"url\":\"https:\/\/psol50.org.br\/politicos-controlam-mais-de-20-das-radios-e-tvs-na-amazonia\/\",\"name\":\"Pol\u00edticos controlam mais de 20% das r\u00e1dios e TVs na Amaz\u00f4nia - PSOL 50\",\"isPartOf\":{\"@id\":\"https:\/\/psol50.org.br\/#website\"},\"primaryImageOfPage\":{\"@id\":\"https:\/\/psol50.org.br\/politicos-controlam-mais-de-20-das-radios-e-tvs-na-amazonia\/#primaryimage\"},\"image\":{\"@id\":\"https:\/\/psol50.org.br\/politicos-controlam-mais-de-20-das-radios-e-tvs-na-amazonia\/#primaryimage\"},\"thumbnailUrl\":\"\",\"datePublished\":\"2016-02-01T19:26:38+00:00\",\"breadcrumb\":{\"@id\":\"https:\/\/psol50.org.br\/politicos-controlam-mais-de-20-das-radios-e-tvs-na-amazonia\/#breadcrumb\"},\"inLanguage\":\"pt-BR\",\"potentialAction\":[{\"@type\":\"ReadAction\",\"target\":[\"https:\/\/psol50.org.br\/politicos-controlam-mais-de-20-das-radios-e-tvs-na-amazonia\/\"]}]},{\"@type\":\"ImageObject\",\"inLanguage\":\"pt-BR\",\"@id\":\"https:\/\/psol50.org.br\/politicos-controlam-mais-de-20-das-radios-e-tvs-na-amazonia\/#primaryimage\",\"url\":\"\",\"contentUrl\":\"\"},{\"@type\":\"BreadcrumbList\",\"@id\":\"https:\/\/psol50.org.br\/politicos-controlam-mais-de-20-das-radios-e-tvs-na-amazonia\/#breadcrumb\",\"itemListElement\":[{\"@type\":\"ListItem\",\"position\":1,\"name\":\"In\u00edcio\",\"item\":\"https:\/\/psol50.org.br\/\"},{\"@type\":\"ListItem\",\"position\":2,\"name\":\"Pol\u00edticos controlam mais de 20% das r\u00e1dios e TVs na Amaz\u00f4nia\"}]},{\"@type\":\"WebSite\",\"@id\":\"https:\/\/psol50.org.br\/#website\",\"url\":\"https:\/\/psol50.org.br\/\",\"name\":\"PSOL 50\",\"description\":\"Site oficial do Partido Socialismo e Liberdade\",\"publisher\":{\"@id\":\"https:\/\/psol50.org.br\/#organization\"},\"alternateName\":\"PSOL50\",\"potentialAction\":[{\"@type\":\"SearchAction\",\"target\":{\"@type\":\"EntryPoint\",\"urlTemplate\":\"https:\/\/psol50.org.br\/?s={search_term_string}\"},\"query-input\":{\"@type\":\"PropertyValueSpecification\",\"valueRequired\":true,\"valueName\":\"search_term_string\"}}],\"inLanguage\":\"pt-BR\"},{\"@type\":\"Organization\",\"@id\":\"https:\/\/psol50.org.br\/#organization\",\"name\":\"PSOL 50\",\"alternateName\":\"PSOL 50\",\"url\":\"https:\/\/psol50.org.br\/\",\"logo\":{\"@type\":\"ImageObject\",\"inLanguage\":\"pt-BR\",\"@id\":\"https:\/\/psol50.org.br\/#\/schema\/logo\/image\/\",\"url\":\"https:\/\/psol50.org.br\/inc\/uploads\/2018\/07\/capa.png\",\"contentUrl\":\"https:\/\/psol50.org.br\/inc\/uploads\/2018\/07\/capa.png\",\"width\":1350,\"height\":900,\"caption\":\"PSOL 50\"},\"image\":{\"@id\":\"https:\/\/psol50.org.br\/#\/schema\/logo\/image\/\"},\"sameAs\":[\"https:\/\/www.facebook.com\/psol50\",\"https:\/\/x.com\/psol50\",\"https:\/\/www.instagram.com\/psol50\/\",\"https:\/\/www.youtube.com\/channel\/UC7SnJS5o1os7a6CaiNabzcg\"]},{\"@type\":\"Person\",\"@id\":\"https:\/\/psol50.org.br\/#\/schema\/person\/475dfa57d0b815993c714c2e96491fcd\",\"name\":\"Comunica\u00e7\u00e3o PSOL\",\"image\":{\"@type\":\"ImageObject\",\"inLanguage\":\"pt-BR\",\"@id\":\"https:\/\/psol50.org.br\/#\/schema\/person\/image\/\",\"url\":\"https:\/\/secure.gravatar.com\/avatar\/b34fc4f4e468a4e51785917065a3db57b841f5c95dba6ad8c73aaf8f66f8f9bf?s=96&d=mm&r=g\",\"contentUrl\":\"https:\/\/secure.gravatar.com\/avatar\/b34fc4f4e468a4e51785917065a3db57b841f5c95dba6ad8c73aaf8f66f8f9bf?s=96&d=mm&r=g\",\"caption\":\"Comunica\u00e7\u00e3o PSOL\"}}]}<\/script>\n<!-- \/ Yoast SEO plugin. -->","yoast_head_json":{"title":"Pol\u00edticos controlam mais de 20% das r\u00e1dios e TVs na Amaz\u00f4nia - PSOL 50","robots":{"index":"index","follow":"follow","max-snippet":"max-snippet:-1","max-image-preview":"max-image-preview:large","max-video-preview":"max-video-preview:-1"},"canonical":"https:\/\/psol50.org.br\/politicos-controlam-mais-de-20-das-radios-e-tvs-na-amazonia\/","og_locale":"pt_BR","og_type":"article","og_title":"Pol\u00edticos controlam mais de 20% das r\u00e1dios e TVs na Amaz\u00f4nia - PSOL 50","og_description":"Uma reportagem feita pela jornalista Elvira Lobato, da\u00a0Ag\u00eancia P\u00fablica,\u00a0mostra que uma em cada cinco r\u00e1dios e TVs da Amaz\u00f4nia Legal pertence a algum pol\u00edtico ou parente pr\u00f3ximo. 21,5% dos 1737 canais de radiodifus\u00e3o da regi\u00e3o est\u00e3o em seus nomes, incluindo sete senadores da Rep\u00fablica. A reportagem\u00a0demonstra que, entre os estados da Amaz\u00f4nia, o Maranh\u00e3o \u00e9 [&hellip;]","og_url":"https:\/\/psol50.org.br\/politicos-controlam-mais-de-20-das-radios-e-tvs-na-amazonia\/","og_site_name":"PSOL 50","article_publisher":"https:\/\/www.facebook.com\/psol50","article_published_time":"2016-02-01T19:26:38+00:00","og_image":[{"width":1350,"height":900,"url":"https:\/\/psol50.org.br\/inc\/uploads\/2018\/07\/capa.png","type":"image\/png"}],"author":"Comunica\u00e7\u00e3o PSOL","twitter_card":"summary_large_image","twitter_creator":"@psol50","twitter_site":"@psol50","twitter_misc":{"Escrito por":"Comunica\u00e7\u00e3o PSOL","Est. tempo de leitura":"1 minuto"},"schema":{"@context":"https:\/\/schema.org","@graph":[{"@type":"Article","@id":"https:\/\/psol50.org.br\/politicos-controlam-mais-de-20-das-radios-e-tvs-na-amazonia\/#article","isPartOf":{"@id":"https:\/\/psol50.org.br\/politicos-controlam-mais-de-20-das-radios-e-tvs-na-amazonia\/"},"author":{"name":"Comunica\u00e7\u00e3o PSOL","@id":"https:\/\/psol50.org.br\/#\/schema\/person\/475dfa57d0b815993c714c2e96491fcd"},"headline":"Pol\u00edticos controlam mais de 20% das r\u00e1dios e TVs na Amaz\u00f4nia","datePublished":"2016-02-01T19:26:38+00:00","mainEntityOfPage":{"@id":"https:\/\/psol50.org.br\/politicos-controlam-mais-de-20-das-radios-e-tvs-na-amazonia\/"},"wordCount":306,"commentCount":0,"publisher":{"@id":"https:\/\/psol50.org.br\/#organization"},"image":{"@id":"https:\/\/psol50.org.br\/politicos-controlam-mais-de-20-das-radios-e-tvs-na-amazonia\/#primaryimage"},"thumbnailUrl":"","keywords":["Ag\u00eancia P\u00fablica","democratiza\u00e7\u00e3o da m\u00eddia","Jos\u00e9 Sarney","Maranh\u00e3o","pol\u00edticos donos da m\u00eddia"],"articleSection":["Brasil","Estados","Not\u00edcias"],"inLanguage":"pt-BR","potentialAction":[{"@type":"CommentAction","name":"Comment","target":["https:\/\/psol50.org.br\/politicos-controlam-mais-de-20-das-radios-e-tvs-na-amazonia\/#respond"]}]},{"@type":"WebPage","@id":"https:\/\/psol50.org.br\/politicos-controlam-mais-de-20-das-radios-e-tvs-na-amazonia\/","url":"https:\/\/psol50.org.br\/politicos-controlam-mais-de-20-das-radios-e-tvs-na-amazonia\/","name":"Pol\u00edticos controlam mais de 20% das r\u00e1dios e TVs na Amaz\u00f4nia - PSOL 50","isPartOf":{"@id":"https:\/\/psol50.org.br\/#website"},"primaryImageOfPage":{"@id":"https:\/\/psol50.org.br\/politicos-controlam-mais-de-20-das-radios-e-tvs-na-amazonia\/#primaryimage"},"image":{"@id":"https:\/\/psol50.org.br\/politicos-controlam-mais-de-20-das-radios-e-tvs-na-amazonia\/#primaryimage"},"thumbnailUrl":"","datePublished":"2016-02-01T19:26:38+00:00","breadcrumb":{"@id":"https:\/\/psol50.org.br\/politicos-controlam-mais-de-20-das-radios-e-tvs-na-amazonia\/#breadcrumb"},"inLanguage":"pt-BR","potentialAction":[{"@type":"ReadAction","target":["https:\/\/psol50.org.br\/politicos-controlam-mais-de-20-das-radios-e-tvs-na-amazonia\/"]}]},{"@type":"ImageObject","inLanguage":"pt-BR","@id":"https:\/\/psol50.org.br\/politicos-controlam-mais-de-20-das-radios-e-tvs-na-amazonia\/#primaryimage","url":"","contentUrl":""},{"@type":"BreadcrumbList","@id":"https:\/\/psol50.org.br\/politicos-controlam-mais-de-20-das-radios-e-tvs-na-amazonia\/#breadcrumb","itemListElement":[{"@type":"ListItem","position":1,"name":"In\u00edcio","item":"https:\/\/psol50.org.br\/"},{"@type":"ListItem","position":2,"name":"Pol\u00edticos controlam mais de 20% das r\u00e1dios e TVs na Amaz\u00f4nia"}]},{"@type":"WebSite","@id":"https:\/\/psol50.org.br\/#website","url":"https:\/\/psol50.org.br\/","name":"PSOL 50","description":"Site oficial do Partido Socialismo e Liberdade","publisher":{"@id":"https:\/\/psol50.org.br\/#organization"},"alternateName":"PSOL50","potentialAction":[{"@type":"SearchAction","target":{"@type":"EntryPoint","urlTemplate":"https:\/\/psol50.org.br\/?s={search_term_string}"},"query-input":{"@type":"PropertyValueSpecification","valueRequired":true,"valueName":"search_term_string"}}],"inLanguage":"pt-BR"},{"@type":"Organization","@id":"https:\/\/psol50.org.br\/#organization","name":"PSOL 50","alternateName":"PSOL 50","url":"https:\/\/psol50.org.br\/","logo":{"@type":"ImageObject","inLanguage":"pt-BR","@id":"https:\/\/psol50.org.br\/#\/schema\/logo\/image\/","url":"https:\/\/psol50.org.br\/inc\/uploads\/2018\/07\/capa.png","contentUrl":"https:\/\/psol50.org.br\/inc\/uploads\/2018\/07\/capa.png","width":1350,"height":900,"caption":"PSOL 50"},"image":{"@id":"https:\/\/psol50.org.br\/#\/schema\/logo\/image\/"},"sameAs":["https:\/\/www.facebook.com\/psol50","https:\/\/x.com\/psol50","https:\/\/www.instagram.com\/psol50\/","https:\/\/www.youtube.com\/channel\/UC7SnJS5o1os7a6CaiNabzcg"]},{"@type":"Person","@id":"https:\/\/psol50.org.br\/#\/schema\/person\/475dfa57d0b815993c714c2e96491fcd","name":"Comunica\u00e7\u00e3o PSOL","image":{"@type":"ImageObject","inLanguage":"pt-BR","@id":"https:\/\/psol50.org.br\/#\/schema\/person\/image\/","url":"https:\/\/secure.gravatar.com\/avatar\/b34fc4f4e468a4e51785917065a3db57b841f5c95dba6ad8c73aaf8f66f8f9bf?s=96&d=mm&r=g","contentUrl":"https:\/\/secure.gravatar.com\/avatar\/b34fc4f4e468a4e51785917065a3db57b841f5c95dba6ad8c73aaf8f66f8f9bf?s=96&d=mm&r=g","caption":"Comunica\u00e7\u00e3o PSOL"}}]}},"_links":{"self":[{"href":"https:\/\/psol50.org.br\/rest\/wp\/v2\/posts\/11150","targetHints":{"allow":["GET"]}}],"collection":[{"href":"https:\/\/psol50.org.br\/rest\/wp\/v2\/posts"}],"about":[{"href":"https:\/\/psol50.org.br\/rest\/wp\/v2\/types\/post"}],"author":[{"embeddable":true,"href":"https:\/\/psol50.org.br\/rest\/wp\/v2\/users\/2"}],"replies":[{"embeddable":true,"href":"https:\/\/psol50.org.br\/rest\/wp\/v2\/comments?post=11150"}],"version-history":[{"count":0,"href":"https:\/\/psol50.org.br\/rest\/wp\/v2\/posts\/11150\/revisions"}],"wp:featuredmedia":[{"embeddable":true,"href":"https:\/\/psol50.org.br\/rest\/"}],"wp:attachment":[{"href":"https:\/\/psol50.org.br\/rest\/wp\/v2\/media?parent=11150"}],"wp:term":[{"taxonomy":"category","embeddable":true,"href":"https:\/\/psol50.org.br\/rest\/wp\/v2\/categories?post=11150"},{"taxonomy":"post_tag","embeddable":true,"href":"https:\/\/psol50.org.br\/rest\/wp\/v2\/tags?post=11150"}],"curies":[{"name":"wp","href":"https:\/\/api.w.org\/{rel}","templated":true}]}}