{"id":11156,"date":"2016-02-01T19:46:48","date_gmt":"2016-02-01T19:46:48","guid":{"rendered":"http:\/\/www.psol50.org.br\/?p=11156"},"modified":"2016-02-01T19:46:48","modified_gmt":"2016-02-01T19:46:48","slug":"nota-de-pesar-sebastiao-pires-psol-ouvidor-go","status":"publish","type":"post","link":"https:\/\/psol50.org.br\/nota-de-pesar-sebastiao-pires-psol-ouvidor-go\/","title":{"rendered":"Nota de pesar: Sebasti\u00e3o Pires &#8211; PSOL Ouvidor (GO)"},"content":{"rendered":"<p>O PSOL Goi\u00e1s informa, com pesar, o falecimento do companheiro Sebasti\u00e3o Pires, presidente do PSOL de Ouvidor. Ti\u00e3o, como era conhecido, era Procurador do munic\u00edpio e tocava em uma banda de rock. Seu corpo foi encontrado \u00e0s margens da GO 330, entre Ouvidor e Catal\u00e3o. Em princ\u00edpio, tudo indica que foi um acidente automobil\u00edstico.<\/p>\n<p>Em seu vel\u00f3rio estavam presentes, entre amigos e familiares, Jorge Guimar\u00e3es, da Lideran\u00e7a do PSOL, e Professor Weslei, da Executiva do PSOL em Goi\u00e1s, al\u00e9m de alguns pol\u00edticos locais e autoridades de Ouvidor. Em seu caix\u00e3o estavam a bandeira de Che Guevara e da banda Iron Maiden.<\/p>\n<p>Aos familiares fica nossa solidariedade. E a Ti\u00e3o, a certeza que continuaremos a sonhar seus sonhos: a luta por uma sociedade mais justa, fraterna e igual. Sebasti\u00e3o Presente!<\/p>\n","protected":false},"excerpt":{"rendered":"<p>O PSOL Goi\u00e1s informa, com pesar, o falecimento do companheiro Sebasti\u00e3o Pires, presidente do PSOL de Ouvidor. Ti\u00e3o, como era conhecido, era Procurador do munic\u00edpio e tocava em uma banda de rock. Seu corpo foi encontrado \u00e0s margens da GO 330, entre Ouvidor e Catal\u00e3o. Em princ\u00edpio, tudo indica que foi um acidente automobil\u00edstico. Em [&hellip;]<\/p>\n","protected":false},"author":2,"featured_media":11157,"comment_status":"open","ping_status":"open","sticky":false,"template":"","format":"standard","meta":{"_acf_changed":false,"footnotes":""},"categories":[654],"tags":[],"class_list":{"0":"post-11156","1":"post","2":"type-post","3":"status-publish","4":"format-standard","5":"has-post-thumbnail","7":"category-estados"},"acf":[],"yoast_head":"<!-- This site is optimized with the Yoast SEO plugin v26.5 - https:\/\/yoast.com\/wordpress\/plugins\/seo\/ -->\n<title>Nota de pesar: Sebasti\u00e3o Pires - PSOL Ouvidor (GO) - PSOL 50<\/title>\n<meta name=\"robots\" content=\"index, follow, max-snippet:-1, max-image-preview:large, max-video-preview:-1\" \/>\n<link rel=\"canonical\" href=\"https:\/\/psol50.org.br\/nota-de-pesar-sebastiao-pires-psol-ouvidor-go\/\" \/>\n<meta property=\"og:locale\" content=\"pt_BR\" \/>\n<meta property=\"og:type\" content=\"article\" \/>\n<meta property=\"og:title\" content=\"Nota de pesar: Sebasti\u00e3o Pires - PSOL Ouvidor (GO) - PSOL 50\" \/>\n<meta property=\"og:description\" content=\"O PSOL Goi\u00e1s informa, com pesar, o falecimento do companheiro Sebasti\u00e3o Pires, presidente do PSOL de Ouvidor. Ti\u00e3o, como era conhecido, era Procurador do munic\u00edpio e tocava em uma banda de rock. Seu corpo foi encontrado \u00e0s margens da GO 330, entre Ouvidor e Catal\u00e3o. Em princ\u00edpio, tudo indica que foi um acidente automobil\u00edstico. Em [&hellip;]\" \/>\n<meta property=\"og:url\" content=\"https:\/\/psol50.org.br\/nota-de-pesar-sebastiao-pires-psol-ouvidor-go\/\" \/>\n<meta property=\"og:site_name\" content=\"PSOL 50\" \/>\n<meta property=\"article:publisher\" content=\"https:\/\/www.facebook.com\/psol50\" \/>\n<meta property=\"article:published_time\" content=\"2016-02-01T19:46:48+00:00\" \/>\n<meta property=\"og:image\" content=\"https:\/\/psol50.org.br\/inc\/uploads\/2018\/07\/capa.png\" \/>\n\t<meta property=\"og:image:width\" content=\"1350\" \/>\n\t<meta property=\"og:image:height\" content=\"900\" \/>\n\t<meta property=\"og:image:type\" content=\"image\/png\" \/>\n<meta name=\"author\" content=\"Comunica\u00e7\u00e3o PSOL\" \/>\n<meta name=\"twitter:card\" content=\"summary_large_image\" \/>\n<meta name=\"twitter:creator\" content=\"@psol50\" \/>\n<meta name=\"twitter:site\" content=\"@psol50\" \/>\n<meta name=\"twitter:label1\" content=\"Escrito por\" \/>\n\t<meta name=\"twitter:data1\" content=\"Comunica\u00e7\u00e3o PSOL\" \/>\n\t<meta name=\"twitter:label2\" content=\"Est. tempo de leitura\" \/>\n\t<meta name=\"twitter:data2\" content=\"1 minuto\" \/>\n<script type=\"application\/ld+json\" class=\"yoast-schema-graph\">{\"@context\":\"https:\/\/schema.org\",\"@graph\":[{\"@type\":\"Article\",\"@id\":\"https:\/\/psol50.org.br\/nota-de-pesar-sebastiao-pires-psol-ouvidor-go\/#article\",\"isPartOf\":{\"@id\":\"https:\/\/psol50.org.br\/nota-de-pesar-sebastiao-pires-psol-ouvidor-go\/\"},\"author\":{\"name\":\"Comunica\u00e7\u00e3o PSOL\",\"@id\":\"https:\/\/psol50.org.br\/#\/schema\/person\/475dfa57d0b815993c714c2e96491fcd\"},\"headline\":\"Nota de pesar: Sebasti\u00e3o Pires &#8211; PSOL Ouvidor (GO)\",\"datePublished\":\"2016-02-01T19:46:48+00:00\",\"mainEntityOfPage\":{\"@id\":\"https:\/\/psol50.org.br\/nota-de-pesar-sebastiao-pires-psol-ouvidor-go\/\"},\"wordCount\":154,\"commentCount\":0,\"publisher\":{\"@id\":\"https:\/\/psol50.org.br\/#organization\"},\"image\":{\"@id\":\"https:\/\/psol50.org.br\/nota-de-pesar-sebastiao-pires-psol-ouvidor-go\/#primaryimage\"},\"thumbnailUrl\":\"\",\"articleSection\":[\"Estados\"],\"inLanguage\":\"pt-BR\",\"potentialAction\":[{\"@type\":\"CommentAction\",\"name\":\"Comment\",\"target\":[\"https:\/\/psol50.org.br\/nota-de-pesar-sebastiao-pires-psol-ouvidor-go\/#respond\"]}]},{\"@type\":\"WebPage\",\"@id\":\"https:\/\/psol50.org.br\/nota-de-pesar-sebastiao-pires-psol-ouvidor-go\/\",\"url\":\"https:\/\/psol50.org.br\/nota-de-pesar-sebastiao-pires-psol-ouvidor-go\/\",\"name\":\"Nota de pesar: Sebasti\u00e3o Pires - PSOL Ouvidor (GO) - PSOL 50\",\"isPartOf\":{\"@id\":\"https:\/\/psol50.org.br\/#website\"},\"primaryImageOfPage\":{\"@id\":\"https:\/\/psol50.org.br\/nota-de-pesar-sebastiao-pires-psol-ouvidor-go\/#primaryimage\"},\"image\":{\"@id\":\"https:\/\/psol50.org.br\/nota-de-pesar-sebastiao-pires-psol-ouvidor-go\/#primaryimage\"},\"thumbnailUrl\":\"\",\"datePublished\":\"2016-02-01T19:46:48+00:00\",\"breadcrumb\":{\"@id\":\"https:\/\/psol50.org.br\/nota-de-pesar-sebastiao-pires-psol-ouvidor-go\/#breadcrumb\"},\"inLanguage\":\"pt-BR\",\"potentialAction\":[{\"@type\":\"ReadAction\",\"target\":[\"https:\/\/psol50.org.br\/nota-de-pesar-sebastiao-pires-psol-ouvidor-go\/\"]}]},{\"@type\":\"ImageObject\",\"inLanguage\":\"pt-BR\",\"@id\":\"https:\/\/psol50.org.br\/nota-de-pesar-sebastiao-pires-psol-ouvidor-go\/#primaryimage\",\"url\":\"\",\"contentUrl\":\"\"},{\"@type\":\"BreadcrumbList\",\"@id\":\"https:\/\/psol50.org.br\/nota-de-pesar-sebastiao-pires-psol-ouvidor-go\/#breadcrumb\",\"itemListElement\":[{\"@type\":\"ListItem\",\"position\":1,\"name\":\"In\u00edcio\",\"item\":\"https:\/\/psol50.org.br\/\"},{\"@type\":\"ListItem\",\"position\":2,\"name\":\"Nota de pesar: Sebasti\u00e3o Pires &#8211; PSOL Ouvidor (GO)\"}]},{\"@type\":\"WebSite\",\"@id\":\"https:\/\/psol50.org.br\/#website\",\"url\":\"https:\/\/psol50.org.br\/\",\"name\":\"PSOL 50\",\"description\":\"Site oficial do Partido Socialismo e Liberdade\",\"publisher\":{\"@id\":\"https:\/\/psol50.org.br\/#organization\"},\"alternateName\":\"PSOL50\",\"potentialAction\":[{\"@type\":\"SearchAction\",\"target\":{\"@type\":\"EntryPoint\",\"urlTemplate\":\"https:\/\/psol50.org.br\/?s={search_term_string}\"},\"query-input\":{\"@type\":\"PropertyValueSpecification\",\"valueRequired\":true,\"valueName\":\"search_term_string\"}}],\"inLanguage\":\"pt-BR\"},{\"@type\":\"Organization\",\"@id\":\"https:\/\/psol50.org.br\/#organization\",\"name\":\"PSOL 50\",\"alternateName\":\"PSOL 50\",\"url\":\"https:\/\/psol50.org.br\/\",\"logo\":{\"@type\":\"ImageObject\",\"inLanguage\":\"pt-BR\",\"@id\":\"https:\/\/psol50.org.br\/#\/schema\/logo\/image\/\",\"url\":\"https:\/\/psol50.org.br\/inc\/uploads\/2018\/07\/capa.png\",\"contentUrl\":\"https:\/\/psol50.org.br\/inc\/uploads\/2018\/07\/capa.png\",\"width\":1350,\"height\":900,\"caption\":\"PSOL 50\"},\"image\":{\"@id\":\"https:\/\/psol50.org.br\/#\/schema\/logo\/image\/\"},\"sameAs\":[\"https:\/\/www.facebook.com\/psol50\",\"https:\/\/x.com\/psol50\",\"https:\/\/www.instagram.com\/psol50\/\",\"https:\/\/www.youtube.com\/channel\/UC7SnJS5o1os7a6CaiNabzcg\"]},{\"@type\":\"Person\",\"@id\":\"https:\/\/psol50.org.br\/#\/schema\/person\/475dfa57d0b815993c714c2e96491fcd\",\"name\":\"Comunica\u00e7\u00e3o PSOL\",\"image\":{\"@type\":\"ImageObject\",\"inLanguage\":\"pt-BR\",\"@id\":\"https:\/\/psol50.org.br\/#\/schema\/person\/image\/\",\"url\":\"https:\/\/secure.gravatar.com\/avatar\/b34fc4f4e468a4e51785917065a3db57b841f5c95dba6ad8c73aaf8f66f8f9bf?s=96&d=mm&r=g\",\"contentUrl\":\"https:\/\/secure.gravatar.com\/avatar\/b34fc4f4e468a4e51785917065a3db57b841f5c95dba6ad8c73aaf8f66f8f9bf?s=96&d=mm&r=g\",\"caption\":\"Comunica\u00e7\u00e3o PSOL\"}}]}<\/script>\n<!-- \/ Yoast SEO plugin. -->","yoast_head_json":{"title":"Nota de pesar: Sebasti\u00e3o Pires - PSOL Ouvidor (GO) - PSOL 50","robots":{"index":"index","follow":"follow","max-snippet":"max-snippet:-1","max-image-preview":"max-image-preview:large","max-video-preview":"max-video-preview:-1"},"canonical":"https:\/\/psol50.org.br\/nota-de-pesar-sebastiao-pires-psol-ouvidor-go\/","og_locale":"pt_BR","og_type":"article","og_title":"Nota de pesar: Sebasti\u00e3o Pires - PSOL Ouvidor (GO) - PSOL 50","og_description":"O PSOL Goi\u00e1s informa, com pesar, o falecimento do companheiro Sebasti\u00e3o Pires, presidente do PSOL de Ouvidor. Ti\u00e3o, como era conhecido, era Procurador do munic\u00edpio e tocava em uma banda de rock. Seu corpo foi encontrado \u00e0s margens da GO 330, entre Ouvidor e Catal\u00e3o. Em princ\u00edpio, tudo indica que foi um acidente automobil\u00edstico. Em [&hellip;]","og_url":"https:\/\/psol50.org.br\/nota-de-pesar-sebastiao-pires-psol-ouvidor-go\/","og_site_name":"PSOL 50","article_publisher":"https:\/\/www.facebook.com\/psol50","article_published_time":"2016-02-01T19:46:48+00:00","og_image":[{"width":1350,"height":900,"url":"https:\/\/psol50.org.br\/inc\/uploads\/2018\/07\/capa.png","type":"image\/png"}],"author":"Comunica\u00e7\u00e3o PSOL","twitter_card":"summary_large_image","twitter_creator":"@psol50","twitter_site":"@psol50","twitter_misc":{"Escrito por":"Comunica\u00e7\u00e3o PSOL","Est. tempo de leitura":"1 minuto"},"schema":{"@context":"https:\/\/schema.org","@graph":[{"@type":"Article","@id":"https:\/\/psol50.org.br\/nota-de-pesar-sebastiao-pires-psol-ouvidor-go\/#article","isPartOf":{"@id":"https:\/\/psol50.org.br\/nota-de-pesar-sebastiao-pires-psol-ouvidor-go\/"},"author":{"name":"Comunica\u00e7\u00e3o PSOL","@id":"https:\/\/psol50.org.br\/#\/schema\/person\/475dfa57d0b815993c714c2e96491fcd"},"headline":"Nota de pesar: Sebasti\u00e3o Pires &#8211; PSOL Ouvidor (GO)","datePublished":"2016-02-01T19:46:48+00:00","mainEntityOfPage":{"@id":"https:\/\/psol50.org.br\/nota-de-pesar-sebastiao-pires-psol-ouvidor-go\/"},"wordCount":154,"commentCount":0,"publisher":{"@id":"https:\/\/psol50.org.br\/#organization"},"image":{"@id":"https:\/\/psol50.org.br\/nota-de-pesar-sebastiao-pires-psol-ouvidor-go\/#primaryimage"},"thumbnailUrl":"","articleSection":["Estados"],"inLanguage":"pt-BR","potentialAction":[{"@type":"CommentAction","name":"Comment","target":["https:\/\/psol50.org.br\/nota-de-pesar-sebastiao-pires-psol-ouvidor-go\/#respond"]}]},{"@type":"WebPage","@id":"https:\/\/psol50.org.br\/nota-de-pesar-sebastiao-pires-psol-ouvidor-go\/","url":"https:\/\/psol50.org.br\/nota-de-pesar-sebastiao-pires-psol-ouvidor-go\/","name":"Nota de pesar: Sebasti\u00e3o Pires - PSOL Ouvidor (GO) - PSOL 50","isPartOf":{"@id":"https:\/\/psol50.org.br\/#website"},"primaryImageOfPage":{"@id":"https:\/\/psol50.org.br\/nota-de-pesar-sebastiao-pires-psol-ouvidor-go\/#primaryimage"},"image":{"@id":"https:\/\/psol50.org.br\/nota-de-pesar-sebastiao-pires-psol-ouvidor-go\/#primaryimage"},"thumbnailUrl":"","datePublished":"2016-02-01T19:46:48+00:00","breadcrumb":{"@id":"https:\/\/psol50.org.br\/nota-de-pesar-sebastiao-pires-psol-ouvidor-go\/#breadcrumb"},"inLanguage":"pt-BR","potentialAction":[{"@type":"ReadAction","target":["https:\/\/psol50.org.br\/nota-de-pesar-sebastiao-pires-psol-ouvidor-go\/"]}]},{"@type":"ImageObject","inLanguage":"pt-BR","@id":"https:\/\/psol50.org.br\/nota-de-pesar-sebastiao-pires-psol-ouvidor-go\/#primaryimage","url":"","contentUrl":""},{"@type":"BreadcrumbList","@id":"https:\/\/psol50.org.br\/nota-de-pesar-sebastiao-pires-psol-ouvidor-go\/#breadcrumb","itemListElement":[{"@type":"ListItem","position":1,"name":"In\u00edcio","item":"https:\/\/psol50.org.br\/"},{"@type":"ListItem","position":2,"name":"Nota de pesar: Sebasti\u00e3o Pires &#8211; PSOL Ouvidor (GO)"}]},{"@type":"WebSite","@id":"https:\/\/psol50.org.br\/#website","url":"https:\/\/psol50.org.br\/","name":"PSOL 50","description":"Site oficial do Partido Socialismo e Liberdade","publisher":{"@id":"https:\/\/psol50.org.br\/#organization"},"alternateName":"PSOL50","potentialAction":[{"@type":"SearchAction","target":{"@type":"EntryPoint","urlTemplate":"https:\/\/psol50.org.br\/?s={search_term_string}"},"query-input":{"@type":"PropertyValueSpecification","valueRequired":true,"valueName":"search_term_string"}}],"inLanguage":"pt-BR"},{"@type":"Organization","@id":"https:\/\/psol50.org.br\/#organization","name":"PSOL 50","alternateName":"PSOL 50","url":"https:\/\/psol50.org.br\/","logo":{"@type":"ImageObject","inLanguage":"pt-BR","@id":"https:\/\/psol50.org.br\/#\/schema\/logo\/image\/","url":"https:\/\/psol50.org.br\/inc\/uploads\/2018\/07\/capa.png","contentUrl":"https:\/\/psol50.org.br\/inc\/uploads\/2018\/07\/capa.png","width":1350,"height":900,"caption":"PSOL 50"},"image":{"@id":"https:\/\/psol50.org.br\/#\/schema\/logo\/image\/"},"sameAs":["https:\/\/www.facebook.com\/psol50","https:\/\/x.com\/psol50","https:\/\/www.instagram.com\/psol50\/","https:\/\/www.youtube.com\/channel\/UC7SnJS5o1os7a6CaiNabzcg"]},{"@type":"Person","@id":"https:\/\/psol50.org.br\/#\/schema\/person\/475dfa57d0b815993c714c2e96491fcd","name":"Comunica\u00e7\u00e3o PSOL","image":{"@type":"ImageObject","inLanguage":"pt-BR","@id":"https:\/\/psol50.org.br\/#\/schema\/person\/image\/","url":"https:\/\/secure.gravatar.com\/avatar\/b34fc4f4e468a4e51785917065a3db57b841f5c95dba6ad8c73aaf8f66f8f9bf?s=96&d=mm&r=g","contentUrl":"https:\/\/secure.gravatar.com\/avatar\/b34fc4f4e468a4e51785917065a3db57b841f5c95dba6ad8c73aaf8f66f8f9bf?s=96&d=mm&r=g","caption":"Comunica\u00e7\u00e3o PSOL"}}]}},"_links":{"self":[{"href":"https:\/\/psol50.org.br\/rest\/wp\/v2\/posts\/11156","targetHints":{"allow":["GET"]}}],"collection":[{"href":"https:\/\/psol50.org.br\/rest\/wp\/v2\/posts"}],"about":[{"href":"https:\/\/psol50.org.br\/rest\/wp\/v2\/types\/post"}],"author":[{"embeddable":true,"href":"https:\/\/psol50.org.br\/rest\/wp\/v2\/users\/2"}],"replies":[{"embeddable":true,"href":"https:\/\/psol50.org.br\/rest\/wp\/v2\/comments?post=11156"}],"version-history":[{"count":0,"href":"https:\/\/psol50.org.br\/rest\/wp\/v2\/posts\/11156\/revisions"}],"wp:featuredmedia":[{"embeddable":true,"href":"https:\/\/psol50.org.br\/rest\/"}],"wp:attachment":[{"href":"https:\/\/psol50.org.br\/rest\/wp\/v2\/media?parent=11156"}],"wp:term":[{"taxonomy":"category","embeddable":true,"href":"https:\/\/psol50.org.br\/rest\/wp\/v2\/categories?post=11156"},{"taxonomy":"post_tag","embeddable":true,"href":"https:\/\/psol50.org.br\/rest\/wp\/v2\/tags?post=11156"}],"curies":[{"name":"wp","href":"https:\/\/api.w.org\/{rel}","templated":true}]}}