{"id":1116,"date":"2011-11-04T00:00:00","date_gmt":"2011-11-04T00:00:00","guid":{"rendered":"http:\/\/psol50.org.br\/arquivo\/2011\/11\/04\/carta-de-sao-paulo-setorial-de-negras-e-negros-do-partido-socialismo-e-liberdade\/"},"modified":"2011-11-04T00:00:00","modified_gmt":"2011-11-04T00:00:00","slug":"carta-de-sao-paulo-setorial-de-negras-e-negros-do-partido-socialismo-e-liberdade","status":"publish","type":"post","link":"https:\/\/psol50.org.br\/carta-de-sao-paulo-setorial-de-negras-e-negros-do-partido-socialismo-e-liberdade\/","title":{"rendered":"Carta de S\u00e3o Paulo &#8211; Setorial de Negras e Negros do Partido Socialismo e Liberdade"},"content":{"rendered":"<p style=\"text-align: justify\"><em><a href=\"http:\/\/psol50.org.br\/blog\/2011\/11\/04\/carta-de-sao-paulo-setorial-de-negras-e-negros-do-partido-socialismo-e-liberdade\/encnegrasnegrospsol-3\/\" rel=\"attachment wp-att-11896\"><img loading=\"lazy\" decoding=\"async\" class=\"alignleft size-medium wp-image-11896\" src=\"http:\/\/psol50.org.br\/files\/2011\/11\/EncNegrasNegrosPSOL-300x196.jpg\" alt=\"\" width=\"300\" height=\"196\" \/><\/a>Com representantes de 13 estados (RS, PR, SP, RJ, ES, BA, SE, CE, MA, PA, AP, DF e GO), o I Encontro Nacional de Negros e Negras do PSOL consolidou a constru\u00e7\u00e3o do setorial e elegeu um novo coletivo, em car\u00e1ter provis\u00f3rio, que ter\u00e1 como desafio intensificar o trabalho de constru\u00e7\u00e3o do setorial, contribuir para estreitar a rela\u00e7\u00e3o entre o partido e o movimento social negro, prepar\u00e1-lo, desde uma perspectiva antiracista e socialista, \u00e0s pr\u00f3ximas elei\u00e7\u00f5es (com especial aten\u00e7\u00e3o \u00e0s candidaturas negras) e organizar o II Encontro Nacional.<\/em><\/p>\n<p style=\"text-align: justify\"><em>Confira abaixo a Carta de S\u00e3o Paulo, aprovada pelo Setorial de Negras e Negros do PSOL. Por favor, divugar amplamente nas listas partid\u00e1rias!<\/em><\/p>\n<p style=\"text-align: justify\"><em><strong>CARTA DE S\u00c3O PAULO &#8211; SETORIAL DE NEGRAS E NEGROS DO PARTIDO SOCIALISMO E LIBERDADE<\/strong><\/em><\/p>\n<p style=\"text-align: justify\">O racismo desempenha um papel estruturante na sociedade de classes. Logo, n\u00e3o \u00e9 poss\u00edvel pensar no modo de produ\u00e7\u00e3o capitalista, na classe trabalhadora e no Estado dissociados da quest\u00e3o racial. Quando um jovem negro \u00e9 assassinado na periferia, uma mulher negra faz um aborto em p\u00e9ssimas condi\u00e7\u00f5es ou uma fam\u00edlia negra \u00e9 despejada, est\u00e1 explicito nessas a\u00e7\u00f5es a l\u00f3gica e funcionamento do Estado.<\/p>\n<p style=\"text-align: justify\">No entanto, a esquerda brasileira tem dificuldades de compreender o papel estruturante do racismo no processo de explora\u00e7\u00e3o e domina\u00e7\u00e3o do capitalismo. Assim, a luta antiracista n\u00e3o \u00e9 tomada como priorit\u00e1ria por parte da maioria de setores da esquerda. \u00c9 necess\u00e1rio que o PSOL seja um p\u00f3lo irradiador de uma pol\u00edtica que articule a luta antiracial, anticapitalista e antiimperialista no Brasil, assim como, atue no fortalecimento do socialismo no \u00e2mbito do Movimento Negro.<\/p>\n<p style=\"text-align: justify\">Internacionalmente, as cenas que vem do Egito, Gr\u00e9cia, Portugal, Espanha e, agora, da Inglaterra demonstram nitidamente que a crise da economia capitalista de 2008 n\u00e3o acabou, ao contr\u00e1rio, talvez os piores resultados para a classe trabalhadora ainda estejam por vir. Algumas regi\u00f5es do mundo, no entanto, j\u00e1 sofrem h\u00e1 seculos as conseq\u00fc\u00eancias desse sistema, sob o olhar complacente do mundo capitalista a fome dizima milhares na \u00c1frica.<\/p>\n<p style=\"text-align: justify\">No Brasil, com a chegada do PT ao poder e a ades\u00e3o ao projeto do capital internacional, observa-se uma pol\u00edtica econ\u00f4mica ortodoxo-neoliberal, a continua\u00e7\u00e3o de contrareformas, a ado\u00e7\u00e3o de pol\u00edticas sociais focalizadas de combate \u00e0 fome (tipicamente assistencialitas) destinadas em sua ampla maioria \u00e0 popula\u00e7\u00e3o negra. Assim, o governo do PT governou com e para o bloco dominante, al\u00e9m de controlar politicamente os movimentos sociais e sindical, atrav\u00e9s da coopta\u00e7\u00e3o \u2013 material e ideol\u00f3gica \u2013 das suas dire\u00e7\u00f5es, entre esses, tamb\u00e9m, setores do Movimento Negro.<\/p>\n<p style=\"text-align: justify\">Os dados sociais do Brasil s\u00e3o devastadores para a classe trabalhadora e ainda mais exacerbados quando refere-se a popula\u00e7\u00e3o negra. Enquanto a desocupa\u00e7\u00e3o est\u00e1 em 6,8% entre as mulheres brancas, por exemplo, acima da m\u00e9dia geral e da taxa registrada entre homens com essa mesma cor de pele (4,2%), ela salta para 9,5% entre as mulheres negras, segundo dados do IBGE. Os negros representam 75% dos jovens n\u00e3o alfabetizados. As condi\u00e7\u00f5es no mercado de trabalho para os jovens negros s\u00e3o prec\u00e1rias, entre os desempregados, 23,8% s\u00e3o negros, 16,4% brancos.<\/p>\n<p style=\"text-align: justify\">Em suma, os dados do censo do IBGE de 2010 revelam que a maioria da popula\u00e7\u00e3o j\u00e1 se considera negra (preta ou parda). Logo, pensar a quest\u00e3o racial \u00e9 central para a luta da classe trabalhadora. O fato de ser a maioria da classe trabalhadora demonstra ainda que \u00e9 necess\u00e1rio trabalhar tal quest\u00e3o de maneira combinada com os debates sobre o car\u00e1ter de explora\u00e7\u00e3o do sistema capitalista e de sua forma atual no governo Dilma.<\/p>\n<p style=\"text-align: justify\">Ainda no que se refere \u00e0 popula\u00e7\u00e3o negra os dados de viol\u00eancia juvenil s\u00e3o alarmantes, pode-se afirmar um d\u00e9ficit de jovens, em sua ampla maioria negros, na estrutura demogr\u00e1fica brasileira.<\/p>\n<p style=\"text-align: justify\">Cerca de 45 mil brasileiros s\u00e3o assassinados por ano. Contudo, essa viol\u00eancia se distribuiu de forma desigual: as v\u00edtimas s\u00e3o, sobretudo, os jovens pobres e negros, do sexo masculino, entre 15 e 24 anos. O \u00cdndice de Homic\u00eddio na Adolesc\u00eancia (IHA) evidencia que a probabilidade de ser v\u00edtima de homic\u00eddio \u00e9 mais do dobro para os negros em compara\u00e7\u00e3o com os brancos.<\/p>\n<p style=\"text-align: justify\">Enquanto o n\u00famero de homic\u00eddios entre os jovens brancos caiu no per\u00edodo de 2002 a 2008, passando de 6.592 para 4.582 (30% de redu\u00e7\u00e3o), entre os jovens negros a taxa subiu de 11.308 para 12.749, um aumento de 13%. Para cada branco assassinado em 2008, mais de 2 negros morreram na mesmas circunst\u00e2ncias. A \u201cbrecha\u201d de mortalidade entre brancos e negros cresceu 43%.<\/p>\n<p style=\"text-align: justify\">As mulheres negras s\u00e3o as que mais morrem nos partos e nos abortos mal sucedidos, realizados de maneira prec\u00e1ria e \u00e0s vezes de forma criminosa. O risco de morte de uma gr\u00e1vida negra cuja gesta\u00e7\u00e3o terminou em aborto \u00e9 2,5 vezes maior do que o de gr\u00e1vidas brancas. Assim, as mulheres pobres &#8211; e particularmente aquelas que s\u00e3o negras &#8211; est\u00e3o entre as principais prejudicadas pela ilegalidade do aborto no pa\u00eds.<\/p>\n<p style=\"text-align: justify\">Entretanto, para o setor financeiro e o grande empresariado o Governo Lula foi o melhor da hist\u00f3ria, ou como preferia dizer nosso ex-presidente \u201ccomo nunca antes na hist\u00f3ria desse pa\u00eds\u201d tais setores foram t\u00e3o beneficiados.<\/p>\n<p style=\"text-align: justify\">O Movimento Negro \u00e9 um conjunto de organiza\u00e7\u00f5es, grupos, coletivos, entidades e articula\u00e7\u00f5es nacionais que lutam contra o racismo e se reivindicam herdeiros da trajet\u00f3ria de lutas do povo negro em \u00c1frica e na Di\u00e1spora. Portanto, \u00e9 um espa\u00e7o de elabora\u00e7\u00e3o coletiva do povo negro e de seus aliados, aberto a diferentes matizes ideol\u00f3gicas e partid\u00e1rias, constituindo-se em um exerc\u00edcio permanente de cr\u00edtica e autocr\u00edtica em torno das estrat\u00e9gias que permeiam a constru\u00e7\u00e3o e efetiva\u00e7\u00e3o de um projeto pol\u00edtico do povo negro brasileiro. Obviamente, \u00e9 um movimento em disputa entre projetos contradit\u00f3rios e conformam grupos e blocos que se alinham a um amplo espectro ideol\u00f3gico, de conservadores, liberais e socialistas revolucion\u00e1rios.<\/p>\n<p style=\"text-align: justify\">Assim, o movimento negro, como constru\u00e7\u00e3o coletiva, deve ser independente, democr\u00e1tico e socialista. Balizado por um novo olhar sobre as desigualdades raciais e pelo processo de resist\u00eancia hist\u00f3rica do negro na di\u00e1spora. Este novo olhar, por sua vez, est\u00e1 condensado na utopia de uma sociedade socialista em que a contribui\u00e7\u00e3o dos afro-brasileiros como sujeitos do processo revolucion\u00e1rio \u00e9 um elemento estruturante de nossa a\u00e7\u00e3o pol\u00edtica. Cabe ao PSOL atuar de forma unit\u00e1ria no Movimento Negro e contribuir para o ac\u00famulo de for\u00e7as na constru\u00e7\u00e3o de novos rumos para o Brasil.<\/p>\n<p style=\"text-align: justify\">O povo negro devido as suas condi\u00e7\u00f5es materiais de vida, assim como a consci\u00eancia do racismo e de suas manifesta\u00e7\u00f5es concretas, construiu organiza\u00e7\u00f5es em torno da defesa de seus interesses (que variam de organiza\u00e7\u00f5es religiosas e recreativas &#8211; candombl\u00e9, umbanda, tambor de mina, escolas de samba, afox\u00e9s, blocos, hip hop, funk etc &#8211; a movimentos de luta por direitos b\u00e1sicos como moradia, transporte, educa\u00e7\u00e3o e sa\u00fade). Desta maneira, construiu instrumentos de resist\u00eancia adequados as suas condi\u00e7\u00f5es culturais e materiais ao definir suas estrat\u00e9gias de luta, de enfrentamento \u00e0s condi\u00e7\u00f5es extremamente duras de pen\u00faria e exclus\u00e3o social, definiu rela\u00e7\u00f5es de alian\u00e7a e mobilizou seus pr\u00f3prios intelectuais org\u00e2nicos. Em outros termos, viveu a classe e a condi\u00e7\u00e3o racial a partir de mores sociais constitu\u00eddos no processo hist\u00f3rico de enfrentamento da exclus\u00e3o, do racismo e da nega\u00e7\u00e3o de direitos. O maior erro dos partidos da esquerda socialista \u00e9 imaginar que esses espa\u00e7os em que os afrodescendentes s\u00e3o maioria, constituem-se em territ\u00f3rios amorfos, sem hist\u00f3ria e em que predominam sujeitos passivos a domina\u00e7\u00e3o de classe e de ra\u00e7a.<\/p>\n<p style=\"text-align: justify\">Al\u00e9m disso, a consci\u00eancia anti-racista abre uma frente de enfrentamentos \u00e0 ordem dominante e, a partir de fundamentos culturais e sociais, p\u00f5em freios \u00e0 l\u00f3gica predat\u00f3ria e desumanizadora do modo de produ\u00e7\u00e3o capitalista. A associa\u00e7\u00e3o de jovens negros em posses e grupos de hip hop; o funk como express\u00e3o cultural de juventude negra carioca; as escolas de samba, candombl\u00e9s e umbanda; os movimentos de moradia, contra a carestia, por sa\u00fade e os cursinhos pr\u00e9-vestibulares constituem parte do tecido de movimentos reativos aos ataques racistas das elites dominantes. Esta corrente de movimentos reativos \u00e9 um elemento extremamente importante na forma\u00e7\u00e3o de uma consci\u00eancia anti-racista e socialista entre o povo negro.<\/p>\n<p style=\"text-align: justify\">O Movimento Negro \u00e9, portanto, um espa\u00e7o permanente de aglutina\u00e7\u00e3o de for\u00e7as contra o racismo e deve ser disputado a partir de uma perspectiva cr\u00edtica, contestat\u00f3ria, anticapitalista e antiimperialista. Para isso, \u00e9 fundamental organizarmos a interven\u00e7\u00e3o das negras e negros para que possamos ter uma atua\u00e7\u00e3o minimamente unificada em torno de nosso horizonte estrat\u00e9gico, articulando \u00e0s lutas de nosso povo. Desta maneira, o PSOL deve ter uma interven\u00e7\u00e3o unificada nos diversos n\u00edveis de sua atua\u00e7\u00e3o pol\u00edtica e privilegiar pautas e reivindica\u00e7\u00f5es que contribuam para a eleva\u00e7\u00e3o do n\u00edvel de consci\u00eancia de nosso povo em rela\u00e7\u00e3o aos efeitos do racismo e do capitalismo.<\/p>\n<p style=\"text-align: justify\">Reconhecemos no Partido Socialismo e Liberdade a possibilidade de articularmos a plataforma de reivindica\u00e7\u00f5es dos direitos e pol\u00edticas p\u00fablicas para o povo negro com um programa de mudan\u00e7as radicais para a sociedade como um todo, de car\u00e1ter antineoliberal, antiracista, antimachista, democr\u00e1tico, popular e socialista.<\/p>\n<p style=\"text-align: justify\">Para o PSOL se transformar em um instrumento que defenda a popula\u00e7\u00e3o negra ele deve ter a cara do povo brasileiro. Deve ser express\u00e3o pol\u00edtica e simb\u00f3lica da resist\u00eancia negra, ind\u00edgena, feminista e popular. Para isso, o Setorial de Negras e Negros deve ter f\u00f3runs funcionando com regularidade e com pautas pol\u00edticas. Para tal \u00e9 essencial que o Setorial seja um instrumento do conjunto do partido e n\u00e3o, apenas, dos militantes de algumas correntes internas.<\/p>\n<p style=\"text-align: justify\"><em><strong>ENCONTRO NACIONAL DE NEGRAS E NEGROS DO PSOL. <\/strong><\/em><br \/>\n<em><strong>S\u00e3o Paulo, 03 de setembro de 2011<\/strong><\/em><\/p>\n","protected":false},"excerpt":{"rendered":"<p>Com representantes de 13 estados (RS, PR, SP, RJ, ES, BA, SE, CE, MA, PA, AP, DF e GO), o I Encontro Nacional de Negros e Negras do PSOL consolidou a constru\u00e7\u00e3o do setorial e elegeu um novo coletivo, em car\u00e1ter provis\u00f3rio, que ter\u00e1 como desafio intensificar o trabalho de constru\u00e7\u00e3o do setorial, contribuir para [&hellip;]<\/p>\n","protected":false},"author":2,"featured_media":0,"comment_status":"open","ping_status":"open","sticky":false,"template":"","format":"standard","meta":{"_acf_changed":false,"footnotes":""},"categories":[4766],"tags":[],"class_list":{"0":"post-1116","1":"post","2":"type-post","3":"status-publish","4":"format-standard","6":"category-arquivo"},"acf":[],"yoast_head":"<!-- This site is optimized with the Yoast SEO plugin v26.5 - https:\/\/yoast.com\/wordpress\/plugins\/seo\/ -->\n<title>Carta de S\u00e3o Paulo - Setorial de Negras e Negros do Partido Socialismo e Liberdade - PSOL 50<\/title>\n<meta name=\"robots\" content=\"index, follow, max-snippet:-1, max-image-preview:large, max-video-preview:-1\" \/>\n<link rel=\"canonical\" href=\"https:\/\/psol50.org.br\/carta-de-sao-paulo-setorial-de-negras-e-negros-do-partido-socialismo-e-liberdade\/\" \/>\n<meta property=\"og:locale\" content=\"pt_BR\" \/>\n<meta property=\"og:type\" content=\"article\" \/>\n<meta property=\"og:title\" content=\"Carta de S\u00e3o Paulo - Setorial de Negras e Negros do Partido Socialismo e Liberdade - PSOL 50\" \/>\n<meta property=\"og:description\" content=\"Com representantes de 13 estados (RS, PR, SP, RJ, ES, BA, SE, CE, MA, PA, AP, DF e GO), o I Encontro Nacional de Negros e Negras do PSOL consolidou a constru\u00e7\u00e3o do setorial e elegeu um novo coletivo, em car\u00e1ter provis\u00f3rio, que ter\u00e1 como desafio intensificar o trabalho de constru\u00e7\u00e3o do setorial, contribuir para [&hellip;]\" \/>\n<meta property=\"og:url\" content=\"https:\/\/psol50.org.br\/carta-de-sao-paulo-setorial-de-negras-e-negros-do-partido-socialismo-e-liberdade\/\" \/>\n<meta property=\"og:site_name\" content=\"PSOL 50\" \/>\n<meta property=\"article:publisher\" content=\"https:\/\/www.facebook.com\/psol50\" \/>\n<meta property=\"article:published_time\" content=\"2011-11-04T00:00:00+00:00\" \/>\n<meta property=\"og:image\" content=\"http:\/\/psol50.org.br\/files\/2011\/11\/EncNegrasNegrosPSOL-300x196.jpg\" \/>\n<meta name=\"author\" content=\"Comunica\u00e7\u00e3o PSOL\" \/>\n<meta name=\"twitter:card\" content=\"summary_large_image\" \/>\n<meta name=\"twitter:creator\" content=\"@psol50\" \/>\n<meta name=\"twitter:site\" content=\"@psol50\" \/>\n<meta name=\"twitter:label1\" content=\"Escrito por\" \/>\n\t<meta name=\"twitter:data1\" content=\"Comunica\u00e7\u00e3o PSOL\" \/>\n\t<meta name=\"twitter:label2\" content=\"Est. tempo de leitura\" \/>\n\t<meta name=\"twitter:data2\" content=\"9 minutos\" \/>\n<script type=\"application\/ld+json\" class=\"yoast-schema-graph\">{\"@context\":\"https:\/\/schema.org\",\"@graph\":[{\"@type\":\"Article\",\"@id\":\"https:\/\/psol50.org.br\/carta-de-sao-paulo-setorial-de-negras-e-negros-do-partido-socialismo-e-liberdade\/#article\",\"isPartOf\":{\"@id\":\"https:\/\/psol50.org.br\/carta-de-sao-paulo-setorial-de-negras-e-negros-do-partido-socialismo-e-liberdade\/\"},\"author\":{\"name\":\"Comunica\u00e7\u00e3o PSOL\",\"@id\":\"https:\/\/psol50.org.br\/#\/schema\/person\/475dfa57d0b815993c714c2e96491fcd\"},\"headline\":\"Carta de S\u00e3o Paulo &#8211; Setorial de Negras e Negros do Partido Socialismo e Liberdade\",\"datePublished\":\"2011-11-04T00:00:00+00:00\",\"mainEntityOfPage\":{\"@id\":\"https:\/\/psol50.org.br\/carta-de-sao-paulo-setorial-de-negras-e-negros-do-partido-socialismo-e-liberdade\/\"},\"wordCount\":1723,\"commentCount\":0,\"publisher\":{\"@id\":\"https:\/\/psol50.org.br\/#organization\"},\"image\":{\"@id\":\"https:\/\/psol50.org.br\/carta-de-sao-paulo-setorial-de-negras-e-negros-do-partido-socialismo-e-liberdade\/#primaryimage\"},\"thumbnailUrl\":\"http:\/\/psol50.org.br\/files\/2011\/11\/EncNegrasNegrosPSOL-300x196.jpg\",\"articleSection\":[\"Arquivo\"],\"inLanguage\":\"pt-BR\",\"potentialAction\":[{\"@type\":\"CommentAction\",\"name\":\"Comment\",\"target\":[\"https:\/\/psol50.org.br\/carta-de-sao-paulo-setorial-de-negras-e-negros-do-partido-socialismo-e-liberdade\/#respond\"]}]},{\"@type\":\"WebPage\",\"@id\":\"https:\/\/psol50.org.br\/carta-de-sao-paulo-setorial-de-negras-e-negros-do-partido-socialismo-e-liberdade\/\",\"url\":\"https:\/\/psol50.org.br\/carta-de-sao-paulo-setorial-de-negras-e-negros-do-partido-socialismo-e-liberdade\/\",\"name\":\"Carta de S\u00e3o Paulo - Setorial de Negras e Negros do Partido Socialismo e Liberdade - PSOL 50\",\"isPartOf\":{\"@id\":\"https:\/\/psol50.org.br\/#website\"},\"primaryImageOfPage\":{\"@id\":\"https:\/\/psol50.org.br\/carta-de-sao-paulo-setorial-de-negras-e-negros-do-partido-socialismo-e-liberdade\/#primaryimage\"},\"image\":{\"@id\":\"https:\/\/psol50.org.br\/carta-de-sao-paulo-setorial-de-negras-e-negros-do-partido-socialismo-e-liberdade\/#primaryimage\"},\"thumbnailUrl\":\"http:\/\/psol50.org.br\/files\/2011\/11\/EncNegrasNegrosPSOL-300x196.jpg\",\"datePublished\":\"2011-11-04T00:00:00+00:00\",\"breadcrumb\":{\"@id\":\"https:\/\/psol50.org.br\/carta-de-sao-paulo-setorial-de-negras-e-negros-do-partido-socialismo-e-liberdade\/#breadcrumb\"},\"inLanguage\":\"pt-BR\",\"potentialAction\":[{\"@type\":\"ReadAction\",\"target\":[\"https:\/\/psol50.org.br\/carta-de-sao-paulo-setorial-de-negras-e-negros-do-partido-socialismo-e-liberdade\/\"]}]},{\"@type\":\"ImageObject\",\"inLanguage\":\"pt-BR\",\"@id\":\"https:\/\/psol50.org.br\/carta-de-sao-paulo-setorial-de-negras-e-negros-do-partido-socialismo-e-liberdade\/#primaryimage\",\"url\":\"http:\/\/psol50.org.br\/files\/2011\/11\/EncNegrasNegrosPSOL-300x196.jpg\",\"contentUrl\":\"http:\/\/psol50.org.br\/files\/2011\/11\/EncNegrasNegrosPSOL-300x196.jpg\"},{\"@type\":\"BreadcrumbList\",\"@id\":\"https:\/\/psol50.org.br\/carta-de-sao-paulo-setorial-de-negras-e-negros-do-partido-socialismo-e-liberdade\/#breadcrumb\",\"itemListElement\":[{\"@type\":\"ListItem\",\"position\":1,\"name\":\"In\u00edcio\",\"item\":\"https:\/\/psol50.org.br\/\"},{\"@type\":\"ListItem\",\"position\":2,\"name\":\"Carta de S\u00e3o Paulo &#8211; Setorial de Negras e Negros do Partido Socialismo e Liberdade\"}]},{\"@type\":\"WebSite\",\"@id\":\"https:\/\/psol50.org.br\/#website\",\"url\":\"https:\/\/psol50.org.br\/\",\"name\":\"PSOL 50\",\"description\":\"Site oficial do Partido Socialismo e Liberdade\",\"publisher\":{\"@id\":\"https:\/\/psol50.org.br\/#organization\"},\"alternateName\":\"PSOL50\",\"potentialAction\":[{\"@type\":\"SearchAction\",\"target\":{\"@type\":\"EntryPoint\",\"urlTemplate\":\"https:\/\/psol50.org.br\/?s={search_term_string}\"},\"query-input\":{\"@type\":\"PropertyValueSpecification\",\"valueRequired\":true,\"valueName\":\"search_term_string\"}}],\"inLanguage\":\"pt-BR\"},{\"@type\":\"Organization\",\"@id\":\"https:\/\/psol50.org.br\/#organization\",\"name\":\"PSOL 50\",\"alternateName\":\"PSOL 50\",\"url\":\"https:\/\/psol50.org.br\/\",\"logo\":{\"@type\":\"ImageObject\",\"inLanguage\":\"pt-BR\",\"@id\":\"https:\/\/psol50.org.br\/#\/schema\/logo\/image\/\",\"url\":\"https:\/\/psol50.org.br\/inc\/uploads\/2018\/07\/capa.png\",\"contentUrl\":\"https:\/\/psol50.org.br\/inc\/uploads\/2018\/07\/capa.png\",\"width\":1350,\"height\":900,\"caption\":\"PSOL 50\"},\"image\":{\"@id\":\"https:\/\/psol50.org.br\/#\/schema\/logo\/image\/\"},\"sameAs\":[\"https:\/\/www.facebook.com\/psol50\",\"https:\/\/x.com\/psol50\",\"https:\/\/www.instagram.com\/psol50\/\",\"https:\/\/www.youtube.com\/channel\/UC7SnJS5o1os7a6CaiNabzcg\"]},{\"@type\":\"Person\",\"@id\":\"https:\/\/psol50.org.br\/#\/schema\/person\/475dfa57d0b815993c714c2e96491fcd\",\"name\":\"Comunica\u00e7\u00e3o PSOL\",\"image\":{\"@type\":\"ImageObject\",\"inLanguage\":\"pt-BR\",\"@id\":\"https:\/\/psol50.org.br\/#\/schema\/person\/image\/\",\"url\":\"https:\/\/secure.gravatar.com\/avatar\/b34fc4f4e468a4e51785917065a3db57b841f5c95dba6ad8c73aaf8f66f8f9bf?s=96&d=mm&r=g\",\"contentUrl\":\"https:\/\/secure.gravatar.com\/avatar\/b34fc4f4e468a4e51785917065a3db57b841f5c95dba6ad8c73aaf8f66f8f9bf?s=96&d=mm&r=g\",\"caption\":\"Comunica\u00e7\u00e3o PSOL\"}}]}<\/script>\n<!-- \/ Yoast SEO plugin. -->","yoast_head_json":{"title":"Carta de S\u00e3o Paulo - Setorial de Negras e Negros do Partido Socialismo e Liberdade - PSOL 50","robots":{"index":"index","follow":"follow","max-snippet":"max-snippet:-1","max-image-preview":"max-image-preview:large","max-video-preview":"max-video-preview:-1"},"canonical":"https:\/\/psol50.org.br\/carta-de-sao-paulo-setorial-de-negras-e-negros-do-partido-socialismo-e-liberdade\/","og_locale":"pt_BR","og_type":"article","og_title":"Carta de S\u00e3o Paulo - Setorial de Negras e Negros do Partido Socialismo e Liberdade - PSOL 50","og_description":"Com representantes de 13 estados (RS, PR, SP, RJ, ES, BA, SE, CE, MA, PA, AP, DF e GO), o I Encontro Nacional de Negros e Negras do PSOL consolidou a constru\u00e7\u00e3o do setorial e elegeu um novo coletivo, em car\u00e1ter provis\u00f3rio, que ter\u00e1 como desafio intensificar o trabalho de constru\u00e7\u00e3o do setorial, contribuir para [&hellip;]","og_url":"https:\/\/psol50.org.br\/carta-de-sao-paulo-setorial-de-negras-e-negros-do-partido-socialismo-e-liberdade\/","og_site_name":"PSOL 50","article_publisher":"https:\/\/www.facebook.com\/psol50","article_published_time":"2011-11-04T00:00:00+00:00","og_image":[{"url":"http:\/\/psol50.org.br\/files\/2011\/11\/EncNegrasNegrosPSOL-300x196.jpg","type":"","width":"","height":""}],"author":"Comunica\u00e7\u00e3o PSOL","twitter_card":"summary_large_image","twitter_creator":"@psol50","twitter_site":"@psol50","twitter_misc":{"Escrito por":"Comunica\u00e7\u00e3o PSOL","Est. tempo de leitura":"9 minutos"},"schema":{"@context":"https:\/\/schema.org","@graph":[{"@type":"Article","@id":"https:\/\/psol50.org.br\/carta-de-sao-paulo-setorial-de-negras-e-negros-do-partido-socialismo-e-liberdade\/#article","isPartOf":{"@id":"https:\/\/psol50.org.br\/carta-de-sao-paulo-setorial-de-negras-e-negros-do-partido-socialismo-e-liberdade\/"},"author":{"name":"Comunica\u00e7\u00e3o PSOL","@id":"https:\/\/psol50.org.br\/#\/schema\/person\/475dfa57d0b815993c714c2e96491fcd"},"headline":"Carta de S\u00e3o Paulo &#8211; Setorial de Negras e Negros do Partido Socialismo e Liberdade","datePublished":"2011-11-04T00:00:00+00:00","mainEntityOfPage":{"@id":"https:\/\/psol50.org.br\/carta-de-sao-paulo-setorial-de-negras-e-negros-do-partido-socialismo-e-liberdade\/"},"wordCount":1723,"commentCount":0,"publisher":{"@id":"https:\/\/psol50.org.br\/#organization"},"image":{"@id":"https:\/\/psol50.org.br\/carta-de-sao-paulo-setorial-de-negras-e-negros-do-partido-socialismo-e-liberdade\/#primaryimage"},"thumbnailUrl":"http:\/\/psol50.org.br\/files\/2011\/11\/EncNegrasNegrosPSOL-300x196.jpg","articleSection":["Arquivo"],"inLanguage":"pt-BR","potentialAction":[{"@type":"CommentAction","name":"Comment","target":["https:\/\/psol50.org.br\/carta-de-sao-paulo-setorial-de-negras-e-negros-do-partido-socialismo-e-liberdade\/#respond"]}]},{"@type":"WebPage","@id":"https:\/\/psol50.org.br\/carta-de-sao-paulo-setorial-de-negras-e-negros-do-partido-socialismo-e-liberdade\/","url":"https:\/\/psol50.org.br\/carta-de-sao-paulo-setorial-de-negras-e-negros-do-partido-socialismo-e-liberdade\/","name":"Carta de S\u00e3o Paulo - Setorial de Negras e Negros do Partido Socialismo e Liberdade - PSOL 50","isPartOf":{"@id":"https:\/\/psol50.org.br\/#website"},"primaryImageOfPage":{"@id":"https:\/\/psol50.org.br\/carta-de-sao-paulo-setorial-de-negras-e-negros-do-partido-socialismo-e-liberdade\/#primaryimage"},"image":{"@id":"https:\/\/psol50.org.br\/carta-de-sao-paulo-setorial-de-negras-e-negros-do-partido-socialismo-e-liberdade\/#primaryimage"},"thumbnailUrl":"http:\/\/psol50.org.br\/files\/2011\/11\/EncNegrasNegrosPSOL-300x196.jpg","datePublished":"2011-11-04T00:00:00+00:00","breadcrumb":{"@id":"https:\/\/psol50.org.br\/carta-de-sao-paulo-setorial-de-negras-e-negros-do-partido-socialismo-e-liberdade\/#breadcrumb"},"inLanguage":"pt-BR","potentialAction":[{"@type":"ReadAction","target":["https:\/\/psol50.org.br\/carta-de-sao-paulo-setorial-de-negras-e-negros-do-partido-socialismo-e-liberdade\/"]}]},{"@type":"ImageObject","inLanguage":"pt-BR","@id":"https:\/\/psol50.org.br\/carta-de-sao-paulo-setorial-de-negras-e-negros-do-partido-socialismo-e-liberdade\/#primaryimage","url":"http:\/\/psol50.org.br\/files\/2011\/11\/EncNegrasNegrosPSOL-300x196.jpg","contentUrl":"http:\/\/psol50.org.br\/files\/2011\/11\/EncNegrasNegrosPSOL-300x196.jpg"},{"@type":"BreadcrumbList","@id":"https:\/\/psol50.org.br\/carta-de-sao-paulo-setorial-de-negras-e-negros-do-partido-socialismo-e-liberdade\/#breadcrumb","itemListElement":[{"@type":"ListItem","position":1,"name":"In\u00edcio","item":"https:\/\/psol50.org.br\/"},{"@type":"ListItem","position":2,"name":"Carta de S\u00e3o Paulo &#8211; Setorial de Negras e Negros do Partido Socialismo e Liberdade"}]},{"@type":"WebSite","@id":"https:\/\/psol50.org.br\/#website","url":"https:\/\/psol50.org.br\/","name":"PSOL 50","description":"Site oficial do Partido Socialismo e Liberdade","publisher":{"@id":"https:\/\/psol50.org.br\/#organization"},"alternateName":"PSOL50","potentialAction":[{"@type":"SearchAction","target":{"@type":"EntryPoint","urlTemplate":"https:\/\/psol50.org.br\/?s={search_term_string}"},"query-input":{"@type":"PropertyValueSpecification","valueRequired":true,"valueName":"search_term_string"}}],"inLanguage":"pt-BR"},{"@type":"Organization","@id":"https:\/\/psol50.org.br\/#organization","name":"PSOL 50","alternateName":"PSOL 50","url":"https:\/\/psol50.org.br\/","logo":{"@type":"ImageObject","inLanguage":"pt-BR","@id":"https:\/\/psol50.org.br\/#\/schema\/logo\/image\/","url":"https:\/\/psol50.org.br\/inc\/uploads\/2018\/07\/capa.png","contentUrl":"https:\/\/psol50.org.br\/inc\/uploads\/2018\/07\/capa.png","width":1350,"height":900,"caption":"PSOL 50"},"image":{"@id":"https:\/\/psol50.org.br\/#\/schema\/logo\/image\/"},"sameAs":["https:\/\/www.facebook.com\/psol50","https:\/\/x.com\/psol50","https:\/\/www.instagram.com\/psol50\/","https:\/\/www.youtube.com\/channel\/UC7SnJS5o1os7a6CaiNabzcg"]},{"@type":"Person","@id":"https:\/\/psol50.org.br\/#\/schema\/person\/475dfa57d0b815993c714c2e96491fcd","name":"Comunica\u00e7\u00e3o PSOL","image":{"@type":"ImageObject","inLanguage":"pt-BR","@id":"https:\/\/psol50.org.br\/#\/schema\/person\/image\/","url":"https:\/\/secure.gravatar.com\/avatar\/b34fc4f4e468a4e51785917065a3db57b841f5c95dba6ad8c73aaf8f66f8f9bf?s=96&d=mm&r=g","contentUrl":"https:\/\/secure.gravatar.com\/avatar\/b34fc4f4e468a4e51785917065a3db57b841f5c95dba6ad8c73aaf8f66f8f9bf?s=96&d=mm&r=g","caption":"Comunica\u00e7\u00e3o PSOL"}}]}},"_links":{"self":[{"href":"https:\/\/psol50.org.br\/rest\/wp\/v2\/posts\/1116","targetHints":{"allow":["GET"]}}],"collection":[{"href":"https:\/\/psol50.org.br\/rest\/wp\/v2\/posts"}],"about":[{"href":"https:\/\/psol50.org.br\/rest\/wp\/v2\/types\/post"}],"author":[{"embeddable":true,"href":"https:\/\/psol50.org.br\/rest\/wp\/v2\/users\/2"}],"replies":[{"embeddable":true,"href":"https:\/\/psol50.org.br\/rest\/wp\/v2\/comments?post=1116"}],"version-history":[{"count":0,"href":"https:\/\/psol50.org.br\/rest\/wp\/v2\/posts\/1116\/revisions"}],"wp:attachment":[{"href":"https:\/\/psol50.org.br\/rest\/wp\/v2\/media?parent=1116"}],"wp:term":[{"taxonomy":"category","embeddable":true,"href":"https:\/\/psol50.org.br\/rest\/wp\/v2\/categories?post=1116"},{"taxonomy":"post_tag","embeddable":true,"href":"https:\/\/psol50.org.br\/rest\/wp\/v2\/tags?post=1116"}],"curies":[{"name":"wp","href":"https:\/\/api.w.org\/{rel}","templated":true}]}}