{"id":11161,"date":"2016-02-02T16:36:37","date_gmt":"2016-02-02T16:36:37","guid":{"rendered":"http:\/\/www.psol50.org.br\/?p=11161"},"modified":"2016-02-02T16:36:37","modified_gmt":"2016-02-02T16:36:37","slug":"em-reuniao-com-presidente-do-stf-deputados-do-psol-apresentarao-novos-elementos-contra-cunha","status":"publish","type":"post","link":"https:\/\/psol50.org.br\/em-reuniao-com-presidente-do-stf-deputados-do-psol-apresentarao-novos-elementos-contra-cunha\/","title":{"rendered":"Em reuni\u00e3o com presidente do STF, deputados do PSOL apresentar\u00e3o novos elementos contra Cunha"},"content":{"rendered":"<p>De volta aos trabalhos no Legislativo, os deputados do PSOL se re\u00fanem nesta quarta-feira, 3 de fevereiro, \u00e0s 18 horas, com o presidente do Supremo Tribunal Federal (STF), ministro Ricardo Lewandowski. A bancada se manifestar\u00e1 quanto \u00e0 decis\u00e3o da Corte em rela\u00e7\u00e3o ao rito do pedido de impeachment contra a presidenta Dilma &#8211; como a anula\u00e7\u00e3o da elei\u00e7\u00e3o da chapa alternativa, no final do ano passado &#8211; e reafirmar\u00e1 que as demais atividades da C\u00e2mara dos Deputados n\u00e3o podem ser paralisadas devido ao processo de impeachment. &#8220;A decis\u00e3o do Supremo \u00e9 valiosa&#8221;, afirma o l\u00edder do PSOL, deputado\u00a0<a href=\"https:\/\/www.facebook.com\/chicoalencar\/\" data-hovercard=\"\/ajax\/hovercard\/page.php?id=184693888299537\">Chico Alencar<\/a>\u00a0(PSOL-RJ).<\/p>\n<p>Na pauta com o presidente do STF, os parlamentares tamb\u00e9m tratar\u00e3o das novas den\u00fancias contra o deputado Eduardo Cunha (PMDB-RJ): as cinco contas no exterior e as afirma\u00e7\u00f5es do delator Fernando Baiano de que esteve na casa de Cunha, na Barra da Tijuca, no Rio de Janeiro. O presidente da C\u00e2mara disse na CPI da Petrobras, em mar\u00e7o de 2015, que Baiano nunca estivera em sua casa.<\/p>\n<p>O objetivo do PSOL \u00e9 apresentar esses novos elementos que refor\u00e7am a necessidade de afastamento de Cunha da Presid\u00eancia da C\u00e2mara, acompanhando o pedido protocolado pelo procurador-geral da Rep\u00fablica, Rodrigo Janot.<\/p>\n<p><strong>Atua\u00e7\u00e3o do PSOL<br \/>\n<\/strong><a href=\"http:\/\/www.psol50.org.br\/2015\/10\/linha-de-frente-do-foracunha-psol-pede-abertura-de-investigacao-contra-presidente-da-camara\/\"><u>Em 13 de outubro do ano passado, o PSOL protocolou, juntamente com a Rede Sustentabilidade, <\/u><u>no Conselho de \u00c9tica da C\u00e2mara, representa\u00e7\u00e3o<\/u><\/a> contra Eduardo Cunha, por quebra de decoro parlamentar. Al\u00e9m de Chico Alencar (RJ), Ivan Valente (SP), Jean Wyllys (RJ), Edmilson Rodrigues (PA) e Glauber Braga (RJ), tamb\u00e9m apoiaram o pedido 43 deputados de partidos como Rede, PT, PPS, PROS, PMDB e PSB.<\/p>\n<p>Para pedir a abertura de investiga\u00e7\u00e3o contra o peemedebista, o PSOL tomou como base o documento enviado \u00e0 \u00e9poca pela Procuradoria Geral da Rep\u00fablica (PGR), ap\u00f3s um pedido formal do partido, confirmando que Cunha e familiares mant\u00eam contas banc\u00e1rias secretas na Su\u00ed\u00e7a. Com base nas respostas do procurador-geral, Rodrigo Janot, o partido entende que Cunha mentiu em depoimento \u00e0 CPI da Petrobras, em mar\u00e7o do ano passado, quando negou ter contas no exterior.<\/p>\n<p><u><a href=\"http:\/\/www.psol50.org.br\/2015\/11\/conselho-de-etica-da-camara-instaura-processo-contra-cunha\/\">Dando prosseguimento \u00e0 representa\u00e7\u00e3o do PSOL, em 3 de novembro \u00faltimo, o Conselho de \u00c9tica instaurou o processo contra o presidente da Casa<\/a><\/u>. E no dia 15 de dezembro, ap\u00f3s sucessivas manobras feitas por aliados de Cunha, que adiavam a vota\u00e7\u00e3o do parecer sobre a representa\u00e7\u00e3o contra ele, <u><a href=\"http:\/\/www.psol50.org.br\/2015\/12\/conselho-de-etica-aprova-continuidade-de-investigacao-contra-eduardo-cunha\/\">o colegiado\u00a0aprovou, por 11 votos a 9, o parecer preliminar do deputado Marcos Rog\u00e9rio (PDT-RO), que d\u00e1 continuidade \u00e0 representa\u00e7\u00e3o<\/a><\/u>.\u00a0Com essa decis\u00e3o, a a\u00e7\u00e3o contra Cunha, provocada pelo PSOL e pela Rede, continuaria tramitando.<\/p>\n<p>Por\u00e9m, em golpe operado por Cunha nesta ter\u00e7a-feira (2), primeiro dia dos trabalhos legislativos, o vice-presidente da C\u00e2mara, Waldir Maranh\u00e3o (PP-MA), aliado do presidente, cancelou em um s\u00f3 ato a aprova\u00e7\u00e3o da continuidade do processo no Conselho de \u00c9tica. Isso faz com que tudo volte ao in\u00edcio. Esse tamb\u00e9m ser\u00e1 um dos temas tratados na reuni\u00e3o com o STF.<\/p>\n<p><em>Da reda\u00e7\u00e3o do PSOL Nacional, informa\u00e7\u00f5es da Lideran\u00e7a do PSOL<\/em><\/p>\n<p>&nbsp;<\/p>\n<p>&nbsp;<\/p>\n","protected":false},"excerpt":{"rendered":"<p>De volta aos trabalhos no Legislativo, os deputados do PSOL se re\u00fanem nesta quarta-feira, 3 de fevereiro, \u00e0s 18 horas, com o presidente do Supremo Tribunal Federal (STF), ministro Ricardo Lewandowski. A bancada se manifestar\u00e1 quanto \u00e0 decis\u00e3o da Corte em rela\u00e7\u00e3o ao rito do pedido de impeachment contra a presidenta Dilma &#8211; como a [&hellip;]<\/p>\n","protected":false},"author":2,"featured_media":11162,"comment_status":"open","ping_status":"open","sticky":false,"template":"","format":"standard","meta":{"_acf_changed":false,"footnotes":""},"categories":[10,1882],"tags":[2734,2344,3955,2890,77,3956,3093,45],"class_list":{"0":"post-11161","1":"post","2":"type-post","3":"status-publish","4":"format-standard","5":"has-post-thumbnail","7":"category-acao-parlamentares","8":"category-brasil","9":"tag-bancada-do-psol","10":"tag-conselho-de-etica-da-camara","11":"tag-cpi-da-petrobras","12":"tag-eduardo-cunha","13":"tag-pgr","14":"tag-ricardo-lewandowski","15":"tag-rodrigo-janot","16":"tag-stf"},"acf":[],"yoast_head":"<!-- This site is optimized with the Yoast SEO plugin v26.5 - https:\/\/yoast.com\/wordpress\/plugins\/seo\/ -->\n<title>Em reuni\u00e3o com presidente do STF, deputados do PSOL apresentar\u00e3o novos elementos contra Cunha - PSOL 50<\/title>\n<meta name=\"robots\" content=\"index, follow, max-snippet:-1, max-image-preview:large, max-video-preview:-1\" \/>\n<link rel=\"canonical\" href=\"https:\/\/psol50.org.br\/em-reuniao-com-presidente-do-stf-deputados-do-psol-apresentarao-novos-elementos-contra-cunha\/\" \/>\n<meta property=\"og:locale\" content=\"pt_BR\" \/>\n<meta property=\"og:type\" content=\"article\" \/>\n<meta property=\"og:title\" content=\"Em reuni\u00e3o com presidente do STF, deputados do PSOL apresentar\u00e3o novos elementos contra Cunha - PSOL 50\" \/>\n<meta property=\"og:description\" content=\"De volta aos trabalhos no Legislativo, os deputados do PSOL se re\u00fanem nesta quarta-feira, 3 de fevereiro, \u00e0s 18 horas, com o presidente do Supremo Tribunal Federal (STF), ministro Ricardo Lewandowski. A bancada se manifestar\u00e1 quanto \u00e0 decis\u00e3o da Corte em rela\u00e7\u00e3o ao rito do pedido de impeachment contra a presidenta Dilma &#8211; como a [&hellip;]\" \/>\n<meta property=\"og:url\" content=\"https:\/\/psol50.org.br\/em-reuniao-com-presidente-do-stf-deputados-do-psol-apresentarao-novos-elementos-contra-cunha\/\" \/>\n<meta property=\"og:site_name\" content=\"PSOL 50\" \/>\n<meta property=\"article:publisher\" content=\"https:\/\/www.facebook.com\/psol50\" \/>\n<meta property=\"article:published_time\" content=\"2016-02-02T16:36:37+00:00\" \/>\n<meta property=\"og:image\" content=\"https:\/\/psol50.org.br\/inc\/uploads\/2018\/07\/capa.png\" \/>\n\t<meta property=\"og:image:width\" content=\"1350\" \/>\n\t<meta property=\"og:image:height\" content=\"900\" \/>\n\t<meta property=\"og:image:type\" content=\"image\/png\" \/>\n<meta name=\"author\" content=\"Comunica\u00e7\u00e3o PSOL\" \/>\n<meta name=\"twitter:card\" content=\"summary_large_image\" \/>\n<meta name=\"twitter:creator\" content=\"@psol50\" \/>\n<meta name=\"twitter:site\" content=\"@psol50\" \/>\n<meta name=\"twitter:label1\" content=\"Escrito por\" \/>\n\t<meta name=\"twitter:data1\" content=\"Comunica\u00e7\u00e3o PSOL\" \/>\n\t<meta name=\"twitter:label2\" content=\"Est. tempo de leitura\" \/>\n\t<meta name=\"twitter:data2\" content=\"3 minutos\" \/>\n<script type=\"application\/ld+json\" class=\"yoast-schema-graph\">{\"@context\":\"https:\/\/schema.org\",\"@graph\":[{\"@type\":\"Article\",\"@id\":\"https:\/\/psol50.org.br\/em-reuniao-com-presidente-do-stf-deputados-do-psol-apresentarao-novos-elementos-contra-cunha\/#article\",\"isPartOf\":{\"@id\":\"https:\/\/psol50.org.br\/em-reuniao-com-presidente-do-stf-deputados-do-psol-apresentarao-novos-elementos-contra-cunha\/\"},\"author\":{\"name\":\"Comunica\u00e7\u00e3o PSOL\",\"@id\":\"https:\/\/psol50.org.br\/#\/schema\/person\/475dfa57d0b815993c714c2e96491fcd\"},\"headline\":\"Em reuni\u00e3o com presidente do STF, deputados do PSOL apresentar\u00e3o novos elementos contra Cunha\",\"datePublished\":\"2016-02-02T16:36:37+00:00\",\"mainEntityOfPage\":{\"@id\":\"https:\/\/psol50.org.br\/em-reuniao-com-presidente-do-stf-deputados-do-psol-apresentarao-novos-elementos-contra-cunha\/\"},\"wordCount\":543,\"commentCount\":0,\"publisher\":{\"@id\":\"https:\/\/psol50.org.br\/#organization\"},\"image\":{\"@id\":\"https:\/\/psol50.org.br\/em-reuniao-com-presidente-do-stf-deputados-do-psol-apresentarao-novos-elementos-contra-cunha\/#primaryimage\"},\"thumbnailUrl\":\"\",\"keywords\":[\"Bancada do PSOL\",\"Conselho de \u00c9tica da C\u00e2mara\",\"CPI da Petrobras\",\"Eduardo Cunha\",\"PGR\",\"Ricardo Lewandowski\",\"Rodrigo Janot\",\"STF\"],\"articleSection\":[\"A\u00e7\u00e3o Parlamentar\",\"Brasil\"],\"inLanguage\":\"pt-BR\",\"potentialAction\":[{\"@type\":\"CommentAction\",\"name\":\"Comment\",\"target\":[\"https:\/\/psol50.org.br\/em-reuniao-com-presidente-do-stf-deputados-do-psol-apresentarao-novos-elementos-contra-cunha\/#respond\"]}]},{\"@type\":\"WebPage\",\"@id\":\"https:\/\/psol50.org.br\/em-reuniao-com-presidente-do-stf-deputados-do-psol-apresentarao-novos-elementos-contra-cunha\/\",\"url\":\"https:\/\/psol50.org.br\/em-reuniao-com-presidente-do-stf-deputados-do-psol-apresentarao-novos-elementos-contra-cunha\/\",\"name\":\"Em reuni\u00e3o com presidente do STF, deputados do PSOL apresentar\u00e3o novos elementos contra Cunha - PSOL 50\",\"isPartOf\":{\"@id\":\"https:\/\/psol50.org.br\/#website\"},\"primaryImageOfPage\":{\"@id\":\"https:\/\/psol50.org.br\/em-reuniao-com-presidente-do-stf-deputados-do-psol-apresentarao-novos-elementos-contra-cunha\/#primaryimage\"},\"image\":{\"@id\":\"https:\/\/psol50.org.br\/em-reuniao-com-presidente-do-stf-deputados-do-psol-apresentarao-novos-elementos-contra-cunha\/#primaryimage\"},\"thumbnailUrl\":\"\",\"datePublished\":\"2016-02-02T16:36:37+00:00\",\"breadcrumb\":{\"@id\":\"https:\/\/psol50.org.br\/em-reuniao-com-presidente-do-stf-deputados-do-psol-apresentarao-novos-elementos-contra-cunha\/#breadcrumb\"},\"inLanguage\":\"pt-BR\",\"potentialAction\":[{\"@type\":\"ReadAction\",\"target\":[\"https:\/\/psol50.org.br\/em-reuniao-com-presidente-do-stf-deputados-do-psol-apresentarao-novos-elementos-contra-cunha\/\"]}]},{\"@type\":\"ImageObject\",\"inLanguage\":\"pt-BR\",\"@id\":\"https:\/\/psol50.org.br\/em-reuniao-com-presidente-do-stf-deputados-do-psol-apresentarao-novos-elementos-contra-cunha\/#primaryimage\",\"url\":\"\",\"contentUrl\":\"\"},{\"@type\":\"BreadcrumbList\",\"@id\":\"https:\/\/psol50.org.br\/em-reuniao-com-presidente-do-stf-deputados-do-psol-apresentarao-novos-elementos-contra-cunha\/#breadcrumb\",\"itemListElement\":[{\"@type\":\"ListItem\",\"position\":1,\"name\":\"In\u00edcio\",\"item\":\"https:\/\/psol50.org.br\/\"},{\"@type\":\"ListItem\",\"position\":2,\"name\":\"Em reuni\u00e3o com presidente do STF, deputados do PSOL apresentar\u00e3o novos elementos contra Cunha\"}]},{\"@type\":\"WebSite\",\"@id\":\"https:\/\/psol50.org.br\/#website\",\"url\":\"https:\/\/psol50.org.br\/\",\"name\":\"PSOL 50\",\"description\":\"Site oficial do Partido Socialismo e Liberdade\",\"publisher\":{\"@id\":\"https:\/\/psol50.org.br\/#organization\"},\"alternateName\":\"PSOL50\",\"potentialAction\":[{\"@type\":\"SearchAction\",\"target\":{\"@type\":\"EntryPoint\",\"urlTemplate\":\"https:\/\/psol50.org.br\/?s={search_term_string}\"},\"query-input\":{\"@type\":\"PropertyValueSpecification\",\"valueRequired\":true,\"valueName\":\"search_term_string\"}}],\"inLanguage\":\"pt-BR\"},{\"@type\":\"Organization\",\"@id\":\"https:\/\/psol50.org.br\/#organization\",\"name\":\"PSOL 50\",\"alternateName\":\"PSOL 50\",\"url\":\"https:\/\/psol50.org.br\/\",\"logo\":{\"@type\":\"ImageObject\",\"inLanguage\":\"pt-BR\",\"@id\":\"https:\/\/psol50.org.br\/#\/schema\/logo\/image\/\",\"url\":\"https:\/\/psol50.org.br\/inc\/uploads\/2018\/07\/capa.png\",\"contentUrl\":\"https:\/\/psol50.org.br\/inc\/uploads\/2018\/07\/capa.png\",\"width\":1350,\"height\":900,\"caption\":\"PSOL 50\"},\"image\":{\"@id\":\"https:\/\/psol50.org.br\/#\/schema\/logo\/image\/\"},\"sameAs\":[\"https:\/\/www.facebook.com\/psol50\",\"https:\/\/x.com\/psol50\",\"https:\/\/www.instagram.com\/psol50\/\",\"https:\/\/www.youtube.com\/channel\/UC7SnJS5o1os7a6CaiNabzcg\"]},{\"@type\":\"Person\",\"@id\":\"https:\/\/psol50.org.br\/#\/schema\/person\/475dfa57d0b815993c714c2e96491fcd\",\"name\":\"Comunica\u00e7\u00e3o PSOL\",\"image\":{\"@type\":\"ImageObject\",\"inLanguage\":\"pt-BR\",\"@id\":\"https:\/\/psol50.org.br\/#\/schema\/person\/image\/\",\"url\":\"https:\/\/secure.gravatar.com\/avatar\/b34fc4f4e468a4e51785917065a3db57b841f5c95dba6ad8c73aaf8f66f8f9bf?s=96&d=mm&r=g\",\"contentUrl\":\"https:\/\/secure.gravatar.com\/avatar\/b34fc4f4e468a4e51785917065a3db57b841f5c95dba6ad8c73aaf8f66f8f9bf?s=96&d=mm&r=g\",\"caption\":\"Comunica\u00e7\u00e3o PSOL\"}}]}<\/script>\n<!-- \/ Yoast SEO plugin. -->","yoast_head_json":{"title":"Em reuni\u00e3o com presidente do STF, deputados do PSOL apresentar\u00e3o novos elementos contra Cunha - PSOL 50","robots":{"index":"index","follow":"follow","max-snippet":"max-snippet:-1","max-image-preview":"max-image-preview:large","max-video-preview":"max-video-preview:-1"},"canonical":"https:\/\/psol50.org.br\/em-reuniao-com-presidente-do-stf-deputados-do-psol-apresentarao-novos-elementos-contra-cunha\/","og_locale":"pt_BR","og_type":"article","og_title":"Em reuni\u00e3o com presidente do STF, deputados do PSOL apresentar\u00e3o novos elementos contra Cunha - PSOL 50","og_description":"De volta aos trabalhos no Legislativo, os deputados do PSOL se re\u00fanem nesta quarta-feira, 3 de fevereiro, \u00e0s 18 horas, com o presidente do Supremo Tribunal Federal (STF), ministro Ricardo Lewandowski. A bancada se manifestar\u00e1 quanto \u00e0 decis\u00e3o da Corte em rela\u00e7\u00e3o ao rito do pedido de impeachment contra a presidenta Dilma &#8211; como a [&hellip;]","og_url":"https:\/\/psol50.org.br\/em-reuniao-com-presidente-do-stf-deputados-do-psol-apresentarao-novos-elementos-contra-cunha\/","og_site_name":"PSOL 50","article_publisher":"https:\/\/www.facebook.com\/psol50","article_published_time":"2016-02-02T16:36:37+00:00","og_image":[{"width":1350,"height":900,"url":"https:\/\/psol50.org.br\/inc\/uploads\/2018\/07\/capa.png","type":"image\/png"}],"author":"Comunica\u00e7\u00e3o PSOL","twitter_card":"summary_large_image","twitter_creator":"@psol50","twitter_site":"@psol50","twitter_misc":{"Escrito por":"Comunica\u00e7\u00e3o PSOL","Est. tempo de leitura":"3 minutos"},"schema":{"@context":"https:\/\/schema.org","@graph":[{"@type":"Article","@id":"https:\/\/psol50.org.br\/em-reuniao-com-presidente-do-stf-deputados-do-psol-apresentarao-novos-elementos-contra-cunha\/#article","isPartOf":{"@id":"https:\/\/psol50.org.br\/em-reuniao-com-presidente-do-stf-deputados-do-psol-apresentarao-novos-elementos-contra-cunha\/"},"author":{"name":"Comunica\u00e7\u00e3o PSOL","@id":"https:\/\/psol50.org.br\/#\/schema\/person\/475dfa57d0b815993c714c2e96491fcd"},"headline":"Em reuni\u00e3o com presidente do STF, deputados do PSOL apresentar\u00e3o novos elementos contra Cunha","datePublished":"2016-02-02T16:36:37+00:00","mainEntityOfPage":{"@id":"https:\/\/psol50.org.br\/em-reuniao-com-presidente-do-stf-deputados-do-psol-apresentarao-novos-elementos-contra-cunha\/"},"wordCount":543,"commentCount":0,"publisher":{"@id":"https:\/\/psol50.org.br\/#organization"},"image":{"@id":"https:\/\/psol50.org.br\/em-reuniao-com-presidente-do-stf-deputados-do-psol-apresentarao-novos-elementos-contra-cunha\/#primaryimage"},"thumbnailUrl":"","keywords":["Bancada do PSOL","Conselho de \u00c9tica da C\u00e2mara","CPI da Petrobras","Eduardo Cunha","PGR","Ricardo Lewandowski","Rodrigo Janot","STF"],"articleSection":["A\u00e7\u00e3o Parlamentar","Brasil"],"inLanguage":"pt-BR","potentialAction":[{"@type":"CommentAction","name":"Comment","target":["https:\/\/psol50.org.br\/em-reuniao-com-presidente-do-stf-deputados-do-psol-apresentarao-novos-elementos-contra-cunha\/#respond"]}]},{"@type":"WebPage","@id":"https:\/\/psol50.org.br\/em-reuniao-com-presidente-do-stf-deputados-do-psol-apresentarao-novos-elementos-contra-cunha\/","url":"https:\/\/psol50.org.br\/em-reuniao-com-presidente-do-stf-deputados-do-psol-apresentarao-novos-elementos-contra-cunha\/","name":"Em reuni\u00e3o com presidente do STF, deputados do PSOL apresentar\u00e3o novos elementos contra Cunha - PSOL 50","isPartOf":{"@id":"https:\/\/psol50.org.br\/#website"},"primaryImageOfPage":{"@id":"https:\/\/psol50.org.br\/em-reuniao-com-presidente-do-stf-deputados-do-psol-apresentarao-novos-elementos-contra-cunha\/#primaryimage"},"image":{"@id":"https:\/\/psol50.org.br\/em-reuniao-com-presidente-do-stf-deputados-do-psol-apresentarao-novos-elementos-contra-cunha\/#primaryimage"},"thumbnailUrl":"","datePublished":"2016-02-02T16:36:37+00:00","breadcrumb":{"@id":"https:\/\/psol50.org.br\/em-reuniao-com-presidente-do-stf-deputados-do-psol-apresentarao-novos-elementos-contra-cunha\/#breadcrumb"},"inLanguage":"pt-BR","potentialAction":[{"@type":"ReadAction","target":["https:\/\/psol50.org.br\/em-reuniao-com-presidente-do-stf-deputados-do-psol-apresentarao-novos-elementos-contra-cunha\/"]}]},{"@type":"ImageObject","inLanguage":"pt-BR","@id":"https:\/\/psol50.org.br\/em-reuniao-com-presidente-do-stf-deputados-do-psol-apresentarao-novos-elementos-contra-cunha\/#primaryimage","url":"","contentUrl":""},{"@type":"BreadcrumbList","@id":"https:\/\/psol50.org.br\/em-reuniao-com-presidente-do-stf-deputados-do-psol-apresentarao-novos-elementos-contra-cunha\/#breadcrumb","itemListElement":[{"@type":"ListItem","position":1,"name":"In\u00edcio","item":"https:\/\/psol50.org.br\/"},{"@type":"ListItem","position":2,"name":"Em reuni\u00e3o com presidente do STF, deputados do PSOL apresentar\u00e3o novos elementos contra Cunha"}]},{"@type":"WebSite","@id":"https:\/\/psol50.org.br\/#website","url":"https:\/\/psol50.org.br\/","name":"PSOL 50","description":"Site oficial do Partido Socialismo e Liberdade","publisher":{"@id":"https:\/\/psol50.org.br\/#organization"},"alternateName":"PSOL50","potentialAction":[{"@type":"SearchAction","target":{"@type":"EntryPoint","urlTemplate":"https:\/\/psol50.org.br\/?s={search_term_string}"},"query-input":{"@type":"PropertyValueSpecification","valueRequired":true,"valueName":"search_term_string"}}],"inLanguage":"pt-BR"},{"@type":"Organization","@id":"https:\/\/psol50.org.br\/#organization","name":"PSOL 50","alternateName":"PSOL 50","url":"https:\/\/psol50.org.br\/","logo":{"@type":"ImageObject","inLanguage":"pt-BR","@id":"https:\/\/psol50.org.br\/#\/schema\/logo\/image\/","url":"https:\/\/psol50.org.br\/inc\/uploads\/2018\/07\/capa.png","contentUrl":"https:\/\/psol50.org.br\/inc\/uploads\/2018\/07\/capa.png","width":1350,"height":900,"caption":"PSOL 50"},"image":{"@id":"https:\/\/psol50.org.br\/#\/schema\/logo\/image\/"},"sameAs":["https:\/\/www.facebook.com\/psol50","https:\/\/x.com\/psol50","https:\/\/www.instagram.com\/psol50\/","https:\/\/www.youtube.com\/channel\/UC7SnJS5o1os7a6CaiNabzcg"]},{"@type":"Person","@id":"https:\/\/psol50.org.br\/#\/schema\/person\/475dfa57d0b815993c714c2e96491fcd","name":"Comunica\u00e7\u00e3o PSOL","image":{"@type":"ImageObject","inLanguage":"pt-BR","@id":"https:\/\/psol50.org.br\/#\/schema\/person\/image\/","url":"https:\/\/secure.gravatar.com\/avatar\/b34fc4f4e468a4e51785917065a3db57b841f5c95dba6ad8c73aaf8f66f8f9bf?s=96&d=mm&r=g","contentUrl":"https:\/\/secure.gravatar.com\/avatar\/b34fc4f4e468a4e51785917065a3db57b841f5c95dba6ad8c73aaf8f66f8f9bf?s=96&d=mm&r=g","caption":"Comunica\u00e7\u00e3o PSOL"}}]}},"_links":{"self":[{"href":"https:\/\/psol50.org.br\/rest\/wp\/v2\/posts\/11161","targetHints":{"allow":["GET"]}}],"collection":[{"href":"https:\/\/psol50.org.br\/rest\/wp\/v2\/posts"}],"about":[{"href":"https:\/\/psol50.org.br\/rest\/wp\/v2\/types\/post"}],"author":[{"embeddable":true,"href":"https:\/\/psol50.org.br\/rest\/wp\/v2\/users\/2"}],"replies":[{"embeddable":true,"href":"https:\/\/psol50.org.br\/rest\/wp\/v2\/comments?post=11161"}],"version-history":[{"count":0,"href":"https:\/\/psol50.org.br\/rest\/wp\/v2\/posts\/11161\/revisions"}],"wp:featuredmedia":[{"embeddable":true,"href":"https:\/\/psol50.org.br\/rest\/"}],"wp:attachment":[{"href":"https:\/\/psol50.org.br\/rest\/wp\/v2\/media?parent=11161"}],"wp:term":[{"taxonomy":"category","embeddable":true,"href":"https:\/\/psol50.org.br\/rest\/wp\/v2\/categories?post=11161"},{"taxonomy":"post_tag","embeddable":true,"href":"https:\/\/psol50.org.br\/rest\/wp\/v2\/tags?post=11161"}],"curies":[{"name":"wp","href":"https:\/\/api.w.org\/{rel}","templated":true}]}}