{"id":1117,"date":"2012-01-17T00:00:00","date_gmt":"2012-01-17T00:00:00","guid":{"rendered":"http:\/\/psol50.org.br\/arquivo\/2012\/01\/17\/setorial-nacional-de-negras-e-negros-do-psol-convida-para-atividades-durante-o-fsm-em-porto-alegre\/"},"modified":"2012-01-17T00:00:00","modified_gmt":"2012-01-17T00:00:00","slug":"setorial-nacional-de-negras-e-negros-do-psol-convida-para-atividades-durante-o-fsm-em-porto-alegre","status":"publish","type":"post","link":"https:\/\/psol50.org.br\/setorial-nacional-de-negras-e-negros-do-psol-convida-para-atividades-durante-o-fsm-em-porto-alegre\/","title":{"rendered":"Setorial Nacional de Negras e Negros do PSOL convida para atividades durante o FSM em Porto Alegre"},"content":{"rendered":"<p style=\"text-align: justify\"><a href=\"http:\/\/psol50.org.br\/blog\/2012\/01\/17\/setorial-nacional-de-negras-e-negros-do-psol-convida-para-atividade-durante-o-fsm-em-porto-alegre\/negritude_psol\/\" rel=\"attachment wp-att-13239\"><img loading=\"lazy\" decoding=\"async\" class=\"alignleft size-medium wp-image-13239\" src=\"http:\/\/psol50.org.br\/files\/2012\/01\/negritude_PSOL-300x136.jpg\" alt=\"\" width=\"300\" height=\"136\" \/><\/a>Durante o F\u00f3rum Social de Mundial em Porto Alegre o Setorial Nacional de Negras e Negros do PSOL realiza no dia 28 de janeiro, s\u00e1bado, a partir das 10 horas, duas atividades com os temas <em><strong>&#8220;Desenvolvimento, Exclus\u00e3o e Exterm\u00ednio da Juventude Negra: Uma Vis\u00e3o Cr\u00edtica&#8221;.<\/strong><\/em><\/p>\n<p style=\"text-align: justify\"><em><strong>O local do evento ser\u00e1 no Sindisprev-RS (Sindicato dos Trabalhadores Federais da Sa\u00fade, Trabalho e Previd\u00eancia do Rio Grande do Sul) localizado na Travessa Francisco Leonardo Truda n\u00ba 40 &#8211; 12\u00ba andar, Porto Alegre (RS). Telefone para contato: (51) 8205-9800 (falar com Paulo).<\/strong><\/em><\/p>\n<p style=\"text-align: justify\">A import\u00e2ncia e raz\u00f5es para a realiza\u00e7\u00e3o do evento s\u00e3o cada vez mais gritantes. O ano de 2011 terminou revelando dados sobre a taxa de mortalidade da popula\u00e7\u00e3o negra e do n\u00famero de moradores em favelas no pa\u00eds que s\u00e3o fatos inequ\u00edvocos da rela\u00e7\u00e3o entre racismo, desigualdade social e capitalismo em nosso pa\u00eds.<\/p>\n<p style=\"text-align: justify\">Em rela\u00e7\u00e3o \u00e0 taxa de mortalidades, os dados do Mapa da Viol\u00eancia mostram que enquanto a taxa de homic\u00eddios no Brasil decaiu na \u00faltima d\u00e9cada, a dos negros aumentou em 23,4%.<\/p>\n<p style=\"text-align: justify\">De acordo com o Mapa, em 2002, o n\u00famero de v\u00edtimas negras era de 26.952. Em 2010 foi de 33.264. Ou seja, ano ap\u00f3s ano aumentou o percentual de negros mortos no total de assassinatos no Brasil.<\/p>\n<p style=\"text-align: justify\">J\u00e1 a popula\u00e7\u00e3o de favelados no pa\u00eds aumentou de 3,9% em 2000 para 6%, ou 11,42 milh\u00f5es de pessoas em 2010. Estima-se que 65% dos moradores de favelas s\u00e3o negros. O n\u00famero de encarcerados no Brasil mais que dobrou nos \u00faltimos dez anos. Saiu de 233 mil em 2000, para 496 mil em 2010. Um aumento exponencial de 113%. Cerca de 70% desses presos s\u00e3o negros.<\/p>\n<p style=\"text-align: justify\">Assim, urge demonstrarmos para a sociedade que as pol\u00edticas de seguran\u00e7a p\u00fablica elegem o corpo negro como o deposit\u00e1rio absoluto do mal. Massacres, pris\u00f5es em massa, demoli\u00e7\u00f5es de favelas, desaparecimentos, abortos em p\u00e9ssimas condi\u00e7\u00f5es diariamente exterminam nosso povo.<\/p>\n<p style=\"text-align: justify\"><em><strong>&#8220;Racismo Ambiental e as popula\u00e7\u00f5es tradicionais&#8221;<\/strong><\/em><\/p>\n<p style=\"text-align: justify\"><em><strong>No dia 28 de janeiro, \u00e0s 14 horas, o tema ser\u00e1 \u201cRacismo Ambiental e as popula\u00e7\u00f5es tradicionais\u201d.<\/strong><\/em> \u00c0 mesa estar\u00e3o:<\/p>\n<p style=\"text-align: justify\">&#8211; Dami\u00e3o Braga, Associa\u00e7\u00e3o dos Quilombolas do RJ<\/p>\n<p style=\"text-align: justify\">&#8211; Ronaldo Oliveira , Instituto B\u00fazios\/Bahia<\/p>\n<p style=\"text-align: justify\">&#8211; T\u00e2nia Pacheco, integrante do GT Combate ao Racismo Ambiental e Coordenadora Executiva do Mapa de conflitos envolvendo injusti\u00e7a ambiental e sa\u00fade no Brasil (<a href=\"http:\/\/www.conflitoambiental.icict.fiocruz.br\/\"><strong>http:\/\/www.conflitoambiental.icict.fiocruz.br\/<\/strong><\/a>).<\/p>\n<p style=\"text-align: justify\"><strong>Coordenador: \u2013 Gilberto Campos \u2013 C\u00edrculo Palmarino<\/strong><\/p>\n<p style=\"text-align: justify\">A promo\u00e7\u00e3o da atividade est\u00e1 a cargo do Sindisprev-RS, Sindicato dos Aerovi\u00e1rios\/RS, Movimento Negro Unificado\/RS, Instituto Quilombista, C\u00edrculo Palmarino, Instituto B\u00fazios, Setorial Nacional de Negras e Negros do PSOL e Funda\u00e7\u00e3o Lauro Campos<\/p>\n<p style=\"text-align: justify\"><strong>Participe e divulgue estes eventos!<\/strong><\/p>\n<p style=\"text-align: justify\"><em><strong>&#8220;Desenvolvimento, Exclus\u00e3o e Exterm\u00ednio da Juventude Negra: Uma Vis\u00e3o Cr\u00edtica&#8221;.<\/strong><\/em><\/p>\n<p style=\"text-align: justify\"><em><strong>&#8220;Racismo Ambiental e as popula\u00e7\u00f5es tradicionais&#8221;<\/strong><\/em><\/p>\n<ul style=\"text-align: justify\">\n<li>Dia: 28 de janeiro, s\u00e1bado, a partir das 10 horas<\/li>\n<li>Local: Sindisprev-RS, Travessa Francisco Leonardo Truda n\u00ba 40 &#8211; 12\u00ba andar, Porto Alegre (RS).<\/li>\n<li>Telefone para contato: (51) 8205-9800 (falar com Paulo).<\/li>\n<\/ul>\n<p style=\"text-align: justify\">\n","protected":false},"excerpt":{"rendered":"<p>Durante o F\u00f3rum Social de Mundial em Porto Alegre o Setorial Nacional de Negras e Negros do PSOL realiza no dia 28 de janeiro, s\u00e1bado, a partir das 10 horas, duas atividades com os temas &#8220;Desenvolvimento, Exclus\u00e3o e Exterm\u00ednio da Juventude Negra: Uma Vis\u00e3o Cr\u00edtica&#8221;. O local do evento ser\u00e1 no Sindisprev-RS (Sindicato dos Trabalhadores [&hellip;]<\/p>\n","protected":false},"author":2,"featured_media":0,"comment_status":"open","ping_status":"open","sticky":false,"template":"","format":"standard","meta":{"_acf_changed":false,"footnotes":""},"categories":[4766],"tags":[22],"class_list":{"0":"post-1117","1":"post","2":"type-post","3":"status-publish","4":"format-standard","6":"category-arquivo","7":"tag-psol"},"acf":[],"yoast_head":"<!-- This site is optimized with the Yoast SEO plugin v26.5 - https:\/\/yoast.com\/wordpress\/plugins\/seo\/ -->\n<title>Setorial Nacional de Negras e Negros do PSOL convida para atividades durante o FSM em Porto Alegre - PSOL 50<\/title>\n<meta name=\"robots\" content=\"index, follow, max-snippet:-1, max-image-preview:large, max-video-preview:-1\" \/>\n<link rel=\"canonical\" href=\"https:\/\/psol50.org.br\/setorial-nacional-de-negras-e-negros-do-psol-convida-para-atividades-durante-o-fsm-em-porto-alegre\/\" \/>\n<meta property=\"og:locale\" content=\"pt_BR\" \/>\n<meta property=\"og:type\" content=\"article\" \/>\n<meta property=\"og:title\" content=\"Setorial Nacional de Negras e Negros do PSOL convida para atividades durante o FSM em Porto Alegre - PSOL 50\" \/>\n<meta property=\"og:description\" content=\"Durante o F\u00f3rum Social de Mundial em Porto Alegre o Setorial Nacional de Negras e Negros do PSOL realiza no dia 28 de janeiro, s\u00e1bado, a partir das 10 horas, duas atividades com os temas &#8220;Desenvolvimento, Exclus\u00e3o e Exterm\u00ednio da Juventude Negra: Uma Vis\u00e3o Cr\u00edtica&#8221;. O local do evento ser\u00e1 no Sindisprev-RS (Sindicato dos Trabalhadores [&hellip;]\" \/>\n<meta property=\"og:url\" content=\"https:\/\/psol50.org.br\/setorial-nacional-de-negras-e-negros-do-psol-convida-para-atividades-durante-o-fsm-em-porto-alegre\/\" \/>\n<meta property=\"og:site_name\" content=\"PSOL 50\" \/>\n<meta property=\"article:publisher\" content=\"https:\/\/www.facebook.com\/psol50\" \/>\n<meta property=\"article:published_time\" content=\"2012-01-17T00:00:00+00:00\" \/>\n<meta property=\"og:image\" content=\"http:\/\/psol50.org.br\/files\/2012\/01\/negritude_PSOL-300x136.jpg\" \/>\n<meta name=\"author\" content=\"Comunica\u00e7\u00e3o PSOL\" \/>\n<meta name=\"twitter:card\" content=\"summary_large_image\" \/>\n<meta name=\"twitter:creator\" content=\"@psol50\" \/>\n<meta name=\"twitter:site\" content=\"@psol50\" \/>\n<meta name=\"twitter:label1\" content=\"Escrito por\" \/>\n\t<meta name=\"twitter:data1\" content=\"Comunica\u00e7\u00e3o PSOL\" \/>\n\t<meta name=\"twitter:label2\" content=\"Est. tempo de leitura\" \/>\n\t<meta name=\"twitter:data2\" content=\"3 minutos\" \/>\n<script type=\"application\/ld+json\" class=\"yoast-schema-graph\">{\"@context\":\"https:\/\/schema.org\",\"@graph\":[{\"@type\":\"Article\",\"@id\":\"https:\/\/psol50.org.br\/setorial-nacional-de-negras-e-negros-do-psol-convida-para-atividades-durante-o-fsm-em-porto-alegre\/#article\",\"isPartOf\":{\"@id\":\"https:\/\/psol50.org.br\/setorial-nacional-de-negras-e-negros-do-psol-convida-para-atividades-durante-o-fsm-em-porto-alegre\/\"},\"author\":{\"name\":\"Comunica\u00e7\u00e3o PSOL\",\"@id\":\"https:\/\/psol50.org.br\/#\/schema\/person\/475dfa57d0b815993c714c2e96491fcd\"},\"headline\":\"Setorial Nacional de Negras e Negros do PSOL convida para atividades durante o FSM em Porto Alegre\",\"datePublished\":\"2012-01-17T00:00:00+00:00\",\"mainEntityOfPage\":{\"@id\":\"https:\/\/psol50.org.br\/setorial-nacional-de-negras-e-negros-do-psol-convida-para-atividades-durante-o-fsm-em-porto-alegre\/\"},\"wordCount\":522,\"commentCount\":0,\"publisher\":{\"@id\":\"https:\/\/psol50.org.br\/#organization\"},\"image\":{\"@id\":\"https:\/\/psol50.org.br\/setorial-nacional-de-negras-e-negros-do-psol-convida-para-atividades-durante-o-fsm-em-porto-alegre\/#primaryimage\"},\"thumbnailUrl\":\"http:\/\/psol50.org.br\/files\/2012\/01\/negritude_PSOL-300x136.jpg\",\"keywords\":[\"PSOL\"],\"articleSection\":[\"Arquivo\"],\"inLanguage\":\"pt-BR\",\"potentialAction\":[{\"@type\":\"CommentAction\",\"name\":\"Comment\",\"target\":[\"https:\/\/psol50.org.br\/setorial-nacional-de-negras-e-negros-do-psol-convida-para-atividades-durante-o-fsm-em-porto-alegre\/#respond\"]}]},{\"@type\":\"WebPage\",\"@id\":\"https:\/\/psol50.org.br\/setorial-nacional-de-negras-e-negros-do-psol-convida-para-atividades-durante-o-fsm-em-porto-alegre\/\",\"url\":\"https:\/\/psol50.org.br\/setorial-nacional-de-negras-e-negros-do-psol-convida-para-atividades-durante-o-fsm-em-porto-alegre\/\",\"name\":\"Setorial Nacional de Negras e Negros do PSOL convida para atividades durante o FSM em Porto Alegre - PSOL 50\",\"isPartOf\":{\"@id\":\"https:\/\/psol50.org.br\/#website\"},\"primaryImageOfPage\":{\"@id\":\"https:\/\/psol50.org.br\/setorial-nacional-de-negras-e-negros-do-psol-convida-para-atividades-durante-o-fsm-em-porto-alegre\/#primaryimage\"},\"image\":{\"@id\":\"https:\/\/psol50.org.br\/setorial-nacional-de-negras-e-negros-do-psol-convida-para-atividades-durante-o-fsm-em-porto-alegre\/#primaryimage\"},\"thumbnailUrl\":\"http:\/\/psol50.org.br\/files\/2012\/01\/negritude_PSOL-300x136.jpg\",\"datePublished\":\"2012-01-17T00:00:00+00:00\",\"breadcrumb\":{\"@id\":\"https:\/\/psol50.org.br\/setorial-nacional-de-negras-e-negros-do-psol-convida-para-atividades-durante-o-fsm-em-porto-alegre\/#breadcrumb\"},\"inLanguage\":\"pt-BR\",\"potentialAction\":[{\"@type\":\"ReadAction\",\"target\":[\"https:\/\/psol50.org.br\/setorial-nacional-de-negras-e-negros-do-psol-convida-para-atividades-durante-o-fsm-em-porto-alegre\/\"]}]},{\"@type\":\"ImageObject\",\"inLanguage\":\"pt-BR\",\"@id\":\"https:\/\/psol50.org.br\/setorial-nacional-de-negras-e-negros-do-psol-convida-para-atividades-durante-o-fsm-em-porto-alegre\/#primaryimage\",\"url\":\"http:\/\/psol50.org.br\/files\/2012\/01\/negritude_PSOL-300x136.jpg\",\"contentUrl\":\"http:\/\/psol50.org.br\/files\/2012\/01\/negritude_PSOL-300x136.jpg\"},{\"@type\":\"BreadcrumbList\",\"@id\":\"https:\/\/psol50.org.br\/setorial-nacional-de-negras-e-negros-do-psol-convida-para-atividades-durante-o-fsm-em-porto-alegre\/#breadcrumb\",\"itemListElement\":[{\"@type\":\"ListItem\",\"position\":1,\"name\":\"In\u00edcio\",\"item\":\"https:\/\/psol50.org.br\/\"},{\"@type\":\"ListItem\",\"position\":2,\"name\":\"Setorial Nacional de Negras e Negros do PSOL convida para atividades durante o FSM em Porto Alegre\"}]},{\"@type\":\"WebSite\",\"@id\":\"https:\/\/psol50.org.br\/#website\",\"url\":\"https:\/\/psol50.org.br\/\",\"name\":\"PSOL 50\",\"description\":\"Site oficial do Partido Socialismo e Liberdade\",\"publisher\":{\"@id\":\"https:\/\/psol50.org.br\/#organization\"},\"alternateName\":\"PSOL50\",\"potentialAction\":[{\"@type\":\"SearchAction\",\"target\":{\"@type\":\"EntryPoint\",\"urlTemplate\":\"https:\/\/psol50.org.br\/?s={search_term_string}\"},\"query-input\":{\"@type\":\"PropertyValueSpecification\",\"valueRequired\":true,\"valueName\":\"search_term_string\"}}],\"inLanguage\":\"pt-BR\"},{\"@type\":\"Organization\",\"@id\":\"https:\/\/psol50.org.br\/#organization\",\"name\":\"PSOL 50\",\"alternateName\":\"PSOL 50\",\"url\":\"https:\/\/psol50.org.br\/\",\"logo\":{\"@type\":\"ImageObject\",\"inLanguage\":\"pt-BR\",\"@id\":\"https:\/\/psol50.org.br\/#\/schema\/logo\/image\/\",\"url\":\"https:\/\/psol50.org.br\/inc\/uploads\/2018\/07\/capa.png\",\"contentUrl\":\"https:\/\/psol50.org.br\/inc\/uploads\/2018\/07\/capa.png\",\"width\":1350,\"height\":900,\"caption\":\"PSOL 50\"},\"image\":{\"@id\":\"https:\/\/psol50.org.br\/#\/schema\/logo\/image\/\"},\"sameAs\":[\"https:\/\/www.facebook.com\/psol50\",\"https:\/\/x.com\/psol50\",\"https:\/\/www.instagram.com\/psol50\/\",\"https:\/\/www.youtube.com\/channel\/UC7SnJS5o1os7a6CaiNabzcg\"]},{\"@type\":\"Person\",\"@id\":\"https:\/\/psol50.org.br\/#\/schema\/person\/475dfa57d0b815993c714c2e96491fcd\",\"name\":\"Comunica\u00e7\u00e3o PSOL\",\"image\":{\"@type\":\"ImageObject\",\"inLanguage\":\"pt-BR\",\"@id\":\"https:\/\/psol50.org.br\/#\/schema\/person\/image\/\",\"url\":\"https:\/\/secure.gravatar.com\/avatar\/b34fc4f4e468a4e51785917065a3db57b841f5c95dba6ad8c73aaf8f66f8f9bf?s=96&d=mm&r=g\",\"contentUrl\":\"https:\/\/secure.gravatar.com\/avatar\/b34fc4f4e468a4e51785917065a3db57b841f5c95dba6ad8c73aaf8f66f8f9bf?s=96&d=mm&r=g\",\"caption\":\"Comunica\u00e7\u00e3o PSOL\"}}]}<\/script>\n<!-- \/ Yoast SEO plugin. -->","yoast_head_json":{"title":"Setorial Nacional de Negras e Negros do PSOL convida para atividades durante o FSM em Porto Alegre - PSOL 50","robots":{"index":"index","follow":"follow","max-snippet":"max-snippet:-1","max-image-preview":"max-image-preview:large","max-video-preview":"max-video-preview:-1"},"canonical":"https:\/\/psol50.org.br\/setorial-nacional-de-negras-e-negros-do-psol-convida-para-atividades-durante-o-fsm-em-porto-alegre\/","og_locale":"pt_BR","og_type":"article","og_title":"Setorial Nacional de Negras e Negros do PSOL convida para atividades durante o FSM em Porto Alegre - PSOL 50","og_description":"Durante o F\u00f3rum Social de Mundial em Porto Alegre o Setorial Nacional de Negras e Negros do PSOL realiza no dia 28 de janeiro, s\u00e1bado, a partir das 10 horas, duas atividades com os temas &#8220;Desenvolvimento, Exclus\u00e3o e Exterm\u00ednio da Juventude Negra: Uma Vis\u00e3o Cr\u00edtica&#8221;. O local do evento ser\u00e1 no Sindisprev-RS (Sindicato dos Trabalhadores [&hellip;]","og_url":"https:\/\/psol50.org.br\/setorial-nacional-de-negras-e-negros-do-psol-convida-para-atividades-durante-o-fsm-em-porto-alegre\/","og_site_name":"PSOL 50","article_publisher":"https:\/\/www.facebook.com\/psol50","article_published_time":"2012-01-17T00:00:00+00:00","og_image":[{"url":"http:\/\/psol50.org.br\/files\/2012\/01\/negritude_PSOL-300x136.jpg","type":"","width":"","height":""}],"author":"Comunica\u00e7\u00e3o PSOL","twitter_card":"summary_large_image","twitter_creator":"@psol50","twitter_site":"@psol50","twitter_misc":{"Escrito por":"Comunica\u00e7\u00e3o PSOL","Est. tempo de leitura":"3 minutos"},"schema":{"@context":"https:\/\/schema.org","@graph":[{"@type":"Article","@id":"https:\/\/psol50.org.br\/setorial-nacional-de-negras-e-negros-do-psol-convida-para-atividades-durante-o-fsm-em-porto-alegre\/#article","isPartOf":{"@id":"https:\/\/psol50.org.br\/setorial-nacional-de-negras-e-negros-do-psol-convida-para-atividades-durante-o-fsm-em-porto-alegre\/"},"author":{"name":"Comunica\u00e7\u00e3o PSOL","@id":"https:\/\/psol50.org.br\/#\/schema\/person\/475dfa57d0b815993c714c2e96491fcd"},"headline":"Setorial Nacional de Negras e Negros do PSOL convida para atividades durante o FSM em Porto Alegre","datePublished":"2012-01-17T00:00:00+00:00","mainEntityOfPage":{"@id":"https:\/\/psol50.org.br\/setorial-nacional-de-negras-e-negros-do-psol-convida-para-atividades-durante-o-fsm-em-porto-alegre\/"},"wordCount":522,"commentCount":0,"publisher":{"@id":"https:\/\/psol50.org.br\/#organization"},"image":{"@id":"https:\/\/psol50.org.br\/setorial-nacional-de-negras-e-negros-do-psol-convida-para-atividades-durante-o-fsm-em-porto-alegre\/#primaryimage"},"thumbnailUrl":"http:\/\/psol50.org.br\/files\/2012\/01\/negritude_PSOL-300x136.jpg","keywords":["PSOL"],"articleSection":["Arquivo"],"inLanguage":"pt-BR","potentialAction":[{"@type":"CommentAction","name":"Comment","target":["https:\/\/psol50.org.br\/setorial-nacional-de-negras-e-negros-do-psol-convida-para-atividades-durante-o-fsm-em-porto-alegre\/#respond"]}]},{"@type":"WebPage","@id":"https:\/\/psol50.org.br\/setorial-nacional-de-negras-e-negros-do-psol-convida-para-atividades-durante-o-fsm-em-porto-alegre\/","url":"https:\/\/psol50.org.br\/setorial-nacional-de-negras-e-negros-do-psol-convida-para-atividades-durante-o-fsm-em-porto-alegre\/","name":"Setorial Nacional de Negras e Negros do PSOL convida para atividades durante o FSM em Porto Alegre - PSOL 50","isPartOf":{"@id":"https:\/\/psol50.org.br\/#website"},"primaryImageOfPage":{"@id":"https:\/\/psol50.org.br\/setorial-nacional-de-negras-e-negros-do-psol-convida-para-atividades-durante-o-fsm-em-porto-alegre\/#primaryimage"},"image":{"@id":"https:\/\/psol50.org.br\/setorial-nacional-de-negras-e-negros-do-psol-convida-para-atividades-durante-o-fsm-em-porto-alegre\/#primaryimage"},"thumbnailUrl":"http:\/\/psol50.org.br\/files\/2012\/01\/negritude_PSOL-300x136.jpg","datePublished":"2012-01-17T00:00:00+00:00","breadcrumb":{"@id":"https:\/\/psol50.org.br\/setorial-nacional-de-negras-e-negros-do-psol-convida-para-atividades-durante-o-fsm-em-porto-alegre\/#breadcrumb"},"inLanguage":"pt-BR","potentialAction":[{"@type":"ReadAction","target":["https:\/\/psol50.org.br\/setorial-nacional-de-negras-e-negros-do-psol-convida-para-atividades-durante-o-fsm-em-porto-alegre\/"]}]},{"@type":"ImageObject","inLanguage":"pt-BR","@id":"https:\/\/psol50.org.br\/setorial-nacional-de-negras-e-negros-do-psol-convida-para-atividades-durante-o-fsm-em-porto-alegre\/#primaryimage","url":"http:\/\/psol50.org.br\/files\/2012\/01\/negritude_PSOL-300x136.jpg","contentUrl":"http:\/\/psol50.org.br\/files\/2012\/01\/negritude_PSOL-300x136.jpg"},{"@type":"BreadcrumbList","@id":"https:\/\/psol50.org.br\/setorial-nacional-de-negras-e-negros-do-psol-convida-para-atividades-durante-o-fsm-em-porto-alegre\/#breadcrumb","itemListElement":[{"@type":"ListItem","position":1,"name":"In\u00edcio","item":"https:\/\/psol50.org.br\/"},{"@type":"ListItem","position":2,"name":"Setorial Nacional de Negras e Negros do PSOL convida para atividades durante o FSM em Porto Alegre"}]},{"@type":"WebSite","@id":"https:\/\/psol50.org.br\/#website","url":"https:\/\/psol50.org.br\/","name":"PSOL 50","description":"Site oficial do Partido Socialismo e Liberdade","publisher":{"@id":"https:\/\/psol50.org.br\/#organization"},"alternateName":"PSOL50","potentialAction":[{"@type":"SearchAction","target":{"@type":"EntryPoint","urlTemplate":"https:\/\/psol50.org.br\/?s={search_term_string}"},"query-input":{"@type":"PropertyValueSpecification","valueRequired":true,"valueName":"search_term_string"}}],"inLanguage":"pt-BR"},{"@type":"Organization","@id":"https:\/\/psol50.org.br\/#organization","name":"PSOL 50","alternateName":"PSOL 50","url":"https:\/\/psol50.org.br\/","logo":{"@type":"ImageObject","inLanguage":"pt-BR","@id":"https:\/\/psol50.org.br\/#\/schema\/logo\/image\/","url":"https:\/\/psol50.org.br\/inc\/uploads\/2018\/07\/capa.png","contentUrl":"https:\/\/psol50.org.br\/inc\/uploads\/2018\/07\/capa.png","width":1350,"height":900,"caption":"PSOL 50"},"image":{"@id":"https:\/\/psol50.org.br\/#\/schema\/logo\/image\/"},"sameAs":["https:\/\/www.facebook.com\/psol50","https:\/\/x.com\/psol50","https:\/\/www.instagram.com\/psol50\/","https:\/\/www.youtube.com\/channel\/UC7SnJS5o1os7a6CaiNabzcg"]},{"@type":"Person","@id":"https:\/\/psol50.org.br\/#\/schema\/person\/475dfa57d0b815993c714c2e96491fcd","name":"Comunica\u00e7\u00e3o PSOL","image":{"@type":"ImageObject","inLanguage":"pt-BR","@id":"https:\/\/psol50.org.br\/#\/schema\/person\/image\/","url":"https:\/\/secure.gravatar.com\/avatar\/b34fc4f4e468a4e51785917065a3db57b841f5c95dba6ad8c73aaf8f66f8f9bf?s=96&d=mm&r=g","contentUrl":"https:\/\/secure.gravatar.com\/avatar\/b34fc4f4e468a4e51785917065a3db57b841f5c95dba6ad8c73aaf8f66f8f9bf?s=96&d=mm&r=g","caption":"Comunica\u00e7\u00e3o PSOL"}}]}},"_links":{"self":[{"href":"https:\/\/psol50.org.br\/rest\/wp\/v2\/posts\/1117","targetHints":{"allow":["GET"]}}],"collection":[{"href":"https:\/\/psol50.org.br\/rest\/wp\/v2\/posts"}],"about":[{"href":"https:\/\/psol50.org.br\/rest\/wp\/v2\/types\/post"}],"author":[{"embeddable":true,"href":"https:\/\/psol50.org.br\/rest\/wp\/v2\/users\/2"}],"replies":[{"embeddable":true,"href":"https:\/\/psol50.org.br\/rest\/wp\/v2\/comments?post=1117"}],"version-history":[{"count":0,"href":"https:\/\/psol50.org.br\/rest\/wp\/v2\/posts\/1117\/revisions"}],"wp:attachment":[{"href":"https:\/\/psol50.org.br\/rest\/wp\/v2\/media?parent=1117"}],"wp:term":[{"taxonomy":"category","embeddable":true,"href":"https:\/\/psol50.org.br\/rest\/wp\/v2\/categories?post=1117"},{"taxonomy":"post_tag","embeddable":true,"href":"https:\/\/psol50.org.br\/rest\/wp\/v2\/tags?post=1117"}],"curies":[{"name":"wp","href":"https:\/\/api.w.org\/{rel}","templated":true}]}}