{"id":11170,"date":"2016-02-02T19:46:27","date_gmt":"2016-02-02T19:46:27","guid":{"rendered":"http:\/\/www.psol50.org.br\/?p=11170"},"modified":"2016-02-02T19:46:27","modified_gmt":"2016-02-02T19:46:27","slug":"nota-de-apoio-as-ocupacoes-nas-escolas-publicas-de-goias","status":"publish","type":"post","link":"https:\/\/psol50.org.br\/nota-de-apoio-as-ocupacoes-nas-escolas-publicas-de-goias\/","title":{"rendered":"Nota de apoio \u00e0s ocupa\u00e7\u00f5es nas escolas p\u00fablicas de Goi\u00e1s"},"content":{"rendered":"<p>Viemos a p\u00fablico expressar nosso rep\u00fadio em rela\u00e7\u00e3o ao uso de viol\u00eancia e trucul\u00eancia policial, com anu\u00eancia do Governador Marconi Perillo e da Secret\u00e1ria Estadual de Educa\u00e7\u00e3o Raquel Teixeira, para for\u00e7ar de maneira arbitr\u00e1ria a sa\u00edda dos estudantes que ocupam algumas das escolas p\u00fablicas estaduais.<\/p>\n<p>Consideramos que tais ocupa\u00e7\u00f5es, protagonizados por estudantes secundaristas, configuram uma leg\u00edtima forma de defesa e luta pelo car\u00e1ter p\u00fablico e gratuito da educa\u00e7\u00e3o no estado de Goi\u00e1s bem como o processo de democratiza\u00e7\u00e3o.<\/p>\n<p><strong>Leia mais:\u00a0<a href=\"http:\/\/www.psol50.org.br\/2016\/01\/governo-tucano-usa-forca-contra-estudantes-que-ocupam-escolas-em-goiania\/\" target=\"_blank\" rel=\"noopener\">Governo tucano usa for\u00e7a contra estudantes que ocupam escolas em Goi\u00e2nia<\/a><\/strong><\/p>\n<p>&nbsp;<\/p>\n<p>N\u00e3o \u00e9 de hoje que Marconi e Raquel perseguem de maneira truculenta os estudantes e apoiadores do Movimento contra as OS e Militariza\u00e7\u00e3o. Ambos j\u00e1 autorizaram, inclusive, corte no abastecimento de \u00e1gua e luz das unidades de ensino. H\u00e1 mais de 40 dias o Governo estadual se recusa a negociar e ouvir as reivindica\u00e7\u00f5es em pauta e seguem com a implementa\u00e7\u00e3o das OS (nos mesmos moldes da sa\u00fade p\u00fablica) e com a militariza\u00e7\u00e3o do Ensino Estadual a sua revelia.<\/p>\n<p>Os lament\u00e1veis acontecimentos em Goi\u00e2nia e em outras localidades do Estado de Goi\u00e1s tomaram repercuss\u00e3o nacional e at\u00e9 internacional. At\u00e9 agora nenhuma atitude foi tomada para sanar a situa\u00e7\u00e3o.<\/p>\n<p>A forma, como desde o in\u00edcio, o governo do Estado tem tratado as ocupa\u00e7\u00f5es, com o uso de press\u00e3o psicol\u00f3gica nos estudantes, press\u00e3o nos professores, corte de energia el\u00e9trica e \u00e1gua, manipula\u00e7\u00e3o da opini\u00e3o p\u00fablica e, agora, n\u00edtida agress\u00e3o f\u00edsica, perpetrada por agentes do Estado (pol\u00edcia), evidenciam a pouca disponibilidade para dialogar acerca de decis\u00f5es fundamentais em uma \u00e1rea t\u00e3o importante como a Educa\u00e7\u00e3o. A militariza\u00e7\u00e3o do ensino bem como a implanta\u00e7\u00e3o das OS \u00e9 uma clara demonstra\u00e7\u00e3o do Governo de Goi\u00e1s que educa\u00e7\u00e3o n\u00e3o \u00e9 e nunca ser\u00e1 uma prioridade. Por sua vez, os estudantes d\u00e3o uma verdadeira aula de cidadania e denunciam a urgente necessidade de democratizar a gest\u00e3o escolar, estabelecer o di\u00e1logo e espa\u00e7os para participa\u00e7\u00e3o estudantil.<\/p>\n<p>Apoiamos integralmente as ocupa\u00e7\u00f5es e defendemos imediatamente a suspens\u00e3o das OSna educa\u00e7\u00e3o at\u00e9 que estabele\u00e7a o di\u00e1logo entre as partes no intuito da defesa da escola p\u00fablica de qualidade. Exigimos tamb\u00e9m a imediata apura\u00e7\u00e3o e puni\u00e7\u00e3o da a\u00e7\u00e3o policial criminosa contra jovens e crian\u00e7as al\u00e9m da n\u00e3o criminaliza\u00e7\u00e3o do movimento em curso.<\/p>\n<p>Assinam a nota: STIUEG, MTST, FRENTE POVO SEM MEDO, SINDCOLETIVO, ANDES, JUNTOS, TERRA LIVRE, SESAC,FBP, 13 DE MAIO, CTB, INTERSINDICAL, CONLUTAS, CUT, SINPRO\/GO, SINDSA\u00daDE\/GO, COLETIVO QUILOMBO, MOVIMENTO LGBTS ASSOCIA\u00c7\u00c3O IP\u00ca ROSA, GRUPO OXUMAR\u00c9, PSTU, PSOL.<\/p>\n<p><strong>Saiba mais sobre o movimento na p\u00e1gina: <a href=\"https:\/\/www.facebook.com\/Secundaristas-em-Luta-GO-1700458980240969\/timeline\" target=\"_blank\" rel=\"noopener\">Secundaristas em luta &#8211; GO<\/a><\/strong><\/p>\n","protected":false},"excerpt":{"rendered":"<p>Viemos a p\u00fablico expressar nosso rep\u00fadio em rela\u00e7\u00e3o ao uso de viol\u00eancia e trucul\u00eancia policial, com anu\u00eancia do Governador Marconi Perillo e da Secret\u00e1ria Estadual de Educa\u00e7\u00e3o Raquel Teixeira, para for\u00e7ar de maneira arbitr\u00e1ria a sa\u00edda dos estudantes que ocupam algumas das escolas p\u00fablicas estaduais. Consideramos que tais ocupa\u00e7\u00f5es, protagonizados por estudantes secundaristas, configuram uma [&hellip;]<\/p>\n","protected":false},"author":2,"featured_media":11172,"comment_status":"open","ping_status":"open","sticky":false,"template":"","format":"standard","meta":{"_acf_changed":false,"footnotes":""},"categories":[2208,654,6],"tags":[1816,3905],"class_list":{"0":"post-11170","1":"post","2":"type-post","3":"status-publish","4":"format-standard","5":"has-post-thumbnail","7":"category-educacao","8":"category-estados","9":"category-noticias","10":"tag-estudantes","11":"tag-nao-fechem-minha-escola"},"acf":[],"yoast_head":"<!-- This site is optimized with the Yoast SEO plugin v26.5 - https:\/\/yoast.com\/wordpress\/plugins\/seo\/ -->\n<title>Nota de apoio \u00e0s ocupa\u00e7\u00f5es nas escolas p\u00fablicas de Goi\u00e1s - PSOL 50<\/title>\n<meta name=\"robots\" content=\"index, follow, max-snippet:-1, max-image-preview:large, max-video-preview:-1\" \/>\n<link rel=\"canonical\" href=\"https:\/\/psol50.org.br\/nota-de-apoio-as-ocupacoes-nas-escolas-publicas-de-goias\/\" \/>\n<meta property=\"og:locale\" content=\"pt_BR\" \/>\n<meta property=\"og:type\" content=\"article\" \/>\n<meta property=\"og:title\" content=\"Nota de apoio \u00e0s ocupa\u00e7\u00f5es nas escolas p\u00fablicas de Goi\u00e1s - PSOL 50\" \/>\n<meta property=\"og:description\" content=\"Viemos a p\u00fablico expressar nosso rep\u00fadio em rela\u00e7\u00e3o ao uso de viol\u00eancia e trucul\u00eancia policial, com anu\u00eancia do Governador Marconi Perillo e da Secret\u00e1ria Estadual de Educa\u00e7\u00e3o Raquel Teixeira, para for\u00e7ar de maneira arbitr\u00e1ria a sa\u00edda dos estudantes que ocupam algumas das escolas p\u00fablicas estaduais. Consideramos que tais ocupa\u00e7\u00f5es, protagonizados por estudantes secundaristas, configuram uma [&hellip;]\" \/>\n<meta property=\"og:url\" content=\"https:\/\/psol50.org.br\/nota-de-apoio-as-ocupacoes-nas-escolas-publicas-de-goias\/\" \/>\n<meta property=\"og:site_name\" content=\"PSOL 50\" \/>\n<meta property=\"article:publisher\" content=\"https:\/\/www.facebook.com\/psol50\" \/>\n<meta property=\"article:published_time\" content=\"2016-02-02T19:46:27+00:00\" \/>\n<meta property=\"og:image\" content=\"https:\/\/psol50.org.br\/inc\/uploads\/2018\/07\/capa.png\" \/>\n\t<meta property=\"og:image:width\" content=\"1350\" \/>\n\t<meta property=\"og:image:height\" content=\"900\" \/>\n\t<meta property=\"og:image:type\" content=\"image\/png\" \/>\n<meta name=\"author\" content=\"Comunica\u00e7\u00e3o PSOL\" \/>\n<meta name=\"twitter:card\" content=\"summary_large_image\" \/>\n<meta name=\"twitter:creator\" content=\"@psol50\" \/>\n<meta name=\"twitter:site\" content=\"@psol50\" \/>\n<meta name=\"twitter:label1\" content=\"Escrito por\" \/>\n\t<meta name=\"twitter:data1\" content=\"Comunica\u00e7\u00e3o PSOL\" \/>\n\t<meta name=\"twitter:label2\" content=\"Est. tempo de leitura\" \/>\n\t<meta name=\"twitter:data2\" content=\"2 minutos\" \/>\n<script type=\"application\/ld+json\" class=\"yoast-schema-graph\">{\"@context\":\"https:\/\/schema.org\",\"@graph\":[{\"@type\":\"Article\",\"@id\":\"https:\/\/psol50.org.br\/nota-de-apoio-as-ocupacoes-nas-escolas-publicas-de-goias\/#article\",\"isPartOf\":{\"@id\":\"https:\/\/psol50.org.br\/nota-de-apoio-as-ocupacoes-nas-escolas-publicas-de-goias\/\"},\"author\":{\"name\":\"Comunica\u00e7\u00e3o PSOL\",\"@id\":\"https:\/\/psol50.org.br\/#\/schema\/person\/475dfa57d0b815993c714c2e96491fcd\"},\"headline\":\"Nota de apoio \u00e0s ocupa\u00e7\u00f5es nas escolas p\u00fablicas de Goi\u00e1s\",\"datePublished\":\"2016-02-02T19:46:27+00:00\",\"mainEntityOfPage\":{\"@id\":\"https:\/\/psol50.org.br\/nota-de-apoio-as-ocupacoes-nas-escolas-publicas-de-goias\/\"},\"wordCount\":507,\"commentCount\":0,\"publisher\":{\"@id\":\"https:\/\/psol50.org.br\/#organization\"},\"image\":{\"@id\":\"https:\/\/psol50.org.br\/nota-de-apoio-as-ocupacoes-nas-escolas-publicas-de-goias\/#primaryimage\"},\"thumbnailUrl\":\"\",\"keywords\":[\"estudantes\",\"N\u00e3o fechem minha escola\"],\"articleSection\":[\"Educa\u00e7\u00e3o\",\"Estados\",\"Not\u00edcias\"],\"inLanguage\":\"pt-BR\",\"potentialAction\":[{\"@type\":\"CommentAction\",\"name\":\"Comment\",\"target\":[\"https:\/\/psol50.org.br\/nota-de-apoio-as-ocupacoes-nas-escolas-publicas-de-goias\/#respond\"]}]},{\"@type\":\"WebPage\",\"@id\":\"https:\/\/psol50.org.br\/nota-de-apoio-as-ocupacoes-nas-escolas-publicas-de-goias\/\",\"url\":\"https:\/\/psol50.org.br\/nota-de-apoio-as-ocupacoes-nas-escolas-publicas-de-goias\/\",\"name\":\"Nota de apoio \u00e0s ocupa\u00e7\u00f5es nas escolas p\u00fablicas de Goi\u00e1s - PSOL 50\",\"isPartOf\":{\"@id\":\"https:\/\/psol50.org.br\/#website\"},\"primaryImageOfPage\":{\"@id\":\"https:\/\/psol50.org.br\/nota-de-apoio-as-ocupacoes-nas-escolas-publicas-de-goias\/#primaryimage\"},\"image\":{\"@id\":\"https:\/\/psol50.org.br\/nota-de-apoio-as-ocupacoes-nas-escolas-publicas-de-goias\/#primaryimage\"},\"thumbnailUrl\":\"\",\"datePublished\":\"2016-02-02T19:46:27+00:00\",\"breadcrumb\":{\"@id\":\"https:\/\/psol50.org.br\/nota-de-apoio-as-ocupacoes-nas-escolas-publicas-de-goias\/#breadcrumb\"},\"inLanguage\":\"pt-BR\",\"potentialAction\":[{\"@type\":\"ReadAction\",\"target\":[\"https:\/\/psol50.org.br\/nota-de-apoio-as-ocupacoes-nas-escolas-publicas-de-goias\/\"]}]},{\"@type\":\"ImageObject\",\"inLanguage\":\"pt-BR\",\"@id\":\"https:\/\/psol50.org.br\/nota-de-apoio-as-ocupacoes-nas-escolas-publicas-de-goias\/#primaryimage\",\"url\":\"\",\"contentUrl\":\"\"},{\"@type\":\"BreadcrumbList\",\"@id\":\"https:\/\/psol50.org.br\/nota-de-apoio-as-ocupacoes-nas-escolas-publicas-de-goias\/#breadcrumb\",\"itemListElement\":[{\"@type\":\"ListItem\",\"position\":1,\"name\":\"In\u00edcio\",\"item\":\"https:\/\/psol50.org.br\/\"},{\"@type\":\"ListItem\",\"position\":2,\"name\":\"Nota de apoio \u00e0s ocupa\u00e7\u00f5es nas escolas p\u00fablicas de Goi\u00e1s\"}]},{\"@type\":\"WebSite\",\"@id\":\"https:\/\/psol50.org.br\/#website\",\"url\":\"https:\/\/psol50.org.br\/\",\"name\":\"PSOL 50\",\"description\":\"Site oficial do Partido Socialismo e Liberdade\",\"publisher\":{\"@id\":\"https:\/\/psol50.org.br\/#organization\"},\"alternateName\":\"PSOL50\",\"potentialAction\":[{\"@type\":\"SearchAction\",\"target\":{\"@type\":\"EntryPoint\",\"urlTemplate\":\"https:\/\/psol50.org.br\/?s={search_term_string}\"},\"query-input\":{\"@type\":\"PropertyValueSpecification\",\"valueRequired\":true,\"valueName\":\"search_term_string\"}}],\"inLanguage\":\"pt-BR\"},{\"@type\":\"Organization\",\"@id\":\"https:\/\/psol50.org.br\/#organization\",\"name\":\"PSOL 50\",\"alternateName\":\"PSOL 50\",\"url\":\"https:\/\/psol50.org.br\/\",\"logo\":{\"@type\":\"ImageObject\",\"inLanguage\":\"pt-BR\",\"@id\":\"https:\/\/psol50.org.br\/#\/schema\/logo\/image\/\",\"url\":\"https:\/\/psol50.org.br\/inc\/uploads\/2018\/07\/capa.png\",\"contentUrl\":\"https:\/\/psol50.org.br\/inc\/uploads\/2018\/07\/capa.png\",\"width\":1350,\"height\":900,\"caption\":\"PSOL 50\"},\"image\":{\"@id\":\"https:\/\/psol50.org.br\/#\/schema\/logo\/image\/\"},\"sameAs\":[\"https:\/\/www.facebook.com\/psol50\",\"https:\/\/x.com\/psol50\",\"https:\/\/www.instagram.com\/psol50\/\",\"https:\/\/www.youtube.com\/channel\/UC7SnJS5o1os7a6CaiNabzcg\"]},{\"@type\":\"Person\",\"@id\":\"https:\/\/psol50.org.br\/#\/schema\/person\/475dfa57d0b815993c714c2e96491fcd\",\"name\":\"Comunica\u00e7\u00e3o PSOL\",\"image\":{\"@type\":\"ImageObject\",\"inLanguage\":\"pt-BR\",\"@id\":\"https:\/\/psol50.org.br\/#\/schema\/person\/image\/\",\"url\":\"https:\/\/secure.gravatar.com\/avatar\/b34fc4f4e468a4e51785917065a3db57b841f5c95dba6ad8c73aaf8f66f8f9bf?s=96&d=mm&r=g\",\"contentUrl\":\"https:\/\/secure.gravatar.com\/avatar\/b34fc4f4e468a4e51785917065a3db57b841f5c95dba6ad8c73aaf8f66f8f9bf?s=96&d=mm&r=g\",\"caption\":\"Comunica\u00e7\u00e3o PSOL\"}}]}<\/script>\n<!-- \/ Yoast SEO plugin. -->","yoast_head_json":{"title":"Nota de apoio \u00e0s ocupa\u00e7\u00f5es nas escolas p\u00fablicas de Goi\u00e1s - PSOL 50","robots":{"index":"index","follow":"follow","max-snippet":"max-snippet:-1","max-image-preview":"max-image-preview:large","max-video-preview":"max-video-preview:-1"},"canonical":"https:\/\/psol50.org.br\/nota-de-apoio-as-ocupacoes-nas-escolas-publicas-de-goias\/","og_locale":"pt_BR","og_type":"article","og_title":"Nota de apoio \u00e0s ocupa\u00e7\u00f5es nas escolas p\u00fablicas de Goi\u00e1s - PSOL 50","og_description":"Viemos a p\u00fablico expressar nosso rep\u00fadio em rela\u00e7\u00e3o ao uso de viol\u00eancia e trucul\u00eancia policial, com anu\u00eancia do Governador Marconi Perillo e da Secret\u00e1ria Estadual de Educa\u00e7\u00e3o Raquel Teixeira, para for\u00e7ar de maneira arbitr\u00e1ria a sa\u00edda dos estudantes que ocupam algumas das escolas p\u00fablicas estaduais. Consideramos que tais ocupa\u00e7\u00f5es, protagonizados por estudantes secundaristas, configuram uma [&hellip;]","og_url":"https:\/\/psol50.org.br\/nota-de-apoio-as-ocupacoes-nas-escolas-publicas-de-goias\/","og_site_name":"PSOL 50","article_publisher":"https:\/\/www.facebook.com\/psol50","article_published_time":"2016-02-02T19:46:27+00:00","og_image":[{"width":1350,"height":900,"url":"https:\/\/psol50.org.br\/inc\/uploads\/2018\/07\/capa.png","type":"image\/png"}],"author":"Comunica\u00e7\u00e3o PSOL","twitter_card":"summary_large_image","twitter_creator":"@psol50","twitter_site":"@psol50","twitter_misc":{"Escrito por":"Comunica\u00e7\u00e3o PSOL","Est. tempo de leitura":"2 minutos"},"schema":{"@context":"https:\/\/schema.org","@graph":[{"@type":"Article","@id":"https:\/\/psol50.org.br\/nota-de-apoio-as-ocupacoes-nas-escolas-publicas-de-goias\/#article","isPartOf":{"@id":"https:\/\/psol50.org.br\/nota-de-apoio-as-ocupacoes-nas-escolas-publicas-de-goias\/"},"author":{"name":"Comunica\u00e7\u00e3o PSOL","@id":"https:\/\/psol50.org.br\/#\/schema\/person\/475dfa57d0b815993c714c2e96491fcd"},"headline":"Nota de apoio \u00e0s ocupa\u00e7\u00f5es nas escolas p\u00fablicas de Goi\u00e1s","datePublished":"2016-02-02T19:46:27+00:00","mainEntityOfPage":{"@id":"https:\/\/psol50.org.br\/nota-de-apoio-as-ocupacoes-nas-escolas-publicas-de-goias\/"},"wordCount":507,"commentCount":0,"publisher":{"@id":"https:\/\/psol50.org.br\/#organization"},"image":{"@id":"https:\/\/psol50.org.br\/nota-de-apoio-as-ocupacoes-nas-escolas-publicas-de-goias\/#primaryimage"},"thumbnailUrl":"","keywords":["estudantes","N\u00e3o fechem minha escola"],"articleSection":["Educa\u00e7\u00e3o","Estados","Not\u00edcias"],"inLanguage":"pt-BR","potentialAction":[{"@type":"CommentAction","name":"Comment","target":["https:\/\/psol50.org.br\/nota-de-apoio-as-ocupacoes-nas-escolas-publicas-de-goias\/#respond"]}]},{"@type":"WebPage","@id":"https:\/\/psol50.org.br\/nota-de-apoio-as-ocupacoes-nas-escolas-publicas-de-goias\/","url":"https:\/\/psol50.org.br\/nota-de-apoio-as-ocupacoes-nas-escolas-publicas-de-goias\/","name":"Nota de apoio \u00e0s ocupa\u00e7\u00f5es nas escolas p\u00fablicas de Goi\u00e1s - PSOL 50","isPartOf":{"@id":"https:\/\/psol50.org.br\/#website"},"primaryImageOfPage":{"@id":"https:\/\/psol50.org.br\/nota-de-apoio-as-ocupacoes-nas-escolas-publicas-de-goias\/#primaryimage"},"image":{"@id":"https:\/\/psol50.org.br\/nota-de-apoio-as-ocupacoes-nas-escolas-publicas-de-goias\/#primaryimage"},"thumbnailUrl":"","datePublished":"2016-02-02T19:46:27+00:00","breadcrumb":{"@id":"https:\/\/psol50.org.br\/nota-de-apoio-as-ocupacoes-nas-escolas-publicas-de-goias\/#breadcrumb"},"inLanguage":"pt-BR","potentialAction":[{"@type":"ReadAction","target":["https:\/\/psol50.org.br\/nota-de-apoio-as-ocupacoes-nas-escolas-publicas-de-goias\/"]}]},{"@type":"ImageObject","inLanguage":"pt-BR","@id":"https:\/\/psol50.org.br\/nota-de-apoio-as-ocupacoes-nas-escolas-publicas-de-goias\/#primaryimage","url":"","contentUrl":""},{"@type":"BreadcrumbList","@id":"https:\/\/psol50.org.br\/nota-de-apoio-as-ocupacoes-nas-escolas-publicas-de-goias\/#breadcrumb","itemListElement":[{"@type":"ListItem","position":1,"name":"In\u00edcio","item":"https:\/\/psol50.org.br\/"},{"@type":"ListItem","position":2,"name":"Nota de apoio \u00e0s ocupa\u00e7\u00f5es nas escolas p\u00fablicas de Goi\u00e1s"}]},{"@type":"WebSite","@id":"https:\/\/psol50.org.br\/#website","url":"https:\/\/psol50.org.br\/","name":"PSOL 50","description":"Site oficial do Partido Socialismo e Liberdade","publisher":{"@id":"https:\/\/psol50.org.br\/#organization"},"alternateName":"PSOL50","potentialAction":[{"@type":"SearchAction","target":{"@type":"EntryPoint","urlTemplate":"https:\/\/psol50.org.br\/?s={search_term_string}"},"query-input":{"@type":"PropertyValueSpecification","valueRequired":true,"valueName":"search_term_string"}}],"inLanguage":"pt-BR"},{"@type":"Organization","@id":"https:\/\/psol50.org.br\/#organization","name":"PSOL 50","alternateName":"PSOL 50","url":"https:\/\/psol50.org.br\/","logo":{"@type":"ImageObject","inLanguage":"pt-BR","@id":"https:\/\/psol50.org.br\/#\/schema\/logo\/image\/","url":"https:\/\/psol50.org.br\/inc\/uploads\/2018\/07\/capa.png","contentUrl":"https:\/\/psol50.org.br\/inc\/uploads\/2018\/07\/capa.png","width":1350,"height":900,"caption":"PSOL 50"},"image":{"@id":"https:\/\/psol50.org.br\/#\/schema\/logo\/image\/"},"sameAs":["https:\/\/www.facebook.com\/psol50","https:\/\/x.com\/psol50","https:\/\/www.instagram.com\/psol50\/","https:\/\/www.youtube.com\/channel\/UC7SnJS5o1os7a6CaiNabzcg"]},{"@type":"Person","@id":"https:\/\/psol50.org.br\/#\/schema\/person\/475dfa57d0b815993c714c2e96491fcd","name":"Comunica\u00e7\u00e3o PSOL","image":{"@type":"ImageObject","inLanguage":"pt-BR","@id":"https:\/\/psol50.org.br\/#\/schema\/person\/image\/","url":"https:\/\/secure.gravatar.com\/avatar\/b34fc4f4e468a4e51785917065a3db57b841f5c95dba6ad8c73aaf8f66f8f9bf?s=96&d=mm&r=g","contentUrl":"https:\/\/secure.gravatar.com\/avatar\/b34fc4f4e468a4e51785917065a3db57b841f5c95dba6ad8c73aaf8f66f8f9bf?s=96&d=mm&r=g","caption":"Comunica\u00e7\u00e3o PSOL"}}]}},"_links":{"self":[{"href":"https:\/\/psol50.org.br\/rest\/wp\/v2\/posts\/11170","targetHints":{"allow":["GET"]}}],"collection":[{"href":"https:\/\/psol50.org.br\/rest\/wp\/v2\/posts"}],"about":[{"href":"https:\/\/psol50.org.br\/rest\/wp\/v2\/types\/post"}],"author":[{"embeddable":true,"href":"https:\/\/psol50.org.br\/rest\/wp\/v2\/users\/2"}],"replies":[{"embeddable":true,"href":"https:\/\/psol50.org.br\/rest\/wp\/v2\/comments?post=11170"}],"version-history":[{"count":0,"href":"https:\/\/psol50.org.br\/rest\/wp\/v2\/posts\/11170\/revisions"}],"wp:featuredmedia":[{"embeddable":true,"href":"https:\/\/psol50.org.br\/rest\/"}],"wp:attachment":[{"href":"https:\/\/psol50.org.br\/rest\/wp\/v2\/media?parent=11170"}],"wp:term":[{"taxonomy":"category","embeddable":true,"href":"https:\/\/psol50.org.br\/rest\/wp\/v2\/categories?post=11170"},{"taxonomy":"post_tag","embeddable":true,"href":"https:\/\/psol50.org.br\/rest\/wp\/v2\/tags?post=11170"}],"curies":[{"name":"wp","href":"https:\/\/api.w.org\/{rel}","templated":true}]}}