{"id":11176,"date":"2016-02-03T13:23:15","date_gmt":"2016-02-03T13:23:15","guid":{"rendered":"http:\/\/www.psol50.org.br\/?p=11176"},"modified":"2016-02-03T13:23:15","modified_gmt":"2016-02-03T13:23:15","slug":"manobras-nao-vao-frear-luta-contra-eduardo-cunha","status":"publish","type":"post","link":"https:\/\/psol50.org.br\/manobras-nao-vao-frear-luta-contra-eduardo-cunha\/","title":{"rendered":"Manobras n\u00e3o v\u00e3o frear luta contra Eduardo Cunha"},"content":{"rendered":"<p>Nesta ter\u00e7a-feira (2), primeiro dia de trabalho legislativo do ano de 2016, Eduardo Cunha operou mais um golpe para tentar salvar o seu mandato das acusa\u00e7\u00f5es de corrup\u00e7\u00e3o: uma decis\u00e3o de seu aliado e vice-presidente da C\u00e2mara, Waldir Maranh\u00e3o (PP-MA), anulou a sess\u00e3o do Conselho de \u00c9tica, no fim de 2015, que aprovou a admissibilidade do processo de cassa\u00e7\u00e3o de seu mandato por quebra de decoro, protocolocado pelo PSOL e pela Rede.<\/p>\n<p>A manobra ocorreu no mesmo dia em que novas provas contra Cunha foram anexadas ao processo. Junto \u00e0 deputada Luiza Erundina (PSB-SP), os cinco deputados do PSOL se reuniram com o presidente do Conselho, Jos\u00e9 Carlos Ara\u00fajo (PSD-BA), e apresentaram documento que re\u00fane v\u00eddeos de dela\u00e7\u00e3o de Fernando Baiano \u00e0 Opera\u00e7\u00e3o Lava-Jato e as den\u00fancias de exist\u00eancia de mais cinco contas no exterior.<\/p>\n<p><strong><em>Leia mais: <a href=\"http:\/\/www.psol50.org.br\/2016\/02\/em-reuniao-com-presidente-do-stf-deputados-do-psol-apresentarao-novos-elementos-contra-cunha\/\" target=\"_blank\" rel=\"noopener\">PSOL apresentar\u00e1 ao STF novas provas contra Cunha<\/a><\/em><\/strong><\/p>\n<p>Para o deputado Chico Alencar, a peti\u00e7\u00e3o traz novos elementos robustos que reiteram que Eduardo Cunha mentiu \u00e0 CPI da Petrobras, ao negar exist\u00eancia de contas em seu nome no exterior, bem como os encontros com Fernando Baiano. <strong><a href=\"https:\/\/www.facebook.com\/psolnacamara\/posts\/773717672732466\" target=\"_blank\" rel=\"noopener\">Voc\u00ea pode ler na \u00edntegra a peti\u00e7\u00e3o do PSOL clicando aqui.<\/a><\/strong><\/p>\n<figure id=\"attachment_11177\" aria-describedby=\"caption-attachment-11177\" style=\"width: 960px\" class=\"wp-caption alignnone\"><img loading=\"lazy\" decoding=\"async\" class=\"size-full wp-image-11177\" src=\"http:\/\/www.psol50.org.br\/inc\/uploads\/2016\/02\/PSOL-conselhodetica.jpg\" alt=\"Bancada do PSOL e Luiza Erundina (PSB-SP) se re\u00fanem com presidente do Conselho de \u00c9tica\" width=\"960\" height=\"639\" \/><figcaption id=\"caption-attachment-11177\" class=\"wp-caption-text\">Bancada do PSOL e Luiza Erundina (PSB-SP) se re\u00fanem com presidente do Conselho de \u00c9tica<\/figcaption><\/figure>\n<p><strong>Golpe calculado<\/strong><\/p>\n<p>O documento sobre a decis\u00e3o de suspender a reuni\u00e3o do Conselho de \u00c9tica que aprovou a continuidade do processo foi uma resposta do vice-presidente da Casa a um recurso sem base de outro deputado aliado de Cunha, Carlos Marun (PMDB\/MS).<\/p>\n<p>A decis\u00e3o foi feita em nome da Mesa-Diretora da C\u00e2mara (j\u00e1 que Eduardo Cunha est\u00e1 legalmente impedido, como &#8220;parte interessada&#8221;). O coordenador da Lideran\u00e7a do PSOL, Juliano Medeiros, explica que a decis\u00e3o est\u00e1 completamente errada em termos legais. O recurso\u00a0de Carlos Mansur se baseou em um pedido, feito em reuni\u00e3o do Conselho, para ter um segundo pedido de vista sobre o processo acolhido, o que foi negado por ter claramente um car\u00e1ter protelat\u00f3rio. &#8220;A sess\u00e3o n\u00e3o poderia ser anulada sem que, na reuni\u00e3o do Conselho de \u00c9tica, tivesse havido sequer uma quest\u00e3o de ordem formulada sobre o assunto&#8221;, afirma Juliano. E ela n\u00e3o aconteceu. Os aliados de Cunha preferiram levar o recurso direto \u00e0 Mesa-Diretora, sem que passasse pelo pr\u00f3prio Conselho de \u00c9tica, onde o caso est\u00e1 sendo julgado.<\/p>\n<p>O autor da decis\u00e3o, deputado Waldir Maranh\u00e3o (PP-MA), \u00e9 bom lembrar, tamb\u00e9m \u00e9 investigado na Opera\u00e7\u00e3o Lava-Jato, assim como Eduardo Cunha.<\/p>\n<p>A manobra foi calculada previamente, durante o recesso. O documento data do dia 22 de janeiro, mas foi notificada apenas \u00e0s exatas 16h desta ter\u00e7a-feira (2), no meio da reuni\u00e3o do Conselho de \u00c9tica. Isso porque, segundo o regimento da C\u00e2mara, as reuni\u00f5es do \u00f3rg\u00e3o, para terem car\u00e1ter deliberativo, t\u00eam que ser convocadas com no m\u00ednimo 24h de anteced\u00eancia \u2013 tentando fazer com que, se fosse convocada uma nova reuni\u00e3o para esta quarta (3), n\u00e3o tivesse car\u00e1ter deliberativo. Assim, a presid\u00eancia do Conselho convocou nova reuni\u00e3o para esta noite, ap\u00f3s a sess\u00e3o, com o objetivo de julgar o pedido de vista.<\/p>\n<figure id=\"attachment_11178\" aria-describedby=\"caption-attachment-11178\" style=\"width: 2003px\" class=\"wp-caption alignnone\"><img loading=\"lazy\" decoding=\"async\" class=\"size-full wp-image-11178\" src=\"http:\/\/www.psol50.org.br\/inc\/uploads\/2016\/02\/WaldirMaranhao.jpg\" alt=\"Waldir Maranh\u00e3o (PP-MA), vice-presidente da C\u00e2mara, aliado de Cunha e deputado investigado na Opera\u00e7\u00e3o Lava-Jato\" width=\"2003\" height=\"1312\" \/><figcaption id=\"caption-attachment-11178\" class=\"wp-caption-text\">Waldir Maranh\u00e3o (PP-MA), vice-presidente da C\u00e2mara, aliado de Cunha e deputado investigado na Opera\u00e7\u00e3o Lava-Jato<\/figcaption><\/figure>\n<p><strong>Combate na C\u00e2mara vai aumentar<\/strong><\/p>\n<p>O PSOL intensificar\u00e1 ainda mais a luta pela sa\u00edda de Cunha do cargo de presidente e pela cassa\u00e7\u00e3o de seu mandato. O deputado Ivan Valente (SP) afirma que o partido estar\u00e1 na linha de frente dessa luta. \u201cA sociedade brasileira exige uma solu\u00e7\u00e3o para este caso, para que seja feita justi\u00e7a e para que a desmoraliza\u00e7\u00e3o n\u00e3o s\u00f3 do parlamento brasileiro, mas do pa\u00eds, diante de tantos desmandos e abusos, seja interrompida. Basta de manobras e golpes\u201d, afirma.<\/p>\n<p>Glauber Braga (RJ) cobra do STF uma posi\u00e7\u00e3o c\u00e9lere sobre o assunto. \u201cSe depender da C\u00e2mara est\u00e1 claro que a coisa n\u00e3o vai andar. Cunha vai usar todo o poder que tem para impedir a cassa\u00e7\u00e3o do mandato\u201d, diz o deputado. \u201cO Supremo Tribunal Federal s\u00f3 n\u00e3o enxerga isso se n\u00e3o quiser. J\u00e1 passou da hora da Corte afast\u00e1-lo do comando da casa\u201d.<\/p>\n<p>A bancada do partido <strong><a href=\"http:\/\/www.psol50.org.br\/2016\/02\/em-reuniao-com-presidente-do-stf-deputados-do-psol-apresentarao-novos-elementos-contra-cunha\/\" target=\"_blank\" rel=\"noopener\">se re\u00fane nesta quarta-feira, \u00e0s 18h, com o presidente do STF, Ricardo Lewandowski<\/a><\/strong>. A audi\u00eancia servir\u00e1 para debater a situa\u00e7\u00e3o de Cunha e apresentar as novas provas contra o presidente da C\u00e2mara tamb\u00e9m ao Supremo, que tem nas m\u00e3os do pedido da Procuradoria Geral da Rep\u00fablica de afastamento de Cunha.<\/p>\n","protected":false},"excerpt":{"rendered":"<p>Nesta ter\u00e7a-feira (2), primeiro dia de trabalho legislativo do ano de 2016, Eduardo Cunha operou mais um golpe para tentar salvar o seu mandato das acusa\u00e7\u00f5es de corrup\u00e7\u00e3o: uma decis\u00e3o de seu aliado e vice-presidente da C\u00e2mara, Waldir Maranh\u00e3o (PP-MA), anulou a sess\u00e3o do Conselho de \u00c9tica, no fim de 2015, que aprovou a admissibilidade [&hellip;]<\/p>\n","protected":false},"author":2,"featured_media":11179,"comment_status":"open","ping_status":"open","sticky":false,"template":"","format":"standard","meta":{"_acf_changed":false,"footnotes":""},"categories":[10,1882,6],"tags":[2890,3962,151,3963],"class_list":{"0":"post-11176","1":"post","2":"type-post","3":"status-publish","4":"format-standard","5":"has-post-thumbnail","7":"category-acao-parlamentares","8":"category-brasil","9":"category-noticias","10":"tag-eduardo-cunha","11":"tag-fora-cunha","12":"tag-golpe","13":"tag-waldir-maranhao"},"acf":[],"yoast_head":"<!-- This site is optimized with the Yoast SEO plugin v26.5 - https:\/\/yoast.com\/wordpress\/plugins\/seo\/ -->\n<title>Manobras n\u00e3o v\u00e3o frear luta contra Eduardo Cunha - PSOL 50<\/title>\n<meta name=\"robots\" content=\"index, follow, max-snippet:-1, max-image-preview:large, max-video-preview:-1\" \/>\n<link rel=\"canonical\" href=\"https:\/\/psol50.org.br\/manobras-nao-vao-frear-luta-contra-eduardo-cunha\/\" \/>\n<meta property=\"og:locale\" content=\"pt_BR\" \/>\n<meta property=\"og:type\" content=\"article\" \/>\n<meta property=\"og:title\" content=\"Manobras n\u00e3o v\u00e3o frear luta contra Eduardo Cunha - PSOL 50\" \/>\n<meta property=\"og:description\" content=\"Nesta ter\u00e7a-feira (2), primeiro dia de trabalho legislativo do ano de 2016, Eduardo Cunha operou mais um golpe para tentar salvar o seu mandato das acusa\u00e7\u00f5es de corrup\u00e7\u00e3o: uma decis\u00e3o de seu aliado e vice-presidente da C\u00e2mara, Waldir Maranh\u00e3o (PP-MA), anulou a sess\u00e3o do Conselho de \u00c9tica, no fim de 2015, que aprovou a admissibilidade [&hellip;]\" \/>\n<meta property=\"og:url\" content=\"https:\/\/psol50.org.br\/manobras-nao-vao-frear-luta-contra-eduardo-cunha\/\" \/>\n<meta property=\"og:site_name\" content=\"PSOL 50\" \/>\n<meta property=\"article:publisher\" content=\"https:\/\/www.facebook.com\/psol50\" \/>\n<meta property=\"article:published_time\" content=\"2016-02-03T13:23:15+00:00\" \/>\n<meta property=\"og:image\" content=\"https:\/\/psol50.org.br\/inc\/uploads\/2018\/07\/capa.png\" \/>\n\t<meta property=\"og:image:width\" content=\"1350\" \/>\n\t<meta property=\"og:image:height\" content=\"900\" \/>\n\t<meta property=\"og:image:type\" content=\"image\/png\" \/>\n<meta name=\"author\" content=\"Comunica\u00e7\u00e3o PSOL\" \/>\n<meta name=\"twitter:card\" content=\"summary_large_image\" \/>\n<meta name=\"twitter:creator\" content=\"@psol50\" \/>\n<meta name=\"twitter:site\" content=\"@psol50\" \/>\n<meta name=\"twitter:label1\" content=\"Escrito por\" \/>\n\t<meta name=\"twitter:data1\" content=\"Comunica\u00e7\u00e3o PSOL\" \/>\n\t<meta name=\"twitter:label2\" content=\"Est. tempo de leitura\" \/>\n\t<meta name=\"twitter:data2\" content=\"4 minutos\" \/>\n<script type=\"application\/ld+json\" class=\"yoast-schema-graph\">{\"@context\":\"https:\/\/schema.org\",\"@graph\":[{\"@type\":\"Article\",\"@id\":\"https:\/\/psol50.org.br\/manobras-nao-vao-frear-luta-contra-eduardo-cunha\/#article\",\"isPartOf\":{\"@id\":\"https:\/\/psol50.org.br\/manobras-nao-vao-frear-luta-contra-eduardo-cunha\/\"},\"author\":{\"name\":\"Comunica\u00e7\u00e3o PSOL\",\"@id\":\"https:\/\/psol50.org.br\/#\/schema\/person\/475dfa57d0b815993c714c2e96491fcd\"},\"headline\":\"Manobras n\u00e3o v\u00e3o frear luta contra Eduardo Cunha\",\"datePublished\":\"2016-02-03T13:23:15+00:00\",\"mainEntityOfPage\":{\"@id\":\"https:\/\/psol50.org.br\/manobras-nao-vao-frear-luta-contra-eduardo-cunha\/\"},\"wordCount\":810,\"commentCount\":0,\"publisher\":{\"@id\":\"https:\/\/psol50.org.br\/#organization\"},\"image\":{\"@id\":\"https:\/\/psol50.org.br\/manobras-nao-vao-frear-luta-contra-eduardo-cunha\/#primaryimage\"},\"thumbnailUrl\":\"\",\"keywords\":[\"Eduardo Cunha\",\"Fora Cunha\",\"golpe\",\"Waldir Maranh\u00e3o\"],\"articleSection\":[\"A\u00e7\u00e3o Parlamentar\",\"Brasil\",\"Not\u00edcias\"],\"inLanguage\":\"pt-BR\",\"potentialAction\":[{\"@type\":\"CommentAction\",\"name\":\"Comment\",\"target\":[\"https:\/\/psol50.org.br\/manobras-nao-vao-frear-luta-contra-eduardo-cunha\/#respond\"]}]},{\"@type\":\"WebPage\",\"@id\":\"https:\/\/psol50.org.br\/manobras-nao-vao-frear-luta-contra-eduardo-cunha\/\",\"url\":\"https:\/\/psol50.org.br\/manobras-nao-vao-frear-luta-contra-eduardo-cunha\/\",\"name\":\"Manobras n\u00e3o v\u00e3o frear luta contra Eduardo Cunha - PSOL 50\",\"isPartOf\":{\"@id\":\"https:\/\/psol50.org.br\/#website\"},\"primaryImageOfPage\":{\"@id\":\"https:\/\/psol50.org.br\/manobras-nao-vao-frear-luta-contra-eduardo-cunha\/#primaryimage\"},\"image\":{\"@id\":\"https:\/\/psol50.org.br\/manobras-nao-vao-frear-luta-contra-eduardo-cunha\/#primaryimage\"},\"thumbnailUrl\":\"\",\"datePublished\":\"2016-02-03T13:23:15+00:00\",\"breadcrumb\":{\"@id\":\"https:\/\/psol50.org.br\/manobras-nao-vao-frear-luta-contra-eduardo-cunha\/#breadcrumb\"},\"inLanguage\":\"pt-BR\",\"potentialAction\":[{\"@type\":\"ReadAction\",\"target\":[\"https:\/\/psol50.org.br\/manobras-nao-vao-frear-luta-contra-eduardo-cunha\/\"]}]},{\"@type\":\"ImageObject\",\"inLanguage\":\"pt-BR\",\"@id\":\"https:\/\/psol50.org.br\/manobras-nao-vao-frear-luta-contra-eduardo-cunha\/#primaryimage\",\"url\":\"\",\"contentUrl\":\"\"},{\"@type\":\"BreadcrumbList\",\"@id\":\"https:\/\/psol50.org.br\/manobras-nao-vao-frear-luta-contra-eduardo-cunha\/#breadcrumb\",\"itemListElement\":[{\"@type\":\"ListItem\",\"position\":1,\"name\":\"In\u00edcio\",\"item\":\"https:\/\/psol50.org.br\/\"},{\"@type\":\"ListItem\",\"position\":2,\"name\":\"Manobras n\u00e3o v\u00e3o frear luta contra Eduardo Cunha\"}]},{\"@type\":\"WebSite\",\"@id\":\"https:\/\/psol50.org.br\/#website\",\"url\":\"https:\/\/psol50.org.br\/\",\"name\":\"PSOL 50\",\"description\":\"Site oficial do Partido Socialismo e Liberdade\",\"publisher\":{\"@id\":\"https:\/\/psol50.org.br\/#organization\"},\"alternateName\":\"PSOL50\",\"potentialAction\":[{\"@type\":\"SearchAction\",\"target\":{\"@type\":\"EntryPoint\",\"urlTemplate\":\"https:\/\/psol50.org.br\/?s={search_term_string}\"},\"query-input\":{\"@type\":\"PropertyValueSpecification\",\"valueRequired\":true,\"valueName\":\"search_term_string\"}}],\"inLanguage\":\"pt-BR\"},{\"@type\":\"Organization\",\"@id\":\"https:\/\/psol50.org.br\/#organization\",\"name\":\"PSOL 50\",\"alternateName\":\"PSOL 50\",\"url\":\"https:\/\/psol50.org.br\/\",\"logo\":{\"@type\":\"ImageObject\",\"inLanguage\":\"pt-BR\",\"@id\":\"https:\/\/psol50.org.br\/#\/schema\/logo\/image\/\",\"url\":\"https:\/\/psol50.org.br\/inc\/uploads\/2018\/07\/capa.png\",\"contentUrl\":\"https:\/\/psol50.org.br\/inc\/uploads\/2018\/07\/capa.png\",\"width\":1350,\"height\":900,\"caption\":\"PSOL 50\"},\"image\":{\"@id\":\"https:\/\/psol50.org.br\/#\/schema\/logo\/image\/\"},\"sameAs\":[\"https:\/\/www.facebook.com\/psol50\",\"https:\/\/x.com\/psol50\",\"https:\/\/www.instagram.com\/psol50\/\",\"https:\/\/www.youtube.com\/channel\/UC7SnJS5o1os7a6CaiNabzcg\"]},{\"@type\":\"Person\",\"@id\":\"https:\/\/psol50.org.br\/#\/schema\/person\/475dfa57d0b815993c714c2e96491fcd\",\"name\":\"Comunica\u00e7\u00e3o PSOL\",\"image\":{\"@type\":\"ImageObject\",\"inLanguage\":\"pt-BR\",\"@id\":\"https:\/\/psol50.org.br\/#\/schema\/person\/image\/\",\"url\":\"https:\/\/secure.gravatar.com\/avatar\/b34fc4f4e468a4e51785917065a3db57b841f5c95dba6ad8c73aaf8f66f8f9bf?s=96&d=mm&r=g\",\"contentUrl\":\"https:\/\/secure.gravatar.com\/avatar\/b34fc4f4e468a4e51785917065a3db57b841f5c95dba6ad8c73aaf8f66f8f9bf?s=96&d=mm&r=g\",\"caption\":\"Comunica\u00e7\u00e3o PSOL\"}}]}<\/script>\n<!-- \/ Yoast SEO plugin. -->","yoast_head_json":{"title":"Manobras n\u00e3o v\u00e3o frear luta contra Eduardo Cunha - PSOL 50","robots":{"index":"index","follow":"follow","max-snippet":"max-snippet:-1","max-image-preview":"max-image-preview:large","max-video-preview":"max-video-preview:-1"},"canonical":"https:\/\/psol50.org.br\/manobras-nao-vao-frear-luta-contra-eduardo-cunha\/","og_locale":"pt_BR","og_type":"article","og_title":"Manobras n\u00e3o v\u00e3o frear luta contra Eduardo Cunha - PSOL 50","og_description":"Nesta ter\u00e7a-feira (2), primeiro dia de trabalho legislativo do ano de 2016, Eduardo Cunha operou mais um golpe para tentar salvar o seu mandato das acusa\u00e7\u00f5es de corrup\u00e7\u00e3o: uma decis\u00e3o de seu aliado e vice-presidente da C\u00e2mara, Waldir Maranh\u00e3o (PP-MA), anulou a sess\u00e3o do Conselho de \u00c9tica, no fim de 2015, que aprovou a admissibilidade [&hellip;]","og_url":"https:\/\/psol50.org.br\/manobras-nao-vao-frear-luta-contra-eduardo-cunha\/","og_site_name":"PSOL 50","article_publisher":"https:\/\/www.facebook.com\/psol50","article_published_time":"2016-02-03T13:23:15+00:00","og_image":[{"width":1350,"height":900,"url":"https:\/\/psol50.org.br\/inc\/uploads\/2018\/07\/capa.png","type":"image\/png"}],"author":"Comunica\u00e7\u00e3o PSOL","twitter_card":"summary_large_image","twitter_creator":"@psol50","twitter_site":"@psol50","twitter_misc":{"Escrito por":"Comunica\u00e7\u00e3o PSOL","Est. tempo de leitura":"4 minutos"},"schema":{"@context":"https:\/\/schema.org","@graph":[{"@type":"Article","@id":"https:\/\/psol50.org.br\/manobras-nao-vao-frear-luta-contra-eduardo-cunha\/#article","isPartOf":{"@id":"https:\/\/psol50.org.br\/manobras-nao-vao-frear-luta-contra-eduardo-cunha\/"},"author":{"name":"Comunica\u00e7\u00e3o PSOL","@id":"https:\/\/psol50.org.br\/#\/schema\/person\/475dfa57d0b815993c714c2e96491fcd"},"headline":"Manobras n\u00e3o v\u00e3o frear luta contra Eduardo Cunha","datePublished":"2016-02-03T13:23:15+00:00","mainEntityOfPage":{"@id":"https:\/\/psol50.org.br\/manobras-nao-vao-frear-luta-contra-eduardo-cunha\/"},"wordCount":810,"commentCount":0,"publisher":{"@id":"https:\/\/psol50.org.br\/#organization"},"image":{"@id":"https:\/\/psol50.org.br\/manobras-nao-vao-frear-luta-contra-eduardo-cunha\/#primaryimage"},"thumbnailUrl":"","keywords":["Eduardo Cunha","Fora Cunha","golpe","Waldir Maranh\u00e3o"],"articleSection":["A\u00e7\u00e3o Parlamentar","Brasil","Not\u00edcias"],"inLanguage":"pt-BR","potentialAction":[{"@type":"CommentAction","name":"Comment","target":["https:\/\/psol50.org.br\/manobras-nao-vao-frear-luta-contra-eduardo-cunha\/#respond"]}]},{"@type":"WebPage","@id":"https:\/\/psol50.org.br\/manobras-nao-vao-frear-luta-contra-eduardo-cunha\/","url":"https:\/\/psol50.org.br\/manobras-nao-vao-frear-luta-contra-eduardo-cunha\/","name":"Manobras n\u00e3o v\u00e3o frear luta contra Eduardo Cunha - PSOL 50","isPartOf":{"@id":"https:\/\/psol50.org.br\/#website"},"primaryImageOfPage":{"@id":"https:\/\/psol50.org.br\/manobras-nao-vao-frear-luta-contra-eduardo-cunha\/#primaryimage"},"image":{"@id":"https:\/\/psol50.org.br\/manobras-nao-vao-frear-luta-contra-eduardo-cunha\/#primaryimage"},"thumbnailUrl":"","datePublished":"2016-02-03T13:23:15+00:00","breadcrumb":{"@id":"https:\/\/psol50.org.br\/manobras-nao-vao-frear-luta-contra-eduardo-cunha\/#breadcrumb"},"inLanguage":"pt-BR","potentialAction":[{"@type":"ReadAction","target":["https:\/\/psol50.org.br\/manobras-nao-vao-frear-luta-contra-eduardo-cunha\/"]}]},{"@type":"ImageObject","inLanguage":"pt-BR","@id":"https:\/\/psol50.org.br\/manobras-nao-vao-frear-luta-contra-eduardo-cunha\/#primaryimage","url":"","contentUrl":""},{"@type":"BreadcrumbList","@id":"https:\/\/psol50.org.br\/manobras-nao-vao-frear-luta-contra-eduardo-cunha\/#breadcrumb","itemListElement":[{"@type":"ListItem","position":1,"name":"In\u00edcio","item":"https:\/\/psol50.org.br\/"},{"@type":"ListItem","position":2,"name":"Manobras n\u00e3o v\u00e3o frear luta contra Eduardo Cunha"}]},{"@type":"WebSite","@id":"https:\/\/psol50.org.br\/#website","url":"https:\/\/psol50.org.br\/","name":"PSOL 50","description":"Site oficial do Partido Socialismo e Liberdade","publisher":{"@id":"https:\/\/psol50.org.br\/#organization"},"alternateName":"PSOL50","potentialAction":[{"@type":"SearchAction","target":{"@type":"EntryPoint","urlTemplate":"https:\/\/psol50.org.br\/?s={search_term_string}"},"query-input":{"@type":"PropertyValueSpecification","valueRequired":true,"valueName":"search_term_string"}}],"inLanguage":"pt-BR"},{"@type":"Organization","@id":"https:\/\/psol50.org.br\/#organization","name":"PSOL 50","alternateName":"PSOL 50","url":"https:\/\/psol50.org.br\/","logo":{"@type":"ImageObject","inLanguage":"pt-BR","@id":"https:\/\/psol50.org.br\/#\/schema\/logo\/image\/","url":"https:\/\/psol50.org.br\/inc\/uploads\/2018\/07\/capa.png","contentUrl":"https:\/\/psol50.org.br\/inc\/uploads\/2018\/07\/capa.png","width":1350,"height":900,"caption":"PSOL 50"},"image":{"@id":"https:\/\/psol50.org.br\/#\/schema\/logo\/image\/"},"sameAs":["https:\/\/www.facebook.com\/psol50","https:\/\/x.com\/psol50","https:\/\/www.instagram.com\/psol50\/","https:\/\/www.youtube.com\/channel\/UC7SnJS5o1os7a6CaiNabzcg"]},{"@type":"Person","@id":"https:\/\/psol50.org.br\/#\/schema\/person\/475dfa57d0b815993c714c2e96491fcd","name":"Comunica\u00e7\u00e3o PSOL","image":{"@type":"ImageObject","inLanguage":"pt-BR","@id":"https:\/\/psol50.org.br\/#\/schema\/person\/image\/","url":"https:\/\/secure.gravatar.com\/avatar\/b34fc4f4e468a4e51785917065a3db57b841f5c95dba6ad8c73aaf8f66f8f9bf?s=96&d=mm&r=g","contentUrl":"https:\/\/secure.gravatar.com\/avatar\/b34fc4f4e468a4e51785917065a3db57b841f5c95dba6ad8c73aaf8f66f8f9bf?s=96&d=mm&r=g","caption":"Comunica\u00e7\u00e3o PSOL"}}]}},"_links":{"self":[{"href":"https:\/\/psol50.org.br\/rest\/wp\/v2\/posts\/11176","targetHints":{"allow":["GET"]}}],"collection":[{"href":"https:\/\/psol50.org.br\/rest\/wp\/v2\/posts"}],"about":[{"href":"https:\/\/psol50.org.br\/rest\/wp\/v2\/types\/post"}],"author":[{"embeddable":true,"href":"https:\/\/psol50.org.br\/rest\/wp\/v2\/users\/2"}],"replies":[{"embeddable":true,"href":"https:\/\/psol50.org.br\/rest\/wp\/v2\/comments?post=11176"}],"version-history":[{"count":0,"href":"https:\/\/psol50.org.br\/rest\/wp\/v2\/posts\/11176\/revisions"}],"wp:featuredmedia":[{"embeddable":true,"href":"https:\/\/psol50.org.br\/rest\/"}],"wp:attachment":[{"href":"https:\/\/psol50.org.br\/rest\/wp\/v2\/media?parent=11176"}],"wp:term":[{"taxonomy":"category","embeddable":true,"href":"https:\/\/psol50.org.br\/rest\/wp\/v2\/categories?post=11176"},{"taxonomy":"post_tag","embeddable":true,"href":"https:\/\/psol50.org.br\/rest\/wp\/v2\/tags?post=11176"}],"curies":[{"name":"wp","href":"https:\/\/api.w.org\/{rel}","templated":true}]}}