{"id":1118,"date":"2006-04-06T00:00:00","date_gmt":"2006-04-06T00:00:00","guid":{"rendered":"http:\/\/psol50.org.br\/arquivo\/2006\/04\/06\/deputados-do-p-sol-se-retiram-do-conselho-de-etica-e-decoro-parlamentar\/"},"modified":"2006-04-06T00:00:00","modified_gmt":"2006-04-06T00:00:00","slug":"deputados-do-p-sol-se-retiram-do-conselho-de-etica-e-decoro-parlamentar","status":"publish","type":"post","link":"https:\/\/psol50.org.br\/deputados-do-p-sol-se-retiram-do-conselho-de-etica-e-decoro-parlamentar\/","title":{"rendered":"Deputados do P-SOL se retiram do Conselho de \u00c9tica e Decoro Parlamentar"},"content":{"rendered":"<p><img loading=\"lazy\" decoding=\"async\" width=\"60\" vspace=\"5\" hspace=\"5\" height=\"70\" border=\"0\" align=\"left\" src=\"images\/stories\/fotos\/060406pizza.jpg\" alt=\"Rod\u00edzio de Pizza no Congresso\" title=\"Rod\u00edzio de Pizza no Congresso\" \/>Os deputados do P-SOL Chico Alencar (RJ) e Orlando Fantazzini (SP) deixaram o Conselho de \u00c9tica da C&acirc;mara dos Deputados em protesto pela forma como o Plen\u00e1rio vem, reiteradamente, rejeitando os relat\u00f3rios produzidos pelos parlamentares daquela inst&acirc;ncia. &ldquo;\u00c9 uma decis&atilde;o dr\u00e1stica, forte, dolorosa&rdquo;, disse Alencar.<\/p>\n<p><!--more--><\/p>\n<p>A bancada do P-SOL se solidarizou com seus dois parlamentares,<br \/>\nentendendo que, na atual circunst&acirc;ncia, n&atilde;o havia mais sentido pol\u00edtico<br \/>\nna perman&ecirc;ncia de ambos no Conselho. &ldquo;Embora eu respeite a decis&atilde;o dos<br \/>\ncolegas que ainda por l\u00e1 estar&atilde;o, n&atilde;o tenho d\u00favidas de que nesta<br \/>\nconjuntura, os trabalhos do Conselho de \u00c9tica se arrast&atilde;o para um fim<br \/>\nmelanc\u00f3lico&rdquo;, declarou Alencar.<\/p>\n<p>A posi&ccedil;&atilde;o cr\u00edtica dos parlamentares do P-SOL se agudizou com a<br \/>\nabsolvi&ccedil;&atilde;o em Plen\u00e1rio do deputado Jo&atilde;o Paulo Cunha, acusado de<br \/>\nparticipar do chamado esquema do &ldquo;mensal&atilde;o&rdquo;. Em Carta enviada hoje ao<br \/>\npresidente do Conselho, Ricardo Izar, os deputados do P-SOL e outros<br \/>\nintegrantes do Conselho alegaram estar deixando aquela inst&acirc;ncia por<br \/>\nela ter atualmente uma fun&ccedil;&atilde;o &ldquo;muito mais est\u00e9tica &ndash; de edulcorar com<br \/>\ndebate democr\u00e1tico uma din&acirc;mica corporativa &ndash; do que de aconselhamento<br \/>\n\u00e9tico ao conjunto da C&acirc;mara dos Deputados.&rdquo;<\/p>\n<p>Chico Alencar disse que a partir de agora, o P-SOL vai &ldquo;travar uma<br \/>\nbatalha aberta em campo minado&rdquo;, se referido, ao corpo-a-corpo do<br \/>\nplen\u00e1rio. Ainda segundo ele, as freq&uuml;entes absolvi&ccedil;&otilde;es dos mensaleiros,<br \/>\nse escudam no instituto do voto secreto, o que faz com que a discuss&atilde;o<br \/>\ndo voto aberto parlamentar venha ordem do dia do Congresso Nacional. <\/p>\n","protected":false},"excerpt":{"rendered":"<p>Os deputados do P-SOL Chico Alencar (RJ) e Orlando Fantazzini (SP) deixaram o Conselho de \u00c9tica da C&acirc;mara dos Deputados em protesto pela forma como o Plen\u00e1rio vem, reiteradamente, rejeitando os relat\u00f3rios produzidos pelos parlamentares daquela inst&acirc;ncia. &ldquo;\u00c9 uma decis&atilde;o dr\u00e1stica, forte, dolorosa&rdquo;, disse Alencar.<\/p>\n","protected":false},"author":2,"featured_media":0,"comment_status":"open","ping_status":"open","sticky":false,"template":"","format":"standard","meta":{"_acf_changed":false,"footnotes":""},"categories":[4766],"tags":[],"class_list":{"0":"post-1118","1":"post","2":"type-post","3":"status-publish","4":"format-standard","6":"category-arquivo"},"acf":[],"yoast_head":"<!-- This site is optimized with the Yoast SEO plugin v26.5 - https:\/\/yoast.com\/wordpress\/plugins\/seo\/ -->\n<title>Deputados do P-SOL se retiram do Conselho de \u00c9tica e Decoro Parlamentar - PSOL 50<\/title>\n<meta name=\"robots\" content=\"index, follow, max-snippet:-1, max-image-preview:large, max-video-preview:-1\" \/>\n<link rel=\"canonical\" href=\"https:\/\/psol50.org.br\/deputados-do-p-sol-se-retiram-do-conselho-de-etica-e-decoro-parlamentar\/\" \/>\n<meta property=\"og:locale\" content=\"pt_BR\" \/>\n<meta property=\"og:type\" content=\"article\" \/>\n<meta property=\"og:title\" content=\"Deputados do P-SOL se retiram do Conselho de \u00c9tica e Decoro Parlamentar - PSOL 50\" \/>\n<meta property=\"og:description\" content=\"Os deputados do P-SOL Chico Alencar (RJ) e Orlando Fantazzini (SP) deixaram o Conselho de \u00c9tica da C&acirc;mara dos Deputados em protesto pela forma como o Plen\u00e1rio vem, reiteradamente, rejeitando os relat\u00f3rios produzidos pelos parlamentares daquela inst&acirc;ncia. &ldquo;\u00c9 uma decis&atilde;o dr\u00e1stica, forte, dolorosa&rdquo;, disse Alencar.\" \/>\n<meta property=\"og:url\" content=\"https:\/\/psol50.org.br\/deputados-do-p-sol-se-retiram-do-conselho-de-etica-e-decoro-parlamentar\/\" \/>\n<meta property=\"og:site_name\" content=\"PSOL 50\" \/>\n<meta property=\"article:publisher\" content=\"https:\/\/www.facebook.com\/psol50\" \/>\n<meta property=\"article:published_time\" content=\"2006-04-06T00:00:00+00:00\" \/>\n<meta property=\"og:image\" content=\"http:\/\/images\/stories\/fotos\/060406pizza.jpg\" \/>\n<meta name=\"author\" content=\"Comunica\u00e7\u00e3o PSOL\" \/>\n<meta name=\"twitter:card\" content=\"summary_large_image\" \/>\n<meta name=\"twitter:creator\" content=\"@psol50\" \/>\n<meta name=\"twitter:site\" content=\"@psol50\" \/>\n<meta name=\"twitter:label1\" content=\"Escrito por\" \/>\n\t<meta name=\"twitter:data1\" content=\"Comunica\u00e7\u00e3o PSOL\" \/>\n\t<meta name=\"twitter:label2\" content=\"Est. tempo de leitura\" \/>\n\t<meta name=\"twitter:data2\" content=\"2 minutos\" \/>\n<script type=\"application\/ld+json\" class=\"yoast-schema-graph\">{\"@context\":\"https:\/\/schema.org\",\"@graph\":[{\"@type\":\"Article\",\"@id\":\"https:\/\/psol50.org.br\/deputados-do-p-sol-se-retiram-do-conselho-de-etica-e-decoro-parlamentar\/#article\",\"isPartOf\":{\"@id\":\"https:\/\/psol50.org.br\/deputados-do-p-sol-se-retiram-do-conselho-de-etica-e-decoro-parlamentar\/\"},\"author\":{\"name\":\"Comunica\u00e7\u00e3o PSOL\",\"@id\":\"https:\/\/psol50.org.br\/#\/schema\/person\/475dfa57d0b815993c714c2e96491fcd\"},\"headline\":\"Deputados do P-SOL se retiram do Conselho de \u00c9tica e Decoro Parlamentar\",\"datePublished\":\"2006-04-06T00:00:00+00:00\",\"mainEntityOfPage\":{\"@id\":\"https:\/\/psol50.org.br\/deputados-do-p-sol-se-retiram-do-conselho-de-etica-e-decoro-parlamentar\/\"},\"wordCount\":320,\"commentCount\":0,\"publisher\":{\"@id\":\"https:\/\/psol50.org.br\/#organization\"},\"articleSection\":[\"Arquivo\"],\"inLanguage\":\"pt-BR\",\"potentialAction\":[{\"@type\":\"CommentAction\",\"name\":\"Comment\",\"target\":[\"https:\/\/psol50.org.br\/deputados-do-p-sol-se-retiram-do-conselho-de-etica-e-decoro-parlamentar\/#respond\"]}]},{\"@type\":\"WebPage\",\"@id\":\"https:\/\/psol50.org.br\/deputados-do-p-sol-se-retiram-do-conselho-de-etica-e-decoro-parlamentar\/\",\"url\":\"https:\/\/psol50.org.br\/deputados-do-p-sol-se-retiram-do-conselho-de-etica-e-decoro-parlamentar\/\",\"name\":\"Deputados do P-SOL se retiram do Conselho de \u00c9tica e Decoro Parlamentar - PSOL 50\",\"isPartOf\":{\"@id\":\"https:\/\/psol50.org.br\/#website\"},\"datePublished\":\"2006-04-06T00:00:00+00:00\",\"breadcrumb\":{\"@id\":\"https:\/\/psol50.org.br\/deputados-do-p-sol-se-retiram-do-conselho-de-etica-e-decoro-parlamentar\/#breadcrumb\"},\"inLanguage\":\"pt-BR\",\"potentialAction\":[{\"@type\":\"ReadAction\",\"target\":[\"https:\/\/psol50.org.br\/deputados-do-p-sol-se-retiram-do-conselho-de-etica-e-decoro-parlamentar\/\"]}]},{\"@type\":\"BreadcrumbList\",\"@id\":\"https:\/\/psol50.org.br\/deputados-do-p-sol-se-retiram-do-conselho-de-etica-e-decoro-parlamentar\/#breadcrumb\",\"itemListElement\":[{\"@type\":\"ListItem\",\"position\":1,\"name\":\"In\u00edcio\",\"item\":\"https:\/\/psol50.org.br\/\"},{\"@type\":\"ListItem\",\"position\":2,\"name\":\"Deputados do P-SOL se retiram do Conselho de \u00c9tica e Decoro Parlamentar\"}]},{\"@type\":\"WebSite\",\"@id\":\"https:\/\/psol50.org.br\/#website\",\"url\":\"https:\/\/psol50.org.br\/\",\"name\":\"PSOL 50\",\"description\":\"Site oficial do Partido Socialismo e Liberdade\",\"publisher\":{\"@id\":\"https:\/\/psol50.org.br\/#organization\"},\"alternateName\":\"PSOL50\",\"potentialAction\":[{\"@type\":\"SearchAction\",\"target\":{\"@type\":\"EntryPoint\",\"urlTemplate\":\"https:\/\/psol50.org.br\/?s={search_term_string}\"},\"query-input\":{\"@type\":\"PropertyValueSpecification\",\"valueRequired\":true,\"valueName\":\"search_term_string\"}}],\"inLanguage\":\"pt-BR\"},{\"@type\":\"Organization\",\"@id\":\"https:\/\/psol50.org.br\/#organization\",\"name\":\"PSOL 50\",\"alternateName\":\"PSOL 50\",\"url\":\"https:\/\/psol50.org.br\/\",\"logo\":{\"@type\":\"ImageObject\",\"inLanguage\":\"pt-BR\",\"@id\":\"https:\/\/psol50.org.br\/#\/schema\/logo\/image\/\",\"url\":\"https:\/\/psol50.org.br\/inc\/uploads\/2018\/07\/capa.png\",\"contentUrl\":\"https:\/\/psol50.org.br\/inc\/uploads\/2018\/07\/capa.png\",\"width\":1350,\"height\":900,\"caption\":\"PSOL 50\"},\"image\":{\"@id\":\"https:\/\/psol50.org.br\/#\/schema\/logo\/image\/\"},\"sameAs\":[\"https:\/\/www.facebook.com\/psol50\",\"https:\/\/x.com\/psol50\",\"https:\/\/www.instagram.com\/psol50\/\",\"https:\/\/www.youtube.com\/channel\/UC7SnJS5o1os7a6CaiNabzcg\"]},{\"@type\":\"Person\",\"@id\":\"https:\/\/psol50.org.br\/#\/schema\/person\/475dfa57d0b815993c714c2e96491fcd\",\"name\":\"Comunica\u00e7\u00e3o PSOL\",\"image\":{\"@type\":\"ImageObject\",\"inLanguage\":\"pt-BR\",\"@id\":\"https:\/\/psol50.org.br\/#\/schema\/person\/image\/\",\"url\":\"https:\/\/secure.gravatar.com\/avatar\/b34fc4f4e468a4e51785917065a3db57b841f5c95dba6ad8c73aaf8f66f8f9bf?s=96&d=mm&r=g\",\"contentUrl\":\"https:\/\/secure.gravatar.com\/avatar\/b34fc4f4e468a4e51785917065a3db57b841f5c95dba6ad8c73aaf8f66f8f9bf?s=96&d=mm&r=g\",\"caption\":\"Comunica\u00e7\u00e3o PSOL\"}}]}<\/script>\n<!-- \/ Yoast SEO plugin. -->","yoast_head_json":{"title":"Deputados do P-SOL se retiram do Conselho de \u00c9tica e Decoro Parlamentar - PSOL 50","robots":{"index":"index","follow":"follow","max-snippet":"max-snippet:-1","max-image-preview":"max-image-preview:large","max-video-preview":"max-video-preview:-1"},"canonical":"https:\/\/psol50.org.br\/deputados-do-p-sol-se-retiram-do-conselho-de-etica-e-decoro-parlamentar\/","og_locale":"pt_BR","og_type":"article","og_title":"Deputados do P-SOL se retiram do Conselho de \u00c9tica e Decoro Parlamentar - PSOL 50","og_description":"Os deputados do P-SOL Chico Alencar (RJ) e Orlando Fantazzini (SP) deixaram o Conselho de \u00c9tica da C&acirc;mara dos Deputados em protesto pela forma como o Plen\u00e1rio vem, reiteradamente, rejeitando os relat\u00f3rios produzidos pelos parlamentares daquela inst&acirc;ncia. &ldquo;\u00c9 uma decis&atilde;o dr\u00e1stica, forte, dolorosa&rdquo;, disse Alencar.","og_url":"https:\/\/psol50.org.br\/deputados-do-p-sol-se-retiram-do-conselho-de-etica-e-decoro-parlamentar\/","og_site_name":"PSOL 50","article_publisher":"https:\/\/www.facebook.com\/psol50","article_published_time":"2006-04-06T00:00:00+00:00","og_image":[{"url":"images\/stories\/fotos\/060406pizza.jpg","type":"","width":"","height":""}],"author":"Comunica\u00e7\u00e3o PSOL","twitter_card":"summary_large_image","twitter_creator":"@psol50","twitter_site":"@psol50","twitter_misc":{"Escrito por":"Comunica\u00e7\u00e3o PSOL","Est. tempo de leitura":"2 minutos"},"schema":{"@context":"https:\/\/schema.org","@graph":[{"@type":"Article","@id":"https:\/\/psol50.org.br\/deputados-do-p-sol-se-retiram-do-conselho-de-etica-e-decoro-parlamentar\/#article","isPartOf":{"@id":"https:\/\/psol50.org.br\/deputados-do-p-sol-se-retiram-do-conselho-de-etica-e-decoro-parlamentar\/"},"author":{"name":"Comunica\u00e7\u00e3o PSOL","@id":"https:\/\/psol50.org.br\/#\/schema\/person\/475dfa57d0b815993c714c2e96491fcd"},"headline":"Deputados do P-SOL se retiram do Conselho de \u00c9tica e Decoro Parlamentar","datePublished":"2006-04-06T00:00:00+00:00","mainEntityOfPage":{"@id":"https:\/\/psol50.org.br\/deputados-do-p-sol-se-retiram-do-conselho-de-etica-e-decoro-parlamentar\/"},"wordCount":320,"commentCount":0,"publisher":{"@id":"https:\/\/psol50.org.br\/#organization"},"articleSection":["Arquivo"],"inLanguage":"pt-BR","potentialAction":[{"@type":"CommentAction","name":"Comment","target":["https:\/\/psol50.org.br\/deputados-do-p-sol-se-retiram-do-conselho-de-etica-e-decoro-parlamentar\/#respond"]}]},{"@type":"WebPage","@id":"https:\/\/psol50.org.br\/deputados-do-p-sol-se-retiram-do-conselho-de-etica-e-decoro-parlamentar\/","url":"https:\/\/psol50.org.br\/deputados-do-p-sol-se-retiram-do-conselho-de-etica-e-decoro-parlamentar\/","name":"Deputados do P-SOL se retiram do Conselho de \u00c9tica e Decoro Parlamentar - PSOL 50","isPartOf":{"@id":"https:\/\/psol50.org.br\/#website"},"datePublished":"2006-04-06T00:00:00+00:00","breadcrumb":{"@id":"https:\/\/psol50.org.br\/deputados-do-p-sol-se-retiram-do-conselho-de-etica-e-decoro-parlamentar\/#breadcrumb"},"inLanguage":"pt-BR","potentialAction":[{"@type":"ReadAction","target":["https:\/\/psol50.org.br\/deputados-do-p-sol-se-retiram-do-conselho-de-etica-e-decoro-parlamentar\/"]}]},{"@type":"BreadcrumbList","@id":"https:\/\/psol50.org.br\/deputados-do-p-sol-se-retiram-do-conselho-de-etica-e-decoro-parlamentar\/#breadcrumb","itemListElement":[{"@type":"ListItem","position":1,"name":"In\u00edcio","item":"https:\/\/psol50.org.br\/"},{"@type":"ListItem","position":2,"name":"Deputados do P-SOL se retiram do Conselho de \u00c9tica e Decoro Parlamentar"}]},{"@type":"WebSite","@id":"https:\/\/psol50.org.br\/#website","url":"https:\/\/psol50.org.br\/","name":"PSOL 50","description":"Site oficial do Partido Socialismo e Liberdade","publisher":{"@id":"https:\/\/psol50.org.br\/#organization"},"alternateName":"PSOL50","potentialAction":[{"@type":"SearchAction","target":{"@type":"EntryPoint","urlTemplate":"https:\/\/psol50.org.br\/?s={search_term_string}"},"query-input":{"@type":"PropertyValueSpecification","valueRequired":true,"valueName":"search_term_string"}}],"inLanguage":"pt-BR"},{"@type":"Organization","@id":"https:\/\/psol50.org.br\/#organization","name":"PSOL 50","alternateName":"PSOL 50","url":"https:\/\/psol50.org.br\/","logo":{"@type":"ImageObject","inLanguage":"pt-BR","@id":"https:\/\/psol50.org.br\/#\/schema\/logo\/image\/","url":"https:\/\/psol50.org.br\/inc\/uploads\/2018\/07\/capa.png","contentUrl":"https:\/\/psol50.org.br\/inc\/uploads\/2018\/07\/capa.png","width":1350,"height":900,"caption":"PSOL 50"},"image":{"@id":"https:\/\/psol50.org.br\/#\/schema\/logo\/image\/"},"sameAs":["https:\/\/www.facebook.com\/psol50","https:\/\/x.com\/psol50","https:\/\/www.instagram.com\/psol50\/","https:\/\/www.youtube.com\/channel\/UC7SnJS5o1os7a6CaiNabzcg"]},{"@type":"Person","@id":"https:\/\/psol50.org.br\/#\/schema\/person\/475dfa57d0b815993c714c2e96491fcd","name":"Comunica\u00e7\u00e3o PSOL","image":{"@type":"ImageObject","inLanguage":"pt-BR","@id":"https:\/\/psol50.org.br\/#\/schema\/person\/image\/","url":"https:\/\/secure.gravatar.com\/avatar\/b34fc4f4e468a4e51785917065a3db57b841f5c95dba6ad8c73aaf8f66f8f9bf?s=96&d=mm&r=g","contentUrl":"https:\/\/secure.gravatar.com\/avatar\/b34fc4f4e468a4e51785917065a3db57b841f5c95dba6ad8c73aaf8f66f8f9bf?s=96&d=mm&r=g","caption":"Comunica\u00e7\u00e3o PSOL"}}]}},"_links":{"self":[{"href":"https:\/\/psol50.org.br\/rest\/wp\/v2\/posts\/1118","targetHints":{"allow":["GET"]}}],"collection":[{"href":"https:\/\/psol50.org.br\/rest\/wp\/v2\/posts"}],"about":[{"href":"https:\/\/psol50.org.br\/rest\/wp\/v2\/types\/post"}],"author":[{"embeddable":true,"href":"https:\/\/psol50.org.br\/rest\/wp\/v2\/users\/2"}],"replies":[{"embeddable":true,"href":"https:\/\/psol50.org.br\/rest\/wp\/v2\/comments?post=1118"}],"version-history":[{"count":0,"href":"https:\/\/psol50.org.br\/rest\/wp\/v2\/posts\/1118\/revisions"}],"wp:attachment":[{"href":"https:\/\/psol50.org.br\/rest\/wp\/v2\/media?parent=1118"}],"wp:term":[{"taxonomy":"category","embeddable":true,"href":"https:\/\/psol50.org.br\/rest\/wp\/v2\/categories?post=1118"},{"taxonomy":"post_tag","embeddable":true,"href":"https:\/\/psol50.org.br\/rest\/wp\/v2\/tags?post=1118"}],"curies":[{"name":"wp","href":"https:\/\/api.w.org\/{rel}","templated":true}]}}