{"id":11186,"date":"2016-02-04T20:06:19","date_gmt":"2016-02-04T20:06:19","guid":{"rendered":"http:\/\/www.psol50.org.br\/?p=11186"},"modified":"2016-02-04T20:06:19","modified_gmt":"2016-02-04T20:06:19","slug":"ivan-valente-e-o-novo-lider-do-psol-na-camara-federal","status":"publish","type":"post","link":"https:\/\/psol50.org.br\/ivan-valente-e-o-novo-lider-do-psol-na-camara-federal\/","title":{"rendered":"Ivan Valente \u00e9 o novo l\u00edder do PSOL na C\u00e2mara Federal"},"content":{"rendered":"<p><em>Os deputados Chico Alencar e Glauber Braga assumem a vice-lideran\u00e7a<\/em><\/p>\n<p>O deputado Ivan Valente (SP) assume, a partir de hoje (4\/2), a lideran\u00e7a do PSOL na C\u00e2mara dos Deputados. Diante da crise pol\u00edtica que o pa\u00eds enfrenta, o parlamentar afirma que o PSOL, apesar de minorit\u00e1rio em n\u00fameros no Parlamento, \u00e9 o partido que tem proposta alternativa de pol\u00edtica econ\u00f4mica e mudan\u00e7a social para o pa\u00eds. &#8220;Existe hoje uma disputa de poder, mas sem diverg\u00eancia de projeto pol\u00edtico. O PSOL tem mostrado que \u00e9tica na pol\u00edtica passa por fazer e agir com coer\u00eancia, como foi nossa atua\u00e7\u00e3o na CPI da Petrobras&#8221;, ressaltou.<\/p>\n<p>Ivan Valente est\u00e1 em seu sexto mandato como deputado federal, tendo sido eleito com quase 170 mil votos. Sua atua\u00e7\u00e3o coerente e combativa foi destaque na \u00faltima CPI da Petrobras. Para Valente, a Comiss\u00e3o terminou em \u201cpizza\u201d porque poupou, justamente, os pol\u00edticos indiciados por envolvimento no esc\u00e2ndalo, numa n\u00edtida a\u00e7\u00e3o de blindagem entre os partidos. &#8220;O PSOL teve papel fundamental nas investiga\u00e7\u00f5es da CPI. Desde o in\u00edcio, denunciamos a falta de transpar\u00eancia na contrata\u00e7\u00e3o da Kroll e tamb\u00e9m a blindagem feita pelos pol\u00edticos aos seus pares. O acord\u00e3o feito entre os partidos que s\u00e3o alvos das den\u00fancias como PMDB, PT e PSDB, para finalizar a Comiss\u00e3o sem convocar determinadas pessoas, deixou claro, esse jogo de interesses&#8221;, afirmou.<\/p>\n<p>Eleito, uma vez mais, um dos melhores deputados do pa\u00eds, de acordo com o Pr\u00eamio Congresso em Foco, Valente se destacou, no \u00faltimo ano, na categoria \u201cCombate \u00e0 corrup\u00e7\u00e3o\u201d. &#8220;O PSOL tamb\u00e9m \u00e9 o partido que, por ess\u00eancia, conseguiu mostrar que a raiz da corrup\u00e7\u00e3o no Brasil est\u00e1 no financiamento empresarial de campanhas.\u00a0As doa\u00e7\u00f5es eleitorais s\u00e3o, na verdade, uma forma de &#8216;legalizar&#8217; o dinheiro da propina. Por isso, votamos contra essa proposta de reforma antidemocr\u00e1tica&#8221;, explicou.<\/p>\n<p>Ivan Valente avalia que, assim como o ano passado, 2016 ser\u00e1 um ano de muita luta, visto que o pa\u00eds\u00a0passa por uma crise econ\u00f4mica, pol\u00edtica, social e moral e que manter a mesma pol\u00edtica econ\u00f4mica com o povo pagando a conta da crise agrava ainda mais a crise, assim como a perman\u00eancia de Eduardo Cunha na presid\u00eancia da C\u00e2mara. &#8220;As propostas apresentadas no pronunciamento da presidenta Dilma, durante a Sess\u00e3o Solene na abertura do ano legislativo, s\u00e3o respostas positivas ao mercado financeiro e contr\u00e1rias aos interesses do povo brasileiro. Al\u00e9m disso, a perman\u00eancia de Cunha na presid\u00eancia, com tantas den\u00fancias e provas de que ele se utiliza do poder de seu cargo para impedir o avan\u00e7o das investiga\u00e7\u00f5es, desmoraliza o Parlamento brasileiro&#8221;, disse.<\/p>\n<p><strong>Desafios<br \/>\n<\/strong>Os deputados Chico Alencar e Glauber Braga, ambos do Rio de Janeiro, ocupar\u00e3o a fun\u00e7\u00e3o de vice-l\u00edderes do partido em 2016.<\/p>\n<p>Chico Alencar \u00e9 deputado federal desde 2002 e seu mandato \u00e9 baseado na\u00a0defesa da participa\u00e7\u00e3o popular, dos direitos humanos, da transpar\u00eancia na administra\u00e7\u00e3o p\u00fablica, do equil\u00edbrio ecol\u00f3gico, da educa\u00e7\u00e3o de qualidade e no combate \u00e0 corrup\u00e7\u00e3o. Seu trabalho \u00e9 reconhecido pelo Departamento Intersindical de Assessoria Parlamentar (Diap), que desde 2005 coloca Chico entre os &#8220;100 parlamentares mais influentes do Congresso Nacional&#8221; e por pr\u00eamios como o do Congresso em Foco.<\/p>\n<p>&#8220;O desafio para o PSOL continua a ser o de trazer nitidez de propostas num ambiente antes progressista e, agora, bem mais conservador. Tamb\u00e9m \u00e9 cobrar \u00e9tica p\u00fablica num espa\u00e7o em que os corruptos juram inoc\u00eancia. \u00c9 continuar desafinando o coro dos contentes do sistema, sendo cr\u00edticos e propositivos&#8221;.<\/p>\n<p>Glauber Braga est\u00e1 na C\u00e2mara dos Deputados desde 2009, quando assumiu como suplente, e eleito nos pleitos seguintes. Um dos principais focos de seu mandato trata da cria\u00e7\u00e3o de mecanismos de preven\u00e7\u00e3o e mitiga\u00e7\u00e3o de calamidades, sendo autor do relat\u00f3rio que gerou a primeira Lei Nacional de Preven\u00e7\u00e3o e Resposta a Desastres Naturais (Estatuto da Prote\u00e7\u00e3o Civil), al\u00e9m da defesa por educa\u00e7\u00e3o de qualidade. Tamb\u00e9m se destaca na pesquisa do Diap e no pr\u00eamio Congresso em Foco.<\/p>\n<p>&#8220;Neste ano, temos o desafio de continuar a resist\u00eancia contra uma pauta conservadora, privatizante e autorit\u00e1ria que foi imposta ao Brasil pela C\u00e2mara dos Deputados. Al\u00e9m disso, temos que resistir ao uma tentativa de agenda econ\u00f4mica que aprofunda a defesa dos interesses das grandes fortunas nacionais e dos banqueiros em detrimento do conjunto de trabalhadores e da classe m\u00e9dia. \u00c9 tempo de fortalecer ainda mais a rela\u00e7\u00e3o do PSOL com a sociedade civil e com os movimentos sociais organizados para avan\u00e7ar com uma agenda que garanta os direitos de todos&#8221;.<\/p>\n<p>Confira, no v\u00eddeo abaixo, o pronunciamento do deputado Ivan Valente no Grande Expediente na sess\u00e3o desta quarta-feira (03\/02).<\/p>\n<div class=\"youtube-embed\" data-video_id=\"pXd9coSB38E\"><iframe loading=\"lazy\" title=\"&quot;Existe uma disputa de poder sem disputa de projeto pol\u00edtico&quot;\" width=\"696\" height=\"522\" src=\"https:\/\/www.youtube.com\/embed\/pXd9coSB38E?feature=oembed&#038;enablejsapi=1\" frameborder=\"0\" allow=\"accelerometer; autoplay; clipboard-write; encrypted-media; gyroscope; picture-in-picture\" allowfullscreen><\/iframe><\/div>\n<p>&nbsp;<\/p>\n<p>Fonte: <em>Lideran\u00e7a do PSOL na C\u00e2mara<\/em><\/p>\n","protected":false},"excerpt":{"rendered":"<p>Os deputados Chico Alencar e Glauber Braga assumem a vice-lideran\u00e7a O deputado Ivan Valente (SP) assume, a partir de hoje (4\/2), a lideran\u00e7a do PSOL na C\u00e2mara dos Deputados. Diante da crise pol\u00edtica que o pa\u00eds enfrenta, o parlamentar afirma que o PSOL, apesar de minorit\u00e1rio em n\u00fameros no Parlamento, \u00e9 o partido que tem [&hellip;]<\/p>\n","protected":false},"author":2,"featured_media":11187,"comment_status":"open","ping_status":"open","sticky":false,"template":"","format":"standard","meta":{"_acf_changed":false,"footnotes":""},"categories":[10,1882,6,14],"tags":[1680,3955,1191,552,3009],"class_list":{"0":"post-11186","1":"post","2":"type-post","3":"status-publish","4":"format-standard","5":"has-post-thumbnail","7":"category-acao-parlamentares","8":"category-brasil","9":"category-noticias","10":"category-partido","11":"tag-chico-alencar","12":"tag-cpi-da-petrobras","13":"tag-glauber-braga","14":"tag-ivan-valente","15":"tag-lider-do-psol"},"acf":[],"yoast_head":"<!-- This site is optimized with the Yoast SEO plugin v26.5 - https:\/\/yoast.com\/wordpress\/plugins\/seo\/ -->\n<title>Ivan Valente \u00e9 o novo l\u00edder do PSOL na C\u00e2mara Federal - PSOL 50<\/title>\n<meta name=\"robots\" content=\"index, follow, max-snippet:-1, max-image-preview:large, max-video-preview:-1\" \/>\n<link rel=\"canonical\" href=\"https:\/\/psol50.org.br\/ivan-valente-e-o-novo-lider-do-psol-na-camara-federal\/\" \/>\n<meta property=\"og:locale\" content=\"pt_BR\" \/>\n<meta property=\"og:type\" content=\"article\" \/>\n<meta property=\"og:title\" content=\"Ivan Valente \u00e9 o novo l\u00edder do PSOL na C\u00e2mara Federal - PSOL 50\" \/>\n<meta property=\"og:description\" content=\"Os deputados Chico Alencar e Glauber Braga assumem a vice-lideran\u00e7a O deputado Ivan Valente (SP) assume, a partir de hoje (4\/2), a lideran\u00e7a do PSOL na C\u00e2mara dos Deputados. Diante da crise pol\u00edtica que o pa\u00eds enfrenta, o parlamentar afirma que o PSOL, apesar de minorit\u00e1rio em n\u00fameros no Parlamento, \u00e9 o partido que tem [&hellip;]\" \/>\n<meta property=\"og:url\" content=\"https:\/\/psol50.org.br\/ivan-valente-e-o-novo-lider-do-psol-na-camara-federal\/\" \/>\n<meta property=\"og:site_name\" content=\"PSOL 50\" \/>\n<meta property=\"article:publisher\" content=\"https:\/\/www.facebook.com\/psol50\" \/>\n<meta property=\"article:published_time\" content=\"2016-02-04T20:06:19+00:00\" \/>\n<meta property=\"og:image\" content=\"https:\/\/psol50.org.br\/inc\/uploads\/2018\/07\/capa.png\" \/>\n\t<meta property=\"og:image:width\" content=\"1350\" \/>\n\t<meta property=\"og:image:height\" content=\"900\" \/>\n\t<meta property=\"og:image:type\" content=\"image\/png\" \/>\n<meta name=\"author\" content=\"Comunica\u00e7\u00e3o PSOL\" \/>\n<meta name=\"twitter:card\" content=\"summary_large_image\" \/>\n<meta name=\"twitter:creator\" content=\"@psol50\" \/>\n<meta name=\"twitter:site\" content=\"@psol50\" \/>\n<meta name=\"twitter:label1\" content=\"Escrito por\" \/>\n\t<meta name=\"twitter:data1\" content=\"Comunica\u00e7\u00e3o PSOL\" \/>\n\t<meta name=\"twitter:label2\" content=\"Est. tempo de leitura\" \/>\n\t<meta name=\"twitter:data2\" content=\"4 minutos\" \/>\n<script type=\"application\/ld+json\" class=\"yoast-schema-graph\">{\"@context\":\"https:\/\/schema.org\",\"@graph\":[{\"@type\":\"Article\",\"@id\":\"https:\/\/psol50.org.br\/ivan-valente-e-o-novo-lider-do-psol-na-camara-federal\/#article\",\"isPartOf\":{\"@id\":\"https:\/\/psol50.org.br\/ivan-valente-e-o-novo-lider-do-psol-na-camara-federal\/\"},\"author\":{\"name\":\"Comunica\u00e7\u00e3o PSOL\",\"@id\":\"https:\/\/psol50.org.br\/#\/schema\/person\/475dfa57d0b815993c714c2e96491fcd\"},\"headline\":\"Ivan Valente \u00e9 o novo l\u00edder do PSOL na C\u00e2mara Federal\",\"datePublished\":\"2016-02-04T20:06:19+00:00\",\"mainEntityOfPage\":{\"@id\":\"https:\/\/psol50.org.br\/ivan-valente-e-o-novo-lider-do-psol-na-camara-federal\/\"},\"wordCount\":856,\"commentCount\":0,\"publisher\":{\"@id\":\"https:\/\/psol50.org.br\/#organization\"},\"image\":{\"@id\":\"https:\/\/psol50.org.br\/ivan-valente-e-o-novo-lider-do-psol-na-camara-federal\/#primaryimage\"},\"thumbnailUrl\":\"\",\"keywords\":[\"Chico Alencar\",\"CPI da Petrobras\",\"Glauber Braga\",\"Ivan Valente\",\"l\u00edder do PSOL\"],\"articleSection\":[\"A\u00e7\u00e3o Parlamentar\",\"Brasil\",\"Not\u00edcias\",\"Partido\"],\"inLanguage\":\"pt-BR\",\"potentialAction\":[{\"@type\":\"CommentAction\",\"name\":\"Comment\",\"target\":[\"https:\/\/psol50.org.br\/ivan-valente-e-o-novo-lider-do-psol-na-camara-federal\/#respond\"]}]},{\"@type\":\"WebPage\",\"@id\":\"https:\/\/psol50.org.br\/ivan-valente-e-o-novo-lider-do-psol-na-camara-federal\/\",\"url\":\"https:\/\/psol50.org.br\/ivan-valente-e-o-novo-lider-do-psol-na-camara-federal\/\",\"name\":\"Ivan Valente \u00e9 o novo l\u00edder do PSOL na C\u00e2mara Federal - PSOL 50\",\"isPartOf\":{\"@id\":\"https:\/\/psol50.org.br\/#website\"},\"primaryImageOfPage\":{\"@id\":\"https:\/\/psol50.org.br\/ivan-valente-e-o-novo-lider-do-psol-na-camara-federal\/#primaryimage\"},\"image\":{\"@id\":\"https:\/\/psol50.org.br\/ivan-valente-e-o-novo-lider-do-psol-na-camara-federal\/#primaryimage\"},\"thumbnailUrl\":\"\",\"datePublished\":\"2016-02-04T20:06:19+00:00\",\"breadcrumb\":{\"@id\":\"https:\/\/psol50.org.br\/ivan-valente-e-o-novo-lider-do-psol-na-camara-federal\/#breadcrumb\"},\"inLanguage\":\"pt-BR\",\"potentialAction\":[{\"@type\":\"ReadAction\",\"target\":[\"https:\/\/psol50.org.br\/ivan-valente-e-o-novo-lider-do-psol-na-camara-federal\/\"]}]},{\"@type\":\"ImageObject\",\"inLanguage\":\"pt-BR\",\"@id\":\"https:\/\/psol50.org.br\/ivan-valente-e-o-novo-lider-do-psol-na-camara-federal\/#primaryimage\",\"url\":\"\",\"contentUrl\":\"\"},{\"@type\":\"BreadcrumbList\",\"@id\":\"https:\/\/psol50.org.br\/ivan-valente-e-o-novo-lider-do-psol-na-camara-federal\/#breadcrumb\",\"itemListElement\":[{\"@type\":\"ListItem\",\"position\":1,\"name\":\"In\u00edcio\",\"item\":\"https:\/\/psol50.org.br\/\"},{\"@type\":\"ListItem\",\"position\":2,\"name\":\"Ivan Valente \u00e9 o novo l\u00edder do PSOL na C\u00e2mara Federal\"}]},{\"@type\":\"WebSite\",\"@id\":\"https:\/\/psol50.org.br\/#website\",\"url\":\"https:\/\/psol50.org.br\/\",\"name\":\"PSOL 50\",\"description\":\"Site oficial do Partido Socialismo e Liberdade\",\"publisher\":{\"@id\":\"https:\/\/psol50.org.br\/#organization\"},\"alternateName\":\"PSOL50\",\"potentialAction\":[{\"@type\":\"SearchAction\",\"target\":{\"@type\":\"EntryPoint\",\"urlTemplate\":\"https:\/\/psol50.org.br\/?s={search_term_string}\"},\"query-input\":{\"@type\":\"PropertyValueSpecification\",\"valueRequired\":true,\"valueName\":\"search_term_string\"}}],\"inLanguage\":\"pt-BR\"},{\"@type\":\"Organization\",\"@id\":\"https:\/\/psol50.org.br\/#organization\",\"name\":\"PSOL 50\",\"alternateName\":\"PSOL 50\",\"url\":\"https:\/\/psol50.org.br\/\",\"logo\":{\"@type\":\"ImageObject\",\"inLanguage\":\"pt-BR\",\"@id\":\"https:\/\/psol50.org.br\/#\/schema\/logo\/image\/\",\"url\":\"https:\/\/psol50.org.br\/inc\/uploads\/2018\/07\/capa.png\",\"contentUrl\":\"https:\/\/psol50.org.br\/inc\/uploads\/2018\/07\/capa.png\",\"width\":1350,\"height\":900,\"caption\":\"PSOL 50\"},\"image\":{\"@id\":\"https:\/\/psol50.org.br\/#\/schema\/logo\/image\/\"},\"sameAs\":[\"https:\/\/www.facebook.com\/psol50\",\"https:\/\/x.com\/psol50\",\"https:\/\/www.instagram.com\/psol50\/\",\"https:\/\/www.youtube.com\/channel\/UC7SnJS5o1os7a6CaiNabzcg\"]},{\"@type\":\"Person\",\"@id\":\"https:\/\/psol50.org.br\/#\/schema\/person\/475dfa57d0b815993c714c2e96491fcd\",\"name\":\"Comunica\u00e7\u00e3o PSOL\",\"image\":{\"@type\":\"ImageObject\",\"inLanguage\":\"pt-BR\",\"@id\":\"https:\/\/psol50.org.br\/#\/schema\/person\/image\/\",\"url\":\"https:\/\/secure.gravatar.com\/avatar\/b34fc4f4e468a4e51785917065a3db57b841f5c95dba6ad8c73aaf8f66f8f9bf?s=96&d=mm&r=g\",\"contentUrl\":\"https:\/\/secure.gravatar.com\/avatar\/b34fc4f4e468a4e51785917065a3db57b841f5c95dba6ad8c73aaf8f66f8f9bf?s=96&d=mm&r=g\",\"caption\":\"Comunica\u00e7\u00e3o PSOL\"}}]}<\/script>\n<!-- \/ Yoast SEO plugin. -->","yoast_head_json":{"title":"Ivan Valente \u00e9 o novo l\u00edder do PSOL na C\u00e2mara Federal - PSOL 50","robots":{"index":"index","follow":"follow","max-snippet":"max-snippet:-1","max-image-preview":"max-image-preview:large","max-video-preview":"max-video-preview:-1"},"canonical":"https:\/\/psol50.org.br\/ivan-valente-e-o-novo-lider-do-psol-na-camara-federal\/","og_locale":"pt_BR","og_type":"article","og_title":"Ivan Valente \u00e9 o novo l\u00edder do PSOL na C\u00e2mara Federal - PSOL 50","og_description":"Os deputados Chico Alencar e Glauber Braga assumem a vice-lideran\u00e7a O deputado Ivan Valente (SP) assume, a partir de hoje (4\/2), a lideran\u00e7a do PSOL na C\u00e2mara dos Deputados. Diante da crise pol\u00edtica que o pa\u00eds enfrenta, o parlamentar afirma que o PSOL, apesar de minorit\u00e1rio em n\u00fameros no Parlamento, \u00e9 o partido que tem [&hellip;]","og_url":"https:\/\/psol50.org.br\/ivan-valente-e-o-novo-lider-do-psol-na-camara-federal\/","og_site_name":"PSOL 50","article_publisher":"https:\/\/www.facebook.com\/psol50","article_published_time":"2016-02-04T20:06:19+00:00","og_image":[{"width":1350,"height":900,"url":"https:\/\/psol50.org.br\/inc\/uploads\/2018\/07\/capa.png","type":"image\/png"}],"author":"Comunica\u00e7\u00e3o PSOL","twitter_card":"summary_large_image","twitter_creator":"@psol50","twitter_site":"@psol50","twitter_misc":{"Escrito por":"Comunica\u00e7\u00e3o PSOL","Est. tempo de leitura":"4 minutos"},"schema":{"@context":"https:\/\/schema.org","@graph":[{"@type":"Article","@id":"https:\/\/psol50.org.br\/ivan-valente-e-o-novo-lider-do-psol-na-camara-federal\/#article","isPartOf":{"@id":"https:\/\/psol50.org.br\/ivan-valente-e-o-novo-lider-do-psol-na-camara-federal\/"},"author":{"name":"Comunica\u00e7\u00e3o PSOL","@id":"https:\/\/psol50.org.br\/#\/schema\/person\/475dfa57d0b815993c714c2e96491fcd"},"headline":"Ivan Valente \u00e9 o novo l\u00edder do PSOL na C\u00e2mara Federal","datePublished":"2016-02-04T20:06:19+00:00","mainEntityOfPage":{"@id":"https:\/\/psol50.org.br\/ivan-valente-e-o-novo-lider-do-psol-na-camara-federal\/"},"wordCount":856,"commentCount":0,"publisher":{"@id":"https:\/\/psol50.org.br\/#organization"},"image":{"@id":"https:\/\/psol50.org.br\/ivan-valente-e-o-novo-lider-do-psol-na-camara-federal\/#primaryimage"},"thumbnailUrl":"","keywords":["Chico Alencar","CPI da Petrobras","Glauber Braga","Ivan Valente","l\u00edder do PSOL"],"articleSection":["A\u00e7\u00e3o Parlamentar","Brasil","Not\u00edcias","Partido"],"inLanguage":"pt-BR","potentialAction":[{"@type":"CommentAction","name":"Comment","target":["https:\/\/psol50.org.br\/ivan-valente-e-o-novo-lider-do-psol-na-camara-federal\/#respond"]}]},{"@type":"WebPage","@id":"https:\/\/psol50.org.br\/ivan-valente-e-o-novo-lider-do-psol-na-camara-federal\/","url":"https:\/\/psol50.org.br\/ivan-valente-e-o-novo-lider-do-psol-na-camara-federal\/","name":"Ivan Valente \u00e9 o novo l\u00edder do PSOL na C\u00e2mara Federal - PSOL 50","isPartOf":{"@id":"https:\/\/psol50.org.br\/#website"},"primaryImageOfPage":{"@id":"https:\/\/psol50.org.br\/ivan-valente-e-o-novo-lider-do-psol-na-camara-federal\/#primaryimage"},"image":{"@id":"https:\/\/psol50.org.br\/ivan-valente-e-o-novo-lider-do-psol-na-camara-federal\/#primaryimage"},"thumbnailUrl":"","datePublished":"2016-02-04T20:06:19+00:00","breadcrumb":{"@id":"https:\/\/psol50.org.br\/ivan-valente-e-o-novo-lider-do-psol-na-camara-federal\/#breadcrumb"},"inLanguage":"pt-BR","potentialAction":[{"@type":"ReadAction","target":["https:\/\/psol50.org.br\/ivan-valente-e-o-novo-lider-do-psol-na-camara-federal\/"]}]},{"@type":"ImageObject","inLanguage":"pt-BR","@id":"https:\/\/psol50.org.br\/ivan-valente-e-o-novo-lider-do-psol-na-camara-federal\/#primaryimage","url":"","contentUrl":""},{"@type":"BreadcrumbList","@id":"https:\/\/psol50.org.br\/ivan-valente-e-o-novo-lider-do-psol-na-camara-federal\/#breadcrumb","itemListElement":[{"@type":"ListItem","position":1,"name":"In\u00edcio","item":"https:\/\/psol50.org.br\/"},{"@type":"ListItem","position":2,"name":"Ivan Valente \u00e9 o novo l\u00edder do PSOL na C\u00e2mara Federal"}]},{"@type":"WebSite","@id":"https:\/\/psol50.org.br\/#website","url":"https:\/\/psol50.org.br\/","name":"PSOL 50","description":"Site oficial do Partido Socialismo e Liberdade","publisher":{"@id":"https:\/\/psol50.org.br\/#organization"},"alternateName":"PSOL50","potentialAction":[{"@type":"SearchAction","target":{"@type":"EntryPoint","urlTemplate":"https:\/\/psol50.org.br\/?s={search_term_string}"},"query-input":{"@type":"PropertyValueSpecification","valueRequired":true,"valueName":"search_term_string"}}],"inLanguage":"pt-BR"},{"@type":"Organization","@id":"https:\/\/psol50.org.br\/#organization","name":"PSOL 50","alternateName":"PSOL 50","url":"https:\/\/psol50.org.br\/","logo":{"@type":"ImageObject","inLanguage":"pt-BR","@id":"https:\/\/psol50.org.br\/#\/schema\/logo\/image\/","url":"https:\/\/psol50.org.br\/inc\/uploads\/2018\/07\/capa.png","contentUrl":"https:\/\/psol50.org.br\/inc\/uploads\/2018\/07\/capa.png","width":1350,"height":900,"caption":"PSOL 50"},"image":{"@id":"https:\/\/psol50.org.br\/#\/schema\/logo\/image\/"},"sameAs":["https:\/\/www.facebook.com\/psol50","https:\/\/x.com\/psol50","https:\/\/www.instagram.com\/psol50\/","https:\/\/www.youtube.com\/channel\/UC7SnJS5o1os7a6CaiNabzcg"]},{"@type":"Person","@id":"https:\/\/psol50.org.br\/#\/schema\/person\/475dfa57d0b815993c714c2e96491fcd","name":"Comunica\u00e7\u00e3o PSOL","image":{"@type":"ImageObject","inLanguage":"pt-BR","@id":"https:\/\/psol50.org.br\/#\/schema\/person\/image\/","url":"https:\/\/secure.gravatar.com\/avatar\/b34fc4f4e468a4e51785917065a3db57b841f5c95dba6ad8c73aaf8f66f8f9bf?s=96&d=mm&r=g","contentUrl":"https:\/\/secure.gravatar.com\/avatar\/b34fc4f4e468a4e51785917065a3db57b841f5c95dba6ad8c73aaf8f66f8f9bf?s=96&d=mm&r=g","caption":"Comunica\u00e7\u00e3o PSOL"}}]}},"_links":{"self":[{"href":"https:\/\/psol50.org.br\/rest\/wp\/v2\/posts\/11186","targetHints":{"allow":["GET"]}}],"collection":[{"href":"https:\/\/psol50.org.br\/rest\/wp\/v2\/posts"}],"about":[{"href":"https:\/\/psol50.org.br\/rest\/wp\/v2\/types\/post"}],"author":[{"embeddable":true,"href":"https:\/\/psol50.org.br\/rest\/wp\/v2\/users\/2"}],"replies":[{"embeddable":true,"href":"https:\/\/psol50.org.br\/rest\/wp\/v2\/comments?post=11186"}],"version-history":[{"count":0,"href":"https:\/\/psol50.org.br\/rest\/wp\/v2\/posts\/11186\/revisions"}],"wp:featuredmedia":[{"embeddable":true,"href":"https:\/\/psol50.org.br\/rest\/"}],"wp:attachment":[{"href":"https:\/\/psol50.org.br\/rest\/wp\/v2\/media?parent=11186"}],"wp:term":[{"taxonomy":"category","embeddable":true,"href":"https:\/\/psol50.org.br\/rest\/wp\/v2\/categories?post=11186"},{"taxonomy":"post_tag","embeddable":true,"href":"https:\/\/psol50.org.br\/rest\/wp\/v2\/tags?post=11186"}],"curies":[{"name":"wp","href":"https:\/\/api.w.org\/{rel}","templated":true}]}}