{"id":11189,"date":"2016-02-04T20:28:11","date_gmt":"2016-02-04T20:28:11","guid":{"rendered":"http:\/\/www.psol50.org.br\/?p=11189"},"modified":"2016-02-04T20:28:11","modified_gmt":"2016-02-04T20:28:11","slug":"unesp-outorga-titulo-honoris-causa-a-plinio-de-arruda-sampaio","status":"publish","type":"post","link":"https:\/\/psol50.org.br\/unesp-outorga-titulo-honoris-causa-a-plinio-de-arruda-sampaio\/","title":{"rendered":"Unesp outorga t\u00edtulo Honoris Causa a Pl\u00ednio de Arruda Sampaio"},"content":{"rendered":"<p><span style=\"font-size: 12px;\"><em>Da\u00a0<a href=\"http:\/\/www.mst.org.br\/2016\/02\/03\/unesp-outorga-honoris-causa-a-plinio-de-arruda-sampaio.html\">P\u00e1gina do MST<\/a><\/em><\/span><\/p>\n<p>Em sess\u00e3o solene do Conselho Universit\u00e1rio da Universidade Estadual Paulista e da Congrega\u00e7\u00e3o da Faculdade de Filosofia e Ci\u00eancias (FFC), no Campus de Marilia, Plinio Soares de Arruda Sampaio recebeu a outorga, in memoriam, do t\u00edtulo de Doutor Honoris Causa.<\/p>\n<p>A outorga, que aconteceu no dia\u00a09 de dezembro do ano passado,\u00a0deveu-se \u00e0 atua\u00e7\u00e3o do professor &#8220;em prol dos direitos humanos, da justi\u00e7a social e do melhor entendimento entre os povos.&#8221; Durante a cerim\u00f4nia, a pr\u00f3-reitora de Extens\u00e3o, Mari\u00e2ngela Fujita, representou o reitor Julio Cezar Durigan.<\/p>\n<p>Na ocasi\u00e3o, a vi\u00fava Marietta de Arruda Sampaio recebeu o diploma e a placa de homenagem das m\u00e3os dos professores Jos\u00e9 Carlos Miguel e Marcelo Tavella Navega, diretor e vice-diretor da FFC, respectivamente.<\/p>\n<p>A Comiss\u00e3o de Honra condutora da vi\u00fava foi constitu\u00edda por Mirian Cl\u00e1udia Louren\u00e7\u00e3o Simonetti, tamb\u00e9m da FFC e do Territorial, e propositora da outorga; e Sonia Helena Guimar\u00e3es Moraes, da Associa\u00e7\u00e3o Brasileira de Reforma Agr\u00e1ria.<\/p>\n<h3><\/h3>\n","protected":false},"excerpt":{"rendered":"<p>Da\u00a0P\u00e1gina do MST Em sess\u00e3o solene do Conselho Universit\u00e1rio da Universidade Estadual Paulista e da Congrega\u00e7\u00e3o da Faculdade de Filosofia e Ci\u00eancias (FFC), no Campus de Marilia, Plinio Soares de Arruda Sampaio recebeu a outorga, in memoriam, do t\u00edtulo de Doutor Honoris Causa. A outorga, que aconteceu no dia\u00a09 de dezembro do ano passado,\u00a0deveu-se \u00e0 [&hellip;]<\/p>\n","protected":false},"author":2,"featured_media":11190,"comment_status":"open","ping_status":"open","sticky":false,"template":"","format":"standard","meta":{"_acf_changed":false,"footnotes":""},"categories":[1882,6,14],"tags":[3965,3966,3967,3968],"class_list":{"0":"post-11189","1":"post","2":"type-post","3":"status-publish","4":"format-standard","5":"has-post-thumbnail","7":"category-brasil","8":"category-noticias","9":"category-partido","10":"tag-doutor-honoris-causa","11":"tag-marietta-de-arruda-sampaio","12":"tag-plinio-de-arruda-sampaio","13":"tag-universidade-estadual-paulista"},"acf":[],"yoast_head":"<!-- This site is optimized with the Yoast SEO plugin v26.5 - https:\/\/yoast.com\/wordpress\/plugins\/seo\/ -->\n<title>Unesp outorga t\u00edtulo Honoris Causa a Pl\u00ednio de Arruda Sampaio - PSOL 50<\/title>\n<meta name=\"robots\" content=\"index, follow, max-snippet:-1, max-image-preview:large, max-video-preview:-1\" \/>\n<link rel=\"canonical\" href=\"https:\/\/psol50.org.br\/unesp-outorga-titulo-honoris-causa-a-plinio-de-arruda-sampaio\/\" \/>\n<meta property=\"og:locale\" content=\"pt_BR\" \/>\n<meta property=\"og:type\" content=\"article\" \/>\n<meta property=\"og:title\" content=\"Unesp outorga t\u00edtulo Honoris Causa a Pl\u00ednio de Arruda Sampaio - PSOL 50\" \/>\n<meta property=\"og:description\" content=\"Da\u00a0P\u00e1gina do MST Em sess\u00e3o solene do Conselho Universit\u00e1rio da Universidade Estadual Paulista e da Congrega\u00e7\u00e3o da Faculdade de Filosofia e Ci\u00eancias (FFC), no Campus de Marilia, Plinio Soares de Arruda Sampaio recebeu a outorga, in memoriam, do t\u00edtulo de Doutor Honoris Causa. A outorga, que aconteceu no dia\u00a09 de dezembro do ano passado,\u00a0deveu-se \u00e0 [&hellip;]\" \/>\n<meta property=\"og:url\" content=\"https:\/\/psol50.org.br\/unesp-outorga-titulo-honoris-causa-a-plinio-de-arruda-sampaio\/\" \/>\n<meta property=\"og:site_name\" content=\"PSOL 50\" \/>\n<meta property=\"article:publisher\" content=\"https:\/\/www.facebook.com\/psol50\" \/>\n<meta property=\"article:published_time\" content=\"2016-02-04T20:28:11+00:00\" \/>\n<meta property=\"og:image\" content=\"https:\/\/psol50.org.br\/inc\/uploads\/2018\/07\/capa.png\" \/>\n\t<meta property=\"og:image:width\" content=\"1350\" \/>\n\t<meta property=\"og:image:height\" content=\"900\" \/>\n\t<meta property=\"og:image:type\" content=\"image\/png\" \/>\n<meta name=\"author\" content=\"Comunica\u00e7\u00e3o PSOL\" \/>\n<meta name=\"twitter:card\" content=\"summary_large_image\" \/>\n<meta name=\"twitter:creator\" content=\"@psol50\" \/>\n<meta name=\"twitter:site\" content=\"@psol50\" \/>\n<meta name=\"twitter:label1\" content=\"Escrito por\" \/>\n\t<meta name=\"twitter:data1\" content=\"Comunica\u00e7\u00e3o PSOL\" \/>\n\t<meta name=\"twitter:label2\" content=\"Est. tempo de leitura\" \/>\n\t<meta name=\"twitter:data2\" content=\"1 minuto\" \/>\n<script type=\"application\/ld+json\" class=\"yoast-schema-graph\">{\"@context\":\"https:\/\/schema.org\",\"@graph\":[{\"@type\":\"Article\",\"@id\":\"https:\/\/psol50.org.br\/unesp-outorga-titulo-honoris-causa-a-plinio-de-arruda-sampaio\/#article\",\"isPartOf\":{\"@id\":\"https:\/\/psol50.org.br\/unesp-outorga-titulo-honoris-causa-a-plinio-de-arruda-sampaio\/\"},\"author\":{\"name\":\"Comunica\u00e7\u00e3o PSOL\",\"@id\":\"https:\/\/psol50.org.br\/#\/schema\/person\/475dfa57d0b815993c714c2e96491fcd\"},\"headline\":\"Unesp outorga t\u00edtulo Honoris Causa a Pl\u00ednio de Arruda Sampaio\",\"datePublished\":\"2016-02-04T20:28:11+00:00\",\"mainEntityOfPage\":{\"@id\":\"https:\/\/psol50.org.br\/unesp-outorga-titulo-honoris-causa-a-plinio-de-arruda-sampaio\/\"},\"wordCount\":193,\"commentCount\":0,\"publisher\":{\"@id\":\"https:\/\/psol50.org.br\/#organization\"},\"image\":{\"@id\":\"https:\/\/psol50.org.br\/unesp-outorga-titulo-honoris-causa-a-plinio-de-arruda-sampaio\/#primaryimage\"},\"thumbnailUrl\":\"\",\"keywords\":[\"Doutor Honoris Causa\",\"Marietta de Arruda Sampaio\",\"Pl\u00ednio de Arruda Sampaio\",\"Universidade Estadual Paulista\"],\"articleSection\":[\"Brasil\",\"Not\u00edcias\",\"Partido\"],\"inLanguage\":\"pt-BR\",\"potentialAction\":[{\"@type\":\"CommentAction\",\"name\":\"Comment\",\"target\":[\"https:\/\/psol50.org.br\/unesp-outorga-titulo-honoris-causa-a-plinio-de-arruda-sampaio\/#respond\"]}]},{\"@type\":\"WebPage\",\"@id\":\"https:\/\/psol50.org.br\/unesp-outorga-titulo-honoris-causa-a-plinio-de-arruda-sampaio\/\",\"url\":\"https:\/\/psol50.org.br\/unesp-outorga-titulo-honoris-causa-a-plinio-de-arruda-sampaio\/\",\"name\":\"Unesp outorga t\u00edtulo Honoris Causa a Pl\u00ednio de Arruda Sampaio - PSOL 50\",\"isPartOf\":{\"@id\":\"https:\/\/psol50.org.br\/#website\"},\"primaryImageOfPage\":{\"@id\":\"https:\/\/psol50.org.br\/unesp-outorga-titulo-honoris-causa-a-plinio-de-arruda-sampaio\/#primaryimage\"},\"image\":{\"@id\":\"https:\/\/psol50.org.br\/unesp-outorga-titulo-honoris-causa-a-plinio-de-arruda-sampaio\/#primaryimage\"},\"thumbnailUrl\":\"\",\"datePublished\":\"2016-02-04T20:28:11+00:00\",\"breadcrumb\":{\"@id\":\"https:\/\/psol50.org.br\/unesp-outorga-titulo-honoris-causa-a-plinio-de-arruda-sampaio\/#breadcrumb\"},\"inLanguage\":\"pt-BR\",\"potentialAction\":[{\"@type\":\"ReadAction\",\"target\":[\"https:\/\/psol50.org.br\/unesp-outorga-titulo-honoris-causa-a-plinio-de-arruda-sampaio\/\"]}]},{\"@type\":\"ImageObject\",\"inLanguage\":\"pt-BR\",\"@id\":\"https:\/\/psol50.org.br\/unesp-outorga-titulo-honoris-causa-a-plinio-de-arruda-sampaio\/#primaryimage\",\"url\":\"\",\"contentUrl\":\"\"},{\"@type\":\"BreadcrumbList\",\"@id\":\"https:\/\/psol50.org.br\/unesp-outorga-titulo-honoris-causa-a-plinio-de-arruda-sampaio\/#breadcrumb\",\"itemListElement\":[{\"@type\":\"ListItem\",\"position\":1,\"name\":\"In\u00edcio\",\"item\":\"https:\/\/psol50.org.br\/\"},{\"@type\":\"ListItem\",\"position\":2,\"name\":\"Unesp outorga t\u00edtulo Honoris Causa a Pl\u00ednio de Arruda Sampaio\"}]},{\"@type\":\"WebSite\",\"@id\":\"https:\/\/psol50.org.br\/#website\",\"url\":\"https:\/\/psol50.org.br\/\",\"name\":\"PSOL 50\",\"description\":\"Site oficial do Partido Socialismo e Liberdade\",\"publisher\":{\"@id\":\"https:\/\/psol50.org.br\/#organization\"},\"alternateName\":\"PSOL50\",\"potentialAction\":[{\"@type\":\"SearchAction\",\"target\":{\"@type\":\"EntryPoint\",\"urlTemplate\":\"https:\/\/psol50.org.br\/?s={search_term_string}\"},\"query-input\":{\"@type\":\"PropertyValueSpecification\",\"valueRequired\":true,\"valueName\":\"search_term_string\"}}],\"inLanguage\":\"pt-BR\"},{\"@type\":\"Organization\",\"@id\":\"https:\/\/psol50.org.br\/#organization\",\"name\":\"PSOL 50\",\"alternateName\":\"PSOL 50\",\"url\":\"https:\/\/psol50.org.br\/\",\"logo\":{\"@type\":\"ImageObject\",\"inLanguage\":\"pt-BR\",\"@id\":\"https:\/\/psol50.org.br\/#\/schema\/logo\/image\/\",\"url\":\"https:\/\/psol50.org.br\/inc\/uploads\/2018\/07\/capa.png\",\"contentUrl\":\"https:\/\/psol50.org.br\/inc\/uploads\/2018\/07\/capa.png\",\"width\":1350,\"height\":900,\"caption\":\"PSOL 50\"},\"image\":{\"@id\":\"https:\/\/psol50.org.br\/#\/schema\/logo\/image\/\"},\"sameAs\":[\"https:\/\/www.facebook.com\/psol50\",\"https:\/\/x.com\/psol50\",\"https:\/\/www.instagram.com\/psol50\/\",\"https:\/\/www.youtube.com\/channel\/UC7SnJS5o1os7a6CaiNabzcg\"]},{\"@type\":\"Person\",\"@id\":\"https:\/\/psol50.org.br\/#\/schema\/person\/475dfa57d0b815993c714c2e96491fcd\",\"name\":\"Comunica\u00e7\u00e3o PSOL\",\"image\":{\"@type\":\"ImageObject\",\"inLanguage\":\"pt-BR\",\"@id\":\"https:\/\/psol50.org.br\/#\/schema\/person\/image\/\",\"url\":\"https:\/\/secure.gravatar.com\/avatar\/b34fc4f4e468a4e51785917065a3db57b841f5c95dba6ad8c73aaf8f66f8f9bf?s=96&d=mm&r=g\",\"contentUrl\":\"https:\/\/secure.gravatar.com\/avatar\/b34fc4f4e468a4e51785917065a3db57b841f5c95dba6ad8c73aaf8f66f8f9bf?s=96&d=mm&r=g\",\"caption\":\"Comunica\u00e7\u00e3o PSOL\"}}]}<\/script>\n<!-- \/ Yoast SEO plugin. -->","yoast_head_json":{"title":"Unesp outorga t\u00edtulo Honoris Causa a Pl\u00ednio de Arruda Sampaio - PSOL 50","robots":{"index":"index","follow":"follow","max-snippet":"max-snippet:-1","max-image-preview":"max-image-preview:large","max-video-preview":"max-video-preview:-1"},"canonical":"https:\/\/psol50.org.br\/unesp-outorga-titulo-honoris-causa-a-plinio-de-arruda-sampaio\/","og_locale":"pt_BR","og_type":"article","og_title":"Unesp outorga t\u00edtulo Honoris Causa a Pl\u00ednio de Arruda Sampaio - PSOL 50","og_description":"Da\u00a0P\u00e1gina do MST Em sess\u00e3o solene do Conselho Universit\u00e1rio da Universidade Estadual Paulista e da Congrega\u00e7\u00e3o da Faculdade de Filosofia e Ci\u00eancias (FFC), no Campus de Marilia, Plinio Soares de Arruda Sampaio recebeu a outorga, in memoriam, do t\u00edtulo de Doutor Honoris Causa. A outorga, que aconteceu no dia\u00a09 de dezembro do ano passado,\u00a0deveu-se \u00e0 [&hellip;]","og_url":"https:\/\/psol50.org.br\/unesp-outorga-titulo-honoris-causa-a-plinio-de-arruda-sampaio\/","og_site_name":"PSOL 50","article_publisher":"https:\/\/www.facebook.com\/psol50","article_published_time":"2016-02-04T20:28:11+00:00","og_image":[{"width":1350,"height":900,"url":"https:\/\/psol50.org.br\/inc\/uploads\/2018\/07\/capa.png","type":"image\/png"}],"author":"Comunica\u00e7\u00e3o PSOL","twitter_card":"summary_large_image","twitter_creator":"@psol50","twitter_site":"@psol50","twitter_misc":{"Escrito por":"Comunica\u00e7\u00e3o PSOL","Est. tempo de leitura":"1 minuto"},"schema":{"@context":"https:\/\/schema.org","@graph":[{"@type":"Article","@id":"https:\/\/psol50.org.br\/unesp-outorga-titulo-honoris-causa-a-plinio-de-arruda-sampaio\/#article","isPartOf":{"@id":"https:\/\/psol50.org.br\/unesp-outorga-titulo-honoris-causa-a-plinio-de-arruda-sampaio\/"},"author":{"name":"Comunica\u00e7\u00e3o PSOL","@id":"https:\/\/psol50.org.br\/#\/schema\/person\/475dfa57d0b815993c714c2e96491fcd"},"headline":"Unesp outorga t\u00edtulo Honoris Causa a Pl\u00ednio de Arruda Sampaio","datePublished":"2016-02-04T20:28:11+00:00","mainEntityOfPage":{"@id":"https:\/\/psol50.org.br\/unesp-outorga-titulo-honoris-causa-a-plinio-de-arruda-sampaio\/"},"wordCount":193,"commentCount":0,"publisher":{"@id":"https:\/\/psol50.org.br\/#organization"},"image":{"@id":"https:\/\/psol50.org.br\/unesp-outorga-titulo-honoris-causa-a-plinio-de-arruda-sampaio\/#primaryimage"},"thumbnailUrl":"","keywords":["Doutor Honoris Causa","Marietta de Arruda Sampaio","Pl\u00ednio de Arruda Sampaio","Universidade Estadual Paulista"],"articleSection":["Brasil","Not\u00edcias","Partido"],"inLanguage":"pt-BR","potentialAction":[{"@type":"CommentAction","name":"Comment","target":["https:\/\/psol50.org.br\/unesp-outorga-titulo-honoris-causa-a-plinio-de-arruda-sampaio\/#respond"]}]},{"@type":"WebPage","@id":"https:\/\/psol50.org.br\/unesp-outorga-titulo-honoris-causa-a-plinio-de-arruda-sampaio\/","url":"https:\/\/psol50.org.br\/unesp-outorga-titulo-honoris-causa-a-plinio-de-arruda-sampaio\/","name":"Unesp outorga t\u00edtulo Honoris Causa a Pl\u00ednio de Arruda Sampaio - PSOL 50","isPartOf":{"@id":"https:\/\/psol50.org.br\/#website"},"primaryImageOfPage":{"@id":"https:\/\/psol50.org.br\/unesp-outorga-titulo-honoris-causa-a-plinio-de-arruda-sampaio\/#primaryimage"},"image":{"@id":"https:\/\/psol50.org.br\/unesp-outorga-titulo-honoris-causa-a-plinio-de-arruda-sampaio\/#primaryimage"},"thumbnailUrl":"","datePublished":"2016-02-04T20:28:11+00:00","breadcrumb":{"@id":"https:\/\/psol50.org.br\/unesp-outorga-titulo-honoris-causa-a-plinio-de-arruda-sampaio\/#breadcrumb"},"inLanguage":"pt-BR","potentialAction":[{"@type":"ReadAction","target":["https:\/\/psol50.org.br\/unesp-outorga-titulo-honoris-causa-a-plinio-de-arruda-sampaio\/"]}]},{"@type":"ImageObject","inLanguage":"pt-BR","@id":"https:\/\/psol50.org.br\/unesp-outorga-titulo-honoris-causa-a-plinio-de-arruda-sampaio\/#primaryimage","url":"","contentUrl":""},{"@type":"BreadcrumbList","@id":"https:\/\/psol50.org.br\/unesp-outorga-titulo-honoris-causa-a-plinio-de-arruda-sampaio\/#breadcrumb","itemListElement":[{"@type":"ListItem","position":1,"name":"In\u00edcio","item":"https:\/\/psol50.org.br\/"},{"@type":"ListItem","position":2,"name":"Unesp outorga t\u00edtulo Honoris Causa a Pl\u00ednio de Arruda Sampaio"}]},{"@type":"WebSite","@id":"https:\/\/psol50.org.br\/#website","url":"https:\/\/psol50.org.br\/","name":"PSOL 50","description":"Site oficial do Partido Socialismo e Liberdade","publisher":{"@id":"https:\/\/psol50.org.br\/#organization"},"alternateName":"PSOL50","potentialAction":[{"@type":"SearchAction","target":{"@type":"EntryPoint","urlTemplate":"https:\/\/psol50.org.br\/?s={search_term_string}"},"query-input":{"@type":"PropertyValueSpecification","valueRequired":true,"valueName":"search_term_string"}}],"inLanguage":"pt-BR"},{"@type":"Organization","@id":"https:\/\/psol50.org.br\/#organization","name":"PSOL 50","alternateName":"PSOL 50","url":"https:\/\/psol50.org.br\/","logo":{"@type":"ImageObject","inLanguage":"pt-BR","@id":"https:\/\/psol50.org.br\/#\/schema\/logo\/image\/","url":"https:\/\/psol50.org.br\/inc\/uploads\/2018\/07\/capa.png","contentUrl":"https:\/\/psol50.org.br\/inc\/uploads\/2018\/07\/capa.png","width":1350,"height":900,"caption":"PSOL 50"},"image":{"@id":"https:\/\/psol50.org.br\/#\/schema\/logo\/image\/"},"sameAs":["https:\/\/www.facebook.com\/psol50","https:\/\/x.com\/psol50","https:\/\/www.instagram.com\/psol50\/","https:\/\/www.youtube.com\/channel\/UC7SnJS5o1os7a6CaiNabzcg"]},{"@type":"Person","@id":"https:\/\/psol50.org.br\/#\/schema\/person\/475dfa57d0b815993c714c2e96491fcd","name":"Comunica\u00e7\u00e3o PSOL","image":{"@type":"ImageObject","inLanguage":"pt-BR","@id":"https:\/\/psol50.org.br\/#\/schema\/person\/image\/","url":"https:\/\/secure.gravatar.com\/avatar\/b34fc4f4e468a4e51785917065a3db57b841f5c95dba6ad8c73aaf8f66f8f9bf?s=96&d=mm&r=g","contentUrl":"https:\/\/secure.gravatar.com\/avatar\/b34fc4f4e468a4e51785917065a3db57b841f5c95dba6ad8c73aaf8f66f8f9bf?s=96&d=mm&r=g","caption":"Comunica\u00e7\u00e3o PSOL"}}]}},"_links":{"self":[{"href":"https:\/\/psol50.org.br\/rest\/wp\/v2\/posts\/11189","targetHints":{"allow":["GET"]}}],"collection":[{"href":"https:\/\/psol50.org.br\/rest\/wp\/v2\/posts"}],"about":[{"href":"https:\/\/psol50.org.br\/rest\/wp\/v2\/types\/post"}],"author":[{"embeddable":true,"href":"https:\/\/psol50.org.br\/rest\/wp\/v2\/users\/2"}],"replies":[{"embeddable":true,"href":"https:\/\/psol50.org.br\/rest\/wp\/v2\/comments?post=11189"}],"version-history":[{"count":0,"href":"https:\/\/psol50.org.br\/rest\/wp\/v2\/posts\/11189\/revisions"}],"wp:featuredmedia":[{"embeddable":true,"href":"https:\/\/psol50.org.br\/rest\/"}],"wp:attachment":[{"href":"https:\/\/psol50.org.br\/rest\/wp\/v2\/media?parent=11189"}],"wp:term":[{"taxonomy":"category","embeddable":true,"href":"https:\/\/psol50.org.br\/rest\/wp\/v2\/categories?post=11189"},{"taxonomy":"post_tag","embeddable":true,"href":"https:\/\/psol50.org.br\/rest\/wp\/v2\/tags?post=11189"}],"curies":[{"name":"wp","href":"https:\/\/api.w.org\/{rel}","templated":true}]}}