{"id":11193,"date":"2016-02-04T21:15:24","date_gmt":"2016-02-04T21:15:24","guid":{"rendered":"http:\/\/www.psol50.org.br\/?p=11193"},"modified":"2016-02-04T21:15:24","modified_gmt":"2016-02-04T21:15:24","slug":"maykon-santos-o-austericidio-do-governo-dilma-rousseffpt-e-o-desastre-para-o-mundo-do-trabalho","status":"publish","type":"post","link":"https:\/\/psol50.org.br\/maykon-santos-o-austericidio-do-governo-dilma-rousseffpt-e-o-desastre-para-o-mundo-do-trabalho\/","title":{"rendered":"MAYKON SANTOS: O austeric\u00eddio do Governo Dilma\/PT e o desastre para o mundo do trabalho"},"content":{"rendered":"<p>Na semana passada foram noticiados dois dados econ\u00f4micos que devemos interligar e que s\u00e3o a prova cabal do austeric\u00eddio fiscal do Governo Dilma Rousseff\/PT. Ou seja, de como o governo est\u00e1 &#8220;assassinando&#8221; a economia do pa\u00eds via ajuste fiscal.<\/p>\n<p>As not\u00edcias foram: a manuten\u00e7\u00e3o da taxa Selic em 14,25% (a maior taxa de juros do mundo) e o an\u00fancio de que em 2015 foram fechados 1,5 milh\u00f5es de empregos formais (com carteira assinada, mais exatamente 1.542.371) no Brasil.<\/p>\n<p>A atitude do Copom em manter a taxa Selic em 14.25% \u00e9 a principal express\u00e3o da submiss\u00e3o do governo a uma l\u00f3gica financista que tem causado terremoto na economia brasileira e no mundo do trabalho. N\u00e3o podemos deixar de enfatizar que pol\u00edtica e economia andam juntas, diferentemente do que diz o mantra do liberalismo das m\u00e3os invis\u00edveis do mercado. E na dimens\u00e3o pol\u00edtica para a defini\u00e7\u00e3o da taxa SELIC o governo ouve, apenas, a \u00ednfima parcela da sociedade ligada ao mercado financeiro.<\/p>\n<p>Assim, o principal respons\u00e1vel pelo ajuste fiscal \u00e9 o Governo de Dilma Rousseff\/PT.<\/p>\n<p>E mais: demonstra como ap\u00f3s a elei\u00e7\u00e3o de 2014 o Governo Dilma Rousseff\/PT jogou o p\u00eandulo do governo para a direita e que este continua a se mover nesta dire\u00e7\u00e3o. Isso ap\u00f3s o governo ser eleito com um discurso de esquerda, formando uma verdadeira fraude eleitoral.<\/p>\n<p>Ter um discurso de esquerda no per\u00edodo eleitoral e um governo de direita tem sido a pr\u00e1tica do PT desde 2002 para, ao mesmo tempo, se justificar perante sua base social e governar para e elite.<\/p>\n<p>Vejamos, ent\u00e3o, em detalhes esta rela\u00e7\u00e3o entre privilegiar o financismo com o ajuste fiscal e as decis\u00f5es do governo Dilma e como estas se relacionam com as \u00e1reas sociais e o mundo do trabalho.<\/p>\n<p>A taxa Selic alcan\u00e7ou o seu menor n\u00edvel nos, at\u00e9 agora, 13 anos de governos do PT em outubro de 2012 (antes do per\u00edodo eleitoral), quando chegou a 7,25% (1). Manteve-se neste patamar at\u00e9 abril de 2013, quando subiu para 7,5% (logo ap\u00f3s o per\u00edodo eleitoral). A taxa subiu ao longo de todo o ano de 2013 at\u00e9 chegar em 11% em fevereiro de 2014. Chegado o per\u00edodo eleitoral, a taxa Selic se manteve em 11%, aumentando logo ap\u00f3s as elei\u00e7\u00f5es em segundo turno de outubro de 2014 para 11,25%, subindo (conforme pode ser observado no gr\u00e1fico 01) at\u00e9 chegar em 14,25% em julho de 2015 e se mantido neste patamar.<\/p>\n<p>Esse aumento da taxa Selic \u00e9 um dos mecanismos do chamado ajuste fiscal. Al\u00e9m disso, temos tamb\u00e9m a diminui\u00e7\u00e3o dos gastos p\u00fablicos, um respeito cego \u00e0s chamadas metas inflacion\u00e1rias, o super\u00e1vit prim\u00e1rio, o c\u00e2mbio flutuante (desvaloriza\u00e7\u00e3o da moeda) e o pagamento da d\u00edvida p\u00fablica.<\/p>\n<p>Com o ajuste fiscal o governo esperava: 1) sanear um suposto gasto social excessivo, que estouraria as contas p\u00fablicas e tiraria a confian\u00e7a do mercado no governo; 2) conter a infla\u00e7\u00e3o; 3) diminuir o chamado custo Brasil (em s\u00edntese, o valor dos sal\u00e1rios) e, depois; 4) aumentar o crescimento econ\u00f4mico via aumento dos investimentos privados.<\/p>\n<p>Na pr\u00e1tica, o resultado tem sido outro, prejudicando principalmente a classe trabalhadora. A infla\u00e7\u00e3o est\u00e1 descontrolada, fechou o ano de 2015 em 11,27% (ver o gr\u00e1fico 02). Maior n\u00edvel desde 2002 (quando fechou este ano em 12,53%). Ou seja, o ajuste fiscal passou longe de chegar \u00e0 meta inflacion\u00e1ria estabelecida pelo Banco Central, mesmo com todo o austeric\u00eddio empregado. Pelo contr\u00e1rio, provocou a maior infla\u00e7\u00e3o de todo per\u00edodo do governo petista.<\/p>\n<p>O desemprego bate recordes! No ano de 2015 foram fechados 1,54 milh\u00f5es de empregos formais no pa\u00eds (com carteira assinada, mais exatamente 1.542.371), o pior \u00edndice desde 1992 (ver gr\u00e1ficos 03 e 04). Desde dezembro de 2014, em apenas um m\u00eas (mar\u00e7o de 2015) as admiss\u00f5es superaram as demiss\u00f5es no pa\u00eds. N\u00e3o coincidentemente, desde que o governo Dilma Rousseff\/PT iniciou o ajuste fiscal o desemprego aumenta! Para piorar, h\u00e1 uma tend\u00eancia de desemprego muito consolidada. O Minist\u00e9rio do Trabalho divide os dados sobre emprego e desemprego em oito \u00e1reas da economia (2) (extrativismo mineral, industrial e transforma\u00e7\u00e3o, servi\u00e7o industrial de utilidade p\u00fablica,\u00a0 constru\u00e7\u00e3o civil, com\u00e9rcio, servi\u00e7os, administra\u00e7\u00e3o p\u00fablica e agropecu\u00e1ria). Destas oito, apenas a \u00e1rea de agropecu\u00e1ria terminou o ano com mais admiss\u00f5es do que demiss\u00f5es. Desde setembro de 2015 que todas as oito \u00e1reas apresentam um saldo negativo (mais demiss\u00f5es do que admiss\u00f5es), com exce\u00e7\u00e3o do com\u00e9rcio em novembro de 2015. Ou seja, a crise de desemprego \u00e9 estrutural!<\/p>\n<p>O rendimento m\u00e9dio do trabalhador tamb\u00e9m est\u00e1 em queda. De acordo com a \u00faltima pesquisa do IBGE sobre o assunto (3), ele foi estimado em novembro de 2015 em R$ 2.177,20. Este resultado ficou 1,3% menor que o verificado em outubro (2.205,43) e 8,8% abaixo do apurado em novembro de 2014 (R$ 2.388,29).<\/p>\n<p>Em 2015 o governo cortou diversos direitos trabalhistas na \u00e1rea previdenci\u00e1ria e relacionados ao seguro desemprego, visando &#8220;economizar&#8221; 18 bilh\u00f5es por ano (4).<\/p>\n<p>O reflexo destes dados \u00e9 de que a economia deve ter um PIB negativo de 3% (o pior desempenho desde 1990).<\/p>\n<p>Como n\u00e3o poderia deixar de ser, os \u00fanicos setores que t\u00eam apresentando ganhos com o ajuste fiscal s\u00e3o os bancos, que aumentaram seus lucros em 2015 (somente o Bradesco anunciou lucro de R$ 17,9 bilh\u00f5es (5), o segundo maior da hist\u00f3ria dos bancos no Brasil); e os detentores dos t\u00edtulos da d\u00edvida p\u00fablica, somente em 2015 o governo reservou R$ 511 bilh\u00f5es(6) para o pagamento destes t\u00edtulos (8,17% do PIB).<\/p>\n<p>Em s\u00edntese, a l\u00f3gica de ajuste fiscal seria retomar a confian\u00e7a do mercado, que voltaria a investir, tomando o lugar do poder p\u00fablico. Na pr\u00e1tica, a iniciativa privada n\u00e3o tem aumentando o seu investimento. O governo, ao inv\u00e9s de tomar para si este papel, aumenta o ajuste fiscal, delirando com o dia em que a iniciativa privada ir\u00e1 investir. O resultado \u00e9 um austeric\u00eddio fiscal que deixa qualquer tucano de grande bico corado.<\/p>\n<p>(1) http:\/\/www1.folha.uol.com.br\/mercado\/2015\/07\/1661411-selic-entenda-como-a-taxa-basica-de-juros-influencia-a-economia-brasileira.shtml<br \/>\n(2)http:\/\/bi.mte.gov.br\/eec\/pages\/consultas\/evolucaoEmprego\/consultaEvolucaoEmprego.xhtml#relatorioSetor.\u00a0 Tenho as planilhas com estes dados para todos os meses desde novembro de 2014. Os interessados podem enviar e-mail maykonascj@hotmail.com solicitando.(3)ftp:\/\/ftp.ibge.gov.br\/Trabalho_e_Rendimento\/Pesquisa_Mensal_de_Emprego\/fasciculo_indicadores_ibge\/2015\/pme_201511pubCompleta.pdf<br \/>\n(4) http:\/\/g1.globo.com\/economia\/noticia\/2014\/12\/governo-torna-mais-rigido-acesso-da-populacao-beneficios-previdenciarios.html<br \/>\n(5) http:\/\/g1.globo.com\/economia\/negocios\/noticia\/2016\/01\/lucro-do-bradesco-cresce-para-r-1719-bilhoes-em-2015.html<br \/>\n(6) http:\/\/cartamaior.com.br\/?%2FEditoria%2FEconomia%2FQuem-tem-medo-da-auditoria-da-divida-publica-%2F7%2F35351.<\/p>\n<p><strong>Gr\u00e1fico 01<\/strong><\/p>\n<p><img loading=\"lazy\" decoding=\"async\" class=\"alignnone size-full wp-image-11194\" src=\"http:\/\/www.psol50.org.br\/inc\/uploads\/2016\/02\/Gr\u00e1fico-1.jpg\" alt=\"Gr\u00e1fico 1\" width=\"831\" height=\"458\" \/><\/p>\n<p><strong>Gr\u00e1fico 02<\/strong><\/p>\n<p><img loading=\"lazy\" decoding=\"async\" class=\"alignnone wp-image-11195\" src=\"http:\/\/www.psol50.org.br\/inc\/uploads\/2016\/02\/Grfico-2.png\" alt=\"Grfico 2\" width=\"833\" height=\"549\" srcset=\"https:\/\/psol50.org.br\/inc\/uploads\/2016\/02\/Grfico-2.png 886w, https:\/\/psol50.org.br\/inc\/uploads\/2016\/02\/Grfico-2-300x198.png 300w, https:\/\/psol50.org.br\/inc\/uploads\/2016\/02\/Grfico-2-768x506.png 768w, https:\/\/psol50.org.br\/inc\/uploads\/2016\/02\/Grfico-2-150x99.png 150w, https:\/\/psol50.org.br\/inc\/uploads\/2016\/02\/Grfico-2-696x459.png 696w\" sizes=\"auto, (max-width: 833px) 100vw, 833px\" \/><\/p>\n<p><strong>Gr\u00e1fico 03<\/strong><\/p>\n<p><img loading=\"lazy\" decoding=\"async\" class=\"alignnone wp-image-11196\" src=\"http:\/\/www.psol50.org.br\/inc\/uploads\/2016\/02\/Gr\u00e1fico-3.png\" alt=\"Gr\u00e1fico 3\" width=\"834\" height=\"556\" \/><\/p>\n<p><strong>Gr\u00e1fico 04<\/strong><\/p>\n<p><img loading=\"lazy\" decoding=\"async\" class=\"alignnone wp-image-11197\" src=\"http:\/\/www.psol50.org.br\/inc\/uploads\/2016\/02\/Gr\u00e1fico-4.png\" alt=\"Gr\u00e1fico 4\" width=\"834\" height=\"649\" \/><\/p>\n<p>&nbsp;<\/p>\n<p><em><img loading=\"lazy\" decoding=\"async\" class=\"size-full wp-image-11198 alignleft\" src=\"http:\/\/www.psol50.org.br\/inc\/uploads\/2016\/02\/Maycom-Santos.jpg\" alt=\"Maycom Santos\" width=\"206\" height=\"298\" \/><\/em><\/p>\n<p>&nbsp;<\/p>\n<p>&nbsp;<\/p>\n<p>&nbsp;<\/p>\n<p>&nbsp;<\/p>\n<p>&nbsp;<\/p>\n<p>&nbsp;<\/p>\n<p><em><a href=\"https:\/\/www.facebook.com\/Professor-Maykon-Santos-762090013865211\/\">Maykon Santos<\/a> \u00e9 professor e militante do PSOL em S\u00e3o Vicente-SP<\/em>.<\/p>\n","protected":false},"excerpt":{"rendered":"<p>Na semana passada foram noticiados dois dados econ\u00f4micos que devemos interligar e que s\u00e3o a prova cabal do austeric\u00eddio fiscal do Governo Dilma Rousseff\/PT. Ou seja, de como o governo est\u00e1 &#8220;assassinando&#8221; a economia do pa\u00eds via ajuste fiscal. As not\u00edcias foram: a manuten\u00e7\u00e3o da taxa Selic em 14,25% (a maior taxa de juros do [&hellip;]<\/p>\n","protected":false},"author":2,"featured_media":11199,"comment_status":"open","ping_status":"open","sticky":false,"template":"","format":"standard","meta":{"_acf_changed":false,"footnotes":""},"categories":[3,1882],"tags":[1432,2772,3969,576,3183,3970,319,3971],"class_list":{"0":"post-11193","1":"post","2":"type-post","3":"status-publish","4":"format-standard","5":"has-post-thumbnail","7":"category-artigos-e-entrevistas","8":"category-brasil","9":"tag-ajuste-fiscal","10":"tag-classe-trabalhadora","11":"tag-copom","12":"tag-desemprego","13":"tag-governo-dilma-rousseff","14":"tag-mayko-santos","15":"tag-pt","16":"tag-taxa-selic"},"acf":[],"yoast_head":"<!-- This site is optimized with the Yoast SEO plugin v26.5 - https:\/\/yoast.com\/wordpress\/plugins\/seo\/ -->\n<title>MAYKON SANTOS: O austeric\u00eddio do Governo Dilma\/PT e o desastre para o mundo do trabalho - PSOL 50<\/title>\n<meta name=\"robots\" content=\"index, follow, max-snippet:-1, max-image-preview:large, max-video-preview:-1\" \/>\n<link rel=\"canonical\" href=\"https:\/\/psol50.org.br\/maykon-santos-o-austericidio-do-governo-dilma-rousseffpt-e-o-desastre-para-o-mundo-do-trabalho\/\" \/>\n<meta property=\"og:locale\" content=\"pt_BR\" \/>\n<meta property=\"og:type\" content=\"article\" \/>\n<meta property=\"og:title\" content=\"MAYKON SANTOS: O austeric\u00eddio do Governo Dilma\/PT e o desastre para o mundo do trabalho - PSOL 50\" \/>\n<meta property=\"og:description\" content=\"Na semana passada foram noticiados dois dados econ\u00f4micos que devemos interligar e que s\u00e3o a prova cabal do austeric\u00eddio fiscal do Governo Dilma Rousseff\/PT. Ou seja, de como o governo est\u00e1 &#8220;assassinando&#8221; a economia do pa\u00eds via ajuste fiscal. As not\u00edcias foram: a manuten\u00e7\u00e3o da taxa Selic em 14,25% (a maior taxa de juros do [&hellip;]\" \/>\n<meta property=\"og:url\" content=\"https:\/\/psol50.org.br\/maykon-santos-o-austericidio-do-governo-dilma-rousseffpt-e-o-desastre-para-o-mundo-do-trabalho\/\" \/>\n<meta property=\"og:site_name\" content=\"PSOL 50\" \/>\n<meta property=\"article:publisher\" content=\"https:\/\/www.facebook.com\/psol50\" \/>\n<meta property=\"article:published_time\" content=\"2016-02-04T21:15:24+00:00\" \/>\n<meta property=\"og:image\" content=\"https:\/\/psol50.org.br\/inc\/uploads\/2018\/07\/capa.png\" \/>\n\t<meta property=\"og:image:width\" content=\"1350\" \/>\n\t<meta property=\"og:image:height\" content=\"900\" \/>\n\t<meta property=\"og:image:type\" content=\"image\/png\" \/>\n<meta name=\"author\" content=\"Comunica\u00e7\u00e3o PSOL\" \/>\n<meta name=\"twitter:card\" content=\"summary_large_image\" \/>\n<meta name=\"twitter:creator\" content=\"@psol50\" \/>\n<meta name=\"twitter:site\" content=\"@psol50\" \/>\n<meta name=\"twitter:label1\" content=\"Escrito por\" \/>\n\t<meta name=\"twitter:data1\" content=\"Comunica\u00e7\u00e3o PSOL\" \/>\n\t<meta name=\"twitter:label2\" content=\"Est. tempo de leitura\" \/>\n\t<meta name=\"twitter:data2\" content=\"6 minutos\" \/>\n<script type=\"application\/ld+json\" class=\"yoast-schema-graph\">{\"@context\":\"https:\/\/schema.org\",\"@graph\":[{\"@type\":\"Article\",\"@id\":\"https:\/\/psol50.org.br\/maykon-santos-o-austericidio-do-governo-dilma-rousseffpt-e-o-desastre-para-o-mundo-do-trabalho\/#article\",\"isPartOf\":{\"@id\":\"https:\/\/psol50.org.br\/maykon-santos-o-austericidio-do-governo-dilma-rousseffpt-e-o-desastre-para-o-mundo-do-trabalho\/\"},\"author\":{\"name\":\"Comunica\u00e7\u00e3o PSOL\",\"@id\":\"https:\/\/psol50.org.br\/#\/schema\/person\/475dfa57d0b815993c714c2e96491fcd\"},\"headline\":\"MAYKON SANTOS: O austeric\u00eddio do Governo Dilma\/PT e o desastre para o mundo do trabalho\",\"datePublished\":\"2016-02-04T21:15:24+00:00\",\"mainEntityOfPage\":{\"@id\":\"https:\/\/psol50.org.br\/maykon-santos-o-austericidio-do-governo-dilma-rousseffpt-e-o-desastre-para-o-mundo-do-trabalho\/\"},\"wordCount\":1150,\"commentCount\":0,\"publisher\":{\"@id\":\"https:\/\/psol50.org.br\/#organization\"},\"image\":{\"@id\":\"https:\/\/psol50.org.br\/maykon-santos-o-austericidio-do-governo-dilma-rousseffpt-e-o-desastre-para-o-mundo-do-trabalho\/#primaryimage\"},\"thumbnailUrl\":\"\",\"keywords\":[\"Ajuste Fiscal\",\"classe trabalhadora\",\"Copom\",\"desemprego\",\"governo Dilma Rousseff\",\"Mayko Santos\",\"PT\",\"Taxa Selic\"],\"articleSection\":[\"Artigos\",\"Brasil\"],\"inLanguage\":\"pt-BR\",\"potentialAction\":[{\"@type\":\"CommentAction\",\"name\":\"Comment\",\"target\":[\"https:\/\/psol50.org.br\/maykon-santos-o-austericidio-do-governo-dilma-rousseffpt-e-o-desastre-para-o-mundo-do-trabalho\/#respond\"]}]},{\"@type\":\"WebPage\",\"@id\":\"https:\/\/psol50.org.br\/maykon-santos-o-austericidio-do-governo-dilma-rousseffpt-e-o-desastre-para-o-mundo-do-trabalho\/\",\"url\":\"https:\/\/psol50.org.br\/maykon-santos-o-austericidio-do-governo-dilma-rousseffpt-e-o-desastre-para-o-mundo-do-trabalho\/\",\"name\":\"MAYKON SANTOS: O austeric\u00eddio do Governo Dilma\/PT e o desastre para o mundo do trabalho - PSOL 50\",\"isPartOf\":{\"@id\":\"https:\/\/psol50.org.br\/#website\"},\"primaryImageOfPage\":{\"@id\":\"https:\/\/psol50.org.br\/maykon-santos-o-austericidio-do-governo-dilma-rousseffpt-e-o-desastre-para-o-mundo-do-trabalho\/#primaryimage\"},\"image\":{\"@id\":\"https:\/\/psol50.org.br\/maykon-santos-o-austericidio-do-governo-dilma-rousseffpt-e-o-desastre-para-o-mundo-do-trabalho\/#primaryimage\"},\"thumbnailUrl\":\"\",\"datePublished\":\"2016-02-04T21:15:24+00:00\",\"breadcrumb\":{\"@id\":\"https:\/\/psol50.org.br\/maykon-santos-o-austericidio-do-governo-dilma-rousseffpt-e-o-desastre-para-o-mundo-do-trabalho\/#breadcrumb\"},\"inLanguage\":\"pt-BR\",\"potentialAction\":[{\"@type\":\"ReadAction\",\"target\":[\"https:\/\/psol50.org.br\/maykon-santos-o-austericidio-do-governo-dilma-rousseffpt-e-o-desastre-para-o-mundo-do-trabalho\/\"]}]},{\"@type\":\"ImageObject\",\"inLanguage\":\"pt-BR\",\"@id\":\"https:\/\/psol50.org.br\/maykon-santos-o-austericidio-do-governo-dilma-rousseffpt-e-o-desastre-para-o-mundo-do-trabalho\/#primaryimage\",\"url\":\"\",\"contentUrl\":\"\"},{\"@type\":\"BreadcrumbList\",\"@id\":\"https:\/\/psol50.org.br\/maykon-santos-o-austericidio-do-governo-dilma-rousseffpt-e-o-desastre-para-o-mundo-do-trabalho\/#breadcrumb\",\"itemListElement\":[{\"@type\":\"ListItem\",\"position\":1,\"name\":\"In\u00edcio\",\"item\":\"https:\/\/psol50.org.br\/\"},{\"@type\":\"ListItem\",\"position\":2,\"name\":\"MAYKON SANTOS: O austeric\u00eddio do Governo Dilma\/PT e o desastre para o mundo do trabalho\"}]},{\"@type\":\"WebSite\",\"@id\":\"https:\/\/psol50.org.br\/#website\",\"url\":\"https:\/\/psol50.org.br\/\",\"name\":\"PSOL 50\",\"description\":\"Site oficial do Partido Socialismo e Liberdade\",\"publisher\":{\"@id\":\"https:\/\/psol50.org.br\/#organization\"},\"alternateName\":\"PSOL50\",\"potentialAction\":[{\"@type\":\"SearchAction\",\"target\":{\"@type\":\"EntryPoint\",\"urlTemplate\":\"https:\/\/psol50.org.br\/?s={search_term_string}\"},\"query-input\":{\"@type\":\"PropertyValueSpecification\",\"valueRequired\":true,\"valueName\":\"search_term_string\"}}],\"inLanguage\":\"pt-BR\"},{\"@type\":\"Organization\",\"@id\":\"https:\/\/psol50.org.br\/#organization\",\"name\":\"PSOL 50\",\"alternateName\":\"PSOL 50\",\"url\":\"https:\/\/psol50.org.br\/\",\"logo\":{\"@type\":\"ImageObject\",\"inLanguage\":\"pt-BR\",\"@id\":\"https:\/\/psol50.org.br\/#\/schema\/logo\/image\/\",\"url\":\"https:\/\/psol50.org.br\/inc\/uploads\/2018\/07\/capa.png\",\"contentUrl\":\"https:\/\/psol50.org.br\/inc\/uploads\/2018\/07\/capa.png\",\"width\":1350,\"height\":900,\"caption\":\"PSOL 50\"},\"image\":{\"@id\":\"https:\/\/psol50.org.br\/#\/schema\/logo\/image\/\"},\"sameAs\":[\"https:\/\/www.facebook.com\/psol50\",\"https:\/\/x.com\/psol50\",\"https:\/\/www.instagram.com\/psol50\/\",\"https:\/\/www.youtube.com\/channel\/UC7SnJS5o1os7a6CaiNabzcg\"]},{\"@type\":\"Person\",\"@id\":\"https:\/\/psol50.org.br\/#\/schema\/person\/475dfa57d0b815993c714c2e96491fcd\",\"name\":\"Comunica\u00e7\u00e3o PSOL\",\"image\":{\"@type\":\"ImageObject\",\"inLanguage\":\"pt-BR\",\"@id\":\"https:\/\/psol50.org.br\/#\/schema\/person\/image\/\",\"url\":\"https:\/\/secure.gravatar.com\/avatar\/b34fc4f4e468a4e51785917065a3db57b841f5c95dba6ad8c73aaf8f66f8f9bf?s=96&d=mm&r=g\",\"contentUrl\":\"https:\/\/secure.gravatar.com\/avatar\/b34fc4f4e468a4e51785917065a3db57b841f5c95dba6ad8c73aaf8f66f8f9bf?s=96&d=mm&r=g\",\"caption\":\"Comunica\u00e7\u00e3o PSOL\"}}]}<\/script>\n<!-- \/ Yoast SEO plugin. -->","yoast_head_json":{"title":"MAYKON SANTOS: O austeric\u00eddio do Governo Dilma\/PT e o desastre para o mundo do trabalho - PSOL 50","robots":{"index":"index","follow":"follow","max-snippet":"max-snippet:-1","max-image-preview":"max-image-preview:large","max-video-preview":"max-video-preview:-1"},"canonical":"https:\/\/psol50.org.br\/maykon-santos-o-austericidio-do-governo-dilma-rousseffpt-e-o-desastre-para-o-mundo-do-trabalho\/","og_locale":"pt_BR","og_type":"article","og_title":"MAYKON SANTOS: O austeric\u00eddio do Governo Dilma\/PT e o desastre para o mundo do trabalho - PSOL 50","og_description":"Na semana passada foram noticiados dois dados econ\u00f4micos que devemos interligar e que s\u00e3o a prova cabal do austeric\u00eddio fiscal do Governo Dilma Rousseff\/PT. Ou seja, de como o governo est\u00e1 &#8220;assassinando&#8221; a economia do pa\u00eds via ajuste fiscal. As not\u00edcias foram: a manuten\u00e7\u00e3o da taxa Selic em 14,25% (a maior taxa de juros do [&hellip;]","og_url":"https:\/\/psol50.org.br\/maykon-santos-o-austericidio-do-governo-dilma-rousseffpt-e-o-desastre-para-o-mundo-do-trabalho\/","og_site_name":"PSOL 50","article_publisher":"https:\/\/www.facebook.com\/psol50","article_published_time":"2016-02-04T21:15:24+00:00","og_image":[{"width":1350,"height":900,"url":"https:\/\/psol50.org.br\/inc\/uploads\/2018\/07\/capa.png","type":"image\/png"}],"author":"Comunica\u00e7\u00e3o PSOL","twitter_card":"summary_large_image","twitter_creator":"@psol50","twitter_site":"@psol50","twitter_misc":{"Escrito por":"Comunica\u00e7\u00e3o PSOL","Est. tempo de leitura":"6 minutos"},"schema":{"@context":"https:\/\/schema.org","@graph":[{"@type":"Article","@id":"https:\/\/psol50.org.br\/maykon-santos-o-austericidio-do-governo-dilma-rousseffpt-e-o-desastre-para-o-mundo-do-trabalho\/#article","isPartOf":{"@id":"https:\/\/psol50.org.br\/maykon-santos-o-austericidio-do-governo-dilma-rousseffpt-e-o-desastre-para-o-mundo-do-trabalho\/"},"author":{"name":"Comunica\u00e7\u00e3o PSOL","@id":"https:\/\/psol50.org.br\/#\/schema\/person\/475dfa57d0b815993c714c2e96491fcd"},"headline":"MAYKON SANTOS: O austeric\u00eddio do Governo Dilma\/PT e o desastre para o mundo do trabalho","datePublished":"2016-02-04T21:15:24+00:00","mainEntityOfPage":{"@id":"https:\/\/psol50.org.br\/maykon-santos-o-austericidio-do-governo-dilma-rousseffpt-e-o-desastre-para-o-mundo-do-trabalho\/"},"wordCount":1150,"commentCount":0,"publisher":{"@id":"https:\/\/psol50.org.br\/#organization"},"image":{"@id":"https:\/\/psol50.org.br\/maykon-santos-o-austericidio-do-governo-dilma-rousseffpt-e-o-desastre-para-o-mundo-do-trabalho\/#primaryimage"},"thumbnailUrl":"","keywords":["Ajuste Fiscal","classe trabalhadora","Copom","desemprego","governo Dilma Rousseff","Mayko Santos","PT","Taxa Selic"],"articleSection":["Artigos","Brasil"],"inLanguage":"pt-BR","potentialAction":[{"@type":"CommentAction","name":"Comment","target":["https:\/\/psol50.org.br\/maykon-santos-o-austericidio-do-governo-dilma-rousseffpt-e-o-desastre-para-o-mundo-do-trabalho\/#respond"]}]},{"@type":"WebPage","@id":"https:\/\/psol50.org.br\/maykon-santos-o-austericidio-do-governo-dilma-rousseffpt-e-o-desastre-para-o-mundo-do-trabalho\/","url":"https:\/\/psol50.org.br\/maykon-santos-o-austericidio-do-governo-dilma-rousseffpt-e-o-desastre-para-o-mundo-do-trabalho\/","name":"MAYKON SANTOS: O austeric\u00eddio do Governo Dilma\/PT e o desastre para o mundo do trabalho - PSOL 50","isPartOf":{"@id":"https:\/\/psol50.org.br\/#website"},"primaryImageOfPage":{"@id":"https:\/\/psol50.org.br\/maykon-santos-o-austericidio-do-governo-dilma-rousseffpt-e-o-desastre-para-o-mundo-do-trabalho\/#primaryimage"},"image":{"@id":"https:\/\/psol50.org.br\/maykon-santos-o-austericidio-do-governo-dilma-rousseffpt-e-o-desastre-para-o-mundo-do-trabalho\/#primaryimage"},"thumbnailUrl":"","datePublished":"2016-02-04T21:15:24+00:00","breadcrumb":{"@id":"https:\/\/psol50.org.br\/maykon-santos-o-austericidio-do-governo-dilma-rousseffpt-e-o-desastre-para-o-mundo-do-trabalho\/#breadcrumb"},"inLanguage":"pt-BR","potentialAction":[{"@type":"ReadAction","target":["https:\/\/psol50.org.br\/maykon-santos-o-austericidio-do-governo-dilma-rousseffpt-e-o-desastre-para-o-mundo-do-trabalho\/"]}]},{"@type":"ImageObject","inLanguage":"pt-BR","@id":"https:\/\/psol50.org.br\/maykon-santos-o-austericidio-do-governo-dilma-rousseffpt-e-o-desastre-para-o-mundo-do-trabalho\/#primaryimage","url":"","contentUrl":""},{"@type":"BreadcrumbList","@id":"https:\/\/psol50.org.br\/maykon-santos-o-austericidio-do-governo-dilma-rousseffpt-e-o-desastre-para-o-mundo-do-trabalho\/#breadcrumb","itemListElement":[{"@type":"ListItem","position":1,"name":"In\u00edcio","item":"https:\/\/psol50.org.br\/"},{"@type":"ListItem","position":2,"name":"MAYKON SANTOS: O austeric\u00eddio do Governo Dilma\/PT e o desastre para o mundo do trabalho"}]},{"@type":"WebSite","@id":"https:\/\/psol50.org.br\/#website","url":"https:\/\/psol50.org.br\/","name":"PSOL 50","description":"Site oficial do Partido Socialismo e Liberdade","publisher":{"@id":"https:\/\/psol50.org.br\/#organization"},"alternateName":"PSOL50","potentialAction":[{"@type":"SearchAction","target":{"@type":"EntryPoint","urlTemplate":"https:\/\/psol50.org.br\/?s={search_term_string}"},"query-input":{"@type":"PropertyValueSpecification","valueRequired":true,"valueName":"search_term_string"}}],"inLanguage":"pt-BR"},{"@type":"Organization","@id":"https:\/\/psol50.org.br\/#organization","name":"PSOL 50","alternateName":"PSOL 50","url":"https:\/\/psol50.org.br\/","logo":{"@type":"ImageObject","inLanguage":"pt-BR","@id":"https:\/\/psol50.org.br\/#\/schema\/logo\/image\/","url":"https:\/\/psol50.org.br\/inc\/uploads\/2018\/07\/capa.png","contentUrl":"https:\/\/psol50.org.br\/inc\/uploads\/2018\/07\/capa.png","width":1350,"height":900,"caption":"PSOL 50"},"image":{"@id":"https:\/\/psol50.org.br\/#\/schema\/logo\/image\/"},"sameAs":["https:\/\/www.facebook.com\/psol50","https:\/\/x.com\/psol50","https:\/\/www.instagram.com\/psol50\/","https:\/\/www.youtube.com\/channel\/UC7SnJS5o1os7a6CaiNabzcg"]},{"@type":"Person","@id":"https:\/\/psol50.org.br\/#\/schema\/person\/475dfa57d0b815993c714c2e96491fcd","name":"Comunica\u00e7\u00e3o PSOL","image":{"@type":"ImageObject","inLanguage":"pt-BR","@id":"https:\/\/psol50.org.br\/#\/schema\/person\/image\/","url":"https:\/\/secure.gravatar.com\/avatar\/b34fc4f4e468a4e51785917065a3db57b841f5c95dba6ad8c73aaf8f66f8f9bf?s=96&d=mm&r=g","contentUrl":"https:\/\/secure.gravatar.com\/avatar\/b34fc4f4e468a4e51785917065a3db57b841f5c95dba6ad8c73aaf8f66f8f9bf?s=96&d=mm&r=g","caption":"Comunica\u00e7\u00e3o PSOL"}}]}},"_links":{"self":[{"href":"https:\/\/psol50.org.br\/rest\/wp\/v2\/posts\/11193","targetHints":{"allow":["GET"]}}],"collection":[{"href":"https:\/\/psol50.org.br\/rest\/wp\/v2\/posts"}],"about":[{"href":"https:\/\/psol50.org.br\/rest\/wp\/v2\/types\/post"}],"author":[{"embeddable":true,"href":"https:\/\/psol50.org.br\/rest\/wp\/v2\/users\/2"}],"replies":[{"embeddable":true,"href":"https:\/\/psol50.org.br\/rest\/wp\/v2\/comments?post=11193"}],"version-history":[{"count":0,"href":"https:\/\/psol50.org.br\/rest\/wp\/v2\/posts\/11193\/revisions"}],"wp:featuredmedia":[{"embeddable":true,"href":"https:\/\/psol50.org.br\/rest\/"}],"wp:attachment":[{"href":"https:\/\/psol50.org.br\/rest\/wp\/v2\/media?parent=11193"}],"wp:term":[{"taxonomy":"category","embeddable":true,"href":"https:\/\/psol50.org.br\/rest\/wp\/v2\/categories?post=11193"},{"taxonomy":"post_tag","embeddable":true,"href":"https:\/\/psol50.org.br\/rest\/wp\/v2\/tags?post=11193"}],"curies":[{"name":"wp","href":"https:\/\/api.w.org\/{rel}","templated":true}]}}