{"id":11211,"date":"2016-02-05T19:21:56","date_gmt":"2016-02-05T19:21:56","guid":{"rendered":"http:\/\/www.psol50.org.br\/?p=11211"},"modified":"2016-02-05T19:21:56","modified_gmt":"2016-02-05T19:21:56","slug":"chico-alencar-democracia-na-avenida","status":"publish","type":"post","link":"https:\/\/psol50.org.br\/chico-alencar-democracia-na-avenida\/","title":{"rendered":"CHICO ALENCAR: Democracia na avenida"},"content":{"rendered":"<p><em>Solu\u00e7\u00e3o profunda para a crise \u00e9 democratizar<\/p>\n<p><\/em>A crise faz com que alguns considerem que nem deveria haver carnaval! Mas, al\u00e9m da boa perman\u00eancia dessa festa popular, h\u00e1 uma met\u00e1fora poss\u00edvel, para animar at\u00e9 quem n\u00e3o \u00e9 renitente foli\u00e3o: na esburacada passarela Brasil, a Unidos da Democratiza\u00e7\u00e3o pede passagem.<\/p>\n<p>Ouso afirmar que a solu\u00e7\u00e3o profunda para a nossa crise \u2014 a do desinvestimento, do desemprego, da degrada\u00e7\u00e3o pol\u00edtica, da insufici\u00eancia dos projetos sociais, do roubo geral e quase irrestrito \u2014 \u00e9 a democratiza\u00e7\u00e3o. S\u00f3 a democratiza\u00e7\u00e3o substantiva das rela\u00e7\u00f5es na sociedade brasileira nos abrir\u00e1 perspectivas de futuro.<\/p>\n<p>O sapateiro portugu\u00eas Z\u00e9 Pereira foi o pioneiro dos blocos do carnaval carioca, em meados do s\u00e9culo XIX. Inspiro-me em um outro patr\u00edcio, nosso contempor\u00e2neo, que \u201cbate o bumbo\u201d da democracia radical, representativa, participativa e direta: o soci\u00f3logo Boaventura de Sousa Santos. Sua entrevista para o especial Utopias do jornal portugu\u00eas \u201cP\u00fablico\u201d, de 10 de janeiro, \u00e9 instigante.<\/p>\n<p>Coloco pitada brasileira ao comparar a necess\u00e1ria democratiza\u00e7\u00e3o com uma escola de samba. A \u201cevolu\u00e7\u00e3o\u201d da democracia se daria em v\u00e1rias alas, formando um conjunto harmonioso, com enredo republicano.<\/p>\n<p>Que o abre-alas seja a democratiza\u00e7\u00e3o das rela\u00e7\u00f5es pessoais: democracia come\u00e7a em casa, entre parceiros que vivem sob o mesmo teto, pais e filhos. Quem pratica autoritarismo ali vai desbord\u00e1-lo para toda a vida social.<\/p>\n<p>Que venha, na contracorrente do \u201ccada um por si\u201d, a democracia no campo comunit\u00e1rio, nas rela\u00e7\u00f5es de vizinhan\u00e7a, em torno da defesa dos equipamentos comunit\u00e1rios para ruas e bairros.<\/p>\n<p>Sendo o trabalho o provedor da exist\u00eancia, que nos espa\u00e7os de produ\u00e7\u00e3o, na organiza\u00e7\u00e3o das empresas, nas rela\u00e7\u00f5es entre capital e a m\u00e3o de obra haja democracia, e n\u00e3o imposi\u00e7\u00e3o e explora\u00e7\u00e3o. A pol\u00edtica institucional precisa desfilar novas formas, sem as m\u00e1scaras da demagogia, da corrup\u00e7\u00e3o e da hipocrisia: que os partidos sejam desprivatizados e todas as institui\u00e7\u00f5es de poder se tornem transparentes, controladas socialmente.<\/p>\n<p>As comunica\u00e7\u00f5es, na era da internet, devem realizar sua plena voca\u00e7\u00e3o: socializar as informa\u00e7\u00f5es, bem al\u00e9m dos monop\u00f3lios. H\u00e1 de se compor uma ala da pol\u00edtica internacional, que democratize as rela\u00e7\u00f5es entre as na\u00e7\u00f5es, para superar as hist\u00f3ricas desigualdades entre pa\u00edses \u201ccentrais\u201d e \u201cperif\u00e9ricos\u201d.<\/p>\n<p>Por fim, que se feche o desfile com o que s\u00f3 agora come\u00e7amos a descobrir: somos irm\u00e3os de tudo que tem patas, asas e ra\u00edzes. O cuidado com a nossa casa comum h\u00e1 de ser celebrado, e j\u00e1 tem as b\u00ean\u00e7\u00e3os do Papa Francisco. Na \u201cLaudato Si\u201d ele diz que \u201ctodo o universo material \u00e9 uma linguagem do amor de Deus. O solo, a \u00e1gua, as montanhas, tudo \u00e9 car\u00edcia de Deus\u201d. D\u00e1 samba!<\/p>\n<p>Mas a Unidos da Democratiza\u00e7\u00e3o ser\u00e1 uma escola diferente: s\u00f3 far\u00e1 desfile campe\u00e3o se a arquibancada descer e se integrar, rompendo o cord\u00e3o de isolamento.<\/p>\n<p>&nbsp;<\/p>\n","protected":false},"excerpt":{"rendered":"<p>Solu\u00e7\u00e3o profunda para a crise \u00e9 democratizar A crise faz com que alguns considerem que nem deveria haver carnaval! Mas, al\u00e9m da boa perman\u00eancia dessa festa popular, h\u00e1 uma met\u00e1fora poss\u00edvel, para animar at\u00e9 quem n\u00e3o \u00e9 renitente foli\u00e3o: na esburacada passarela Brasil, a Unidos da Democratiza\u00e7\u00e3o pede passagem. Ouso afirmar que a solu\u00e7\u00e3o profunda [&hellip;]<\/p>\n","protected":false},"author":2,"featured_media":11212,"comment_status":"open","ping_status":"open","sticky":false,"template":"","format":"standard","meta":{"_acf_changed":false,"footnotes":""},"categories":[3,1882],"tags":[3974,52,1680,87,1208,3975],"class_list":{"0":"post-11211","1":"post","2":"type-post","3":"status-publish","4":"format-standard","5":"has-post-thumbnail","7":"category-artigos-e-entrevistas","8":"category-brasil","9":"tag-boaventura-de-sousa-santos","10":"tag-carnaval","11":"tag-chico-alencar","12":"tag-democracia","13":"tag-politica","14":"tag-ze-pereira"},"acf":[],"yoast_head":"<!-- This site is optimized with the Yoast SEO plugin v26.5 - https:\/\/yoast.com\/wordpress\/plugins\/seo\/ -->\n<title>CHICO ALENCAR: Democracia na avenida - PSOL 50<\/title>\n<meta name=\"robots\" content=\"index, follow, max-snippet:-1, max-image-preview:large, max-video-preview:-1\" \/>\n<link rel=\"canonical\" href=\"https:\/\/psol50.org.br\/chico-alencar-democracia-na-avenida\/\" \/>\n<meta property=\"og:locale\" content=\"pt_BR\" \/>\n<meta property=\"og:type\" content=\"article\" \/>\n<meta property=\"og:title\" content=\"CHICO ALENCAR: Democracia na avenida - PSOL 50\" \/>\n<meta property=\"og:description\" content=\"Solu\u00e7\u00e3o profunda para a crise \u00e9 democratizar A crise faz com que alguns considerem que nem deveria haver carnaval! Mas, al\u00e9m da boa perman\u00eancia dessa festa popular, h\u00e1 uma met\u00e1fora poss\u00edvel, para animar at\u00e9 quem n\u00e3o \u00e9 renitente foli\u00e3o: na esburacada passarela Brasil, a Unidos da Democratiza\u00e7\u00e3o pede passagem. Ouso afirmar que a solu\u00e7\u00e3o profunda [&hellip;]\" \/>\n<meta property=\"og:url\" content=\"https:\/\/psol50.org.br\/chico-alencar-democracia-na-avenida\/\" \/>\n<meta property=\"og:site_name\" content=\"PSOL 50\" \/>\n<meta property=\"article:publisher\" content=\"https:\/\/www.facebook.com\/psol50\" \/>\n<meta property=\"article:published_time\" content=\"2016-02-05T19:21:56+00:00\" \/>\n<meta property=\"og:image\" content=\"https:\/\/psol50.org.br\/inc\/uploads\/2018\/07\/capa.png\" \/>\n\t<meta property=\"og:image:width\" content=\"1350\" \/>\n\t<meta property=\"og:image:height\" content=\"900\" \/>\n\t<meta property=\"og:image:type\" content=\"image\/png\" \/>\n<meta name=\"author\" content=\"Comunica\u00e7\u00e3o PSOL\" \/>\n<meta name=\"twitter:card\" content=\"summary_large_image\" \/>\n<meta name=\"twitter:creator\" content=\"@psol50\" \/>\n<meta name=\"twitter:site\" content=\"@psol50\" \/>\n<meta name=\"twitter:label1\" content=\"Escrito por\" \/>\n\t<meta name=\"twitter:data1\" content=\"Comunica\u00e7\u00e3o PSOL\" \/>\n\t<meta name=\"twitter:label2\" content=\"Est. tempo de leitura\" \/>\n\t<meta name=\"twitter:data2\" content=\"3 minutos\" \/>\n<script type=\"application\/ld+json\" class=\"yoast-schema-graph\">{\"@context\":\"https:\/\/schema.org\",\"@graph\":[{\"@type\":\"Article\",\"@id\":\"https:\/\/psol50.org.br\/chico-alencar-democracia-na-avenida\/#article\",\"isPartOf\":{\"@id\":\"https:\/\/psol50.org.br\/chico-alencar-democracia-na-avenida\/\"},\"author\":{\"name\":\"Comunica\u00e7\u00e3o PSOL\",\"@id\":\"https:\/\/psol50.org.br\/#\/schema\/person\/475dfa57d0b815993c714c2e96491fcd\"},\"headline\":\"CHICO ALENCAR: Democracia na avenida\",\"datePublished\":\"2016-02-05T19:21:56+00:00\",\"mainEntityOfPage\":{\"@id\":\"https:\/\/psol50.org.br\/chico-alencar-democracia-na-avenida\/\"},\"wordCount\":520,\"commentCount\":0,\"publisher\":{\"@id\":\"https:\/\/psol50.org.br\/#organization\"},\"image\":{\"@id\":\"https:\/\/psol50.org.br\/chico-alencar-democracia-na-avenida\/#primaryimage\"},\"thumbnailUrl\":\"\",\"keywords\":[\"Boaventura de Sousa Santos\",\"carnaval\",\"Chico Alencar\",\"democracia\",\"pol\u00edtica\",\"Z\u00e9 Pereira\"],\"articleSection\":[\"Artigos\",\"Brasil\"],\"inLanguage\":\"pt-BR\",\"potentialAction\":[{\"@type\":\"CommentAction\",\"name\":\"Comment\",\"target\":[\"https:\/\/psol50.org.br\/chico-alencar-democracia-na-avenida\/#respond\"]}]},{\"@type\":\"WebPage\",\"@id\":\"https:\/\/psol50.org.br\/chico-alencar-democracia-na-avenida\/\",\"url\":\"https:\/\/psol50.org.br\/chico-alencar-democracia-na-avenida\/\",\"name\":\"CHICO ALENCAR: Democracia na avenida - PSOL 50\",\"isPartOf\":{\"@id\":\"https:\/\/psol50.org.br\/#website\"},\"primaryImageOfPage\":{\"@id\":\"https:\/\/psol50.org.br\/chico-alencar-democracia-na-avenida\/#primaryimage\"},\"image\":{\"@id\":\"https:\/\/psol50.org.br\/chico-alencar-democracia-na-avenida\/#primaryimage\"},\"thumbnailUrl\":\"\",\"datePublished\":\"2016-02-05T19:21:56+00:00\",\"breadcrumb\":{\"@id\":\"https:\/\/psol50.org.br\/chico-alencar-democracia-na-avenida\/#breadcrumb\"},\"inLanguage\":\"pt-BR\",\"potentialAction\":[{\"@type\":\"ReadAction\",\"target\":[\"https:\/\/psol50.org.br\/chico-alencar-democracia-na-avenida\/\"]}]},{\"@type\":\"ImageObject\",\"inLanguage\":\"pt-BR\",\"@id\":\"https:\/\/psol50.org.br\/chico-alencar-democracia-na-avenida\/#primaryimage\",\"url\":\"\",\"contentUrl\":\"\"},{\"@type\":\"BreadcrumbList\",\"@id\":\"https:\/\/psol50.org.br\/chico-alencar-democracia-na-avenida\/#breadcrumb\",\"itemListElement\":[{\"@type\":\"ListItem\",\"position\":1,\"name\":\"In\u00edcio\",\"item\":\"https:\/\/psol50.org.br\/\"},{\"@type\":\"ListItem\",\"position\":2,\"name\":\"CHICO ALENCAR: Democracia na avenida\"}]},{\"@type\":\"WebSite\",\"@id\":\"https:\/\/psol50.org.br\/#website\",\"url\":\"https:\/\/psol50.org.br\/\",\"name\":\"PSOL 50\",\"description\":\"Site oficial do Partido Socialismo e Liberdade\",\"publisher\":{\"@id\":\"https:\/\/psol50.org.br\/#organization\"},\"alternateName\":\"PSOL50\",\"potentialAction\":[{\"@type\":\"SearchAction\",\"target\":{\"@type\":\"EntryPoint\",\"urlTemplate\":\"https:\/\/psol50.org.br\/?s={search_term_string}\"},\"query-input\":{\"@type\":\"PropertyValueSpecification\",\"valueRequired\":true,\"valueName\":\"search_term_string\"}}],\"inLanguage\":\"pt-BR\"},{\"@type\":\"Organization\",\"@id\":\"https:\/\/psol50.org.br\/#organization\",\"name\":\"PSOL 50\",\"alternateName\":\"PSOL 50\",\"url\":\"https:\/\/psol50.org.br\/\",\"logo\":{\"@type\":\"ImageObject\",\"inLanguage\":\"pt-BR\",\"@id\":\"https:\/\/psol50.org.br\/#\/schema\/logo\/image\/\",\"url\":\"https:\/\/psol50.org.br\/inc\/uploads\/2018\/07\/capa.png\",\"contentUrl\":\"https:\/\/psol50.org.br\/inc\/uploads\/2018\/07\/capa.png\",\"width\":1350,\"height\":900,\"caption\":\"PSOL 50\"},\"image\":{\"@id\":\"https:\/\/psol50.org.br\/#\/schema\/logo\/image\/\"},\"sameAs\":[\"https:\/\/www.facebook.com\/psol50\",\"https:\/\/x.com\/psol50\",\"https:\/\/www.instagram.com\/psol50\/\",\"https:\/\/www.youtube.com\/channel\/UC7SnJS5o1os7a6CaiNabzcg\"]},{\"@type\":\"Person\",\"@id\":\"https:\/\/psol50.org.br\/#\/schema\/person\/475dfa57d0b815993c714c2e96491fcd\",\"name\":\"Comunica\u00e7\u00e3o PSOL\",\"image\":{\"@type\":\"ImageObject\",\"inLanguage\":\"pt-BR\",\"@id\":\"https:\/\/psol50.org.br\/#\/schema\/person\/image\/\",\"url\":\"https:\/\/secure.gravatar.com\/avatar\/b34fc4f4e468a4e51785917065a3db57b841f5c95dba6ad8c73aaf8f66f8f9bf?s=96&d=mm&r=g\",\"contentUrl\":\"https:\/\/secure.gravatar.com\/avatar\/b34fc4f4e468a4e51785917065a3db57b841f5c95dba6ad8c73aaf8f66f8f9bf?s=96&d=mm&r=g\",\"caption\":\"Comunica\u00e7\u00e3o PSOL\"}}]}<\/script>\n<!-- \/ Yoast SEO plugin. -->","yoast_head_json":{"title":"CHICO ALENCAR: Democracia na avenida - PSOL 50","robots":{"index":"index","follow":"follow","max-snippet":"max-snippet:-1","max-image-preview":"max-image-preview:large","max-video-preview":"max-video-preview:-1"},"canonical":"https:\/\/psol50.org.br\/chico-alencar-democracia-na-avenida\/","og_locale":"pt_BR","og_type":"article","og_title":"CHICO ALENCAR: Democracia na avenida - PSOL 50","og_description":"Solu\u00e7\u00e3o profunda para a crise \u00e9 democratizar A crise faz com que alguns considerem que nem deveria haver carnaval! Mas, al\u00e9m da boa perman\u00eancia dessa festa popular, h\u00e1 uma met\u00e1fora poss\u00edvel, para animar at\u00e9 quem n\u00e3o \u00e9 renitente foli\u00e3o: na esburacada passarela Brasil, a Unidos da Democratiza\u00e7\u00e3o pede passagem. Ouso afirmar que a solu\u00e7\u00e3o profunda [&hellip;]","og_url":"https:\/\/psol50.org.br\/chico-alencar-democracia-na-avenida\/","og_site_name":"PSOL 50","article_publisher":"https:\/\/www.facebook.com\/psol50","article_published_time":"2016-02-05T19:21:56+00:00","og_image":[{"width":1350,"height":900,"url":"https:\/\/psol50.org.br\/inc\/uploads\/2018\/07\/capa.png","type":"image\/png"}],"author":"Comunica\u00e7\u00e3o PSOL","twitter_card":"summary_large_image","twitter_creator":"@psol50","twitter_site":"@psol50","twitter_misc":{"Escrito por":"Comunica\u00e7\u00e3o PSOL","Est. tempo de leitura":"3 minutos"},"schema":{"@context":"https:\/\/schema.org","@graph":[{"@type":"Article","@id":"https:\/\/psol50.org.br\/chico-alencar-democracia-na-avenida\/#article","isPartOf":{"@id":"https:\/\/psol50.org.br\/chico-alencar-democracia-na-avenida\/"},"author":{"name":"Comunica\u00e7\u00e3o PSOL","@id":"https:\/\/psol50.org.br\/#\/schema\/person\/475dfa57d0b815993c714c2e96491fcd"},"headline":"CHICO ALENCAR: Democracia na avenida","datePublished":"2016-02-05T19:21:56+00:00","mainEntityOfPage":{"@id":"https:\/\/psol50.org.br\/chico-alencar-democracia-na-avenida\/"},"wordCount":520,"commentCount":0,"publisher":{"@id":"https:\/\/psol50.org.br\/#organization"},"image":{"@id":"https:\/\/psol50.org.br\/chico-alencar-democracia-na-avenida\/#primaryimage"},"thumbnailUrl":"","keywords":["Boaventura de Sousa Santos","carnaval","Chico Alencar","democracia","pol\u00edtica","Z\u00e9 Pereira"],"articleSection":["Artigos","Brasil"],"inLanguage":"pt-BR","potentialAction":[{"@type":"CommentAction","name":"Comment","target":["https:\/\/psol50.org.br\/chico-alencar-democracia-na-avenida\/#respond"]}]},{"@type":"WebPage","@id":"https:\/\/psol50.org.br\/chico-alencar-democracia-na-avenida\/","url":"https:\/\/psol50.org.br\/chico-alencar-democracia-na-avenida\/","name":"CHICO ALENCAR: Democracia na avenida - PSOL 50","isPartOf":{"@id":"https:\/\/psol50.org.br\/#website"},"primaryImageOfPage":{"@id":"https:\/\/psol50.org.br\/chico-alencar-democracia-na-avenida\/#primaryimage"},"image":{"@id":"https:\/\/psol50.org.br\/chico-alencar-democracia-na-avenida\/#primaryimage"},"thumbnailUrl":"","datePublished":"2016-02-05T19:21:56+00:00","breadcrumb":{"@id":"https:\/\/psol50.org.br\/chico-alencar-democracia-na-avenida\/#breadcrumb"},"inLanguage":"pt-BR","potentialAction":[{"@type":"ReadAction","target":["https:\/\/psol50.org.br\/chico-alencar-democracia-na-avenida\/"]}]},{"@type":"ImageObject","inLanguage":"pt-BR","@id":"https:\/\/psol50.org.br\/chico-alencar-democracia-na-avenida\/#primaryimage","url":"","contentUrl":""},{"@type":"BreadcrumbList","@id":"https:\/\/psol50.org.br\/chico-alencar-democracia-na-avenida\/#breadcrumb","itemListElement":[{"@type":"ListItem","position":1,"name":"In\u00edcio","item":"https:\/\/psol50.org.br\/"},{"@type":"ListItem","position":2,"name":"CHICO ALENCAR: Democracia na avenida"}]},{"@type":"WebSite","@id":"https:\/\/psol50.org.br\/#website","url":"https:\/\/psol50.org.br\/","name":"PSOL 50","description":"Site oficial do Partido Socialismo e Liberdade","publisher":{"@id":"https:\/\/psol50.org.br\/#organization"},"alternateName":"PSOL50","potentialAction":[{"@type":"SearchAction","target":{"@type":"EntryPoint","urlTemplate":"https:\/\/psol50.org.br\/?s={search_term_string}"},"query-input":{"@type":"PropertyValueSpecification","valueRequired":true,"valueName":"search_term_string"}}],"inLanguage":"pt-BR"},{"@type":"Organization","@id":"https:\/\/psol50.org.br\/#organization","name":"PSOL 50","alternateName":"PSOL 50","url":"https:\/\/psol50.org.br\/","logo":{"@type":"ImageObject","inLanguage":"pt-BR","@id":"https:\/\/psol50.org.br\/#\/schema\/logo\/image\/","url":"https:\/\/psol50.org.br\/inc\/uploads\/2018\/07\/capa.png","contentUrl":"https:\/\/psol50.org.br\/inc\/uploads\/2018\/07\/capa.png","width":1350,"height":900,"caption":"PSOL 50"},"image":{"@id":"https:\/\/psol50.org.br\/#\/schema\/logo\/image\/"},"sameAs":["https:\/\/www.facebook.com\/psol50","https:\/\/x.com\/psol50","https:\/\/www.instagram.com\/psol50\/","https:\/\/www.youtube.com\/channel\/UC7SnJS5o1os7a6CaiNabzcg"]},{"@type":"Person","@id":"https:\/\/psol50.org.br\/#\/schema\/person\/475dfa57d0b815993c714c2e96491fcd","name":"Comunica\u00e7\u00e3o PSOL","image":{"@type":"ImageObject","inLanguage":"pt-BR","@id":"https:\/\/psol50.org.br\/#\/schema\/person\/image\/","url":"https:\/\/secure.gravatar.com\/avatar\/b34fc4f4e468a4e51785917065a3db57b841f5c95dba6ad8c73aaf8f66f8f9bf?s=96&d=mm&r=g","contentUrl":"https:\/\/secure.gravatar.com\/avatar\/b34fc4f4e468a4e51785917065a3db57b841f5c95dba6ad8c73aaf8f66f8f9bf?s=96&d=mm&r=g","caption":"Comunica\u00e7\u00e3o PSOL"}}]}},"_links":{"self":[{"href":"https:\/\/psol50.org.br\/rest\/wp\/v2\/posts\/11211","targetHints":{"allow":["GET"]}}],"collection":[{"href":"https:\/\/psol50.org.br\/rest\/wp\/v2\/posts"}],"about":[{"href":"https:\/\/psol50.org.br\/rest\/wp\/v2\/types\/post"}],"author":[{"embeddable":true,"href":"https:\/\/psol50.org.br\/rest\/wp\/v2\/users\/2"}],"replies":[{"embeddable":true,"href":"https:\/\/psol50.org.br\/rest\/wp\/v2\/comments?post=11211"}],"version-history":[{"count":0,"href":"https:\/\/psol50.org.br\/rest\/wp\/v2\/posts\/11211\/revisions"}],"wp:featuredmedia":[{"embeddable":true,"href":"https:\/\/psol50.org.br\/rest\/"}],"wp:attachment":[{"href":"https:\/\/psol50.org.br\/rest\/wp\/v2\/media?parent=11211"}],"wp:term":[{"taxonomy":"category","embeddable":true,"href":"https:\/\/psol50.org.br\/rest\/wp\/v2\/categories?post=11211"},{"taxonomy":"post_tag","embeddable":true,"href":"https:\/\/psol50.org.br\/rest\/wp\/v2\/tags?post=11211"}],"curies":[{"name":"wp","href":"https:\/\/api.w.org\/{rel}","templated":true}]}}