{"id":11222,"date":"2016-02-11T19:45:51","date_gmt":"2016-02-11T19:45:51","guid":{"rendered":"http:\/\/www.psol50.org.br\/?p=11222"},"modified":"2016-02-11T19:45:51","modified_gmt":"2016-02-11T19:45:51","slug":"nova-lista-suja-traz-340-nomes-flagrados-por-trabalho-escravo","status":"publish","type":"post","link":"https:\/\/psol50.org.br\/nova-lista-suja-traz-340-nomes-flagrados-por-trabalho-escravo\/","title":{"rendered":"Nova &#8220;lista&#8221; suja traz 340 nomes flagrados por trabalho escravo"},"content":{"rendered":"<p><span style=\"font-size: 12px;\">Fonte: <em>Rep\u00f3rter Brasil<\/em><\/span><\/p>\n<p><em>Com base na Lei de Acesso \u00e0 Informa\u00e7\u00e3o, \u201cLista de Transpar\u00eancia\u201d traz dados do Minist\u00e9rio do Trabalho e Previd\u00eancia Social com autuados em decorr\u00eancia de caracteriza\u00e7\u00e3o de trabalho an\u00e1logo ao de escravo e que tiveram decis\u00e3o administrativa final entre 12\/2013 e 12\/2015<\/em><\/p>\n<p>Uma liminar concedida pelo Supremo Tribunal Federal impedindo o governo federal de divulgar a \u201clista suja\u201d do trabalho escravo, no final do ano passado, continua em vigor. Por conta disso, a Rep\u00f3rter Brasil e o Instituto do Pacto Nacional para a Erradica\u00e7\u00e3o do Trabalho Escravo (InPACTO) solicitaram com base na Lei de Acesso \u00e0 Informa\u00e7\u00e3o (12.527\/2012) que o Minist\u00e9rio do Trabalho e Previd\u00eancia Social (respons\u00e1vel pela lista desde 2003) fornecesse os dados dos empregadores autuados em decorr\u00eancia de caracteriza\u00e7\u00e3o de trabalho an\u00e1logo ao de escravo e que tiveram decis\u00e3o administrativa final, entre dezembro de 2013 e dezembro de 2015.<\/p>\n<p>O extrato com o resultado, recebido pelas organiza\u00e7\u00f5es na \u00faltima sexta-feira (5), pode ser conferido <u><a href=\"http:\/\/reporterbrasil.org.br\/inc\/uploads\/2016\/02\/listadetransparencia_fevereiro2016.pdf\">aqui<\/a><\/u>.<\/p>\n<p>A primeira solicita\u00e7\u00e3o dessa listagem com base na Lei de Acesso \u00e0 Informa\u00e7\u00e3o foi divulgada em mar\u00e7o do ano passado, trouxe os casos entre dezembro de 2012 e dezembro de 2014. A segunda, divulgada em setembro, envolveu o per\u00edodo de maio de 2013 a maio de 2015.<\/p>\n<p>O objetivo das organiza\u00e7\u00f5es ao veicular essa \u201cLista de Transpar\u00eancia sobre Trabalho Escravo Contempor\u00e2neo no Brasil\u201d \u00e9 garantir o direito da sociedade e do setor empresarial \u00e0 transpar\u00eancia sobre o tema, fornecendo informa\u00e7\u00f5es sobre os flagrantes confirmados por trabalho an\u00e1logo ao de escravo, realizados pelo governo.<\/p>\n<p><strong>Suspens\u00e3o pelo STF<br \/>\n<\/strong>Em meio ao plant\u00e3o do recesso de final de ano, o Supremo Tribunal Federal garantiu uma liminar \u00e0 Associa\u00e7\u00e3o Brasileira de Incorporadoras Imobili\u00e1rias (Abrainc) suspendendo a \u201clista suja\u201d do trabalho escravo (cadastro de empregadores flagrados com esse tipo de m\u00e3o de obra). A entidade questionou a constitucionalidade do cadastro, afirmando, entre outros argumentos, que ele deveria ser organizado por uma lei espec\u00edfica e n\u00e3o uma portaria interministerial, como \u00e9 hoje.<\/p>\n<p>Os nomes permaneciam na \u201clista suja\u201d por, pelo menos, dois anos, per\u00edodo durante o qual o empregador deveria fazer as corre\u00e7\u00f5es necess\u00e1rias para que o problema n\u00e3o voltasse a acontecer e quitasse as pend\u00eancias com o poder p\u00fablico. O cadastro, criado em 2003, \u00e9 um dos principais instrumentos no combate a esse crime e tido como refer\u00eancia pelas Na\u00e7\u00f5es Unidas. At\u00e9 agora, o governo federal n\u00e3o\u00a0conseguiu ca\u00e7ar a liminar que levou \u00e0 suspens\u00e3o da \u201clista suja\u201d. O Supremo Tribunal Federal n\u00e3o possui prazo para julgar a A\u00e7\u00e3o Direta de Inconstitucionalidade contra o instrumento.<\/p>\n<p><a href=\"http:\/\/reporterbrasil.org.br\/2016\/02\/nova-lista-de-transparencia-traz-340-nomes-flagrados-por-trabalho-escravo\/\">Leia o texto completo sobre a \u201clista suja\u201d<\/a>.<\/p>\n<p>&nbsp;<\/p>\n","protected":false},"excerpt":{"rendered":"<p>Fonte: Rep\u00f3rter Brasil Com base na Lei de Acesso \u00e0 Informa\u00e7\u00e3o, \u201cLista de Transpar\u00eancia\u201d traz dados do Minist\u00e9rio do Trabalho e Previd\u00eancia Social com autuados em decorr\u00eancia de caracteriza\u00e7\u00e3o de trabalho an\u00e1logo ao de escravo e que tiveram decis\u00e3o administrativa final entre 12\/2013 e 12\/2015 Uma liminar concedida pelo Supremo Tribunal Federal impedindo o governo [&hellip;]<\/p>\n","protected":false},"author":2,"featured_media":11223,"comment_status":"open","ping_status":"open","sticky":false,"template":"","format":"standard","meta":{"_acf_changed":false,"footnotes":""},"categories":[1882,6],"tags":[3978,1695,3979,2198,3668],"class_list":{"0":"post-11222","1":"post","2":"type-post","3":"status-publish","4":"format-standard","5":"has-post-thumbnail","7":"category-brasil","8":"category-noticias","9":"tag-instituto-do-pacto-nacional-para-a-erradicacao-do-trabalho-escravo","10":"tag-lei-de-acesso-a-informacao","11":"tag-ministerio-do-trabalho-e-previdencia-social","12":"tag-reporter-brasil","13":"tag-trabalho-escravo"},"acf":[],"yoast_head":"<!-- This site is optimized with the Yoast SEO plugin v26.5 - https:\/\/yoast.com\/wordpress\/plugins\/seo\/ -->\n<title>Nova &quot;lista&quot; suja traz 340 nomes flagrados por trabalho escravo - PSOL 50<\/title>\n<meta name=\"robots\" content=\"index, follow, max-snippet:-1, max-image-preview:large, max-video-preview:-1\" \/>\n<link rel=\"canonical\" href=\"https:\/\/psol50.org.br\/nova-lista-suja-traz-340-nomes-flagrados-por-trabalho-escravo\/\" \/>\n<meta property=\"og:locale\" content=\"pt_BR\" \/>\n<meta property=\"og:type\" content=\"article\" \/>\n<meta property=\"og:title\" content=\"Nova &quot;lista&quot; suja traz 340 nomes flagrados por trabalho escravo - PSOL 50\" \/>\n<meta property=\"og:description\" content=\"Fonte: Rep\u00f3rter Brasil Com base na Lei de Acesso \u00e0 Informa\u00e7\u00e3o, \u201cLista de Transpar\u00eancia\u201d traz dados do Minist\u00e9rio do Trabalho e Previd\u00eancia Social com autuados em decorr\u00eancia de caracteriza\u00e7\u00e3o de trabalho an\u00e1logo ao de escravo e que tiveram decis\u00e3o administrativa final entre 12\/2013 e 12\/2015 Uma liminar concedida pelo Supremo Tribunal Federal impedindo o governo [&hellip;]\" \/>\n<meta property=\"og:url\" content=\"https:\/\/psol50.org.br\/nova-lista-suja-traz-340-nomes-flagrados-por-trabalho-escravo\/\" \/>\n<meta property=\"og:site_name\" content=\"PSOL 50\" \/>\n<meta property=\"article:publisher\" content=\"https:\/\/www.facebook.com\/psol50\" \/>\n<meta property=\"article:published_time\" content=\"2016-02-11T19:45:51+00:00\" \/>\n<meta property=\"og:image\" content=\"https:\/\/psol50.org.br\/inc\/uploads\/2018\/07\/capa.png\" \/>\n\t<meta property=\"og:image:width\" content=\"1350\" \/>\n\t<meta property=\"og:image:height\" content=\"900\" \/>\n\t<meta property=\"og:image:type\" content=\"image\/png\" \/>\n<meta name=\"author\" content=\"Comunica\u00e7\u00e3o PSOL\" \/>\n<meta name=\"twitter:card\" content=\"summary_large_image\" \/>\n<meta name=\"twitter:creator\" content=\"@psol50\" \/>\n<meta name=\"twitter:site\" content=\"@psol50\" \/>\n<meta name=\"twitter:label1\" content=\"Escrito por\" \/>\n\t<meta name=\"twitter:data1\" content=\"Comunica\u00e7\u00e3o PSOL\" \/>\n\t<meta name=\"twitter:label2\" content=\"Est. tempo de leitura\" \/>\n\t<meta name=\"twitter:data2\" content=\"2 minutos\" \/>\n<script type=\"application\/ld+json\" class=\"yoast-schema-graph\">{\"@context\":\"https:\/\/schema.org\",\"@graph\":[{\"@type\":\"Article\",\"@id\":\"https:\/\/psol50.org.br\/nova-lista-suja-traz-340-nomes-flagrados-por-trabalho-escravo\/#article\",\"isPartOf\":{\"@id\":\"https:\/\/psol50.org.br\/nova-lista-suja-traz-340-nomes-flagrados-por-trabalho-escravo\/\"},\"author\":{\"name\":\"Comunica\u00e7\u00e3o PSOL\",\"@id\":\"https:\/\/psol50.org.br\/#\/schema\/person\/475dfa57d0b815993c714c2e96491fcd\"},\"headline\":\"Nova &#8220;lista&#8221; suja traz 340 nomes flagrados por trabalho escravo\",\"datePublished\":\"2016-02-11T19:45:51+00:00\",\"mainEntityOfPage\":{\"@id\":\"https:\/\/psol50.org.br\/nova-lista-suja-traz-340-nomes-flagrados-por-trabalho-escravo\/\"},\"wordCount\":467,\"commentCount\":0,\"publisher\":{\"@id\":\"https:\/\/psol50.org.br\/#organization\"},\"image\":{\"@id\":\"https:\/\/psol50.org.br\/nova-lista-suja-traz-340-nomes-flagrados-por-trabalho-escravo\/#primaryimage\"},\"thumbnailUrl\":\"\",\"keywords\":[\"Instituto do Pacto Nacional para a Erradica\u00e7\u00e3o do Trabalho Escravo\",\"Lei de Acesso \u00e0 Informa\u00e7\u00e3o\",\"Minist\u00e9rio do Trabalho e Previd\u00eancia Social\",\"Rep\u00f3rter Brasil\",\"trabalho escravo\"],\"articleSection\":[\"Brasil\",\"Not\u00edcias\"],\"inLanguage\":\"pt-BR\",\"potentialAction\":[{\"@type\":\"CommentAction\",\"name\":\"Comment\",\"target\":[\"https:\/\/psol50.org.br\/nova-lista-suja-traz-340-nomes-flagrados-por-trabalho-escravo\/#respond\"]}]},{\"@type\":\"WebPage\",\"@id\":\"https:\/\/psol50.org.br\/nova-lista-suja-traz-340-nomes-flagrados-por-trabalho-escravo\/\",\"url\":\"https:\/\/psol50.org.br\/nova-lista-suja-traz-340-nomes-flagrados-por-trabalho-escravo\/\",\"name\":\"Nova \\\"lista\\\" suja traz 340 nomes flagrados por trabalho escravo - PSOL 50\",\"isPartOf\":{\"@id\":\"https:\/\/psol50.org.br\/#website\"},\"primaryImageOfPage\":{\"@id\":\"https:\/\/psol50.org.br\/nova-lista-suja-traz-340-nomes-flagrados-por-trabalho-escravo\/#primaryimage\"},\"image\":{\"@id\":\"https:\/\/psol50.org.br\/nova-lista-suja-traz-340-nomes-flagrados-por-trabalho-escravo\/#primaryimage\"},\"thumbnailUrl\":\"\",\"datePublished\":\"2016-02-11T19:45:51+00:00\",\"breadcrumb\":{\"@id\":\"https:\/\/psol50.org.br\/nova-lista-suja-traz-340-nomes-flagrados-por-trabalho-escravo\/#breadcrumb\"},\"inLanguage\":\"pt-BR\",\"potentialAction\":[{\"@type\":\"ReadAction\",\"target\":[\"https:\/\/psol50.org.br\/nova-lista-suja-traz-340-nomes-flagrados-por-trabalho-escravo\/\"]}]},{\"@type\":\"ImageObject\",\"inLanguage\":\"pt-BR\",\"@id\":\"https:\/\/psol50.org.br\/nova-lista-suja-traz-340-nomes-flagrados-por-trabalho-escravo\/#primaryimage\",\"url\":\"\",\"contentUrl\":\"\"},{\"@type\":\"BreadcrumbList\",\"@id\":\"https:\/\/psol50.org.br\/nova-lista-suja-traz-340-nomes-flagrados-por-trabalho-escravo\/#breadcrumb\",\"itemListElement\":[{\"@type\":\"ListItem\",\"position\":1,\"name\":\"In\u00edcio\",\"item\":\"https:\/\/psol50.org.br\/\"},{\"@type\":\"ListItem\",\"position\":2,\"name\":\"Nova &#8220;lista&#8221; suja traz 340 nomes flagrados por trabalho escravo\"}]},{\"@type\":\"WebSite\",\"@id\":\"https:\/\/psol50.org.br\/#website\",\"url\":\"https:\/\/psol50.org.br\/\",\"name\":\"PSOL 50\",\"description\":\"Site oficial do Partido Socialismo e Liberdade\",\"publisher\":{\"@id\":\"https:\/\/psol50.org.br\/#organization\"},\"alternateName\":\"PSOL50\",\"potentialAction\":[{\"@type\":\"SearchAction\",\"target\":{\"@type\":\"EntryPoint\",\"urlTemplate\":\"https:\/\/psol50.org.br\/?s={search_term_string}\"},\"query-input\":{\"@type\":\"PropertyValueSpecification\",\"valueRequired\":true,\"valueName\":\"search_term_string\"}}],\"inLanguage\":\"pt-BR\"},{\"@type\":\"Organization\",\"@id\":\"https:\/\/psol50.org.br\/#organization\",\"name\":\"PSOL 50\",\"alternateName\":\"PSOL 50\",\"url\":\"https:\/\/psol50.org.br\/\",\"logo\":{\"@type\":\"ImageObject\",\"inLanguage\":\"pt-BR\",\"@id\":\"https:\/\/psol50.org.br\/#\/schema\/logo\/image\/\",\"url\":\"https:\/\/psol50.org.br\/inc\/uploads\/2018\/07\/capa.png\",\"contentUrl\":\"https:\/\/psol50.org.br\/inc\/uploads\/2018\/07\/capa.png\",\"width\":1350,\"height\":900,\"caption\":\"PSOL 50\"},\"image\":{\"@id\":\"https:\/\/psol50.org.br\/#\/schema\/logo\/image\/\"},\"sameAs\":[\"https:\/\/www.facebook.com\/psol50\",\"https:\/\/x.com\/psol50\",\"https:\/\/www.instagram.com\/psol50\/\",\"https:\/\/www.youtube.com\/channel\/UC7SnJS5o1os7a6CaiNabzcg\"]},{\"@type\":\"Person\",\"@id\":\"https:\/\/psol50.org.br\/#\/schema\/person\/475dfa57d0b815993c714c2e96491fcd\",\"name\":\"Comunica\u00e7\u00e3o PSOL\",\"image\":{\"@type\":\"ImageObject\",\"inLanguage\":\"pt-BR\",\"@id\":\"https:\/\/psol50.org.br\/#\/schema\/person\/image\/\",\"url\":\"https:\/\/secure.gravatar.com\/avatar\/b34fc4f4e468a4e51785917065a3db57b841f5c95dba6ad8c73aaf8f66f8f9bf?s=96&d=mm&r=g\",\"contentUrl\":\"https:\/\/secure.gravatar.com\/avatar\/b34fc4f4e468a4e51785917065a3db57b841f5c95dba6ad8c73aaf8f66f8f9bf?s=96&d=mm&r=g\",\"caption\":\"Comunica\u00e7\u00e3o PSOL\"}}]}<\/script>\n<!-- \/ Yoast SEO plugin. -->","yoast_head_json":{"title":"Nova \"lista\" suja traz 340 nomes flagrados por trabalho escravo - PSOL 50","robots":{"index":"index","follow":"follow","max-snippet":"max-snippet:-1","max-image-preview":"max-image-preview:large","max-video-preview":"max-video-preview:-1"},"canonical":"https:\/\/psol50.org.br\/nova-lista-suja-traz-340-nomes-flagrados-por-trabalho-escravo\/","og_locale":"pt_BR","og_type":"article","og_title":"Nova \"lista\" suja traz 340 nomes flagrados por trabalho escravo - PSOL 50","og_description":"Fonte: Rep\u00f3rter Brasil Com base na Lei de Acesso \u00e0 Informa\u00e7\u00e3o, \u201cLista de Transpar\u00eancia\u201d traz dados do Minist\u00e9rio do Trabalho e Previd\u00eancia Social com autuados em decorr\u00eancia de caracteriza\u00e7\u00e3o de trabalho an\u00e1logo ao de escravo e que tiveram decis\u00e3o administrativa final entre 12\/2013 e 12\/2015 Uma liminar concedida pelo Supremo Tribunal Federal impedindo o governo [&hellip;]","og_url":"https:\/\/psol50.org.br\/nova-lista-suja-traz-340-nomes-flagrados-por-trabalho-escravo\/","og_site_name":"PSOL 50","article_publisher":"https:\/\/www.facebook.com\/psol50","article_published_time":"2016-02-11T19:45:51+00:00","og_image":[{"width":1350,"height":900,"url":"https:\/\/psol50.org.br\/inc\/uploads\/2018\/07\/capa.png","type":"image\/png"}],"author":"Comunica\u00e7\u00e3o PSOL","twitter_card":"summary_large_image","twitter_creator":"@psol50","twitter_site":"@psol50","twitter_misc":{"Escrito por":"Comunica\u00e7\u00e3o PSOL","Est. tempo de leitura":"2 minutos"},"schema":{"@context":"https:\/\/schema.org","@graph":[{"@type":"Article","@id":"https:\/\/psol50.org.br\/nova-lista-suja-traz-340-nomes-flagrados-por-trabalho-escravo\/#article","isPartOf":{"@id":"https:\/\/psol50.org.br\/nova-lista-suja-traz-340-nomes-flagrados-por-trabalho-escravo\/"},"author":{"name":"Comunica\u00e7\u00e3o PSOL","@id":"https:\/\/psol50.org.br\/#\/schema\/person\/475dfa57d0b815993c714c2e96491fcd"},"headline":"Nova &#8220;lista&#8221; suja traz 340 nomes flagrados por trabalho escravo","datePublished":"2016-02-11T19:45:51+00:00","mainEntityOfPage":{"@id":"https:\/\/psol50.org.br\/nova-lista-suja-traz-340-nomes-flagrados-por-trabalho-escravo\/"},"wordCount":467,"commentCount":0,"publisher":{"@id":"https:\/\/psol50.org.br\/#organization"},"image":{"@id":"https:\/\/psol50.org.br\/nova-lista-suja-traz-340-nomes-flagrados-por-trabalho-escravo\/#primaryimage"},"thumbnailUrl":"","keywords":["Instituto do Pacto Nacional para a Erradica\u00e7\u00e3o do Trabalho Escravo","Lei de Acesso \u00e0 Informa\u00e7\u00e3o","Minist\u00e9rio do Trabalho e Previd\u00eancia Social","Rep\u00f3rter Brasil","trabalho escravo"],"articleSection":["Brasil","Not\u00edcias"],"inLanguage":"pt-BR","potentialAction":[{"@type":"CommentAction","name":"Comment","target":["https:\/\/psol50.org.br\/nova-lista-suja-traz-340-nomes-flagrados-por-trabalho-escravo\/#respond"]}]},{"@type":"WebPage","@id":"https:\/\/psol50.org.br\/nova-lista-suja-traz-340-nomes-flagrados-por-trabalho-escravo\/","url":"https:\/\/psol50.org.br\/nova-lista-suja-traz-340-nomes-flagrados-por-trabalho-escravo\/","name":"Nova \"lista\" suja traz 340 nomes flagrados por trabalho escravo - PSOL 50","isPartOf":{"@id":"https:\/\/psol50.org.br\/#website"},"primaryImageOfPage":{"@id":"https:\/\/psol50.org.br\/nova-lista-suja-traz-340-nomes-flagrados-por-trabalho-escravo\/#primaryimage"},"image":{"@id":"https:\/\/psol50.org.br\/nova-lista-suja-traz-340-nomes-flagrados-por-trabalho-escravo\/#primaryimage"},"thumbnailUrl":"","datePublished":"2016-02-11T19:45:51+00:00","breadcrumb":{"@id":"https:\/\/psol50.org.br\/nova-lista-suja-traz-340-nomes-flagrados-por-trabalho-escravo\/#breadcrumb"},"inLanguage":"pt-BR","potentialAction":[{"@type":"ReadAction","target":["https:\/\/psol50.org.br\/nova-lista-suja-traz-340-nomes-flagrados-por-trabalho-escravo\/"]}]},{"@type":"ImageObject","inLanguage":"pt-BR","@id":"https:\/\/psol50.org.br\/nova-lista-suja-traz-340-nomes-flagrados-por-trabalho-escravo\/#primaryimage","url":"","contentUrl":""},{"@type":"BreadcrumbList","@id":"https:\/\/psol50.org.br\/nova-lista-suja-traz-340-nomes-flagrados-por-trabalho-escravo\/#breadcrumb","itemListElement":[{"@type":"ListItem","position":1,"name":"In\u00edcio","item":"https:\/\/psol50.org.br\/"},{"@type":"ListItem","position":2,"name":"Nova &#8220;lista&#8221; suja traz 340 nomes flagrados por trabalho escravo"}]},{"@type":"WebSite","@id":"https:\/\/psol50.org.br\/#website","url":"https:\/\/psol50.org.br\/","name":"PSOL 50","description":"Site oficial do Partido Socialismo e Liberdade","publisher":{"@id":"https:\/\/psol50.org.br\/#organization"},"alternateName":"PSOL50","potentialAction":[{"@type":"SearchAction","target":{"@type":"EntryPoint","urlTemplate":"https:\/\/psol50.org.br\/?s={search_term_string}"},"query-input":{"@type":"PropertyValueSpecification","valueRequired":true,"valueName":"search_term_string"}}],"inLanguage":"pt-BR"},{"@type":"Organization","@id":"https:\/\/psol50.org.br\/#organization","name":"PSOL 50","alternateName":"PSOL 50","url":"https:\/\/psol50.org.br\/","logo":{"@type":"ImageObject","inLanguage":"pt-BR","@id":"https:\/\/psol50.org.br\/#\/schema\/logo\/image\/","url":"https:\/\/psol50.org.br\/inc\/uploads\/2018\/07\/capa.png","contentUrl":"https:\/\/psol50.org.br\/inc\/uploads\/2018\/07\/capa.png","width":1350,"height":900,"caption":"PSOL 50"},"image":{"@id":"https:\/\/psol50.org.br\/#\/schema\/logo\/image\/"},"sameAs":["https:\/\/www.facebook.com\/psol50","https:\/\/x.com\/psol50","https:\/\/www.instagram.com\/psol50\/","https:\/\/www.youtube.com\/channel\/UC7SnJS5o1os7a6CaiNabzcg"]},{"@type":"Person","@id":"https:\/\/psol50.org.br\/#\/schema\/person\/475dfa57d0b815993c714c2e96491fcd","name":"Comunica\u00e7\u00e3o PSOL","image":{"@type":"ImageObject","inLanguage":"pt-BR","@id":"https:\/\/psol50.org.br\/#\/schema\/person\/image\/","url":"https:\/\/secure.gravatar.com\/avatar\/b34fc4f4e468a4e51785917065a3db57b841f5c95dba6ad8c73aaf8f66f8f9bf?s=96&d=mm&r=g","contentUrl":"https:\/\/secure.gravatar.com\/avatar\/b34fc4f4e468a4e51785917065a3db57b841f5c95dba6ad8c73aaf8f66f8f9bf?s=96&d=mm&r=g","caption":"Comunica\u00e7\u00e3o PSOL"}}]}},"_links":{"self":[{"href":"https:\/\/psol50.org.br\/rest\/wp\/v2\/posts\/11222","targetHints":{"allow":["GET"]}}],"collection":[{"href":"https:\/\/psol50.org.br\/rest\/wp\/v2\/posts"}],"about":[{"href":"https:\/\/psol50.org.br\/rest\/wp\/v2\/types\/post"}],"author":[{"embeddable":true,"href":"https:\/\/psol50.org.br\/rest\/wp\/v2\/users\/2"}],"replies":[{"embeddable":true,"href":"https:\/\/psol50.org.br\/rest\/wp\/v2\/comments?post=11222"}],"version-history":[{"count":0,"href":"https:\/\/psol50.org.br\/rest\/wp\/v2\/posts\/11222\/revisions"}],"wp:featuredmedia":[{"embeddable":true,"href":"https:\/\/psol50.org.br\/rest\/"}],"wp:attachment":[{"href":"https:\/\/psol50.org.br\/rest\/wp\/v2\/media?parent=11222"}],"wp:term":[{"taxonomy":"category","embeddable":true,"href":"https:\/\/psol50.org.br\/rest\/wp\/v2\/categories?post=11222"},{"taxonomy":"post_tag","embeddable":true,"href":"https:\/\/psol50.org.br\/rest\/wp\/v2\/tags?post=11222"}],"curies":[{"name":"wp","href":"https:\/\/api.w.org\/{rel}","templated":true}]}}