{"id":11245,"date":"2016-02-16T18:45:40","date_gmt":"2016-02-16T18:45:40","guid":{"rendered":"http:\/\/www.psol50.org.br\/?p=11245"},"modified":"2016-02-16T18:45:40","modified_gmt":"2016-02-16T18:45:40","slug":"psol-pb-protocola-pedido-de-informacoes-na-camara-de-joao-pessoa-sobre-aumento-de-passagens","status":"publish","type":"post","link":"https:\/\/psol50.org.br\/psol-pb-protocola-pedido-de-informacoes-na-camara-de-joao-pessoa-sobre-aumento-de-passagens\/","title":{"rendered":"PSOL-PB pede \u00e0 C\u00e2mara de Jo\u00e3o Pessoa informa\u00e7\u00f5es sobre aumento de passagens"},"content":{"rendered":"<p>Na manh\u00e3 desta ter\u00e7a-feira (16), em apoio \u00e0s mobiliza\u00e7\u00f5es pela redu\u00e7\u00e3o das passagens em Jo\u00e3o Pessoa\/PB, o presidente estadual do PSOL\/PB, T\u00e1rcio Teixeira, solicitou ao presidente da C\u00e2mara Municipal (<a href=\"http:\/\/www.psol50.org.br\/inc\/uploads\/2016\/02\/Of\u00edcio-Passagem1.jpg\">of\u00edcio<\/a> <a href=\"http:\/\/www.psol50.org.br\/inc\/uploads\/2016\/02\/Of\u00edcio-Passagem1.jpg\">anexo<\/a>) c\u00f3pia das planilhas demonstrativas enviadas pelas empresas concession\u00e1rias e permission\u00e1rias do transporte coletivo urbano \u00e0 C\u00e2mara Municipal. Os demonstrativos s\u00e3o referentes aos meses de janeiro, junho e dezembro de 2015 e ao m\u00eas de janeiro de 2016. O presidente do PSOL tamb\u00e9m solicitou c\u00f3pia dos resultados das an\u00e1lises das planilhas elaborados pela Comiss\u00e3o de Or\u00e7amento e pela Comiss\u00e3o de Desenvolvimento Urbano, Obras, Via\u00e7\u00e3o e Transporte.<\/p>\n<p>Para T\u00e1rcio Teixeira, uma passagem custar R$3,00 em uma cidade do tamanho de Jo\u00e3o Pessoa \u00e9 algo que n\u00e3o cabe na realidade. &#8220;Tr\u00eas aumentos de passagem em menos de um ano \u00e9 algo que, al\u00e9m de n\u00e3o ter base na realidade, tamb\u00e9m n\u00e3o cabe na an\u00e1lise moral do mais imoral gestor p\u00fablico que tenha responsabilidade sob uma concess\u00e3o p\u00fablica. Isso n\u00e3o \u00e9 cuidar das pessoas, mas das empresas&#8221;.<\/p>\n<p>O objetivo do PSOL \u00e9, logo que receber as informa\u00e7\u00f5es por parte da C\u00e2mara Municipal de Jo\u00e3o Pessoa, analisar com os advogados militantes do partido o melhor encaminhamento para o elevado pre\u00e7o das passagens.\u00a0O PSOL\/PB reafirma seu total apoio \u00e0s manifesta\u00e7\u00f5es de rua e ressalta que estar\u00e1 presente, mas lembra que outros caminhos tamb\u00e9m devem ser percorridos para alcan\u00e7ar a redu\u00e7\u00e3o do valor das passagens.<\/p>\n<p>Fonte: <em>PSOL-PB<\/em><\/p>\n<p>&nbsp;<\/p>\n","protected":false},"excerpt":{"rendered":"<p>Na manh\u00e3 desta ter\u00e7a-feira (16), em apoio \u00e0s mobiliza\u00e7\u00f5es pela redu\u00e7\u00e3o das passagens em Jo\u00e3o Pessoa\/PB, o presidente estadual do PSOL\/PB, T\u00e1rcio Teixeira, solicitou ao presidente da C\u00e2mara Municipal (of\u00edcio anexo) c\u00f3pia das planilhas demonstrativas enviadas pelas empresas concession\u00e1rias e permission\u00e1rias do transporte coletivo urbano \u00e0 C\u00e2mara Municipal. Os demonstrativos s\u00e3o referentes aos meses de [&hellip;]<\/p>\n","protected":false},"author":2,"featured_media":11246,"comment_status":"open","ping_status":"open","sticky":false,"template":"","format":"standard","meta":{"_acf_changed":false,"footnotes":""},"categories":[654,6,14],"tags":[3986,3987,3301,3764,1554],"class_list":{"0":"post-11245","1":"post","2":"type-post","3":"status-publish","4":"format-standard","5":"has-post-thumbnail","7":"category-estados","8":"category-noticias","9":"category-partido","10":"tag-aumento-da-tarifa","11":"tag-camara-municipal-de-joao-pessoa","12":"tag-psol-pb","13":"tag-tarcio-teixeira","14":"tag-transporte-publico"},"acf":[],"yoast_head":"<!-- This site is optimized with the Yoast SEO plugin v26.5 - https:\/\/yoast.com\/wordpress\/plugins\/seo\/ -->\n<title>PSOL-PB pede \u00e0 C\u00e2mara de Jo\u00e3o Pessoa informa\u00e7\u00f5es sobre aumento de passagens - PSOL 50<\/title>\n<meta name=\"robots\" content=\"index, follow, max-snippet:-1, max-image-preview:large, max-video-preview:-1\" \/>\n<link rel=\"canonical\" href=\"https:\/\/psol50.org.br\/psol-pb-protocola-pedido-de-informacoes-na-camara-de-joao-pessoa-sobre-aumento-de-passagens\/\" \/>\n<meta property=\"og:locale\" content=\"pt_BR\" \/>\n<meta property=\"og:type\" content=\"article\" \/>\n<meta property=\"og:title\" content=\"PSOL-PB pede \u00e0 C\u00e2mara de Jo\u00e3o Pessoa informa\u00e7\u00f5es sobre aumento de passagens - PSOL 50\" \/>\n<meta property=\"og:description\" content=\"Na manh\u00e3 desta ter\u00e7a-feira (16), em apoio \u00e0s mobiliza\u00e7\u00f5es pela redu\u00e7\u00e3o das passagens em Jo\u00e3o Pessoa\/PB, o presidente estadual do PSOL\/PB, T\u00e1rcio Teixeira, solicitou ao presidente da C\u00e2mara Municipal (of\u00edcio anexo) c\u00f3pia das planilhas demonstrativas enviadas pelas empresas concession\u00e1rias e permission\u00e1rias do transporte coletivo urbano \u00e0 C\u00e2mara Municipal. Os demonstrativos s\u00e3o referentes aos meses de [&hellip;]\" \/>\n<meta property=\"og:url\" content=\"https:\/\/psol50.org.br\/psol-pb-protocola-pedido-de-informacoes-na-camara-de-joao-pessoa-sobre-aumento-de-passagens\/\" \/>\n<meta property=\"og:site_name\" content=\"PSOL 50\" \/>\n<meta property=\"article:publisher\" content=\"https:\/\/www.facebook.com\/psol50\" \/>\n<meta property=\"article:published_time\" content=\"2016-02-16T18:45:40+00:00\" \/>\n<meta property=\"og:image\" content=\"https:\/\/psol50.org.br\/inc\/uploads\/2018\/07\/capa.png\" \/>\n\t<meta property=\"og:image:width\" content=\"1350\" \/>\n\t<meta property=\"og:image:height\" content=\"900\" \/>\n\t<meta property=\"og:image:type\" content=\"image\/png\" \/>\n<meta name=\"author\" content=\"Comunica\u00e7\u00e3o PSOL\" \/>\n<meta name=\"twitter:card\" content=\"summary_large_image\" \/>\n<meta name=\"twitter:creator\" content=\"@psol50\" \/>\n<meta name=\"twitter:site\" content=\"@psol50\" \/>\n<meta name=\"twitter:label1\" content=\"Escrito por\" \/>\n\t<meta name=\"twitter:data1\" content=\"Comunica\u00e7\u00e3o PSOL\" \/>\n\t<meta name=\"twitter:label2\" content=\"Est. tempo de leitura\" \/>\n\t<meta name=\"twitter:data2\" content=\"1 minuto\" \/>\n<script type=\"application\/ld+json\" class=\"yoast-schema-graph\">{\"@context\":\"https:\/\/schema.org\",\"@graph\":[{\"@type\":\"Article\",\"@id\":\"https:\/\/psol50.org.br\/psol-pb-protocola-pedido-de-informacoes-na-camara-de-joao-pessoa-sobre-aumento-de-passagens\/#article\",\"isPartOf\":{\"@id\":\"https:\/\/psol50.org.br\/psol-pb-protocola-pedido-de-informacoes-na-camara-de-joao-pessoa-sobre-aumento-de-passagens\/\"},\"author\":{\"name\":\"Comunica\u00e7\u00e3o PSOL\",\"@id\":\"https:\/\/psol50.org.br\/#\/schema\/person\/475dfa57d0b815993c714c2e96491fcd\"},\"headline\":\"PSOL-PB pede \u00e0 C\u00e2mara de Jo\u00e3o Pessoa informa\u00e7\u00f5es sobre aumento de passagens\",\"datePublished\":\"2016-02-16T18:45:40+00:00\",\"mainEntityOfPage\":{\"@id\":\"https:\/\/psol50.org.br\/psol-pb-protocola-pedido-de-informacoes-na-camara-de-joao-pessoa-sobre-aumento-de-passagens\/\"},\"wordCount\":283,\"commentCount\":0,\"publisher\":{\"@id\":\"https:\/\/psol50.org.br\/#organization\"},\"image\":{\"@id\":\"https:\/\/psol50.org.br\/psol-pb-protocola-pedido-de-informacoes-na-camara-de-joao-pessoa-sobre-aumento-de-passagens\/#primaryimage\"},\"thumbnailUrl\":\"\",\"keywords\":[\"aumento da tarifa\",\"C\u00e2mara Municipal de Jo\u00e3o Pessoa\",\"PSOL-PB\",\"T\u00e1rcio Teixeira\",\"transporte p\u00fablico\"],\"articleSection\":[\"Estados\",\"Not\u00edcias\",\"Partido\"],\"inLanguage\":\"pt-BR\",\"potentialAction\":[{\"@type\":\"CommentAction\",\"name\":\"Comment\",\"target\":[\"https:\/\/psol50.org.br\/psol-pb-protocola-pedido-de-informacoes-na-camara-de-joao-pessoa-sobre-aumento-de-passagens\/#respond\"]}]},{\"@type\":\"WebPage\",\"@id\":\"https:\/\/psol50.org.br\/psol-pb-protocola-pedido-de-informacoes-na-camara-de-joao-pessoa-sobre-aumento-de-passagens\/\",\"url\":\"https:\/\/psol50.org.br\/psol-pb-protocola-pedido-de-informacoes-na-camara-de-joao-pessoa-sobre-aumento-de-passagens\/\",\"name\":\"PSOL-PB pede \u00e0 C\u00e2mara de Jo\u00e3o Pessoa informa\u00e7\u00f5es sobre aumento de passagens - PSOL 50\",\"isPartOf\":{\"@id\":\"https:\/\/psol50.org.br\/#website\"},\"primaryImageOfPage\":{\"@id\":\"https:\/\/psol50.org.br\/psol-pb-protocola-pedido-de-informacoes-na-camara-de-joao-pessoa-sobre-aumento-de-passagens\/#primaryimage\"},\"image\":{\"@id\":\"https:\/\/psol50.org.br\/psol-pb-protocola-pedido-de-informacoes-na-camara-de-joao-pessoa-sobre-aumento-de-passagens\/#primaryimage\"},\"thumbnailUrl\":\"\",\"datePublished\":\"2016-02-16T18:45:40+00:00\",\"breadcrumb\":{\"@id\":\"https:\/\/psol50.org.br\/psol-pb-protocola-pedido-de-informacoes-na-camara-de-joao-pessoa-sobre-aumento-de-passagens\/#breadcrumb\"},\"inLanguage\":\"pt-BR\",\"potentialAction\":[{\"@type\":\"ReadAction\",\"target\":[\"https:\/\/psol50.org.br\/psol-pb-protocola-pedido-de-informacoes-na-camara-de-joao-pessoa-sobre-aumento-de-passagens\/\"]}]},{\"@type\":\"ImageObject\",\"inLanguage\":\"pt-BR\",\"@id\":\"https:\/\/psol50.org.br\/psol-pb-protocola-pedido-de-informacoes-na-camara-de-joao-pessoa-sobre-aumento-de-passagens\/#primaryimage\",\"url\":\"\",\"contentUrl\":\"\"},{\"@type\":\"BreadcrumbList\",\"@id\":\"https:\/\/psol50.org.br\/psol-pb-protocola-pedido-de-informacoes-na-camara-de-joao-pessoa-sobre-aumento-de-passagens\/#breadcrumb\",\"itemListElement\":[{\"@type\":\"ListItem\",\"position\":1,\"name\":\"In\u00edcio\",\"item\":\"https:\/\/psol50.org.br\/\"},{\"@type\":\"ListItem\",\"position\":2,\"name\":\"PSOL-PB pede \u00e0 C\u00e2mara de Jo\u00e3o Pessoa informa\u00e7\u00f5es sobre aumento de passagens\"}]},{\"@type\":\"WebSite\",\"@id\":\"https:\/\/psol50.org.br\/#website\",\"url\":\"https:\/\/psol50.org.br\/\",\"name\":\"PSOL 50\",\"description\":\"Site oficial do Partido Socialismo e Liberdade\",\"publisher\":{\"@id\":\"https:\/\/psol50.org.br\/#organization\"},\"alternateName\":\"PSOL50\",\"potentialAction\":[{\"@type\":\"SearchAction\",\"target\":{\"@type\":\"EntryPoint\",\"urlTemplate\":\"https:\/\/psol50.org.br\/?s={search_term_string}\"},\"query-input\":{\"@type\":\"PropertyValueSpecification\",\"valueRequired\":true,\"valueName\":\"search_term_string\"}}],\"inLanguage\":\"pt-BR\"},{\"@type\":\"Organization\",\"@id\":\"https:\/\/psol50.org.br\/#organization\",\"name\":\"PSOL 50\",\"alternateName\":\"PSOL 50\",\"url\":\"https:\/\/psol50.org.br\/\",\"logo\":{\"@type\":\"ImageObject\",\"inLanguage\":\"pt-BR\",\"@id\":\"https:\/\/psol50.org.br\/#\/schema\/logo\/image\/\",\"url\":\"https:\/\/psol50.org.br\/inc\/uploads\/2018\/07\/capa.png\",\"contentUrl\":\"https:\/\/psol50.org.br\/inc\/uploads\/2018\/07\/capa.png\",\"width\":1350,\"height\":900,\"caption\":\"PSOL 50\"},\"image\":{\"@id\":\"https:\/\/psol50.org.br\/#\/schema\/logo\/image\/\"},\"sameAs\":[\"https:\/\/www.facebook.com\/psol50\",\"https:\/\/x.com\/psol50\",\"https:\/\/www.instagram.com\/psol50\/\",\"https:\/\/www.youtube.com\/channel\/UC7SnJS5o1os7a6CaiNabzcg\"]},{\"@type\":\"Person\",\"@id\":\"https:\/\/psol50.org.br\/#\/schema\/person\/475dfa57d0b815993c714c2e96491fcd\",\"name\":\"Comunica\u00e7\u00e3o PSOL\",\"image\":{\"@type\":\"ImageObject\",\"inLanguage\":\"pt-BR\",\"@id\":\"https:\/\/psol50.org.br\/#\/schema\/person\/image\/\",\"url\":\"https:\/\/secure.gravatar.com\/avatar\/b34fc4f4e468a4e51785917065a3db57b841f5c95dba6ad8c73aaf8f66f8f9bf?s=96&d=mm&r=g\",\"contentUrl\":\"https:\/\/secure.gravatar.com\/avatar\/b34fc4f4e468a4e51785917065a3db57b841f5c95dba6ad8c73aaf8f66f8f9bf?s=96&d=mm&r=g\",\"caption\":\"Comunica\u00e7\u00e3o PSOL\"}}]}<\/script>\n<!-- \/ Yoast SEO plugin. -->","yoast_head_json":{"title":"PSOL-PB pede \u00e0 C\u00e2mara de Jo\u00e3o Pessoa informa\u00e7\u00f5es sobre aumento de passagens - PSOL 50","robots":{"index":"index","follow":"follow","max-snippet":"max-snippet:-1","max-image-preview":"max-image-preview:large","max-video-preview":"max-video-preview:-1"},"canonical":"https:\/\/psol50.org.br\/psol-pb-protocola-pedido-de-informacoes-na-camara-de-joao-pessoa-sobre-aumento-de-passagens\/","og_locale":"pt_BR","og_type":"article","og_title":"PSOL-PB pede \u00e0 C\u00e2mara de Jo\u00e3o Pessoa informa\u00e7\u00f5es sobre aumento de passagens - PSOL 50","og_description":"Na manh\u00e3 desta ter\u00e7a-feira (16), em apoio \u00e0s mobiliza\u00e7\u00f5es pela redu\u00e7\u00e3o das passagens em Jo\u00e3o Pessoa\/PB, o presidente estadual do PSOL\/PB, T\u00e1rcio Teixeira, solicitou ao presidente da C\u00e2mara Municipal (of\u00edcio anexo) c\u00f3pia das planilhas demonstrativas enviadas pelas empresas concession\u00e1rias e permission\u00e1rias do transporte coletivo urbano \u00e0 C\u00e2mara Municipal. Os demonstrativos s\u00e3o referentes aos meses de [&hellip;]","og_url":"https:\/\/psol50.org.br\/psol-pb-protocola-pedido-de-informacoes-na-camara-de-joao-pessoa-sobre-aumento-de-passagens\/","og_site_name":"PSOL 50","article_publisher":"https:\/\/www.facebook.com\/psol50","article_published_time":"2016-02-16T18:45:40+00:00","og_image":[{"width":1350,"height":900,"url":"https:\/\/psol50.org.br\/inc\/uploads\/2018\/07\/capa.png","type":"image\/png"}],"author":"Comunica\u00e7\u00e3o PSOL","twitter_card":"summary_large_image","twitter_creator":"@psol50","twitter_site":"@psol50","twitter_misc":{"Escrito por":"Comunica\u00e7\u00e3o PSOL","Est. tempo de leitura":"1 minuto"},"schema":{"@context":"https:\/\/schema.org","@graph":[{"@type":"Article","@id":"https:\/\/psol50.org.br\/psol-pb-protocola-pedido-de-informacoes-na-camara-de-joao-pessoa-sobre-aumento-de-passagens\/#article","isPartOf":{"@id":"https:\/\/psol50.org.br\/psol-pb-protocola-pedido-de-informacoes-na-camara-de-joao-pessoa-sobre-aumento-de-passagens\/"},"author":{"name":"Comunica\u00e7\u00e3o PSOL","@id":"https:\/\/psol50.org.br\/#\/schema\/person\/475dfa57d0b815993c714c2e96491fcd"},"headline":"PSOL-PB pede \u00e0 C\u00e2mara de Jo\u00e3o Pessoa informa\u00e7\u00f5es sobre aumento de passagens","datePublished":"2016-02-16T18:45:40+00:00","mainEntityOfPage":{"@id":"https:\/\/psol50.org.br\/psol-pb-protocola-pedido-de-informacoes-na-camara-de-joao-pessoa-sobre-aumento-de-passagens\/"},"wordCount":283,"commentCount":0,"publisher":{"@id":"https:\/\/psol50.org.br\/#organization"},"image":{"@id":"https:\/\/psol50.org.br\/psol-pb-protocola-pedido-de-informacoes-na-camara-de-joao-pessoa-sobre-aumento-de-passagens\/#primaryimage"},"thumbnailUrl":"","keywords":["aumento da tarifa","C\u00e2mara Municipal de Jo\u00e3o Pessoa","PSOL-PB","T\u00e1rcio Teixeira","transporte p\u00fablico"],"articleSection":["Estados","Not\u00edcias","Partido"],"inLanguage":"pt-BR","potentialAction":[{"@type":"CommentAction","name":"Comment","target":["https:\/\/psol50.org.br\/psol-pb-protocola-pedido-de-informacoes-na-camara-de-joao-pessoa-sobre-aumento-de-passagens\/#respond"]}]},{"@type":"WebPage","@id":"https:\/\/psol50.org.br\/psol-pb-protocola-pedido-de-informacoes-na-camara-de-joao-pessoa-sobre-aumento-de-passagens\/","url":"https:\/\/psol50.org.br\/psol-pb-protocola-pedido-de-informacoes-na-camara-de-joao-pessoa-sobre-aumento-de-passagens\/","name":"PSOL-PB pede \u00e0 C\u00e2mara de Jo\u00e3o Pessoa informa\u00e7\u00f5es sobre aumento de passagens - PSOL 50","isPartOf":{"@id":"https:\/\/psol50.org.br\/#website"},"primaryImageOfPage":{"@id":"https:\/\/psol50.org.br\/psol-pb-protocola-pedido-de-informacoes-na-camara-de-joao-pessoa-sobre-aumento-de-passagens\/#primaryimage"},"image":{"@id":"https:\/\/psol50.org.br\/psol-pb-protocola-pedido-de-informacoes-na-camara-de-joao-pessoa-sobre-aumento-de-passagens\/#primaryimage"},"thumbnailUrl":"","datePublished":"2016-02-16T18:45:40+00:00","breadcrumb":{"@id":"https:\/\/psol50.org.br\/psol-pb-protocola-pedido-de-informacoes-na-camara-de-joao-pessoa-sobre-aumento-de-passagens\/#breadcrumb"},"inLanguage":"pt-BR","potentialAction":[{"@type":"ReadAction","target":["https:\/\/psol50.org.br\/psol-pb-protocola-pedido-de-informacoes-na-camara-de-joao-pessoa-sobre-aumento-de-passagens\/"]}]},{"@type":"ImageObject","inLanguage":"pt-BR","@id":"https:\/\/psol50.org.br\/psol-pb-protocola-pedido-de-informacoes-na-camara-de-joao-pessoa-sobre-aumento-de-passagens\/#primaryimage","url":"","contentUrl":""},{"@type":"BreadcrumbList","@id":"https:\/\/psol50.org.br\/psol-pb-protocola-pedido-de-informacoes-na-camara-de-joao-pessoa-sobre-aumento-de-passagens\/#breadcrumb","itemListElement":[{"@type":"ListItem","position":1,"name":"In\u00edcio","item":"https:\/\/psol50.org.br\/"},{"@type":"ListItem","position":2,"name":"PSOL-PB pede \u00e0 C\u00e2mara de Jo\u00e3o Pessoa informa\u00e7\u00f5es sobre aumento de passagens"}]},{"@type":"WebSite","@id":"https:\/\/psol50.org.br\/#website","url":"https:\/\/psol50.org.br\/","name":"PSOL 50","description":"Site oficial do Partido Socialismo e Liberdade","publisher":{"@id":"https:\/\/psol50.org.br\/#organization"},"alternateName":"PSOL50","potentialAction":[{"@type":"SearchAction","target":{"@type":"EntryPoint","urlTemplate":"https:\/\/psol50.org.br\/?s={search_term_string}"},"query-input":{"@type":"PropertyValueSpecification","valueRequired":true,"valueName":"search_term_string"}}],"inLanguage":"pt-BR"},{"@type":"Organization","@id":"https:\/\/psol50.org.br\/#organization","name":"PSOL 50","alternateName":"PSOL 50","url":"https:\/\/psol50.org.br\/","logo":{"@type":"ImageObject","inLanguage":"pt-BR","@id":"https:\/\/psol50.org.br\/#\/schema\/logo\/image\/","url":"https:\/\/psol50.org.br\/inc\/uploads\/2018\/07\/capa.png","contentUrl":"https:\/\/psol50.org.br\/inc\/uploads\/2018\/07\/capa.png","width":1350,"height":900,"caption":"PSOL 50"},"image":{"@id":"https:\/\/psol50.org.br\/#\/schema\/logo\/image\/"},"sameAs":["https:\/\/www.facebook.com\/psol50","https:\/\/x.com\/psol50","https:\/\/www.instagram.com\/psol50\/","https:\/\/www.youtube.com\/channel\/UC7SnJS5o1os7a6CaiNabzcg"]},{"@type":"Person","@id":"https:\/\/psol50.org.br\/#\/schema\/person\/475dfa57d0b815993c714c2e96491fcd","name":"Comunica\u00e7\u00e3o PSOL","image":{"@type":"ImageObject","inLanguage":"pt-BR","@id":"https:\/\/psol50.org.br\/#\/schema\/person\/image\/","url":"https:\/\/secure.gravatar.com\/avatar\/b34fc4f4e468a4e51785917065a3db57b841f5c95dba6ad8c73aaf8f66f8f9bf?s=96&d=mm&r=g","contentUrl":"https:\/\/secure.gravatar.com\/avatar\/b34fc4f4e468a4e51785917065a3db57b841f5c95dba6ad8c73aaf8f66f8f9bf?s=96&d=mm&r=g","caption":"Comunica\u00e7\u00e3o PSOL"}}]}},"_links":{"self":[{"href":"https:\/\/psol50.org.br\/rest\/wp\/v2\/posts\/11245","targetHints":{"allow":["GET"]}}],"collection":[{"href":"https:\/\/psol50.org.br\/rest\/wp\/v2\/posts"}],"about":[{"href":"https:\/\/psol50.org.br\/rest\/wp\/v2\/types\/post"}],"author":[{"embeddable":true,"href":"https:\/\/psol50.org.br\/rest\/wp\/v2\/users\/2"}],"replies":[{"embeddable":true,"href":"https:\/\/psol50.org.br\/rest\/wp\/v2\/comments?post=11245"}],"version-history":[{"count":0,"href":"https:\/\/psol50.org.br\/rest\/wp\/v2\/posts\/11245\/revisions"}],"wp:featuredmedia":[{"embeddable":true,"href":"https:\/\/psol50.org.br\/rest\/"}],"wp:attachment":[{"href":"https:\/\/psol50.org.br\/rest\/wp\/v2\/media?parent=11245"}],"wp:term":[{"taxonomy":"category","embeddable":true,"href":"https:\/\/psol50.org.br\/rest\/wp\/v2\/categories?post=11245"},{"taxonomy":"post_tag","embeddable":true,"href":"https:\/\/psol50.org.br\/rest\/wp\/v2\/tags?post=11245"}],"curies":[{"name":"wp","href":"https:\/\/api.w.org\/{rel}","templated":true}]}}