{"id":11251,"date":"2016-02-16T20:07:38","date_gmt":"2016-02-16T20:07:38","guid":{"rendered":"http:\/\/www.psol50.org.br\/?p=11251"},"modified":"2016-02-16T20:07:38","modified_gmt":"2016-02-16T20:07:38","slug":"edmilson-rodrigues-alerta-para-possivel-ataque-a-indigenas-em-jutims","status":"publish","type":"post","link":"https:\/\/psol50.org.br\/edmilson-rodrigues-alerta-para-possivel-ataque-a-indigenas-em-jutims\/","title":{"rendered":"Edmilson Rodrigues alerta para poss\u00edvel ataque a ind\u00edgenas em Juti\/MS"},"content":{"rendered":"<p>O deputado federal Edmilson Rodrigues (PSOL\/PA) alertou, na tarde desta ter\u00e7a-feira (16\/2), no plen\u00e1rio da C\u00e2mara Federal, para mais um poss\u00edvel tr\u00e1gico conflito entre fazendeiros e ind\u00edgenas Guarani-Kaiow\u00e1 no estado do Mato Grosso do Sul. Est\u00e1 prevista para esta quarta-feira\u00a0(17\/2) uma reintegra\u00e7\u00e3o de posse na Aldeia Taquara, munic\u00edpio de Juti\/MS. &#8220;Temo que essa reintegra\u00e7\u00e3o redunde em mais viol\u00eancia contra esse povo que historicamente resiste porque historicamente vem sendo dizimado com a coniv\u00eancia do Estado&#8221;, disse Edmilson.<\/p>\n<p>Na segunda-feira\u00a0(15\/2) mais uma ind\u00edgena se suicidou por n\u00e3o aguentar a press\u00e3o pela tomada de terras desta etnia. Enquanto isso, a Pol\u00edcia Federal est\u00e1 ausente da regi\u00e3o, fazendo do Estado alheio aos conflitos fundi\u00e1rios cada vez mais graves na regi\u00e3o.<\/p>\n<p>Na \u00faltima quinta-feira (11\/2) o deputado Edmilson Rodrigues j\u00e1 havia cobrado a presen\u00e7a da pol\u00edcia na regi\u00e3o, por meio de of\u00edcio protocolado no Minist\u00e9rio da Justi\u00e7a. Ele fez essa cobran\u00e7a com base nos conflitos do dia 31 de janeiro envolvendo fazendeiros e ind\u00edgenas que se dividem em acampamentos que ocupam as fazendas Nossa Senhora Auxiliadora, Guape&#8217;i, Barra Bonita e Bom retiro.<\/p>\n<p>Naquele domingo, os ind\u00edgenas Kaiow\u00e1 foram atacados ap\u00f3s tentativa de retomada da fazenda Madama. Em repres\u00e1lia, pistoleiros atacaram violentamente os tr\u00eas acampamentos que comp\u00f5em Kurusu Amb\u00e1. Al\u00e9m do ataque com armas de fogos, v\u00e1rias casas foram queimadas.<\/p>\n<p>A Comiss\u00e3o de Direitos Humanos da C\u00e2mara dos Deputados realizou seis dilig\u00eancias no Mato Grosso do Sul no \u00faltimo per\u00edodo, constatando o quadro de vulnerabilidade a que os ind\u00edgenas est\u00e3o sujeitos, dada a instabilidade da situa\u00e7\u00e3o territorial e os ataques promovidos por ruralistas apoiados ora por jagun\u00e7os armados, ora por organismos da Pol\u00edcia Militar daquele estado. A C\u00e2mara dos Deputados cobrou que as for\u00e7as policiais estivessem constantemente presentes na regi\u00e3o, evitando desfechos tr\u00e1gicos como o ocorrido no \u00faltimo final de semana. O pedido tamb\u00e9m n\u00e3o foi atendido.<\/p>\n<p>&#8220;Infelizmente n\u00e3o recebi resposta&#8221;, comentou Edmilson a respeito do of\u00edcio enviado ao Minist\u00e9rio da Justi\u00e7a. &#8220;Por isso apelo \u00e0 presidenta Dilma Rousseff, que j\u00e1 foi v\u00edtima de viol\u00eancia e repress\u00e3o, e ao Ministro da Justi\u00e7a Eduardo Cardozo, que cumpram seu papel constitucional: defendam os direitos dos povos ind\u00edgenas. Contenham a sanha violenta dos latifundi\u00e1rios e estejam atentos a esses processos de reintegra\u00e7\u00e3o para impedir que o cumprimento de uma medida judicial seja motivo para viol\u00eancia f\u00edsica e exterm\u00ednio de um povo ancestral que deve ser preservado por sua import\u00e2ncia hist\u00f3rica e cultural&#8221;, apelou Edmilson, preocupado com o poss\u00edvel conflito desta quarta-feira.<\/p>\n<p>Fonte: <em>Mandato Edmilson Rodrigues<\/em><\/p>\n<p>&nbsp;<\/p>\n","protected":false},"excerpt":{"rendered":"<p>O deputado federal Edmilson Rodrigues (PSOL\/PA) alertou, na tarde desta ter\u00e7a-feira (16\/2), no plen\u00e1rio da C\u00e2mara Federal, para mais um poss\u00edvel tr\u00e1gico conflito entre fazendeiros e ind\u00edgenas Guarani-Kaiow\u00e1 no estado do Mato Grosso do Sul. Est\u00e1 prevista para esta quarta-feira\u00a0(17\/2) uma reintegra\u00e7\u00e3o de posse na Aldeia Taquara, munic\u00edpio de Juti\/MS. &#8220;Temo que essa reintegra\u00e7\u00e3o redunde [&hellip;]<\/p>\n","protected":false},"author":2,"featured_media":11252,"comment_status":"open","ping_status":"open","sticky":false,"template":"","format":"standard","meta":{"_acf_changed":false,"footnotes":""},"categories":[10,1882,6],"tags":[973,180,12,3988,181],"class_list":{"0":"post-11251","1":"post","2":"type-post","3":"status-publish","4":"format-standard","5":"has-post-thumbnail","7":"category-acao-parlamentares","8":"category-brasil","9":"category-noticias","10":"tag-edmilson-rodrigues","11":"tag-guarani-kaiowa","12":"tag-indigenas","13":"tag-kurusu-amba","14":"tag-mato-grosso-do-sul"},"acf":[],"yoast_head":"<!-- This site is optimized with the Yoast SEO plugin v26.5 - https:\/\/yoast.com\/wordpress\/plugins\/seo\/ -->\n<title>Edmilson Rodrigues alerta para poss\u00edvel ataque a ind\u00edgenas em Juti\/MS - PSOL 50<\/title>\n<meta name=\"robots\" content=\"index, follow, max-snippet:-1, max-image-preview:large, max-video-preview:-1\" \/>\n<link rel=\"canonical\" href=\"https:\/\/psol50.org.br\/edmilson-rodrigues-alerta-para-possivel-ataque-a-indigenas-em-jutims\/\" \/>\n<meta property=\"og:locale\" content=\"pt_BR\" \/>\n<meta property=\"og:type\" content=\"article\" \/>\n<meta property=\"og:title\" content=\"Edmilson Rodrigues alerta para poss\u00edvel ataque a ind\u00edgenas em Juti\/MS - PSOL 50\" \/>\n<meta property=\"og:description\" content=\"O deputado federal Edmilson Rodrigues (PSOL\/PA) alertou, na tarde desta ter\u00e7a-feira (16\/2), no plen\u00e1rio da C\u00e2mara Federal, para mais um poss\u00edvel tr\u00e1gico conflito entre fazendeiros e ind\u00edgenas Guarani-Kaiow\u00e1 no estado do Mato Grosso do Sul. Est\u00e1 prevista para esta quarta-feira\u00a0(17\/2) uma reintegra\u00e7\u00e3o de posse na Aldeia Taquara, munic\u00edpio de Juti\/MS. &#8220;Temo que essa reintegra\u00e7\u00e3o redunde [&hellip;]\" \/>\n<meta property=\"og:url\" content=\"https:\/\/psol50.org.br\/edmilson-rodrigues-alerta-para-possivel-ataque-a-indigenas-em-jutims\/\" \/>\n<meta property=\"og:site_name\" content=\"PSOL 50\" \/>\n<meta property=\"article:publisher\" content=\"https:\/\/www.facebook.com\/psol50\" \/>\n<meta property=\"article:published_time\" content=\"2016-02-16T20:07:38+00:00\" \/>\n<meta property=\"og:image\" content=\"https:\/\/psol50.org.br\/inc\/uploads\/2018\/07\/capa.png\" \/>\n\t<meta property=\"og:image:width\" content=\"1350\" \/>\n\t<meta property=\"og:image:height\" content=\"900\" \/>\n\t<meta property=\"og:image:type\" content=\"image\/png\" \/>\n<meta name=\"author\" content=\"Comunica\u00e7\u00e3o PSOL\" \/>\n<meta name=\"twitter:card\" content=\"summary_large_image\" \/>\n<meta name=\"twitter:creator\" content=\"@psol50\" \/>\n<meta name=\"twitter:site\" content=\"@psol50\" \/>\n<meta name=\"twitter:label1\" content=\"Escrito por\" \/>\n\t<meta name=\"twitter:data1\" content=\"Comunica\u00e7\u00e3o PSOL\" \/>\n\t<meta name=\"twitter:label2\" content=\"Est. tempo de leitura\" \/>\n\t<meta name=\"twitter:data2\" content=\"2 minutos\" \/>\n<script type=\"application\/ld+json\" class=\"yoast-schema-graph\">{\"@context\":\"https:\/\/schema.org\",\"@graph\":[{\"@type\":\"Article\",\"@id\":\"https:\/\/psol50.org.br\/edmilson-rodrigues-alerta-para-possivel-ataque-a-indigenas-em-jutims\/#article\",\"isPartOf\":{\"@id\":\"https:\/\/psol50.org.br\/edmilson-rodrigues-alerta-para-possivel-ataque-a-indigenas-em-jutims\/\"},\"author\":{\"name\":\"Comunica\u00e7\u00e3o PSOL\",\"@id\":\"https:\/\/psol50.org.br\/#\/schema\/person\/475dfa57d0b815993c714c2e96491fcd\"},\"headline\":\"Edmilson Rodrigues alerta para poss\u00edvel ataque a ind\u00edgenas em Juti\/MS\",\"datePublished\":\"2016-02-16T20:07:38+00:00\",\"mainEntityOfPage\":{\"@id\":\"https:\/\/psol50.org.br\/edmilson-rodrigues-alerta-para-possivel-ataque-a-indigenas-em-jutims\/\"},\"wordCount\":484,\"commentCount\":0,\"publisher\":{\"@id\":\"https:\/\/psol50.org.br\/#organization\"},\"image\":{\"@id\":\"https:\/\/psol50.org.br\/edmilson-rodrigues-alerta-para-possivel-ataque-a-indigenas-em-jutims\/#primaryimage\"},\"thumbnailUrl\":\"\",\"keywords\":[\"Edmilson Rodrigues\",\"Guarani-Kaiow\u00e1\",\"Ind\u00edgenas\",\"Kurusu Amb\u00e1\",\"Mato Grosso do Sul\"],\"articleSection\":[\"A\u00e7\u00e3o Parlamentar\",\"Brasil\",\"Not\u00edcias\"],\"inLanguage\":\"pt-BR\",\"potentialAction\":[{\"@type\":\"CommentAction\",\"name\":\"Comment\",\"target\":[\"https:\/\/psol50.org.br\/edmilson-rodrigues-alerta-para-possivel-ataque-a-indigenas-em-jutims\/#respond\"]}]},{\"@type\":\"WebPage\",\"@id\":\"https:\/\/psol50.org.br\/edmilson-rodrigues-alerta-para-possivel-ataque-a-indigenas-em-jutims\/\",\"url\":\"https:\/\/psol50.org.br\/edmilson-rodrigues-alerta-para-possivel-ataque-a-indigenas-em-jutims\/\",\"name\":\"Edmilson Rodrigues alerta para poss\u00edvel ataque a ind\u00edgenas em Juti\/MS - PSOL 50\",\"isPartOf\":{\"@id\":\"https:\/\/psol50.org.br\/#website\"},\"primaryImageOfPage\":{\"@id\":\"https:\/\/psol50.org.br\/edmilson-rodrigues-alerta-para-possivel-ataque-a-indigenas-em-jutims\/#primaryimage\"},\"image\":{\"@id\":\"https:\/\/psol50.org.br\/edmilson-rodrigues-alerta-para-possivel-ataque-a-indigenas-em-jutims\/#primaryimage\"},\"thumbnailUrl\":\"\",\"datePublished\":\"2016-02-16T20:07:38+00:00\",\"breadcrumb\":{\"@id\":\"https:\/\/psol50.org.br\/edmilson-rodrigues-alerta-para-possivel-ataque-a-indigenas-em-jutims\/#breadcrumb\"},\"inLanguage\":\"pt-BR\",\"potentialAction\":[{\"@type\":\"ReadAction\",\"target\":[\"https:\/\/psol50.org.br\/edmilson-rodrigues-alerta-para-possivel-ataque-a-indigenas-em-jutims\/\"]}]},{\"@type\":\"ImageObject\",\"inLanguage\":\"pt-BR\",\"@id\":\"https:\/\/psol50.org.br\/edmilson-rodrigues-alerta-para-possivel-ataque-a-indigenas-em-jutims\/#primaryimage\",\"url\":\"\",\"contentUrl\":\"\"},{\"@type\":\"BreadcrumbList\",\"@id\":\"https:\/\/psol50.org.br\/edmilson-rodrigues-alerta-para-possivel-ataque-a-indigenas-em-jutims\/#breadcrumb\",\"itemListElement\":[{\"@type\":\"ListItem\",\"position\":1,\"name\":\"In\u00edcio\",\"item\":\"https:\/\/psol50.org.br\/\"},{\"@type\":\"ListItem\",\"position\":2,\"name\":\"Edmilson Rodrigues alerta para poss\u00edvel ataque a ind\u00edgenas em Juti\/MS\"}]},{\"@type\":\"WebSite\",\"@id\":\"https:\/\/psol50.org.br\/#website\",\"url\":\"https:\/\/psol50.org.br\/\",\"name\":\"PSOL 50\",\"description\":\"Site oficial do Partido Socialismo e Liberdade\",\"publisher\":{\"@id\":\"https:\/\/psol50.org.br\/#organization\"},\"alternateName\":\"PSOL50\",\"potentialAction\":[{\"@type\":\"SearchAction\",\"target\":{\"@type\":\"EntryPoint\",\"urlTemplate\":\"https:\/\/psol50.org.br\/?s={search_term_string}\"},\"query-input\":{\"@type\":\"PropertyValueSpecification\",\"valueRequired\":true,\"valueName\":\"search_term_string\"}}],\"inLanguage\":\"pt-BR\"},{\"@type\":\"Organization\",\"@id\":\"https:\/\/psol50.org.br\/#organization\",\"name\":\"PSOL 50\",\"alternateName\":\"PSOL 50\",\"url\":\"https:\/\/psol50.org.br\/\",\"logo\":{\"@type\":\"ImageObject\",\"inLanguage\":\"pt-BR\",\"@id\":\"https:\/\/psol50.org.br\/#\/schema\/logo\/image\/\",\"url\":\"https:\/\/psol50.org.br\/inc\/uploads\/2018\/07\/capa.png\",\"contentUrl\":\"https:\/\/psol50.org.br\/inc\/uploads\/2018\/07\/capa.png\",\"width\":1350,\"height\":900,\"caption\":\"PSOL 50\"},\"image\":{\"@id\":\"https:\/\/psol50.org.br\/#\/schema\/logo\/image\/\"},\"sameAs\":[\"https:\/\/www.facebook.com\/psol50\",\"https:\/\/x.com\/psol50\",\"https:\/\/www.instagram.com\/psol50\/\",\"https:\/\/www.youtube.com\/channel\/UC7SnJS5o1os7a6CaiNabzcg\"]},{\"@type\":\"Person\",\"@id\":\"https:\/\/psol50.org.br\/#\/schema\/person\/475dfa57d0b815993c714c2e96491fcd\",\"name\":\"Comunica\u00e7\u00e3o PSOL\",\"image\":{\"@type\":\"ImageObject\",\"inLanguage\":\"pt-BR\",\"@id\":\"https:\/\/psol50.org.br\/#\/schema\/person\/image\/\",\"url\":\"https:\/\/secure.gravatar.com\/avatar\/b34fc4f4e468a4e51785917065a3db57b841f5c95dba6ad8c73aaf8f66f8f9bf?s=96&d=mm&r=g\",\"contentUrl\":\"https:\/\/secure.gravatar.com\/avatar\/b34fc4f4e468a4e51785917065a3db57b841f5c95dba6ad8c73aaf8f66f8f9bf?s=96&d=mm&r=g\",\"caption\":\"Comunica\u00e7\u00e3o PSOL\"}}]}<\/script>\n<!-- \/ Yoast SEO plugin. -->","yoast_head_json":{"title":"Edmilson Rodrigues alerta para poss\u00edvel ataque a ind\u00edgenas em Juti\/MS - PSOL 50","robots":{"index":"index","follow":"follow","max-snippet":"max-snippet:-1","max-image-preview":"max-image-preview:large","max-video-preview":"max-video-preview:-1"},"canonical":"https:\/\/psol50.org.br\/edmilson-rodrigues-alerta-para-possivel-ataque-a-indigenas-em-jutims\/","og_locale":"pt_BR","og_type":"article","og_title":"Edmilson Rodrigues alerta para poss\u00edvel ataque a ind\u00edgenas em Juti\/MS - PSOL 50","og_description":"O deputado federal Edmilson Rodrigues (PSOL\/PA) alertou, na tarde desta ter\u00e7a-feira (16\/2), no plen\u00e1rio da C\u00e2mara Federal, para mais um poss\u00edvel tr\u00e1gico conflito entre fazendeiros e ind\u00edgenas Guarani-Kaiow\u00e1 no estado do Mato Grosso do Sul. Est\u00e1 prevista para esta quarta-feira\u00a0(17\/2) uma reintegra\u00e7\u00e3o de posse na Aldeia Taquara, munic\u00edpio de Juti\/MS. &#8220;Temo que essa reintegra\u00e7\u00e3o redunde [&hellip;]","og_url":"https:\/\/psol50.org.br\/edmilson-rodrigues-alerta-para-possivel-ataque-a-indigenas-em-jutims\/","og_site_name":"PSOL 50","article_publisher":"https:\/\/www.facebook.com\/psol50","article_published_time":"2016-02-16T20:07:38+00:00","og_image":[{"width":1350,"height":900,"url":"https:\/\/psol50.org.br\/inc\/uploads\/2018\/07\/capa.png","type":"image\/png"}],"author":"Comunica\u00e7\u00e3o PSOL","twitter_card":"summary_large_image","twitter_creator":"@psol50","twitter_site":"@psol50","twitter_misc":{"Escrito por":"Comunica\u00e7\u00e3o PSOL","Est. tempo de leitura":"2 minutos"},"schema":{"@context":"https:\/\/schema.org","@graph":[{"@type":"Article","@id":"https:\/\/psol50.org.br\/edmilson-rodrigues-alerta-para-possivel-ataque-a-indigenas-em-jutims\/#article","isPartOf":{"@id":"https:\/\/psol50.org.br\/edmilson-rodrigues-alerta-para-possivel-ataque-a-indigenas-em-jutims\/"},"author":{"name":"Comunica\u00e7\u00e3o PSOL","@id":"https:\/\/psol50.org.br\/#\/schema\/person\/475dfa57d0b815993c714c2e96491fcd"},"headline":"Edmilson Rodrigues alerta para poss\u00edvel ataque a ind\u00edgenas em Juti\/MS","datePublished":"2016-02-16T20:07:38+00:00","mainEntityOfPage":{"@id":"https:\/\/psol50.org.br\/edmilson-rodrigues-alerta-para-possivel-ataque-a-indigenas-em-jutims\/"},"wordCount":484,"commentCount":0,"publisher":{"@id":"https:\/\/psol50.org.br\/#organization"},"image":{"@id":"https:\/\/psol50.org.br\/edmilson-rodrigues-alerta-para-possivel-ataque-a-indigenas-em-jutims\/#primaryimage"},"thumbnailUrl":"","keywords":["Edmilson Rodrigues","Guarani-Kaiow\u00e1","Ind\u00edgenas","Kurusu Amb\u00e1","Mato Grosso do Sul"],"articleSection":["A\u00e7\u00e3o Parlamentar","Brasil","Not\u00edcias"],"inLanguage":"pt-BR","potentialAction":[{"@type":"CommentAction","name":"Comment","target":["https:\/\/psol50.org.br\/edmilson-rodrigues-alerta-para-possivel-ataque-a-indigenas-em-jutims\/#respond"]}]},{"@type":"WebPage","@id":"https:\/\/psol50.org.br\/edmilson-rodrigues-alerta-para-possivel-ataque-a-indigenas-em-jutims\/","url":"https:\/\/psol50.org.br\/edmilson-rodrigues-alerta-para-possivel-ataque-a-indigenas-em-jutims\/","name":"Edmilson Rodrigues alerta para poss\u00edvel ataque a ind\u00edgenas em Juti\/MS - PSOL 50","isPartOf":{"@id":"https:\/\/psol50.org.br\/#website"},"primaryImageOfPage":{"@id":"https:\/\/psol50.org.br\/edmilson-rodrigues-alerta-para-possivel-ataque-a-indigenas-em-jutims\/#primaryimage"},"image":{"@id":"https:\/\/psol50.org.br\/edmilson-rodrigues-alerta-para-possivel-ataque-a-indigenas-em-jutims\/#primaryimage"},"thumbnailUrl":"","datePublished":"2016-02-16T20:07:38+00:00","breadcrumb":{"@id":"https:\/\/psol50.org.br\/edmilson-rodrigues-alerta-para-possivel-ataque-a-indigenas-em-jutims\/#breadcrumb"},"inLanguage":"pt-BR","potentialAction":[{"@type":"ReadAction","target":["https:\/\/psol50.org.br\/edmilson-rodrigues-alerta-para-possivel-ataque-a-indigenas-em-jutims\/"]}]},{"@type":"ImageObject","inLanguage":"pt-BR","@id":"https:\/\/psol50.org.br\/edmilson-rodrigues-alerta-para-possivel-ataque-a-indigenas-em-jutims\/#primaryimage","url":"","contentUrl":""},{"@type":"BreadcrumbList","@id":"https:\/\/psol50.org.br\/edmilson-rodrigues-alerta-para-possivel-ataque-a-indigenas-em-jutims\/#breadcrumb","itemListElement":[{"@type":"ListItem","position":1,"name":"In\u00edcio","item":"https:\/\/psol50.org.br\/"},{"@type":"ListItem","position":2,"name":"Edmilson Rodrigues alerta para poss\u00edvel ataque a ind\u00edgenas em Juti\/MS"}]},{"@type":"WebSite","@id":"https:\/\/psol50.org.br\/#website","url":"https:\/\/psol50.org.br\/","name":"PSOL 50","description":"Site oficial do Partido Socialismo e Liberdade","publisher":{"@id":"https:\/\/psol50.org.br\/#organization"},"alternateName":"PSOL50","potentialAction":[{"@type":"SearchAction","target":{"@type":"EntryPoint","urlTemplate":"https:\/\/psol50.org.br\/?s={search_term_string}"},"query-input":{"@type":"PropertyValueSpecification","valueRequired":true,"valueName":"search_term_string"}}],"inLanguage":"pt-BR"},{"@type":"Organization","@id":"https:\/\/psol50.org.br\/#organization","name":"PSOL 50","alternateName":"PSOL 50","url":"https:\/\/psol50.org.br\/","logo":{"@type":"ImageObject","inLanguage":"pt-BR","@id":"https:\/\/psol50.org.br\/#\/schema\/logo\/image\/","url":"https:\/\/psol50.org.br\/inc\/uploads\/2018\/07\/capa.png","contentUrl":"https:\/\/psol50.org.br\/inc\/uploads\/2018\/07\/capa.png","width":1350,"height":900,"caption":"PSOL 50"},"image":{"@id":"https:\/\/psol50.org.br\/#\/schema\/logo\/image\/"},"sameAs":["https:\/\/www.facebook.com\/psol50","https:\/\/x.com\/psol50","https:\/\/www.instagram.com\/psol50\/","https:\/\/www.youtube.com\/channel\/UC7SnJS5o1os7a6CaiNabzcg"]},{"@type":"Person","@id":"https:\/\/psol50.org.br\/#\/schema\/person\/475dfa57d0b815993c714c2e96491fcd","name":"Comunica\u00e7\u00e3o PSOL","image":{"@type":"ImageObject","inLanguage":"pt-BR","@id":"https:\/\/psol50.org.br\/#\/schema\/person\/image\/","url":"https:\/\/secure.gravatar.com\/avatar\/b34fc4f4e468a4e51785917065a3db57b841f5c95dba6ad8c73aaf8f66f8f9bf?s=96&d=mm&r=g","contentUrl":"https:\/\/secure.gravatar.com\/avatar\/b34fc4f4e468a4e51785917065a3db57b841f5c95dba6ad8c73aaf8f66f8f9bf?s=96&d=mm&r=g","caption":"Comunica\u00e7\u00e3o PSOL"}}]}},"_links":{"self":[{"href":"https:\/\/psol50.org.br\/rest\/wp\/v2\/posts\/11251","targetHints":{"allow":["GET"]}}],"collection":[{"href":"https:\/\/psol50.org.br\/rest\/wp\/v2\/posts"}],"about":[{"href":"https:\/\/psol50.org.br\/rest\/wp\/v2\/types\/post"}],"author":[{"embeddable":true,"href":"https:\/\/psol50.org.br\/rest\/wp\/v2\/users\/2"}],"replies":[{"embeddable":true,"href":"https:\/\/psol50.org.br\/rest\/wp\/v2\/comments?post=11251"}],"version-history":[{"count":0,"href":"https:\/\/psol50.org.br\/rest\/wp\/v2\/posts\/11251\/revisions"}],"wp:featuredmedia":[{"embeddable":true,"href":"https:\/\/psol50.org.br\/rest\/"}],"wp:attachment":[{"href":"https:\/\/psol50.org.br\/rest\/wp\/v2\/media?parent=11251"}],"wp:term":[{"taxonomy":"category","embeddable":true,"href":"https:\/\/psol50.org.br\/rest\/wp\/v2\/categories?post=11251"},{"taxonomy":"post_tag","embeddable":true,"href":"https:\/\/psol50.org.br\/rest\/wp\/v2\/tags?post=11251"}],"curies":[{"name":"wp","href":"https:\/\/api.w.org\/{rel}","templated":true}]}}