{"id":11275,"date":"2016-02-17T17:11:44","date_gmt":"2016-02-17T17:11:44","guid":{"rendered":"http:\/\/www.psol50.org.br\/?p=11275"},"modified":"2016-02-17T17:11:44","modified_gmt":"2016-02-17T17:11:44","slug":"renato-roseno-cobra-apuracao-de-mais-uma-suposta-chacina-em-fortaleza","status":"publish","type":"post","link":"https:\/\/psol50.org.br\/renato-roseno-cobra-apuracao-de-mais-uma-suposta-chacina-em-fortaleza\/","title":{"rendered":"Renato Roseno cobra apura\u00e7\u00e3o de mais uma suposta chacina em Fortaleza"},"content":{"rendered":"<p>Trinta assassinatos em dois dias no Cear\u00e1: &#8220;N\u00e3o posso me calar nesses casos de viol\u00eancia extrema. Eu vou oficiar ao governador Camilo Santana e ao Secret\u00e1rio de Seguran\u00e7a para solicitar a investiga\u00e7\u00e3o dessas execu\u00e7\u00f5es em s\u00e9rie em Fortaleza. N\u00e3o \u00e9 natural 30 pessoas assassinadas em dois dias&#8221;, afirmou o deputado estadual do PSOL no Cear\u00e1, <a href=\"https:\/\/www.facebook.com\/RenatoRoseno50\/\">Renato Roseno<\/a>,\u00a0em pronunciamento ontem (16), na Assembleia Legislativa do Cear\u00e1. Ele cobrou a apura\u00e7\u00e3o de mais uma suposta chacina.<\/p>\n<p>Segundo jornais da cidade, os crimes ocorreram entre sexta-feira (dia 12\/02) e s\u00e1bado (dia 13\/02), sendo que somente na sexta-feira foram registrados 19 homic\u00eddios, oito na capital cearense. Foram 30 assassinatos no Cear\u00e1 em dois dias, sendo que alguns com caracter\u00edsticas de execu\u00e7\u00e3o, em lapso temporal muito pequeno e num territ\u00f3rio pr\u00f3ximo.<\/p>\n<p>De acordo com Roseno, os crimes em Fortaleza aconteceram em localidades pr\u00f3ximas umas das outras, com mesmo modus operandi e em intervalo de tempo reduzido, o que caracterizaria possibilidade de pr\u00e1tica de execu\u00e7\u00e3o. \u201cTrata-se de uma viol\u00eancia letal, que nos indigna e nos entristece ainda mais, porque apresenta requintes de covardia e crueldade\u201d, afirma o parlamentar.<\/p>\n<p>&#8220;\u00c9 muito estranho o fato de algumas autoridades da Secretaria de Seguran\u00e7a P\u00fablica e da Pol\u00edcia Militar terem afirmado com rapidez que n\u00e3o haveria conex\u00e3o entre os crimes, quando procurados pelos jornais. Para chegar a essa conclus\u00e3o \u00e9 necess\u00e1ria uma investiga\u00e7\u00e3o apurada, o que considero improv\u00e1vel pela limita\u00e7\u00e3o do tempo. O que me parece \u00e9 que foi uma resposta imediata para impedir que a popula\u00e7\u00e3o fortalezense fique ainda mais apavorada com um novo epis\u00f3dio de chacina, como o que aconteceu em Messejana, no ano passado\u201d, diz Renato Roseno.<\/p>\n<p>Pronunciamento dia 5 de fevereiro sobre seguran\u00e7a p\u00fablica:\u00a0<a style=\"line-height: 1.5;\" href=\"https:\/\/www.youtube.com\/watch?v=1oHNyGwoPjg\">https:\/\/www.youtube.com\/watch?v=1oHNyGwoPjg<br \/>\n<\/a><span style=\"line-height: 1.5;\">Pronunciamentos sobre a chacina da Grande Messejana:\u00a0<\/span><a style=\"line-height: 1.5;\" href=\"https:\/\/www.youtube.com\/watch?v=Wkv4_bGiDRg\">https:\/\/www.youtube.com\/watch?v=Wkv4_bGiDRg<\/a>,\u00a0<a style=\"line-height: 1.5;\" href=\"https:\/\/www.youtube.com\/watch?v=HC6ZKaqdLPs\">https:\/\/www.youtube.com\/watch?v=HC6ZKaqdLPs<br \/>\n<\/a>Saiba mais: sobre a atua\u00e7\u00e3o do deputado estadual do PSOL no Cear\u00e1:<a href=\"http:\/\/l.facebook.com\/l.php?u=http%3A%2F%2Fwww.renatoroseno.com.br%2F&amp;h=iAQF_NbKkAQHqjfrHlidO5NZYfXWdZK2_GRYMEjaNY7hfaw&amp;enc=AZNsAVzVvY-Q7LfjNU28mxPrXghHmezVBbr2I_FGEC1KYLhtI7IJcdbttVllrvTRDhVPV1t1l_ifgy1sE5zmm90zVUTnWX_9eFQXfZi39XPzvuTmNVPvWvBF4aJaexHKdhe-SkNF6BXSY0wNNtnitUH84PGU15l83u7OT4xCkY8cMoo5GTVvORIsKt6PxyYpiGsmgrURWUioJZvBQoskga97&amp;s=1\">www.renatoroseno.com.br<\/a><\/p>\n<p><strong>Confira abaixo pronunciamento completo do dia 16 de fevereiro<\/strong><\/p>\n<div class=\"youtube-embed\" data-video_id=\"kWAZn5EyUD4\"><iframe loading=\"lazy\" title=\"Renato Roseno (PSOL) cobra apura\u00e7\u00e3o de mais uma suposta chacina em Fortaleza\" width=\"696\" height=\"522\" src=\"https:\/\/www.youtube.com\/embed\/kWAZn5EyUD4?feature=oembed&#038;enablejsapi=1\" frameborder=\"0\" allow=\"accelerometer; autoplay; clipboard-write; encrypted-media; gyroscope; picture-in-picture\" allowfullscreen><\/iframe><\/div>\n","protected":false},"excerpt":{"rendered":"<p>Trinta assassinatos em dois dias no Cear\u00e1: &#8220;N\u00e3o posso me calar nesses casos de viol\u00eancia extrema. Eu vou oficiar ao governador Camilo Santana e ao Secret\u00e1rio de Seguran\u00e7a para solicitar a investiga\u00e7\u00e3o dessas execu\u00e7\u00f5es em s\u00e9rie em Fortaleza. N\u00e3o \u00e9 natural 30 pessoas assassinadas em dois dias&#8221;, afirmou o deputado estadual do PSOL no Cear\u00e1, [&hellip;]<\/p>\n","protected":false},"author":2,"featured_media":11276,"comment_status":"open","ping_status":"open","sticky":false,"template":"","format":"standard","meta":{"_acf_changed":false,"footnotes":""},"categories":[10,654,6],"tags":[2473,11,1232,2421,984,3989,15],"class_list":{"0":"post-11275","1":"post","2":"type-post","3":"status-publish","4":"format-standard","5":"has-post-thumbnail","7":"category-acao-parlamentares","8":"category-estados","9":"category-noticias","10":"tag-assembleia-legislativa-do-ceara","11":"tag-ceara","12":"tag-chacina","13":"tag-execucao","14":"tag-fortaleza","15":"tag-messejana","16":"tag-renato-roseno"},"acf":[],"yoast_head":"<!-- This site is optimized with the Yoast SEO plugin v26.5 - https:\/\/yoast.com\/wordpress\/plugins\/seo\/ -->\n<title>Renato Roseno cobra apura\u00e7\u00e3o de mais uma suposta chacina em Fortaleza - PSOL 50<\/title>\n<meta name=\"robots\" content=\"index, follow, max-snippet:-1, max-image-preview:large, max-video-preview:-1\" \/>\n<link rel=\"canonical\" href=\"https:\/\/psol50.org.br\/renato-roseno-cobra-apuracao-de-mais-uma-suposta-chacina-em-fortaleza\/\" \/>\n<meta property=\"og:locale\" content=\"pt_BR\" \/>\n<meta property=\"og:type\" content=\"article\" \/>\n<meta property=\"og:title\" content=\"Renato Roseno cobra apura\u00e7\u00e3o de mais uma suposta chacina em Fortaleza - PSOL 50\" \/>\n<meta property=\"og:description\" content=\"Trinta assassinatos em dois dias no Cear\u00e1: &#8220;N\u00e3o posso me calar nesses casos de viol\u00eancia extrema. Eu vou oficiar ao governador Camilo Santana e ao Secret\u00e1rio de Seguran\u00e7a para solicitar a investiga\u00e7\u00e3o dessas execu\u00e7\u00f5es em s\u00e9rie em Fortaleza. N\u00e3o \u00e9 natural 30 pessoas assassinadas em dois dias&#8221;, afirmou o deputado estadual do PSOL no Cear\u00e1, [&hellip;]\" \/>\n<meta property=\"og:url\" content=\"https:\/\/psol50.org.br\/renato-roseno-cobra-apuracao-de-mais-uma-suposta-chacina-em-fortaleza\/\" \/>\n<meta property=\"og:site_name\" content=\"PSOL 50\" \/>\n<meta property=\"article:publisher\" content=\"https:\/\/www.facebook.com\/psol50\" \/>\n<meta property=\"article:published_time\" content=\"2016-02-17T17:11:44+00:00\" \/>\n<meta property=\"og:image\" content=\"https:\/\/psol50.org.br\/inc\/uploads\/2018\/07\/capa.png\" \/>\n\t<meta property=\"og:image:width\" content=\"1350\" \/>\n\t<meta property=\"og:image:height\" content=\"900\" \/>\n\t<meta property=\"og:image:type\" content=\"image\/png\" \/>\n<meta name=\"author\" content=\"Comunica\u00e7\u00e3o PSOL\" \/>\n<meta name=\"twitter:card\" content=\"summary_large_image\" \/>\n<meta name=\"twitter:creator\" content=\"@psol50\" \/>\n<meta name=\"twitter:site\" content=\"@psol50\" \/>\n<meta name=\"twitter:label1\" content=\"Escrito por\" \/>\n\t<meta name=\"twitter:data1\" content=\"Comunica\u00e7\u00e3o PSOL\" \/>\n\t<meta name=\"twitter:label2\" content=\"Est. tempo de leitura\" \/>\n\t<meta name=\"twitter:data2\" content=\"2 minutos\" \/>\n<script type=\"application\/ld+json\" class=\"yoast-schema-graph\">{\"@context\":\"https:\/\/schema.org\",\"@graph\":[{\"@type\":\"Article\",\"@id\":\"https:\/\/psol50.org.br\/renato-roseno-cobra-apuracao-de-mais-uma-suposta-chacina-em-fortaleza\/#article\",\"isPartOf\":{\"@id\":\"https:\/\/psol50.org.br\/renato-roseno-cobra-apuracao-de-mais-uma-suposta-chacina-em-fortaleza\/\"},\"author\":{\"name\":\"Comunica\u00e7\u00e3o PSOL\",\"@id\":\"https:\/\/psol50.org.br\/#\/schema\/person\/475dfa57d0b815993c714c2e96491fcd\"},\"headline\":\"Renato Roseno cobra apura\u00e7\u00e3o de mais uma suposta chacina em Fortaleza\",\"datePublished\":\"2016-02-17T17:11:44+00:00\",\"mainEntityOfPage\":{\"@id\":\"https:\/\/psol50.org.br\/renato-roseno-cobra-apuracao-de-mais-uma-suposta-chacina-em-fortaleza\/\"},\"wordCount\":381,\"commentCount\":0,\"publisher\":{\"@id\":\"https:\/\/psol50.org.br\/#organization\"},\"image\":{\"@id\":\"https:\/\/psol50.org.br\/renato-roseno-cobra-apuracao-de-mais-uma-suposta-chacina-em-fortaleza\/#primaryimage\"},\"thumbnailUrl\":\"\",\"keywords\":[\"Assembleia Legislativa do Cear\u00e1\",\"Cear\u00e1\",\"chacina\",\"execu\u00e7\u00e3o\",\"Fortaleza\",\"Messejana\",\"Renato Roseno\"],\"articleSection\":[\"A\u00e7\u00e3o Parlamentar\",\"Estados\",\"Not\u00edcias\"],\"inLanguage\":\"pt-BR\",\"potentialAction\":[{\"@type\":\"CommentAction\",\"name\":\"Comment\",\"target\":[\"https:\/\/psol50.org.br\/renato-roseno-cobra-apuracao-de-mais-uma-suposta-chacina-em-fortaleza\/#respond\"]}]},{\"@type\":\"WebPage\",\"@id\":\"https:\/\/psol50.org.br\/renato-roseno-cobra-apuracao-de-mais-uma-suposta-chacina-em-fortaleza\/\",\"url\":\"https:\/\/psol50.org.br\/renato-roseno-cobra-apuracao-de-mais-uma-suposta-chacina-em-fortaleza\/\",\"name\":\"Renato Roseno cobra apura\u00e7\u00e3o de mais uma suposta chacina em Fortaleza - PSOL 50\",\"isPartOf\":{\"@id\":\"https:\/\/psol50.org.br\/#website\"},\"primaryImageOfPage\":{\"@id\":\"https:\/\/psol50.org.br\/renato-roseno-cobra-apuracao-de-mais-uma-suposta-chacina-em-fortaleza\/#primaryimage\"},\"image\":{\"@id\":\"https:\/\/psol50.org.br\/renato-roseno-cobra-apuracao-de-mais-uma-suposta-chacina-em-fortaleza\/#primaryimage\"},\"thumbnailUrl\":\"\",\"datePublished\":\"2016-02-17T17:11:44+00:00\",\"breadcrumb\":{\"@id\":\"https:\/\/psol50.org.br\/renato-roseno-cobra-apuracao-de-mais-uma-suposta-chacina-em-fortaleza\/#breadcrumb\"},\"inLanguage\":\"pt-BR\",\"potentialAction\":[{\"@type\":\"ReadAction\",\"target\":[\"https:\/\/psol50.org.br\/renato-roseno-cobra-apuracao-de-mais-uma-suposta-chacina-em-fortaleza\/\"]}]},{\"@type\":\"ImageObject\",\"inLanguage\":\"pt-BR\",\"@id\":\"https:\/\/psol50.org.br\/renato-roseno-cobra-apuracao-de-mais-uma-suposta-chacina-em-fortaleza\/#primaryimage\",\"url\":\"\",\"contentUrl\":\"\"},{\"@type\":\"BreadcrumbList\",\"@id\":\"https:\/\/psol50.org.br\/renato-roseno-cobra-apuracao-de-mais-uma-suposta-chacina-em-fortaleza\/#breadcrumb\",\"itemListElement\":[{\"@type\":\"ListItem\",\"position\":1,\"name\":\"In\u00edcio\",\"item\":\"https:\/\/psol50.org.br\/\"},{\"@type\":\"ListItem\",\"position\":2,\"name\":\"Renato Roseno cobra apura\u00e7\u00e3o de mais uma suposta chacina em Fortaleza\"}]},{\"@type\":\"WebSite\",\"@id\":\"https:\/\/psol50.org.br\/#website\",\"url\":\"https:\/\/psol50.org.br\/\",\"name\":\"PSOL 50\",\"description\":\"Site oficial do Partido Socialismo e Liberdade\",\"publisher\":{\"@id\":\"https:\/\/psol50.org.br\/#organization\"},\"alternateName\":\"PSOL50\",\"potentialAction\":[{\"@type\":\"SearchAction\",\"target\":{\"@type\":\"EntryPoint\",\"urlTemplate\":\"https:\/\/psol50.org.br\/?s={search_term_string}\"},\"query-input\":{\"@type\":\"PropertyValueSpecification\",\"valueRequired\":true,\"valueName\":\"search_term_string\"}}],\"inLanguage\":\"pt-BR\"},{\"@type\":\"Organization\",\"@id\":\"https:\/\/psol50.org.br\/#organization\",\"name\":\"PSOL 50\",\"alternateName\":\"PSOL 50\",\"url\":\"https:\/\/psol50.org.br\/\",\"logo\":{\"@type\":\"ImageObject\",\"inLanguage\":\"pt-BR\",\"@id\":\"https:\/\/psol50.org.br\/#\/schema\/logo\/image\/\",\"url\":\"https:\/\/psol50.org.br\/inc\/uploads\/2018\/07\/capa.png\",\"contentUrl\":\"https:\/\/psol50.org.br\/inc\/uploads\/2018\/07\/capa.png\",\"width\":1350,\"height\":900,\"caption\":\"PSOL 50\"},\"image\":{\"@id\":\"https:\/\/psol50.org.br\/#\/schema\/logo\/image\/\"},\"sameAs\":[\"https:\/\/www.facebook.com\/psol50\",\"https:\/\/x.com\/psol50\",\"https:\/\/www.instagram.com\/psol50\/\",\"https:\/\/www.youtube.com\/channel\/UC7SnJS5o1os7a6CaiNabzcg\"]},{\"@type\":\"Person\",\"@id\":\"https:\/\/psol50.org.br\/#\/schema\/person\/475dfa57d0b815993c714c2e96491fcd\",\"name\":\"Comunica\u00e7\u00e3o PSOL\",\"image\":{\"@type\":\"ImageObject\",\"inLanguage\":\"pt-BR\",\"@id\":\"https:\/\/psol50.org.br\/#\/schema\/person\/image\/\",\"url\":\"https:\/\/secure.gravatar.com\/avatar\/b34fc4f4e468a4e51785917065a3db57b841f5c95dba6ad8c73aaf8f66f8f9bf?s=96&d=mm&r=g\",\"contentUrl\":\"https:\/\/secure.gravatar.com\/avatar\/b34fc4f4e468a4e51785917065a3db57b841f5c95dba6ad8c73aaf8f66f8f9bf?s=96&d=mm&r=g\",\"caption\":\"Comunica\u00e7\u00e3o PSOL\"}}]}<\/script>\n<!-- \/ Yoast SEO plugin. -->","yoast_head_json":{"title":"Renato Roseno cobra apura\u00e7\u00e3o de mais uma suposta chacina em Fortaleza - PSOL 50","robots":{"index":"index","follow":"follow","max-snippet":"max-snippet:-1","max-image-preview":"max-image-preview:large","max-video-preview":"max-video-preview:-1"},"canonical":"https:\/\/psol50.org.br\/renato-roseno-cobra-apuracao-de-mais-uma-suposta-chacina-em-fortaleza\/","og_locale":"pt_BR","og_type":"article","og_title":"Renato Roseno cobra apura\u00e7\u00e3o de mais uma suposta chacina em Fortaleza - PSOL 50","og_description":"Trinta assassinatos em dois dias no Cear\u00e1: &#8220;N\u00e3o posso me calar nesses casos de viol\u00eancia extrema. Eu vou oficiar ao governador Camilo Santana e ao Secret\u00e1rio de Seguran\u00e7a para solicitar a investiga\u00e7\u00e3o dessas execu\u00e7\u00f5es em s\u00e9rie em Fortaleza. N\u00e3o \u00e9 natural 30 pessoas assassinadas em dois dias&#8221;, afirmou o deputado estadual do PSOL no Cear\u00e1, [&hellip;]","og_url":"https:\/\/psol50.org.br\/renato-roseno-cobra-apuracao-de-mais-uma-suposta-chacina-em-fortaleza\/","og_site_name":"PSOL 50","article_publisher":"https:\/\/www.facebook.com\/psol50","article_published_time":"2016-02-17T17:11:44+00:00","og_image":[{"width":1350,"height":900,"url":"https:\/\/psol50.org.br\/inc\/uploads\/2018\/07\/capa.png","type":"image\/png"}],"author":"Comunica\u00e7\u00e3o PSOL","twitter_card":"summary_large_image","twitter_creator":"@psol50","twitter_site":"@psol50","twitter_misc":{"Escrito por":"Comunica\u00e7\u00e3o PSOL","Est. tempo de leitura":"2 minutos"},"schema":{"@context":"https:\/\/schema.org","@graph":[{"@type":"Article","@id":"https:\/\/psol50.org.br\/renato-roseno-cobra-apuracao-de-mais-uma-suposta-chacina-em-fortaleza\/#article","isPartOf":{"@id":"https:\/\/psol50.org.br\/renato-roseno-cobra-apuracao-de-mais-uma-suposta-chacina-em-fortaleza\/"},"author":{"name":"Comunica\u00e7\u00e3o PSOL","@id":"https:\/\/psol50.org.br\/#\/schema\/person\/475dfa57d0b815993c714c2e96491fcd"},"headline":"Renato Roseno cobra apura\u00e7\u00e3o de mais uma suposta chacina em Fortaleza","datePublished":"2016-02-17T17:11:44+00:00","mainEntityOfPage":{"@id":"https:\/\/psol50.org.br\/renato-roseno-cobra-apuracao-de-mais-uma-suposta-chacina-em-fortaleza\/"},"wordCount":381,"commentCount":0,"publisher":{"@id":"https:\/\/psol50.org.br\/#organization"},"image":{"@id":"https:\/\/psol50.org.br\/renato-roseno-cobra-apuracao-de-mais-uma-suposta-chacina-em-fortaleza\/#primaryimage"},"thumbnailUrl":"","keywords":["Assembleia Legislativa do Cear\u00e1","Cear\u00e1","chacina","execu\u00e7\u00e3o","Fortaleza","Messejana","Renato Roseno"],"articleSection":["A\u00e7\u00e3o Parlamentar","Estados","Not\u00edcias"],"inLanguage":"pt-BR","potentialAction":[{"@type":"CommentAction","name":"Comment","target":["https:\/\/psol50.org.br\/renato-roseno-cobra-apuracao-de-mais-uma-suposta-chacina-em-fortaleza\/#respond"]}]},{"@type":"WebPage","@id":"https:\/\/psol50.org.br\/renato-roseno-cobra-apuracao-de-mais-uma-suposta-chacina-em-fortaleza\/","url":"https:\/\/psol50.org.br\/renato-roseno-cobra-apuracao-de-mais-uma-suposta-chacina-em-fortaleza\/","name":"Renato Roseno cobra apura\u00e7\u00e3o de mais uma suposta chacina em Fortaleza - PSOL 50","isPartOf":{"@id":"https:\/\/psol50.org.br\/#website"},"primaryImageOfPage":{"@id":"https:\/\/psol50.org.br\/renato-roseno-cobra-apuracao-de-mais-uma-suposta-chacina-em-fortaleza\/#primaryimage"},"image":{"@id":"https:\/\/psol50.org.br\/renato-roseno-cobra-apuracao-de-mais-uma-suposta-chacina-em-fortaleza\/#primaryimage"},"thumbnailUrl":"","datePublished":"2016-02-17T17:11:44+00:00","breadcrumb":{"@id":"https:\/\/psol50.org.br\/renato-roseno-cobra-apuracao-de-mais-uma-suposta-chacina-em-fortaleza\/#breadcrumb"},"inLanguage":"pt-BR","potentialAction":[{"@type":"ReadAction","target":["https:\/\/psol50.org.br\/renato-roseno-cobra-apuracao-de-mais-uma-suposta-chacina-em-fortaleza\/"]}]},{"@type":"ImageObject","inLanguage":"pt-BR","@id":"https:\/\/psol50.org.br\/renato-roseno-cobra-apuracao-de-mais-uma-suposta-chacina-em-fortaleza\/#primaryimage","url":"","contentUrl":""},{"@type":"BreadcrumbList","@id":"https:\/\/psol50.org.br\/renato-roseno-cobra-apuracao-de-mais-uma-suposta-chacina-em-fortaleza\/#breadcrumb","itemListElement":[{"@type":"ListItem","position":1,"name":"In\u00edcio","item":"https:\/\/psol50.org.br\/"},{"@type":"ListItem","position":2,"name":"Renato Roseno cobra apura\u00e7\u00e3o de mais uma suposta chacina em Fortaleza"}]},{"@type":"WebSite","@id":"https:\/\/psol50.org.br\/#website","url":"https:\/\/psol50.org.br\/","name":"PSOL 50","description":"Site oficial do Partido Socialismo e Liberdade","publisher":{"@id":"https:\/\/psol50.org.br\/#organization"},"alternateName":"PSOL50","potentialAction":[{"@type":"SearchAction","target":{"@type":"EntryPoint","urlTemplate":"https:\/\/psol50.org.br\/?s={search_term_string}"},"query-input":{"@type":"PropertyValueSpecification","valueRequired":true,"valueName":"search_term_string"}}],"inLanguage":"pt-BR"},{"@type":"Organization","@id":"https:\/\/psol50.org.br\/#organization","name":"PSOL 50","alternateName":"PSOL 50","url":"https:\/\/psol50.org.br\/","logo":{"@type":"ImageObject","inLanguage":"pt-BR","@id":"https:\/\/psol50.org.br\/#\/schema\/logo\/image\/","url":"https:\/\/psol50.org.br\/inc\/uploads\/2018\/07\/capa.png","contentUrl":"https:\/\/psol50.org.br\/inc\/uploads\/2018\/07\/capa.png","width":1350,"height":900,"caption":"PSOL 50"},"image":{"@id":"https:\/\/psol50.org.br\/#\/schema\/logo\/image\/"},"sameAs":["https:\/\/www.facebook.com\/psol50","https:\/\/x.com\/psol50","https:\/\/www.instagram.com\/psol50\/","https:\/\/www.youtube.com\/channel\/UC7SnJS5o1os7a6CaiNabzcg"]},{"@type":"Person","@id":"https:\/\/psol50.org.br\/#\/schema\/person\/475dfa57d0b815993c714c2e96491fcd","name":"Comunica\u00e7\u00e3o PSOL","image":{"@type":"ImageObject","inLanguage":"pt-BR","@id":"https:\/\/psol50.org.br\/#\/schema\/person\/image\/","url":"https:\/\/secure.gravatar.com\/avatar\/b34fc4f4e468a4e51785917065a3db57b841f5c95dba6ad8c73aaf8f66f8f9bf?s=96&d=mm&r=g","contentUrl":"https:\/\/secure.gravatar.com\/avatar\/b34fc4f4e468a4e51785917065a3db57b841f5c95dba6ad8c73aaf8f66f8f9bf?s=96&d=mm&r=g","caption":"Comunica\u00e7\u00e3o PSOL"}}]}},"_links":{"self":[{"href":"https:\/\/psol50.org.br\/rest\/wp\/v2\/posts\/11275","targetHints":{"allow":["GET"]}}],"collection":[{"href":"https:\/\/psol50.org.br\/rest\/wp\/v2\/posts"}],"about":[{"href":"https:\/\/psol50.org.br\/rest\/wp\/v2\/types\/post"}],"author":[{"embeddable":true,"href":"https:\/\/psol50.org.br\/rest\/wp\/v2\/users\/2"}],"replies":[{"embeddable":true,"href":"https:\/\/psol50.org.br\/rest\/wp\/v2\/comments?post=11275"}],"version-history":[{"count":0,"href":"https:\/\/psol50.org.br\/rest\/wp\/v2\/posts\/11275\/revisions"}],"wp:featuredmedia":[{"embeddable":true,"href":"https:\/\/psol50.org.br\/rest\/"}],"wp:attachment":[{"href":"https:\/\/psol50.org.br\/rest\/wp\/v2\/media?parent=11275"}],"wp:term":[{"taxonomy":"category","embeddable":true,"href":"https:\/\/psol50.org.br\/rest\/wp\/v2\/categories?post=11275"},{"taxonomy":"post_tag","embeddable":true,"href":"https:\/\/psol50.org.br\/rest\/wp\/v2\/tags?post=11275"}],"curies":[{"name":"wp","href":"https:\/\/api.w.org\/{rel}","templated":true}]}}