{"id":11278,"date":"2016-02-17T18:07:48","date_gmt":"2016-02-17T18:07:48","guid":{"rendered":"http:\/\/www.psol50.org.br\/?p=11278"},"modified":"2016-02-17T18:07:48","modified_gmt":"2016-02-17T18:07:48","slug":"psol-participara-em-madri-da-conferencia-plano-b-para-europa","status":"publish","type":"post","link":"https:\/\/psol50.org.br\/psol-participara-em-madri-da-conferencia-plano-b-para-europa\/","title":{"rendered":"PSOL participar\u00e1, em Madri, da Confer\u00eancia Plano B para Europa"},"content":{"rendered":"<p><span style=\"font-size: 12px;\"><em>Na foto acima,\u00a0manifesta\u00e7\u00e3o do movimento dos indignados 15-M na pra\u00e7a Puerta del Sol, em Madri<\/em><\/span><\/p>\n<p>&nbsp;<\/p>\n<p>Nos pr\u00f3ximos dias 19, 20 e 21 de fevereiro, ser\u00e1 realizada em Madri, na Espanha, a Confer\u00eancia Europeia Anti-austeridade e por um Plano B para Europa. \u00a0Encabe\u00e7ado pelo ex-ministro das finan\u00e7as grego, Yanis Varoufakis, o evento reunir\u00e1 in\u00fameros pol\u00edticos, organiza\u00e7\u00f5es de esquerda, intelectuais e ativistas, que tamb\u00e9m assinam a convocat\u00f3ria da confer\u00eancia. Dentre os nomes de peso se destacam a prefeita de Barcelona, Ada Colau; a ex-presidenta do parlamento grego, Zoe Konstantopoulou; o cineasta ingl\u00eas Ken Loach (<em>P\u00e3o e Rosas<\/em> e <em>Uma can\u00e7\u00e3o da para Carla<\/em>), intelectuais como Eric Toussaint, Tariq Ali, Michel L\u00f6wy, Michael Husson, Noam Chomsky, Gilbert Achcar, entre tantos outros e outras.<\/p>\n<p>Como parte de uma pol\u00edtica internacionalista e com o objetivo de estreitar la\u00e7os entre a esquerda europeia e a latino-americana, o PSOL enviar\u00e1 a Madri uma delega\u00e7\u00e3o composta pelos dirigentes Francisvaldo Mendes e Pedro Fuentes, da Secretaria de Rela\u00e7\u00f5es Internacionais do partido. O objetivo da participa\u00e7\u00e3o \u00e9 acompanhar este importante momento de articula\u00e7\u00e3o internacional da luta contra a austeridade e os desmandos da Troika (formada pelo Banco Central Europeu, FMI e Comiss\u00e3o Europeia).<\/p>\n<p>Na carta, os organizadores afirmam que \u201co exemplo da Gr\u00e9cia nos mostrou que para fazer frente \u00e0 atual conjuntura devemos unir esfor\u00e7os de todos os estados membros e a partir de todas as esferas: pol\u00edtica, intelectual e da sociedade civil. Nossa vis\u00e3o \u00e9 solid\u00e1ria e internacionalista. Por estes motivos queremos gerar um espa\u00e7o de conflu\u00eancia no qual todas as pessoas, movimentos e organiza\u00e7\u00f5es que se op\u00f5em ao modelo atual de Uni\u00e3o Europeia possam consensuar uma agenda comum de objetivos, projetos e a\u00e7\u00f5es com o fim de romper com o regime de austeridade da UE e democratizar radicalmente as institui\u00e7\u00f5es europeias, colocando-as a servi\u00e7o da cidadania\u201d.<\/p>\n<p>O secret\u00e1rio de Rela\u00e7\u00f5es Internacionais do PSOL, Francisvaldo Mendes, considera que o encontro em Madri ser\u00e1 capaz de\u00a0debater\u00a0uma pol\u00edtica\u00a0de combate ao\u00a0atual modelo desumano de administra\u00e7\u00e3o, com a perspectiva de resgatar\u00a0os direitos e a dignidade da maioria da popula\u00e7\u00e3o que hoje \u00e9\u00a0submetida aos interesses das elites financeiras. &#8220;O mundo vive uma crise econ\u00f4mica, reflexo do capitalismo e da l\u00f3gica da financeiriza\u00e7\u00e3o da economia sob a \u00e9gide dos bancos e do Capital monopolista. E essa confer\u00eancia ter\u00e1 o desafio de discutir alternativas a essa l\u00f3gica.\u00a0Uma nova forma de administrar as cidades e os pa\u00edses deve ser pensada, levando em considera\u00e7\u00e3o a maioria da popula\u00e7\u00e3o e n\u00e3o os interesses dos bancos e do grande capital, que ceifa emprego e vida digna.\u00a0O PSOL aposta numa nova forma de organiza\u00e7\u00e3o social e acredita que \u00e9\u00a0poss\u00edvel obter um crescimento econ\u00f4mico com melhores condi\u00e7\u00f5es de vida e quer contribuir para que o Brasil possa estar inserido nesse debate de enfrentamento ao capital financeiro&#8221;, pontua o dirigente nacional do partido.<\/p>\n<p>Abaixo, confira o manifesto de convoca\u00e7\u00e3o e seus primeiros assinantes.<\/p>\n<p><strong>Um Plano B para Europa<br \/>\n<\/strong>Em julho de 2015 assistimos a um Golpe de Estado financeiro executado pela Uni\u00e3o Europeia e suas institui\u00e7\u00f5es contra o governo grego, condenando a popula\u00e7\u00e3o grega a seguir sofrendo as pol\u00edticas de austeridade que j\u00e1 haviam recha\u00e7ado em duas ocasi\u00f5es por meio das urnas. Esse golpe intensificou o debate sobre o poder das institui\u00e7\u00f5es da Uni\u00e3o Europeia, sua incompatibilidade com a democracia e seu papel de garantir os direitos b\u00e1sicos exigidos pelos europeus.<\/p>\n<p>Sabemos que existem alternativas \u00e0 austeridade. Iniciativas como &#8220;Por um Plano B na Europa&#8221;, &#8220;Austerexit&#8221;, o\u00a0DiEM25 (Democracy in Europe Movement 2025) denunciam a chantagem do terceiro memorando de &#8220;entendimento&#8221; imposto \u00e0 Gr\u00e9cia, o fracasso econ\u00f4mico que ele sup\u00f5e, al\u00e9m do car\u00e1ter antidemocr\u00e1tico da UE. Reconhecido pelo pr\u00f3prio presidente da Comiss\u00e3o Europeia, Jean-Claude Juncker que declarou: &#8220;N\u00e3o podem haver decis\u00f5es democr\u00e1ticas contra os tratados europeus&#8221;.<\/p>\n<p>Tamb\u00e9m somos testemunhas da resposta n\u00e3o solid\u00e1ria (em ocasi\u00f5es at\u00e9 xen\u00f3foba), das institui\u00e7\u00f5es europeias e dos estados membros frente \u00e0 chegada de refugiados procedentes do Oriente M\u00e9dio e \u00c1frica e o drama humano que isso acarreta. Remarcando a hipocrisia do discurso da UE a respeito dos direitos humanos, que de forma indireta, atrav\u00e9s da venda de armas o de pol\u00edticas comerciais, \u00e9 um ator-chave nos conflitos que provocaram as recentes crises humanit\u00e1rias.<\/p>\n<p>O regime de crise da UE, baseado na austeridade e iniciado h\u00e1 oito anos, privatiza os bens comuns e destr\u00f3i os direitos sociais e trabalhistas em vez de fazer frente \u00e0s causas iniciais da crise: a desregula\u00e7\u00e3o do sistema financeiro e a captura corporativa das institui\u00e7\u00f5es da UE atrav\u00e9s dos grandes lobbies e das portas girat\u00f3rias. A UE promove solu\u00e7\u00f5es falsas negociando, com grande opacidade e sem nenhum controle democr\u00e1tico, tratados de com\u00e9rcio e investimento como o TTIP, o CETA e o TiSA, que eliminam o que consideravam barreiras ao com\u00e9rcio: os direitos e normas que protegem a cidadania, aos trabalhadores e ao meio ambiente. \u00c9 o golpe definitivo a nossas democracias e ao Estado de Direito, especialmente por meio dos mecanismos de prote\u00e7\u00e3o ao investidor.<\/p>\n<p>A UE atual \u00e9 governada de fato por uma tecnocracia a servi\u00e7o dos interesses de uma pequena, mas poderosa, minoria de poderes econ\u00f4micos e financeiros. Tudo isso provocou o ressurgimento do discurso da extrema direita e de posi\u00e7\u00f5es xen\u00f3fobas e nacionalistas em muitos pa\u00edses da Europa. Os democratas t\u00eam a responsabilidade de reagir ante esta amea\u00e7a e impedir que os fascismos capitalizem a dor e o descontentamento da cidadania, a qual, apesar de tudo, tem demonstrado sua solidariedade frente \u00e0 trag\u00e9dia humanit\u00e1ria que sofrem centenas de milhares de pessoas refugiadas.<\/p>\n<p>A sociedade est\u00e1 trabalhando por uma mudan\u00e7a radical nas pol\u00edticas da UE. Mobiliza\u00e7\u00f5es sociais, como Blockupy, a campanha N\u00c3O ao TTIP, o Alter Summit, a greve geral europeia de 2012, as Euromarchas, o prodigioso trabalho realizado por numerosas plataformas cidad\u00e3s e ONGs, comp\u00f5em um valioso capital humano, intelectual e ideol\u00f3gico pela defesa dos direitos humanos, o respeito \u00e0 terra e \u00e0 dignidade das pessoas por sobre os interesses pol\u00edticos e econ\u00f4micos. Acreditamos, entretanto, que \u00e9 necess\u00e1ria uma maior coordena\u00e7\u00e3o e coopera\u00e7\u00e3o pr\u00e1tica para a mobiliza\u00e7\u00e3o em n\u00edvel europeu.<\/p>\n<p><strong>H\u00e1 muitas propostas em marcha para acabar com a austeridade<br \/>\n<\/strong>Uma pol\u00edtica fiscal justa e o encerramento de para\u00edsos, sistemas de trocas complementares, a remunicipaliza\u00e7\u00e3o dos servi\u00e7os p\u00fablicos, a divis\u00e3o igualit\u00e1ria de todos os trabalhos incluindo os cidad\u00e3os em regime de dignidade, a aposta em um modelo de produ\u00e7\u00e3o baseado nas energias renov\u00e1veis e reformar ou abolir o pacto fiscal europeu &#8211; formalmente Tratado de Estabilidade, Coordena\u00e7\u00e3o e Governan\u00e7a na Uni\u00e3o Econ\u00f4mica e Monet\u00e1ria.<\/p>\n<p>O exemplo da Gr\u00e9cia nos mostrou que para fazer frente \u00e0 atual conjuntura devemos unir esfor\u00e7os de todos os estados membros e a partir de todas as esferas: pol\u00edtica, intelectual e da sociedade civil. Nossa vis\u00e3o \u00e9 solid\u00e1ria e internacionalista.<\/p>\n<p>Por estes motivos queremos gerar um espa\u00e7o de conflu\u00eancia no qual todas as pessoas, movimentos e organiza\u00e7\u00f5es que se op\u00f5em ao modelo atual de Uni\u00e3o Europeia possam consensuar uma agenda comum de objetivos, projetos e a\u00e7\u00f5es com o fim de romper com o regime de austeridade da UE e democratizar radicalmente as institui\u00e7\u00f5es europeias, colocando-as a servi\u00e7o da cidadania.<\/p>\n<p>Para isso, propomos convocar uma confer\u00eancia europeia nos dias 19, 20 e 21 de fevereiro em Madri e chamamos publicamente a participar nos debates, grupos de trabalho e exposi\u00e7\u00f5es que l\u00e1 se organizar\u00e3o.<\/p>\n<p><strong>Primeiras assinaturas:<\/strong><\/p>\n<p><strong>Lola S\u00e1nchez &#8211; <\/strong>Eurodiputada, Podemos<\/p>\n<p><strong>Miguel Urb\u00e1n &#8211; <\/strong>Eurodiputado, Podemos<\/p>\n<p><strong>Marina Albiol &#8211; <\/strong>Eurodiputada, Izquierda Plural<\/p>\n<p><strong>Javier Couso &#8211; <\/strong>Eurodiputado, Izquierda Plural<\/p>\n<p><strong>Susan George &#8211; <\/strong>Presidenta del Transnational Institute<\/p>\n<p><strong>Yanis Varoufakis &#8211; <\/strong>Economista, ex-Ministro de Finanzas griego<\/p>\n<p><strong>Ada Colau &#8211; <\/strong>Alcaldesa de Barcelona<\/p>\n<p><strong>Eric Toussaint &#8211; <\/strong>Portavoz CADTM<\/p>\n<p><strong>Zoe Konstantopoulou &#8211; <\/strong>Abogada, ex-Presidenta del Parlamento griego<\/p>\n<p><strong>Catherine Samary &#8211; <\/strong>\u00c9conomiste altermondialiste, France<\/p>\n<p><strong>Ken Loach &#8211; <\/strong>Film director, UK<\/p>\n<p><strong>Mariana Mortagua &#8211; <\/strong>Diputada Parlamento de Portugal<\/p>\n<p><strong>Noam Chomsky &#8211; <\/strong>Ling\u00fcista, Fil\u00f3sofo y Activista, USA<\/p>\n<p><strong>Alexandra Strickner\u00a0\u00a0\u00a0\u00a0\u00a0\u00a0\u00a0\u00a0\u00a0\u00a0\u00a0 &#8211; <\/strong>Presidenta de ATTAC Austria<\/p>\n<p><strong>Alberto Garz\u00f3n &#8211; <\/strong>Diputado de IU \u2013 Unidad Popular<\/p>\n<p><strong>Alberto Montero &#8211; <\/strong>Diputado de Podemos<\/p>\n<p><strong>Adoraci\u00f3n Guam\u00e1n &#8211; <\/strong>Profesora de derecho del trabajo. Universitat de Val\u00e8ncia, miembro del consejo cient\u00edfico de Attac<\/p>\n<p><strong>Alda Sousa &#8211; <\/strong>Ex-d\u00e9put\u00e9e europ\u00e9enne, Bloco de Esquerda, Portugal<\/p>\n<p><strong>Alexandra Fernandez &#8211; <\/strong>Diputada al Congreso por la Marea<\/p>\n<p><strong>Alexis Cukier\u00a0\u00a0\u00a0\u00a0\u00a0\u00a0\u00a0\u00a0\u00a0\u00a0\u00a0 Philosophe &#8211; <\/strong>Fondation Copernic, France<\/p>\n<p><strong>Alfred de Zayas &#8211; <\/strong>Relator Independiente de la ONU para DD.HH<\/p>\n<p><strong>Ana Benavente &#8211; <\/strong>Sociologue, IAC, Portugal<\/p>\n<p><strong>Andrej Hunko &#8211; <\/strong>Diputado Die Linke al Bundestag<\/p>\n<p><strong>Andy Storey &#8211; <\/strong>University College Dublin<\/p>\n<p><strong>Angela Wigger &#8211; <\/strong>Associate Professor, Radboud University, The Netherlands<\/p>\n<p><strong>Anna Gabriel\u00a0\u00a0\u00a0\u00a0\u00a0\u00a0\u00a0\u00a0\u00a0\u00a0\u00a0 &#8211; <\/strong>Diputada\/o autonomico de las CUP<\/p>\n<p><strong>Antonio Baylos &#8211; <\/strong>Catedr\u00e1tico de Derecho del Trabajo. Universidad de Castilla la Mancha.<\/p>\n<p><strong>Antonio Sanabria &#8211; <\/strong>Profesor de econom\u00eda de la Universidad Complutense<\/p>\n<p><strong>Antonis Ntavanelos &#8211; <\/strong>DEA <strong>\u2013 <\/strong>consejo pol\u00edtico de unidad popular<\/p>\n<p><strong>Beatriz Talegon &#8211; <\/strong>Abogada, ex-Secretaria General de la Uni\u00f3n Internacional de J\u00f3venes Socialistas<\/p>\n<p><strong>Bibiana Medialdea &#8211; <\/strong>Profesora de Econom\u00eda de la UCM<\/p>\n<p><strong>Bodo Ellmers &#8211; <\/strong>Eurodad, Brussels<\/p>\n<p><strong>Bruno Bosteels &#8211; <\/strong>Cornell University<\/p>\n<p><strong>Carlos Sanchez Mato &#8211; <\/strong>Concejal de Econom\u00eda y Hacienda de Madrid<\/p>\n<p><strong>Carmen San Jos\u00e9 &#8211; <\/strong>Diputada Podemos CAM<\/p>\n<p><strong>C\u00e9dric Durand &#8211; <\/strong>Economista, Centre d\u2019Economie de l\u2019Universit\u00e9 Paris-Nord-\u00c9cole des Hautes \u00c9tudes en Sciences Sociales, EHESS<\/p>\n<p><strong>C\u00e9line CAUDRON &#8211; <\/strong>Militante f\u00e9ministe (Belgique)<\/p>\n<p><strong>Cem Oyvat &#8211; <\/strong>Lecturer, University of Greenwich<\/p>\n<p><strong>Chris Hedges Pulitzer Prize \u2013 <\/strong>Journalism<\/p>\n<p><strong>Christina Laskaridis &#8211; <\/strong>Miembro del Comit\u00e9 de la Verdad de la Deuda Griega<\/p>\n<p><strong>Christine Pagnoulle &#8211; <\/strong>President of ATTAC Li\u00e9ge<\/p>\n<p><strong>Christine Vandendaelen &#8211; <\/strong>F\u00e9ministe, membre du secr\u00e9tariat international du CADTM et CADTM Belgique<\/p>\n<p><strong>Corine Gobin\u00a0\u00a0\u00a0\u00a0\u00a0\u00a0\u00a0\u00a0\u00a0\u00a0\u00a0 &#8211; <\/strong>Politologue \u00e1 l\u00daLB, Belgium<\/p>\n<p><strong>Costas Lapavitsas &#8211; <\/strong>Profesor de Econom\u00eda en SOAS, Londres<\/p>\n<p><strong>Creston Davis Founder &#8211; \u00a0<\/strong>Director &amp;Professor of Philosophy, The Global Center For Advanced Studies, GCAS<\/p>\n<p><strong>Daniel Munevar &#8211; <\/strong>Asesor Yanis Varoufakis y Miembro CADTM<\/p>\n<p><strong>Daniel PIRON &#8211; <\/strong>Ancien secr\u00e9taire interprofessionnel de la FGTB-Charleroi-Sud Hainaut (Belgique)<\/p>\n<p><strong>Daniel Tanuro &#8211; <\/strong>Ecosocialist Network<\/p>\n<p><strong>David Fern\u00e1ndez &#8211; <\/strong>Diputada\/o autonomico de las CUP<\/p>\n<p><strong>David Wagner &#8211; <\/strong>D\u00e9put\u00e9 \u2013 d\u00e9i L\u00e9nk, Luxembourg<\/p>\n<p><strong>Dimitris Sotiropoulos &#8211; <\/strong>Open University, UK<\/p>\n<p><strong>Eduardo Garz\u00f3n &#8211; <\/strong>Economista<\/p>\n<p><strong>Ernest Urtasun &#8211; <\/strong>Eurodiputado de ICV, Grupo de Los Verdes\/ALE<\/p>\n<p><strong>Eug\u00e9nia Pires &#8211; <\/strong>Economist, Portugal<\/p>\n<p><strong>Fabio di Masi<\/strong>\u00a0\u00a0\u00a0\u00a0\u00a0\u00a0\u00a0\u00a0\u00a0\u00a0\u00a0 &#8211; Member of the Euro Parliament, Die Linke<\/p>\n<p><strong>F\u00e1tima Mart\u00edn &#8211; <\/strong>Periodista y Miembro de la PACD<\/p>\n<p><strong>Fernando Luengo &#8211; <\/strong>Profesor de Econom\u00eda Aplicada de la UCM y CCA de Madrid de Podemos<\/p>\n<p><strong>Florent Marcellesi &#8211; <\/strong>Portavoz de EQUO en el Parlamento Europeo , Grupo de Los Verdes<\/p>\n<p><strong>Francisco Lou\u00e7\u00e3 &#8211; <\/strong>Bloco de Esquerda, Portugal<\/p>\n<p><strong>Freddy MATHIEU &#8211; <\/strong>Ancien secr\u00e9taire interprofessionnel de la FGTB Mons-Borinage (Belgique)<\/p>\n<p><strong>Gerardo Pisarello &#8211; <\/strong>Primer Teniente de Alcalde Barcelona<\/p>\n<p><strong>Gilbert Achcar &#8211; <\/strong>Professeur, SOAS, Universit\u00e9 de Londres<\/p>\n<p><strong>Gilbert Lieben &#8211; <\/strong>General Secretary CGSP Wallonne, Trade Union<\/p>\n<p><strong>Gustave Massiah &#8211; <\/strong>Membre Fondateur de IPAM France<\/p>\n<p><strong>Heikki Patom\u00e4ki &#8211; <\/strong>Professor of World Politics, University of Helsinki, Member of Board Vasemmistoliitto -V\u00e4nsterf\u00f6rbundet \u2013 The Left Alliance<\/p>\n<p><strong>Hilary Wainwright &#8211; <\/strong>Co-editor Red Pepper and Fellow of Transnational Institute, UK<\/p>\n<p><strong>Hugo Braun &#8211; <\/strong>Attac Germany<\/p>\n<p><strong>Hu\u00e1scar Sologuren &#8211; <\/strong>PACD Madrid<\/p>\n<p><strong>Ioanna Gaitani &#8211; <\/strong>Ex diputada de Syriza-Red Network<\/p>\n<p><strong>Isabel Serra &#8211; <\/strong>Diputada Podemos CAM, Anticapitalistas<\/p>\n<p><strong>Jaime Pastor\u00a0 &#8211; <\/strong>Pol\u00edt\u00f3logo y Editor de la revista Viento Sur<\/p>\n<p><strong>James Petras Bartle &#8211; <\/strong>Professor Emeritus, Binghamton University<\/p>\n<p><strong>Jean-Fran\u00e7ois Pellissier &#8211; <\/strong>Portavoz de Ensemble<\/p>\n<p><strong>Jean-Francois Ramquet &#8211; <\/strong>General Secretary FGTB Liege, Trade Union<\/p>\n<p><strong>J\u00e9r\u00f4me Duval &#8211; <\/strong>Miembro PACD y CADTM<\/p>\n<p><strong>Joana Mort\u00e1gua &#8211; <\/strong>Economista, Diputada del Parlamento del Portugal<\/p>\n<p><strong>Joao Camargo &#8211; <\/strong>Prec\u00e1rios Inflex\u00edveis, Portugal<\/p>\n<p><strong>John Hillary &#8211; <\/strong>Director de War on Want, UK<\/p>\n<p><strong>John Weeks &#8211; <\/strong>Professor Emeritus, SOAS, University of London<\/p>\n<p><strong>Jonathan Stevenson &#8211; <\/strong>Jubilee Debt Campaign<\/p>\n<p><strong>Jordi Sebasti\u00e1 &#8211; <\/strong>Eurodiputado por Comprom\u00eds, Grupo de Los Verdes<\/p>\n<p><strong>Jose Mar\u00eda Gonz\u00e1lez (Kichi) &#8211; <\/strong>Alcalde de C\u00e1diz<\/p>\n<p><strong>Jose M\u00e1r\u00eda Gonz\u00e1lez Suarez &#8211; <\/strong>Presidente de la Fundaci\u00f3n por una Europa de los Ciudadanos<\/p>\n<p><strong>Josep Manel Busqueta &#8211; <\/strong>Ex-Diputado auton\u00f3mico de la CUP<\/p>\n<p><strong>Josep Mar\u00eda Terricabras &#8211; <\/strong>Eurodiputado Grupo Los Verdes<\/p>\n<p><strong>Juan Torres &#8211; <\/strong>Catedr\u00e1tico de Teor\u00eda Econ\u00f3mica y Econom\u00eda Pol\u00edtica. Universidad de Sevilla<\/p>\n<p><strong>Justa Montero &#8211; <\/strong>Activista feminista y miembro de la Asamblea Feminista<\/p>\n<p><strong>Katerina Sergidou &#8211; <\/strong>Red Network<\/p>\n<p><strong>Kenneth Haar &#8211; <\/strong>Corporate Europe Observatory, Denmark<\/p>\n<p><strong>L\u00eddia Senra Rodr\u00edguez &#8211; <\/strong>Diputada por Alternativa Galega de Ezquerda (Galiza) no Parlamento Europeo<\/p>\n<p><strong>Lina G\u00e1lvez &#8211; <\/strong>Catedr\u00e1tica de Historia e Instituciones Econ\u00f3mica. Universidad Pablo de Olavide<\/p>\n<p><strong>Lourdes Bener\u00eda &#8211; <\/strong>Profesora Emerita Dpto. Planificaci\u00f3n Urbana y Reginal Cornell University<\/p>\n<p><strong>Ludovica Rogers &#8211; <\/strong>Member of Debt Resistance UK<\/p>\n<p><strong>Lu\u00eds Fazenda &#8211; <\/strong>Bloco de Esquerda, Portugal<\/p>\n<p><strong>Luka Mesec &#8211; <\/strong>Leader of Parliamentary Group of Zdruzena Levica, (United Left), Slovenia<\/p>\n<p><strong>Luke Cooper &#8211; <\/strong>Another Europe is Possible, UK<\/p>\n<p><strong>Malin Bj\u00f6rk &#8211; <\/strong>Eurodiputada Partido de Izquierda, Grupo GUE\/NGL \u2013 Suecia<\/p>\n<p><strong>Mamadou Ba\u00a0\u00a0\u00a0\u00a0\u00a0\u00a0\u00a0\u00a0\u00a0\u00a0\u00a0 &#8211; <\/strong>Bloco d\u00b4Esquerda<\/p>\n<p><strong>Manolo Gar\u00ed &#8211; <\/strong>Economista, Anticapitalistas<\/p>\n<p><strong>Manolo Monereo &#8211; <\/strong>Doctor en Ciencias Pol\u00edticas y licenciado en Derecho<\/p>\n<p><strong>Maria Bolari &#8211; <\/strong>Ex diputada de Syriza-Red Network<\/p>\n<p><strong>Maria Lucia Fatorelli &#8211; <\/strong>National Coordinator of Citizen Debt Audit Brazil<\/p>\n<p><strong>Marga Ferr\u00e9 &#8211; <\/strong>Ejecutiva IU<\/p>\n<p><strong>Mauricio Valiente &#8211; <\/strong>Concejal Ahora Madrid<\/p>\n<p><strong>Mehmet Ugur &#8211; <\/strong>Professor in Economics and Institutions, International Business and Economics, University or Greenwich<\/p>\n<p><strong>Michael Hardt &#8211; <\/strong>Duke University<\/p>\n<p><strong>Michael Hudson &#8211; <\/strong>ISLET: Institute for the Study of Long-Term Economic Trends, USA<\/p>\n<p><strong>Michael Lowy &#8211; <\/strong>Reseau Ecosocialiste International, France<\/p>\n<p><strong>Miguel L\u00f3pez &#8211; <\/strong>SKP-Finlandia<\/p>\n<p><strong>Michel Husson &#8211; <\/strong>\u00c9conomiste, membre de la commission pour la v\u00e9rit\u00e9 sur la dette grecque (France)<\/p>\n<p><strong>Miska Seppaelae &#8211; <\/strong>Vasemmistoliitto -V\u00e4nsterf\u00f6rbundet \u2013 The Left Alliance<\/p>\n<p><strong>Moisis Litsis &#8211; <\/strong>Journalist, Greek Committee Against Debt, CADTM<\/p>\n<p><strong>M\u00f3nica Oltra Comprom\u00eds &#8211; <\/strong>Vicepresidenta de la Generalitat Valenciana<\/p>\n<p><strong>Montserrat Galcer\u00e1n &#8211; <\/strong>Catedr\u00e1tica em\u00e9rita de filosof\u00eda, Concejala de Ahora Madrid<\/p>\n<p><strong>Myriam Martin &#8211; <\/strong>Portavoz de Ensemble y Diputada Regional<\/p>\n<p><strong>Myriam Vander Stichele &#8211; <\/strong>(TNI\/SOMO) The Netherlands SOMO es Center for Research on Multinational Corporations<\/p>\n<p><strong>Nacho \u00c1lvarez &#8211; <\/strong>Secretario de Econom\u00eda de Podemos<\/p>\n<p><strong>Natalia Munevar &#8211; <\/strong>Plataforma Auditor\u00eda Ciudadana de la Deuda \u2013 PACD<\/p>\n<p><strong>Nick Dearden &#8211; <\/strong>Director de Global Justice UK<\/p>\n<p><strong>Nikolaos Chountis &#8211; <\/strong>Eurodiputado Unidad Popular (Grecia)<\/p>\n<p><strong>Olivier Besancenot &#8211; <\/strong>Ex-candidato a las presidenciales del NPA, Francia<\/p>\n<p><strong>Ozlem Onaran &#8211; <\/strong>Professor of Economics and Director of Greenwich Political Economy Research Center, University or Greenwich<\/p>\n<p><strong>Pablo Carmona &#8211; <\/strong>Concejal Ahora Madrid<\/p>\n<p><strong>Pablo Echenique &#8211; <\/strong>Secretario General de Podemos Arag\u00f3n y diputado en el Parlamento auton\u00f3mico<\/p>\n<p><strong>Patrick Saurin &#8211; <\/strong>Portavoz del Sindicato Sud del Banco BPCE, Francia.Miembro del Comit\u00e9 de la Verdad sobre la Deuda Griega<\/p>\n<p><strong>Paul Murphy &#8211; <\/strong>Irish Socialist Party. Anti-Austerity Alliance Dublin, Ireland<\/p>\n<p><strong>Pauline FORGES &#8211; <\/strong>Enseignante, d\u00e9l\u00e9gu\u00e9e syndicale, membre de la LCR-SAP (Belgique)<\/p>\n<p><strong>Pedro Santisteve- <\/strong>Alcalde de Zaragoza<\/p>\n<p><strong>Penelope Duggan &#8211; <\/strong>Editor International Viewpoint, UK-France<\/p>\n<p><strong>Peter VELTMANS &#8211; <\/strong>Syndikalist ACOD Financi\u00ebn, lid van de SAP-LCR (Belgium)<\/p>\n<p><strong>Philippe Marli\u00e8re &#8211; <\/strong>Profesor de pol\u00edtica europea en University College, London<\/p>\n<p><strong>Pierre Galand &#8211; <\/strong>Pr\u00e9sident du Forum Nord Sud, Belgique<\/p>\n<p><strong>Pierre Khala &#8211; <\/strong>Copr\u00e9sident de la Fondation Copernic, France<\/p>\n<p><strong>Pierre Vanek D\u00e9put\u00e9 &#8211; <\/strong>Membre de Solidarit\u00e9s, Suisse<\/p>\n<p><strong>Quim Arrufat &#8211; <\/strong>Diputada\/o autonomico de las CUP<\/p>\n<p><strong>Rastko Mocnik &#8211; <\/strong>Sociologist, Ljubljana, Belgrade<\/p>\n<p><strong>Rafael Escudero &#8211; <\/strong>Profesor de filosof\u00eda del derecho. Universidad Carlos III de Madrid.<\/p>\n<p><strong>Ra\u00fal Camargo &#8211; <\/strong>Diputado Podemos CAM, Anticapitalistas<\/p>\n<p><strong>Richard Wolff &#8211; <\/strong>The New School<\/p>\n<p><strong>Rommy Arce &#8211; <\/strong>Concejala Ahora Madrid<\/p>\n<p><strong>Rui Viana Pereira &#8211; <\/strong>Membro de CADPP, Portugal<\/p>\n<p><strong>Ruth Rubio Mar\u00edn &#8211; <\/strong>Professor of Constitutional and Public Comparative Law European University Institute<\/p>\n<p><strong>Sebast\u00edan Mart\u00edn &#8211; <\/strong>Profesor de Historia del Derecho. Universidad de Sevilla<\/p>\n<p><strong>Sergi Cutillas &#8211; <\/strong>PACD, Miembro Comit\u00e9 de la Verdad sobre la Deuda Griega<\/p>\n<p><strong>Sofia Sakorafa &#8211; <\/strong>Member of the Euro Parliament, Greece<\/p>\n<p><strong>Sol Sanchez &#8211; <\/strong>Diputada IU-UP en el Congreso<\/p>\n<p><strong>Sonia Farr\u00e9 &#8211; <\/strong>PACD, En Com\u00fa Podem<\/p>\n<p><strong>Sonia Mitralia &#8211; <\/strong>Membre du CADTM et de l\u2019Initiative \u201cFemmes contre la dette et les mesures d\u2019austerit\u00e9\u201d<\/p>\n<p><strong>Soren Sondergaard &#8211; <\/strong>MP for the Red-Green Alliance, Denmark<\/p>\n<p><strong>Srecko Horvat &#8211; <\/strong>Croatia \u2013 UK<\/p>\n<p><strong>Stanislas Jourdan &#8211; <\/strong>Mediaactivist, Basic Income, Quantitative Easing<\/p>\n<p><strong>Stathis Kouvelakis &#8211; <\/strong>Profesor en Kings College, Londres<\/p>\n<p><strong>Stavros Tombazos &#8211; <\/strong>Professeur d\u2019\u00e9conomie politique, Universit\u00e9 de Chypre<\/p>\n<p><strong>Stefan Zgliczynski &#8211; <\/strong>Editor of le Monde Diplomatique, Poland<\/p>\n<p><strong>Tariq Ali &#8211; <\/strong>New Left Review<\/p>\n<p><strong>Teresa Rodriguez &#8211; <\/strong>Secretaria General de Podemos y Diputada en Andaluc\u00eda<\/p>\n<p><strong>Thomas WEYTS &#8211; <\/strong>SAP-LCR ,Belgique<\/p>\n<p><strong>Xabier Benito &#8211; <\/strong>Eurodiputado Podemos<\/p>\n<p><strong>Xabi Domenech &#8211; <\/strong>Diputado en el congeso por En Comu Podem<\/p>\n<p><strong>Tom Kucharz &#8211; <\/strong>Miembro de Ecologistas en Acci\u00f3n, Spain<\/p>\n<p><strong>Vicen\u00e7 Navarro &#8211; <\/strong>Catedr\u00e1tico de Ciencias Pol\u00edticas y Sociales, Universidad Pompeu Fabra<\/p>\n<p><strong>Yago \u00c1lvarez &#8211; <\/strong>PACD Madrid<\/p>\n<p><strong>Yayo Herrero &#8211; <\/strong>Ecologistas en Acci\u00f3n<\/p>\n<p><strong>Yorgos Mitralias &#8211; <\/strong>Promoteur \u201cManifeste Antifasciste Europeen\u201d<\/p>\n<p><strong>Zbigniew Marcin Kowalewski &#8211; <\/strong>Chercheur et Editeur, Pologne<\/p>\n","protected":false},"excerpt":{"rendered":"<p>Na foto acima,\u00a0manifesta\u00e7\u00e3o do movimento dos indignados 15-M na pra\u00e7a Puerta del Sol, em Madri &nbsp; Nos pr\u00f3ximos dias 19, 20 e 21 de fevereiro, ser\u00e1 realizada em Madri, na Espanha, a Confer\u00eancia Europeia Anti-austeridade e por um Plano B para Europa. \u00a0Encabe\u00e7ado pelo ex-ministro das finan\u00e7as grego, Yanis Varoufakis, o evento reunir\u00e1 in\u00fameros pol\u00edticos, [&hellip;]<\/p>\n","protected":false},"author":2,"featured_media":11279,"comment_status":"open","ping_status":"open","sticky":false,"template":"","format":"standard","meta":{"_acf_changed":false,"footnotes":""},"categories":[836,14],"tags":[3990,3991,3992,2060,3607,3993,3609,3994,3995,3996,3997],"class_list":{"0":"post-11278","1":"post","2":"type-post","3":"status-publish","4":"format-standard","5":"has-post-thumbnail","7":"category-internacional","8":"category-partido","9":"tag-banco-central-europeu","10":"tag-comissao-europeia","11":"tag-conferencia-anti-austeridade","12":"tag-fmi","13":"tag-francisvaldo-mendes","14":"tag-grecia","15":"tag-madri","16":"tag-pedro-fuentes","17":"tag-plano-b","18":"tag-troika","19":"tag-yanis-varoufakis"},"acf":[],"yoast_head":"<!-- This site is optimized with the Yoast SEO plugin v26.5 - https:\/\/yoast.com\/wordpress\/plugins\/seo\/ -->\n<title>PSOL participar\u00e1, em Madri, da Confer\u00eancia Plano B para Europa - PSOL 50<\/title>\n<meta name=\"robots\" content=\"index, follow, max-snippet:-1, max-image-preview:large, max-video-preview:-1\" \/>\n<link rel=\"canonical\" href=\"https:\/\/psol50.org.br\/psol-participara-em-madri-da-conferencia-plano-b-para-europa\/\" \/>\n<meta property=\"og:locale\" content=\"pt_BR\" \/>\n<meta property=\"og:type\" content=\"article\" \/>\n<meta property=\"og:title\" content=\"PSOL participar\u00e1, em Madri, da Confer\u00eancia Plano B para Europa - PSOL 50\" \/>\n<meta property=\"og:description\" content=\"Na foto acima,\u00a0manifesta\u00e7\u00e3o do movimento dos indignados 15-M na pra\u00e7a Puerta del Sol, em Madri &nbsp; Nos pr\u00f3ximos dias 19, 20 e 21 de fevereiro, ser\u00e1 realizada em Madri, na Espanha, a Confer\u00eancia Europeia Anti-austeridade e por um Plano B para Europa. \u00a0Encabe\u00e7ado pelo ex-ministro das finan\u00e7as grego, Yanis Varoufakis, o evento reunir\u00e1 in\u00fameros pol\u00edticos, [&hellip;]\" \/>\n<meta property=\"og:url\" content=\"https:\/\/psol50.org.br\/psol-participara-em-madri-da-conferencia-plano-b-para-europa\/\" \/>\n<meta property=\"og:site_name\" content=\"PSOL 50\" \/>\n<meta property=\"article:publisher\" content=\"https:\/\/www.facebook.com\/psol50\" \/>\n<meta property=\"article:published_time\" content=\"2016-02-17T18:07:48+00:00\" \/>\n<meta property=\"og:image\" content=\"https:\/\/psol50.org.br\/inc\/uploads\/2018\/07\/capa.png\" \/>\n\t<meta property=\"og:image:width\" content=\"1350\" \/>\n\t<meta property=\"og:image:height\" content=\"900\" \/>\n\t<meta property=\"og:image:type\" content=\"image\/png\" \/>\n<meta name=\"author\" content=\"Comunica\u00e7\u00e3o PSOL\" \/>\n<meta name=\"twitter:card\" content=\"summary_large_image\" \/>\n<meta name=\"twitter:creator\" content=\"@psol50\" \/>\n<meta name=\"twitter:site\" content=\"@psol50\" \/>\n<meta name=\"twitter:label1\" content=\"Escrito por\" \/>\n\t<meta name=\"twitter:data1\" content=\"Comunica\u00e7\u00e3o PSOL\" \/>\n\t<meta name=\"twitter:label2\" content=\"Est. tempo de leitura\" \/>\n\t<meta name=\"twitter:data2\" content=\"15 minutos\" \/>\n<script type=\"application\/ld+json\" class=\"yoast-schema-graph\">{\"@context\":\"https:\/\/schema.org\",\"@graph\":[{\"@type\":\"Article\",\"@id\":\"https:\/\/psol50.org.br\/psol-participara-em-madri-da-conferencia-plano-b-para-europa\/#article\",\"isPartOf\":{\"@id\":\"https:\/\/psol50.org.br\/psol-participara-em-madri-da-conferencia-plano-b-para-europa\/\"},\"author\":{\"name\":\"Comunica\u00e7\u00e3o PSOL\",\"@id\":\"https:\/\/psol50.org.br\/#\/schema\/person\/475dfa57d0b815993c714c2e96491fcd\"},\"headline\":\"PSOL participar\u00e1, em Madri, da Confer\u00eancia Plano B para Europa\",\"datePublished\":\"2016-02-17T18:07:48+00:00\",\"mainEntityOfPage\":{\"@id\":\"https:\/\/psol50.org.br\/psol-participara-em-madri-da-conferencia-plano-b-para-europa\/\"},\"wordCount\":2932,\"commentCount\":0,\"publisher\":{\"@id\":\"https:\/\/psol50.org.br\/#organization\"},\"image\":{\"@id\":\"https:\/\/psol50.org.br\/psol-participara-em-madri-da-conferencia-plano-b-para-europa\/#primaryimage\"},\"thumbnailUrl\":\"\",\"keywords\":[\"Banco Central Europeu\",\"Comiss\u00e3o Europeia\",\"confer\u00eancia anti-austeridade\",\"FMI\",\"Francisvaldo Mendes\",\"Gr\u00e9cia\",\"Madri\",\"Pedro Fuentes\",\"Plano B\",\"Troika\",\"Yanis Varoufakis\"],\"articleSection\":[\"Internacional\",\"Partido\"],\"inLanguage\":\"pt-BR\",\"potentialAction\":[{\"@type\":\"CommentAction\",\"name\":\"Comment\",\"target\":[\"https:\/\/psol50.org.br\/psol-participara-em-madri-da-conferencia-plano-b-para-europa\/#respond\"]}]},{\"@type\":\"WebPage\",\"@id\":\"https:\/\/psol50.org.br\/psol-participara-em-madri-da-conferencia-plano-b-para-europa\/\",\"url\":\"https:\/\/psol50.org.br\/psol-participara-em-madri-da-conferencia-plano-b-para-europa\/\",\"name\":\"PSOL participar\u00e1, em Madri, da Confer\u00eancia Plano B para Europa - PSOL 50\",\"isPartOf\":{\"@id\":\"https:\/\/psol50.org.br\/#website\"},\"primaryImageOfPage\":{\"@id\":\"https:\/\/psol50.org.br\/psol-participara-em-madri-da-conferencia-plano-b-para-europa\/#primaryimage\"},\"image\":{\"@id\":\"https:\/\/psol50.org.br\/psol-participara-em-madri-da-conferencia-plano-b-para-europa\/#primaryimage\"},\"thumbnailUrl\":\"\",\"datePublished\":\"2016-02-17T18:07:48+00:00\",\"breadcrumb\":{\"@id\":\"https:\/\/psol50.org.br\/psol-participara-em-madri-da-conferencia-plano-b-para-europa\/#breadcrumb\"},\"inLanguage\":\"pt-BR\",\"potentialAction\":[{\"@type\":\"ReadAction\",\"target\":[\"https:\/\/psol50.org.br\/psol-participara-em-madri-da-conferencia-plano-b-para-europa\/\"]}]},{\"@type\":\"ImageObject\",\"inLanguage\":\"pt-BR\",\"@id\":\"https:\/\/psol50.org.br\/psol-participara-em-madri-da-conferencia-plano-b-para-europa\/#primaryimage\",\"url\":\"\",\"contentUrl\":\"\"},{\"@type\":\"BreadcrumbList\",\"@id\":\"https:\/\/psol50.org.br\/psol-participara-em-madri-da-conferencia-plano-b-para-europa\/#breadcrumb\",\"itemListElement\":[{\"@type\":\"ListItem\",\"position\":1,\"name\":\"In\u00edcio\",\"item\":\"https:\/\/psol50.org.br\/\"},{\"@type\":\"ListItem\",\"position\":2,\"name\":\"PSOL participar\u00e1, em Madri, da Confer\u00eancia Plano B para Europa\"}]},{\"@type\":\"WebSite\",\"@id\":\"https:\/\/psol50.org.br\/#website\",\"url\":\"https:\/\/psol50.org.br\/\",\"name\":\"PSOL 50\",\"description\":\"Site oficial do Partido Socialismo e Liberdade\",\"publisher\":{\"@id\":\"https:\/\/psol50.org.br\/#organization\"},\"alternateName\":\"PSOL50\",\"potentialAction\":[{\"@type\":\"SearchAction\",\"target\":{\"@type\":\"EntryPoint\",\"urlTemplate\":\"https:\/\/psol50.org.br\/?s={search_term_string}\"},\"query-input\":{\"@type\":\"PropertyValueSpecification\",\"valueRequired\":true,\"valueName\":\"search_term_string\"}}],\"inLanguage\":\"pt-BR\"},{\"@type\":\"Organization\",\"@id\":\"https:\/\/psol50.org.br\/#organization\",\"name\":\"PSOL 50\",\"alternateName\":\"PSOL 50\",\"url\":\"https:\/\/psol50.org.br\/\",\"logo\":{\"@type\":\"ImageObject\",\"inLanguage\":\"pt-BR\",\"@id\":\"https:\/\/psol50.org.br\/#\/schema\/logo\/image\/\",\"url\":\"https:\/\/psol50.org.br\/inc\/uploads\/2018\/07\/capa.png\",\"contentUrl\":\"https:\/\/psol50.org.br\/inc\/uploads\/2018\/07\/capa.png\",\"width\":1350,\"height\":900,\"caption\":\"PSOL 50\"},\"image\":{\"@id\":\"https:\/\/psol50.org.br\/#\/schema\/logo\/image\/\"},\"sameAs\":[\"https:\/\/www.facebook.com\/psol50\",\"https:\/\/x.com\/psol50\",\"https:\/\/www.instagram.com\/psol50\/\",\"https:\/\/www.youtube.com\/channel\/UC7SnJS5o1os7a6CaiNabzcg\"]},{\"@type\":\"Person\",\"@id\":\"https:\/\/psol50.org.br\/#\/schema\/person\/475dfa57d0b815993c714c2e96491fcd\",\"name\":\"Comunica\u00e7\u00e3o PSOL\",\"image\":{\"@type\":\"ImageObject\",\"inLanguage\":\"pt-BR\",\"@id\":\"https:\/\/psol50.org.br\/#\/schema\/person\/image\/\",\"url\":\"https:\/\/secure.gravatar.com\/avatar\/b34fc4f4e468a4e51785917065a3db57b841f5c95dba6ad8c73aaf8f66f8f9bf?s=96&d=mm&r=g\",\"contentUrl\":\"https:\/\/secure.gravatar.com\/avatar\/b34fc4f4e468a4e51785917065a3db57b841f5c95dba6ad8c73aaf8f66f8f9bf?s=96&d=mm&r=g\",\"caption\":\"Comunica\u00e7\u00e3o PSOL\"}}]}<\/script>\n<!-- \/ Yoast SEO plugin. -->","yoast_head_json":{"title":"PSOL participar\u00e1, em Madri, da Confer\u00eancia Plano B para Europa - PSOL 50","robots":{"index":"index","follow":"follow","max-snippet":"max-snippet:-1","max-image-preview":"max-image-preview:large","max-video-preview":"max-video-preview:-1"},"canonical":"https:\/\/psol50.org.br\/psol-participara-em-madri-da-conferencia-plano-b-para-europa\/","og_locale":"pt_BR","og_type":"article","og_title":"PSOL participar\u00e1, em Madri, da Confer\u00eancia Plano B para Europa - PSOL 50","og_description":"Na foto acima,\u00a0manifesta\u00e7\u00e3o do movimento dos indignados 15-M na pra\u00e7a Puerta del Sol, em Madri &nbsp; Nos pr\u00f3ximos dias 19, 20 e 21 de fevereiro, ser\u00e1 realizada em Madri, na Espanha, a Confer\u00eancia Europeia Anti-austeridade e por um Plano B para Europa. \u00a0Encabe\u00e7ado pelo ex-ministro das finan\u00e7as grego, Yanis Varoufakis, o evento reunir\u00e1 in\u00fameros pol\u00edticos, [&hellip;]","og_url":"https:\/\/psol50.org.br\/psol-participara-em-madri-da-conferencia-plano-b-para-europa\/","og_site_name":"PSOL 50","article_publisher":"https:\/\/www.facebook.com\/psol50","article_published_time":"2016-02-17T18:07:48+00:00","og_image":[{"width":1350,"height":900,"url":"https:\/\/psol50.org.br\/inc\/uploads\/2018\/07\/capa.png","type":"image\/png"}],"author":"Comunica\u00e7\u00e3o PSOL","twitter_card":"summary_large_image","twitter_creator":"@psol50","twitter_site":"@psol50","twitter_misc":{"Escrito por":"Comunica\u00e7\u00e3o PSOL","Est. tempo de leitura":"15 minutos"},"schema":{"@context":"https:\/\/schema.org","@graph":[{"@type":"Article","@id":"https:\/\/psol50.org.br\/psol-participara-em-madri-da-conferencia-plano-b-para-europa\/#article","isPartOf":{"@id":"https:\/\/psol50.org.br\/psol-participara-em-madri-da-conferencia-plano-b-para-europa\/"},"author":{"name":"Comunica\u00e7\u00e3o PSOL","@id":"https:\/\/psol50.org.br\/#\/schema\/person\/475dfa57d0b815993c714c2e96491fcd"},"headline":"PSOL participar\u00e1, em Madri, da Confer\u00eancia Plano B para Europa","datePublished":"2016-02-17T18:07:48+00:00","mainEntityOfPage":{"@id":"https:\/\/psol50.org.br\/psol-participara-em-madri-da-conferencia-plano-b-para-europa\/"},"wordCount":2932,"commentCount":0,"publisher":{"@id":"https:\/\/psol50.org.br\/#organization"},"image":{"@id":"https:\/\/psol50.org.br\/psol-participara-em-madri-da-conferencia-plano-b-para-europa\/#primaryimage"},"thumbnailUrl":"","keywords":["Banco Central Europeu","Comiss\u00e3o Europeia","confer\u00eancia anti-austeridade","FMI","Francisvaldo Mendes","Gr\u00e9cia","Madri","Pedro Fuentes","Plano B","Troika","Yanis Varoufakis"],"articleSection":["Internacional","Partido"],"inLanguage":"pt-BR","potentialAction":[{"@type":"CommentAction","name":"Comment","target":["https:\/\/psol50.org.br\/psol-participara-em-madri-da-conferencia-plano-b-para-europa\/#respond"]}]},{"@type":"WebPage","@id":"https:\/\/psol50.org.br\/psol-participara-em-madri-da-conferencia-plano-b-para-europa\/","url":"https:\/\/psol50.org.br\/psol-participara-em-madri-da-conferencia-plano-b-para-europa\/","name":"PSOL participar\u00e1, em Madri, da Confer\u00eancia Plano B para Europa - PSOL 50","isPartOf":{"@id":"https:\/\/psol50.org.br\/#website"},"primaryImageOfPage":{"@id":"https:\/\/psol50.org.br\/psol-participara-em-madri-da-conferencia-plano-b-para-europa\/#primaryimage"},"image":{"@id":"https:\/\/psol50.org.br\/psol-participara-em-madri-da-conferencia-plano-b-para-europa\/#primaryimage"},"thumbnailUrl":"","datePublished":"2016-02-17T18:07:48+00:00","breadcrumb":{"@id":"https:\/\/psol50.org.br\/psol-participara-em-madri-da-conferencia-plano-b-para-europa\/#breadcrumb"},"inLanguage":"pt-BR","potentialAction":[{"@type":"ReadAction","target":["https:\/\/psol50.org.br\/psol-participara-em-madri-da-conferencia-plano-b-para-europa\/"]}]},{"@type":"ImageObject","inLanguage":"pt-BR","@id":"https:\/\/psol50.org.br\/psol-participara-em-madri-da-conferencia-plano-b-para-europa\/#primaryimage","url":"","contentUrl":""},{"@type":"BreadcrumbList","@id":"https:\/\/psol50.org.br\/psol-participara-em-madri-da-conferencia-plano-b-para-europa\/#breadcrumb","itemListElement":[{"@type":"ListItem","position":1,"name":"In\u00edcio","item":"https:\/\/psol50.org.br\/"},{"@type":"ListItem","position":2,"name":"PSOL participar\u00e1, em Madri, da Confer\u00eancia Plano B para Europa"}]},{"@type":"WebSite","@id":"https:\/\/psol50.org.br\/#website","url":"https:\/\/psol50.org.br\/","name":"PSOL 50","description":"Site oficial do Partido Socialismo e Liberdade","publisher":{"@id":"https:\/\/psol50.org.br\/#organization"},"alternateName":"PSOL50","potentialAction":[{"@type":"SearchAction","target":{"@type":"EntryPoint","urlTemplate":"https:\/\/psol50.org.br\/?s={search_term_string}"},"query-input":{"@type":"PropertyValueSpecification","valueRequired":true,"valueName":"search_term_string"}}],"inLanguage":"pt-BR"},{"@type":"Organization","@id":"https:\/\/psol50.org.br\/#organization","name":"PSOL 50","alternateName":"PSOL 50","url":"https:\/\/psol50.org.br\/","logo":{"@type":"ImageObject","inLanguage":"pt-BR","@id":"https:\/\/psol50.org.br\/#\/schema\/logo\/image\/","url":"https:\/\/psol50.org.br\/inc\/uploads\/2018\/07\/capa.png","contentUrl":"https:\/\/psol50.org.br\/inc\/uploads\/2018\/07\/capa.png","width":1350,"height":900,"caption":"PSOL 50"},"image":{"@id":"https:\/\/psol50.org.br\/#\/schema\/logo\/image\/"},"sameAs":["https:\/\/www.facebook.com\/psol50","https:\/\/x.com\/psol50","https:\/\/www.instagram.com\/psol50\/","https:\/\/www.youtube.com\/channel\/UC7SnJS5o1os7a6CaiNabzcg"]},{"@type":"Person","@id":"https:\/\/psol50.org.br\/#\/schema\/person\/475dfa57d0b815993c714c2e96491fcd","name":"Comunica\u00e7\u00e3o PSOL","image":{"@type":"ImageObject","inLanguage":"pt-BR","@id":"https:\/\/psol50.org.br\/#\/schema\/person\/image\/","url":"https:\/\/secure.gravatar.com\/avatar\/b34fc4f4e468a4e51785917065a3db57b841f5c95dba6ad8c73aaf8f66f8f9bf?s=96&d=mm&r=g","contentUrl":"https:\/\/secure.gravatar.com\/avatar\/b34fc4f4e468a4e51785917065a3db57b841f5c95dba6ad8c73aaf8f66f8f9bf?s=96&d=mm&r=g","caption":"Comunica\u00e7\u00e3o PSOL"}}]}},"_links":{"self":[{"href":"https:\/\/psol50.org.br\/rest\/wp\/v2\/posts\/11278","targetHints":{"allow":["GET"]}}],"collection":[{"href":"https:\/\/psol50.org.br\/rest\/wp\/v2\/posts"}],"about":[{"href":"https:\/\/psol50.org.br\/rest\/wp\/v2\/types\/post"}],"author":[{"embeddable":true,"href":"https:\/\/psol50.org.br\/rest\/wp\/v2\/users\/2"}],"replies":[{"embeddable":true,"href":"https:\/\/psol50.org.br\/rest\/wp\/v2\/comments?post=11278"}],"version-history":[{"count":0,"href":"https:\/\/psol50.org.br\/rest\/wp\/v2\/posts\/11278\/revisions"}],"wp:featuredmedia":[{"embeddable":true,"href":"https:\/\/psol50.org.br\/rest\/"}],"wp:attachment":[{"href":"https:\/\/psol50.org.br\/rest\/wp\/v2\/media?parent=11278"}],"wp:term":[{"taxonomy":"category","embeddable":true,"href":"https:\/\/psol50.org.br\/rest\/wp\/v2\/categories?post=11278"},{"taxonomy":"post_tag","embeddable":true,"href":"https:\/\/psol50.org.br\/rest\/wp\/v2\/tags?post=11278"}],"curies":[{"name":"wp","href":"https:\/\/api.w.org\/{rel}","templated":true}]}}